{"id":37944,"date":"2025-04-24T16:31:49","date_gmt":"2025-04-24T14:31:49","guid":{"rendered":"https:\/\/www.organisator.ch\/?p=37944"},"modified":"2025-04-24T16:31:49","modified_gmt":"2025-04-24T14:31:49","slug":"rueckblick-swiss-coaching-day-coaching-gestaltet-transformation-erfolgreich","status":"publish","type":"post","link":"https:\/\/www.organisator.ch\/en\/management\/2025-04-24\/rueckblick-swiss-coaching-day-coaching-gestaltet-transformation-erfolgreich\/","title":{"rendered":"Review Swiss Coaching Day: Coaching successfully shapes transformation"},"content":{"rendered":"<figure id=\"attachment_37946\" aria-describedby=\"caption-attachment-37946\" style=\"width: 680px\" class=\"wp-caption alignnone\"><img loading=\"lazy\" decoding=\"async\" class=\"size-full wp-image-37946\" src=\"https:\/\/www.organisator.ch\/wp-content\/uploads\/2025\/04\/Rueckblick-Swiss-Coaching-Day-Coaching-gestaltet-Transformation-erfolgreich-1_Organisator.jpg\" alt=\"\" width=\"680\" height=\"453\" srcset=\"https:\/\/www.organisator.ch\/wp-content\/uploads\/2025\/04\/Rueckblick-Swiss-Coaching-Day-Coaching-gestaltet-Transformation-erfolgreich-1_Organisator.jpg 680w, https:\/\/www.organisator.ch\/wp-content\/uploads\/2025\/04\/Rueckblick-Swiss-Coaching-Day-Coaching-gestaltet-Transformation-erfolgreich-1_Organisator-18x12.jpg 18w, https:\/\/www.organisator.ch\/wp-content\/uploads\/2025\/04\/Rueckblick-Swiss-Coaching-Day-Coaching-gestaltet-Transformation-erfolgreich-1_Organisator-375x250.jpg 375w, https:\/\/www.organisator.ch\/wp-content\/uploads\/2025\/04\/Rueckblick-Swiss-Coaching-Day-Coaching-gestaltet-Transformation-erfolgreich-1_Organisator-525x350.jpg 525w\" sizes=\"auto, (max-width: 680px) 100vw, 680px\" \/><figcaption id=\"caption-attachment-37946\" class=\"wp-caption-text\">The second Swiss Coaching Day took place with around 200 participants. (Image: Swiss Coaching Association)<\/figcaption><\/figure>\n<p>Coaching is not a luxury, but a crucial skill for the future: the importance of professional support and advice was the focus of the second edition of the Swiss Coaching Day. More than 200 experts from the fields of coaching, mentoring, HR and leadership met at this event in the Champions Lounge of the Wankdorf Stadium in Bern to discuss change processes, new working environments and key skills for transformation.<\/p>\n<h3>Promoting leadership based on empowerment<\/h3>\n<p>The role of coaches and the future of work was highlighted by keynote speaker Prof. Dr. Carsten C. Schermuly, who emphasized the importance of psychological empowerment. It is based on three dimensions: Self-determination, meaning, competence and influence. This<br \/>\nAccording to the renowned German business psychologist and author, the goal of New Work must be to promote empowerment. He recommends that coaches promote and measure the experience of empowerment in themselves, in consulting and in entire teams. And the leadership that<br \/>\nbased on empowerment.<\/p>\n<h3>Accompanying change processes<\/h3>\n<p>Nathalie Hauenstein, who addressed the generational change in the family business, also spoke in favor of coaching-oriented management. \"The future needs origin,\" explained the Managing Director of the hotel division of the family group of the same name from the Bernese Oberland. It is not necessary to change everything because you have a different opinion. One in three SMEs cannot find a suitable successor, according to Hauenstein, who supports change processes both within the group and externally as a company mentor. She explicitly advises bringing in external advice. \"We need advisors and coaches here.\"<\/p>\n<h3>Specialization necessary<\/h3>\n<p>Zehra Sirin, who works as a board member and agile coach at various levels, shared her experience of coaching as a management tool in mergers. \"Coaching must not be an exception because it is a trend,\" she appealed. \"It must be an integral part of every company today.\" Nonetheless, coaching is not an end in itself; it is help for self-help for successful leadership, transformation and corporate management. At the same time, she also clearly advocated specialization. Professionals in conflict management and culture are in demand.<\/p>\n<figure id=\"attachment_37947\" aria-describedby=\"caption-attachment-37947\" style=\"width: 680px\" class=\"wp-caption alignnone\"><img loading=\"lazy\" decoding=\"async\" class=\"wp-image-37947 size-full\" src=\"https:\/\/www.organisator.ch\/wp-content\/uploads\/2025\/04\/Rueckblick-Swiss-Coaching-Day-Coaching-gestaltet-Transformation-erfolgreich-2_Organisator.jpg\" alt=\"\" width=\"680\" height=\"504\" srcset=\"https:\/\/www.organisator.ch\/wp-content\/uploads\/2025\/04\/Rueckblick-Swiss-Coaching-Day-Coaching-gestaltet-Transformation-erfolgreich-2_Organisator.jpg 680w, https:\/\/www.organisator.ch\/wp-content\/uploads\/2025\/04\/Rueckblick-Swiss-Coaching-Day-Coaching-gestaltet-Transformation-erfolgreich-2_Organisator-16x12.jpg 16w, https:\/\/www.organisator.ch\/wp-content\/uploads\/2025\/04\/Rueckblick-Swiss-Coaching-Day-Coaching-gestaltet-Transformation-erfolgreich-2_Organisator-375x278.jpg 375w, https:\/\/www.organisator.ch\/wp-content\/uploads\/2025\/04\/Rueckblick-Swiss-Coaching-Day-Coaching-gestaltet-Transformation-erfolgreich-2_Organisator-472x350.jpg 472w\" sizes=\"auto, (max-width: 680px) 100vw, 680px\" \/><figcaption id=\"caption-attachment-37947\" class=\"wp-caption-text\">Change in the presidency of the Swiss Coaching Association: Nadia Abdelli succeeds Adrian H\u00e4ssig. (Image: Swiss Coaching Association)<\/figcaption><\/figure>\n<h3>Popular congress for the coaching industry and partners<\/h3>\n<p>The Swiss Coaching Day was once again organized by the Swiss Coaching Association (SCA) and, in addition to in-depth knowledge, also offered space for encounters - for example on the marketplace or during the concluding discussion over drinks. Workshops on resilience, intervision<br \/>\nand personal development rounded off the day.<\/p>\n<p>\"With the Swiss Coaching Day, we have established a format that radiates beyond our association. The openness, curiosity and sense of belonging that can be felt here show that coaching has arrived at the heart of society,\" said outgoing President Adrian H\u00e4ssig in his farewell speech. In his place, Nadia Abdelli will lead the association with its 500 members into the future. Adrian H\u00e4ssig's commitment has sharpened the SCA's profile and strengthened partnerships with educational institutions and companies. His vision of a multi-day event lives on - under new leadership.<\/p>\n<p><a href=\"http:\/\/www.swisscoachingday.ch\"><em>www.swisscoachingday.ch<\/em><\/a><\/p>","protected":false},"excerpt":{"rendered":"<p>The second Swiss Coaching Day was able to show how professional coaching accompanies people and organizations through change. With informative keynotes, practical workshops and a high-caliber panel, the event became an industry gathering for all those who accompany change.<\/p>","protected":false},"author":4,"featured_media":37946,"comment_status":"closed","ping_status":"closed","sticky":false,"template":"","format":"standard","meta":{"_acf_changed":false,"_yoast_wpseo_focuskw":"Swiss Coaching Day","_yoast_wpseo_metadesc":"Der zweite Swiss Coaching Day vermochte zu zeigen, wie professionelles Coaching Menschen und Organisationen durch Wandel begleitet.","articlekey":"","footnotes":""},"categories":[28],"tags":[112,126,193,335],"class_list":["post-37944","post","type-post","status-publish","format-standard","has-post-thumbnail","hentry","category-management","tag-change-management","tag-coaching","tag-fachkongressfachmesse","tag-management-und-unternehmensfuehrung"],"acf":[],"yoast_head":"<!-- This site is optimized with the Yoast SEO plugin v27.5 - https:\/\/yoast.com\/product\/yoast-seo-wordpress\/ -->\n<title>R\u00fcckblick Swiss Coaching Day: Coaching gestaltet Transformation erfolgreich - Organisator<\/title>\n<meta name=\"description\" content=\"Der zweite Swiss Coaching Day vermochte zu zeigen, wie professionelles Coaching Menschen und Organisationen durch Wandel begleitet.\" \/>\n<meta name=\"robots\" content=\"index, follow, max-snippet:-1, max-image-preview:large, max-video-preview:-1\" \/>\n<link rel=\"canonical\" href=\"https:\/\/www.organisator.ch\/en\/management\/2025-04-24\/rueckblick-swiss-coaching-day-coaching-gestaltet-transformation-erfolgreich\/\" \/>\n<meta property=\"og:locale\" content=\"en_US\" \/>\n<meta property=\"og:type\" content=\"article\" \/>\n<meta property=\"og:title\" content=\"R\u00fcckblick Swiss Coaching Day: Coaching gestaltet Transformation erfolgreich - Organisator\" \/>\n<meta property=\"og:description\" content=\"Der zweite Swiss Coaching Day vermochte zu zeigen, wie professionelles Coaching Menschen und Organisationen durch Wandel begleitet.\" \/>\n<meta property=\"og:url\" content=\"https:\/\/www.organisator.ch\/en\/management\/2025-04-24\/rueckblick-swiss-coaching-day-coaching-gestaltet-transformation-erfolgreich\/\" \/>\n<meta property=\"og:site_name\" content=\"Organisator\" \/>\n<meta property=\"article:publisher\" content=\"https:\/\/www.facebook.com\/OrganisatorFachmagazin\" \/>\n<meta property=\"article:published_time\" content=\"2025-04-24T14:31:49+00:00\" \/>\n<meta property=\"og:image\" content=\"https:\/\/www.organisator.ch\/wp-content\/uploads\/2025\/04\/Rueckblick-Swiss-Coaching-Day-Coaching-gestaltet-Transformation-erfolgreich-1_Organisator.jpg\" \/>\n\t<meta property=\"og:image:width\" content=\"680\" \/>\n\t<meta property=\"og:image:height\" content=\"453\" \/>\n\t<meta property=\"og:image:type\" content=\"image\/jpeg\" \/>\n<meta name=\"author\" content=\"thomas.berner\" \/>\n<meta name=\"twitter:card\" content=\"summary_large_image\" \/>\n<script type=\"application\/ld+json\" class=\"yoast-schema-graph\">{\"@context\":\"https:\\\/\\\/schema.org\",\"@graph\":[{\"@type\":\"Article\",\"@id\":\"https:\\\/\\\/www.organisator.ch\\\/management\\\/2025-04-24\\\/rueckblick-swiss-coaching-day-coaching-gestaltet-transformation-erfolgreich\\\/#article\",\"isPartOf\":{\"@id\":\"https:\\\/\\\/www.organisator.ch\\\/management\\\/2025-04-24\\\/rueckblick-swiss-coaching-day-coaching-gestaltet-transformation-erfolgreich\\\/\"},\"author\":{\"name\":\"thomas.berner\",\"@id\":\"https:\\\/\\\/www.organisator.ch\\\/#\\\/schema\\\/person\\\/6f650f90b2842cd4c0cc334b4e36f67e\"},\"headline\":\"R\u00fcckblick Swiss Coaching Day: Coaching gestaltet Transformation erfolgreich\",\"datePublished\":\"2025-04-24T14:31:49+00:00\",\"mainEntityOfPage\":{\"@id\":\"https:\\\/\\\/www.organisator.ch\\\/management\\\/2025-04-24\\\/rueckblick-swiss-coaching-day-coaching-gestaltet-transformation-erfolgreich\\\/\"},\"wordCount\":536,\"publisher\":{\"@id\":\"https:\\\/\\\/www.organisator.ch\\\/#organization\"},\"image\":{\"@id\":\"https:\\\/\\\/www.organisator.ch\\\/management\\\/2025-04-24\\\/rueckblick-swiss-coaching-day-coaching-gestaltet-transformation-erfolgreich\\\/#primaryimage\"},\"thumbnailUrl\":\"https:\\\/\\\/www.organisator.ch\\\/wp-content\\\/uploads\\\/2025\\\/04\\\/Rueckblick-Swiss-Coaching-Day-Coaching-gestaltet-Transformation-erfolgreich-1_Organisator.jpg\",\"keywords\":[\"Change Management\",\"Coaching\",\"Fachkongress\\\/Fachmesse\",\"Management und Unternehmensf\u00fchrung\"],\"articleSection\":[\"MANAGEMENT\"],\"inLanguage\":\"en-US\"},{\"@type\":\"WebPage\",\"@id\":\"https:\\\/\\\/www.organisator.ch\\\/management\\\/2025-04-24\\\/rueckblick-swiss-coaching-day-coaching-gestaltet-transformation-erfolgreich\\\/\",\"url\":\"https:\\\/\\\/www.organisator.ch\\\/management\\\/2025-04-24\\\/rueckblick-swiss-coaching-day-coaching-gestaltet-transformation-erfolgreich\\\/\",\"name\":\"R\u00fcckblick Swiss Coaching Day: Coaching gestaltet Transformation erfolgreich - Organisator\",\"isPartOf\":{\"@id\":\"https:\\\/\\\/www.organisator.ch\\\/#website\"},\"primaryImageOfPage\":{\"@id\":\"https:\\\/\\\/www.organisator.ch\\\/management\\\/2025-04-24\\\/rueckblick-swiss-coaching-day-coaching-gestaltet-transformation-erfolgreich\\\/#primaryimage\"},\"image\":{\"@id\":\"https:\\\/\\\/www.organisator.ch\\\/management\\\/2025-04-24\\\/rueckblick-swiss-coaching-day-coaching-gestaltet-transformation-erfolgreich\\\/#primaryimage\"},\"thumbnailUrl\":\"https:\\\/\\\/www.organisator.ch\\\/wp-content\\\/uploads\\\/2025\\\/04\\\/Rueckblick-Swiss-Coaching-Day-Coaching-gestaltet-Transformation-erfolgreich-1_Organisator.jpg\",\"datePublished\":\"2025-04-24T14:31:49+00:00\",\"description\":\"Der zweite Swiss Coaching Day vermochte zu zeigen, wie professionelles Coaching Menschen und Organisationen durch Wandel begleitet.\",\"breadcrumb\":{\"@id\":\"https:\\\/\\\/www.organisator.ch\\\/management\\\/2025-04-24\\\/rueckblick-swiss-coaching-day-coaching-gestaltet-transformation-erfolgreich\\\/#breadcrumb\"},\"inLanguage\":\"en-US\",\"potentialAction\":[{\"@type\":\"ReadAction\",\"target\":[\"https:\\\/\\\/www.organisator.ch\\\/management\\\/2025-04-24\\\/rueckblick-swiss-coaching-day-coaching-gestaltet-transformation-erfolgreich\\\/\"]}]},{\"@type\":\"ImageObject\",\"inLanguage\":\"en-US\",\"@id\":\"https:\\\/\\\/www.organisator.ch\\\/management\\\/2025-04-24\\\/rueckblick-swiss-coaching-day-coaching-gestaltet-transformation-erfolgreich\\\/#primaryimage\",\"url\":\"https:\\\/\\\/www.organisator.ch\\\/wp-content\\\/uploads\\\/2025\\\/04\\\/Rueckblick-Swiss-Coaching-Day-Coaching-gestaltet-Transformation-erfolgreich-1_Organisator.jpg\",\"contentUrl\":\"https:\\\/\\\/www.organisator.ch\\\/wp-content\\\/uploads\\\/2025\\\/04\\\/Rueckblick-Swiss-Coaching-Day-Coaching-gestaltet-Transformation-erfolgreich-1_Organisator.jpg\",\"width\":680,\"height\":453,\"caption\":\"Der zweite Swiss Coaching Day fand mit rund 200 Teilnehmenden statt. (Bild: Swiss Coaching Association)\"},{\"@type\":\"BreadcrumbList\",\"@id\":\"https:\\\/\\\/www.organisator.ch\\\/management\\\/2025-04-24\\\/rueckblick-swiss-coaching-day-coaching-gestaltet-transformation-erfolgreich\\\/#breadcrumb\",\"itemListElement\":[{\"@type\":\"ListItem\",\"position\":1,\"name\":\"Home\",\"item\":\"https:\\\/\\\/www.organisator.ch\\\/\"},{\"@type\":\"ListItem\",\"position\":2,\"name\":\"R\u00fcckblick Swiss Coaching Day: Coaching gestaltet Transformation erfolgreich\"}]},{\"@type\":\"WebSite\",\"@id\":\"https:\\\/\\\/www.organisator.ch\\\/#website\",\"url\":\"https:\\\/\\\/www.organisator.ch\\\/\",\"name\":\"Organisator\",\"description\":\"Kompetent. Praxisnah. Der ORGANISATOR bereitet in 10 Ausgaben pro Jahr die wesentlichen Themen f\u00fcr F\u00fchrungskr\u00e4fte von KMU auf.\",\"publisher\":{\"@id\":\"https:\\\/\\\/www.organisator.ch\\\/#organization\"},\"potentialAction\":[{\"@type\":\"SearchAction\",\"target\":{\"@type\":\"EntryPoint\",\"urlTemplate\":\"https:\\\/\\\/www.organisator.ch\\\/?s={search_term_string}\"},\"query-input\":{\"@type\":\"PropertyValueSpecification\",\"valueRequired\":true,\"valueName\":\"search_term_string\"}}],\"inLanguage\":\"en-US\"},{\"@type\":\"Organization\",\"@id\":\"https:\\\/\\\/www.organisator.ch\\\/#organization\",\"name\":\"Organisator\",\"url\":\"https:\\\/\\\/www.organisator.ch\\\/\",\"logo\":{\"@type\":\"ImageObject\",\"inLanguage\":\"en-US\",\"@id\":\"https:\\\/\\\/www.organisator.ch\\\/#\\\/schema\\\/logo\\\/image\\\/\",\"url\":\"https:\\\/\\\/www.organisator.ch\\\/wp-content\\\/uploads\\\/2022\\\/01\\\/Logo_Organisator_Website.png\",\"contentUrl\":\"https:\\\/\\\/www.organisator.ch\\\/wp-content\\\/uploads\\\/2022\\\/01\\\/Logo_Organisator_Website.png\",\"width\":800,\"height\":77,\"caption\":\"Organisator\"},\"image\":{\"@id\":\"https:\\\/\\\/www.organisator.ch\\\/#\\\/schema\\\/logo\\\/image\\\/\"},\"sameAs\":[\"https:\\\/\\\/www.facebook.com\\\/OrganisatorFachmagazin\",\"https:\\\/\\\/www.linkedin.com\\\/showcase\\\/organisator-das-magazin-fr-kmu\",\"https:\\\/\\\/www.xing.com\\\/news\\\/pages\\\/organisator-ch-695\",\"https:\\\/\\\/www.youtube.com\\\/channel\\\/UCGP2Sq0iWaZwT3BdIAQFYpw\"]},{\"@type\":\"Person\",\"@id\":\"https:\\\/\\\/www.organisator.ch\\\/#\\\/schema\\\/person\\\/6f650f90b2842cd4c0cc334b4e36f67e\",\"name\":\"thomas.berner\",\"image\":{\"@type\":\"ImageObject\",\"inLanguage\":\"en-US\",\"@id\":\"https:\\\/\\\/secure.gravatar.com\\\/avatar\\\/ac5001d2a36cb6c6cd3e50789007ffca834b477b74a2144564522e944eabff61?s=96&d=mm&r=g\",\"url\":\"https:\\\/\\\/secure.gravatar.com\\\/avatar\\\/ac5001d2a36cb6c6cd3e50789007ffca834b477b74a2144564522e944eabff61?s=96&d=mm&r=g\",\"contentUrl\":\"https:\\\/\\\/secure.gravatar.com\\\/avatar\\\/ac5001d2a36cb6c6cd3e50789007ffca834b477b74a2144564522e944eabff61?s=96&d=mm&r=g\",\"caption\":\"thomas.berner\"},\"url\":\"https:\\\/\\\/www.organisator.ch\\\/en\\\/author\\\/thomas-berner\\\/\"}]}<\/script>\n<!-- \/ Yoast SEO plugin. -->","yoast_head_json":{"title":"Review Swiss Coaching Day: Coaching shapes transformation successfully - Organizer","description":"The second Swiss Coaching Day was able to show how professional coaching accompanies people and organizations through change.","robots":{"index":"index","follow":"follow","max-snippet":"max-snippet:-1","max-image-preview":"max-image-preview:large","max-video-preview":"max-video-preview:-1"},"canonical":"https:\/\/www.organisator.ch\/en\/management\/2025-04-24\/rueckblick-swiss-coaching-day-coaching-gestaltet-transformation-erfolgreich\/","og_locale":"en_US","og_type":"article","og_title":"R\u00fcckblick Swiss Coaching Day: Coaching gestaltet Transformation erfolgreich - Organisator","og_description":"Der zweite Swiss Coaching Day vermochte zu zeigen, wie professionelles Coaching Menschen und Organisationen durch Wandel begleitet.","og_url":"https:\/\/www.organisator.ch\/en\/management\/2025-04-24\/rueckblick-swiss-coaching-day-coaching-gestaltet-transformation-erfolgreich\/","og_site_name":"Organisator","article_publisher":"https:\/\/www.facebook.com\/OrganisatorFachmagazin","article_published_time":"2025-04-24T14:31:49+00:00","og_image":[{"width":680,"height":453,"url":"https:\/\/www.organisator.ch\/wp-content\/uploads\/2025\/04\/Rueckblick-Swiss-Coaching-Day-Coaching-gestaltet-Transformation-erfolgreich-1_Organisator.jpg","type":"image\/jpeg"}],"author":"thomas.berner","twitter_card":"summary_large_image","schema":{"@context":"https:\/\/schema.org","@graph":[{"@type":"Article","@id":"https:\/\/www.organisator.ch\/management\/2025-04-24\/rueckblick-swiss-coaching-day-coaching-gestaltet-transformation-erfolgreich\/#article","isPartOf":{"@id":"https:\/\/www.organisator.ch\/management\/2025-04-24\/rueckblick-swiss-coaching-day-coaching-gestaltet-transformation-erfolgreich\/"},"author":{"name":"thomas.berner","@id":"https:\/\/www.organisator.ch\/#\/schema\/person\/6f650f90b2842cd4c0cc334b4e36f67e"},"headline":"R\u00fcckblick Swiss Coaching Day: Coaching gestaltet Transformation erfolgreich","datePublished":"2025-04-24T14:31:49+00:00","mainEntityOfPage":{"@id":"https:\/\/www.organisator.ch\/management\/2025-04-24\/rueckblick-swiss-coaching-day-coaching-gestaltet-transformation-erfolgreich\/"},"wordCount":536,"publisher":{"@id":"https:\/\/www.organisator.ch\/#organization"},"image":{"@id":"https:\/\/www.organisator.ch\/management\/2025-04-24\/rueckblick-swiss-coaching-day-coaching-gestaltet-transformation-erfolgreich\/#primaryimage"},"thumbnailUrl":"https:\/\/www.organisator.ch\/wp-content\/uploads\/2025\/04\/Rueckblick-Swiss-Coaching-Day-Coaching-gestaltet-Transformation-erfolgreich-1_Organisator.jpg","keywords":["Change Management","Coaching","Fachkongress\/Fachmesse","Management und Unternehmensf\u00fchrung"],"articleSection":["MANAGEMENT"],"inLanguage":"en-US"},{"@type":"WebPage","@id":"https:\/\/www.organisator.ch\/management\/2025-04-24\/rueckblick-swiss-coaching-day-coaching-gestaltet-transformation-erfolgreich\/","url":"https:\/\/www.organisator.ch\/management\/2025-04-24\/rueckblick-swiss-coaching-day-coaching-gestaltet-transformation-erfolgreich\/","name":"Review Swiss Coaching Day: Coaching shapes transformation successfully - Organizer","isPartOf":{"@id":"https:\/\/www.organisator.ch\/#website"},"primaryImageOfPage":{"@id":"https:\/\/www.organisator.ch\/management\/2025-04-24\/rueckblick-swiss-coaching-day-coaching-gestaltet-transformation-erfolgreich\/#primaryimage"},"image":{"@id":"https:\/\/www.organisator.ch\/management\/2025-04-24\/rueckblick-swiss-coaching-day-coaching-gestaltet-transformation-erfolgreich\/#primaryimage"},"thumbnailUrl":"https:\/\/www.organisator.ch\/wp-content\/uploads\/2025\/04\/Rueckblick-Swiss-Coaching-Day-Coaching-gestaltet-Transformation-erfolgreich-1_Organisator.jpg","datePublished":"2025-04-24T14:31:49+00:00","description":"The second Swiss Coaching Day was able to show how professional coaching accompanies people and organizations through change.","breadcrumb":{"@id":"https:\/\/www.organisator.ch\/management\/2025-04-24\/rueckblick-swiss-coaching-day-coaching-gestaltet-transformation-erfolgreich\/#breadcrumb"},"inLanguage":"en-US","potentialAction":[{"@type":"ReadAction","target":["https:\/\/www.organisator.ch\/management\/2025-04-24\/rueckblick-swiss-coaching-day-coaching-gestaltet-transformation-erfolgreich\/"]}]},{"@type":"ImageObject","inLanguage":"en-US","@id":"https:\/\/www.organisator.ch\/management\/2025-04-24\/rueckblick-swiss-coaching-day-coaching-gestaltet-transformation-erfolgreich\/#primaryimage","url":"https:\/\/www.organisator.ch\/wp-content\/uploads\/2025\/04\/Rueckblick-Swiss-Coaching-Day-Coaching-gestaltet-Transformation-erfolgreich-1_Organisator.jpg","contentUrl":"https:\/\/www.organisator.ch\/wp-content\/uploads\/2025\/04\/Rueckblick-Swiss-Coaching-Day-Coaching-gestaltet-Transformation-erfolgreich-1_Organisator.jpg","width":680,"height":453,"caption":"Der zweite Swiss Coaching Day fand mit rund 200 Teilnehmenden statt. (Bild: Swiss Coaching Association)"},{"@type":"BreadcrumbList","@id":"https:\/\/www.organisator.ch\/management\/2025-04-24\/rueckblick-swiss-coaching-day-coaching-gestaltet-transformation-erfolgreich\/#breadcrumb","itemListElement":[{"@type":"ListItem","position":1,"name":"Home","item":"https:\/\/www.organisator.ch\/"},{"@type":"ListItem","position":2,"name":"R\u00fcckblick Swiss Coaching Day: Coaching gestaltet Transformation erfolgreich"}]},{"@type":"WebSite","@id":"https:\/\/www.organisator.ch\/#website","url":"https:\/\/www.organisator.ch\/","name":"Organizer","description":"Competent. Practical. In 10 issues per year, ORGANISATOR presents the essential topics for managers of SMEs.","publisher":{"@id":"https:\/\/www.organisator.ch\/#organization"},"potentialAction":[{"@type":"SearchAction","target":{"@type":"EntryPoint","urlTemplate":"https:\/\/www.organisator.ch\/?s={search_term_string}"},"query-input":{"@type":"PropertyValueSpecification","valueRequired":true,"valueName":"search_term_string"}}],"inLanguage":"en-US"},{"@type":"Organization","@id":"https:\/\/www.organisator.ch\/#organization","name":"Organizer","url":"https:\/\/www.organisator.ch\/","logo":{"@type":"ImageObject","inLanguage":"en-US","@id":"https:\/\/www.organisator.ch\/#\/schema\/logo\/image\/","url":"https:\/\/www.organisator.ch\/wp-content\/uploads\/2022\/01\/Logo_Organisator_Website.png","contentUrl":"https:\/\/www.organisator.ch\/wp-content\/uploads\/2022\/01\/Logo_Organisator_Website.png","width":800,"height":77,"caption":"Organisator"},"image":{"@id":"https:\/\/www.organisator.ch\/#\/schema\/logo\/image\/"},"sameAs":["https:\/\/www.facebook.com\/OrganisatorFachmagazin","https:\/\/www.linkedin.com\/showcase\/organisator-das-magazin-fr-kmu","https:\/\/www.xing.com\/news\/pages\/organisator-ch-695","https:\/\/www.youtube.com\/channel\/UCGP2Sq0iWaZwT3BdIAQFYpw"]},{"@type":"Person","@id":"https:\/\/www.organisator.ch\/#\/schema\/person\/6f650f90b2842cd4c0cc334b4e36f67e","name":"thomas.berner","image":{"@type":"ImageObject","inLanguage":"en-US","@id":"https:\/\/secure.gravatar.com\/avatar\/ac5001d2a36cb6c6cd3e50789007ffca834b477b74a2144564522e944eabff61?s=96&d=mm&r=g","url":"https:\/\/secure.gravatar.com\/avatar\/ac5001d2a36cb6c6cd3e50789007ffca834b477b74a2144564522e944eabff61?s=96&d=mm&r=g","contentUrl":"https:\/\/secure.gravatar.com\/avatar\/ac5001d2a36cb6c6cd3e50789007ffca834b477b74a2144564522e944eabff61?s=96&d=mm&r=g","caption":"thomas.berner"},"url":"https:\/\/www.organisator.ch\/en\/author\/thomas-berner\/"}]}},"_links":{"self":[{"href":"https:\/\/www.organisator.ch\/en\/wp-json\/wp\/v2\/posts\/37944","targetHints":{"allow":["GET"]}}],"collection":[{"href":"https:\/\/www.organisator.ch\/en\/wp-json\/wp\/v2\/posts"}],"about":[{"href":"https:\/\/www.organisator.ch\/en\/wp-json\/wp\/v2\/types\/post"}],"author":[{"embeddable":true,"href":"https:\/\/www.organisator.ch\/en\/wp-json\/wp\/v2\/users\/4"}],"replies":[{"embeddable":true,"href":"https:\/\/www.organisator.ch\/en\/wp-json\/wp\/v2\/comments?post=37944"}],"version-history":[{"count":5,"href":"https:\/\/www.organisator.ch\/en\/wp-json\/wp\/v2\/posts\/37944\/revisions"}],"predecessor-version":[{"id":38001,"href":"https:\/\/www.organisator.ch\/en\/wp-json\/wp\/v2\/posts\/37944\/revisions\/38001"}],"wp:featuredmedia":[{"embeddable":true,"href":"https:\/\/www.organisator.ch\/en\/wp-json\/wp\/v2\/media\/37946"}],"wp:attachment":[{"href":"https:\/\/www.organisator.ch\/en\/wp-json\/wp\/v2\/media?parent=37944"}],"wp:term":[{"taxonomy":"category","embeddable":true,"href":"https:\/\/www.organisator.ch\/en\/wp-json\/wp\/v2\/categories?post=37944"},{"taxonomy":"post_tag","embeddable":true,"href":"https:\/\/www.organisator.ch\/en\/wp-json\/wp\/v2\/tags?post=37944"}],"curies":[{"name":"wp","href":"https:\/\/api.w.org\/{rel}","templated":true}]}}