{"id":37983,"date":"2025-04-25T10:51:10","date_gmt":"2025-04-25T08:51:10","guid":{"rendered":"https:\/\/www.m-q.ch\/?p=21409"},"modified":"2025-04-25T14:07:16","modified_gmt":"2025-04-25T12:07:16","slug":"28-april-welttag-fuer-sicherheit-und-gesundheit-am-arbeitsplatz","status":"publish","type":"post","link":"https:\/\/www.organisator.ch\/en\/operational-excellence\/2025-04-25\/28-april-welttag-fuer-sicherheit-und-gesundheit-am-arbeitsplatz\/","title":{"rendered":"April 28: World Day for Safety and Health at Work"},"content":{"rendered":"<figure id=\"attachment_21410\" class=\"wp-caption alignnone\" style=\"width: 680px;\" aria-describedby=\"caption-attachment-21410\"><img class=\"size-full wp-image-21410\" src=\"https:\/\/www.m-q.ch\/wp-content\/uploads\/2025\/04\/28.-April-Welttag-fuer-Sicherheit-und-Gesundheit-am-Arbeitsplatz_MQ.png\" sizes=\"(max-width: 680px) 100vw, 680px\" srcset=\"https:\/\/www.m-q.ch\/wp-content\/uploads\/2025\/04\/28.-April-Welttag-fuer-Sicherheit-und-Gesundheit-am-Arbeitsplatz_MQ.png 680w, https:\/\/www.m-q.ch\/wp-content\/uploads\/2025\/04\/28.-April-Welttag-fuer-Sicherheit-und-Gesundheit-am-Arbeitsplatz_MQ-18x10.png 18w, https:\/\/www.m-q.ch\/wp-content\/uploads\/2025\/04\/28.-April-Welttag-fuer-Sicherheit-und-Gesundheit-am-Arbeitsplatz_MQ-375x201.png 375w, https:\/\/www.m-q.ch\/wp-content\/uploads\/2025\/04\/28.-April-Welttag-fuer-Sicherheit-und-Gesundheit-am-Arbeitsplatz_MQ-654x350.png 654w\" alt=\"\" width=\"680\" height=\"364\" \/>\r\n<figcaption id=\"caption-attachment-21410\" class=\"wp-caption-text\">To mark World Day for Safety and Health at Work, Suva is calling for a strengthening of the prevention culture in companies. (Image: zVg \/ Suva)<\/figcaption>\r\n<\/figure>\r\n<p>According to the International Labor Organization (ILO), almost 3 million people worldwide die at work every year - an increase of over 12 percent compared to 2000. Most of these deaths are due to occupational diseases.<\/p>\r\n<h3>Deaths in Switzerland significantly lower compared to the rest of the world<\/h3>\r\n<p>According to statistics, deaths from occupational diseases are also higher than deaths from accidents at work in Switzerland. Between 2019 and 2023, around 218 employees died each year as a result of their work, 153 of these deaths were due to occupational diseases. The proportion of these deaths due to occupational diseases (70%) is well below the global average. It is also worth noting that 90 percent of deaths from occupational diseases in Switzerland are attributable to asbestos.<\/p>\r\n<h3>The culture of prevention: a cornerstone of health and safety in the workplace<\/h3>\r\n<p>On the occasion of World Day for Safety and Health at Work on April 28, 2025, Suva reminds us that the vital rules and checklists are still part of the basics of accident prevention. At the same time, however, the integration of a strong, evolving prevention culture that is practiced by all stakeholders must be further promoted. <br \/>\r\nFor Suva, this requires six dimensions: Communication, values &amp; rules, leadership, learning, responsibility and operational organization.<\/p>\r\n<p>In order to master the current challenges in the area of occupational safety, health protection and leisure safety, it is important to integrate this prevention approach into everyday working life. \"A strong prevention culture can be recognized by the fact that safe and healthy working is a matter of course for the company and its employees,\" reminds Heinz Waldmann, occupational safety\/health protection expert at Suva.<\/p>\r\n<p>After all, a strong prevention culture not only helps to significantly reduce accidents and absences, but also helps to improve performance, efficiency, the quality of work and the image and reputation of the company. According to Suva, a culture of prevention is therefore an important investment in the company and its employees.<\/p>\r\n<p><em>More information: <a href=\"http:\/\/www.suva.ch\/\">Suva<\/a><\/em><\/p>\n<p class=\"syndicated-attribution\">This article originally appeared on m-q.ch - <a href=\"https:\/\/www.m-q.ch\/de\/28-april-welttag-fuer-sicherheit-und-gesundheit-am-arbeitsplatz\/\" target=\"_blank\">https:\/\/www.m-q.ch\/de\/28-april-welttag-fuer-sicherheit-und-gesundheit-am-arbeitsplatz\/<\/a><\/p>","protected":false},"excerpt":{"rendered":"<p>28 April 2025 marks World Day for Safety and Health at Work, which was established by the International Labor Organization (ILO) in 1984. In this context, Suva encourages companies to strengthen their prevention culture.<\/p>","protected":false},"author":8,"featured_media":0,"comment_status":"closed","ping_status":"closed","sticky":false,"template":"","format":"standard","meta":{"_acf_changed":false,"_yoast_wpseo_focuskw":"Gesundheit am Arbeitsplatz","_yoast_wpseo_metadesc":"Am 28. April 2025 ist Welttag f\u00fcr Sicherheit und Gesundheit am Arbeitsplatz. Die Suva ruft zur St\u00e4rkung der Pr\u00e4ventionskultur auf.","articlekey":"","footnotes":""},"categories":[582],"tags":[53,388,418,463],"class_list":["post-37983","post","type-post","status-publish","format-standard","hentry","category-operational-excellence","tag-arbeitssicherheit","tag-praevention","tag-risikomanagement","tag-suva"],"acf":[],"yoast_head":"<!-- This site is optimized with the Yoast SEO plugin v27.5 - https:\/\/yoast.com\/product\/yoast-seo-wordpress\/ -->\n<title>28. April: Welttag f\u00fcr Sicherheit und Gesundheit am Arbeitsplatz - Organisator<\/title>\n<meta name=\"description\" content=\"Am 28. April 2025 ist Welttag f\u00fcr Sicherheit und Gesundheit am Arbeitsplatz. Die Suva ruft zur St\u00e4rkung der Pr\u00e4ventionskultur auf.\" \/>\n<meta name=\"robots\" content=\"index, follow, max-snippet:-1, max-image-preview:large, max-video-preview:-1\" \/>\n<link rel=\"canonical\" href=\"https:\/\/www.organisator.ch\/en\/operational-excellence\/2025-04-25\/28-april-welttag-fuer-sicherheit-und-gesundheit-am-arbeitsplatz\/\" \/>\n<meta property=\"og:locale\" content=\"en_US\" \/>\n<meta property=\"og:type\" content=\"article\" \/>\n<meta property=\"og:title\" content=\"28. April: Welttag f\u00fcr Sicherheit und Gesundheit am Arbeitsplatz - Organisator\" \/>\n<meta property=\"og:description\" content=\"Am 28. April 2025 ist Welttag f\u00fcr Sicherheit und Gesundheit am Arbeitsplatz. Die Suva ruft zur St\u00e4rkung der Pr\u00e4ventionskultur auf.\" \/>\n<meta property=\"og:url\" content=\"https:\/\/www.organisator.ch\/en\/operational-excellence\/2025-04-25\/28-april-welttag-fuer-sicherheit-und-gesundheit-am-arbeitsplatz\/\" \/>\n<meta property=\"og:site_name\" content=\"Organisator\" \/>\n<meta property=\"article:publisher\" content=\"https:\/\/www.facebook.com\/OrganisatorFachmagazin\" \/>\n<meta property=\"article:published_time\" content=\"2025-04-25T08:51:10+00:00\" \/>\n<meta property=\"article:modified_time\" content=\"2025-04-25T12:07:16+00:00\" \/>\n<meta name=\"author\" content=\"galledia\" \/>\n<meta name=\"twitter:card\" content=\"summary_large_image\" \/>\n<meta name=\"twitter:creator\" content=\"@admin\" \/>\n<script type=\"application\/ld+json\" class=\"yoast-schema-graph\">{\"@context\":\"https:\\\/\\\/schema.org\",\"@graph\":[{\"@type\":\"Article\",\"@id\":\"https:\\\/\\\/www.organisator.ch\\\/operational-excellence\\\/2025-04-25\\\/28-april-welttag-fuer-sicherheit-und-gesundheit-am-arbeitsplatz\\\/#article\",\"isPartOf\":{\"@id\":\"https:\\\/\\\/www.organisator.ch\\\/operational-excellence\\\/2025-04-25\\\/28-april-welttag-fuer-sicherheit-und-gesundheit-am-arbeitsplatz\\\/\"},\"author\":{\"name\":\"galledia\",\"@id\":\"https:\\\/\\\/www.organisator.ch\\\/#\\\/schema\\\/person\\\/4e51799071cd2dd1232ac003643ef5f0\"},\"headline\":\"28. April: Welttag f\u00fcr Sicherheit und Gesundheit am Arbeitsplatz\",\"datePublished\":\"2025-04-25T08:51:10+00:00\",\"dateModified\":\"2025-04-25T12:07:16+00:00\",\"mainEntityOfPage\":{\"@id\":\"https:\\\/\\\/www.organisator.ch\\\/operational-excellence\\\/2025-04-25\\\/28-april-welttag-fuer-sicherheit-und-gesundheit-am-arbeitsplatz\\\/\"},\"wordCount\":362,\"publisher\":{\"@id\":\"https:\\\/\\\/www.organisator.ch\\\/#organization\"},\"image\":{\"@id\":\"https:\\\/\\\/www.organisator.ch\\\/operational-excellence\\\/2025-04-25\\\/28-april-welttag-fuer-sicherheit-und-gesundheit-am-arbeitsplatz\\\/#primaryimage\"},\"thumbnailUrl\":\"https:\\\/\\\/www.m-q.ch\\\/wp-content\\\/uploads\\\/2025\\\/04\\\/28.-April-Welttag-fuer-Sicherheit-und-Gesundheit-am-Arbeitsplatz_MQ.png\",\"keywords\":[\"Arbeitssicherheit\",\"Pr\u00e4vention\",\"Risikomanagement\",\"SUVA\"],\"articleSection\":[\"OPERATIONAL EXCELLENCE\"],\"inLanguage\":\"en-US\"},{\"@type\":\"WebPage\",\"@id\":\"https:\\\/\\\/www.organisator.ch\\\/operational-excellence\\\/2025-04-25\\\/28-april-welttag-fuer-sicherheit-und-gesundheit-am-arbeitsplatz\\\/\",\"url\":\"https:\\\/\\\/www.organisator.ch\\\/operational-excellence\\\/2025-04-25\\\/28-april-welttag-fuer-sicherheit-und-gesundheit-am-arbeitsplatz\\\/\",\"name\":\"28. April: Welttag f\u00fcr Sicherheit und Gesundheit am Arbeitsplatz - Organisator\",\"isPartOf\":{\"@id\":\"https:\\\/\\\/www.organisator.ch\\\/#website\"},\"primaryImageOfPage\":{\"@id\":\"https:\\\/\\\/www.organisator.ch\\\/operational-excellence\\\/2025-04-25\\\/28-april-welttag-fuer-sicherheit-und-gesundheit-am-arbeitsplatz\\\/#primaryimage\"},\"image\":{\"@id\":\"https:\\\/\\\/www.organisator.ch\\\/operational-excellence\\\/2025-04-25\\\/28-april-welttag-fuer-sicherheit-und-gesundheit-am-arbeitsplatz\\\/#primaryimage\"},\"thumbnailUrl\":\"https:\\\/\\\/www.m-q.ch\\\/wp-content\\\/uploads\\\/2025\\\/04\\\/28.-April-Welttag-fuer-Sicherheit-und-Gesundheit-am-Arbeitsplatz_MQ.png\",\"datePublished\":\"2025-04-25T08:51:10+00:00\",\"dateModified\":\"2025-04-25T12:07:16+00:00\",\"description\":\"Am 28. April 2025 ist Welttag f\u00fcr Sicherheit und Gesundheit am Arbeitsplatz. Die Suva ruft zur St\u00e4rkung der Pr\u00e4ventionskultur auf.\",\"breadcrumb\":{\"@id\":\"https:\\\/\\\/www.organisator.ch\\\/operational-excellence\\\/2025-04-25\\\/28-april-welttag-fuer-sicherheit-und-gesundheit-am-arbeitsplatz\\\/#breadcrumb\"},\"inLanguage\":\"en-US\",\"potentialAction\":[{\"@type\":\"ReadAction\",\"target\":[\"https:\\\/\\\/www.organisator.ch\\\/operational-excellence\\\/2025-04-25\\\/28-april-welttag-fuer-sicherheit-und-gesundheit-am-arbeitsplatz\\\/\"]}]},{\"@type\":\"ImageObject\",\"inLanguage\":\"en-US\",\"@id\":\"https:\\\/\\\/www.organisator.ch\\\/operational-excellence\\\/2025-04-25\\\/28-april-welttag-fuer-sicherheit-und-gesundheit-am-arbeitsplatz\\\/#primaryimage\",\"url\":\"https:\\\/\\\/www.m-q.ch\\\/wp-content\\\/uploads\\\/2025\\\/04\\\/28.-April-Welttag-fuer-Sicherheit-und-Gesundheit-am-Arbeitsplatz_MQ.png\",\"contentUrl\":\"https:\\\/\\\/www.m-q.ch\\\/wp-content\\\/uploads\\\/2025\\\/04\\\/28.-April-Welttag-fuer-Sicherheit-und-Gesundheit-am-Arbeitsplatz_MQ.png\"},{\"@type\":\"BreadcrumbList\",\"@id\":\"https:\\\/\\\/www.organisator.ch\\\/operational-excellence\\\/2025-04-25\\\/28-april-welttag-fuer-sicherheit-und-gesundheit-am-arbeitsplatz\\\/#breadcrumb\",\"itemListElement\":[{\"@type\":\"ListItem\",\"position\":1,\"name\":\"Home\",\"item\":\"https:\\\/\\\/www.organisator.ch\\\/\"},{\"@type\":\"ListItem\",\"position\":2,\"name\":\"28. April: Welttag f\u00fcr Sicherheit und Gesundheit am Arbeitsplatz\"}]},{\"@type\":\"WebSite\",\"@id\":\"https:\\\/\\\/www.organisator.ch\\\/#website\",\"url\":\"https:\\\/\\\/www.organisator.ch\\\/\",\"name\":\"Organisator\",\"description\":\"Kompetent. Praxisnah. Der ORGANISATOR bereitet in 10 Ausgaben pro Jahr die wesentlichen Themen f\u00fcr F\u00fchrungskr\u00e4fte von KMU auf.\",\"publisher\":{\"@id\":\"https:\\\/\\\/www.organisator.ch\\\/#organization\"},\"potentialAction\":[{\"@type\":\"SearchAction\",\"target\":{\"@type\":\"EntryPoint\",\"urlTemplate\":\"https:\\\/\\\/www.organisator.ch\\\/?s={search_term_string}\"},\"query-input\":{\"@type\":\"PropertyValueSpecification\",\"valueRequired\":true,\"valueName\":\"search_term_string\"}}],\"inLanguage\":\"en-US\"},{\"@type\":\"Organization\",\"@id\":\"https:\\\/\\\/www.organisator.ch\\\/#organization\",\"name\":\"Organisator\",\"url\":\"https:\\\/\\\/www.organisator.ch\\\/\",\"logo\":{\"@type\":\"ImageObject\",\"inLanguage\":\"en-US\",\"@id\":\"https:\\\/\\\/www.organisator.ch\\\/#\\\/schema\\\/logo\\\/image\\\/\",\"url\":\"https:\\\/\\\/www.organisator.ch\\\/wp-content\\\/uploads\\\/2022\\\/01\\\/Logo_Organisator_Website.png\",\"contentUrl\":\"https:\\\/\\\/www.organisator.ch\\\/wp-content\\\/uploads\\\/2022\\\/01\\\/Logo_Organisator_Website.png\",\"width\":800,\"height\":77,\"caption\":\"Organisator\"},\"image\":{\"@id\":\"https:\\\/\\\/www.organisator.ch\\\/#\\\/schema\\\/logo\\\/image\\\/\"},\"sameAs\":[\"https:\\\/\\\/www.facebook.com\\\/OrganisatorFachmagazin\",\"https:\\\/\\\/www.linkedin.com\\\/showcase\\\/organisator-das-magazin-fr-kmu\",\"https:\\\/\\\/www.xing.com\\\/news\\\/pages\\\/organisator-ch-695\",\"https:\\\/\\\/www.youtube.com\\\/channel\\\/UCGP2Sq0iWaZwT3BdIAQFYpw\"]},{\"@type\":\"Person\",\"@id\":\"https:\\\/\\\/www.organisator.ch\\\/#\\\/schema\\\/person\\\/4e51799071cd2dd1232ac003643ef5f0\",\"name\":\"galledia\",\"image\":{\"@type\":\"ImageObject\",\"inLanguage\":\"en-US\",\"@id\":\"https:\\\/\\\/secure.gravatar.com\\\/avatar\\\/78a7f90c01fc2bfc875782a0d4922b37cde2cf184ce347b91316d23cd7f69a36?s=96&d=mm&r=g\",\"url\":\"https:\\\/\\\/secure.gravatar.com\\\/avatar\\\/78a7f90c01fc2bfc875782a0d4922b37cde2cf184ce347b91316d23cd7f69a36?s=96&d=mm&r=g\",\"contentUrl\":\"https:\\\/\\\/secure.gravatar.com\\\/avatar\\\/78a7f90c01fc2bfc875782a0d4922b37cde2cf184ce347b91316d23cd7f69a36?s=96&d=mm&r=g\",\"caption\":\"galledia\"},\"sameAs\":[\"https:\\\/\\\/x.com\\\/admin\"],\"url\":\"https:\\\/\\\/www.organisator.ch\\\/en\\\/author\\\/galledia\\\/\"}]}<\/script>\n<!-- \/ Yoast SEO plugin. -->","yoast_head_json":{"title":"28 April: World Day for Safety and Health at Work - Organizer","description":"April 28, 2025 is World Day for Safety and Health at Work. Suva is calling for a stronger culture of prevention.","robots":{"index":"index","follow":"follow","max-snippet":"max-snippet:-1","max-image-preview":"max-image-preview:large","max-video-preview":"max-video-preview:-1"},"canonical":"https:\/\/www.organisator.ch\/en\/operational-excellence\/2025-04-25\/28-april-welttag-fuer-sicherheit-und-gesundheit-am-arbeitsplatz\/","og_locale":"en_US","og_type":"article","og_title":"28. April: Welttag f\u00fcr Sicherheit und Gesundheit am Arbeitsplatz - Organisator","og_description":"Am 28. April 2025 ist Welttag f\u00fcr Sicherheit und Gesundheit am Arbeitsplatz. Die Suva ruft zur St\u00e4rkung der Pr\u00e4ventionskultur auf.","og_url":"https:\/\/www.organisator.ch\/en\/operational-excellence\/2025-04-25\/28-april-welttag-fuer-sicherheit-und-gesundheit-am-arbeitsplatz\/","og_site_name":"Organisator","article_publisher":"https:\/\/www.facebook.com\/OrganisatorFachmagazin","article_published_time":"2025-04-25T08:51:10+00:00","article_modified_time":"2025-04-25T12:07:16+00:00","author":"galledia","twitter_card":"summary_large_image","twitter_creator":"@admin","schema":{"@context":"https:\/\/schema.org","@graph":[{"@type":"Article","@id":"https:\/\/www.organisator.ch\/operational-excellence\/2025-04-25\/28-april-welttag-fuer-sicherheit-und-gesundheit-am-arbeitsplatz\/#article","isPartOf":{"@id":"https:\/\/www.organisator.ch\/operational-excellence\/2025-04-25\/28-april-welttag-fuer-sicherheit-und-gesundheit-am-arbeitsplatz\/"},"author":{"name":"galledia","@id":"https:\/\/www.organisator.ch\/#\/schema\/person\/4e51799071cd2dd1232ac003643ef5f0"},"headline":"28. April: Welttag f\u00fcr Sicherheit und Gesundheit am Arbeitsplatz","datePublished":"2025-04-25T08:51:10+00:00","dateModified":"2025-04-25T12:07:16+00:00","mainEntityOfPage":{"@id":"https:\/\/www.organisator.ch\/operational-excellence\/2025-04-25\/28-april-welttag-fuer-sicherheit-und-gesundheit-am-arbeitsplatz\/"},"wordCount":362,"publisher":{"@id":"https:\/\/www.organisator.ch\/#organization"},"image":{"@id":"https:\/\/www.organisator.ch\/operational-excellence\/2025-04-25\/28-april-welttag-fuer-sicherheit-und-gesundheit-am-arbeitsplatz\/#primaryimage"},"thumbnailUrl":"https:\/\/www.m-q.ch\/wp-content\/uploads\/2025\/04\/28.-April-Welttag-fuer-Sicherheit-und-Gesundheit-am-Arbeitsplatz_MQ.png","keywords":["Arbeitssicherheit","Pr\u00e4vention","Risikomanagement","SUVA"],"articleSection":["OPERATIONAL EXCELLENCE"],"inLanguage":"en-US"},{"@type":"WebPage","@id":"https:\/\/www.organisator.ch\/operational-excellence\/2025-04-25\/28-april-welttag-fuer-sicherheit-und-gesundheit-am-arbeitsplatz\/","url":"https:\/\/www.organisator.ch\/operational-excellence\/2025-04-25\/28-april-welttag-fuer-sicherheit-und-gesundheit-am-arbeitsplatz\/","name":"28 April: World Day for Safety and Health at Work - Organizer","isPartOf":{"@id":"https:\/\/www.organisator.ch\/#website"},"primaryImageOfPage":{"@id":"https:\/\/www.organisator.ch\/operational-excellence\/2025-04-25\/28-april-welttag-fuer-sicherheit-und-gesundheit-am-arbeitsplatz\/#primaryimage"},"image":{"@id":"https:\/\/www.organisator.ch\/operational-excellence\/2025-04-25\/28-april-welttag-fuer-sicherheit-und-gesundheit-am-arbeitsplatz\/#primaryimage"},"thumbnailUrl":"https:\/\/www.m-q.ch\/wp-content\/uploads\/2025\/04\/28.-April-Welttag-fuer-Sicherheit-und-Gesundheit-am-Arbeitsplatz_MQ.png","datePublished":"2025-04-25T08:51:10+00:00","dateModified":"2025-04-25T12:07:16+00:00","description":"April 28, 2025 is World Day for Safety and Health at Work. Suva is calling for a stronger culture of prevention.","breadcrumb":{"@id":"https:\/\/www.organisator.ch\/operational-excellence\/2025-04-25\/28-april-welttag-fuer-sicherheit-und-gesundheit-am-arbeitsplatz\/#breadcrumb"},"inLanguage":"en-US","potentialAction":[{"@type":"ReadAction","target":["https:\/\/www.organisator.ch\/operational-excellence\/2025-04-25\/28-april-welttag-fuer-sicherheit-und-gesundheit-am-arbeitsplatz\/"]}]},{"@type":"ImageObject","inLanguage":"en-US","@id":"https:\/\/www.organisator.ch\/operational-excellence\/2025-04-25\/28-april-welttag-fuer-sicherheit-und-gesundheit-am-arbeitsplatz\/#primaryimage","url":"https:\/\/www.m-q.ch\/wp-content\/uploads\/2025\/04\/28.-April-Welttag-fuer-Sicherheit-und-Gesundheit-am-Arbeitsplatz_MQ.png","contentUrl":"https:\/\/www.m-q.ch\/wp-content\/uploads\/2025\/04\/28.-April-Welttag-fuer-Sicherheit-und-Gesundheit-am-Arbeitsplatz_MQ.png"},{"@type":"BreadcrumbList","@id":"https:\/\/www.organisator.ch\/operational-excellence\/2025-04-25\/28-april-welttag-fuer-sicherheit-und-gesundheit-am-arbeitsplatz\/#breadcrumb","itemListElement":[{"@type":"ListItem","position":1,"name":"Home","item":"https:\/\/www.organisator.ch\/"},{"@type":"ListItem","position":2,"name":"28. April: Welttag f\u00fcr Sicherheit und Gesundheit am Arbeitsplatz"}]},{"@type":"WebSite","@id":"https:\/\/www.organisator.ch\/#website","url":"https:\/\/www.organisator.ch\/","name":"Organizer","description":"Competent. Practical. In 10 issues per year, ORGANISATOR presents the essential topics for managers of SMEs.","publisher":{"@id":"https:\/\/www.organisator.ch\/#organization"},"potentialAction":[{"@type":"SearchAction","target":{"@type":"EntryPoint","urlTemplate":"https:\/\/www.organisator.ch\/?s={search_term_string}"},"query-input":{"@type":"PropertyValueSpecification","valueRequired":true,"valueName":"search_term_string"}}],"inLanguage":"en-US"},{"@type":"Organization","@id":"https:\/\/www.organisator.ch\/#organization","name":"Organizer","url":"https:\/\/www.organisator.ch\/","logo":{"@type":"ImageObject","inLanguage":"en-US","@id":"https:\/\/www.organisator.ch\/#\/schema\/logo\/image\/","url":"https:\/\/www.organisator.ch\/wp-content\/uploads\/2022\/01\/Logo_Organisator_Website.png","contentUrl":"https:\/\/www.organisator.ch\/wp-content\/uploads\/2022\/01\/Logo_Organisator_Website.png","width":800,"height":77,"caption":"Organisator"},"image":{"@id":"https:\/\/www.organisator.ch\/#\/schema\/logo\/image\/"},"sameAs":["https:\/\/www.facebook.com\/OrganisatorFachmagazin","https:\/\/www.linkedin.com\/showcase\/organisator-das-magazin-fr-kmu","https:\/\/www.xing.com\/news\/pages\/organisator-ch-695","https:\/\/www.youtube.com\/channel\/UCGP2Sq0iWaZwT3BdIAQFYpw"]},{"@type":"Person","@id":"https:\/\/www.organisator.ch\/#\/schema\/person\/4e51799071cd2dd1232ac003643ef5f0","name":"galledia","image":{"@type":"ImageObject","inLanguage":"en-US","@id":"https:\/\/secure.gravatar.com\/avatar\/78a7f90c01fc2bfc875782a0d4922b37cde2cf184ce347b91316d23cd7f69a36?s=96&d=mm&r=g","url":"https:\/\/secure.gravatar.com\/avatar\/78a7f90c01fc2bfc875782a0d4922b37cde2cf184ce347b91316d23cd7f69a36?s=96&d=mm&r=g","contentUrl":"https:\/\/secure.gravatar.com\/avatar\/78a7f90c01fc2bfc875782a0d4922b37cde2cf184ce347b91316d23cd7f69a36?s=96&d=mm&r=g","caption":"galledia"},"sameAs":["https:\/\/x.com\/admin"],"url":"https:\/\/www.organisator.ch\/en\/author\/galledia\/"}]}},"_links":{"self":[{"href":"https:\/\/www.organisator.ch\/en\/wp-json\/wp\/v2\/posts\/37983","targetHints":{"allow":["GET"]}}],"collection":[{"href":"https:\/\/www.organisator.ch\/en\/wp-json\/wp\/v2\/posts"}],"about":[{"href":"https:\/\/www.organisator.ch\/en\/wp-json\/wp\/v2\/types\/post"}],"author":[{"embeddable":true,"href":"https:\/\/www.organisator.ch\/en\/wp-json\/wp\/v2\/users\/8"}],"replies":[{"embeddable":true,"href":"https:\/\/www.organisator.ch\/en\/wp-json\/wp\/v2\/comments?post=37983"}],"version-history":[{"count":5,"href":"https:\/\/www.organisator.ch\/en\/wp-json\/wp\/v2\/posts\/37983\/revisions"}],"predecessor-version":[{"id":37997,"href":"https:\/\/www.organisator.ch\/en\/wp-json\/wp\/v2\/posts\/37983\/revisions\/37997"}],"wp:attachment":[{"href":"https:\/\/www.organisator.ch\/en\/wp-json\/wp\/v2\/media?parent=37983"}],"wp:term":[{"taxonomy":"category","embeddable":true,"href":"https:\/\/www.organisator.ch\/en\/wp-json\/wp\/v2\/categories?post=37983"},{"taxonomy":"post_tag","embeddable":true,"href":"https:\/\/www.organisator.ch\/en\/wp-json\/wp\/v2\/tags?post=37983"}],"curies":[{"name":"wp","href":"https:\/\/api.w.org\/{rel}","templated":true}]}}