{"id":3800,"date":"2021-02-09T08:00:27","date_gmt":"2021-02-09T07:00:27","guid":{"rendered":"https:\/\/www.umweltperspektiven.ch\/?p=3800"},"modified":"2022-02-09T11:05:31","modified_gmt":"2022-02-09T10:05:31","slug":"covid-19-masken-revolutionieren-strassenbau","status":"publish","type":"post","link":"https:\/\/www.organisator.ch\/en\/sustainability\/2021-02-09\/covid-19-masken-revolutionieren-strassenbau\/","title":{"rendered":"Old Covid masks for road construction"},"content":{"rendered":"<figure id=\"attachment_3801\" aria-describedby=\"caption-attachment-3801\" style=\"width: 680px\" class=\"wp-caption aligncenter\"><img loading=\"lazy\" decoding=\"async\" class=\"size-medium wp-image-3801\" src=\"\/\/www.umweltperspektiven.ch\/wp-content\/uploads\/2021\/02\/Depositphotos_38109265_s-2019.jpg\" alt=\"\" width=\"680\" height=\"454\" \/><figcaption id=\"caption-attachment-3801\" class=\"wp-caption-text\">\u00a9 Depositphotos, wabeno<\/figcaption><\/figure>\n<p>Researchers of the <a href=\"\/\/rmit.edu.au\">RMIT University<\/a>\u00a0use the protective masks no longer needed for Covid 19 containment in shredded form for the substructure of roads. Geotechnical engineer Mohammad Saberian and his team cut the masks into strips about two centimeters long, which they add to the road construction material - mostly construction debris. For one kilometer of a two-lane road, they need about three million masks, which have a total weight of 83 tons.<strong>\u00a0<\/strong><\/p>\n<p><strong>One part masks, 99 parts rubble<\/strong><\/p>\n<p>The addition of the masking strips not only reduces the amount of waste. It also improves the properties of the material. This becomes more resistant to acids and water, and it becomes stiffer and stronger, so that the roads built with it can withstand loads better. A mixing ratio of one part masking strip and 99 parts construction waste has proven to be optimal.<\/p>\n<p>Although any viruses left on the masks are unlikely to be dangerous after a few days (they usually die off after a few hours if they don't enter a body), Saberian suggests studying the environmental impact of using leftover masks. To be safe, he said, used masks can also be disinfected with microwaves. That takes minutes, he says.<strong>\u00a0<\/strong><\/p>\n<p><strong>Concrete with a mask strip<\/strong><\/p>\n<p>\"We're excited that this recycling of masks not only works, but has real technical benefits,\" Saberian says. He now wants to find out if other pieces of personal protective equipment used by medical personnel can be used in the same way, such as gowns that are currently discarded. Another way to use the used masks is to incorporate them into concrete. According to the scientists, they have already produced components from this material.<em>\u00a0<\/em><\/p>\n<p><em>Source: <a href=\"\/\/www.pressetext.com\">pressetext.editorial office<\/a><\/em><\/p>\n<p>&nbsp;<\/p>","protected":false},"excerpt":{"rendered":"<p>Forscher der RMIT University\u00a0verwenden die zur Covid-19-Eind\u00e4mmung nicht mehr ben\u00f6tigten Schutzmasken in geschredderter Form f\u00fcr den Unterbau von Strassen. Geotechnik-Ingenieur Mohammad Saberian und sein Team zerschneiden die Masken in etwa zwei Zentimeter lange Streifen, die sie dem Strassenbaumaterial \u2013 meist Bauschutt \u2013 beigeben. F\u00fcr einen Kilometer einer zweispurigen Strasse ben\u00f6tigen sie etwa drei Millionen Masken, [&hellip;]<\/p>\n","protected":false},"author":6,"featured_media":9762,"comment_status":"closed","ping_status":"closed","sticky":false,"template":"","format":"standard","meta":{"_acf_changed":false,"_yoast_wpseo_focuskw":"Covid-19-Masken","_yoast_wpseo_metadesc":"Geschreddert k\u00f6nnen Covid-19-Masken dem Unterbaumaterial von Strassen beigemischt werden. Einen entsprechenden Praxistest hat eine Universit\u00e4t gemacht.","articlekey":"","footnotes":""},"categories":[580],"tags":[955,1666,2210],"class_list":["post-3800","post","type-post","status-publish","format-standard","has-post-thumbnail","hentry","category-sustainability","tag-covid-19-maske","tag-masken-rezyklieren","tag-strassenbau"],"acf":[],"yoast_head":"<!-- This site is optimized with the Yoast SEO plugin v27.5 - https:\/\/yoast.com\/product\/yoast-seo-wordpress\/ -->\n<title>Alte Covid-Masken f\u00fcr den Strassenbau - Organisator<\/title>\n<meta name=\"description\" content=\"Geschreddert k\u00f6nnen Covid-19-Masken dem Unterbaumaterial von Strassen beigemischt werden. Einen entsprechenden Praxistest hat eine Universit\u00e4t gemacht.\" \/>\n<meta name=\"robots\" content=\"index, follow, max-snippet:-1, max-image-preview:large, max-video-preview:-1\" \/>\n<link rel=\"canonical\" href=\"https:\/\/www.organisator.ch\/en\/sustainability\/2021-02-09\/covid-19-masken-revolutionieren-strassenbau\/\" \/>\n<meta property=\"og:locale\" content=\"en_US\" \/>\n<meta property=\"og:type\" content=\"article\" \/>\n<meta property=\"og:title\" content=\"Alte Covid-Masken f\u00fcr den Strassenbau - Organisator\" \/>\n<meta property=\"og:description\" content=\"Geschreddert k\u00f6nnen Covid-19-Masken dem Unterbaumaterial von Strassen beigemischt werden. Einen entsprechenden Praxistest hat eine Universit\u00e4t gemacht.\" \/>\n<meta property=\"og:url\" content=\"https:\/\/www.organisator.ch\/en\/sustainability\/2021-02-09\/covid-19-masken-revolutionieren-strassenbau\/\" \/>\n<meta property=\"og:site_name\" content=\"Organisator\" \/>\n<meta property=\"article:publisher\" content=\"https:\/\/www.facebook.com\/OrganisatorFachmagazin\" \/>\n<meta property=\"article:published_time\" content=\"2021-02-09T07:00:27+00:00\" \/>\n<meta property=\"article:modified_time\" content=\"2022-02-09T10:05:31+00:00\" \/>\n<meta property=\"og:image\" content=\"https:\/\/www.organisator.ch\/wp-content\/uploads\/2021\/02\/Depositphotos_38109265_s-2019.jpg\" \/>\n\t<meta property=\"og:image:width\" content=\"1000\" \/>\n\t<meta property=\"og:image:height\" content=\"667\" \/>\n\t<meta property=\"og:image:type\" content=\"image\/jpeg\" \/>\n<meta name=\"author\" content=\"roger.straessle\" \/>\n<meta name=\"twitter:card\" content=\"summary_large_image\" \/>\n<script type=\"application\/ld+json\" class=\"yoast-schema-graph\">{\"@context\":\"https:\\\/\\\/schema.org\",\"@graph\":[{\"@type\":\"Article\",\"@id\":\"https:\\\/\\\/www.organisator.ch\\\/sustainability\\\/2021-02-09\\\/covid-19-masken-revolutionieren-strassenbau\\\/#article\",\"isPartOf\":{\"@id\":\"https:\\\/\\\/www.organisator.ch\\\/sustainability\\\/2021-02-09\\\/covid-19-masken-revolutionieren-strassenbau\\\/\"},\"author\":{\"name\":\"roger.straessle\",\"@id\":\"https:\\\/\\\/www.organisator.ch\\\/#\\\/schema\\\/person\\\/a800b8c54e208b160517a7dcc323161d\"},\"headline\":\"Alte Covid-Masken f\u00fcr den Strassenbau\",\"datePublished\":\"2021-02-09T07:00:27+00:00\",\"dateModified\":\"2022-02-09T10:05:31+00:00\",\"mainEntityOfPage\":{\"@id\":\"https:\\\/\\\/www.organisator.ch\\\/sustainability\\\/2021-02-09\\\/covid-19-masken-revolutionieren-strassenbau\\\/\"},\"wordCount\":288,\"publisher\":{\"@id\":\"https:\\\/\\\/www.organisator.ch\\\/#organization\"},\"image\":{\"@id\":\"https:\\\/\\\/www.organisator.ch\\\/sustainability\\\/2021-02-09\\\/covid-19-masken-revolutionieren-strassenbau\\\/#primaryimage\"},\"thumbnailUrl\":\"https:\\\/\\\/www.organisator.ch\\\/wp-content\\\/uploads\\\/2021\\\/02\\\/Depositphotos_38109265_s-2019.jpg\",\"keywords\":[\"Covid-19-Maske\",\"Masken rezyklieren\",\"Strassenbau\"],\"articleSection\":[\"SUSTAINABILITY\"],\"inLanguage\":\"en-US\"},{\"@type\":\"WebPage\",\"@id\":\"https:\\\/\\\/www.organisator.ch\\\/sustainability\\\/2021-02-09\\\/covid-19-masken-revolutionieren-strassenbau\\\/\",\"url\":\"https:\\\/\\\/www.organisator.ch\\\/sustainability\\\/2021-02-09\\\/covid-19-masken-revolutionieren-strassenbau\\\/\",\"name\":\"Alte Covid-Masken f\u00fcr den Strassenbau - Organisator\",\"isPartOf\":{\"@id\":\"https:\\\/\\\/www.organisator.ch\\\/#website\"},\"primaryImageOfPage\":{\"@id\":\"https:\\\/\\\/www.organisator.ch\\\/sustainability\\\/2021-02-09\\\/covid-19-masken-revolutionieren-strassenbau\\\/#primaryimage\"},\"image\":{\"@id\":\"https:\\\/\\\/www.organisator.ch\\\/sustainability\\\/2021-02-09\\\/covid-19-masken-revolutionieren-strassenbau\\\/#primaryimage\"},\"thumbnailUrl\":\"https:\\\/\\\/www.organisator.ch\\\/wp-content\\\/uploads\\\/2021\\\/02\\\/Depositphotos_38109265_s-2019.jpg\",\"datePublished\":\"2021-02-09T07:00:27+00:00\",\"dateModified\":\"2022-02-09T10:05:31+00:00\",\"description\":\"Geschreddert k\u00f6nnen Covid-19-Masken dem Unterbaumaterial von Strassen beigemischt werden. Einen entsprechenden Praxistest hat eine Universit\u00e4t gemacht.\",\"breadcrumb\":{\"@id\":\"https:\\\/\\\/www.organisator.ch\\\/sustainability\\\/2021-02-09\\\/covid-19-masken-revolutionieren-strassenbau\\\/#breadcrumb\"},\"inLanguage\":\"en-US\",\"potentialAction\":[{\"@type\":\"ReadAction\",\"target\":[\"https:\\\/\\\/www.organisator.ch\\\/sustainability\\\/2021-02-09\\\/covid-19-masken-revolutionieren-strassenbau\\\/\"]}]},{\"@type\":\"ImageObject\",\"inLanguage\":\"en-US\",\"@id\":\"https:\\\/\\\/www.organisator.ch\\\/sustainability\\\/2021-02-09\\\/covid-19-masken-revolutionieren-strassenbau\\\/#primaryimage\",\"url\":\"https:\\\/\\\/www.organisator.ch\\\/wp-content\\\/uploads\\\/2021\\\/02\\\/Depositphotos_38109265_s-2019.jpg\",\"contentUrl\":\"https:\\\/\\\/www.organisator.ch\\\/wp-content\\\/uploads\\\/2021\\\/02\\\/Depositphotos_38109265_s-2019.jpg\",\"width\":1000,\"height\":667,\"caption\":\"\u00a9 Depositphotos, wabeno\"},{\"@type\":\"BreadcrumbList\",\"@id\":\"https:\\\/\\\/www.organisator.ch\\\/sustainability\\\/2021-02-09\\\/covid-19-masken-revolutionieren-strassenbau\\\/#breadcrumb\",\"itemListElement\":[{\"@type\":\"ListItem\",\"position\":1,\"name\":\"Home\",\"item\":\"https:\\\/\\\/www.organisator.ch\\\/\"},{\"@type\":\"ListItem\",\"position\":2,\"name\":\"Alte Covid-Masken f\u00fcr den Strassenbau\"}]},{\"@type\":\"WebSite\",\"@id\":\"https:\\\/\\\/www.organisator.ch\\\/#website\",\"url\":\"https:\\\/\\\/www.organisator.ch\\\/\",\"name\":\"Organisator\",\"description\":\"Kompetent. Praxisnah. Der ORGANISATOR bereitet in 10 Ausgaben pro Jahr die wesentlichen Themen f\u00fcr F\u00fchrungskr\u00e4fte von KMU auf.\",\"publisher\":{\"@id\":\"https:\\\/\\\/www.organisator.ch\\\/#organization\"},\"potentialAction\":[{\"@type\":\"SearchAction\",\"target\":{\"@type\":\"EntryPoint\",\"urlTemplate\":\"https:\\\/\\\/www.organisator.ch\\\/?s={search_term_string}\"},\"query-input\":{\"@type\":\"PropertyValueSpecification\",\"valueRequired\":true,\"valueName\":\"search_term_string\"}}],\"inLanguage\":\"en-US\"},{\"@type\":\"Organization\",\"@id\":\"https:\\\/\\\/www.organisator.ch\\\/#organization\",\"name\":\"Organisator\",\"url\":\"https:\\\/\\\/www.organisator.ch\\\/\",\"logo\":{\"@type\":\"ImageObject\",\"inLanguage\":\"en-US\",\"@id\":\"https:\\\/\\\/www.organisator.ch\\\/#\\\/schema\\\/logo\\\/image\\\/\",\"url\":\"https:\\\/\\\/www.organisator.ch\\\/wp-content\\\/uploads\\\/2022\\\/01\\\/Logo_Organisator_Website.png\",\"contentUrl\":\"https:\\\/\\\/www.organisator.ch\\\/wp-content\\\/uploads\\\/2022\\\/01\\\/Logo_Organisator_Website.png\",\"width\":800,\"height\":77,\"caption\":\"Organisator\"},\"image\":{\"@id\":\"https:\\\/\\\/www.organisator.ch\\\/#\\\/schema\\\/logo\\\/image\\\/\"},\"sameAs\":[\"https:\\\/\\\/www.facebook.com\\\/OrganisatorFachmagazin\",\"https:\\\/\\\/www.linkedin.com\\\/showcase\\\/organisator-das-magazin-fr-kmu\",\"https:\\\/\\\/www.xing.com\\\/news\\\/pages\\\/organisator-ch-695\",\"https:\\\/\\\/www.youtube.com\\\/channel\\\/UCGP2Sq0iWaZwT3BdIAQFYpw\"]},{\"@type\":\"Person\",\"@id\":\"https:\\\/\\\/www.organisator.ch\\\/#\\\/schema\\\/person\\\/a800b8c54e208b160517a7dcc323161d\",\"name\":\"roger.straessle\",\"image\":{\"@type\":\"ImageObject\",\"inLanguage\":\"en-US\",\"@id\":\"https:\\\/\\\/secure.gravatar.com\\\/avatar\\\/?s=96&d=mm&r=g\",\"url\":\"https:\\\/\\\/secure.gravatar.com\\\/avatar\\\/?s=96&d=mm&r=g\",\"contentUrl\":\"https:\\\/\\\/secure.gravatar.com\\\/avatar\\\/?s=96&d=mm&r=g\",\"caption\":\"roger.straessle\"},\"url\":\"https:\\\/\\\/www.organisator.ch\\\/en\\\/author\\\/roger-straessle\\\/\"}]}<\/script>\n<!-- \/ Yoast SEO plugin. -->","yoast_head_json":{"title":"Old covid masks for road construction - organizer","description":"Shredded Covid-19 masks can be added to road base material. A university has carried out a corresponding practical test.","robots":{"index":"index","follow":"follow","max-snippet":"max-snippet:-1","max-image-preview":"max-image-preview:large","max-video-preview":"max-video-preview:-1"},"canonical":"https:\/\/www.organisator.ch\/en\/sustainability\/2021-02-09\/covid-19-masken-revolutionieren-strassenbau\/","og_locale":"en_US","og_type":"article","og_title":"Alte Covid-Masken f\u00fcr den Strassenbau - Organisator","og_description":"Geschreddert k\u00f6nnen Covid-19-Masken dem Unterbaumaterial von Strassen beigemischt werden. Einen entsprechenden Praxistest hat eine Universit\u00e4t gemacht.","og_url":"https:\/\/www.organisator.ch\/en\/sustainability\/2021-02-09\/covid-19-masken-revolutionieren-strassenbau\/","og_site_name":"Organisator","article_publisher":"https:\/\/www.facebook.com\/OrganisatorFachmagazin","article_published_time":"2021-02-09T07:00:27+00:00","article_modified_time":"2022-02-09T10:05:31+00:00","og_image":[{"width":1000,"height":667,"url":"https:\/\/www.organisator.ch\/wp-content\/uploads\/2021\/02\/Depositphotos_38109265_s-2019.jpg","type":"image\/jpeg"}],"author":"roger.straessle","twitter_card":"summary_large_image","schema":{"@context":"https:\/\/schema.org","@graph":[{"@type":"Article","@id":"https:\/\/www.organisator.ch\/sustainability\/2021-02-09\/covid-19-masken-revolutionieren-strassenbau\/#article","isPartOf":{"@id":"https:\/\/www.organisator.ch\/sustainability\/2021-02-09\/covid-19-masken-revolutionieren-strassenbau\/"},"author":{"name":"roger.straessle","@id":"https:\/\/www.organisator.ch\/#\/schema\/person\/a800b8c54e208b160517a7dcc323161d"},"headline":"Alte Covid-Masken f\u00fcr den Strassenbau","datePublished":"2021-02-09T07:00:27+00:00","dateModified":"2022-02-09T10:05:31+00:00","mainEntityOfPage":{"@id":"https:\/\/www.organisator.ch\/sustainability\/2021-02-09\/covid-19-masken-revolutionieren-strassenbau\/"},"wordCount":288,"publisher":{"@id":"https:\/\/www.organisator.ch\/#organization"},"image":{"@id":"https:\/\/www.organisator.ch\/sustainability\/2021-02-09\/covid-19-masken-revolutionieren-strassenbau\/#primaryimage"},"thumbnailUrl":"https:\/\/www.organisator.ch\/wp-content\/uploads\/2021\/02\/Depositphotos_38109265_s-2019.jpg","keywords":["Covid-19-Maske","Masken rezyklieren","Strassenbau"],"articleSection":["SUSTAINABILITY"],"inLanguage":"en-US"},{"@type":"WebPage","@id":"https:\/\/www.organisator.ch\/sustainability\/2021-02-09\/covid-19-masken-revolutionieren-strassenbau\/","url":"https:\/\/www.organisator.ch\/sustainability\/2021-02-09\/covid-19-masken-revolutionieren-strassenbau\/","name":"Old covid masks for road construction - organizer","isPartOf":{"@id":"https:\/\/www.organisator.ch\/#website"},"primaryImageOfPage":{"@id":"https:\/\/www.organisator.ch\/sustainability\/2021-02-09\/covid-19-masken-revolutionieren-strassenbau\/#primaryimage"},"image":{"@id":"https:\/\/www.organisator.ch\/sustainability\/2021-02-09\/covid-19-masken-revolutionieren-strassenbau\/#primaryimage"},"thumbnailUrl":"https:\/\/www.organisator.ch\/wp-content\/uploads\/2021\/02\/Depositphotos_38109265_s-2019.jpg","datePublished":"2021-02-09T07:00:27+00:00","dateModified":"2022-02-09T10:05:31+00:00","description":"Shredded Covid-19 masks can be added to road base material. A university has carried out a corresponding practical test.","breadcrumb":{"@id":"https:\/\/www.organisator.ch\/sustainability\/2021-02-09\/covid-19-masken-revolutionieren-strassenbau\/#breadcrumb"},"inLanguage":"en-US","potentialAction":[{"@type":"ReadAction","target":["https:\/\/www.organisator.ch\/sustainability\/2021-02-09\/covid-19-masken-revolutionieren-strassenbau\/"]}]},{"@type":"ImageObject","inLanguage":"en-US","@id":"https:\/\/www.organisator.ch\/sustainability\/2021-02-09\/covid-19-masken-revolutionieren-strassenbau\/#primaryimage","url":"https:\/\/www.organisator.ch\/wp-content\/uploads\/2021\/02\/Depositphotos_38109265_s-2019.jpg","contentUrl":"https:\/\/www.organisator.ch\/wp-content\/uploads\/2021\/02\/Depositphotos_38109265_s-2019.jpg","width":1000,"height":667,"caption":"\u00a9 Depositphotos, wabeno"},{"@type":"BreadcrumbList","@id":"https:\/\/www.organisator.ch\/sustainability\/2021-02-09\/covid-19-masken-revolutionieren-strassenbau\/#breadcrumb","itemListElement":[{"@type":"ListItem","position":1,"name":"Home","item":"https:\/\/www.organisator.ch\/"},{"@type":"ListItem","position":2,"name":"Alte Covid-Masken f\u00fcr den Strassenbau"}]},{"@type":"WebSite","@id":"https:\/\/www.organisator.ch\/#website","url":"https:\/\/www.organisator.ch\/","name":"Organizer","description":"Competent. Practical. In 10 issues per year, ORGANISATOR presents the essential topics for managers of SMEs.","publisher":{"@id":"https:\/\/www.organisator.ch\/#organization"},"potentialAction":[{"@type":"SearchAction","target":{"@type":"EntryPoint","urlTemplate":"https:\/\/www.organisator.ch\/?s={search_term_string}"},"query-input":{"@type":"PropertyValueSpecification","valueRequired":true,"valueName":"search_term_string"}}],"inLanguage":"en-US"},{"@type":"Organization","@id":"https:\/\/www.organisator.ch\/#organization","name":"Organizer","url":"https:\/\/www.organisator.ch\/","logo":{"@type":"ImageObject","inLanguage":"en-US","@id":"https:\/\/www.organisator.ch\/#\/schema\/logo\/image\/","url":"https:\/\/www.organisator.ch\/wp-content\/uploads\/2022\/01\/Logo_Organisator_Website.png","contentUrl":"https:\/\/www.organisator.ch\/wp-content\/uploads\/2022\/01\/Logo_Organisator_Website.png","width":800,"height":77,"caption":"Organisator"},"image":{"@id":"https:\/\/www.organisator.ch\/#\/schema\/logo\/image\/"},"sameAs":["https:\/\/www.facebook.com\/OrganisatorFachmagazin","https:\/\/www.linkedin.com\/showcase\/organisator-das-magazin-fr-kmu","https:\/\/www.xing.com\/news\/pages\/organisator-ch-695","https:\/\/www.youtube.com\/channel\/UCGP2Sq0iWaZwT3BdIAQFYpw"]},{"@type":"Person","@id":"https:\/\/www.organisator.ch\/#\/schema\/person\/a800b8c54e208b160517a7dcc323161d","name":"roger.straessle","image":{"@type":"ImageObject","inLanguage":"en-US","@id":"https:\/\/secure.gravatar.com\/avatar\/?s=96&d=mm&r=g","url":"https:\/\/secure.gravatar.com\/avatar\/?s=96&d=mm&r=g","contentUrl":"https:\/\/secure.gravatar.com\/avatar\/?s=96&d=mm&r=g","caption":"roger.straessle"},"url":"https:\/\/www.organisator.ch\/en\/author\/roger-straessle\/"}]}},"_links":{"self":[{"href":"https:\/\/www.organisator.ch\/en\/wp-json\/wp\/v2\/posts\/3800","targetHints":{"allow":["GET"]}}],"collection":[{"href":"https:\/\/www.organisator.ch\/en\/wp-json\/wp\/v2\/posts"}],"about":[{"href":"https:\/\/www.organisator.ch\/en\/wp-json\/wp\/v2\/types\/post"}],"author":[{"embeddable":true,"href":"https:\/\/www.organisator.ch\/en\/wp-json\/wp\/v2\/users\/6"}],"replies":[{"embeddable":true,"href":"https:\/\/www.organisator.ch\/en\/wp-json\/wp\/v2\/comments?post=3800"}],"version-history":[{"count":1,"href":"https:\/\/www.organisator.ch\/en\/wp-json\/wp\/v2\/posts\/3800\/revisions"}],"predecessor-version":[{"id":10377,"href":"https:\/\/www.organisator.ch\/en\/wp-json\/wp\/v2\/posts\/3800\/revisions\/10377"}],"wp:featuredmedia":[{"embeddable":true,"href":"https:\/\/www.organisator.ch\/en\/wp-json\/wp\/v2\/media\/9762"}],"wp:attachment":[{"href":"https:\/\/www.organisator.ch\/en\/wp-json\/wp\/v2\/media?parent=3800"}],"wp:term":[{"taxonomy":"category","embeddable":true,"href":"https:\/\/www.organisator.ch\/en\/wp-json\/wp\/v2\/categories?post=3800"},{"taxonomy":"post_tag","embeddable":true,"href":"https:\/\/www.organisator.ch\/en\/wp-json\/wp\/v2\/tags?post=3800"}],"curies":[{"name":"wp","href":"https:\/\/api.w.org\/{rel}","templated":true}]}}