{"id":38100,"date":"2025-05-01T05:38:31","date_gmt":"2025-05-01T03:38:31","guid":{"rendered":"https:\/\/www.organisator.ch\/?p=38100"},"modified":"2025-04-30T12:04:15","modified_gmt":"2025-04-30T10:04:15","slug":"saisonstart-2025-fuer-bike-to-work","status":"publish","type":"post","link":"https:\/\/www.organisator.ch\/en\/human-resources\/2025-05-01\/saisonstart-2025-fuer-bike-to-work\/","title":{"rendered":"Start of the 2025 season for bike to work"},"content":{"rendered":"<figure id=\"attachment_38101\" aria-describedby=\"caption-attachment-38101\" style=\"width: 680px\" class=\"wp-caption alignnone\"><img loading=\"lazy\" decoding=\"async\" class=\"size-full wp-image-38101\" src=\"https:\/\/www.organisator.ch\/wp-content\/uploads\/2025\/04\/Saisonstart-2025-fuer-bike-to-work_Organisator.jpg\" alt=\"\" width=\"680\" height=\"453\" srcset=\"https:\/\/www.organisator.ch\/wp-content\/uploads\/2025\/04\/Saisonstart-2025-fuer-bike-to-work_Organisator.jpg 680w, https:\/\/www.organisator.ch\/wp-content\/uploads\/2025\/04\/Saisonstart-2025-fuer-bike-to-work_Organisator-18x12.jpg 18w, https:\/\/www.organisator.ch\/wp-content\/uploads\/2025\/04\/Saisonstart-2025-fuer-bike-to-work_Organisator-375x250.jpg 375w, https:\/\/www.organisator.ch\/wp-content\/uploads\/2025\/04\/Saisonstart-2025-fuer-bike-to-work_Organisator-525x350.jpg 525w\" sizes=\"auto, (max-width: 680px) 100vw, 680px\" \/><figcaption id=\"caption-attachment-38101\" class=\"wp-caption-text\">From May 1, 2025, bike to work will once again be the largest bicycle and health campaign in Switzerland. (Visual: Pro Velo Switzerland)<\/figcaption><\/figure>\n<p>What began years ago as a simple mobility campaign is now a firmly established part of a modern work culture. Companies from all sectors use bike to work to bring movement into the working day and connect employees with each other. And in a playful, uncomplicated way. This is also the case at Lungenliga Ost, where the bike to work challenge is a permanent fixture in the calendar - not as an obligation, but out of conviction: \"It doesn't take much to make a difference,\" says Ursina Raymann, Head of Health Promotion and Prevention. \"A bike, a team, a goal - and suddenly exercise is part of everyday life again.\" The community aspect is particularly motivating: \"When over 100,000 people take part, you feel that you are part of something bigger.\" \u00a0<\/p>\n<h3><strong>1500 prizes worth over 140,000 francs \u00a0<\/strong><\/h3>\n<p>One of the secrets of the bike to work challenge's success lies in the team spirit: cyclists ride in teams of four, motivate each other, laugh and sometimes complain - about rain and headwinds. Those who persevere are not only in a better mood, but also have the chance to win one of almost 1500 prizes with a total value of over 140,000 francs. The bike to work participants from Lungenliga Ost are also competing to cover the most kilometers. And that's not all: the creative team names make people smile internally. \u00a0<\/p>\n<h3><strong>bike to work gets employees cycling <\/strong><\/h3>\n<p>The bike to work challenge not only puts people in a good mood, but also has a long-term effect: \"Thanks to bike to work, one Lungenliga Ost employee has started cycling again after many years. Today she cycles almost every day - even in the rain,\" says Ursina Raymann. Raymann's view of cycling has also changed: \"I consciously plan detours - not because I have to, but because it's good for me.\" Her tip for newcomers: \"Don't be too hard on yourself. Every kilometer counts. And: celebrate yourself when you keep going.\"<\/p>\n<p>Internal communication is key to motivating employees to take part in the bike to work challenge: for example, Lungenliga Ost provides regular information via email and flyers as well as personal advice from a coordinator. The aim is to get even more colleagues on two wheels every year.\u00a0<\/p>\n<p>If you would like to motivate employees in your company to take part in the bike to work challenge: Teams must be registered by <strong>May 31, 2025 possible.\u00a0<\/strong><\/p>\n<p><em><strong>Registration: <\/strong><a href=\"https:\/\/pro-velo.us12.list-manage.com\/track\/click?u=5e1ce0f2058c644a1250e58ca&amp;id=3d3b850d4a&amp;e=0825f3e74f\">biketowork.ch\/en\/company<\/a>\u202f\u00a0<\/em><\/p>","protected":false},"excerpt":{"rendered":"<p>From May 1, 2025, the time has come again: Switzerland is cycling. Thousands of people will get on their bikes for one or two months and cycle to work as part of the bike to work challenge. More than 100,000 participants from almost 4,000 companies are setting an example for health, sustainability and team spirit. <\/p>","protected":false},"author":4,"featured_media":0,"comment_status":"closed","ping_status":"closed","sticky":false,"template":"","format":"standard","meta":{"_acf_changed":false,"_yoast_wpseo_focuskw":"Saisonstart 2025","_yoast_wpseo_metadesc":"Am 1. Mai ist Saisonstart 2025 f\u00fcr die bike to work-Challenge. Wiederum fahren Tausende von Mitarbeitenden mit dem Velo zur Arbeit.","articlekey":"","footnotes":""},"categories":[579],"tags":[77,81,208],"class_list":["post-38100","post","type-post","status-publish","format-standard","hentry","category-human-resources","tag-betriebliches-gesundheitsmanagement","tag-bike-to-work","tag-fit-im-job"],"acf":[],"yoast_head":"<!-- This site is optimized with the Yoast SEO plugin v27.4 - https:\/\/yoast.com\/product\/yoast-seo-wordpress\/ -->\n<title>Saisonstart 2025 f\u00fcr bike to work - Organisator<\/title>\n<meta name=\"description\" content=\"Am 1. Mai ist Saisonstart 2025 f\u00fcr die bike to work-Challenge. Wiederum fahren Tausende von Mitarbeitenden mit dem Velo zur Arbeit.\" \/>\n<meta name=\"robots\" content=\"index, follow, max-snippet:-1, max-image-preview:large, max-video-preview:-1\" \/>\n<link rel=\"canonical\" href=\"https:\/\/www.organisator.ch\/en\/human-resources\/2025-05-01\/saisonstart-2025-fuer-bike-to-work\/\" \/>\n<meta property=\"og:locale\" content=\"en_US\" \/>\n<meta property=\"og:type\" content=\"article\" \/>\n<meta property=\"og:title\" content=\"Saisonstart 2025 f\u00fcr bike to work\" \/>\n<meta property=\"og:description\" content=\"Am 1. Mai ist Saisonstart 2025 f\u00fcr die bike to work-Challenge. Wiederum fahren Tausende von Mitarbeitenden mit dem Velo zur Arbeit.\" \/>\n<meta property=\"og:url\" content=\"https:\/\/www.organisator.ch\/en\/human-resources\/2025-05-01\/saisonstart-2025-fuer-bike-to-work\/\" \/>\n<meta property=\"og:site_name\" content=\"Organisator\" \/>\n<meta property=\"article:publisher\" content=\"https:\/\/www.facebook.com\/OrganisatorFachmagazin\" \/>\n<meta property=\"article:published_time\" content=\"2025-05-01T03:38:31+00:00\" \/>\n<meta property=\"og:image\" content=\"https:\/\/www.organisator.ch\/wp-content\/uploads\/2025\/04\/Saisonstart-2025-fuer-bike-to-work_Organisator.jpg\" \/>\n\t<meta property=\"og:image:width\" content=\"680\" \/>\n\t<meta property=\"og:image:height\" content=\"453\" \/>\n\t<meta property=\"og:image:type\" content=\"image\/jpeg\" \/>\n<meta name=\"author\" content=\"thomas.berner\" \/>\n<meta name=\"twitter:card\" content=\"summary_large_image\" \/>\n<meta name=\"twitter:title\" content=\"#Saisonstart 2025 f\u00fcr bike to work\" \/>\n<meta name=\"twitter:description\" content=\"Am 1. Mai ist #Saisonstart 2025 f\u00fcr die bike to work-Challenge. Wiederum fahren Tausende von Mitarbeitenden mit dem #Velo zur Arbeit.\" \/>\n<meta name=\"twitter:image\" content=\"https:\/\/www.organisator.ch\/wp-content\/uploads\/2025\/04\/Saisonstart-2025-fuer-bike-to-work_Organisator.jpg\" \/>\n<script type=\"application\/ld+json\" class=\"yoast-schema-graph\">{\"@context\":\"https:\\\/\\\/schema.org\",\"@graph\":[{\"@type\":\"Article\",\"@id\":\"https:\\\/\\\/www.organisator.ch\\\/human-resources\\\/2025-05-01\\\/saisonstart-2025-fuer-bike-to-work\\\/#article\",\"isPartOf\":{\"@id\":\"https:\\\/\\\/www.organisator.ch\\\/human-resources\\\/2025-05-01\\\/saisonstart-2025-fuer-bike-to-work\\\/\"},\"author\":{\"name\":\"thomas.berner\",\"@id\":\"https:\\\/\\\/www.organisator.ch\\\/#\\\/schema\\\/person\\\/6f650f90b2842cd4c0cc334b4e36f67e\"},\"headline\":\"Saisonstart 2025 f\u00fcr bike to work\",\"datePublished\":\"2025-05-01T03:38:31+00:00\",\"mainEntityOfPage\":{\"@id\":\"https:\\\/\\\/www.organisator.ch\\\/human-resources\\\/2025-05-01\\\/saisonstart-2025-fuer-bike-to-work\\\/\"},\"wordCount\":411,\"publisher\":{\"@id\":\"https:\\\/\\\/www.organisator.ch\\\/#organization\"},\"image\":{\"@id\":\"https:\\\/\\\/www.organisator.ch\\\/human-resources\\\/2025-05-01\\\/saisonstart-2025-fuer-bike-to-work\\\/#primaryimage\"},\"thumbnailUrl\":\"https:\\\/\\\/www.organisator.ch\\\/wp-content\\\/uploads\\\/2025\\\/04\\\/Saisonstart-2025-fuer-bike-to-work_Organisator.jpg\",\"keywords\":[\"Betriebliches Gesundheitsmanagement\",\"Bike to Work\",\"Fit im Job\"],\"articleSection\":[\"HUMAN RESOURCES\"],\"inLanguage\":\"en-US\"},{\"@type\":\"WebPage\",\"@id\":\"https:\\\/\\\/www.organisator.ch\\\/human-resources\\\/2025-05-01\\\/saisonstart-2025-fuer-bike-to-work\\\/\",\"url\":\"https:\\\/\\\/www.organisator.ch\\\/human-resources\\\/2025-05-01\\\/saisonstart-2025-fuer-bike-to-work\\\/\",\"name\":\"Saisonstart 2025 f\u00fcr bike to work - Organisator\",\"isPartOf\":{\"@id\":\"https:\\\/\\\/www.organisator.ch\\\/#website\"},\"primaryImageOfPage\":{\"@id\":\"https:\\\/\\\/www.organisator.ch\\\/human-resources\\\/2025-05-01\\\/saisonstart-2025-fuer-bike-to-work\\\/#primaryimage\"},\"image\":{\"@id\":\"https:\\\/\\\/www.organisator.ch\\\/human-resources\\\/2025-05-01\\\/saisonstart-2025-fuer-bike-to-work\\\/#primaryimage\"},\"thumbnailUrl\":\"https:\\\/\\\/www.organisator.ch\\\/wp-content\\\/uploads\\\/2025\\\/04\\\/Saisonstart-2025-fuer-bike-to-work_Organisator.jpg\",\"datePublished\":\"2025-05-01T03:38:31+00:00\",\"description\":\"Am 1. Mai ist Saisonstart 2025 f\u00fcr die bike to work-Challenge. Wiederum fahren Tausende von Mitarbeitenden mit dem Velo zur Arbeit.\",\"breadcrumb\":{\"@id\":\"https:\\\/\\\/www.organisator.ch\\\/human-resources\\\/2025-05-01\\\/saisonstart-2025-fuer-bike-to-work\\\/#breadcrumb\"},\"inLanguage\":\"en-US\",\"potentialAction\":[{\"@type\":\"ReadAction\",\"target\":[\"https:\\\/\\\/www.organisator.ch\\\/human-resources\\\/2025-05-01\\\/saisonstart-2025-fuer-bike-to-work\\\/\"]}]},{\"@type\":\"ImageObject\",\"inLanguage\":\"en-US\",\"@id\":\"https:\\\/\\\/www.organisator.ch\\\/human-resources\\\/2025-05-01\\\/saisonstart-2025-fuer-bike-to-work\\\/#primaryimage\",\"url\":\"https:\\\/\\\/www.organisator.ch\\\/wp-content\\\/uploads\\\/2025\\\/04\\\/Saisonstart-2025-fuer-bike-to-work_Organisator.jpg\",\"contentUrl\":\"https:\\\/\\\/www.organisator.ch\\\/wp-content\\\/uploads\\\/2025\\\/04\\\/Saisonstart-2025-fuer-bike-to-work_Organisator.jpg\"},{\"@type\":\"BreadcrumbList\",\"@id\":\"https:\\\/\\\/www.organisator.ch\\\/human-resources\\\/2025-05-01\\\/saisonstart-2025-fuer-bike-to-work\\\/#breadcrumb\",\"itemListElement\":[{\"@type\":\"ListItem\",\"position\":1,\"name\":\"Home\",\"item\":\"https:\\\/\\\/www.organisator.ch\\\/\"},{\"@type\":\"ListItem\",\"position\":2,\"name\":\"Saisonstart 2025 f\u00fcr bike to work\"}]},{\"@type\":\"WebSite\",\"@id\":\"https:\\\/\\\/www.organisator.ch\\\/#website\",\"url\":\"https:\\\/\\\/www.organisator.ch\\\/\",\"name\":\"Organisator\",\"description\":\"Kompetent. Praxisnah. Der ORGANISATOR bereitet in 10 Ausgaben pro Jahr die wesentlichen Themen f\u00fcr F\u00fchrungskr\u00e4fte von KMU auf.\",\"publisher\":{\"@id\":\"https:\\\/\\\/www.organisator.ch\\\/#organization\"},\"potentialAction\":[{\"@type\":\"SearchAction\",\"target\":{\"@type\":\"EntryPoint\",\"urlTemplate\":\"https:\\\/\\\/www.organisator.ch\\\/?s={search_term_string}\"},\"query-input\":{\"@type\":\"PropertyValueSpecification\",\"valueRequired\":true,\"valueName\":\"search_term_string\"}}],\"inLanguage\":\"en-US\"},{\"@type\":\"Organization\",\"@id\":\"https:\\\/\\\/www.organisator.ch\\\/#organization\",\"name\":\"Organisator\",\"url\":\"https:\\\/\\\/www.organisator.ch\\\/\",\"logo\":{\"@type\":\"ImageObject\",\"inLanguage\":\"en-US\",\"@id\":\"https:\\\/\\\/www.organisator.ch\\\/#\\\/schema\\\/logo\\\/image\\\/\",\"url\":\"https:\\\/\\\/www.organisator.ch\\\/wp-content\\\/uploads\\\/2022\\\/01\\\/Logo_Organisator_Website.png\",\"contentUrl\":\"https:\\\/\\\/www.organisator.ch\\\/wp-content\\\/uploads\\\/2022\\\/01\\\/Logo_Organisator_Website.png\",\"width\":800,\"height\":77,\"caption\":\"Organisator\"},\"image\":{\"@id\":\"https:\\\/\\\/www.organisator.ch\\\/#\\\/schema\\\/logo\\\/image\\\/\"},\"sameAs\":[\"https:\\\/\\\/www.facebook.com\\\/OrganisatorFachmagazin\",\"https:\\\/\\\/www.linkedin.com\\\/showcase\\\/organisator-das-magazin-fr-kmu\",\"https:\\\/\\\/www.xing.com\\\/news\\\/pages\\\/organisator-ch-695\",\"https:\\\/\\\/www.youtube.com\\\/channel\\\/UCGP2Sq0iWaZwT3BdIAQFYpw\"]},{\"@type\":\"Person\",\"@id\":\"https:\\\/\\\/www.organisator.ch\\\/#\\\/schema\\\/person\\\/6f650f90b2842cd4c0cc334b4e36f67e\",\"name\":\"thomas.berner\",\"image\":{\"@type\":\"ImageObject\",\"inLanguage\":\"en-US\",\"@id\":\"https:\\\/\\\/secure.gravatar.com\\\/avatar\\\/ac5001d2a36cb6c6cd3e50789007ffca834b477b74a2144564522e944eabff61?s=96&d=mm&r=g\",\"url\":\"https:\\\/\\\/secure.gravatar.com\\\/avatar\\\/ac5001d2a36cb6c6cd3e50789007ffca834b477b74a2144564522e944eabff61?s=96&d=mm&r=g\",\"contentUrl\":\"https:\\\/\\\/secure.gravatar.com\\\/avatar\\\/ac5001d2a36cb6c6cd3e50789007ffca834b477b74a2144564522e944eabff61?s=96&d=mm&r=g\",\"caption\":\"thomas.berner\"},\"url\":\"https:\\\/\\\/www.organisator.ch\\\/en\\\/author\\\/thomas-berner\\\/\"}]}<\/script>\n<!-- \/ Yoast SEO plugin. -->","yoast_head_json":{"title":"Start of the 2025 season for bike to work - organizer","description":"May 1 marks the start of the 2025 season for the bike to work challenge. Once again, thousands of employees will be cycling to work.","robots":{"index":"index","follow":"follow","max-snippet":"max-snippet:-1","max-image-preview":"max-image-preview:large","max-video-preview":"max-video-preview:-1"},"canonical":"https:\/\/www.organisator.ch\/en\/human-resources\/2025-05-01\/saisonstart-2025-fuer-bike-to-work\/","og_locale":"en_US","og_type":"article","og_title":"Saisonstart 2025 f\u00fcr bike to work","og_description":"Am 1. Mai ist Saisonstart 2025 f\u00fcr die bike to work-Challenge. Wiederum fahren Tausende von Mitarbeitenden mit dem Velo zur Arbeit.","og_url":"https:\/\/www.organisator.ch\/en\/human-resources\/2025-05-01\/saisonstart-2025-fuer-bike-to-work\/","og_site_name":"Organisator","article_publisher":"https:\/\/www.facebook.com\/OrganisatorFachmagazin","article_published_time":"2025-05-01T03:38:31+00:00","og_image":[{"width":680,"height":453,"url":"https:\/\/www.organisator.ch\/wp-content\/uploads\/2025\/04\/Saisonstart-2025-fuer-bike-to-work_Organisator.jpg","type":"image\/jpeg"}],"author":"thomas.berner","twitter_card":"summary_large_image","twitter_title":"#Saisonstart 2025 f\u00fcr bike to work","twitter_description":"Am 1. Mai ist #Saisonstart 2025 f\u00fcr die bike to work-Challenge. Wiederum fahren Tausende von Mitarbeitenden mit dem #Velo zur Arbeit.","twitter_image":"https:\/\/www.organisator.ch\/wp-content\/uploads\/2025\/04\/Saisonstart-2025-fuer-bike-to-work_Organisator.jpg","schema":{"@context":"https:\/\/schema.org","@graph":[{"@type":"Article","@id":"https:\/\/www.organisator.ch\/human-resources\/2025-05-01\/saisonstart-2025-fuer-bike-to-work\/#article","isPartOf":{"@id":"https:\/\/www.organisator.ch\/human-resources\/2025-05-01\/saisonstart-2025-fuer-bike-to-work\/"},"author":{"name":"thomas.berner","@id":"https:\/\/www.organisator.ch\/#\/schema\/person\/6f650f90b2842cd4c0cc334b4e36f67e"},"headline":"Saisonstart 2025 f\u00fcr bike to work","datePublished":"2025-05-01T03:38:31+00:00","mainEntityOfPage":{"@id":"https:\/\/www.organisator.ch\/human-resources\/2025-05-01\/saisonstart-2025-fuer-bike-to-work\/"},"wordCount":411,"publisher":{"@id":"https:\/\/www.organisator.ch\/#organization"},"image":{"@id":"https:\/\/www.organisator.ch\/human-resources\/2025-05-01\/saisonstart-2025-fuer-bike-to-work\/#primaryimage"},"thumbnailUrl":"https:\/\/www.organisator.ch\/wp-content\/uploads\/2025\/04\/Saisonstart-2025-fuer-bike-to-work_Organisator.jpg","keywords":["Betriebliches Gesundheitsmanagement","Bike to Work","Fit im Job"],"articleSection":["HUMAN RESOURCES"],"inLanguage":"en-US"},{"@type":"WebPage","@id":"https:\/\/www.organisator.ch\/human-resources\/2025-05-01\/saisonstart-2025-fuer-bike-to-work\/","url":"https:\/\/www.organisator.ch\/human-resources\/2025-05-01\/saisonstart-2025-fuer-bike-to-work\/","name":"Start of the 2025 season for bike to work - organizer","isPartOf":{"@id":"https:\/\/www.organisator.ch\/#website"},"primaryImageOfPage":{"@id":"https:\/\/www.organisator.ch\/human-resources\/2025-05-01\/saisonstart-2025-fuer-bike-to-work\/#primaryimage"},"image":{"@id":"https:\/\/www.organisator.ch\/human-resources\/2025-05-01\/saisonstart-2025-fuer-bike-to-work\/#primaryimage"},"thumbnailUrl":"https:\/\/www.organisator.ch\/wp-content\/uploads\/2025\/04\/Saisonstart-2025-fuer-bike-to-work_Organisator.jpg","datePublished":"2025-05-01T03:38:31+00:00","description":"May 1 marks the start of the 2025 season for the bike to work challenge. Once again, thousands of employees will be cycling to work.","breadcrumb":{"@id":"https:\/\/www.organisator.ch\/human-resources\/2025-05-01\/saisonstart-2025-fuer-bike-to-work\/#breadcrumb"},"inLanguage":"en-US","potentialAction":[{"@type":"ReadAction","target":["https:\/\/www.organisator.ch\/human-resources\/2025-05-01\/saisonstart-2025-fuer-bike-to-work\/"]}]},{"@type":"ImageObject","inLanguage":"en-US","@id":"https:\/\/www.organisator.ch\/human-resources\/2025-05-01\/saisonstart-2025-fuer-bike-to-work\/#primaryimage","url":"https:\/\/www.organisator.ch\/wp-content\/uploads\/2025\/04\/Saisonstart-2025-fuer-bike-to-work_Organisator.jpg","contentUrl":"https:\/\/www.organisator.ch\/wp-content\/uploads\/2025\/04\/Saisonstart-2025-fuer-bike-to-work_Organisator.jpg"},{"@type":"BreadcrumbList","@id":"https:\/\/www.organisator.ch\/human-resources\/2025-05-01\/saisonstart-2025-fuer-bike-to-work\/#breadcrumb","itemListElement":[{"@type":"ListItem","position":1,"name":"Home","item":"https:\/\/www.organisator.ch\/"},{"@type":"ListItem","position":2,"name":"Saisonstart 2025 f\u00fcr bike to work"}]},{"@type":"WebSite","@id":"https:\/\/www.organisator.ch\/#website","url":"https:\/\/www.organisator.ch\/","name":"Organizer","description":"Competent. Practical. In 10 issues per year, ORGANISATOR presents the essential topics for managers of SMEs.","publisher":{"@id":"https:\/\/www.organisator.ch\/#organization"},"potentialAction":[{"@type":"SearchAction","target":{"@type":"EntryPoint","urlTemplate":"https:\/\/www.organisator.ch\/?s={search_term_string}"},"query-input":{"@type":"PropertyValueSpecification","valueRequired":true,"valueName":"search_term_string"}}],"inLanguage":"en-US"},{"@type":"Organization","@id":"https:\/\/www.organisator.ch\/#organization","name":"Organizer","url":"https:\/\/www.organisator.ch\/","logo":{"@type":"ImageObject","inLanguage":"en-US","@id":"https:\/\/www.organisator.ch\/#\/schema\/logo\/image\/","url":"https:\/\/www.organisator.ch\/wp-content\/uploads\/2022\/01\/Logo_Organisator_Website.png","contentUrl":"https:\/\/www.organisator.ch\/wp-content\/uploads\/2022\/01\/Logo_Organisator_Website.png","width":800,"height":77,"caption":"Organisator"},"image":{"@id":"https:\/\/www.organisator.ch\/#\/schema\/logo\/image\/"},"sameAs":["https:\/\/www.facebook.com\/OrganisatorFachmagazin","https:\/\/www.linkedin.com\/showcase\/organisator-das-magazin-fr-kmu","https:\/\/www.xing.com\/news\/pages\/organisator-ch-695","https:\/\/www.youtube.com\/channel\/UCGP2Sq0iWaZwT3BdIAQFYpw"]},{"@type":"Person","@id":"https:\/\/www.organisator.ch\/#\/schema\/person\/6f650f90b2842cd4c0cc334b4e36f67e","name":"thomas.berner","image":{"@type":"ImageObject","inLanguage":"en-US","@id":"https:\/\/secure.gravatar.com\/avatar\/ac5001d2a36cb6c6cd3e50789007ffca834b477b74a2144564522e944eabff61?s=96&d=mm&r=g","url":"https:\/\/secure.gravatar.com\/avatar\/ac5001d2a36cb6c6cd3e50789007ffca834b477b74a2144564522e944eabff61?s=96&d=mm&r=g","contentUrl":"https:\/\/secure.gravatar.com\/avatar\/ac5001d2a36cb6c6cd3e50789007ffca834b477b74a2144564522e944eabff61?s=96&d=mm&r=g","caption":"thomas.berner"},"url":"https:\/\/www.organisator.ch\/en\/author\/thomas-berner\/"}]}},"_links":{"self":[{"href":"https:\/\/www.organisator.ch\/en\/wp-json\/wp\/v2\/posts\/38100","targetHints":{"allow":["GET"]}}],"collection":[{"href":"https:\/\/www.organisator.ch\/en\/wp-json\/wp\/v2\/posts"}],"about":[{"href":"https:\/\/www.organisator.ch\/en\/wp-json\/wp\/v2\/types\/post"}],"author":[{"embeddable":true,"href":"https:\/\/www.organisator.ch\/en\/wp-json\/wp\/v2\/users\/4"}],"replies":[{"embeddable":true,"href":"https:\/\/www.organisator.ch\/en\/wp-json\/wp\/v2\/comments?post=38100"}],"version-history":[{"count":4,"href":"https:\/\/www.organisator.ch\/en\/wp-json\/wp\/v2\/posts\/38100\/revisions"}],"predecessor-version":[{"id":38124,"href":"https:\/\/www.organisator.ch\/en\/wp-json\/wp\/v2\/posts\/38100\/revisions\/38124"}],"wp:attachment":[{"href":"https:\/\/www.organisator.ch\/en\/wp-json\/wp\/v2\/media?parent=38100"}],"wp:term":[{"taxonomy":"category","embeddable":true,"href":"https:\/\/www.organisator.ch\/en\/wp-json\/wp\/v2\/categories?post=38100"},{"taxonomy":"post_tag","embeddable":true,"href":"https:\/\/www.organisator.ch\/en\/wp-json\/wp\/v2\/tags?post=38100"}],"curies":[{"name":"wp","href":"https:\/\/api.w.org\/{rel}","templated":true}]}}