{"id":38108,"date":"2025-05-01T06:27:38","date_gmt":"2025-05-01T04:27:38","guid":{"rendered":"https:\/\/www.organisator.ch\/?p=38108"},"modified":"2025-04-30T16:41:40","modified_gmt":"2025-04-30T14:41:40","slug":"ernuechternder-jahresstart-fuer-personaldienstleister","status":"publish","type":"post","link":"https:\/\/www.organisator.ch\/en\/human-resources\/2025-05-01\/ernuechternder-jahresstart-fuer-personaldienstleister\/","title":{"rendered":"Sobering start to the year for personnel service providers"},"content":{"rendered":"<figure id=\"attachment_38109\" aria-describedby=\"caption-attachment-38109\" style=\"width: 680px\" class=\"wp-caption alignnone\"><img loading=\"lazy\" decoding=\"async\" class=\"size-full wp-image-38109\" src=\"https:\/\/www.organisator.ch\/wp-content\/uploads\/2025\/04\/Ernuechternder-Jahresstart-fuer-Personaldienstleister_Organisator.jpg\" alt=\"\" width=\"680\" height=\"452\" srcset=\"https:\/\/www.organisator.ch\/wp-content\/uploads\/2025\/04\/Ernuechternder-Jahresstart-fuer-Personaldienstleister_Organisator.jpg 680w, https:\/\/www.organisator.ch\/wp-content\/uploads\/2025\/04\/Ernuechternder-Jahresstart-fuer-Personaldienstleister_Organisator-18x12.jpg 18w, https:\/\/www.organisator.ch\/wp-content\/uploads\/2025\/04\/Ernuechternder-Jahresstart-fuer-Personaldienstleister_Organisator-375x249.jpg 375w, https:\/\/www.organisator.ch\/wp-content\/uploads\/2025\/04\/Ernuechternder-Jahresstart-fuer-Personaldienstleister_Organisator-527x350.jpg 527w\" sizes=\"auto, (max-width: 680px) 100vw, 680px\" \/><figcaption id=\"caption-attachment-38109\" class=\"wp-caption-text\">Personnel service providers are confronted with a weakening economy - the demand for temporary staff is falling in almost all sectors. (Image: Depositphotos.com)<\/figcaption><\/figure>\n<p>Personnel service providers had a negative start to 2025 in the first quarter. In the temporary staffing market, the financial year started in the red for the third time in a row. The number of hours worked in staff leasing fell by 8.4%. The permanent placement market slumped by 24.6 percent. As a traditionally cyclically sensitive sector, personnel service providers are feeling the effects of economic uncertainty particularly keenly. The US customs policy under current President Donald Trump is fueling this development at a time when the economy is cooling down anyway and geopolitical risks remain high.<\/p>\n<h3>Reluctance to hire temporary staff<\/h3>\n<p>The Swiss economy is therefore faltering - and threatens to cool down even more with the global economy: \"Many of the recruitment companies are unsettled. They are finding it difficult to predict their turnover and staffing requirements,\" explains Daniel Staffelbach, General Manager Switzerland at Coople. Accordingly, they are reluctant to hire temporary staff. Donald Trump's tariff policy is increasing the uncertainty that already existed in the economy before he took office. At the same time, many companies are wondering whether and when the defense packages abroad will have a positive impact on the Swiss economy. This is forcing companies to think in the appropriate scenarios. Staffelbach notes: \"The core workforce has already been reduced to a minimum in many places. If unforeseen events such as staff shortages, order peaks or increased customer volumes occur, speed and flexibility are crucial - and this is precisely when companies turn to us as a personnel service provider. The time between the notification of a personnel requirement and the first working day is becoming increasingly shorter.\"<\/p>\n<h3>Outlook for the financial year<\/h3>\n<p>The outlook for the future remains cautious. The downgraded growth forecasts, as recently reported by the Swiss Economic Institute (KOF) and the International Monetary Fund, are the first to be seen among personnel service providers. The cooling trend is therefore likely to continue. It can be seen in all sectors, construction, industry and most strongly in the service professions. However, there are also rays of hope. For example, private households continue to consume services in the leisure sector. This opens up new opportunities for personnel service providers, even in a challenging market phase.<\/p>\n<p><em>Source and further information: <a href=\"http:\/\/www.swissstaffing.ch\">Swissstaffing.ch<\/a><\/em><\/p>","protected":false},"excerpt":{"rendered":"<p>The economic slowdown is weighing on personnel service providers. The temporary and permanent staffing markets remain in the red in the new financial year. This is shown by the new Swiss Staffingindex.<\/p>","protected":false},"author":4,"featured_media":38109,"comment_status":"closed","ping_status":"closed","sticky":false,"template":"","format":"standard","meta":{"_acf_changed":false,"_yoast_wpseo_focuskw":"Personaldienstleister","_yoast_wpseo_metadesc":"Die Konjunkturabk\u00fchlung belastet Personaldienstleister. Tempor\u00e4r- und Feststellenmarkt verharren auch im neuen Gesch\u00e4ftsjahr im Minus.","articlekey":"","footnotes":""},"categories":[579],"tags":[254,310,3544],"class_list":["post-38108","post","type-post","status-publish","format-standard","has-post-thumbnail","hentry","category-human-resources","tag-hrm","tag-konjunktur","tag-personaldienstleistungen"],"acf":[],"yoast_head":"<!-- This site is optimized with the Yoast SEO plugin v27.5 - https:\/\/yoast.com\/product\/yoast-seo-wordpress\/ -->\n<title>Ern\u00fcchternder Jahresstart f\u00fcr Personaldienstleister - Organisator<\/title>\n<meta name=\"description\" content=\"Die Konjunkturabk\u00fchlung belastet Personaldienstleister. Tempor\u00e4r- und Feststellenmarkt verharren auch im neuen Gesch\u00e4ftsjahr im Minus.\" \/>\n<meta name=\"robots\" content=\"index, follow, max-snippet:-1, max-image-preview:large, max-video-preview:-1\" \/>\n<link rel=\"canonical\" href=\"https:\/\/www.organisator.ch\/en\/human-resources\/2025-05-01\/ernuechternder-jahresstart-fuer-personaldienstleister\/\" \/>\n<meta property=\"og:locale\" content=\"en_US\" \/>\n<meta property=\"og:type\" content=\"article\" \/>\n<meta property=\"og:title\" content=\"Ern\u00fcchternder Jahresstart f\u00fcr Personaldienstleister\" \/>\n<meta property=\"og:description\" content=\"Die Konjunkturabk\u00fchlung belastet Personaldienstleister. Tempor\u00e4r- und Feststellenmarkt verharren auch im neuen Gesch\u00e4ftsjahr im Minus.\" \/>\n<meta property=\"og:url\" content=\"https:\/\/www.organisator.ch\/en\/human-resources\/2025-05-01\/ernuechternder-jahresstart-fuer-personaldienstleister\/\" \/>\n<meta property=\"og:site_name\" content=\"Organisator\" \/>\n<meta property=\"article:publisher\" content=\"https:\/\/www.facebook.com\/OrganisatorFachmagazin\" \/>\n<meta property=\"article:published_time\" content=\"2025-05-01T04:27:38+00:00\" \/>\n<meta property=\"og:image\" content=\"https:\/\/www.organisator.ch\/wp-content\/uploads\/2025\/04\/Ernuechternder-Jahresstart-fuer-Personaldienstleister_Organisator.jpg\" \/>\n\t<meta property=\"og:image:width\" content=\"680\" \/>\n\t<meta property=\"og:image:height\" content=\"452\" \/>\n\t<meta property=\"og:image:type\" content=\"image\/jpeg\" \/>\n<meta name=\"author\" content=\"thomas.berner\" \/>\n<meta name=\"twitter:card\" content=\"summary_large_image\" \/>\n<meta name=\"twitter:title\" content=\"Ern\u00fcchternder #Jahresstart f\u00fcr #Personaldienstleister\" \/>\n<meta name=\"twitter:description\" content=\"Die #Konjunkturabk\u00fchlung belastet #Personaldienstleister. Tempor\u00e4r- und #Feststellenmarkt verharren auch im neuen Gesch\u00e4ftsjahr im Minus.\" \/>\n<meta name=\"twitter:image\" content=\"https:\/\/www.organisator.ch\/wp-content\/uploads\/2025\/04\/Ernuechternder-Jahresstart-fuer-Personaldienstleister_Organisator.jpg\" \/>\n<script type=\"application\/ld+json\" class=\"yoast-schema-graph\">{\"@context\":\"https:\\\/\\\/schema.org\",\"@graph\":[{\"@type\":\"Article\",\"@id\":\"https:\\\/\\\/www.organisator.ch\\\/human-resources\\\/2025-05-01\\\/ernuechternder-jahresstart-fuer-personaldienstleister\\\/#article\",\"isPartOf\":{\"@id\":\"https:\\\/\\\/www.organisator.ch\\\/human-resources\\\/2025-05-01\\\/ernuechternder-jahresstart-fuer-personaldienstleister\\\/\"},\"author\":{\"name\":\"thomas.berner\",\"@id\":\"https:\\\/\\\/www.organisator.ch\\\/#\\\/schema\\\/person\\\/6f650f90b2842cd4c0cc334b4e36f67e\"},\"headline\":\"Ern\u00fcchternder Jahresstart f\u00fcr Personaldienstleister\",\"datePublished\":\"2025-05-01T04:27:38+00:00\",\"mainEntityOfPage\":{\"@id\":\"https:\\\/\\\/www.organisator.ch\\\/human-resources\\\/2025-05-01\\\/ernuechternder-jahresstart-fuer-personaldienstleister\\\/\"},\"wordCount\":383,\"publisher\":{\"@id\":\"https:\\\/\\\/www.organisator.ch\\\/#organization\"},\"image\":{\"@id\":\"https:\\\/\\\/www.organisator.ch\\\/human-resources\\\/2025-05-01\\\/ernuechternder-jahresstart-fuer-personaldienstleister\\\/#primaryimage\"},\"thumbnailUrl\":\"https:\\\/\\\/www.organisator.ch\\\/wp-content\\\/uploads\\\/2025\\\/04\\\/Ernuechternder-Jahresstart-fuer-Personaldienstleister_Organisator.jpg\",\"keywords\":[\"HRM\",\"Konjunktur\",\"Personaldienstleistungen\"],\"articleSection\":[\"HUMAN RESOURCES\"],\"inLanguage\":\"en-US\"},{\"@type\":\"WebPage\",\"@id\":\"https:\\\/\\\/www.organisator.ch\\\/human-resources\\\/2025-05-01\\\/ernuechternder-jahresstart-fuer-personaldienstleister\\\/\",\"url\":\"https:\\\/\\\/www.organisator.ch\\\/human-resources\\\/2025-05-01\\\/ernuechternder-jahresstart-fuer-personaldienstleister\\\/\",\"name\":\"Ern\u00fcchternder Jahresstart f\u00fcr Personaldienstleister - Organisator\",\"isPartOf\":{\"@id\":\"https:\\\/\\\/www.organisator.ch\\\/#website\"},\"primaryImageOfPage\":{\"@id\":\"https:\\\/\\\/www.organisator.ch\\\/human-resources\\\/2025-05-01\\\/ernuechternder-jahresstart-fuer-personaldienstleister\\\/#primaryimage\"},\"image\":{\"@id\":\"https:\\\/\\\/www.organisator.ch\\\/human-resources\\\/2025-05-01\\\/ernuechternder-jahresstart-fuer-personaldienstleister\\\/#primaryimage\"},\"thumbnailUrl\":\"https:\\\/\\\/www.organisator.ch\\\/wp-content\\\/uploads\\\/2025\\\/04\\\/Ernuechternder-Jahresstart-fuer-Personaldienstleister_Organisator.jpg\",\"datePublished\":\"2025-05-01T04:27:38+00:00\",\"description\":\"Die Konjunkturabk\u00fchlung belastet Personaldienstleister. Tempor\u00e4r- und Feststellenmarkt verharren auch im neuen Gesch\u00e4ftsjahr im Minus.\",\"breadcrumb\":{\"@id\":\"https:\\\/\\\/www.organisator.ch\\\/human-resources\\\/2025-05-01\\\/ernuechternder-jahresstart-fuer-personaldienstleister\\\/#breadcrumb\"},\"inLanguage\":\"en-US\",\"potentialAction\":[{\"@type\":\"ReadAction\",\"target\":[\"https:\\\/\\\/www.organisator.ch\\\/human-resources\\\/2025-05-01\\\/ernuechternder-jahresstart-fuer-personaldienstleister\\\/\"]}]},{\"@type\":\"ImageObject\",\"inLanguage\":\"en-US\",\"@id\":\"https:\\\/\\\/www.organisator.ch\\\/human-resources\\\/2025-05-01\\\/ernuechternder-jahresstart-fuer-personaldienstleister\\\/#primaryimage\",\"url\":\"https:\\\/\\\/www.organisator.ch\\\/wp-content\\\/uploads\\\/2025\\\/04\\\/Ernuechternder-Jahresstart-fuer-Personaldienstleister_Organisator.jpg\",\"contentUrl\":\"https:\\\/\\\/www.organisator.ch\\\/wp-content\\\/uploads\\\/2025\\\/04\\\/Ernuechternder-Jahresstart-fuer-Personaldienstleister_Organisator.jpg\",\"width\":680,\"height\":452,\"caption\":\"Personaldienstleister sehen sich mit einer schw\u00e4chelnden Konjunktur konfrontiert - der Bedarf an Tempor\u00e4rpersonal sinkt in fast allen Branchen. (Bild: Depositphotos.com)\"},{\"@type\":\"BreadcrumbList\",\"@id\":\"https:\\\/\\\/www.organisator.ch\\\/human-resources\\\/2025-05-01\\\/ernuechternder-jahresstart-fuer-personaldienstleister\\\/#breadcrumb\",\"itemListElement\":[{\"@type\":\"ListItem\",\"position\":1,\"name\":\"Home\",\"item\":\"https:\\\/\\\/www.organisator.ch\\\/\"},{\"@type\":\"ListItem\",\"position\":2,\"name\":\"Ern\u00fcchternder Jahresstart f\u00fcr Personaldienstleister\"}]},{\"@type\":\"WebSite\",\"@id\":\"https:\\\/\\\/www.organisator.ch\\\/#website\",\"url\":\"https:\\\/\\\/www.organisator.ch\\\/\",\"name\":\"Organisator\",\"description\":\"Kompetent. Praxisnah. Der ORGANISATOR bereitet in 10 Ausgaben pro Jahr die wesentlichen Themen f\u00fcr F\u00fchrungskr\u00e4fte von KMU auf.\",\"publisher\":{\"@id\":\"https:\\\/\\\/www.organisator.ch\\\/#organization\"},\"potentialAction\":[{\"@type\":\"SearchAction\",\"target\":{\"@type\":\"EntryPoint\",\"urlTemplate\":\"https:\\\/\\\/www.organisator.ch\\\/?s={search_term_string}\"},\"query-input\":{\"@type\":\"PropertyValueSpecification\",\"valueRequired\":true,\"valueName\":\"search_term_string\"}}],\"inLanguage\":\"en-US\"},{\"@type\":\"Organization\",\"@id\":\"https:\\\/\\\/www.organisator.ch\\\/#organization\",\"name\":\"Organisator\",\"url\":\"https:\\\/\\\/www.organisator.ch\\\/\",\"logo\":{\"@type\":\"ImageObject\",\"inLanguage\":\"en-US\",\"@id\":\"https:\\\/\\\/www.organisator.ch\\\/#\\\/schema\\\/logo\\\/image\\\/\",\"url\":\"https:\\\/\\\/www.organisator.ch\\\/wp-content\\\/uploads\\\/2022\\\/01\\\/Logo_Organisator_Website.png\",\"contentUrl\":\"https:\\\/\\\/www.organisator.ch\\\/wp-content\\\/uploads\\\/2022\\\/01\\\/Logo_Organisator_Website.png\",\"width\":800,\"height\":77,\"caption\":\"Organisator\"},\"image\":{\"@id\":\"https:\\\/\\\/www.organisator.ch\\\/#\\\/schema\\\/logo\\\/image\\\/\"},\"sameAs\":[\"https:\\\/\\\/www.facebook.com\\\/OrganisatorFachmagazin\",\"https:\\\/\\\/www.linkedin.com\\\/showcase\\\/organisator-das-magazin-fr-kmu\",\"https:\\\/\\\/www.xing.com\\\/news\\\/pages\\\/organisator-ch-695\",\"https:\\\/\\\/www.youtube.com\\\/channel\\\/UCGP2Sq0iWaZwT3BdIAQFYpw\"]},{\"@type\":\"Person\",\"@id\":\"https:\\\/\\\/www.organisator.ch\\\/#\\\/schema\\\/person\\\/6f650f90b2842cd4c0cc334b4e36f67e\",\"name\":\"thomas.berner\",\"image\":{\"@type\":\"ImageObject\",\"inLanguage\":\"en-US\",\"@id\":\"https:\\\/\\\/secure.gravatar.com\\\/avatar\\\/ac5001d2a36cb6c6cd3e50789007ffca834b477b74a2144564522e944eabff61?s=96&d=mm&r=g\",\"url\":\"https:\\\/\\\/secure.gravatar.com\\\/avatar\\\/ac5001d2a36cb6c6cd3e50789007ffca834b477b74a2144564522e944eabff61?s=96&d=mm&r=g\",\"contentUrl\":\"https:\\\/\\\/secure.gravatar.com\\\/avatar\\\/ac5001d2a36cb6c6cd3e50789007ffca834b477b74a2144564522e944eabff61?s=96&d=mm&r=g\",\"caption\":\"thomas.berner\"},\"url\":\"https:\\\/\\\/www.organisator.ch\\\/en\\\/author\\\/thomas-berner\\\/\"}]}<\/script>\n<!-- \/ Yoast SEO plugin. -->","yoast_head_json":{"title":"Sobering start to the year for personnel service providers - Organizer","description":"The economic slowdown is weighing on personnel service providers. Temporary and permanent staffing markets remain in the red in the new financial year.","robots":{"index":"index","follow":"follow","max-snippet":"max-snippet:-1","max-image-preview":"max-image-preview:large","max-video-preview":"max-video-preview:-1"},"canonical":"https:\/\/www.organisator.ch\/en\/human-resources\/2025-05-01\/ernuechternder-jahresstart-fuer-personaldienstleister\/","og_locale":"en_US","og_type":"article","og_title":"Ern\u00fcchternder Jahresstart f\u00fcr Personaldienstleister","og_description":"Die Konjunkturabk\u00fchlung belastet Personaldienstleister. Tempor\u00e4r- und Feststellenmarkt verharren auch im neuen Gesch\u00e4ftsjahr im Minus.","og_url":"https:\/\/www.organisator.ch\/en\/human-resources\/2025-05-01\/ernuechternder-jahresstart-fuer-personaldienstleister\/","og_site_name":"Organisator","article_publisher":"https:\/\/www.facebook.com\/OrganisatorFachmagazin","article_published_time":"2025-05-01T04:27:38+00:00","og_image":[{"width":680,"height":452,"url":"https:\/\/www.organisator.ch\/wp-content\/uploads\/2025\/04\/Ernuechternder-Jahresstart-fuer-Personaldienstleister_Organisator.jpg","type":"image\/jpeg"}],"author":"thomas.berner","twitter_card":"summary_large_image","twitter_title":"Ern\u00fcchternder #Jahresstart f\u00fcr #Personaldienstleister","twitter_description":"Die #Konjunkturabk\u00fchlung belastet #Personaldienstleister. Tempor\u00e4r- und #Feststellenmarkt verharren auch im neuen Gesch\u00e4ftsjahr im Minus.","twitter_image":"https:\/\/www.organisator.ch\/wp-content\/uploads\/2025\/04\/Ernuechternder-Jahresstart-fuer-Personaldienstleister_Organisator.jpg","schema":{"@context":"https:\/\/schema.org","@graph":[{"@type":"Article","@id":"https:\/\/www.organisator.ch\/human-resources\/2025-05-01\/ernuechternder-jahresstart-fuer-personaldienstleister\/#article","isPartOf":{"@id":"https:\/\/www.organisator.ch\/human-resources\/2025-05-01\/ernuechternder-jahresstart-fuer-personaldienstleister\/"},"author":{"name":"thomas.berner","@id":"https:\/\/www.organisator.ch\/#\/schema\/person\/6f650f90b2842cd4c0cc334b4e36f67e"},"headline":"Ern\u00fcchternder Jahresstart f\u00fcr Personaldienstleister","datePublished":"2025-05-01T04:27:38+00:00","mainEntityOfPage":{"@id":"https:\/\/www.organisator.ch\/human-resources\/2025-05-01\/ernuechternder-jahresstart-fuer-personaldienstleister\/"},"wordCount":383,"publisher":{"@id":"https:\/\/www.organisator.ch\/#organization"},"image":{"@id":"https:\/\/www.organisator.ch\/human-resources\/2025-05-01\/ernuechternder-jahresstart-fuer-personaldienstleister\/#primaryimage"},"thumbnailUrl":"https:\/\/www.organisator.ch\/wp-content\/uploads\/2025\/04\/Ernuechternder-Jahresstart-fuer-Personaldienstleister_Organisator.jpg","keywords":["HRM","Konjunktur","Personaldienstleistungen"],"articleSection":["HUMAN RESOURCES"],"inLanguage":"en-US"},{"@type":"WebPage","@id":"https:\/\/www.organisator.ch\/human-resources\/2025-05-01\/ernuechternder-jahresstart-fuer-personaldienstleister\/","url":"https:\/\/www.organisator.ch\/human-resources\/2025-05-01\/ernuechternder-jahresstart-fuer-personaldienstleister\/","name":"Sobering start to the year for personnel service providers - Organizer","isPartOf":{"@id":"https:\/\/www.organisator.ch\/#website"},"primaryImageOfPage":{"@id":"https:\/\/www.organisator.ch\/human-resources\/2025-05-01\/ernuechternder-jahresstart-fuer-personaldienstleister\/#primaryimage"},"image":{"@id":"https:\/\/www.organisator.ch\/human-resources\/2025-05-01\/ernuechternder-jahresstart-fuer-personaldienstleister\/#primaryimage"},"thumbnailUrl":"https:\/\/www.organisator.ch\/wp-content\/uploads\/2025\/04\/Ernuechternder-Jahresstart-fuer-Personaldienstleister_Organisator.jpg","datePublished":"2025-05-01T04:27:38+00:00","description":"The economic slowdown is weighing on personnel service providers. Temporary and permanent staffing markets remain in the red in the new financial year.","breadcrumb":{"@id":"https:\/\/www.organisator.ch\/human-resources\/2025-05-01\/ernuechternder-jahresstart-fuer-personaldienstleister\/#breadcrumb"},"inLanguage":"en-US","potentialAction":[{"@type":"ReadAction","target":["https:\/\/www.organisator.ch\/human-resources\/2025-05-01\/ernuechternder-jahresstart-fuer-personaldienstleister\/"]}]},{"@type":"ImageObject","inLanguage":"en-US","@id":"https:\/\/www.organisator.ch\/human-resources\/2025-05-01\/ernuechternder-jahresstart-fuer-personaldienstleister\/#primaryimage","url":"https:\/\/www.organisator.ch\/wp-content\/uploads\/2025\/04\/Ernuechternder-Jahresstart-fuer-Personaldienstleister_Organisator.jpg","contentUrl":"https:\/\/www.organisator.ch\/wp-content\/uploads\/2025\/04\/Ernuechternder-Jahresstart-fuer-Personaldienstleister_Organisator.jpg","width":680,"height":452,"caption":"Personaldienstleister sehen sich mit einer schw\u00e4chelnden Konjunktur konfrontiert - der Bedarf an Tempor\u00e4rpersonal sinkt in fast allen Branchen. (Bild: Depositphotos.com)"},{"@type":"BreadcrumbList","@id":"https:\/\/www.organisator.ch\/human-resources\/2025-05-01\/ernuechternder-jahresstart-fuer-personaldienstleister\/#breadcrumb","itemListElement":[{"@type":"ListItem","position":1,"name":"Home","item":"https:\/\/www.organisator.ch\/"},{"@type":"ListItem","position":2,"name":"Ern\u00fcchternder Jahresstart f\u00fcr Personaldienstleister"}]},{"@type":"WebSite","@id":"https:\/\/www.organisator.ch\/#website","url":"https:\/\/www.organisator.ch\/","name":"Organizer","description":"Competent. Practical. In 10 issues per year, ORGANISATOR presents the essential topics for managers of SMEs.","publisher":{"@id":"https:\/\/www.organisator.ch\/#organization"},"potentialAction":[{"@type":"SearchAction","target":{"@type":"EntryPoint","urlTemplate":"https:\/\/www.organisator.ch\/?s={search_term_string}"},"query-input":{"@type":"PropertyValueSpecification","valueRequired":true,"valueName":"search_term_string"}}],"inLanguage":"en-US"},{"@type":"Organization","@id":"https:\/\/www.organisator.ch\/#organization","name":"Organizer","url":"https:\/\/www.organisator.ch\/","logo":{"@type":"ImageObject","inLanguage":"en-US","@id":"https:\/\/www.organisator.ch\/#\/schema\/logo\/image\/","url":"https:\/\/www.organisator.ch\/wp-content\/uploads\/2022\/01\/Logo_Organisator_Website.png","contentUrl":"https:\/\/www.organisator.ch\/wp-content\/uploads\/2022\/01\/Logo_Organisator_Website.png","width":800,"height":77,"caption":"Organisator"},"image":{"@id":"https:\/\/www.organisator.ch\/#\/schema\/logo\/image\/"},"sameAs":["https:\/\/www.facebook.com\/OrganisatorFachmagazin","https:\/\/www.linkedin.com\/showcase\/organisator-das-magazin-fr-kmu","https:\/\/www.xing.com\/news\/pages\/organisator-ch-695","https:\/\/www.youtube.com\/channel\/UCGP2Sq0iWaZwT3BdIAQFYpw"]},{"@type":"Person","@id":"https:\/\/www.organisator.ch\/#\/schema\/person\/6f650f90b2842cd4c0cc334b4e36f67e","name":"thomas.berner","image":{"@type":"ImageObject","inLanguage":"en-US","@id":"https:\/\/secure.gravatar.com\/avatar\/ac5001d2a36cb6c6cd3e50789007ffca834b477b74a2144564522e944eabff61?s=96&d=mm&r=g","url":"https:\/\/secure.gravatar.com\/avatar\/ac5001d2a36cb6c6cd3e50789007ffca834b477b74a2144564522e944eabff61?s=96&d=mm&r=g","contentUrl":"https:\/\/secure.gravatar.com\/avatar\/ac5001d2a36cb6c6cd3e50789007ffca834b477b74a2144564522e944eabff61?s=96&d=mm&r=g","caption":"thomas.berner"},"url":"https:\/\/www.organisator.ch\/en\/author\/thomas-berner\/"}]}},"_links":{"self":[{"href":"https:\/\/www.organisator.ch\/en\/wp-json\/wp\/v2\/posts\/38108","targetHints":{"allow":["GET"]}}],"collection":[{"href":"https:\/\/www.organisator.ch\/en\/wp-json\/wp\/v2\/posts"}],"about":[{"href":"https:\/\/www.organisator.ch\/en\/wp-json\/wp\/v2\/types\/post"}],"author":[{"embeddable":true,"href":"https:\/\/www.organisator.ch\/en\/wp-json\/wp\/v2\/users\/4"}],"replies":[{"embeddable":true,"href":"https:\/\/www.organisator.ch\/en\/wp-json\/wp\/v2\/comments?post=38108"}],"version-history":[{"count":4,"href":"https:\/\/www.organisator.ch\/en\/wp-json\/wp\/v2\/posts\/38108\/revisions"}],"predecessor-version":[{"id":38135,"href":"https:\/\/www.organisator.ch\/en\/wp-json\/wp\/v2\/posts\/38108\/revisions\/38135"}],"wp:featuredmedia":[{"embeddable":true,"href":"https:\/\/www.organisator.ch\/en\/wp-json\/wp\/v2\/media\/38109"}],"wp:attachment":[{"href":"https:\/\/www.organisator.ch\/en\/wp-json\/wp\/v2\/media?parent=38108"}],"wp:term":[{"taxonomy":"category","embeddable":true,"href":"https:\/\/www.organisator.ch\/en\/wp-json\/wp\/v2\/categories?post=38108"},{"taxonomy":"post_tag","embeddable":true,"href":"https:\/\/www.organisator.ch\/en\/wp-json\/wp\/v2\/tags?post=38108"}],"curies":[{"name":"wp","href":"https:\/\/api.w.org\/{rel}","templated":true}]}}