{"id":38126,"date":"2025-05-01T11:42:12","date_gmt":"2025-05-01T09:42:12","guid":{"rendered":"https:\/\/www.m-q.ch\/?p=21426"},"modified":"2025-05-02T07:16:16","modified_gmt":"2025-05-02T05:16:16","slug":"nach-dem-mega-blackout-auch-netzwerke-sind-kritische-infrastrukturen","status":"publish","type":"post","link":"https:\/\/www.organisator.ch\/en\/operational-excellence\/2025-05-01\/nach-dem-mega-blackout-auch-netzwerke-sind-kritische-infrastrukturen\/","title":{"rendered":"After the mega blackout: networks are also critical infrastructures"},"content":{"rendered":"<figure id=\"attachment_21427\" class=\"wp-caption alignnone\" style=\"width: 680px;\" aria-describedby=\"caption-attachment-21427\"><img class=\"size-full wp-image-21427\" src=\"https:\/\/www.m-q.ch\/wp-content\/uploads\/2025\/05\/Nach-dem-Mega-Blackout-Auch-Netzwerke-sind-kritische-Infrastrukturen_MQ.jpg\" sizes=\"(max-width: 680px) 100vw, 680px\" srcset=\"https:\/\/www.m-q.ch\/wp-content\/uploads\/2025\/05\/Nach-dem-Mega-Blackout-Auch-Netzwerke-sind-kritische-Infrastrukturen_MQ.jpg 680w, https:\/\/www.m-q.ch\/wp-content\/uploads\/2025\/05\/Nach-dem-Mega-Blackout-Auch-Netzwerke-sind-kritische-Infrastrukturen_MQ-18x12.jpg 18w, https:\/\/www.m-q.ch\/wp-content\/uploads\/2025\/05\/Nach-dem-Mega-Blackout-Auch-Netzwerke-sind-kritische-Infrastrukturen_MQ-375x242.jpg 375w, https:\/\/www.m-q.ch\/wp-content\/uploads\/2025\/05\/Nach-dem-Mega-Blackout-Auch-Netzwerke-sind-kritische-Infrastrukturen_MQ-543x350.jpg 543w\" alt=\"\" width=\"680\" height=\"438\" \/>\r\n<figcaption id=\"caption-attachment-21427\" class=\"wp-caption-text\">View inside a data center. (Image: Equinix)<\/figcaption>\r\n<\/figure>\r\n<p>The major power outage on the Iberian Peninsula has shown that our digital world is fragile. Despite the power outage, Equinix's data centers in Spain and Portugal were fully operational at all times. If the power supply is interrupted by the utility company, the emergency power systems switch on and continue to carry the loads until the power supply is restored.<\/p>\r\n<h3>Data centers are critical infrastructures<\/h3>\r\n<p>Data centers have become just as important to society as, for example, water treatment plants or power stations. It is gratifying to see that governments around the world not only recognize this fact, but also act accordingly, such as in Switzerland, where data centers are classified as critical infrastructure.<\/p>\r\n<p>However, it is important to recognize that data centers are only one part of the digital infrastructure equation and do not function as islands of data. Our digital world is inherently interconnected, and many of the applications we rely on are not run from a single data center. They require many distributed data centers at the digital edge, close to data sources and end users, and these data centers need to be interconnected.<\/p>\r\n<p>Investments in individual data centers are important, but they are not enough. We also need a robust network infrastructure to enable our networked society. This network infrastructure is just as important as the data centers themselves, because without it we would not be able to fully exploit the potential of these data centers.\u00a0\u00a0<\/p>\r\n<h3><strong>Data centers can enable the smart age, but not without connectivity <\/strong><\/h3>\r\n<p>We are living at the beginning of a new era: the intelligent age (the <a href=\"https:\/\/blog.equinix.com\/blog\/2025\/01\/23\/the-intelligent-age-bridging-the-visible-and-invisible-in-a-tech-driven-world\/\">Intelligent Age<\/a>), which is characterized by digital technology and its massive influence on society. To better understand this change, we can look back at a similar period in history: the industrial revolution.<\/p>\r\n<p>The industrial revolution was characterized by the emergence of new factories, which led to an enormous increase in productivity, but factories alone were not enough. Manufacturers needed a global shipping network to get the raw materials to the factories and the finished products to the markets. Otherwise, factories on one continent would be idle and warehouses on another would be overflowing.<\/p>\r\n<p>Today's data centers play a similar role. Just like these factories, data centers would not be able to function without a constant stream of raw materials - in this case, data. Instead of ships and ports, they rely on a global network infrastructure to transfer data from a variety of sources, including end users, IoT devices and other data centers.<\/p>\r\n<h3><strong>High-performance data centers are networked data centers<\/strong><\/h3>\r\n<p>Global network connectivity is part of what makes real <a href=\"https:\/\/blog.equinix.com\/blog\/2024\/10\/17\/4-ways-a-high-performance-data-center-could-help-your-business\/\">high-performance Data Center<\/a> makes up. In contrast, on-premises data centers are often isolated. These conventional data centers were built for a different era, long before the advent of data-intensive applications like AI. Companies that continue to rely on these data centers may struggle to reach ecosystem partners such as cloud and network service providers. They must fend for themselves in a complex and ever-changing digital world.<\/p>\r\n<p>High-performance colocation data centers provide access to ecosystem services that make life easier, whether it's the flexibility and scalability of a multi-cloud infrastructure or the global reach and reliability of an extensive portfolio of network service providers. These data centers also offer scalable, private <a href=\"https:\/\/www.equinix.com\/products\/interconnection-services\">Interconnection services<\/a>that enable companies to easily connect with their ecosystem partners and move their data to where it is needed.<\/p>\r\n<p>Many companies are also faced with the challenge of new data sovereignty requirements. They have data sets that need to remain in their country of origin and therefore require data centers in these countries. The traditional \"hub-and-spoke\" model of digital infrastructure, where all data is consolidated in data centers in a few central locations, no longer works in this new reality. Instead, companies need many data centers in many locations that are all interconnected. This provides the flexibility to store certain data sets within certain boundaries, while other data sets can be moved freely around the world.<\/p>\r\n<h3><strong>The introduction of AI underlines the importance of a distributed digital infrastructure<\/strong><\/h3>\r\n<p>The need for distributed data centers is not new, but the emergence of advanced AI use cases in recent years has underscored this need.<\/p>\r\n<p>AI applications are highly distributed by nature. AI training workloads and AI inference workloads have different infrastructure requirements and are therefore best served by <a href=\"https:\/\/blog.equinix.com\/blog\/2024\/10\/23\/which-data-centers-are-right-for-your-ai-workloads\/\">different data centers at different locations<\/a> supported. These various data centers rely on a robust network infrastructure to ensure a free flow of data between the processing locations.<\/p>\r\n<p>Most IT managers do not need to think about AI training infrastructure on a regular basis, especially as many companies purchase models from a service provider rather than training their own. The provision of a <a href=\"https:\/\/blog.equinix.com\/blog\/2025\/02\/06\/run-your-ai-inference-at-the-edge-to-unlock-insights-faster\/\">Edge infrastructure for AI inference<\/a> is, however, a prerequisite for any company that wants to be successful with AI.<\/p>\r\n<p>This inference is not a one-off process either: as new data is constantly emerging, it needs to be performed consistently over time. This ongoing AI inference requires a network infrastructure that simply works when and how it should. Therefore, organizations need access to a reliable, resilient network infrastructure on a global scale to support their AI initiatives.<\/p>\r\n<h3><strong>Access to a global interconnection platform <\/strong><\/h3>\r\n<p>The idea that networks are critical infrastructure is nothing new to us at Equinix. We have continually invested to ensure that we can provide our customers with the reliable connectivity they need to succeed in a changing digital world. Our dedicated interconnection solutions allow our customers to bypass the public internet with its performance and privacy issues. Instead, they can opt for a hybrid network model that combines physical <a href=\"https:\/\/www.equinix.com\/products\/interconnection-services\/cross-connects\">Equinix Cross Connects<\/a> as well as virtual networks with <a href=\"https:\/\/www.equinix.com\/products\/digital-infrastructure-services\/equinix-fabric\">Equinix Fabric<\/a> includes. This helps them to harmonize their requirements in terms of performance, safety, cost efficiency and flexibility.<\/p>\r\n<p><em>Author: Roger Semprini is Managing Director Switzerland of the data center operator Equinix.<\/em><\/p>\n<p class=\"syndicated-attribution\">This article originally appeared on m-q.ch - <a href=\"https:\/\/www.m-q.ch\/de\/nach-dem-mega-blackout-auch-netzwerke-sind-kritische-infrastrukturen\/\" target=\"_blank\">https:\/\/www.m-q.ch\/de\/nach-dem-mega-blackout-auch-netzwerke-sind-kritische-infrastrukturen\/<\/a><\/p>","protected":false},"excerpt":{"rendered":"<p>The mega blackout on the Iberian Peninsula has made us aware of our dependence on the power supply. Networks and data centers can also be affected by a power outage. Investing in data centers is important, but it is just as important to connect them. A guest commentary.<\/p>","protected":false},"author":8,"featured_media":0,"comment_status":"closed","ping_status":"closed","sticky":false,"template":"","format":"standard","meta":{"_acf_changed":false,"_yoast_wpseo_focuskw":"Mega-Blackout","_yoast_wpseo_metadesc":"Der Mega-Blackout auf der Iberischen Halbinsel hat uns die Abh\u00e4ngigkeit von der Stromversorgung vor Augen gef\u00fchrt - auch bei Netzwerken.","articlekey":"","footnotes":""},"categories":[582],"tags":[5325,2660,418,5326],"class_list":["post-38126","post","type-post","status-publish","format-standard","hentry","category-operational-excellence","tag-kritische-infrastrukturen","tag-rechenzentren","tag-risikomanagement","tag-stromversorgung"],"acf":[],"yoast_head":"<!-- This site is optimized with the Yoast SEO plugin v27.5 - https:\/\/yoast.com\/product\/yoast-seo-wordpress\/ -->\n<title>Nach dem Mega-Blackout: Auch Netzwerke sind kritische Infrastrukturen - Organisator<\/title>\n<meta name=\"description\" content=\"Der Mega-Blackout auf der Iberischen Halbinsel hat uns die Abh\u00e4ngigkeit von der Stromversorgung vor Augen gef\u00fchrt - auch bei Netzwerken.\" \/>\n<meta name=\"robots\" content=\"index, follow, max-snippet:-1, max-image-preview:large, max-video-preview:-1\" \/>\n<link rel=\"canonical\" href=\"https:\/\/www.organisator.ch\/en\/operational-excellence\/2025-05-01\/nach-dem-mega-blackout-auch-netzwerke-sind-kritische-infrastrukturen\/\" \/>\n<meta property=\"og:locale\" content=\"en_US\" \/>\n<meta property=\"og:type\" content=\"article\" \/>\n<meta property=\"og:title\" content=\"Nach dem Mega-Blackout: Auch Netzwerke sind kritische Infrastrukturen - Organisator\" \/>\n<meta property=\"og:description\" content=\"Der Mega-Blackout auf der Iberischen Halbinsel hat uns die Abh\u00e4ngigkeit von der Stromversorgung vor Augen gef\u00fchrt - auch bei Netzwerken.\" \/>\n<meta property=\"og:url\" content=\"https:\/\/www.organisator.ch\/en\/operational-excellence\/2025-05-01\/nach-dem-mega-blackout-auch-netzwerke-sind-kritische-infrastrukturen\/\" \/>\n<meta property=\"og:site_name\" content=\"Organisator\" \/>\n<meta property=\"article:publisher\" content=\"https:\/\/www.facebook.com\/OrganisatorFachmagazin\" \/>\n<meta property=\"article:published_time\" content=\"2025-05-01T09:42:12+00:00\" \/>\n<meta property=\"article:modified_time\" content=\"2025-05-02T05:16:16+00:00\" \/>\n<meta name=\"author\" content=\"galledia\" \/>\n<meta name=\"twitter:card\" content=\"summary_large_image\" \/>\n<meta name=\"twitter:creator\" content=\"@admin\" \/>\n<script type=\"application\/ld+json\" class=\"yoast-schema-graph\">{\"@context\":\"https:\\\/\\\/schema.org\",\"@graph\":[{\"@type\":\"Article\",\"@id\":\"https:\\\/\\\/www.organisator.ch\\\/operational-excellence\\\/2025-05-01\\\/nach-dem-mega-blackout-auch-netzwerke-sind-kritische-infrastrukturen\\\/#article\",\"isPartOf\":{\"@id\":\"https:\\\/\\\/www.organisator.ch\\\/operational-excellence\\\/2025-05-01\\\/nach-dem-mega-blackout-auch-netzwerke-sind-kritische-infrastrukturen\\\/\"},\"author\":{\"name\":\"galledia\",\"@id\":\"https:\\\/\\\/www.organisator.ch\\\/#\\\/schema\\\/person\\\/4e51799071cd2dd1232ac003643ef5f0\"},\"headline\":\"Nach dem Mega-Blackout: Auch Netzwerke sind kritische Infrastrukturen\",\"datePublished\":\"2025-05-01T09:42:12+00:00\",\"dateModified\":\"2025-05-02T05:16:16+00:00\",\"mainEntityOfPage\":{\"@id\":\"https:\\\/\\\/www.organisator.ch\\\/operational-excellence\\\/2025-05-01\\\/nach-dem-mega-blackout-auch-netzwerke-sind-kritische-infrastrukturen\\\/\"},\"wordCount\":983,\"publisher\":{\"@id\":\"https:\\\/\\\/www.organisator.ch\\\/#organization\"},\"image\":{\"@id\":\"https:\\\/\\\/www.organisator.ch\\\/operational-excellence\\\/2025-05-01\\\/nach-dem-mega-blackout-auch-netzwerke-sind-kritische-infrastrukturen\\\/#primaryimage\"},\"thumbnailUrl\":\"https:\\\/\\\/www.m-q.ch\\\/wp-content\\\/uploads\\\/2025\\\/05\\\/Nach-dem-Mega-Blackout-Auch-Netzwerke-sind-kritische-Infrastrukturen_MQ.jpg\",\"keywords\":[\"kritische Infrastrukturen\",\"Rechenzentren\",\"Risikomanagement\",\"Stromversorgung\"],\"articleSection\":[\"OPERATIONAL EXCELLENCE\"],\"inLanguage\":\"en-US\"},{\"@type\":\"WebPage\",\"@id\":\"https:\\\/\\\/www.organisator.ch\\\/operational-excellence\\\/2025-05-01\\\/nach-dem-mega-blackout-auch-netzwerke-sind-kritische-infrastrukturen\\\/\",\"url\":\"https:\\\/\\\/www.organisator.ch\\\/operational-excellence\\\/2025-05-01\\\/nach-dem-mega-blackout-auch-netzwerke-sind-kritische-infrastrukturen\\\/\",\"name\":\"Nach dem Mega-Blackout: Auch Netzwerke sind kritische Infrastrukturen - Organisator\",\"isPartOf\":{\"@id\":\"https:\\\/\\\/www.organisator.ch\\\/#website\"},\"primaryImageOfPage\":{\"@id\":\"https:\\\/\\\/www.organisator.ch\\\/operational-excellence\\\/2025-05-01\\\/nach-dem-mega-blackout-auch-netzwerke-sind-kritische-infrastrukturen\\\/#primaryimage\"},\"image\":{\"@id\":\"https:\\\/\\\/www.organisator.ch\\\/operational-excellence\\\/2025-05-01\\\/nach-dem-mega-blackout-auch-netzwerke-sind-kritische-infrastrukturen\\\/#primaryimage\"},\"thumbnailUrl\":\"https:\\\/\\\/www.m-q.ch\\\/wp-content\\\/uploads\\\/2025\\\/05\\\/Nach-dem-Mega-Blackout-Auch-Netzwerke-sind-kritische-Infrastrukturen_MQ.jpg\",\"datePublished\":\"2025-05-01T09:42:12+00:00\",\"dateModified\":\"2025-05-02T05:16:16+00:00\",\"description\":\"Der Mega-Blackout auf der Iberischen Halbinsel hat uns die Abh\u00e4ngigkeit von der Stromversorgung vor Augen gef\u00fchrt - auch bei Netzwerken.\",\"breadcrumb\":{\"@id\":\"https:\\\/\\\/www.organisator.ch\\\/operational-excellence\\\/2025-05-01\\\/nach-dem-mega-blackout-auch-netzwerke-sind-kritische-infrastrukturen\\\/#breadcrumb\"},\"inLanguage\":\"en-US\",\"potentialAction\":[{\"@type\":\"ReadAction\",\"target\":[\"https:\\\/\\\/www.organisator.ch\\\/operational-excellence\\\/2025-05-01\\\/nach-dem-mega-blackout-auch-netzwerke-sind-kritische-infrastrukturen\\\/\"]}]},{\"@type\":\"ImageObject\",\"inLanguage\":\"en-US\",\"@id\":\"https:\\\/\\\/www.organisator.ch\\\/operational-excellence\\\/2025-05-01\\\/nach-dem-mega-blackout-auch-netzwerke-sind-kritische-infrastrukturen\\\/#primaryimage\",\"url\":\"https:\\\/\\\/www.m-q.ch\\\/wp-content\\\/uploads\\\/2025\\\/05\\\/Nach-dem-Mega-Blackout-Auch-Netzwerke-sind-kritische-Infrastrukturen_MQ.jpg\",\"contentUrl\":\"https:\\\/\\\/www.m-q.ch\\\/wp-content\\\/uploads\\\/2025\\\/05\\\/Nach-dem-Mega-Blackout-Auch-Netzwerke-sind-kritische-Infrastrukturen_MQ.jpg\"},{\"@type\":\"BreadcrumbList\",\"@id\":\"https:\\\/\\\/www.organisator.ch\\\/operational-excellence\\\/2025-05-01\\\/nach-dem-mega-blackout-auch-netzwerke-sind-kritische-infrastrukturen\\\/#breadcrumb\",\"itemListElement\":[{\"@type\":\"ListItem\",\"position\":1,\"name\":\"Home\",\"item\":\"https:\\\/\\\/www.organisator.ch\\\/\"},{\"@type\":\"ListItem\",\"position\":2,\"name\":\"Nach dem Mega-Blackout: Auch Netzwerke sind kritische Infrastrukturen\"}]},{\"@type\":\"WebSite\",\"@id\":\"https:\\\/\\\/www.organisator.ch\\\/#website\",\"url\":\"https:\\\/\\\/www.organisator.ch\\\/\",\"name\":\"Organisator\",\"description\":\"Kompetent. Praxisnah. Der ORGANISATOR bereitet in 10 Ausgaben pro Jahr die wesentlichen Themen f\u00fcr F\u00fchrungskr\u00e4fte von KMU auf.\",\"publisher\":{\"@id\":\"https:\\\/\\\/www.organisator.ch\\\/#organization\"},\"potentialAction\":[{\"@type\":\"SearchAction\",\"target\":{\"@type\":\"EntryPoint\",\"urlTemplate\":\"https:\\\/\\\/www.organisator.ch\\\/?s={search_term_string}\"},\"query-input\":{\"@type\":\"PropertyValueSpecification\",\"valueRequired\":true,\"valueName\":\"search_term_string\"}}],\"inLanguage\":\"en-US\"},{\"@type\":\"Organization\",\"@id\":\"https:\\\/\\\/www.organisator.ch\\\/#organization\",\"name\":\"Organisator\",\"url\":\"https:\\\/\\\/www.organisator.ch\\\/\",\"logo\":{\"@type\":\"ImageObject\",\"inLanguage\":\"en-US\",\"@id\":\"https:\\\/\\\/www.organisator.ch\\\/#\\\/schema\\\/logo\\\/image\\\/\",\"url\":\"https:\\\/\\\/www.organisator.ch\\\/wp-content\\\/uploads\\\/2022\\\/01\\\/Logo_Organisator_Website.png\",\"contentUrl\":\"https:\\\/\\\/www.organisator.ch\\\/wp-content\\\/uploads\\\/2022\\\/01\\\/Logo_Organisator_Website.png\",\"width\":800,\"height\":77,\"caption\":\"Organisator\"},\"image\":{\"@id\":\"https:\\\/\\\/www.organisator.ch\\\/#\\\/schema\\\/logo\\\/image\\\/\"},\"sameAs\":[\"https:\\\/\\\/www.facebook.com\\\/OrganisatorFachmagazin\",\"https:\\\/\\\/www.linkedin.com\\\/showcase\\\/organisator-das-magazin-fr-kmu\",\"https:\\\/\\\/www.xing.com\\\/news\\\/pages\\\/organisator-ch-695\",\"https:\\\/\\\/www.youtube.com\\\/channel\\\/UCGP2Sq0iWaZwT3BdIAQFYpw\"]},{\"@type\":\"Person\",\"@id\":\"https:\\\/\\\/www.organisator.ch\\\/#\\\/schema\\\/person\\\/4e51799071cd2dd1232ac003643ef5f0\",\"name\":\"galledia\",\"image\":{\"@type\":\"ImageObject\",\"inLanguage\":\"en-US\",\"@id\":\"https:\\\/\\\/secure.gravatar.com\\\/avatar\\\/78a7f90c01fc2bfc875782a0d4922b37cde2cf184ce347b91316d23cd7f69a36?s=96&d=mm&r=g\",\"url\":\"https:\\\/\\\/secure.gravatar.com\\\/avatar\\\/78a7f90c01fc2bfc875782a0d4922b37cde2cf184ce347b91316d23cd7f69a36?s=96&d=mm&r=g\",\"contentUrl\":\"https:\\\/\\\/secure.gravatar.com\\\/avatar\\\/78a7f90c01fc2bfc875782a0d4922b37cde2cf184ce347b91316d23cd7f69a36?s=96&d=mm&r=g\",\"caption\":\"galledia\"},\"sameAs\":[\"https:\\\/\\\/x.com\\\/admin\"],\"url\":\"https:\\\/\\\/www.organisator.ch\\\/en\\\/author\\\/galledia\\\/\"}]}<\/script>\n<!-- \/ Yoast SEO plugin. -->","yoast_head_json":{"title":"After the mega blackout: networks are also critical infrastructures - Organizer","description":"The mega blackout on the Iberian Peninsula has made us aware of our dependence on the power supply - even for networks.","robots":{"index":"index","follow":"follow","max-snippet":"max-snippet:-1","max-image-preview":"max-image-preview:large","max-video-preview":"max-video-preview:-1"},"canonical":"https:\/\/www.organisator.ch\/en\/operational-excellence\/2025-05-01\/nach-dem-mega-blackout-auch-netzwerke-sind-kritische-infrastrukturen\/","og_locale":"en_US","og_type":"article","og_title":"Nach dem Mega-Blackout: Auch Netzwerke sind kritische Infrastrukturen - Organisator","og_description":"Der Mega-Blackout auf der Iberischen Halbinsel hat uns die Abh\u00e4ngigkeit von der Stromversorgung vor Augen gef\u00fchrt - auch bei Netzwerken.","og_url":"https:\/\/www.organisator.ch\/en\/operational-excellence\/2025-05-01\/nach-dem-mega-blackout-auch-netzwerke-sind-kritische-infrastrukturen\/","og_site_name":"Organisator","article_publisher":"https:\/\/www.facebook.com\/OrganisatorFachmagazin","article_published_time":"2025-05-01T09:42:12+00:00","article_modified_time":"2025-05-02T05:16:16+00:00","author":"galledia","twitter_card":"summary_large_image","twitter_creator":"@admin","schema":{"@context":"https:\/\/schema.org","@graph":[{"@type":"Article","@id":"https:\/\/www.organisator.ch\/operational-excellence\/2025-05-01\/nach-dem-mega-blackout-auch-netzwerke-sind-kritische-infrastrukturen\/#article","isPartOf":{"@id":"https:\/\/www.organisator.ch\/operational-excellence\/2025-05-01\/nach-dem-mega-blackout-auch-netzwerke-sind-kritische-infrastrukturen\/"},"author":{"name":"galledia","@id":"https:\/\/www.organisator.ch\/#\/schema\/person\/4e51799071cd2dd1232ac003643ef5f0"},"headline":"Nach dem Mega-Blackout: Auch Netzwerke sind kritische Infrastrukturen","datePublished":"2025-05-01T09:42:12+00:00","dateModified":"2025-05-02T05:16:16+00:00","mainEntityOfPage":{"@id":"https:\/\/www.organisator.ch\/operational-excellence\/2025-05-01\/nach-dem-mega-blackout-auch-netzwerke-sind-kritische-infrastrukturen\/"},"wordCount":983,"publisher":{"@id":"https:\/\/www.organisator.ch\/#organization"},"image":{"@id":"https:\/\/www.organisator.ch\/operational-excellence\/2025-05-01\/nach-dem-mega-blackout-auch-netzwerke-sind-kritische-infrastrukturen\/#primaryimage"},"thumbnailUrl":"https:\/\/www.m-q.ch\/wp-content\/uploads\/2025\/05\/Nach-dem-Mega-Blackout-Auch-Netzwerke-sind-kritische-Infrastrukturen_MQ.jpg","keywords":["kritische Infrastrukturen","Rechenzentren","Risikomanagement","Stromversorgung"],"articleSection":["OPERATIONAL EXCELLENCE"],"inLanguage":"en-US"},{"@type":"WebPage","@id":"https:\/\/www.organisator.ch\/operational-excellence\/2025-05-01\/nach-dem-mega-blackout-auch-netzwerke-sind-kritische-infrastrukturen\/","url":"https:\/\/www.organisator.ch\/operational-excellence\/2025-05-01\/nach-dem-mega-blackout-auch-netzwerke-sind-kritische-infrastrukturen\/","name":"After the mega blackout: networks are also critical infrastructures - Organizer","isPartOf":{"@id":"https:\/\/www.organisator.ch\/#website"},"primaryImageOfPage":{"@id":"https:\/\/www.organisator.ch\/operational-excellence\/2025-05-01\/nach-dem-mega-blackout-auch-netzwerke-sind-kritische-infrastrukturen\/#primaryimage"},"image":{"@id":"https:\/\/www.organisator.ch\/operational-excellence\/2025-05-01\/nach-dem-mega-blackout-auch-netzwerke-sind-kritische-infrastrukturen\/#primaryimage"},"thumbnailUrl":"https:\/\/www.m-q.ch\/wp-content\/uploads\/2025\/05\/Nach-dem-Mega-Blackout-Auch-Netzwerke-sind-kritische-Infrastrukturen_MQ.jpg","datePublished":"2025-05-01T09:42:12+00:00","dateModified":"2025-05-02T05:16:16+00:00","description":"The mega blackout on the Iberian Peninsula has made us aware of our dependence on the power supply - even for networks.","breadcrumb":{"@id":"https:\/\/www.organisator.ch\/operational-excellence\/2025-05-01\/nach-dem-mega-blackout-auch-netzwerke-sind-kritische-infrastrukturen\/#breadcrumb"},"inLanguage":"en-US","potentialAction":[{"@type":"ReadAction","target":["https:\/\/www.organisator.ch\/operational-excellence\/2025-05-01\/nach-dem-mega-blackout-auch-netzwerke-sind-kritische-infrastrukturen\/"]}]},{"@type":"ImageObject","inLanguage":"en-US","@id":"https:\/\/www.organisator.ch\/operational-excellence\/2025-05-01\/nach-dem-mega-blackout-auch-netzwerke-sind-kritische-infrastrukturen\/#primaryimage","url":"https:\/\/www.m-q.ch\/wp-content\/uploads\/2025\/05\/Nach-dem-Mega-Blackout-Auch-Netzwerke-sind-kritische-Infrastrukturen_MQ.jpg","contentUrl":"https:\/\/www.m-q.ch\/wp-content\/uploads\/2025\/05\/Nach-dem-Mega-Blackout-Auch-Netzwerke-sind-kritische-Infrastrukturen_MQ.jpg"},{"@type":"BreadcrumbList","@id":"https:\/\/www.organisator.ch\/operational-excellence\/2025-05-01\/nach-dem-mega-blackout-auch-netzwerke-sind-kritische-infrastrukturen\/#breadcrumb","itemListElement":[{"@type":"ListItem","position":1,"name":"Home","item":"https:\/\/www.organisator.ch\/"},{"@type":"ListItem","position":2,"name":"Nach dem Mega-Blackout: Auch Netzwerke sind kritische Infrastrukturen"}]},{"@type":"WebSite","@id":"https:\/\/www.organisator.ch\/#website","url":"https:\/\/www.organisator.ch\/","name":"Organizer","description":"Competent. Practical. In 10 issues per year, ORGANISATOR presents the essential topics for managers of SMEs.","publisher":{"@id":"https:\/\/www.organisator.ch\/#organization"},"potentialAction":[{"@type":"SearchAction","target":{"@type":"EntryPoint","urlTemplate":"https:\/\/www.organisator.ch\/?s={search_term_string}"},"query-input":{"@type":"PropertyValueSpecification","valueRequired":true,"valueName":"search_term_string"}}],"inLanguage":"en-US"},{"@type":"Organization","@id":"https:\/\/www.organisator.ch\/#organization","name":"Organizer","url":"https:\/\/www.organisator.ch\/","logo":{"@type":"ImageObject","inLanguage":"en-US","@id":"https:\/\/www.organisator.ch\/#\/schema\/logo\/image\/","url":"https:\/\/www.organisator.ch\/wp-content\/uploads\/2022\/01\/Logo_Organisator_Website.png","contentUrl":"https:\/\/www.organisator.ch\/wp-content\/uploads\/2022\/01\/Logo_Organisator_Website.png","width":800,"height":77,"caption":"Organisator"},"image":{"@id":"https:\/\/www.organisator.ch\/#\/schema\/logo\/image\/"},"sameAs":["https:\/\/www.facebook.com\/OrganisatorFachmagazin","https:\/\/www.linkedin.com\/showcase\/organisator-das-magazin-fr-kmu","https:\/\/www.xing.com\/news\/pages\/organisator-ch-695","https:\/\/www.youtube.com\/channel\/UCGP2Sq0iWaZwT3BdIAQFYpw"]},{"@type":"Person","@id":"https:\/\/www.organisator.ch\/#\/schema\/person\/4e51799071cd2dd1232ac003643ef5f0","name":"galledia","image":{"@type":"ImageObject","inLanguage":"en-US","@id":"https:\/\/secure.gravatar.com\/avatar\/78a7f90c01fc2bfc875782a0d4922b37cde2cf184ce347b91316d23cd7f69a36?s=96&d=mm&r=g","url":"https:\/\/secure.gravatar.com\/avatar\/78a7f90c01fc2bfc875782a0d4922b37cde2cf184ce347b91316d23cd7f69a36?s=96&d=mm&r=g","contentUrl":"https:\/\/secure.gravatar.com\/avatar\/78a7f90c01fc2bfc875782a0d4922b37cde2cf184ce347b91316d23cd7f69a36?s=96&d=mm&r=g","caption":"galledia"},"sameAs":["https:\/\/x.com\/admin"],"url":"https:\/\/www.organisator.ch\/en\/author\/galledia\/"}]}},"_links":{"self":[{"href":"https:\/\/www.organisator.ch\/en\/wp-json\/wp\/v2\/posts\/38126","targetHints":{"allow":["GET"]}}],"collection":[{"href":"https:\/\/www.organisator.ch\/en\/wp-json\/wp\/v2\/posts"}],"about":[{"href":"https:\/\/www.organisator.ch\/en\/wp-json\/wp\/v2\/types\/post"}],"author":[{"embeddable":true,"href":"https:\/\/www.organisator.ch\/en\/wp-json\/wp\/v2\/users\/8"}],"replies":[{"embeddable":true,"href":"https:\/\/www.organisator.ch\/en\/wp-json\/wp\/v2\/comments?post=38126"}],"version-history":[{"count":5,"href":"https:\/\/www.organisator.ch\/en\/wp-json\/wp\/v2\/posts\/38126\/revisions"}],"predecessor-version":[{"id":38130,"href":"https:\/\/www.organisator.ch\/en\/wp-json\/wp\/v2\/posts\/38126\/revisions\/38130"}],"wp:attachment":[{"href":"https:\/\/www.organisator.ch\/en\/wp-json\/wp\/v2\/media?parent=38126"}],"wp:term":[{"taxonomy":"category","embeddable":true,"href":"https:\/\/www.organisator.ch\/en\/wp-json\/wp\/v2\/categories?post=38126"},{"taxonomy":"post_tag","embeddable":true,"href":"https:\/\/www.organisator.ch\/en\/wp-json\/wp\/v2\/tags?post=38126"}],"curies":[{"name":"wp","href":"https:\/\/api.w.org\/{rel}","templated":true}]}}