{"id":38160,"date":"2025-05-05T11:39:59","date_gmt":"2025-05-05T09:39:59","guid":{"rendered":"https:\/\/www.organisator.ch\/?p=38160"},"modified":"2025-05-05T11:39:59","modified_gmt":"2025-05-05T09:39:59","slug":"fachverband-procure-ch-hat-neuen-geschaeftssitz-eroeffnet","status":"publish","type":"post","link":"https:\/\/www.organisator.ch\/en\/management\/2025-05-05\/fachverband-procure-ch-hat-neuen-geschaeftssitz-eroeffnet\/","title":{"rendered":"Trade association procure.ch has opened new head office"},"content":{"rendered":"<figure id=\"attachment_38161\" aria-describedby=\"caption-attachment-38161\" style=\"width: 680px\" class=\"wp-caption alignnone\"><img loading=\"lazy\" decoding=\"async\" class=\"size-full wp-image-38161\" src=\"https:\/\/www.organisator.ch\/wp-content\/uploads\/2025\/05\/Fachverband-procure.ch-hat-neuen-Geschaeftssitz-eroeffnet_Organisator.jpg\" alt=\"\" width=\"680\" height=\"486\" srcset=\"https:\/\/www.organisator.ch\/wp-content\/uploads\/2025\/05\/Fachverband-procure.ch-hat-neuen-Geschaeftssitz-eroeffnet_Organisator.jpg 680w, https:\/\/www.organisator.ch\/wp-content\/uploads\/2025\/05\/Fachverband-procure.ch-hat-neuen-Geschaeftssitz-eroeffnet_Organisator-18x12.jpg 18w, https:\/\/www.organisator.ch\/wp-content\/uploads\/2025\/05\/Fachverband-procure.ch-hat-neuen-Geschaeftssitz-eroeffnet_Organisator-375x268.jpg 375w, https:\/\/www.organisator.ch\/wp-content\/uploads\/2025\/05\/Fachverband-procure.ch-hat-neuen-Geschaeftssitz-eroeffnet_Organisator-490x350.jpg 490w\" sizes=\"auto, (max-width: 680px) 100vw, 680px\" \/><figcaption id=\"caption-attachment-38161\" class=\"wp-caption-text\">Managing Director Andreas Kyburz welcomes visitors to the opening of procure.ch's new head office. (Image: zVg \/ procure.ch)<\/figcaption><\/figure>\n<p>With its new, modern location in Aarau, procure.ch, the professional association for purchasing and supply management, is creating an open meeting and working platform for its members and strengthening its regional presence at the same time. Andreas Kyburz, Managing Director of procure.ch, welcomed the guests and showed them around the new premises. Adrian Jungo, outgoing President, emphasized the importance of an open, accessible place for members in his speech: \"It was my heart's desire to create a place where people like to meet - to learn, exchange ideas and network.\" Andi Bertaggia, newly elected President, emphasized the strategic direction: \"The future needs a past - we will remain in Aarau, but with a modern, outward-looking image. Our new office stands for encounter, innovation and identity.\"<\/p>\n<h3>Focus on the educational offer<\/h3>\n<p>The employees at the head office gave visitors exciting insights into their activities: In the area of education, not only the organization of the courses and seminars was explained, but also the modern equipped training rooms were shown - including a demonstration of the technical infrastructure, which also enables hybrid teaching. The examinations area provided information on the implementation of the federal professional and higher professional examinations. It also provided an in-depth insight into the close cooperation with the examination board - particularly with regard to the validation of examination content and the time-consuming preparation of the written and oral examination sets. In the association area, the focus was on exchanges with the community: guests were given a first exclusive insight into the new association magazine, which is currently under development, as well as information on upcoming conferences and networking events.<\/p>\n<h3>Open meeting place for the association community<\/h3>\n<p>With attractive workspaces, bookable meeting rooms and the option of holding events on site or hybrid, the association is positioning itself as an open meeting place for the purchasing and procurement community. In future, more of its own events will be held at the location - without neglecting its decentralized presence in the regions. From summer 2025, the building will also be modernized in terms of energy efficiency (including windows, fa\u00e7ade, photovoltaics). The new office is just a ten-minute walk from Aarau train station and is a clear commitment to the future and further development of the association.<\/p>\n<p>Andi Bertaggia was elected as the new President of procure.ch at the Annual General Meeting from April 28 to 30, 2025. He succeeds Adrian Jungo, who is stepping down after more than ten years in office due to the statutory term limit.<\/p>\n<p><em>Source and further information: <a href=\"https:\/\/www.procure.ch\/\">www.procure.ch<\/a><\/em><\/p>","protected":false},"excerpt":{"rendered":"<p>On May 1, 2025, the professional association for purchasing and supply management procure.ch celebrated the official opening of its new office in Aarau together with almost 100 guests. <\/p>","protected":false},"author":4,"featured_media":38161,"comment_status":"closed","ping_status":"closed","sticky":false,"template":"","format":"standard","meta":{"_acf_changed":false,"_yoast_wpseo_focuskw":"procure.ch","_yoast_wpseo_metadesc":"Am 1. Mai 2025 feierte der Fachverband f\u00fcr Einkauf und Supply Management procure.ch die offizielle Er\u00f6ffnung seiner neuen Gesch\u00e4ftsstelle.","articlekey":"","footnotes":""},"categories":[28],"tags":[335,462,503],"class_list":["post-38160","post","type-post","status-publish","format-standard","has-post-thumbnail","hentry","category-management","tag-management-und-unternehmensfuehrung","tag-supply-chain-management","tag-verbaende"],"acf":[],"yoast_head":"<!-- This site is optimized with the Yoast SEO plugin v27.5 - https:\/\/yoast.com\/product\/yoast-seo-wordpress\/ -->\n<title>Fachverband procure.ch hat neuen Gesch\u00e4ftssitz er\u00f6ffnet - Organisator<\/title>\n<meta name=\"description\" content=\"Am 1. Mai 2025 feierte der Fachverband f\u00fcr Einkauf und Supply Management procure.ch die offizielle Er\u00f6ffnung seiner neuen Gesch\u00e4ftsstelle.\" \/>\n<meta name=\"robots\" content=\"index, follow, max-snippet:-1, max-image-preview:large, max-video-preview:-1\" \/>\n<link rel=\"canonical\" href=\"https:\/\/www.organisator.ch\/en\/management\/2025-05-05\/fachverband-procure-ch-hat-neuen-geschaeftssitz-eroeffnet\/\" \/>\n<meta property=\"og:locale\" content=\"en_US\" \/>\n<meta property=\"og:type\" content=\"article\" \/>\n<meta property=\"og:title\" content=\"Fachverband procure.ch hat neuen Gesch\u00e4ftssitz er\u00f6ffnet\" \/>\n<meta property=\"og:description\" content=\"Am 1. Mai 2025 feierte der Fachverband f\u00fcr Einkauf und Supply Management procure.ch die offizielle Er\u00f6ffnung seiner neuen Gesch\u00e4ftsstelle.\" \/>\n<meta property=\"og:url\" content=\"https:\/\/www.organisator.ch\/en\/management\/2025-05-05\/fachverband-procure-ch-hat-neuen-geschaeftssitz-eroeffnet\/\" \/>\n<meta property=\"og:site_name\" content=\"Organisator\" \/>\n<meta property=\"article:publisher\" content=\"https:\/\/www.facebook.com\/OrganisatorFachmagazin\" \/>\n<meta property=\"article:published_time\" content=\"2025-05-05T09:39:59+00:00\" \/>\n<meta property=\"og:image\" content=\"https:\/\/www.organisator.ch\/wp-content\/uploads\/2025\/05\/Fachverband-procure.ch-hat-neuen-Geschaeftssitz-eroeffnet_Organisator.jpg\" \/>\n\t<meta property=\"og:image:width\" content=\"680\" \/>\n\t<meta property=\"og:image:height\" content=\"486\" \/>\n\t<meta property=\"og:image:type\" content=\"image\/jpeg\" \/>\n<meta name=\"author\" content=\"thomas.berner\" \/>\n<meta name=\"twitter:card\" content=\"summary_large_image\" \/>\n<meta name=\"twitter:title\" content=\"Fachverband #procure.ch hat neuen #Gesch\u00e4ftssitz er\u00f6ffnet\" \/>\n<meta name=\"twitter:description\" content=\"Am 1. Mai 2025 feierte der Fachverband f\u00fcr Einkauf und Supply Management #procure.ch die offizielle Er\u00f6ffnung seiner neuen Gesch\u00e4ftsstelle.\" \/>\n<meta name=\"twitter:image\" content=\"https:\/\/www.organisator.ch\/wp-content\/uploads\/2025\/05\/Fachverband-procure.ch-hat-neuen-Geschaeftssitz-eroeffnet_Organisator.jpg\" \/>\n<script type=\"application\/ld+json\" class=\"yoast-schema-graph\">{\"@context\":\"https:\\\/\\\/schema.org\",\"@graph\":[{\"@type\":\"Article\",\"@id\":\"https:\\\/\\\/www.organisator.ch\\\/management\\\/2025-05-05\\\/fachverband-procure-ch-hat-neuen-geschaeftssitz-eroeffnet\\\/#article\",\"isPartOf\":{\"@id\":\"https:\\\/\\\/www.organisator.ch\\\/management\\\/2025-05-05\\\/fachverband-procure-ch-hat-neuen-geschaeftssitz-eroeffnet\\\/\"},\"author\":{\"name\":\"thomas.berner\",\"@id\":\"https:\\\/\\\/www.organisator.ch\\\/#\\\/schema\\\/person\\\/6f650f90b2842cd4c0cc334b4e36f67e\"},\"headline\":\"Fachverband procure.ch hat neuen Gesch\u00e4ftssitz er\u00f6ffnet\",\"datePublished\":\"2025-05-05T09:39:59+00:00\",\"mainEntityOfPage\":{\"@id\":\"https:\\\/\\\/www.organisator.ch\\\/management\\\/2025-05-05\\\/fachverband-procure-ch-hat-neuen-geschaeftssitz-eroeffnet\\\/\"},\"wordCount\":460,\"publisher\":{\"@id\":\"https:\\\/\\\/www.organisator.ch\\\/#organization\"},\"image\":{\"@id\":\"https:\\\/\\\/www.organisator.ch\\\/management\\\/2025-05-05\\\/fachverband-procure-ch-hat-neuen-geschaeftssitz-eroeffnet\\\/#primaryimage\"},\"thumbnailUrl\":\"https:\\\/\\\/www.organisator.ch\\\/wp-content\\\/uploads\\\/2025\\\/05\\\/Fachverband-procure.ch-hat-neuen-Geschaeftssitz-eroeffnet_Organisator.jpg\",\"keywords\":[\"Management und Unternehmensf\u00fchrung\",\"Supply Chain Management\",\"Verb\u00e4nde\"],\"articleSection\":[\"MANAGEMENT\"],\"inLanguage\":\"en-US\"},{\"@type\":\"WebPage\",\"@id\":\"https:\\\/\\\/www.organisator.ch\\\/management\\\/2025-05-05\\\/fachverband-procure-ch-hat-neuen-geschaeftssitz-eroeffnet\\\/\",\"url\":\"https:\\\/\\\/www.organisator.ch\\\/management\\\/2025-05-05\\\/fachverband-procure-ch-hat-neuen-geschaeftssitz-eroeffnet\\\/\",\"name\":\"Fachverband procure.ch hat neuen Gesch\u00e4ftssitz er\u00f6ffnet - Organisator\",\"isPartOf\":{\"@id\":\"https:\\\/\\\/www.organisator.ch\\\/#website\"},\"primaryImageOfPage\":{\"@id\":\"https:\\\/\\\/www.organisator.ch\\\/management\\\/2025-05-05\\\/fachverband-procure-ch-hat-neuen-geschaeftssitz-eroeffnet\\\/#primaryimage\"},\"image\":{\"@id\":\"https:\\\/\\\/www.organisator.ch\\\/management\\\/2025-05-05\\\/fachverband-procure-ch-hat-neuen-geschaeftssitz-eroeffnet\\\/#primaryimage\"},\"thumbnailUrl\":\"https:\\\/\\\/www.organisator.ch\\\/wp-content\\\/uploads\\\/2025\\\/05\\\/Fachverband-procure.ch-hat-neuen-Geschaeftssitz-eroeffnet_Organisator.jpg\",\"datePublished\":\"2025-05-05T09:39:59+00:00\",\"description\":\"Am 1. Mai 2025 feierte der Fachverband f\u00fcr Einkauf und Supply Management procure.ch die offizielle Er\u00f6ffnung seiner neuen Gesch\u00e4ftsstelle.\",\"breadcrumb\":{\"@id\":\"https:\\\/\\\/www.organisator.ch\\\/management\\\/2025-05-05\\\/fachverband-procure-ch-hat-neuen-geschaeftssitz-eroeffnet\\\/#breadcrumb\"},\"inLanguage\":\"en-US\",\"potentialAction\":[{\"@type\":\"ReadAction\",\"target\":[\"https:\\\/\\\/www.organisator.ch\\\/management\\\/2025-05-05\\\/fachverband-procure-ch-hat-neuen-geschaeftssitz-eroeffnet\\\/\"]}]},{\"@type\":\"ImageObject\",\"inLanguage\":\"en-US\",\"@id\":\"https:\\\/\\\/www.organisator.ch\\\/management\\\/2025-05-05\\\/fachverband-procure-ch-hat-neuen-geschaeftssitz-eroeffnet\\\/#primaryimage\",\"url\":\"https:\\\/\\\/www.organisator.ch\\\/wp-content\\\/uploads\\\/2025\\\/05\\\/Fachverband-procure.ch-hat-neuen-Geschaeftssitz-eroeffnet_Organisator.jpg\",\"contentUrl\":\"https:\\\/\\\/www.organisator.ch\\\/wp-content\\\/uploads\\\/2025\\\/05\\\/Fachverband-procure.ch-hat-neuen-Geschaeftssitz-eroeffnet_Organisator.jpg\",\"width\":680,\"height\":486,\"caption\":\"Gesch\u00e4ftsf\u00fchrer Andreas Kyburz begr\u00fcsst Besucherinnen und Besucher zur Er\u00f6ffnung des neuen Gesch\u00e4ftssitzes von procure.ch. (Bild: zVg \\\/ procure.ch)\"},{\"@type\":\"BreadcrumbList\",\"@id\":\"https:\\\/\\\/www.organisator.ch\\\/management\\\/2025-05-05\\\/fachverband-procure-ch-hat-neuen-geschaeftssitz-eroeffnet\\\/#breadcrumb\",\"itemListElement\":[{\"@type\":\"ListItem\",\"position\":1,\"name\":\"Home\",\"item\":\"https:\\\/\\\/www.organisator.ch\\\/\"},{\"@type\":\"ListItem\",\"position\":2,\"name\":\"Fachverband procure.ch hat neuen Gesch\u00e4ftssitz er\u00f6ffnet\"}]},{\"@type\":\"WebSite\",\"@id\":\"https:\\\/\\\/www.organisator.ch\\\/#website\",\"url\":\"https:\\\/\\\/www.organisator.ch\\\/\",\"name\":\"Organisator\",\"description\":\"Kompetent. Praxisnah. Der ORGANISATOR bereitet in 10 Ausgaben pro Jahr die wesentlichen Themen f\u00fcr F\u00fchrungskr\u00e4fte von KMU auf.\",\"publisher\":{\"@id\":\"https:\\\/\\\/www.organisator.ch\\\/#organization\"},\"potentialAction\":[{\"@type\":\"SearchAction\",\"target\":{\"@type\":\"EntryPoint\",\"urlTemplate\":\"https:\\\/\\\/www.organisator.ch\\\/?s={search_term_string}\"},\"query-input\":{\"@type\":\"PropertyValueSpecification\",\"valueRequired\":true,\"valueName\":\"search_term_string\"}}],\"inLanguage\":\"en-US\"},{\"@type\":\"Organization\",\"@id\":\"https:\\\/\\\/www.organisator.ch\\\/#organization\",\"name\":\"Organisator\",\"url\":\"https:\\\/\\\/www.organisator.ch\\\/\",\"logo\":{\"@type\":\"ImageObject\",\"inLanguage\":\"en-US\",\"@id\":\"https:\\\/\\\/www.organisator.ch\\\/#\\\/schema\\\/logo\\\/image\\\/\",\"url\":\"https:\\\/\\\/www.organisator.ch\\\/wp-content\\\/uploads\\\/2022\\\/01\\\/Logo_Organisator_Website.png\",\"contentUrl\":\"https:\\\/\\\/www.organisator.ch\\\/wp-content\\\/uploads\\\/2022\\\/01\\\/Logo_Organisator_Website.png\",\"width\":800,\"height\":77,\"caption\":\"Organisator\"},\"image\":{\"@id\":\"https:\\\/\\\/www.organisator.ch\\\/#\\\/schema\\\/logo\\\/image\\\/\"},\"sameAs\":[\"https:\\\/\\\/www.facebook.com\\\/OrganisatorFachmagazin\",\"https:\\\/\\\/www.linkedin.com\\\/showcase\\\/organisator-das-magazin-fr-kmu\",\"https:\\\/\\\/www.xing.com\\\/news\\\/pages\\\/organisator-ch-695\",\"https:\\\/\\\/www.youtube.com\\\/channel\\\/UCGP2Sq0iWaZwT3BdIAQFYpw\"]},{\"@type\":\"Person\",\"@id\":\"https:\\\/\\\/www.organisator.ch\\\/#\\\/schema\\\/person\\\/6f650f90b2842cd4c0cc334b4e36f67e\",\"name\":\"thomas.berner\",\"image\":{\"@type\":\"ImageObject\",\"inLanguage\":\"en-US\",\"@id\":\"https:\\\/\\\/secure.gravatar.com\\\/avatar\\\/ac5001d2a36cb6c6cd3e50789007ffca834b477b74a2144564522e944eabff61?s=96&d=mm&r=g\",\"url\":\"https:\\\/\\\/secure.gravatar.com\\\/avatar\\\/ac5001d2a36cb6c6cd3e50789007ffca834b477b74a2144564522e944eabff61?s=96&d=mm&r=g\",\"contentUrl\":\"https:\\\/\\\/secure.gravatar.com\\\/avatar\\\/ac5001d2a36cb6c6cd3e50789007ffca834b477b74a2144564522e944eabff61?s=96&d=mm&r=g\",\"caption\":\"thomas.berner\"},\"url\":\"https:\\\/\\\/www.organisator.ch\\\/en\\\/author\\\/thomas-berner\\\/\"}]}<\/script>\n<!-- \/ Yoast SEO plugin. -->","yoast_head_json":{"title":"Trade association procure.ch has opened new headquarters - Organizer","description":"On May 1, 2025, the professional association for purchasing and supply management procure.ch celebrated the official opening of its new office.","robots":{"index":"index","follow":"follow","max-snippet":"max-snippet:-1","max-image-preview":"max-image-preview:large","max-video-preview":"max-video-preview:-1"},"canonical":"https:\/\/www.organisator.ch\/en\/management\/2025-05-05\/fachverband-procure-ch-hat-neuen-geschaeftssitz-eroeffnet\/","og_locale":"en_US","og_type":"article","og_title":"Fachverband procure.ch hat neuen Gesch\u00e4ftssitz er\u00f6ffnet","og_description":"Am 1. Mai 2025 feierte der Fachverband f\u00fcr Einkauf und Supply Management procure.ch die offizielle Er\u00f6ffnung seiner neuen Gesch\u00e4ftsstelle.","og_url":"https:\/\/www.organisator.ch\/en\/management\/2025-05-05\/fachverband-procure-ch-hat-neuen-geschaeftssitz-eroeffnet\/","og_site_name":"Organisator","article_publisher":"https:\/\/www.facebook.com\/OrganisatorFachmagazin","article_published_time":"2025-05-05T09:39:59+00:00","og_image":[{"width":680,"height":486,"url":"https:\/\/www.organisator.ch\/wp-content\/uploads\/2025\/05\/Fachverband-procure.ch-hat-neuen-Geschaeftssitz-eroeffnet_Organisator.jpg","type":"image\/jpeg"}],"author":"thomas.berner","twitter_card":"summary_large_image","twitter_title":"Fachverband #procure.ch hat neuen #Gesch\u00e4ftssitz er\u00f6ffnet","twitter_description":"Am 1. Mai 2025 feierte der Fachverband f\u00fcr Einkauf und Supply Management #procure.ch die offizielle Er\u00f6ffnung seiner neuen Gesch\u00e4ftsstelle.","twitter_image":"https:\/\/www.organisator.ch\/wp-content\/uploads\/2025\/05\/Fachverband-procure.ch-hat-neuen-Geschaeftssitz-eroeffnet_Organisator.jpg","schema":{"@context":"https:\/\/schema.org","@graph":[{"@type":"Article","@id":"https:\/\/www.organisator.ch\/management\/2025-05-05\/fachverband-procure-ch-hat-neuen-geschaeftssitz-eroeffnet\/#article","isPartOf":{"@id":"https:\/\/www.organisator.ch\/management\/2025-05-05\/fachverband-procure-ch-hat-neuen-geschaeftssitz-eroeffnet\/"},"author":{"name":"thomas.berner","@id":"https:\/\/www.organisator.ch\/#\/schema\/person\/6f650f90b2842cd4c0cc334b4e36f67e"},"headline":"Fachverband procure.ch hat neuen Gesch\u00e4ftssitz er\u00f6ffnet","datePublished":"2025-05-05T09:39:59+00:00","mainEntityOfPage":{"@id":"https:\/\/www.organisator.ch\/management\/2025-05-05\/fachverband-procure-ch-hat-neuen-geschaeftssitz-eroeffnet\/"},"wordCount":460,"publisher":{"@id":"https:\/\/www.organisator.ch\/#organization"},"image":{"@id":"https:\/\/www.organisator.ch\/management\/2025-05-05\/fachverband-procure-ch-hat-neuen-geschaeftssitz-eroeffnet\/#primaryimage"},"thumbnailUrl":"https:\/\/www.organisator.ch\/wp-content\/uploads\/2025\/05\/Fachverband-procure.ch-hat-neuen-Geschaeftssitz-eroeffnet_Organisator.jpg","keywords":["Management und Unternehmensf\u00fchrung","Supply Chain Management","Verb\u00e4nde"],"articleSection":["MANAGEMENT"],"inLanguage":"en-US"},{"@type":"WebPage","@id":"https:\/\/www.organisator.ch\/management\/2025-05-05\/fachverband-procure-ch-hat-neuen-geschaeftssitz-eroeffnet\/","url":"https:\/\/www.organisator.ch\/management\/2025-05-05\/fachverband-procure-ch-hat-neuen-geschaeftssitz-eroeffnet\/","name":"Trade association procure.ch has opened new headquarters - Organizer","isPartOf":{"@id":"https:\/\/www.organisator.ch\/#website"},"primaryImageOfPage":{"@id":"https:\/\/www.organisator.ch\/management\/2025-05-05\/fachverband-procure-ch-hat-neuen-geschaeftssitz-eroeffnet\/#primaryimage"},"image":{"@id":"https:\/\/www.organisator.ch\/management\/2025-05-05\/fachverband-procure-ch-hat-neuen-geschaeftssitz-eroeffnet\/#primaryimage"},"thumbnailUrl":"https:\/\/www.organisator.ch\/wp-content\/uploads\/2025\/05\/Fachverband-procure.ch-hat-neuen-Geschaeftssitz-eroeffnet_Organisator.jpg","datePublished":"2025-05-05T09:39:59+00:00","description":"On May 1, 2025, the professional association for purchasing and supply management procure.ch celebrated the official opening of its new office.","breadcrumb":{"@id":"https:\/\/www.organisator.ch\/management\/2025-05-05\/fachverband-procure-ch-hat-neuen-geschaeftssitz-eroeffnet\/#breadcrumb"},"inLanguage":"en-US","potentialAction":[{"@type":"ReadAction","target":["https:\/\/www.organisator.ch\/management\/2025-05-05\/fachverband-procure-ch-hat-neuen-geschaeftssitz-eroeffnet\/"]}]},{"@type":"ImageObject","inLanguage":"en-US","@id":"https:\/\/www.organisator.ch\/management\/2025-05-05\/fachverband-procure-ch-hat-neuen-geschaeftssitz-eroeffnet\/#primaryimage","url":"https:\/\/www.organisator.ch\/wp-content\/uploads\/2025\/05\/Fachverband-procure.ch-hat-neuen-Geschaeftssitz-eroeffnet_Organisator.jpg","contentUrl":"https:\/\/www.organisator.ch\/wp-content\/uploads\/2025\/05\/Fachverband-procure.ch-hat-neuen-Geschaeftssitz-eroeffnet_Organisator.jpg","width":680,"height":486,"caption":"Gesch\u00e4ftsf\u00fchrer Andreas Kyburz begr\u00fcsst Besucherinnen und Besucher zur Er\u00f6ffnung des neuen Gesch\u00e4ftssitzes von procure.ch. (Bild: zVg \/ procure.ch)"},{"@type":"BreadcrumbList","@id":"https:\/\/www.organisator.ch\/management\/2025-05-05\/fachverband-procure-ch-hat-neuen-geschaeftssitz-eroeffnet\/#breadcrumb","itemListElement":[{"@type":"ListItem","position":1,"name":"Home","item":"https:\/\/www.organisator.ch\/"},{"@type":"ListItem","position":2,"name":"Fachverband procure.ch hat neuen Gesch\u00e4ftssitz er\u00f6ffnet"}]},{"@type":"WebSite","@id":"https:\/\/www.organisator.ch\/#website","url":"https:\/\/www.organisator.ch\/","name":"Organizer","description":"Competent. Practical. In 10 issues per year, ORGANISATOR presents the essential topics for managers of SMEs.","publisher":{"@id":"https:\/\/www.organisator.ch\/#organization"},"potentialAction":[{"@type":"SearchAction","target":{"@type":"EntryPoint","urlTemplate":"https:\/\/www.organisator.ch\/?s={search_term_string}"},"query-input":{"@type":"PropertyValueSpecification","valueRequired":true,"valueName":"search_term_string"}}],"inLanguage":"en-US"},{"@type":"Organization","@id":"https:\/\/www.organisator.ch\/#organization","name":"Organizer","url":"https:\/\/www.organisator.ch\/","logo":{"@type":"ImageObject","inLanguage":"en-US","@id":"https:\/\/www.organisator.ch\/#\/schema\/logo\/image\/","url":"https:\/\/www.organisator.ch\/wp-content\/uploads\/2022\/01\/Logo_Organisator_Website.png","contentUrl":"https:\/\/www.organisator.ch\/wp-content\/uploads\/2022\/01\/Logo_Organisator_Website.png","width":800,"height":77,"caption":"Organisator"},"image":{"@id":"https:\/\/www.organisator.ch\/#\/schema\/logo\/image\/"},"sameAs":["https:\/\/www.facebook.com\/OrganisatorFachmagazin","https:\/\/www.linkedin.com\/showcase\/organisator-das-magazin-fr-kmu","https:\/\/www.xing.com\/news\/pages\/organisator-ch-695","https:\/\/www.youtube.com\/channel\/UCGP2Sq0iWaZwT3BdIAQFYpw"]},{"@type":"Person","@id":"https:\/\/www.organisator.ch\/#\/schema\/person\/6f650f90b2842cd4c0cc334b4e36f67e","name":"thomas.berner","image":{"@type":"ImageObject","inLanguage":"en-US","@id":"https:\/\/secure.gravatar.com\/avatar\/ac5001d2a36cb6c6cd3e50789007ffca834b477b74a2144564522e944eabff61?s=96&d=mm&r=g","url":"https:\/\/secure.gravatar.com\/avatar\/ac5001d2a36cb6c6cd3e50789007ffca834b477b74a2144564522e944eabff61?s=96&d=mm&r=g","contentUrl":"https:\/\/secure.gravatar.com\/avatar\/ac5001d2a36cb6c6cd3e50789007ffca834b477b74a2144564522e944eabff61?s=96&d=mm&r=g","caption":"thomas.berner"},"url":"https:\/\/www.organisator.ch\/en\/author\/thomas-berner\/"}]}},"_links":{"self":[{"href":"https:\/\/www.organisator.ch\/en\/wp-json\/wp\/v2\/posts\/38160","targetHints":{"allow":["GET"]}}],"collection":[{"href":"https:\/\/www.organisator.ch\/en\/wp-json\/wp\/v2\/posts"}],"about":[{"href":"https:\/\/www.organisator.ch\/en\/wp-json\/wp\/v2\/types\/post"}],"author":[{"embeddable":true,"href":"https:\/\/www.organisator.ch\/en\/wp-json\/wp\/v2\/users\/4"}],"replies":[{"embeddable":true,"href":"https:\/\/www.organisator.ch\/en\/wp-json\/wp\/v2\/comments?post=38160"}],"version-history":[{"count":4,"href":"https:\/\/www.organisator.ch\/en\/wp-json\/wp\/v2\/posts\/38160\/revisions"}],"predecessor-version":[{"id":38202,"href":"https:\/\/www.organisator.ch\/en\/wp-json\/wp\/v2\/posts\/38160\/revisions\/38202"}],"wp:featuredmedia":[{"embeddable":true,"href":"https:\/\/www.organisator.ch\/en\/wp-json\/wp\/v2\/media\/38161"}],"wp:attachment":[{"href":"https:\/\/www.organisator.ch\/en\/wp-json\/wp\/v2\/media?parent=38160"}],"wp:term":[{"taxonomy":"category","embeddable":true,"href":"https:\/\/www.organisator.ch\/en\/wp-json\/wp\/v2\/categories?post=38160"},{"taxonomy":"post_tag","embeddable":true,"href":"https:\/\/www.organisator.ch\/en\/wp-json\/wp\/v2\/tags?post=38160"}],"curies":[{"name":"wp","href":"https:\/\/api.w.org\/{rel}","templated":true}]}}