{"id":38215,"date":"2025-05-07T08:26:23","date_gmt":"2025-05-07T06:26:23","guid":{"rendered":"https:\/\/www.organisator.ch\/?p=38215"},"modified":"2025-05-07T08:26:23","modified_gmt":"2025-05-07T06:26:23","slug":"nachfolgespezialist-continuum-ag-verstaerkt-sich-personell","status":"publish","type":"post","link":"https:\/\/www.organisator.ch\/en\/management\/2025-05-07\/nachfolgespezialist-continuum-ag-verstaerkt-sich-personell\/","title":{"rendered":"Succession specialist Continuum AG strengthens its workforce"},"content":{"rendered":"<figure id=\"attachment_38216\" aria-describedby=\"caption-attachment-38216\" style=\"width: 680px\" class=\"wp-caption alignnone\"><img loading=\"lazy\" decoding=\"async\" class=\"size-full wp-image-38216\" src=\"https:\/\/www.organisator.ch\/wp-content\/uploads\/2025\/05\/Nachfolgespezialist-Continuum-AG-verstaerkt-sich-personell_Organisator.jpg\" alt=\"\" width=\"680\" height=\"232\" srcset=\"https:\/\/www.organisator.ch\/wp-content\/uploads\/2025\/05\/Nachfolgespezialist-Continuum-AG-verstaerkt-sich-personell_Organisator.jpg 680w, https:\/\/www.organisator.ch\/wp-content\/uploads\/2025\/05\/Nachfolgespezialist-Continuum-AG-verstaerkt-sich-personell_Organisator-18x6.jpg 18w, https:\/\/www.organisator.ch\/wp-content\/uploads\/2025\/05\/Nachfolgespezialist-Continuum-AG-verstaerkt-sich-personell_Organisator-375x128.jpg 375w\" sizes=\"auto, (max-width: 680px) 100vw, 680px\" \/><figcaption id=\"caption-attachment-38216\" class=\"wp-caption-text\">In the picture (from left to right): Dr. Stefan Schneider, Susanne Kutterer-Schacht, Matt Moser, Rolf Brunner, Heini O. Seger, Yannick Brunner. (Picture: zVg)<\/figcaption><\/figure>\n<p>Heini O. Seger joined the management team of Continuum AG as an Associate Partner on May 1, 2025. The experienced consultant and coach brings many years of expertise in supporting family businesses and strengthens the St.Gallen office. In addition to Seger, the partner team includes Dr. Stefan Schneider, Rolf Brunner, Susanne Kutterer-Schacht and Matt Moser. With effect from May 2025, Rolf Brunner will step down from the Board of Directors and act as Senior Partner. Yannick Brunner will take over as Chairman of the Board of Directors, while Dr. Stefan Schneider will remain on the Board as a member. The company is also establishing an Advisory Board with the following experienced individuals as of June 2025: Hanspeter Th\u00fcr (<a href=\"https:\/\/www.organisator.ch\/de\/management\/2023-01-11\/nachfolgeregelung-neuer-verwaltungsratspraesident-bei-continuum-ag\/\">Former Chairman of the Board of Directors<\/a>), Rolf Brunner (Co-Head of Continuum GmbH Karlsruhe, former Chairman of the Board and partner of Continuum AG), Susanne Kutterer-Schacht (Head of Continuum GmbH Karlsruhe) and Peter Villiger (Co-owner of Villiger Steuerberatung AG, St. Gallen). The Advisory Board will play an active role in shaping the strategic development of Continuum AG.<\/p>\n<p>By expanding its workforce, succession specialist Continuum AG is strengthening its position as a holistic advisor in the field of company succession. \"Succession is not an event, but a process,\" emphasizes Dr. Stefan Schneider. For over two decades, the consultancy has taken an integrative approach that focuses on both the company and the entrepreneurial family. The focus is on the \"3sixty\" check to determine the current situation in four dimensions (person, family, company, assets) and individually developed family constitutions. These create clarity about roles, values and expectations and thus prevent long-term conflicts. The next generation (\"NextGen\") also receives targeted support - with coaching, strategy workshops and methods for clarifying roles. The aim is to find a viable solution for everyone involved - operationally, emotionally and strategically. \"We see ourselves as orchestrators of complex change,\" summarizes Yannick Brunner. \"With our expanded team and the new advisory board, we are ideally positioned to support entrepreneurial families and their family businesses in this crucial phase with confidence, experience and the necessary sense of proportion.\"<\/p>\n<p><em>Source and further information: <a href=\"http:\/\/www.continuum.ch\">Continuum AG<\/a><\/em><\/p>","protected":false},"excerpt":{"rendered":"<p>Continuum AG, based in St.Gallen, Zurich and Staufen b. Lenzburg, is strengthening its team of partners and further expanding its management structure. The company continues to focus holistically on succession processes.<\/p>","protected":false},"author":4,"featured_media":38216,"comment_status":"closed","ping_status":"closed","sticky":false,"template":"","format":"standard","meta":{"_acf_changed":false,"_yoast_wpseo_focuskw":"Nachfolgespezialist Continuum","_yoast_wpseo_metadesc":"Der Nachfolgespezialist Continuum AG mit Sitz in St.Gallen, Z\u00fcrich und Staufen b. Lenzburg baut seine F\u00fchrungsstruktur weiter aus.","articlekey":"","footnotes":""},"categories":[28],"tags":[207,335,492],"class_list":["post-38215","post","type-post","status-publish","format-standard","has-post-thumbnail","hentry","category-management","tag-firmennachfolge","tag-management-und-unternehmensfuehrung","tag-unternehmen"],"acf":[],"yoast_head":"<!-- This site is optimized with the Yoast SEO plugin v27.5 - https:\/\/yoast.com\/product\/yoast-seo-wordpress\/ -->\n<title>Nachfolgespezialist Continuum AG verst\u00e4rkt sich personell - Organisator<\/title>\n<meta name=\"description\" content=\"Der Nachfolgespezialist Continuum AG mit Sitz in St.Gallen, Z\u00fcrich und Staufen b. Lenzburg baut seine F\u00fchrungsstruktur weiter aus.\" \/>\n<meta name=\"robots\" content=\"index, follow, max-snippet:-1, max-image-preview:large, max-video-preview:-1\" \/>\n<link rel=\"canonical\" href=\"https:\/\/www.organisator.ch\/en\/management\/2025-05-07\/nachfolgespezialist-continuum-ag-verstaerkt-sich-personell\/\" \/>\n<meta property=\"og:locale\" content=\"en_US\" \/>\n<meta property=\"og:type\" content=\"article\" \/>\n<meta property=\"og:title\" content=\"Nachfolgespezialist Continuum AG verst\u00e4rkt sich personell\" \/>\n<meta property=\"og:description\" content=\"Der Nachfolgespezialist Continuum AG mit Sitz in St.Gallen, Z\u00fcrich und Staufen b. Lenzburg baut seine F\u00fchrungsstruktur weiter aus.\" \/>\n<meta property=\"og:url\" content=\"https:\/\/www.organisator.ch\/en\/management\/2025-05-07\/nachfolgespezialist-continuum-ag-verstaerkt-sich-personell\/\" \/>\n<meta property=\"og:site_name\" content=\"Organisator\" \/>\n<meta property=\"article:publisher\" content=\"https:\/\/www.facebook.com\/OrganisatorFachmagazin\" \/>\n<meta property=\"article:published_time\" content=\"2025-05-07T06:26:23+00:00\" \/>\n<meta property=\"og:image\" content=\"https:\/\/www.organisator.ch\/wp-content\/uploads\/2025\/05\/Nachfolgespezialist-Continuum-AG-verstaerkt-sich-personell_Organisator.jpg\" \/>\n\t<meta property=\"og:image:width\" content=\"680\" \/>\n\t<meta property=\"og:image:height\" content=\"232\" \/>\n\t<meta property=\"og:image:type\" content=\"image\/jpeg\" \/>\n<meta name=\"author\" content=\"thomas.berner\" \/>\n<meta name=\"twitter:card\" content=\"summary_large_image\" \/>\n<meta name=\"twitter:title\" content=\"#Nachfolgespezialist #Continuum AG verst\u00e4rkt sich personell\" \/>\n<meta name=\"twitter:description\" content=\"Der #Nachfolgespezialist #Continuum AG mit Sitz in St.Gallen, Z\u00fcrich und Staufen b. Lenzburg baut seine #F\u00fchrungsstruktur weiter aus.\" \/>\n<meta name=\"twitter:image\" content=\"https:\/\/www.organisator.ch\/wp-content\/uploads\/2025\/05\/Nachfolgespezialist-Continuum-AG-verstaerkt-sich-personell_Organisator.jpg\" \/>\n<script type=\"application\/ld+json\" class=\"yoast-schema-graph\">{\"@context\":\"https:\\\/\\\/schema.org\",\"@graph\":[{\"@type\":\"Article\",\"@id\":\"https:\\\/\\\/www.organisator.ch\\\/management\\\/2025-05-07\\\/nachfolgespezialist-continuum-ag-verstaerkt-sich-personell\\\/#article\",\"isPartOf\":{\"@id\":\"https:\\\/\\\/www.organisator.ch\\\/management\\\/2025-05-07\\\/nachfolgespezialist-continuum-ag-verstaerkt-sich-personell\\\/\"},\"author\":{\"name\":\"thomas.berner\",\"@id\":\"https:\\\/\\\/www.organisator.ch\\\/#\\\/schema\\\/person\\\/6f650f90b2842cd4c0cc334b4e36f67e\"},\"headline\":\"Nachfolgespezialist Continuum AG verst\u00e4rkt sich personell\",\"datePublished\":\"2025-05-07T06:26:23+00:00\",\"mainEntityOfPage\":{\"@id\":\"https:\\\/\\\/www.organisator.ch\\\/management\\\/2025-05-07\\\/nachfolgespezialist-continuum-ag-verstaerkt-sich-personell\\\/\"},\"wordCount\":356,\"publisher\":{\"@id\":\"https:\\\/\\\/www.organisator.ch\\\/#organization\"},\"image\":{\"@id\":\"https:\\\/\\\/www.organisator.ch\\\/management\\\/2025-05-07\\\/nachfolgespezialist-continuum-ag-verstaerkt-sich-personell\\\/#primaryimage\"},\"thumbnailUrl\":\"https:\\\/\\\/www.organisator.ch\\\/wp-content\\\/uploads\\\/2025\\\/05\\\/Nachfolgespezialist-Continuum-AG-verstaerkt-sich-personell_Organisator.jpg\",\"keywords\":[\"Firmennachfolge\",\"Management und Unternehmensf\u00fchrung\",\"Unternehmen\"],\"articleSection\":[\"MANAGEMENT\"],\"inLanguage\":\"en-US\"},{\"@type\":\"WebPage\",\"@id\":\"https:\\\/\\\/www.organisator.ch\\\/management\\\/2025-05-07\\\/nachfolgespezialist-continuum-ag-verstaerkt-sich-personell\\\/\",\"url\":\"https:\\\/\\\/www.organisator.ch\\\/management\\\/2025-05-07\\\/nachfolgespezialist-continuum-ag-verstaerkt-sich-personell\\\/\",\"name\":\"Nachfolgespezialist Continuum AG verst\u00e4rkt sich personell - Organisator\",\"isPartOf\":{\"@id\":\"https:\\\/\\\/www.organisator.ch\\\/#website\"},\"primaryImageOfPage\":{\"@id\":\"https:\\\/\\\/www.organisator.ch\\\/management\\\/2025-05-07\\\/nachfolgespezialist-continuum-ag-verstaerkt-sich-personell\\\/#primaryimage\"},\"image\":{\"@id\":\"https:\\\/\\\/www.organisator.ch\\\/management\\\/2025-05-07\\\/nachfolgespezialist-continuum-ag-verstaerkt-sich-personell\\\/#primaryimage\"},\"thumbnailUrl\":\"https:\\\/\\\/www.organisator.ch\\\/wp-content\\\/uploads\\\/2025\\\/05\\\/Nachfolgespezialist-Continuum-AG-verstaerkt-sich-personell_Organisator.jpg\",\"datePublished\":\"2025-05-07T06:26:23+00:00\",\"description\":\"Der Nachfolgespezialist Continuum AG mit Sitz in St.Gallen, Z\u00fcrich und Staufen b. Lenzburg baut seine F\u00fchrungsstruktur weiter aus.\",\"breadcrumb\":{\"@id\":\"https:\\\/\\\/www.organisator.ch\\\/management\\\/2025-05-07\\\/nachfolgespezialist-continuum-ag-verstaerkt-sich-personell\\\/#breadcrumb\"},\"inLanguage\":\"en-US\",\"potentialAction\":[{\"@type\":\"ReadAction\",\"target\":[\"https:\\\/\\\/www.organisator.ch\\\/management\\\/2025-05-07\\\/nachfolgespezialist-continuum-ag-verstaerkt-sich-personell\\\/\"]}]},{\"@type\":\"ImageObject\",\"inLanguage\":\"en-US\",\"@id\":\"https:\\\/\\\/www.organisator.ch\\\/management\\\/2025-05-07\\\/nachfolgespezialist-continuum-ag-verstaerkt-sich-personell\\\/#primaryimage\",\"url\":\"https:\\\/\\\/www.organisator.ch\\\/wp-content\\\/uploads\\\/2025\\\/05\\\/Nachfolgespezialist-Continuum-AG-verstaerkt-sich-personell_Organisator.jpg\",\"contentUrl\":\"https:\\\/\\\/www.organisator.ch\\\/wp-content\\\/uploads\\\/2025\\\/05\\\/Nachfolgespezialist-Continuum-AG-verstaerkt-sich-personell_Organisator.jpg\",\"width\":680,\"height\":232,\"caption\":\"Im Bild (v.l.n.r): Dr. Stefan Schneider, Susanne Kutterer-Schacht, Matt Moser, Rolf Brunner, Heini O. Seger, Yannick Brunner. (Bild: zVg)\"},{\"@type\":\"BreadcrumbList\",\"@id\":\"https:\\\/\\\/www.organisator.ch\\\/management\\\/2025-05-07\\\/nachfolgespezialist-continuum-ag-verstaerkt-sich-personell\\\/#breadcrumb\",\"itemListElement\":[{\"@type\":\"ListItem\",\"position\":1,\"name\":\"Home\",\"item\":\"https:\\\/\\\/www.organisator.ch\\\/\"},{\"@type\":\"ListItem\",\"position\":2,\"name\":\"Nachfolgespezialist Continuum AG verst\u00e4rkt sich personell\"}]},{\"@type\":\"WebSite\",\"@id\":\"https:\\\/\\\/www.organisator.ch\\\/#website\",\"url\":\"https:\\\/\\\/www.organisator.ch\\\/\",\"name\":\"Organisator\",\"description\":\"Kompetent. Praxisnah. Der ORGANISATOR bereitet in 10 Ausgaben pro Jahr die wesentlichen Themen f\u00fcr F\u00fchrungskr\u00e4fte von KMU auf.\",\"publisher\":{\"@id\":\"https:\\\/\\\/www.organisator.ch\\\/#organization\"},\"potentialAction\":[{\"@type\":\"SearchAction\",\"target\":{\"@type\":\"EntryPoint\",\"urlTemplate\":\"https:\\\/\\\/www.organisator.ch\\\/?s={search_term_string}\"},\"query-input\":{\"@type\":\"PropertyValueSpecification\",\"valueRequired\":true,\"valueName\":\"search_term_string\"}}],\"inLanguage\":\"en-US\"},{\"@type\":\"Organization\",\"@id\":\"https:\\\/\\\/www.organisator.ch\\\/#organization\",\"name\":\"Organisator\",\"url\":\"https:\\\/\\\/www.organisator.ch\\\/\",\"logo\":{\"@type\":\"ImageObject\",\"inLanguage\":\"en-US\",\"@id\":\"https:\\\/\\\/www.organisator.ch\\\/#\\\/schema\\\/logo\\\/image\\\/\",\"url\":\"https:\\\/\\\/www.organisator.ch\\\/wp-content\\\/uploads\\\/2022\\\/01\\\/Logo_Organisator_Website.png\",\"contentUrl\":\"https:\\\/\\\/www.organisator.ch\\\/wp-content\\\/uploads\\\/2022\\\/01\\\/Logo_Organisator_Website.png\",\"width\":800,\"height\":77,\"caption\":\"Organisator\"},\"image\":{\"@id\":\"https:\\\/\\\/www.organisator.ch\\\/#\\\/schema\\\/logo\\\/image\\\/\"},\"sameAs\":[\"https:\\\/\\\/www.facebook.com\\\/OrganisatorFachmagazin\",\"https:\\\/\\\/www.linkedin.com\\\/showcase\\\/organisator-das-magazin-fr-kmu\",\"https:\\\/\\\/www.xing.com\\\/news\\\/pages\\\/organisator-ch-695\",\"https:\\\/\\\/www.youtube.com\\\/channel\\\/UCGP2Sq0iWaZwT3BdIAQFYpw\"]},{\"@type\":\"Person\",\"@id\":\"https:\\\/\\\/www.organisator.ch\\\/#\\\/schema\\\/person\\\/6f650f90b2842cd4c0cc334b4e36f67e\",\"name\":\"thomas.berner\",\"image\":{\"@type\":\"ImageObject\",\"inLanguage\":\"en-US\",\"@id\":\"https:\\\/\\\/secure.gravatar.com\\\/avatar\\\/ac5001d2a36cb6c6cd3e50789007ffca834b477b74a2144564522e944eabff61?s=96&d=mm&r=g\",\"url\":\"https:\\\/\\\/secure.gravatar.com\\\/avatar\\\/ac5001d2a36cb6c6cd3e50789007ffca834b477b74a2144564522e944eabff61?s=96&d=mm&r=g\",\"contentUrl\":\"https:\\\/\\\/secure.gravatar.com\\\/avatar\\\/ac5001d2a36cb6c6cd3e50789007ffca834b477b74a2144564522e944eabff61?s=96&d=mm&r=g\",\"caption\":\"thomas.berner\"},\"url\":\"https:\\\/\\\/www.organisator.ch\\\/en\\\/author\\\/thomas-berner\\\/\"}]}<\/script>\n<!-- \/ Yoast SEO plugin. -->","yoast_head_json":{"title":"Succession specialist Continuum AG strengthens its team - Organizer","description":"The succession specialist Continuum AG, based in St.Gallen, Zurich and Staufen b. Lenzburg, is further expanding its management structure.","robots":{"index":"index","follow":"follow","max-snippet":"max-snippet:-1","max-image-preview":"max-image-preview:large","max-video-preview":"max-video-preview:-1"},"canonical":"https:\/\/www.organisator.ch\/en\/management\/2025-05-07\/nachfolgespezialist-continuum-ag-verstaerkt-sich-personell\/","og_locale":"en_US","og_type":"article","og_title":"Nachfolgespezialist Continuum AG verst\u00e4rkt sich personell","og_description":"Der Nachfolgespezialist Continuum AG mit Sitz in St.Gallen, Z\u00fcrich und Staufen b. Lenzburg baut seine F\u00fchrungsstruktur weiter aus.","og_url":"https:\/\/www.organisator.ch\/en\/management\/2025-05-07\/nachfolgespezialist-continuum-ag-verstaerkt-sich-personell\/","og_site_name":"Organisator","article_publisher":"https:\/\/www.facebook.com\/OrganisatorFachmagazin","article_published_time":"2025-05-07T06:26:23+00:00","og_image":[{"width":680,"height":232,"url":"https:\/\/www.organisator.ch\/wp-content\/uploads\/2025\/05\/Nachfolgespezialist-Continuum-AG-verstaerkt-sich-personell_Organisator.jpg","type":"image\/jpeg"}],"author":"thomas.berner","twitter_card":"summary_large_image","twitter_title":"#Nachfolgespezialist #Continuum AG verst\u00e4rkt sich personell","twitter_description":"Der #Nachfolgespezialist #Continuum AG mit Sitz in St.Gallen, Z\u00fcrich und Staufen b. Lenzburg baut seine #F\u00fchrungsstruktur weiter aus.","twitter_image":"https:\/\/www.organisator.ch\/wp-content\/uploads\/2025\/05\/Nachfolgespezialist-Continuum-AG-verstaerkt-sich-personell_Organisator.jpg","schema":{"@context":"https:\/\/schema.org","@graph":[{"@type":"Article","@id":"https:\/\/www.organisator.ch\/management\/2025-05-07\/nachfolgespezialist-continuum-ag-verstaerkt-sich-personell\/#article","isPartOf":{"@id":"https:\/\/www.organisator.ch\/management\/2025-05-07\/nachfolgespezialist-continuum-ag-verstaerkt-sich-personell\/"},"author":{"name":"thomas.berner","@id":"https:\/\/www.organisator.ch\/#\/schema\/person\/6f650f90b2842cd4c0cc334b4e36f67e"},"headline":"Nachfolgespezialist Continuum AG verst\u00e4rkt sich personell","datePublished":"2025-05-07T06:26:23+00:00","mainEntityOfPage":{"@id":"https:\/\/www.organisator.ch\/management\/2025-05-07\/nachfolgespezialist-continuum-ag-verstaerkt-sich-personell\/"},"wordCount":356,"publisher":{"@id":"https:\/\/www.organisator.ch\/#organization"},"image":{"@id":"https:\/\/www.organisator.ch\/management\/2025-05-07\/nachfolgespezialist-continuum-ag-verstaerkt-sich-personell\/#primaryimage"},"thumbnailUrl":"https:\/\/www.organisator.ch\/wp-content\/uploads\/2025\/05\/Nachfolgespezialist-Continuum-AG-verstaerkt-sich-personell_Organisator.jpg","keywords":["Firmennachfolge","Management und Unternehmensf\u00fchrung","Unternehmen"],"articleSection":["MANAGEMENT"],"inLanguage":"en-US"},{"@type":"WebPage","@id":"https:\/\/www.organisator.ch\/management\/2025-05-07\/nachfolgespezialist-continuum-ag-verstaerkt-sich-personell\/","url":"https:\/\/www.organisator.ch\/management\/2025-05-07\/nachfolgespezialist-continuum-ag-verstaerkt-sich-personell\/","name":"Succession specialist Continuum AG strengthens its team - Organizer","isPartOf":{"@id":"https:\/\/www.organisator.ch\/#website"},"primaryImageOfPage":{"@id":"https:\/\/www.organisator.ch\/management\/2025-05-07\/nachfolgespezialist-continuum-ag-verstaerkt-sich-personell\/#primaryimage"},"image":{"@id":"https:\/\/www.organisator.ch\/management\/2025-05-07\/nachfolgespezialist-continuum-ag-verstaerkt-sich-personell\/#primaryimage"},"thumbnailUrl":"https:\/\/www.organisator.ch\/wp-content\/uploads\/2025\/05\/Nachfolgespezialist-Continuum-AG-verstaerkt-sich-personell_Organisator.jpg","datePublished":"2025-05-07T06:26:23+00:00","description":"The succession specialist Continuum AG, based in St.Gallen, Zurich and Staufen b. Lenzburg, is further expanding its management structure.","breadcrumb":{"@id":"https:\/\/www.organisator.ch\/management\/2025-05-07\/nachfolgespezialist-continuum-ag-verstaerkt-sich-personell\/#breadcrumb"},"inLanguage":"en-US","potentialAction":[{"@type":"ReadAction","target":["https:\/\/www.organisator.ch\/management\/2025-05-07\/nachfolgespezialist-continuum-ag-verstaerkt-sich-personell\/"]}]},{"@type":"ImageObject","inLanguage":"en-US","@id":"https:\/\/www.organisator.ch\/management\/2025-05-07\/nachfolgespezialist-continuum-ag-verstaerkt-sich-personell\/#primaryimage","url":"https:\/\/www.organisator.ch\/wp-content\/uploads\/2025\/05\/Nachfolgespezialist-Continuum-AG-verstaerkt-sich-personell_Organisator.jpg","contentUrl":"https:\/\/www.organisator.ch\/wp-content\/uploads\/2025\/05\/Nachfolgespezialist-Continuum-AG-verstaerkt-sich-personell_Organisator.jpg","width":680,"height":232,"caption":"Im Bild (v.l.n.r): Dr. Stefan Schneider, Susanne Kutterer-Schacht, Matt Moser, Rolf Brunner, Heini O. Seger, Yannick Brunner. (Bild: zVg)"},{"@type":"BreadcrumbList","@id":"https:\/\/www.organisator.ch\/management\/2025-05-07\/nachfolgespezialist-continuum-ag-verstaerkt-sich-personell\/#breadcrumb","itemListElement":[{"@type":"ListItem","position":1,"name":"Home","item":"https:\/\/www.organisator.ch\/"},{"@type":"ListItem","position":2,"name":"Nachfolgespezialist Continuum AG verst\u00e4rkt sich personell"}]},{"@type":"WebSite","@id":"https:\/\/www.organisator.ch\/#website","url":"https:\/\/www.organisator.ch\/","name":"Organizer","description":"Competent. Practical. In 10 issues per year, ORGANISATOR presents the essential topics for managers of SMEs.","publisher":{"@id":"https:\/\/www.organisator.ch\/#organization"},"potentialAction":[{"@type":"SearchAction","target":{"@type":"EntryPoint","urlTemplate":"https:\/\/www.organisator.ch\/?s={search_term_string}"},"query-input":{"@type":"PropertyValueSpecification","valueRequired":true,"valueName":"search_term_string"}}],"inLanguage":"en-US"},{"@type":"Organization","@id":"https:\/\/www.organisator.ch\/#organization","name":"Organizer","url":"https:\/\/www.organisator.ch\/","logo":{"@type":"ImageObject","inLanguage":"en-US","@id":"https:\/\/www.organisator.ch\/#\/schema\/logo\/image\/","url":"https:\/\/www.organisator.ch\/wp-content\/uploads\/2022\/01\/Logo_Organisator_Website.png","contentUrl":"https:\/\/www.organisator.ch\/wp-content\/uploads\/2022\/01\/Logo_Organisator_Website.png","width":800,"height":77,"caption":"Organisator"},"image":{"@id":"https:\/\/www.organisator.ch\/#\/schema\/logo\/image\/"},"sameAs":["https:\/\/www.facebook.com\/OrganisatorFachmagazin","https:\/\/www.linkedin.com\/showcase\/organisator-das-magazin-fr-kmu","https:\/\/www.xing.com\/news\/pages\/organisator-ch-695","https:\/\/www.youtube.com\/channel\/UCGP2Sq0iWaZwT3BdIAQFYpw"]},{"@type":"Person","@id":"https:\/\/www.organisator.ch\/#\/schema\/person\/6f650f90b2842cd4c0cc334b4e36f67e","name":"thomas.berner","image":{"@type":"ImageObject","inLanguage":"en-US","@id":"https:\/\/secure.gravatar.com\/avatar\/ac5001d2a36cb6c6cd3e50789007ffca834b477b74a2144564522e944eabff61?s=96&d=mm&r=g","url":"https:\/\/secure.gravatar.com\/avatar\/ac5001d2a36cb6c6cd3e50789007ffca834b477b74a2144564522e944eabff61?s=96&d=mm&r=g","contentUrl":"https:\/\/secure.gravatar.com\/avatar\/ac5001d2a36cb6c6cd3e50789007ffca834b477b74a2144564522e944eabff61?s=96&d=mm&r=g","caption":"thomas.berner"},"url":"https:\/\/www.organisator.ch\/en\/author\/thomas-berner\/"}]}},"_links":{"self":[{"href":"https:\/\/www.organisator.ch\/en\/wp-json\/wp\/v2\/posts\/38215","targetHints":{"allow":["GET"]}}],"collection":[{"href":"https:\/\/www.organisator.ch\/en\/wp-json\/wp\/v2\/posts"}],"about":[{"href":"https:\/\/www.organisator.ch\/en\/wp-json\/wp\/v2\/types\/post"}],"author":[{"embeddable":true,"href":"https:\/\/www.organisator.ch\/en\/wp-json\/wp\/v2\/users\/4"}],"replies":[{"embeddable":true,"href":"https:\/\/www.organisator.ch\/en\/wp-json\/wp\/v2\/comments?post=38215"}],"version-history":[{"count":3,"href":"https:\/\/www.organisator.ch\/en\/wp-json\/wp\/v2\/posts\/38215\/revisions"}],"predecessor-version":[{"id":38249,"href":"https:\/\/www.organisator.ch\/en\/wp-json\/wp\/v2\/posts\/38215\/revisions\/38249"}],"wp:featuredmedia":[{"embeddable":true,"href":"https:\/\/www.organisator.ch\/en\/wp-json\/wp\/v2\/media\/38216"}],"wp:attachment":[{"href":"https:\/\/www.organisator.ch\/en\/wp-json\/wp\/v2\/media?parent=38215"}],"wp:term":[{"taxonomy":"category","embeddable":true,"href":"https:\/\/www.organisator.ch\/en\/wp-json\/wp\/v2\/categories?post=38215"},{"taxonomy":"post_tag","embeddable":true,"href":"https:\/\/www.organisator.ch\/en\/wp-json\/wp\/v2\/tags?post=38215"}],"curies":[{"name":"wp","href":"https:\/\/api.w.org\/{rel}","templated":true}]}}