{"id":38239,"date":"2025-05-14T00:01:25","date_gmt":"2025-05-13T22:01:25","guid":{"rendered":"https:\/\/www.organisator.ch\/?p=38239"},"modified":"2025-05-14T17:13:31","modified_gmt":"2025-05-14T15:13:31","slug":"ohne-temporaerarbeit-steht-die-wirtschaft-still","status":"publish","type":"post","link":"https:\/\/www.organisator.ch\/en\/publireportage\/2025-05-14\/ohne-temporaerarbeit-steht-die-wirtschaft-still\/","title":{"rendered":"Without temporary work, the economy stands still"},"content":{"rendered":"<p><img loading=\"lazy\" decoding=\"async\" class=\"alignnone size-full wp-image-38243\" src=\"https:\/\/www.organisator.ch\/wp-content\/uploads\/2025\/05\/Ohne-Temporaerarbeit-steht-die-Wirtschaft-still-3_Organisator.jpg\" alt=\"\" width=\"680\" height=\"510\" srcset=\"https:\/\/www.organisator.ch\/wp-content\/uploads\/2025\/05\/Ohne-Temporaerarbeit-steht-die-Wirtschaft-still-3_Organisator.jpg 680w, https:\/\/www.organisator.ch\/wp-content\/uploads\/2025\/05\/Ohne-Temporaerarbeit-steht-die-Wirtschaft-still-3_Organisator-16x12.jpg 16w, https:\/\/www.organisator.ch\/wp-content\/uploads\/2025\/05\/Ohne-Temporaerarbeit-steht-die-Wirtschaft-still-3_Organisator-375x281.jpg 375w, https:\/\/www.organisator.ch\/wp-content\/uploads\/2025\/05\/Ohne-Temporaerarbeit-steht-die-Wirtschaft-still-3_Organisator-467x350.jpg 467w\" sizes=\"auto, (max-width: 680px) 100vw, 680px\" \/><\/p>\n<p>Switzerland is an economic, social and political model of success. A skilled workforce, attractive jobs, a flexible labor market and social stability - these are Switzerland's key assets. Temporary work makes an important contribution to this and offers SMEs in particular concrete advantages in their day-to-day business.<\/p>\n<h3><strong>Temporary work enables companies to cope with economic fluctuations.<\/strong><\/h3>\n<p>41 % of Swiss companies currently work with temporary staff, while the figure for large companies with over 250 employees is as high as 83 %. In the ups and downs of the economy, companies are dependent on flexibility in order to be able to continue as a going concern and make investments for the future. Temporary work supports companies in this. 60% of companies can accept short-term orders that they would otherwise have turned down thanks to temporary workers. This secures jobs and creates stability and prosperity.<\/p>\n<h3><strong>Temporary work alleviates the shortage of specialists and workers.<\/strong><\/h3>\n<p>The latest study by the Sotomo research institute shows what the challenges are for companies and how temporary work can alleviate them. 78 % of Swiss companies state that they have had difficulties finding suitable managers and specialists in recent years. In addition, long-term absences due to illness, accidents or parental leave exacerbate the bottlenecks. In this situation, temporary work is an essential tool for many companies to respond quickly to staffing needs and recruit qualified workers. Thanks to personnel service providers, employers and jobseekers can find each other more quickly, which is a decisive match, especially for highly qualified profiles. Temporary work also enables companies to make full use of domestic employment potential and to recruit people returning to work, e.g. after completing their training or while caring for children. One in three temporary workers deliberately wants to work flexibly and cannot imagine working in a permanent position.<\/p>\n<p><img loading=\"lazy\" decoding=\"async\" class=\"alignnone size-full wp-image-38242\" src=\"https:\/\/www.organisator.ch\/wp-content\/uploads\/2025\/05\/Ohne-Temporaerarbeit-steht-die-Wirtschaft-still-2_Organisator.jpg\" alt=\"\" width=\"680\" height=\"510\" srcset=\"https:\/\/www.organisator.ch\/wp-content\/uploads\/2025\/05\/Ohne-Temporaerarbeit-steht-die-Wirtschaft-still-2_Organisator.jpg 680w, https:\/\/www.organisator.ch\/wp-content\/uploads\/2025\/05\/Ohne-Temporaerarbeit-steht-die-Wirtschaft-still-2_Organisator-16x12.jpg 16w, https:\/\/www.organisator.ch\/wp-content\/uploads\/2025\/05\/Ohne-Temporaerarbeit-steht-die-Wirtschaft-still-2_Organisator-375x281.jpg 375w, https:\/\/www.organisator.ch\/wp-content\/uploads\/2025\/05\/Ohne-Temporaerarbeit-steht-die-Wirtschaft-still-2_Organisator-467x350.jpg 467w\" sizes=\"auto, (max-width: 680px) 100vw, 680px\" \/><\/p>\n<h3><strong>Temporary work strengthens Switzerland in the international competition between locations.<\/strong><\/h3>\n<p>International companies need flexibility in their personnel pools and invest where it exists. A survey of Forbes 2000 companies shows: The proportion of flexible workers at these companies is over 20 %. Around half of this is staff leasing. Switzerland's ability to attract outstanding talent, combined with flexible contract models, strengthens its competitiveness.<\/p>\n<h3><strong>Temporary work contributes to the stability of society.<\/strong><\/h3>\n<p>Low unemployment and good career opportunities are important for Switzerland's stability. Temporary work makes an important contribution to social integration thanks to low barriers to entering the labor market, combined with opportunities for further training and social security. Temporary workers receive daily sickness benefits for up to 720 days and are insured in the pension fund from the first hour of employment. They are also insured against unemployment and benefit from the broad-based \"temptraining\" further training fund. This further training opportunity for temporary workers provides companies with qualified employees.<\/p>\n<p>Temporary work is more than just a short-term solution - it is a strategic instrument for entrepreneurial success. For SMEs in particular, it offers the necessary flexibility to overcome challenges such as a shortage of skilled workers or economic fluctuations. Companies that rely on temporary work not only invest in their own competitiveness, but also strengthen Switzerland as a business location.<\/p>\n<p><img loading=\"lazy\" decoding=\"async\" class=\"alignnone size-full wp-image-38241\" src=\"https:\/\/www.organisator.ch\/wp-content\/uploads\/2025\/05\/Ohne-Temporaerarbeit-steht-die-Wirtschaft-still-1_Organisator.jpg\" alt=\"\" width=\"680\" height=\"510\" srcset=\"https:\/\/www.organisator.ch\/wp-content\/uploads\/2025\/05\/Ohne-Temporaerarbeit-steht-die-Wirtschaft-still-1_Organisator.jpg 680w, https:\/\/www.organisator.ch\/wp-content\/uploads\/2025\/05\/Ohne-Temporaerarbeit-steht-die-Wirtschaft-still-1_Organisator-16x12.jpg 16w, https:\/\/www.organisator.ch\/wp-content\/uploads\/2025\/05\/Ohne-Temporaerarbeit-steht-die-Wirtschaft-still-1_Organisator-375x281.jpg 375w, https:\/\/www.organisator.ch\/wp-content\/uploads\/2025\/05\/Ohne-Temporaerarbeit-steht-die-Wirtschaft-still-1_Organisator-467x350.jpg 467w\" sizes=\"auto, (max-width: 680px) 100vw, 680px\" \/><\/p>\n<p><em>Find out more about temporary work and read the latest study by the Sotomo research institute <a href=\"https:\/\/www.swissstaffing.ch\/docs\/de\/Publikationen\/Studien\/20250207-fachkraftemangel-und-temporaerarbeit.pdf?m=1740582573&amp;\"><strong>\"Skills shortage and temporary work\"<\/strong><\/a>\"<\/em><\/p>\n<p><a href=\"http:\/\/www.swissstaffing.ch\/temporaerarbeit\/unternehmen\"><em>More information<\/em><\/a><\/p>\n<p>&nbsp;<\/p>\n<blockquote>\n<p><strong>swissstaffing<\/strong> is the competence and service center for Swiss personnel service providers. As an employers' association, swissstaffing represents the interests of its more than 500 members in politics, business and society. swissstaffing is a social partner of the CBA Staff Leasing, the contract with the most employees covered by it in Switzerland. <a href=\"http:\/\/www.swissstaffing.ch\">www.swissstaffing.ch<\/a>.<\/p>\n<p><strong>Studies on temporary workers and personnel service providers in Switzerland<\/strong><\/p>\n<p>swissstaffing regularly produces white papers on economic, political and social issues relating to temporary work in Switzerland. The association also commissions surveys for this purpose. You can access the current studies via <a href=\"https:\/\/www.swissstaffing.ch\/de\/Branche-Politik\/White-Paper.php\">this link<\/a>.<\/p>\n<\/blockquote>","protected":false},"excerpt":{"rendered":"<p>Temporary work is more than just a short-term solution - it is a strategic instrument for entrepreneurial success.<\/p>","protected":false},"author":4,"featured_media":0,"comment_status":"closed","ping_status":"closed","sticky":false,"template":"","format":"standard","meta":{"_acf_changed":false,"_yoast_wpseo_focuskw":"Tempor\u00e4rarbeit","_yoast_wpseo_metadesc":"Tempor\u00e4rarbeit ist mehr als nur eine kurzfristige L\u00f6sung \u2013 sie ist ein strategisches Instrument f\u00fcr unternehmerischen Erfolg.","articlekey":"","footnotes":""},"categories":[5330],"tags":[254,2696,5334,3745],"class_list":["post-38239","post","type-post","status-publish","format-standard","hentry","category-publireportage","tag-hrm","tag-publireportage","tag-swissstaffing","tag-temporaerarbeit"],"acf":[],"yoast_head":"<!-- This site is optimized with the Yoast SEO plugin v27.5 - https:\/\/yoast.com\/product\/yoast-seo-wordpress\/ -->\n<title>Ohne Tempor\u00e4rarbeit steht die Wirtschaft still - Organisator<\/title>\n<meta name=\"description\" content=\"Tempor\u00e4rarbeit ist mehr als nur eine kurzfristige L\u00f6sung \u2013 sie ist ein strategisches Instrument f\u00fcr unternehmerischen Erfolg.\" \/>\n<meta name=\"robots\" content=\"index, follow, max-snippet:-1, max-image-preview:large, max-video-preview:-1\" \/>\n<link rel=\"canonical\" href=\"https:\/\/www.organisator.ch\/en\/public-report\/2025-05-14\/ohne-temporaerarbeit-steht-die-wirtschaft-still\/\" \/>\n<meta property=\"og:locale\" content=\"en_US\" \/>\n<meta property=\"og:type\" content=\"article\" \/>\n<meta property=\"og:title\" content=\"Ohne Tempor\u00e4rarbeit steht die Wirtschaft still - Organisator\" \/>\n<meta property=\"og:description\" content=\"Tempor\u00e4rarbeit ist mehr als nur eine kurzfristige L\u00f6sung \u2013 sie ist ein strategisches Instrument f\u00fcr unternehmerischen Erfolg.\" \/>\n<meta property=\"og:url\" content=\"https:\/\/www.organisator.ch\/en\/public-report\/2025-05-14\/ohne-temporaerarbeit-steht-die-wirtschaft-still\/\" \/>\n<meta property=\"og:site_name\" content=\"Organisator\" \/>\n<meta property=\"article:publisher\" content=\"https:\/\/www.facebook.com\/OrganisatorFachmagazin\" \/>\n<meta property=\"article:published_time\" content=\"2025-05-13T22:01:25+00:00\" \/>\n<meta property=\"article:modified_time\" content=\"2025-05-14T15:13:31+00:00\" \/>\n<meta property=\"og:image\" content=\"https:\/\/www.organisator.ch\/wp-content\/uploads\/2025\/05\/Ohne-Temporaerarbeit-steht-die-Wirtschaft-still-3_Organisator.jpg\" \/>\n\t<meta property=\"og:image:width\" content=\"680\" \/>\n\t<meta property=\"og:image:height\" content=\"510\" \/>\n\t<meta property=\"og:image:type\" content=\"image\/jpeg\" \/>\n<meta name=\"author\" content=\"thomas.berner\" \/>\n<meta name=\"twitter:card\" content=\"summary_large_image\" \/>\n<script type=\"application\/ld+json\" class=\"yoast-schema-graph\">{\"@context\":\"https:\\\/\\\/schema.org\",\"@graph\":[{\"@type\":\"Article\",\"@id\":\"https:\\\/\\\/www.organisator.ch\\\/publireportage\\\/2025-05-14\\\/ohne-temporaerarbeit-steht-die-wirtschaft-still\\\/#article\",\"isPartOf\":{\"@id\":\"https:\\\/\\\/www.organisator.ch\\\/publireportage\\\/2025-05-14\\\/ohne-temporaerarbeit-steht-die-wirtschaft-still\\\/\"},\"author\":{\"name\":\"thomas.berner\",\"@id\":\"https:\\\/\\\/www.organisator.ch\\\/#\\\/schema\\\/person\\\/6f650f90b2842cd4c0cc334b4e36f67e\"},\"headline\":\"Ohne Tempor\u00e4rarbeit steht die Wirtschaft still\",\"datePublished\":\"2025-05-13T22:01:25+00:00\",\"dateModified\":\"2025-05-14T15:13:31+00:00\",\"mainEntityOfPage\":{\"@id\":\"https:\\\/\\\/www.organisator.ch\\\/publireportage\\\/2025-05-14\\\/ohne-temporaerarbeit-steht-die-wirtschaft-still\\\/\"},\"wordCount\":636,\"publisher\":{\"@id\":\"https:\\\/\\\/www.organisator.ch\\\/#organization\"},\"image\":{\"@id\":\"https:\\\/\\\/www.organisator.ch\\\/publireportage\\\/2025-05-14\\\/ohne-temporaerarbeit-steht-die-wirtschaft-still\\\/#primaryimage\"},\"thumbnailUrl\":\"https:\\\/\\\/www.organisator.ch\\\/wp-content\\\/uploads\\\/2025\\\/05\\\/Ohne-Temporaerarbeit-steht-die-Wirtschaft-still-3_Organisator.jpg\",\"keywords\":[\"HRM\",\"Publireportage\",\"Swissstaffing\",\"Tempor\u00e4rarbeit\"],\"articleSection\":[\"PUBLIREPORTAGE\"],\"inLanguage\":\"en-US\"},{\"@type\":\"WebPage\",\"@id\":\"https:\\\/\\\/www.organisator.ch\\\/publireportage\\\/2025-05-14\\\/ohne-temporaerarbeit-steht-die-wirtschaft-still\\\/\",\"url\":\"https:\\\/\\\/www.organisator.ch\\\/publireportage\\\/2025-05-14\\\/ohne-temporaerarbeit-steht-die-wirtschaft-still\\\/\",\"name\":\"Ohne Tempor\u00e4rarbeit steht die Wirtschaft still - Organisator\",\"isPartOf\":{\"@id\":\"https:\\\/\\\/www.organisator.ch\\\/#website\"},\"primaryImageOfPage\":{\"@id\":\"https:\\\/\\\/www.organisator.ch\\\/publireportage\\\/2025-05-14\\\/ohne-temporaerarbeit-steht-die-wirtschaft-still\\\/#primaryimage\"},\"image\":{\"@id\":\"https:\\\/\\\/www.organisator.ch\\\/publireportage\\\/2025-05-14\\\/ohne-temporaerarbeit-steht-die-wirtschaft-still\\\/#primaryimage\"},\"thumbnailUrl\":\"https:\\\/\\\/www.organisator.ch\\\/wp-content\\\/uploads\\\/2025\\\/05\\\/Ohne-Temporaerarbeit-steht-die-Wirtschaft-still-3_Organisator.jpg\",\"datePublished\":\"2025-05-13T22:01:25+00:00\",\"dateModified\":\"2025-05-14T15:13:31+00:00\",\"description\":\"Tempor\u00e4rarbeit ist mehr als nur eine kurzfristige L\u00f6sung \u2013 sie ist ein strategisches Instrument f\u00fcr unternehmerischen Erfolg.\",\"breadcrumb\":{\"@id\":\"https:\\\/\\\/www.organisator.ch\\\/publireportage\\\/2025-05-14\\\/ohne-temporaerarbeit-steht-die-wirtschaft-still\\\/#breadcrumb\"},\"inLanguage\":\"en-US\",\"potentialAction\":[{\"@type\":\"ReadAction\",\"target\":[\"https:\\\/\\\/www.organisator.ch\\\/publireportage\\\/2025-05-14\\\/ohne-temporaerarbeit-steht-die-wirtschaft-still\\\/\"]}]},{\"@type\":\"ImageObject\",\"inLanguage\":\"en-US\",\"@id\":\"https:\\\/\\\/www.organisator.ch\\\/publireportage\\\/2025-05-14\\\/ohne-temporaerarbeit-steht-die-wirtschaft-still\\\/#primaryimage\",\"url\":\"https:\\\/\\\/www.organisator.ch\\\/wp-content\\\/uploads\\\/2025\\\/05\\\/Ohne-Temporaerarbeit-steht-die-Wirtschaft-still-3_Organisator.jpg\",\"contentUrl\":\"https:\\\/\\\/www.organisator.ch\\\/wp-content\\\/uploads\\\/2025\\\/05\\\/Ohne-Temporaerarbeit-steht-die-Wirtschaft-still-3_Organisator.jpg\"},{\"@type\":\"BreadcrumbList\",\"@id\":\"https:\\\/\\\/www.organisator.ch\\\/publireportage\\\/2025-05-14\\\/ohne-temporaerarbeit-steht-die-wirtschaft-still\\\/#breadcrumb\",\"itemListElement\":[{\"@type\":\"ListItem\",\"position\":1,\"name\":\"Home\",\"item\":\"https:\\\/\\\/www.organisator.ch\\\/\"},{\"@type\":\"ListItem\",\"position\":2,\"name\":\"Ohne Tempor\u00e4rarbeit steht die Wirtschaft still\"}]},{\"@type\":\"WebSite\",\"@id\":\"https:\\\/\\\/www.organisator.ch\\\/#website\",\"url\":\"https:\\\/\\\/www.organisator.ch\\\/\",\"name\":\"Organisator\",\"description\":\"Kompetent. Praxisnah. Der ORGANISATOR bereitet in 10 Ausgaben pro Jahr die wesentlichen Themen f\u00fcr F\u00fchrungskr\u00e4fte von KMU auf.\",\"publisher\":{\"@id\":\"https:\\\/\\\/www.organisator.ch\\\/#organization\"},\"potentialAction\":[{\"@type\":\"SearchAction\",\"target\":{\"@type\":\"EntryPoint\",\"urlTemplate\":\"https:\\\/\\\/www.organisator.ch\\\/?s={search_term_string}\"},\"query-input\":{\"@type\":\"PropertyValueSpecification\",\"valueRequired\":true,\"valueName\":\"search_term_string\"}}],\"inLanguage\":\"en-US\"},{\"@type\":\"Organization\",\"@id\":\"https:\\\/\\\/www.organisator.ch\\\/#organization\",\"name\":\"Organisator\",\"url\":\"https:\\\/\\\/www.organisator.ch\\\/\",\"logo\":{\"@type\":\"ImageObject\",\"inLanguage\":\"en-US\",\"@id\":\"https:\\\/\\\/www.organisator.ch\\\/#\\\/schema\\\/logo\\\/image\\\/\",\"url\":\"https:\\\/\\\/www.organisator.ch\\\/wp-content\\\/uploads\\\/2022\\\/01\\\/Logo_Organisator_Website.png\",\"contentUrl\":\"https:\\\/\\\/www.organisator.ch\\\/wp-content\\\/uploads\\\/2022\\\/01\\\/Logo_Organisator_Website.png\",\"width\":800,\"height\":77,\"caption\":\"Organisator\"},\"image\":{\"@id\":\"https:\\\/\\\/www.organisator.ch\\\/#\\\/schema\\\/logo\\\/image\\\/\"},\"sameAs\":[\"https:\\\/\\\/www.facebook.com\\\/OrganisatorFachmagazin\",\"https:\\\/\\\/www.linkedin.com\\\/showcase\\\/organisator-das-magazin-fr-kmu\",\"https:\\\/\\\/www.xing.com\\\/news\\\/pages\\\/organisator-ch-695\",\"https:\\\/\\\/www.youtube.com\\\/channel\\\/UCGP2Sq0iWaZwT3BdIAQFYpw\"]},{\"@type\":\"Person\",\"@id\":\"https:\\\/\\\/www.organisator.ch\\\/#\\\/schema\\\/person\\\/6f650f90b2842cd4c0cc334b4e36f67e\",\"name\":\"thomas.berner\",\"image\":{\"@type\":\"ImageObject\",\"inLanguage\":\"en-US\",\"@id\":\"https:\\\/\\\/secure.gravatar.com\\\/avatar\\\/ac5001d2a36cb6c6cd3e50789007ffca834b477b74a2144564522e944eabff61?s=96&d=mm&r=g\",\"url\":\"https:\\\/\\\/secure.gravatar.com\\\/avatar\\\/ac5001d2a36cb6c6cd3e50789007ffca834b477b74a2144564522e944eabff61?s=96&d=mm&r=g\",\"contentUrl\":\"https:\\\/\\\/secure.gravatar.com\\\/avatar\\\/ac5001d2a36cb6c6cd3e50789007ffca834b477b74a2144564522e944eabff61?s=96&d=mm&r=g\",\"caption\":\"thomas.berner\"},\"url\":\"https:\\\/\\\/www.organisator.ch\\\/en\\\/author\\\/thomas-berner\\\/\"}]}<\/script>\n<!-- \/ Yoast SEO plugin. -->","yoast_head_json":{"title":"Without temporary work, the economy stands still - Organizer","description":"Temporary work is more than just a short-term solution - it is a strategic instrument for entrepreneurial success.","robots":{"index":"index","follow":"follow","max-snippet":"max-snippet:-1","max-image-preview":"max-image-preview:large","max-video-preview":"max-video-preview:-1"},"canonical":"https:\/\/www.organisator.ch\/en\/public-report\/2025-05-14\/ohne-temporaerarbeit-steht-die-wirtschaft-still\/","og_locale":"en_US","og_type":"article","og_title":"Ohne Tempor\u00e4rarbeit steht die Wirtschaft still - Organisator","og_description":"Tempor\u00e4rarbeit ist mehr als nur eine kurzfristige L\u00f6sung \u2013 sie ist ein strategisches Instrument f\u00fcr unternehmerischen Erfolg.","og_url":"https:\/\/www.organisator.ch\/en\/public-report\/2025-05-14\/ohne-temporaerarbeit-steht-die-wirtschaft-still\/","og_site_name":"Organisator","article_publisher":"https:\/\/www.facebook.com\/OrganisatorFachmagazin","article_published_time":"2025-05-13T22:01:25+00:00","article_modified_time":"2025-05-14T15:13:31+00:00","og_image":[{"width":680,"height":510,"url":"https:\/\/www.organisator.ch\/wp-content\/uploads\/2025\/05\/Ohne-Temporaerarbeit-steht-die-Wirtschaft-still-3_Organisator.jpg","type":"image\/jpeg"}],"author":"thomas.berner","twitter_card":"summary_large_image","schema":{"@context":"https:\/\/schema.org","@graph":[{"@type":"Article","@id":"https:\/\/www.organisator.ch\/publireportage\/2025-05-14\/ohne-temporaerarbeit-steht-die-wirtschaft-still\/#article","isPartOf":{"@id":"https:\/\/www.organisator.ch\/publireportage\/2025-05-14\/ohne-temporaerarbeit-steht-die-wirtschaft-still\/"},"author":{"name":"thomas.berner","@id":"https:\/\/www.organisator.ch\/#\/schema\/person\/6f650f90b2842cd4c0cc334b4e36f67e"},"headline":"Ohne Tempor\u00e4rarbeit steht die Wirtschaft still","datePublished":"2025-05-13T22:01:25+00:00","dateModified":"2025-05-14T15:13:31+00:00","mainEntityOfPage":{"@id":"https:\/\/www.organisator.ch\/publireportage\/2025-05-14\/ohne-temporaerarbeit-steht-die-wirtschaft-still\/"},"wordCount":636,"publisher":{"@id":"https:\/\/www.organisator.ch\/#organization"},"image":{"@id":"https:\/\/www.organisator.ch\/publireportage\/2025-05-14\/ohne-temporaerarbeit-steht-die-wirtschaft-still\/#primaryimage"},"thumbnailUrl":"https:\/\/www.organisator.ch\/wp-content\/uploads\/2025\/05\/Ohne-Temporaerarbeit-steht-die-Wirtschaft-still-3_Organisator.jpg","keywords":["HRM","Publireportage","Swissstaffing","Tempor\u00e4rarbeit"],"articleSection":["PUBLIREPORTAGE"],"inLanguage":"en-US"},{"@type":"WebPage","@id":"https:\/\/www.organisator.ch\/publireportage\/2025-05-14\/ohne-temporaerarbeit-steht-die-wirtschaft-still\/","url":"https:\/\/www.organisator.ch\/publireportage\/2025-05-14\/ohne-temporaerarbeit-steht-die-wirtschaft-still\/","name":"Without temporary work, the economy stands still - Organizer","isPartOf":{"@id":"https:\/\/www.organisator.ch\/#website"},"primaryImageOfPage":{"@id":"https:\/\/www.organisator.ch\/publireportage\/2025-05-14\/ohne-temporaerarbeit-steht-die-wirtschaft-still\/#primaryimage"},"image":{"@id":"https:\/\/www.organisator.ch\/publireportage\/2025-05-14\/ohne-temporaerarbeit-steht-die-wirtschaft-still\/#primaryimage"},"thumbnailUrl":"https:\/\/www.organisator.ch\/wp-content\/uploads\/2025\/05\/Ohne-Temporaerarbeit-steht-die-Wirtschaft-still-3_Organisator.jpg","datePublished":"2025-05-13T22:01:25+00:00","dateModified":"2025-05-14T15:13:31+00:00","description":"Temporary work is more than just a short-term solution - it is a strategic instrument for entrepreneurial success.","breadcrumb":{"@id":"https:\/\/www.organisator.ch\/publireportage\/2025-05-14\/ohne-temporaerarbeit-steht-die-wirtschaft-still\/#breadcrumb"},"inLanguage":"en-US","potentialAction":[{"@type":"ReadAction","target":["https:\/\/www.organisator.ch\/publireportage\/2025-05-14\/ohne-temporaerarbeit-steht-die-wirtschaft-still\/"]}]},{"@type":"ImageObject","inLanguage":"en-US","@id":"https:\/\/www.organisator.ch\/publireportage\/2025-05-14\/ohne-temporaerarbeit-steht-die-wirtschaft-still\/#primaryimage","url":"https:\/\/www.organisator.ch\/wp-content\/uploads\/2025\/05\/Ohne-Temporaerarbeit-steht-die-Wirtschaft-still-3_Organisator.jpg","contentUrl":"https:\/\/www.organisator.ch\/wp-content\/uploads\/2025\/05\/Ohne-Temporaerarbeit-steht-die-Wirtschaft-still-3_Organisator.jpg"},{"@type":"BreadcrumbList","@id":"https:\/\/www.organisator.ch\/publireportage\/2025-05-14\/ohne-temporaerarbeit-steht-die-wirtschaft-still\/#breadcrumb","itemListElement":[{"@type":"ListItem","position":1,"name":"Home","item":"https:\/\/www.organisator.ch\/"},{"@type":"ListItem","position":2,"name":"Ohne Tempor\u00e4rarbeit steht die Wirtschaft still"}]},{"@type":"WebSite","@id":"https:\/\/www.organisator.ch\/#website","url":"https:\/\/www.organisator.ch\/","name":"Organizer","description":"Competent. Practical. In 10 issues per year, ORGANISATOR presents the essential topics for managers of SMEs.","publisher":{"@id":"https:\/\/www.organisator.ch\/#organization"},"potentialAction":[{"@type":"SearchAction","target":{"@type":"EntryPoint","urlTemplate":"https:\/\/www.organisator.ch\/?s={search_term_string}"},"query-input":{"@type":"PropertyValueSpecification","valueRequired":true,"valueName":"search_term_string"}}],"inLanguage":"en-US"},{"@type":"Organization","@id":"https:\/\/www.organisator.ch\/#organization","name":"Organizer","url":"https:\/\/www.organisator.ch\/","logo":{"@type":"ImageObject","inLanguage":"en-US","@id":"https:\/\/www.organisator.ch\/#\/schema\/logo\/image\/","url":"https:\/\/www.organisator.ch\/wp-content\/uploads\/2022\/01\/Logo_Organisator_Website.png","contentUrl":"https:\/\/www.organisator.ch\/wp-content\/uploads\/2022\/01\/Logo_Organisator_Website.png","width":800,"height":77,"caption":"Organisator"},"image":{"@id":"https:\/\/www.organisator.ch\/#\/schema\/logo\/image\/"},"sameAs":["https:\/\/www.facebook.com\/OrganisatorFachmagazin","https:\/\/www.linkedin.com\/showcase\/organisator-das-magazin-fr-kmu","https:\/\/www.xing.com\/news\/pages\/organisator-ch-695","https:\/\/www.youtube.com\/channel\/UCGP2Sq0iWaZwT3BdIAQFYpw"]},{"@type":"Person","@id":"https:\/\/www.organisator.ch\/#\/schema\/person\/6f650f90b2842cd4c0cc334b4e36f67e","name":"thomas.berner","image":{"@type":"ImageObject","inLanguage":"en-US","@id":"https:\/\/secure.gravatar.com\/avatar\/ac5001d2a36cb6c6cd3e50789007ffca834b477b74a2144564522e944eabff61?s=96&d=mm&r=g","url":"https:\/\/secure.gravatar.com\/avatar\/ac5001d2a36cb6c6cd3e50789007ffca834b477b74a2144564522e944eabff61?s=96&d=mm&r=g","contentUrl":"https:\/\/secure.gravatar.com\/avatar\/ac5001d2a36cb6c6cd3e50789007ffca834b477b74a2144564522e944eabff61?s=96&d=mm&r=g","caption":"thomas.berner"},"url":"https:\/\/www.organisator.ch\/en\/author\/thomas-berner\/"}]}},"_links":{"self":[{"href":"https:\/\/www.organisator.ch\/en\/wp-json\/wp\/v2\/posts\/38239","targetHints":{"allow":["GET"]}}],"collection":[{"href":"https:\/\/www.organisator.ch\/en\/wp-json\/wp\/v2\/posts"}],"about":[{"href":"https:\/\/www.organisator.ch\/en\/wp-json\/wp\/v2\/types\/post"}],"author":[{"embeddable":true,"href":"https:\/\/www.organisator.ch\/en\/wp-json\/wp\/v2\/users\/4"}],"replies":[{"embeddable":true,"href":"https:\/\/www.organisator.ch\/en\/wp-json\/wp\/v2\/comments?post=38239"}],"version-history":[{"count":4,"href":"https:\/\/www.organisator.ch\/en\/wp-json\/wp\/v2\/posts\/38239\/revisions"}],"predecessor-version":[{"id":38396,"href":"https:\/\/www.organisator.ch\/en\/wp-json\/wp\/v2\/posts\/38239\/revisions\/38396"}],"wp:attachment":[{"href":"https:\/\/www.organisator.ch\/en\/wp-json\/wp\/v2\/media?parent=38239"}],"wp:term":[{"taxonomy":"category","embeddable":true,"href":"https:\/\/www.organisator.ch\/en\/wp-json\/wp\/v2\/categories?post=38239"},{"taxonomy":"post_tag","embeddable":true,"href":"https:\/\/www.organisator.ch\/en\/wp-json\/wp\/v2\/tags?post=38239"}],"curies":[{"name":"wp","href":"https:\/\/api.w.org\/{rel}","templated":true}]}}