{"id":38304,"date":"2025-05-09T17:08:27","date_gmt":"2025-05-09T15:08:27","guid":{"rendered":"https:\/\/www.markt-kom.com\/?p=234446"},"modified":"2025-05-12T08:07:38","modified_gmt":"2025-05-12T06:07:38","slug":"ki-und-neue-perspektiven-auf-die-menschheitserfahrung","status":"publish","type":"post","link":"https:\/\/www.organisator.ch\/en\/marketing\/2025-05-09\/ki-und-neue-perspektiven-auf-die-menschheitserfahrung\/","title":{"rendered":"AI and new perspectives on the human experience"},"content":{"rendered":"<figure id=\"attachment_234447\" class=\"wp-caption aligncenter\" style=\"width: 1200px;\" aria-describedby=\"caption-attachment-234447\"><a href=\"https:\/\/www.markt-kom.com\/wp-content\/uploads\/2025\/05\/YarivAdanMSBolayAI-Podcast.jpg\"><img class=\"size-full wp-image-234447\" src=\"https:\/\/www.markt-kom.com\/wp-content\/uploads\/2025\/05\/YarivAdanMSBolayAI-Podcast.jpg\" sizes=\"(max-width: 1200px) 100vw, 1200px\" srcset=\"https:\/\/www.markt-kom.com\/wp-content\/uploads\/2025\/05\/YarivAdanMSBolayAI-Podcast.jpg 1200w, https:\/\/www.markt-kom.com\/wp-content\/uploads\/2025\/05\/YarivAdanMSBolayAI-Podcast-600x338.jpg 600w, https:\/\/www.markt-kom.com\/wp-content\/uploads\/2025\/05\/YarivAdanMSBolayAI-Podcast-1024x576.jpg 1024w, https:\/\/www.markt-kom.com\/wp-content\/uploads\/2025\/05\/YarivAdanMSBolayAI-Podcast-768x432.jpg 768w, https:\/\/www.markt-kom.com\/wp-content\/uploads\/2025\/05\/YarivAdanMSBolayAI-Podcast-18x10.jpg 18w, https:\/\/www.markt-kom.com\/wp-content\/uploads\/2025\/05\/YarivAdanMSBolayAI-Podcast-311x175.jpg 311w, https:\/\/www.markt-kom.com\/wp-content\/uploads\/2025\/05\/YarivAdanMSBolayAI-Podcast-622x350.jpg 622w, https:\/\/www.markt-kom.com\/wp-content\/uploads\/2025\/05\/YarivAdanMSBolayAI-Podcast-1000x563.jpg 1000w\" alt=\"\" width=\"1200\" height=\"675\" \/><\/a>\r\n<figcaption id=\"caption-attachment-234447\" class=\"wp-caption-text\">(Image: zVg.)<\/figcaption>\r\n<\/figure>\r\n<p>The latest Textakademie AI podcast welcomed two guests this time. Yariv Adan co-developed Google Assistant, Google Cloud and Google Lens, and Muri\u00e8le Solange Bolay is co-organizer of the <a href=\"https:\/\/creativeswitzerland.com\/future-of-humanity-at-basel-2025\/\">\"Future of Humanity Experience\"<\/a> - a parallel event to Art Basel. She is also an investor and founder of MSB &amp; Partners, where she has worked as a transformation expert and executive coach for 18 years. The discussion was once again moderated by journalist Christoph Soltmannowski.<\/p>\r\n<p>Yariv Adan, now General Partner at venture capital firm Ellipsis in Zug, draws a comparison with the beginnings of humanity when it comes to artificial intelligence: \"At the moment, we are like cavemen who have just discovered fire and are trying to imagine what they can do with it. The potential goes far beyond our current understanding and imagination\".<\/p>\r\n<p>He describes how voice interfaces facilitate access to technology for everyone, regardless of age, background or technical know-how. \"Suddenly everyone can use it - someone who is three years old, someone who is 100 years old, someone who is rich, someone who is poor. Regardless of whether they are tech-savvy or not\".<\/p>\r\n<h3><strong>The future of human experience: art as a social laboratory<\/strong><\/h3>\r\n<p>The former Google product manager will take part as an expert in the \"Future of Humanity Experience\", which is being co-organized by Muri\u00e8le Solange Bolay. The event sees itself as a platform for interdisciplinary dialog and brings together representatives from the fields of art, business and science as well as futurists and visionaries. The common goal: to integrate creativity into everyday life and decision-making processes and to generate new perspectives for the future of humanity. \"We need to liberate and rediscover ourselves. People need to become aware of their new role - and also discover the potential and perspectives that are opening up in the new world,\" says Bolay.<\/p>\r\n<p><iframe title=\"#20 | Yariv Adan (ex-Google) and Muri\u00e8le Bolay | Will AI save the world with creativity?\" src=\"https:\/\/www.youtube.com\/embed\/JvD6EZvUWXY?feature=oembed\" width=\"768\" height=\"432\" frameborder=\"0\" allowfullscreen=\"allowfullscreen\"><\/iframe><\/p>","protected":false},"excerpt":{"rendered":"<p>Is artificial intelligence becoming a natural thing? Will it bring more creativity into our everyday lives? Will it change our society not just technically, but fundamentally, for the better? Yariv Adan and Muri\u00e8le Solange Bolay discuss these topics in the latest episode of the Text Academy's AI podcast.<\/p>","protected":false},"author":8,"featured_media":0,"comment_status":"closed","ping_status":"closed","sticky":false,"template":"","format":"standard","meta":{"_acf_changed":false,"_yoast_wpseo_focuskw":"Menschheitserfahrung","_yoast_wpseo_metadesc":"Yariv Adan und Muri\u00e8le Solange Bolay besprechen in einem neuen AI-Podcast der Text Akademie KI-Perspektiven auf die Menschheitserfahrung.","articlekey":"","footnotes":""},"categories":[29],"tags":[319,4348,4343,2645,5137],"class_list":["post-38304","post","type-post","status-publish","format-standard","hentry","category-marketing","tag-kuenstliche-intelligenz","tag-mk-format","tag-markom","tag-podcast","tag-textakademie"],"acf":[],"yoast_head":"<!-- This site is optimized with the Yoast SEO plugin v27.5 - https:\/\/yoast.com\/product\/yoast-seo-wordpress\/ -->\n<title>KI und neue Perspektiven auf die Menschheitserfahrung - Organisator<\/title>\n<meta name=\"description\" content=\"Yariv Adan und Muri\u00e8le Solange Bolay besprechen in einem neuen AI-Podcast der Text Akademie KI-Perspektiven auf die Menschheitserfahrung.\" \/>\n<meta name=\"robots\" content=\"index, follow, max-snippet:-1, max-image-preview:large, max-video-preview:-1\" \/>\n<link rel=\"canonical\" href=\"https:\/\/www.organisator.ch\/en\/marketing\/2025-05-09\/ki-und-neue-perspektiven-auf-die-menschheitserfahrung\/\" \/>\n<meta property=\"og:locale\" content=\"en_US\" \/>\n<meta property=\"og:type\" content=\"article\" \/>\n<meta property=\"og:title\" content=\"KI und neue Perspektiven auf die Menschheitserfahrung - Organisator\" \/>\n<meta property=\"og:description\" content=\"Yariv Adan und Muri\u00e8le Solange Bolay besprechen in einem neuen AI-Podcast der Text Akademie KI-Perspektiven auf die Menschheitserfahrung.\" \/>\n<meta property=\"og:url\" content=\"https:\/\/www.organisator.ch\/en\/marketing\/2025-05-09\/ki-und-neue-perspektiven-auf-die-menschheitserfahrung\/\" \/>\n<meta property=\"og:site_name\" content=\"Organisator\" \/>\n<meta property=\"article:publisher\" content=\"https:\/\/www.facebook.com\/OrganisatorFachmagazin\" \/>\n<meta property=\"article:published_time\" content=\"2025-05-09T15:08:27+00:00\" \/>\n<meta property=\"article:modified_time\" content=\"2025-05-12T06:07:38+00:00\" \/>\n<meta name=\"author\" content=\"galledia\" \/>\n<meta name=\"twitter:card\" content=\"summary_large_image\" \/>\n<meta name=\"twitter:creator\" content=\"@admin\" \/>\n<script type=\"application\/ld+json\" class=\"yoast-schema-graph\">{\"@context\":\"https:\\\/\\\/schema.org\",\"@graph\":[{\"@type\":\"Article\",\"@id\":\"https:\\\/\\\/www.organisator.ch\\\/marketing\\\/2025-05-09\\\/ki-und-neue-perspektiven-auf-die-menschheitserfahrung\\\/#article\",\"isPartOf\":{\"@id\":\"https:\\\/\\\/www.organisator.ch\\\/marketing\\\/2025-05-09\\\/ki-und-neue-perspektiven-auf-die-menschheitserfahrung\\\/\"},\"author\":{\"name\":\"galledia\",\"@id\":\"https:\\\/\\\/www.organisator.ch\\\/#\\\/schema\\\/person\\\/4e51799071cd2dd1232ac003643ef5f0\"},\"headline\":\"KI und neue Perspektiven auf die Menschheitserfahrung\",\"datePublished\":\"2025-05-09T15:08:27+00:00\",\"dateModified\":\"2025-05-12T06:07:38+00:00\",\"mainEntityOfPage\":{\"@id\":\"https:\\\/\\\/www.organisator.ch\\\/marketing\\\/2025-05-09\\\/ki-und-neue-perspektiven-auf-die-menschheitserfahrung\\\/\"},\"wordCount\":313,\"publisher\":{\"@id\":\"https:\\\/\\\/www.organisator.ch\\\/#organization\"},\"image\":{\"@id\":\"https:\\\/\\\/www.organisator.ch\\\/marketing\\\/2025-05-09\\\/ki-und-neue-perspektiven-auf-die-menschheitserfahrung\\\/#primaryimage\"},\"thumbnailUrl\":\"https:\\\/\\\/www.markt-kom.com\\\/wp-content\\\/uploads\\\/2025\\\/05\\\/YarivAdanMSBolayAI-Podcast.jpg\",\"keywords\":[\"K\u00fcnstliche Intelligenz\",\"m&amp;k FORMAT\",\"MarKom\",\"Podcast\",\"Textakademie\"],\"articleSection\":[\"MARKETING\"],\"inLanguage\":\"en-US\"},{\"@type\":\"WebPage\",\"@id\":\"https:\\\/\\\/www.organisator.ch\\\/marketing\\\/2025-05-09\\\/ki-und-neue-perspektiven-auf-die-menschheitserfahrung\\\/\",\"url\":\"https:\\\/\\\/www.organisator.ch\\\/marketing\\\/2025-05-09\\\/ki-und-neue-perspektiven-auf-die-menschheitserfahrung\\\/\",\"name\":\"KI und neue Perspektiven auf die Menschheitserfahrung - Organisator\",\"isPartOf\":{\"@id\":\"https:\\\/\\\/www.organisator.ch\\\/#website\"},\"primaryImageOfPage\":{\"@id\":\"https:\\\/\\\/www.organisator.ch\\\/marketing\\\/2025-05-09\\\/ki-und-neue-perspektiven-auf-die-menschheitserfahrung\\\/#primaryimage\"},\"image\":{\"@id\":\"https:\\\/\\\/www.organisator.ch\\\/marketing\\\/2025-05-09\\\/ki-und-neue-perspektiven-auf-die-menschheitserfahrung\\\/#primaryimage\"},\"thumbnailUrl\":\"https:\\\/\\\/www.markt-kom.com\\\/wp-content\\\/uploads\\\/2025\\\/05\\\/YarivAdanMSBolayAI-Podcast.jpg\",\"datePublished\":\"2025-05-09T15:08:27+00:00\",\"dateModified\":\"2025-05-12T06:07:38+00:00\",\"description\":\"Yariv Adan und Muri\u00e8le Solange Bolay besprechen in einem neuen AI-Podcast der Text Akademie KI-Perspektiven auf die Menschheitserfahrung.\",\"breadcrumb\":{\"@id\":\"https:\\\/\\\/www.organisator.ch\\\/marketing\\\/2025-05-09\\\/ki-und-neue-perspektiven-auf-die-menschheitserfahrung\\\/#breadcrumb\"},\"inLanguage\":\"en-US\",\"potentialAction\":[{\"@type\":\"ReadAction\",\"target\":[\"https:\\\/\\\/www.organisator.ch\\\/marketing\\\/2025-05-09\\\/ki-und-neue-perspektiven-auf-die-menschheitserfahrung\\\/\"]}]},{\"@type\":\"ImageObject\",\"inLanguage\":\"en-US\",\"@id\":\"https:\\\/\\\/www.organisator.ch\\\/marketing\\\/2025-05-09\\\/ki-und-neue-perspektiven-auf-die-menschheitserfahrung\\\/#primaryimage\",\"url\":\"https:\\\/\\\/www.markt-kom.com\\\/wp-content\\\/uploads\\\/2025\\\/05\\\/YarivAdanMSBolayAI-Podcast.jpg\",\"contentUrl\":\"https:\\\/\\\/www.markt-kom.com\\\/wp-content\\\/uploads\\\/2025\\\/05\\\/YarivAdanMSBolayAI-Podcast.jpg\"},{\"@type\":\"BreadcrumbList\",\"@id\":\"https:\\\/\\\/www.organisator.ch\\\/marketing\\\/2025-05-09\\\/ki-und-neue-perspektiven-auf-die-menschheitserfahrung\\\/#breadcrumb\",\"itemListElement\":[{\"@type\":\"ListItem\",\"position\":1,\"name\":\"Home\",\"item\":\"https:\\\/\\\/www.organisator.ch\\\/\"},{\"@type\":\"ListItem\",\"position\":2,\"name\":\"KI und neue Perspektiven auf die Menschheitserfahrung\"}]},{\"@type\":\"WebSite\",\"@id\":\"https:\\\/\\\/www.organisator.ch\\\/#website\",\"url\":\"https:\\\/\\\/www.organisator.ch\\\/\",\"name\":\"Organisator\",\"description\":\"Kompetent. Praxisnah. Der ORGANISATOR bereitet in 10 Ausgaben pro Jahr die wesentlichen Themen f\u00fcr F\u00fchrungskr\u00e4fte von KMU auf.\",\"publisher\":{\"@id\":\"https:\\\/\\\/www.organisator.ch\\\/#organization\"},\"potentialAction\":[{\"@type\":\"SearchAction\",\"target\":{\"@type\":\"EntryPoint\",\"urlTemplate\":\"https:\\\/\\\/www.organisator.ch\\\/?s={search_term_string}\"},\"query-input\":{\"@type\":\"PropertyValueSpecification\",\"valueRequired\":true,\"valueName\":\"search_term_string\"}}],\"inLanguage\":\"en-US\"},{\"@type\":\"Organization\",\"@id\":\"https:\\\/\\\/www.organisator.ch\\\/#organization\",\"name\":\"Organisator\",\"url\":\"https:\\\/\\\/www.organisator.ch\\\/\",\"logo\":{\"@type\":\"ImageObject\",\"inLanguage\":\"en-US\",\"@id\":\"https:\\\/\\\/www.organisator.ch\\\/#\\\/schema\\\/logo\\\/image\\\/\",\"url\":\"https:\\\/\\\/www.organisator.ch\\\/wp-content\\\/uploads\\\/2022\\\/01\\\/Logo_Organisator_Website.png\",\"contentUrl\":\"https:\\\/\\\/www.organisator.ch\\\/wp-content\\\/uploads\\\/2022\\\/01\\\/Logo_Organisator_Website.png\",\"width\":800,\"height\":77,\"caption\":\"Organisator\"},\"image\":{\"@id\":\"https:\\\/\\\/www.organisator.ch\\\/#\\\/schema\\\/logo\\\/image\\\/\"},\"sameAs\":[\"https:\\\/\\\/www.facebook.com\\\/OrganisatorFachmagazin\",\"https:\\\/\\\/www.linkedin.com\\\/showcase\\\/organisator-das-magazin-fr-kmu\",\"https:\\\/\\\/www.xing.com\\\/news\\\/pages\\\/organisator-ch-695\",\"https:\\\/\\\/www.youtube.com\\\/channel\\\/UCGP2Sq0iWaZwT3BdIAQFYpw\"]},{\"@type\":\"Person\",\"@id\":\"https:\\\/\\\/www.organisator.ch\\\/#\\\/schema\\\/person\\\/4e51799071cd2dd1232ac003643ef5f0\",\"name\":\"galledia\",\"image\":{\"@type\":\"ImageObject\",\"inLanguage\":\"en-US\",\"@id\":\"https:\\\/\\\/secure.gravatar.com\\\/avatar\\\/78a7f90c01fc2bfc875782a0d4922b37cde2cf184ce347b91316d23cd7f69a36?s=96&d=mm&r=g\",\"url\":\"https:\\\/\\\/secure.gravatar.com\\\/avatar\\\/78a7f90c01fc2bfc875782a0d4922b37cde2cf184ce347b91316d23cd7f69a36?s=96&d=mm&r=g\",\"contentUrl\":\"https:\\\/\\\/secure.gravatar.com\\\/avatar\\\/78a7f90c01fc2bfc875782a0d4922b37cde2cf184ce347b91316d23cd7f69a36?s=96&d=mm&r=g\",\"caption\":\"galledia\"},\"sameAs\":[\"https:\\\/\\\/x.com\\\/admin\"],\"url\":\"https:\\\/\\\/www.organisator.ch\\\/en\\\/author\\\/galledia\\\/\"}]}<\/script>\n<!-- \/ Yoast SEO plugin. -->","yoast_head_json":{"title":"AI and new perspectives on the human experience - Organizer","description":"Yariv Adan and Muri\u00e8le Solange Bolay discuss AI perspectives on the human experience in a new AI podcast from the Text Academy.","robots":{"index":"index","follow":"follow","max-snippet":"max-snippet:-1","max-image-preview":"max-image-preview:large","max-video-preview":"max-video-preview:-1"},"canonical":"https:\/\/www.organisator.ch\/en\/marketing\/2025-05-09\/ki-und-neue-perspektiven-auf-die-menschheitserfahrung\/","og_locale":"en_US","og_type":"article","og_title":"KI und neue Perspektiven auf die Menschheitserfahrung - Organisator","og_description":"Yariv Adan und Muri\u00e8le Solange Bolay besprechen in einem neuen AI-Podcast der Text Akademie KI-Perspektiven auf die Menschheitserfahrung.","og_url":"https:\/\/www.organisator.ch\/en\/marketing\/2025-05-09\/ki-und-neue-perspektiven-auf-die-menschheitserfahrung\/","og_site_name":"Organisator","article_publisher":"https:\/\/www.facebook.com\/OrganisatorFachmagazin","article_published_time":"2025-05-09T15:08:27+00:00","article_modified_time":"2025-05-12T06:07:38+00:00","author":"galledia","twitter_card":"summary_large_image","twitter_creator":"@admin","schema":{"@context":"https:\/\/schema.org","@graph":[{"@type":"Article","@id":"https:\/\/www.organisator.ch\/marketing\/2025-05-09\/ki-und-neue-perspektiven-auf-die-menschheitserfahrung\/#article","isPartOf":{"@id":"https:\/\/www.organisator.ch\/marketing\/2025-05-09\/ki-und-neue-perspektiven-auf-die-menschheitserfahrung\/"},"author":{"name":"galledia","@id":"https:\/\/www.organisator.ch\/#\/schema\/person\/4e51799071cd2dd1232ac003643ef5f0"},"headline":"KI und neue Perspektiven auf die Menschheitserfahrung","datePublished":"2025-05-09T15:08:27+00:00","dateModified":"2025-05-12T06:07:38+00:00","mainEntityOfPage":{"@id":"https:\/\/www.organisator.ch\/marketing\/2025-05-09\/ki-und-neue-perspektiven-auf-die-menschheitserfahrung\/"},"wordCount":313,"publisher":{"@id":"https:\/\/www.organisator.ch\/#organization"},"image":{"@id":"https:\/\/www.organisator.ch\/marketing\/2025-05-09\/ki-und-neue-perspektiven-auf-die-menschheitserfahrung\/#primaryimage"},"thumbnailUrl":"https:\/\/www.markt-kom.com\/wp-content\/uploads\/2025\/05\/YarivAdanMSBolayAI-Podcast.jpg","keywords":["K\u00fcnstliche Intelligenz","m&amp;k FORMAT","MarKom","Podcast","Textakademie"],"articleSection":["MARKETING"],"inLanguage":"en-US"},{"@type":"WebPage","@id":"https:\/\/www.organisator.ch\/marketing\/2025-05-09\/ki-und-neue-perspektiven-auf-die-menschheitserfahrung\/","url":"https:\/\/www.organisator.ch\/marketing\/2025-05-09\/ki-und-neue-perspektiven-auf-die-menschheitserfahrung\/","name":"AI and new perspectives on the human experience - Organizer","isPartOf":{"@id":"https:\/\/www.organisator.ch\/#website"},"primaryImageOfPage":{"@id":"https:\/\/www.organisator.ch\/marketing\/2025-05-09\/ki-und-neue-perspektiven-auf-die-menschheitserfahrung\/#primaryimage"},"image":{"@id":"https:\/\/www.organisator.ch\/marketing\/2025-05-09\/ki-und-neue-perspektiven-auf-die-menschheitserfahrung\/#primaryimage"},"thumbnailUrl":"https:\/\/www.markt-kom.com\/wp-content\/uploads\/2025\/05\/YarivAdanMSBolayAI-Podcast.jpg","datePublished":"2025-05-09T15:08:27+00:00","dateModified":"2025-05-12T06:07:38+00:00","description":"Yariv Adan and Muri\u00e8le Solange Bolay discuss AI perspectives on the human experience in a new AI podcast from the Text Academy.","breadcrumb":{"@id":"https:\/\/www.organisator.ch\/marketing\/2025-05-09\/ki-und-neue-perspektiven-auf-die-menschheitserfahrung\/#breadcrumb"},"inLanguage":"en-US","potentialAction":[{"@type":"ReadAction","target":["https:\/\/www.organisator.ch\/marketing\/2025-05-09\/ki-und-neue-perspektiven-auf-die-menschheitserfahrung\/"]}]},{"@type":"ImageObject","inLanguage":"en-US","@id":"https:\/\/www.organisator.ch\/marketing\/2025-05-09\/ki-und-neue-perspektiven-auf-die-menschheitserfahrung\/#primaryimage","url":"https:\/\/www.markt-kom.com\/wp-content\/uploads\/2025\/05\/YarivAdanMSBolayAI-Podcast.jpg","contentUrl":"https:\/\/www.markt-kom.com\/wp-content\/uploads\/2025\/05\/YarivAdanMSBolayAI-Podcast.jpg"},{"@type":"BreadcrumbList","@id":"https:\/\/www.organisator.ch\/marketing\/2025-05-09\/ki-und-neue-perspektiven-auf-die-menschheitserfahrung\/#breadcrumb","itemListElement":[{"@type":"ListItem","position":1,"name":"Home","item":"https:\/\/www.organisator.ch\/"},{"@type":"ListItem","position":2,"name":"KI und neue Perspektiven auf die Menschheitserfahrung"}]},{"@type":"WebSite","@id":"https:\/\/www.organisator.ch\/#website","url":"https:\/\/www.organisator.ch\/","name":"Organizer","description":"Competent. Practical. In 10 issues per year, ORGANISATOR presents the essential topics for managers of SMEs.","publisher":{"@id":"https:\/\/www.organisator.ch\/#organization"},"potentialAction":[{"@type":"SearchAction","target":{"@type":"EntryPoint","urlTemplate":"https:\/\/www.organisator.ch\/?s={search_term_string}"},"query-input":{"@type":"PropertyValueSpecification","valueRequired":true,"valueName":"search_term_string"}}],"inLanguage":"en-US"},{"@type":"Organization","@id":"https:\/\/www.organisator.ch\/#organization","name":"Organizer","url":"https:\/\/www.organisator.ch\/","logo":{"@type":"ImageObject","inLanguage":"en-US","@id":"https:\/\/www.organisator.ch\/#\/schema\/logo\/image\/","url":"https:\/\/www.organisator.ch\/wp-content\/uploads\/2022\/01\/Logo_Organisator_Website.png","contentUrl":"https:\/\/www.organisator.ch\/wp-content\/uploads\/2022\/01\/Logo_Organisator_Website.png","width":800,"height":77,"caption":"Organisator"},"image":{"@id":"https:\/\/www.organisator.ch\/#\/schema\/logo\/image\/"},"sameAs":["https:\/\/www.facebook.com\/OrganisatorFachmagazin","https:\/\/www.linkedin.com\/showcase\/organisator-das-magazin-fr-kmu","https:\/\/www.xing.com\/news\/pages\/organisator-ch-695","https:\/\/www.youtube.com\/channel\/UCGP2Sq0iWaZwT3BdIAQFYpw"]},{"@type":"Person","@id":"https:\/\/www.organisator.ch\/#\/schema\/person\/4e51799071cd2dd1232ac003643ef5f0","name":"galledia","image":{"@type":"ImageObject","inLanguage":"en-US","@id":"https:\/\/secure.gravatar.com\/avatar\/78a7f90c01fc2bfc875782a0d4922b37cde2cf184ce347b91316d23cd7f69a36?s=96&d=mm&r=g","url":"https:\/\/secure.gravatar.com\/avatar\/78a7f90c01fc2bfc875782a0d4922b37cde2cf184ce347b91316d23cd7f69a36?s=96&d=mm&r=g","contentUrl":"https:\/\/secure.gravatar.com\/avatar\/78a7f90c01fc2bfc875782a0d4922b37cde2cf184ce347b91316d23cd7f69a36?s=96&d=mm&r=g","caption":"galledia"},"sameAs":["https:\/\/x.com\/admin"],"url":"https:\/\/www.organisator.ch\/en\/author\/galledia\/"}]}},"_links":{"self":[{"href":"https:\/\/www.organisator.ch\/en\/wp-json\/wp\/v2\/posts\/38304","targetHints":{"allow":["GET"]}}],"collection":[{"href":"https:\/\/www.organisator.ch\/en\/wp-json\/wp\/v2\/posts"}],"about":[{"href":"https:\/\/www.organisator.ch\/en\/wp-json\/wp\/v2\/types\/post"}],"author":[{"embeddable":true,"href":"https:\/\/www.organisator.ch\/en\/wp-json\/wp\/v2\/users\/8"}],"replies":[{"embeddable":true,"href":"https:\/\/www.organisator.ch\/en\/wp-json\/wp\/v2\/comments?post=38304"}],"version-history":[{"count":5,"href":"https:\/\/www.organisator.ch\/en\/wp-json\/wp\/v2\/posts\/38304\/revisions"}],"predecessor-version":[{"id":38315,"href":"https:\/\/www.organisator.ch\/en\/wp-json\/wp\/v2\/posts\/38304\/revisions\/38315"}],"wp:attachment":[{"href":"https:\/\/www.organisator.ch\/en\/wp-json\/wp\/v2\/media?parent=38304"}],"wp:term":[{"taxonomy":"category","embeddable":true,"href":"https:\/\/www.organisator.ch\/en\/wp-json\/wp\/v2\/categories?post=38304"},{"taxonomy":"post_tag","embeddable":true,"href":"https:\/\/www.organisator.ch\/en\/wp-json\/wp\/v2\/tags?post=38304"}],"curies":[{"name":"wp","href":"https:\/\/api.w.org\/{rel}","templated":true}]}}