{"id":38327,"date":"2025-05-12T12:06:36","date_gmt":"2025-05-12T10:06:36","guid":{"rendered":"https:\/\/www.organisator.ch\/?p=38327"},"modified":"2025-05-12T12:06:36","modified_gmt":"2025-05-12T10:06:36","slug":"schweizer-ceos-ruecken-mentale-gesundheit-in-den-fokus","status":"publish","type":"post","link":"https:\/\/www.organisator.ch\/en\/human-resources\/2025-05-12\/schweizer-ceos-ruecken-mentale-gesundheit-in-den-fokus\/","title":{"rendered":"Swiss CEOs focus on mental health"},"content":{"rendered":"<figure id=\"attachment_38329\" aria-describedby=\"caption-attachment-38329\" style=\"width: 680px\" class=\"wp-caption alignnone\"><img loading=\"lazy\" decoding=\"async\" class=\"size-full wp-image-38329\" src=\"https:\/\/www.organisator.ch\/wp-content\/uploads\/2025\/05\/Schweizer-CEOs-ruecken-mentale-Gesundheit-in-den-Fokus_Organisator.jpg\" alt=\"\" width=\"680\" height=\"576\" srcset=\"https:\/\/www.organisator.ch\/wp-content\/uploads\/2025\/05\/Schweizer-CEOs-ruecken-mentale-Gesundheit-in-den-Fokus_Organisator.jpg 680w, https:\/\/www.organisator.ch\/wp-content\/uploads\/2025\/05\/Schweizer-CEOs-ruecken-mentale-Gesundheit-in-den-Fokus_Organisator-14x12.jpg 14w, https:\/\/www.organisator.ch\/wp-content\/uploads\/2025\/05\/Schweizer-CEOs-ruecken-mentale-Gesundheit-in-den-Fokus_Organisator-354x300.jpg 354w, https:\/\/www.organisator.ch\/wp-content\/uploads\/2025\/05\/Schweizer-CEOs-ruecken-mentale-Gesundheit-in-den-Fokus_Organisator-413x350.jpg 413w\" sizes=\"auto, (max-width: 680px) 100vw, 680px\" \/><figcaption id=\"caption-attachment-38329\" class=\"wp-caption-text\">Nathalie Agosti (hinten) und Claire Garwacki, Initiantinnen der Kampagne &#8222;The Cost of Silence&#8220;, wo 11 CEOs das Thema &#8222;Mentale Gesundheit&#8220; in den Fokus r\u00fccken. (Bild: zVg)<\/figcaption><\/figure>\n<p>Anl\u00e4sslich des Mental Health Awareness Month hat die Initiative \u00abThe Cost of Silence\u00bb elf Schweizer CEOs zusammengebracht. Sie wurden eingeladen, ohne das Konzept oder die Fragen im Voraus zu kennen. Jede Frage basierte auf realen Erlebnissen aus dem Arbeitsalltag \u2013 etwa sich vor Ersch\u00f6pfung auf der Toilette kurz auszuruhen. Von \u00fcber 100 angefragten CEOs sagten elf zu \u2013 und sprachen offen. Ihre ungesch\u00f6nte Reaktion: Der Druck ist real \u2013 und er ist allgegenw\u00e4rtig.<\/p>\n<h3>Immer noch ein Tabu: Mentale Gesundheit<\/h3>\n<p>Alle 35 Sekunden wird in der Schweiz eine Person wegen psychischer Belastungen krankgeschrieben. Alle 90 Sekunden erleidet jemand ein Burnout <a name=\"_ftnref1\"><\/a><a href=\"#_ftn1\"><strong>[1]<\/strong><\/a>. Obwohl das Bewusstsein zunimmt, wird mentale Gesundheit insbesondere am Arbeitsplatz noch immer oft tabuisiert.<\/p>\n<p>Die wirtschaftlichen Folgen sind verheerend: Sch\u00e4tzungen zufolge verursacht der Produktivit\u00e4tsverlust durch psychische Erkrankungen j\u00e4hrliche Kosten von 17,3 Milliarden Franken <a name=\"_ftnref2\"><\/a><a href=\"#_ftn2\"><strong>[2]<\/strong><\/a> \u2013 das entspricht rund 2 Prozent des Schweizer BIP\u00a0<a name=\"_ftnref3\"><\/a><a href=\"#_ftn3\"><strong>[3]<\/strong><\/a>. Das sind schlechte Nachrichten in Zeiten, in denen internationale Wettbewerbsf\u00e4higkeit Belastbarkeit und H\u00f6chstleistung erfordert.<\/p>\n<p>\u00abMentale Gesundheit managen ist Unternehmensstrategie\u00bb, sagt Nathalie Agosti, eine der Initiantinnen der Kampagne. \u00abDiese Kommunikationsinitiative zielt darauf ab, das Tabu unter den engagierten Arbeitskr\u00e4ften der Schweiz zu brechen und mentale Gesundheit als wichtigen Performance-Faktor zu positionieren, um die Schweiz fit f\u00fcr die Zukunft zu machen.\u00bb<\/p>\n<p>Insbesondere auf C-Level-Ebene ist der Druck enorm gross: Mehr als jede dritte F\u00fchrungskraft operiert aufgrund von \u00fcberm\u00e4ssigem Stress im \u00dcberlebensmodus. Claire Garwacki, Initiantin der Kampagne, erlebt das t\u00e4glich: \u00abBei jedem Meeting sind ein bis zwei Drittel der Teilnehmenden zu ersch\u00f6pft, um voll pr\u00e4sent zu sein und zu performen <a name=\"_ftnref4\"><\/a><a href=\"#_ftn4\"><strong>[4]<\/strong><\/a>. Das ist ein enormer Produktivit\u00e4tskiller \u2013 und es ist h\u00f6chste Zeit, dass dar\u00fcber gesprochen wird.\u00bb<\/p>\n<blockquote>\n<h3>Kampagne \u00abThe Cost of Silence\u00bb<\/h3>\n<p>Die Kampagne \u00abThe Cost of Silence\u00bb wurde von Nathalie Agosti, Gr\u00fcnderin von Outlive Advisory, und Claire Garwacki, Gr\u00fcnderin von Bellevue Executive Search, initiiert. Bereits 2024 sorgten sie mit ihrer Initiative \u00abIn Her Chair\u00bb f\u00fcr Aufsehen. In der neuen Kampagne werden elf CEOs aus der Schweizer Wirtschaft vor der Kamera mit realen Fakten und Anekdoten zum Thema mentale Gesundheit bei der Arbeit konfrontiert. Ziel der Kampagne ist es, das Tabu zu brechen und das Bewusstsein daf\u00fcr zu sch\u00e4rfen, dass gute mentale Gesundheit ein wichtiger Performancefaktor ist.<\/p>\n<p>Teilgenommen an der Kampagne haben folgende CEOs:<\/p>\n<ul>\n<li>Nora Teuwsen, ABB Schweiz<\/li>\n<li>Denis Machuel, Adecco Group<\/li>\n<li>Florian Saur, Astra Zeneca Schweiz<\/li>\n<li>Patricia Mattle, Elipslife<\/li>\n<li>Marc Werner, Galenica Gruppe<\/li>\n<li>Felix Graf, NZZ Mediengruppe<\/li>\n<li>Billy Kneub\u00fchl, Oracle Schweiz<\/li>\n<li>Muriel Langenberger, Pro Mente Sana<\/li>\n<li>Achim von Leoprechting, Tecan Group<\/li>\n<li>Tina M\u00fcller, Weleda<\/li>\n<li>Peter Spirig, ehemals V-ZUG<\/li>\n<\/ul>\n<p><a href=\"https:\/\/www.youtube.com\/watch?v=xwJETOwXEu8\">Hier geht es zu den Videos<\/a><\/p>\n<\/blockquote>\n<h3><strong>Unternehmen sind Teil der L\u00f6sung<\/strong><\/h3>\n<p>Effektive L\u00f6sungsans\u00e4tze gehen \u00fcber individuelle Resilienz-Trainings hinaus. Etablieren Unternehmen Mental-Health-Richtlinien, reduziert sich der Anteil Mitarbeitender mit psychischen Problemen um die H\u00e4lfte (von 16 Prozent auf 8 Prozent)\u00a0<a name=\"_ftnref5\"><\/a><a href=\"#_ftn5\"><strong>[5]<\/strong><\/a>.<\/p>\n<p>\u00abPsychische Gesundheit zu vernachl\u00e4ssigen, kostet uns mehr, als wir wahrhaben wollen. Setzen Unternehmen aber auf Empathie, sch\u00e4rfen das Bewusstsein und schaffen eine proaktive Kultur, kann mentale Gesundheit zu einem wichtigen Renditetreiber werden\u00bb, erkl\u00e4rt Patricia Mattle, CEO von Elipslife. Gem\u00e4ss einem Report von Gallup\u00a0<a name=\"_ftnref6\"><\/a><a href=\"#_ftn6\"><strong>[6]<\/strong><\/a> erzielen Unternehmen mit einem hohen Engagement der Mitarbeitenden 147 Prozent h\u00f6here Gewinne pro Aktie als solche mit einem tiefen Engagement.<\/p>\n<p>Es braucht also F\u00fchrungskr\u00e4fte, die als Vorbilder vorangehen und ein Umfeld schaffen, in dem Menschen langfristig gesund bleiben: \u00abUnternehmen, die mentaler Gesundheit Raum geben und eine offene Kultur pflegen, profitieren nachweislich von weniger Krankheitsausf\u00e4llen, h\u00f6herer Motivation, st\u00e4rkeren Teams und nachhaltiger Produktivit\u00e4t\u00bb, sagt Muriel Langenberger, Gesch\u00e4ftsleiterin der Stiftung Pro Mente Sana, die sich seit Jahrzehnten f\u00fcr die Enttabuisierung psychischer Erkrankungen einsetzt. \u00abMentale Gesundheit ist kein Luxus \u2013 sie ist die Voraussetzung f\u00fcr ein funktionierendes Miteinander, in der Gesellschaft wie im Unternehmen.\u00bb Wer das erkennt und jetzt handelt, sichert sich einen entscheidenden Wettbewerbsvorteil.<\/p>\n<p>&nbsp;<\/p>\n<p><strong>Anmerkungen:<\/strong><\/p>\n<p><a name=\"_ftn1\"><\/a><a href=\"#_ftnref1\"><strong>[1]<\/strong><\/a> Diese Zahlen basieren auf folgenden Daten: Erwerbst\u00e4tige in der Schweiz: 5&#8217;327&#8217;000 Personen (Quelle: Bundesamt f\u00fcr Statistik); davon 17 % krankgeschrieben wegen psychischer Probleme, 7 % erlitten ein Burnout (Quelle: AXA Mind Health Report 2024)<\/p>\n<p><a name=\"_ftn2\"><\/a><a href=\"#_ftnref2\"><strong>[2]<\/strong><\/a> AXA, \u00abMentale Gesundheit: Schlechte Noten f\u00fcr Arbeitgeber\u00bb<\/p>\n<p><a name=\"_ftn3\"><\/a><a href=\"#_ftnref3\"><strong>[3]<\/strong><\/a> Berechnungsgrundlagen: BIP 2023: 803,6 Milliarden Franken (Quelle: Bundesamt f\u00fcr Statistik)<\/p>\n<p><a name=\"_ftn4\"><\/a><a href=\"#_ftnref4\"><strong>[4]<\/strong><\/a> Susan Goldworthy, \u00abThe leadership burnout crisis\u00bb<\/p>\n<p><a name=\"_ftn5\"><\/a><a href=\"#_ftnref5\"><strong>[5]<\/strong><\/a> AXA, Mind Health Report 2025<\/p>\n<p><a name=\"_ftn6\"><\/a><a href=\"#_ftnref6\"><strong>[6]<\/strong><\/a> Gallup Business Journal, \u00abHow Employee Engagement Drives Growth\u00bb<\/p>\n","protected":false},"excerpt":{"rendered":"<p>Mental health problems are increasingly affecting Swiss people at work - with serious consequences for the performance of companies and the economy as a whole. In the new video initiative \"The Cost of Silence\", eleven courageous CEOs from leading Swiss companies break their silence. <\/p>","protected":false},"author":4,"featured_media":38329,"comment_status":"closed","ping_status":"closed","sticky":false,"template":"","format":"standard","meta":{"_acf_changed":false,"_yoast_wpseo_focuskw":"mentale Gesundheit","_yoast_wpseo_metadesc":"Mentale Gesundheit ist h\u00e4ufig immer noch ein Tabu. Dieses wollen elf CEOs aufbrechen und sprechen in Interviews offen dar\u00fcber.","articlekey":"","footnotes":""},"categories":[579],"tags":[77,254,335,1688],"class_list":["post-38327","post","type-post","status-publish","format-standard","has-post-thumbnail","hentry","category-human-resources","tag-betriebliches-gesundheitsmanagement","tag-hrm","tag-management-und-unternehmensfuehrung","tag-mentale-gesundheit"],"acf":[],"yoast_head":"<!-- This site is optimized with the Yoast SEO plugin v27.4 - https:\/\/yoast.com\/product\/yoast-seo-wordpress\/ -->\n<title>Schweizer CEOs r\u00fccken mentale Gesundheit in den Fokus - Organisator<\/title>\n<meta name=\"description\" content=\"Mentale Gesundheit ist h\u00e4ufig immer noch ein Tabu. Dieses wollen elf CEOs aufbrechen und sprechen in Interviews offen dar\u00fcber.\" \/>\n<meta name=\"robots\" content=\"index, follow, max-snippet:-1, max-image-preview:large, max-video-preview:-1\" \/>\n<link rel=\"canonical\" href=\"https:\/\/www.organisator.ch\/en\/human-resources\/2025-05-12\/schweizer-ceos-ruecken-mentale-gesundheit-in-den-fokus\/\" \/>\n<meta property=\"og:locale\" content=\"en_US\" \/>\n<meta property=\"og:type\" content=\"article\" \/>\n<meta property=\"og:title\" content=\"Schweizer CEOs r\u00fccken mentale Gesundheit in den Fokus\" \/>\n<meta property=\"og:description\" content=\"Mentale Gesundheit ist h\u00e4ufig immer noch ein Tabu. Dieses wollen elf CEOs aufbrechen und sprechen in Interviews offen dar\u00fcber.\" \/>\n<meta property=\"og:url\" content=\"https:\/\/www.organisator.ch\/en\/human-resources\/2025-05-12\/schweizer-ceos-ruecken-mentale-gesundheit-in-den-fokus\/\" \/>\n<meta property=\"og:site_name\" content=\"Organisator\" \/>\n<meta property=\"article:publisher\" content=\"https:\/\/www.facebook.com\/OrganisatorFachmagazin\" \/>\n<meta property=\"article:published_time\" content=\"2025-05-12T10:06:36+00:00\" \/>\n<meta property=\"og:image\" content=\"https:\/\/www.organisator.ch\/wp-content\/uploads\/2025\/05\/Schweizer-CEOs-ruecken-mentale-Gesundheit-in-den-Fokus_Organisator.jpg\" \/>\n\t<meta property=\"og:image:width\" content=\"680\" \/>\n\t<meta property=\"og:image:height\" content=\"576\" \/>\n\t<meta property=\"og:image:type\" content=\"image\/jpeg\" \/>\n<meta name=\"author\" content=\"thomas.berner\" \/>\n<meta name=\"twitter:card\" content=\"summary_large_image\" \/>\n<meta name=\"twitter:title\" content=\"Schweizer #CEOs r\u00fccken mentale Gesundheit in den Fokus\" \/>\n<meta name=\"twitter:description\" content=\"Mentale Gesundheit ist h\u00e4ufig immer noch ein Tabu. Dieses wollen elf #CEOs aufbrechen und sprechen in Interviews offen dar\u00fcber.\" \/>\n<meta name=\"twitter:image\" content=\"https:\/\/www.organisator.ch\/wp-content\/uploads\/2025\/05\/Schweizer-CEOs-ruecken-mentale-Gesundheit-in-den-Fokus_Organisator.jpg\" \/>\n<script type=\"application\/ld+json\" class=\"yoast-schema-graph\">{\"@context\":\"https:\\\/\\\/schema.org\",\"@graph\":[{\"@type\":\"Article\",\"@id\":\"https:\\\/\\\/www.organisator.ch\\\/human-resources\\\/2025-05-12\\\/schweizer-ceos-ruecken-mentale-gesundheit-in-den-fokus\\\/#article\",\"isPartOf\":{\"@id\":\"https:\\\/\\\/www.organisator.ch\\\/human-resources\\\/2025-05-12\\\/schweizer-ceos-ruecken-mentale-gesundheit-in-den-fokus\\\/\"},\"author\":{\"name\":\"thomas.berner\",\"@id\":\"https:\\\/\\\/www.organisator.ch\\\/#\\\/schema\\\/person\\\/6f650f90b2842cd4c0cc334b4e36f67e\"},\"headline\":\"Schweizer CEOs r\u00fccken mentale Gesundheit in den Fokus\",\"datePublished\":\"2025-05-12T10:06:36+00:00\",\"mainEntityOfPage\":{\"@id\":\"https:\\\/\\\/www.organisator.ch\\\/human-resources\\\/2025-05-12\\\/schweizer-ceos-ruecken-mentale-gesundheit-in-den-fokus\\\/\"},\"wordCount\":735,\"publisher\":{\"@id\":\"https:\\\/\\\/www.organisator.ch\\\/#organization\"},\"image\":{\"@id\":\"https:\\\/\\\/www.organisator.ch\\\/human-resources\\\/2025-05-12\\\/schweizer-ceos-ruecken-mentale-gesundheit-in-den-fokus\\\/#primaryimage\"},\"thumbnailUrl\":\"https:\\\/\\\/www.organisator.ch\\\/wp-content\\\/uploads\\\/2025\\\/05\\\/Schweizer-CEOs-ruecken-mentale-Gesundheit-in-den-Fokus_Organisator.jpg\",\"keywords\":[\"Betriebliches Gesundheitsmanagement\",\"HRM\",\"Management und Unternehmensf\u00fchrung\",\"Mentale Gesundheit\"],\"articleSection\":[\"HUMAN RESOURCES\"],\"inLanguage\":\"en-US\"},{\"@type\":\"WebPage\",\"@id\":\"https:\\\/\\\/www.organisator.ch\\\/human-resources\\\/2025-05-12\\\/schweizer-ceos-ruecken-mentale-gesundheit-in-den-fokus\\\/\",\"url\":\"https:\\\/\\\/www.organisator.ch\\\/human-resources\\\/2025-05-12\\\/schweizer-ceos-ruecken-mentale-gesundheit-in-den-fokus\\\/\",\"name\":\"Schweizer CEOs r\u00fccken mentale Gesundheit in den Fokus - Organisator\",\"isPartOf\":{\"@id\":\"https:\\\/\\\/www.organisator.ch\\\/#website\"},\"primaryImageOfPage\":{\"@id\":\"https:\\\/\\\/www.organisator.ch\\\/human-resources\\\/2025-05-12\\\/schweizer-ceos-ruecken-mentale-gesundheit-in-den-fokus\\\/#primaryimage\"},\"image\":{\"@id\":\"https:\\\/\\\/www.organisator.ch\\\/human-resources\\\/2025-05-12\\\/schweizer-ceos-ruecken-mentale-gesundheit-in-den-fokus\\\/#primaryimage\"},\"thumbnailUrl\":\"https:\\\/\\\/www.organisator.ch\\\/wp-content\\\/uploads\\\/2025\\\/05\\\/Schweizer-CEOs-ruecken-mentale-Gesundheit-in-den-Fokus_Organisator.jpg\",\"datePublished\":\"2025-05-12T10:06:36+00:00\",\"description\":\"Mentale Gesundheit ist h\u00e4ufig immer noch ein Tabu. Dieses wollen elf CEOs aufbrechen und sprechen in Interviews offen dar\u00fcber.\",\"breadcrumb\":{\"@id\":\"https:\\\/\\\/www.organisator.ch\\\/human-resources\\\/2025-05-12\\\/schweizer-ceos-ruecken-mentale-gesundheit-in-den-fokus\\\/#breadcrumb\"},\"inLanguage\":\"en-US\",\"potentialAction\":[{\"@type\":\"ReadAction\",\"target\":[\"https:\\\/\\\/www.organisator.ch\\\/human-resources\\\/2025-05-12\\\/schweizer-ceos-ruecken-mentale-gesundheit-in-den-fokus\\\/\"]}]},{\"@type\":\"ImageObject\",\"inLanguage\":\"en-US\",\"@id\":\"https:\\\/\\\/www.organisator.ch\\\/human-resources\\\/2025-05-12\\\/schweizer-ceos-ruecken-mentale-gesundheit-in-den-fokus\\\/#primaryimage\",\"url\":\"https:\\\/\\\/www.organisator.ch\\\/wp-content\\\/uploads\\\/2025\\\/05\\\/Schweizer-CEOs-ruecken-mentale-Gesundheit-in-den-Fokus_Organisator.jpg\",\"contentUrl\":\"https:\\\/\\\/www.organisator.ch\\\/wp-content\\\/uploads\\\/2025\\\/05\\\/Schweizer-CEOs-ruecken-mentale-Gesundheit-in-den-Fokus_Organisator.jpg\",\"width\":680,\"height\":576,\"caption\":\"Nathalie Agosti (hinten) und Claire Garwacki, Initiantinnen der Kampagne \\\"The Cost of Silence\\\", wo 11 CEOs das Thema \\\"Mentale Gesundheit\\\" in den Fokus r\u00fccken. (Bild: zVg)\"},{\"@type\":\"BreadcrumbList\",\"@id\":\"https:\\\/\\\/www.organisator.ch\\\/human-resources\\\/2025-05-12\\\/schweizer-ceos-ruecken-mentale-gesundheit-in-den-fokus\\\/#breadcrumb\",\"itemListElement\":[{\"@type\":\"ListItem\",\"position\":1,\"name\":\"Home\",\"item\":\"https:\\\/\\\/www.organisator.ch\\\/\"},{\"@type\":\"ListItem\",\"position\":2,\"name\":\"Schweizer CEOs r\u00fccken mentale Gesundheit in den Fokus\"}]},{\"@type\":\"WebSite\",\"@id\":\"https:\\\/\\\/www.organisator.ch\\\/#website\",\"url\":\"https:\\\/\\\/www.organisator.ch\\\/\",\"name\":\"Organisator\",\"description\":\"Kompetent. Praxisnah. Der ORGANISATOR bereitet in 10 Ausgaben pro Jahr die wesentlichen Themen f\u00fcr F\u00fchrungskr\u00e4fte von KMU auf.\",\"publisher\":{\"@id\":\"https:\\\/\\\/www.organisator.ch\\\/#organization\"},\"potentialAction\":[{\"@type\":\"SearchAction\",\"target\":{\"@type\":\"EntryPoint\",\"urlTemplate\":\"https:\\\/\\\/www.organisator.ch\\\/?s={search_term_string}\"},\"query-input\":{\"@type\":\"PropertyValueSpecification\",\"valueRequired\":true,\"valueName\":\"search_term_string\"}}],\"inLanguage\":\"en-US\"},{\"@type\":\"Organization\",\"@id\":\"https:\\\/\\\/www.organisator.ch\\\/#organization\",\"name\":\"Organisator\",\"url\":\"https:\\\/\\\/www.organisator.ch\\\/\",\"logo\":{\"@type\":\"ImageObject\",\"inLanguage\":\"en-US\",\"@id\":\"https:\\\/\\\/www.organisator.ch\\\/#\\\/schema\\\/logo\\\/image\\\/\",\"url\":\"https:\\\/\\\/www.organisator.ch\\\/wp-content\\\/uploads\\\/2022\\\/01\\\/Logo_Organisator_Website.png\",\"contentUrl\":\"https:\\\/\\\/www.organisator.ch\\\/wp-content\\\/uploads\\\/2022\\\/01\\\/Logo_Organisator_Website.png\",\"width\":800,\"height\":77,\"caption\":\"Organisator\"},\"image\":{\"@id\":\"https:\\\/\\\/www.organisator.ch\\\/#\\\/schema\\\/logo\\\/image\\\/\"},\"sameAs\":[\"https:\\\/\\\/www.facebook.com\\\/OrganisatorFachmagazin\",\"https:\\\/\\\/www.linkedin.com\\\/showcase\\\/organisator-das-magazin-fr-kmu\",\"https:\\\/\\\/www.xing.com\\\/news\\\/pages\\\/organisator-ch-695\",\"https:\\\/\\\/www.youtube.com\\\/channel\\\/UCGP2Sq0iWaZwT3BdIAQFYpw\"]},{\"@type\":\"Person\",\"@id\":\"https:\\\/\\\/www.organisator.ch\\\/#\\\/schema\\\/person\\\/6f650f90b2842cd4c0cc334b4e36f67e\",\"name\":\"thomas.berner\",\"image\":{\"@type\":\"ImageObject\",\"inLanguage\":\"en-US\",\"@id\":\"https:\\\/\\\/secure.gravatar.com\\\/avatar\\\/ac5001d2a36cb6c6cd3e50789007ffca834b477b74a2144564522e944eabff61?s=96&d=mm&r=g\",\"url\":\"https:\\\/\\\/secure.gravatar.com\\\/avatar\\\/ac5001d2a36cb6c6cd3e50789007ffca834b477b74a2144564522e944eabff61?s=96&d=mm&r=g\",\"contentUrl\":\"https:\\\/\\\/secure.gravatar.com\\\/avatar\\\/ac5001d2a36cb6c6cd3e50789007ffca834b477b74a2144564522e944eabff61?s=96&d=mm&r=g\",\"caption\":\"thomas.berner\"},\"url\":\"https:\\\/\\\/www.organisator.ch\\\/en\\\/author\\\/thomas-berner\\\/\"}]}<\/script>\n<!-- \/ Yoast SEO plugin. -->","yoast_head_json":{"title":"Swiss CEOs focus on mental health - Organizer","description":"Mental health is often still a taboo. Eleven CEOs want to break this down and talk openly about it in interviews.","robots":{"index":"index","follow":"follow","max-snippet":"max-snippet:-1","max-image-preview":"max-image-preview:large","max-video-preview":"max-video-preview:-1"},"canonical":"https:\/\/www.organisator.ch\/en\/human-resources\/2025-05-12\/schweizer-ceos-ruecken-mentale-gesundheit-in-den-fokus\/","og_locale":"en_US","og_type":"article","og_title":"Schweizer CEOs r\u00fccken mentale Gesundheit in den Fokus","og_description":"Mentale Gesundheit ist h\u00e4ufig immer noch ein Tabu. Dieses wollen elf CEOs aufbrechen und sprechen in Interviews offen dar\u00fcber.","og_url":"https:\/\/www.organisator.ch\/en\/human-resources\/2025-05-12\/schweizer-ceos-ruecken-mentale-gesundheit-in-den-fokus\/","og_site_name":"Organisator","article_publisher":"https:\/\/www.facebook.com\/OrganisatorFachmagazin","article_published_time":"2025-05-12T10:06:36+00:00","og_image":[{"width":680,"height":576,"url":"https:\/\/www.organisator.ch\/wp-content\/uploads\/2025\/05\/Schweizer-CEOs-ruecken-mentale-Gesundheit-in-den-Fokus_Organisator.jpg","type":"image\/jpeg"}],"author":"thomas.berner","twitter_card":"summary_large_image","twitter_title":"Schweizer #CEOs r\u00fccken mentale Gesundheit in den Fokus","twitter_description":"Mentale Gesundheit ist h\u00e4ufig immer noch ein Tabu. Dieses wollen elf #CEOs aufbrechen und sprechen in Interviews offen dar\u00fcber.","twitter_image":"https:\/\/www.organisator.ch\/wp-content\/uploads\/2025\/05\/Schweizer-CEOs-ruecken-mentale-Gesundheit-in-den-Fokus_Organisator.jpg","schema":{"@context":"https:\/\/schema.org","@graph":[{"@type":"Article","@id":"https:\/\/www.organisator.ch\/human-resources\/2025-05-12\/schweizer-ceos-ruecken-mentale-gesundheit-in-den-fokus\/#article","isPartOf":{"@id":"https:\/\/www.organisator.ch\/human-resources\/2025-05-12\/schweizer-ceos-ruecken-mentale-gesundheit-in-den-fokus\/"},"author":{"name":"thomas.berner","@id":"https:\/\/www.organisator.ch\/#\/schema\/person\/6f650f90b2842cd4c0cc334b4e36f67e"},"headline":"Schweizer CEOs r\u00fccken mentale Gesundheit in den Fokus","datePublished":"2025-05-12T10:06:36+00:00","mainEntityOfPage":{"@id":"https:\/\/www.organisator.ch\/human-resources\/2025-05-12\/schweizer-ceos-ruecken-mentale-gesundheit-in-den-fokus\/"},"wordCount":735,"publisher":{"@id":"https:\/\/www.organisator.ch\/#organization"},"image":{"@id":"https:\/\/www.organisator.ch\/human-resources\/2025-05-12\/schweizer-ceos-ruecken-mentale-gesundheit-in-den-fokus\/#primaryimage"},"thumbnailUrl":"https:\/\/www.organisator.ch\/wp-content\/uploads\/2025\/05\/Schweizer-CEOs-ruecken-mentale-Gesundheit-in-den-Fokus_Organisator.jpg","keywords":["Betriebliches Gesundheitsmanagement","HRM","Management und Unternehmensf\u00fchrung","Mentale Gesundheit"],"articleSection":["HUMAN RESOURCES"],"inLanguage":"en-US"},{"@type":"WebPage","@id":"https:\/\/www.organisator.ch\/human-resources\/2025-05-12\/schweizer-ceos-ruecken-mentale-gesundheit-in-den-fokus\/","url":"https:\/\/www.organisator.ch\/human-resources\/2025-05-12\/schweizer-ceos-ruecken-mentale-gesundheit-in-den-fokus\/","name":"Swiss CEOs focus on mental health - Organizer","isPartOf":{"@id":"https:\/\/www.organisator.ch\/#website"},"primaryImageOfPage":{"@id":"https:\/\/www.organisator.ch\/human-resources\/2025-05-12\/schweizer-ceos-ruecken-mentale-gesundheit-in-den-fokus\/#primaryimage"},"image":{"@id":"https:\/\/www.organisator.ch\/human-resources\/2025-05-12\/schweizer-ceos-ruecken-mentale-gesundheit-in-den-fokus\/#primaryimage"},"thumbnailUrl":"https:\/\/www.organisator.ch\/wp-content\/uploads\/2025\/05\/Schweizer-CEOs-ruecken-mentale-Gesundheit-in-den-Fokus_Organisator.jpg","datePublished":"2025-05-12T10:06:36+00:00","description":"Mental health is often still a taboo. Eleven CEOs want to break this down and talk openly about it in interviews.","breadcrumb":{"@id":"https:\/\/www.organisator.ch\/human-resources\/2025-05-12\/schweizer-ceos-ruecken-mentale-gesundheit-in-den-fokus\/#breadcrumb"},"inLanguage":"en-US","potentialAction":[{"@type":"ReadAction","target":["https:\/\/www.organisator.ch\/human-resources\/2025-05-12\/schweizer-ceos-ruecken-mentale-gesundheit-in-den-fokus\/"]}]},{"@type":"ImageObject","inLanguage":"en-US","@id":"https:\/\/www.organisator.ch\/human-resources\/2025-05-12\/schweizer-ceos-ruecken-mentale-gesundheit-in-den-fokus\/#primaryimage","url":"https:\/\/www.organisator.ch\/wp-content\/uploads\/2025\/05\/Schweizer-CEOs-ruecken-mentale-Gesundheit-in-den-Fokus_Organisator.jpg","contentUrl":"https:\/\/www.organisator.ch\/wp-content\/uploads\/2025\/05\/Schweizer-CEOs-ruecken-mentale-Gesundheit-in-den-Fokus_Organisator.jpg","width":680,"height":576,"caption":"Nathalie Agosti (hinten) und Claire Garwacki, Initiantinnen der Kampagne \"The Cost of Silence\", wo 11 CEOs das Thema \"Mentale Gesundheit\" in den Fokus r\u00fccken. (Bild: zVg)"},{"@type":"BreadcrumbList","@id":"https:\/\/www.organisator.ch\/human-resources\/2025-05-12\/schweizer-ceos-ruecken-mentale-gesundheit-in-den-fokus\/#breadcrumb","itemListElement":[{"@type":"ListItem","position":1,"name":"Home","item":"https:\/\/www.organisator.ch\/"},{"@type":"ListItem","position":2,"name":"Schweizer CEOs r\u00fccken mentale Gesundheit in den Fokus"}]},{"@type":"WebSite","@id":"https:\/\/www.organisator.ch\/#website","url":"https:\/\/www.organisator.ch\/","name":"Organizer","description":"Competent. Practical. In 10 issues per year, ORGANISATOR presents the essential topics for managers of SMEs.","publisher":{"@id":"https:\/\/www.organisator.ch\/#organization"},"potentialAction":[{"@type":"SearchAction","target":{"@type":"EntryPoint","urlTemplate":"https:\/\/www.organisator.ch\/?s={search_term_string}"},"query-input":{"@type":"PropertyValueSpecification","valueRequired":true,"valueName":"search_term_string"}}],"inLanguage":"en-US"},{"@type":"Organization","@id":"https:\/\/www.organisator.ch\/#organization","name":"Organizer","url":"https:\/\/www.organisator.ch\/","logo":{"@type":"ImageObject","inLanguage":"en-US","@id":"https:\/\/www.organisator.ch\/#\/schema\/logo\/image\/","url":"https:\/\/www.organisator.ch\/wp-content\/uploads\/2022\/01\/Logo_Organisator_Website.png","contentUrl":"https:\/\/www.organisator.ch\/wp-content\/uploads\/2022\/01\/Logo_Organisator_Website.png","width":800,"height":77,"caption":"Organisator"},"image":{"@id":"https:\/\/www.organisator.ch\/#\/schema\/logo\/image\/"},"sameAs":["https:\/\/www.facebook.com\/OrganisatorFachmagazin","https:\/\/www.linkedin.com\/showcase\/organisator-das-magazin-fr-kmu","https:\/\/www.xing.com\/news\/pages\/organisator-ch-695","https:\/\/www.youtube.com\/channel\/UCGP2Sq0iWaZwT3BdIAQFYpw"]},{"@type":"Person","@id":"https:\/\/www.organisator.ch\/#\/schema\/person\/6f650f90b2842cd4c0cc334b4e36f67e","name":"thomas.berner","image":{"@type":"ImageObject","inLanguage":"en-US","@id":"https:\/\/secure.gravatar.com\/avatar\/ac5001d2a36cb6c6cd3e50789007ffca834b477b74a2144564522e944eabff61?s=96&d=mm&r=g","url":"https:\/\/secure.gravatar.com\/avatar\/ac5001d2a36cb6c6cd3e50789007ffca834b477b74a2144564522e944eabff61?s=96&d=mm&r=g","contentUrl":"https:\/\/secure.gravatar.com\/avatar\/ac5001d2a36cb6c6cd3e50789007ffca834b477b74a2144564522e944eabff61?s=96&d=mm&r=g","caption":"thomas.berner"},"url":"https:\/\/www.organisator.ch\/en\/author\/thomas-berner\/"}]}},"_links":{"self":[{"href":"https:\/\/www.organisator.ch\/en\/wp-json\/wp\/v2\/posts\/38327","targetHints":{"allow":["GET"]}}],"collection":[{"href":"https:\/\/www.organisator.ch\/en\/wp-json\/wp\/v2\/posts"}],"about":[{"href":"https:\/\/www.organisator.ch\/en\/wp-json\/wp\/v2\/types\/post"}],"author":[{"embeddable":true,"href":"https:\/\/www.organisator.ch\/en\/wp-json\/wp\/v2\/users\/4"}],"replies":[{"embeddable":true,"href":"https:\/\/www.organisator.ch\/en\/wp-json\/wp\/v2\/comments?post=38327"}],"version-history":[{"count":4,"href":"https:\/\/www.organisator.ch\/en\/wp-json\/wp\/v2\/posts\/38327\/revisions"}],"predecessor-version":[{"id":38350,"href":"https:\/\/www.organisator.ch\/en\/wp-json\/wp\/v2\/posts\/38327\/revisions\/38350"}],"wp:featuredmedia":[{"embeddable":true,"href":"https:\/\/www.organisator.ch\/en\/wp-json\/wp\/v2\/media\/38329"}],"wp:attachment":[{"href":"https:\/\/www.organisator.ch\/en\/wp-json\/wp\/v2\/media?parent=38327"}],"wp:term":[{"taxonomy":"category","embeddable":true,"href":"https:\/\/www.organisator.ch\/en\/wp-json\/wp\/v2\/categories?post=38327"},{"taxonomy":"post_tag","embeddable":true,"href":"https:\/\/www.organisator.ch\/en\/wp-json\/wp\/v2\/tags?post=38327"}],"curies":[{"name":"wp","href":"https:\/\/api.w.org\/{rel}","templated":true}]}}