{"id":38358,"date":"2025-05-14T09:11:10","date_gmt":"2025-05-14T07:11:10","guid":{"rendered":"https:\/\/www.markt-kom.com\/?p=234547"},"modified":"2025-05-14T09:09:52","modified_gmt":"2025-05-14T07:09:52","slug":"aus-rent-a-rentner-wird-die-boomer-ag","status":"publish","type":"post","link":"https:\/\/www.organisator.ch\/en\/marketing\/2025-05-14\/aus-rent-a-rentner-wird-die-boomer-ag\/","title":{"rendered":"Rent a Pensioner\" becomes \"Boomer AG\""},"content":{"rendered":"<p><a href=\"https:\/\/www.markt-kom.com\/wp-content\/uploads\/2025\/05\/Boomer_TheHouse.jpg\"><img class=\"aligncenter size-full wp-image-234551\" src=\"https:\/\/www.markt-kom.com\/wp-content\/uploads\/2025\/05\/Boomer_TheHouse.jpg\" sizes=\"(max-width: 1200px) 100vw, 1200px\" srcset=\"https:\/\/www.markt-kom.com\/wp-content\/uploads\/2025\/05\/Boomer_TheHouse.jpg 1200w, https:\/\/www.markt-kom.com\/wp-content\/uploads\/2025\/05\/Boomer_TheHouse-600x338.jpg 600w, https:\/\/www.markt-kom.com\/wp-content\/uploads\/2025\/05\/Boomer_TheHouse-1024x576.jpg 1024w, https:\/\/www.markt-kom.com\/wp-content\/uploads\/2025\/05\/Boomer_TheHouse-768x432.jpg 768w, https:\/\/www.markt-kom.com\/wp-content\/uploads\/2025\/05\/Boomer_TheHouse-18x10.jpg 18w, https:\/\/www.markt-kom.com\/wp-content\/uploads\/2025\/05\/Boomer_TheHouse-311x175.jpg 311w, https:\/\/www.markt-kom.com\/wp-content\/uploads\/2025\/05\/Boomer_TheHouse-622x350.jpg 622w, https:\/\/www.markt-kom.com\/wp-content\/uploads\/2025\/05\/Boomer_TheHouse-1000x563.jpg 1000w\" alt=\"\" width=\"1200\" height=\"675\" \/><\/a><\/p>\r\n<p style=\"margin-right: -28.65pt; line-height: 150%;\"><span style=\"font-family: Favorit;\">The shortage of skilled workers has Switzerland firmly in its grip. One answer to this comes from a perhaps unexpected corner - from pensioners. For several years now <\/span><a href=\"http:\/\/www.rentarentner.ch\/\" rel=\"noopener\"><span style=\"font-family: Favorit;\">Rent a pensioner<\/span><\/a><span style=\"font-family: Favorit;\"> a platform on which experienced retirees can offer their services for small jobs. What once began as a pioneering project has now developed into a trend. Working in retirement is not only socially accepted, but also in demand.<\/span><\/p>\r\n<p><a href=\"https:\/\/www.markt-kom.com\/wp-content\/uploads\/2025\/05\/Portal_Rent-a-Rentner.jpg\"><img class=\"aligncenter size-full wp-image-234549\" src=\"https:\/\/www.markt-kom.com\/wp-content\/uploads\/2025\/05\/Portal_Rent-a-Rentner.jpg\" sizes=\"(max-width: 1200px) 100vw, 1200px\" srcset=\"https:\/\/www.markt-kom.com\/wp-content\/uploads\/2025\/05\/Portal_Rent-a-Rentner.jpg 1200w, https:\/\/www.markt-kom.com\/wp-content\/uploads\/2025\/05\/Portal_Rent-a-Rentner-600x361.jpg 600w, https:\/\/www.markt-kom.com\/wp-content\/uploads\/2025\/05\/Portal_Rent-a-Rentner-1024x616.jpg 1024w, https:\/\/www.markt-kom.com\/wp-content\/uploads\/2025\/05\/Portal_Rent-a-Rentner-768x462.jpg 768w, https:\/\/www.markt-kom.com\/wp-content\/uploads\/2025\/05\/Portal_Rent-a-Rentner-18x12.jpg 18w, https:\/\/www.markt-kom.com\/wp-content\/uploads\/2025\/05\/Portal_Rent-a-Rentner-291x175.jpg 291w, https:\/\/www.markt-kom.com\/wp-content\/uploads\/2025\/05\/Portal_Rent-a-Rentner-582x350.jpg 582w, https:\/\/www.markt-kom.com\/wp-content\/uploads\/2025\/05\/Portal_Rent-a-Rentner-1000x602.jpg 1000w\" alt=\"\" width=\"1200\" height=\"722\" \/><\/a><\/p>\r\n<p style=\"line-height: 150%;\"><span style=\"font-family: Favorit;\">With the new job platform \"<\/span><a href=\"http:\/\/www.hirearentner.ch\/\" rel=\"noopener\"><span style=\"font-family: Favorit;\">Hire a pensioner<\/span><\/a><span style=\"font-family: Favorit;\">\", the employment opportunities for retirees are being significantly expanded. Companies can recruit retirees not only for small jobs, but also for demanding tasks and temporary projects - for example as a replacement during maternity leave or military service.<\/span><\/p>\r\n<p><a href=\"https:\/\/www.markt-kom.com\/wp-content\/uploads\/2025\/05\/Portal_Hire-a-Rentner.jpg\"><img class=\"aligncenter size-full wp-image-234550\" src=\"https:\/\/www.markt-kom.com\/wp-content\/uploads\/2025\/05\/Portal_Hire-a-Rentner.jpg\" sizes=\"(max-width: 1200px) 100vw, 1200px\" srcset=\"https:\/\/www.markt-kom.com\/wp-content\/uploads\/2025\/05\/Portal_Hire-a-Rentner.jpg 1200w, https:\/\/www.markt-kom.com\/wp-content\/uploads\/2025\/05\/Portal_Hire-a-Rentner-600x425.jpg 600w, https:\/\/www.markt-kom.com\/wp-content\/uploads\/2025\/05\/Portal_Hire-a-Rentner-1024x725.jpg 1024w, https:\/\/www.markt-kom.com\/wp-content\/uploads\/2025\/05\/Portal_Hire-a-Rentner-768x544.jpg 768w, https:\/\/www.markt-kom.com\/wp-content\/uploads\/2025\/05\/Portal_Hire-a-Rentner-18x12.jpg 18w, https:\/\/www.markt-kom.com\/wp-content\/uploads\/2025\/05\/Portal_Hire-a-Rentner-247x175.jpg 247w, https:\/\/www.markt-kom.com\/wp-content\/uploads\/2025\/05\/Portal_Hire-a-Rentner-494x350.jpg 494w, https:\/\/www.markt-kom.com\/wp-content\/uploads\/2025\/05\/Portal_Hire-a-Rentner-1000x708.jpg 1000w\" alt=\"\" width=\"1200\" height=\"850\" \/><\/a><\/p>\r\n<p style=\"line-height: 150%;\"><span style=\"font-family: Favorit;\">\"We are killing two birds with one stone,\" explains Managing Director Reto D\u00fcrrenberger, who founded the company together with Sarah Hiltebrand. \"Our platforms help to combat the shortage of skilled workers - and at the same time we support pensioners who want to remain active or make ends meet financially.\" I<span class=\"relative\">n Switzerland, around 20 percent of people of retirement age with an income of less than CHF 2,506 per month are at risk of poverty or are considered poor.<\/span> <span class=\"relative\">This financial situation means that many of them have to continue working after retirement in order to secure their livelihood.<\/span> <span class=\"relative\">In addition, around ten percent of pensioners are dependent on supplementary benefits in order to reach the minimum subsistence level.<\/span><\/span><\/p>\r\n<p style=\"line-height: 150%;\"><span class=\"relative\"><span style=\"font-family: Favorit;\">Because everything revolves around the Boomer generation, the operators have changed the name of their public limited company to \"Boomer AG\". Now not only as a company operating the platforms, but also as a specialized marketing agency focusing on the baby boomer target group. \"Everyone only talks about the GenZ generation, but hardly anything about the baby boomers, who make up 20 percent of the population. We want to change that,\" says Sarah Hiltebrand.<\/span><\/span><\/p>\r\n<p style=\"margin-right: -7.4pt; line-height: 150%;\"><span style=\"font-family: Favorit;\">D\u00fcrrenberger and Hiltebrand and their creative agency Die Antwort are also responsible for the overall appearance, logos, branding and the realization of the various platforms.<\/span><\/p>\r\n<p><a href=\"https:\/\/www.markt-kom.com\/wp-content\/uploads\/2025\/05\/01_Boomer_Logo_RGB_Gross_Schwarz.jpg\"><img class=\"aligncenter size-full wp-image-234548\" src=\"https:\/\/www.markt-kom.com\/wp-content\/uploads\/2025\/05\/01_Boomer_Logo_RGB_Gross_Schwarz.jpg\" sizes=\"(max-width: 1200px) 100vw, 1200px\" srcset=\"https:\/\/www.markt-kom.com\/wp-content\/uploads\/2025\/05\/01_Boomer_Logo_RGB_Gross_Schwarz.jpg 1200w, https:\/\/www.markt-kom.com\/wp-content\/uploads\/2025\/05\/01_Boomer_Logo_RGB_Gross_Schwarz-600x450.jpg 600w, https:\/\/www.markt-kom.com\/wp-content\/uploads\/2025\/05\/01_Boomer_Logo_RGB_Gross_Schwarz-1024x768.jpg 1024w, https:\/\/www.markt-kom.com\/wp-content\/uploads\/2025\/05\/01_Boomer_Logo_RGB_Gross_Schwarz-768x576.jpg 768w, https:\/\/www.markt-kom.com\/wp-content\/uploads\/2025\/05\/01_Boomer_Logo_RGB_Gross_Schwarz-16x12.jpg 16w, https:\/\/www.markt-kom.com\/wp-content\/uploads\/2025\/05\/01_Boomer_Logo_RGB_Gross_Schwarz-233x175.jpg 233w, https:\/\/www.markt-kom.com\/wp-content\/uploads\/2025\/05\/01_Boomer_Logo_RGB_Gross_Schwarz-467x350.jpg 467w, https:\/\/www.markt-kom.com\/wp-content\/uploads\/2025\/05\/01_Boomer_Logo_RGB_Gross_Schwarz-1000x750.jpg 1000w\" alt=\"\" width=\"1200\" height=\"900\" \/><\/a><\/p>","protected":false},"excerpt":{"rendered":"<p>The operators of Rent a Rentner are expanding their offering. As part of this, the company is also undergoing a rebranding, for which the agency Die Antwort is responsible.<\/p>","protected":false},"author":8,"featured_media":0,"comment_status":"closed","ping_status":"closed","sticky":false,"template":"","format":"standard","meta":{"_acf_changed":false,"_yoast_wpseo_focuskw":"Boomer AG","_yoast_wpseo_metadesc":"Die Betreiber von Rent a Rentner erweitern ihr Angebot. Im Zuge dessen nimmt das Unternehmen gleich noch ein Rebranding zu Boomer AG vor.","articlekey":"","footnotes":""},"categories":[29],"tags":[4345,3106,5341],"class_list":["post-38358","post","type-post","status-publish","format-standard","hentry","category-marketing","tag-business","tag-die-antwort","tag-rent-a-rentner"],"acf":[],"yoast_head":"<!-- This site is optimized with the Yoast SEO plugin v27.5 - https:\/\/yoast.com\/product\/yoast-seo-wordpress\/ -->\n<title>Aus \u00abRent a Rentner\u00bb wird die \u00abBoomer AG\u00bb - Organisator<\/title>\n<meta name=\"description\" content=\"Die Betreiber von Rent a Rentner erweitern ihr Angebot. Im Zuge dessen nimmt das Unternehmen gleich noch ein Rebranding zu Boomer AG vor.\" \/>\n<meta name=\"robots\" content=\"index, follow, max-snippet:-1, max-image-preview:large, max-video-preview:-1\" \/>\n<link rel=\"canonical\" href=\"https:\/\/www.organisator.ch\/en\/marketing\/2025-05-14\/aus-rent-a-rentner-wird-die-boomer-ag\/\" \/>\n<meta property=\"og:locale\" content=\"en_US\" \/>\n<meta property=\"og:type\" content=\"article\" \/>\n<meta property=\"og:title\" content=\"Aus \u00abRent a Rentner\u00bb wird die \u00abBoomer AG\u00bb - Organisator\" \/>\n<meta property=\"og:description\" content=\"Die Betreiber von Rent a Rentner erweitern ihr Angebot. Im Zuge dessen nimmt das Unternehmen gleich noch ein Rebranding zu Boomer AG vor.\" \/>\n<meta property=\"og:url\" content=\"https:\/\/www.organisator.ch\/en\/marketing\/2025-05-14\/aus-rent-a-rentner-wird-die-boomer-ag\/\" \/>\n<meta property=\"og:site_name\" content=\"Organisator\" \/>\n<meta property=\"article:publisher\" content=\"https:\/\/www.facebook.com\/OrganisatorFachmagazin\" \/>\n<meta property=\"article:published_time\" content=\"2025-05-14T07:11:10+00:00\" \/>\n<meta name=\"author\" content=\"galledia\" \/>\n<meta name=\"twitter:card\" content=\"summary_large_image\" \/>\n<meta name=\"twitter:creator\" content=\"@admin\" \/>\n<script type=\"application\/ld+json\" class=\"yoast-schema-graph\">{\"@context\":\"https:\\\/\\\/schema.org\",\"@graph\":[{\"@type\":\"Article\",\"@id\":\"https:\\\/\\\/www.organisator.ch\\\/marketing\\\/2025-05-14\\\/aus-rent-a-rentner-wird-die-boomer-ag\\\/#article\",\"isPartOf\":{\"@id\":\"https:\\\/\\\/www.organisator.ch\\\/marketing\\\/2025-05-14\\\/aus-rent-a-rentner-wird-die-boomer-ag\\\/\"},\"author\":{\"name\":\"galledia\",\"@id\":\"https:\\\/\\\/www.organisator.ch\\\/#\\\/schema\\\/person\\\/4e51799071cd2dd1232ac003643ef5f0\"},\"headline\":\"Aus \u00abRent a Rentner\u00bb wird die \u00abBoomer AG\u00bb\",\"datePublished\":\"2025-05-14T07:11:10+00:00\",\"mainEntityOfPage\":{\"@id\":\"https:\\\/\\\/www.organisator.ch\\\/marketing\\\/2025-05-14\\\/aus-rent-a-rentner-wird-die-boomer-ag\\\/\"},\"wordCount\":330,\"publisher\":{\"@id\":\"https:\\\/\\\/www.organisator.ch\\\/#organization\"},\"image\":{\"@id\":\"https:\\\/\\\/www.organisator.ch\\\/marketing\\\/2025-05-14\\\/aus-rent-a-rentner-wird-die-boomer-ag\\\/#primaryimage\"},\"thumbnailUrl\":\"https:\\\/\\\/www.markt-kom.com\\\/wp-content\\\/uploads\\\/2025\\\/05\\\/Boomer_TheHouse.jpg\",\"keywords\":[\"Business\",\"Die Antwort\",\"Rent a Rentner\"],\"articleSection\":[\"MARKETING\"],\"inLanguage\":\"en-US\"},{\"@type\":\"WebPage\",\"@id\":\"https:\\\/\\\/www.organisator.ch\\\/marketing\\\/2025-05-14\\\/aus-rent-a-rentner-wird-die-boomer-ag\\\/\",\"url\":\"https:\\\/\\\/www.organisator.ch\\\/marketing\\\/2025-05-14\\\/aus-rent-a-rentner-wird-die-boomer-ag\\\/\",\"name\":\"Aus \u00abRent a Rentner\u00bb wird die \u00abBoomer AG\u00bb - Organisator\",\"isPartOf\":{\"@id\":\"https:\\\/\\\/www.organisator.ch\\\/#website\"},\"primaryImageOfPage\":{\"@id\":\"https:\\\/\\\/www.organisator.ch\\\/marketing\\\/2025-05-14\\\/aus-rent-a-rentner-wird-die-boomer-ag\\\/#primaryimage\"},\"image\":{\"@id\":\"https:\\\/\\\/www.organisator.ch\\\/marketing\\\/2025-05-14\\\/aus-rent-a-rentner-wird-die-boomer-ag\\\/#primaryimage\"},\"thumbnailUrl\":\"https:\\\/\\\/www.markt-kom.com\\\/wp-content\\\/uploads\\\/2025\\\/05\\\/Boomer_TheHouse.jpg\",\"datePublished\":\"2025-05-14T07:11:10+00:00\",\"description\":\"Die Betreiber von Rent a Rentner erweitern ihr Angebot. Im Zuge dessen nimmt das Unternehmen gleich noch ein Rebranding zu Boomer AG vor.\",\"breadcrumb\":{\"@id\":\"https:\\\/\\\/www.organisator.ch\\\/marketing\\\/2025-05-14\\\/aus-rent-a-rentner-wird-die-boomer-ag\\\/#breadcrumb\"},\"inLanguage\":\"en-US\",\"potentialAction\":[{\"@type\":\"ReadAction\",\"target\":[\"https:\\\/\\\/www.organisator.ch\\\/marketing\\\/2025-05-14\\\/aus-rent-a-rentner-wird-die-boomer-ag\\\/\"]}]},{\"@type\":\"ImageObject\",\"inLanguage\":\"en-US\",\"@id\":\"https:\\\/\\\/www.organisator.ch\\\/marketing\\\/2025-05-14\\\/aus-rent-a-rentner-wird-die-boomer-ag\\\/#primaryimage\",\"url\":\"https:\\\/\\\/www.markt-kom.com\\\/wp-content\\\/uploads\\\/2025\\\/05\\\/Boomer_TheHouse.jpg\",\"contentUrl\":\"https:\\\/\\\/www.markt-kom.com\\\/wp-content\\\/uploads\\\/2025\\\/05\\\/Boomer_TheHouse.jpg\"},{\"@type\":\"BreadcrumbList\",\"@id\":\"https:\\\/\\\/www.organisator.ch\\\/marketing\\\/2025-05-14\\\/aus-rent-a-rentner-wird-die-boomer-ag\\\/#breadcrumb\",\"itemListElement\":[{\"@type\":\"ListItem\",\"position\":1,\"name\":\"Home\",\"item\":\"https:\\\/\\\/www.organisator.ch\\\/\"},{\"@type\":\"ListItem\",\"position\":2,\"name\":\"Aus \u00abRent a Rentner\u00bb wird die \u00abBoomer AG\u00bb\"}]},{\"@type\":\"WebSite\",\"@id\":\"https:\\\/\\\/www.organisator.ch\\\/#website\",\"url\":\"https:\\\/\\\/www.organisator.ch\\\/\",\"name\":\"Organisator\",\"description\":\"Kompetent. Praxisnah. Der ORGANISATOR bereitet in 10 Ausgaben pro Jahr die wesentlichen Themen f\u00fcr F\u00fchrungskr\u00e4fte von KMU auf.\",\"publisher\":{\"@id\":\"https:\\\/\\\/www.organisator.ch\\\/#organization\"},\"potentialAction\":[{\"@type\":\"SearchAction\",\"target\":{\"@type\":\"EntryPoint\",\"urlTemplate\":\"https:\\\/\\\/www.organisator.ch\\\/?s={search_term_string}\"},\"query-input\":{\"@type\":\"PropertyValueSpecification\",\"valueRequired\":true,\"valueName\":\"search_term_string\"}}],\"inLanguage\":\"en-US\"},{\"@type\":\"Organization\",\"@id\":\"https:\\\/\\\/www.organisator.ch\\\/#organization\",\"name\":\"Organisator\",\"url\":\"https:\\\/\\\/www.organisator.ch\\\/\",\"logo\":{\"@type\":\"ImageObject\",\"inLanguage\":\"en-US\",\"@id\":\"https:\\\/\\\/www.organisator.ch\\\/#\\\/schema\\\/logo\\\/image\\\/\",\"url\":\"https:\\\/\\\/www.organisator.ch\\\/wp-content\\\/uploads\\\/2022\\\/01\\\/Logo_Organisator_Website.png\",\"contentUrl\":\"https:\\\/\\\/www.organisator.ch\\\/wp-content\\\/uploads\\\/2022\\\/01\\\/Logo_Organisator_Website.png\",\"width\":800,\"height\":77,\"caption\":\"Organisator\"},\"image\":{\"@id\":\"https:\\\/\\\/www.organisator.ch\\\/#\\\/schema\\\/logo\\\/image\\\/\"},\"sameAs\":[\"https:\\\/\\\/www.facebook.com\\\/OrganisatorFachmagazin\",\"https:\\\/\\\/www.linkedin.com\\\/showcase\\\/organisator-das-magazin-fr-kmu\",\"https:\\\/\\\/www.xing.com\\\/news\\\/pages\\\/organisator-ch-695\",\"https:\\\/\\\/www.youtube.com\\\/channel\\\/UCGP2Sq0iWaZwT3BdIAQFYpw\"]},{\"@type\":\"Person\",\"@id\":\"https:\\\/\\\/www.organisator.ch\\\/#\\\/schema\\\/person\\\/4e51799071cd2dd1232ac003643ef5f0\",\"name\":\"galledia\",\"image\":{\"@type\":\"ImageObject\",\"inLanguage\":\"en-US\",\"@id\":\"https:\\\/\\\/secure.gravatar.com\\\/avatar\\\/78a7f90c01fc2bfc875782a0d4922b37cde2cf184ce347b91316d23cd7f69a36?s=96&d=mm&r=g\",\"url\":\"https:\\\/\\\/secure.gravatar.com\\\/avatar\\\/78a7f90c01fc2bfc875782a0d4922b37cde2cf184ce347b91316d23cd7f69a36?s=96&d=mm&r=g\",\"contentUrl\":\"https:\\\/\\\/secure.gravatar.com\\\/avatar\\\/78a7f90c01fc2bfc875782a0d4922b37cde2cf184ce347b91316d23cd7f69a36?s=96&d=mm&r=g\",\"caption\":\"galledia\"},\"sameAs\":[\"https:\\\/\\\/x.com\\\/admin\"],\"url\":\"https:\\\/\\\/www.organisator.ch\\\/en\\\/author\\\/galledia\\\/\"}]}<\/script>\n<!-- \/ Yoast SEO plugin. -->","yoast_head_json":{"title":"Rent a Pensioner\" becomes \"Boomer AG\" - organizer","description":"The operators of Rent a Pensioner are expanding their offering. As part of this, the company is also rebranding itself as Boomer AG.","robots":{"index":"index","follow":"follow","max-snippet":"max-snippet:-1","max-image-preview":"max-image-preview:large","max-video-preview":"max-video-preview:-1"},"canonical":"https:\/\/www.organisator.ch\/en\/marketing\/2025-05-14\/aus-rent-a-rentner-wird-die-boomer-ag\/","og_locale":"en_US","og_type":"article","og_title":"Aus \u00abRent a Rentner\u00bb wird die \u00abBoomer AG\u00bb - Organisator","og_description":"Die Betreiber von Rent a Rentner erweitern ihr Angebot. Im Zuge dessen nimmt das Unternehmen gleich noch ein Rebranding zu Boomer AG vor.","og_url":"https:\/\/www.organisator.ch\/en\/marketing\/2025-05-14\/aus-rent-a-rentner-wird-die-boomer-ag\/","og_site_name":"Organisator","article_publisher":"https:\/\/www.facebook.com\/OrganisatorFachmagazin","article_published_time":"2025-05-14T07:11:10+00:00","author":"galledia","twitter_card":"summary_large_image","twitter_creator":"@admin","schema":{"@context":"https:\/\/schema.org","@graph":[{"@type":"Article","@id":"https:\/\/www.organisator.ch\/marketing\/2025-05-14\/aus-rent-a-rentner-wird-die-boomer-ag\/#article","isPartOf":{"@id":"https:\/\/www.organisator.ch\/marketing\/2025-05-14\/aus-rent-a-rentner-wird-die-boomer-ag\/"},"author":{"name":"galledia","@id":"https:\/\/www.organisator.ch\/#\/schema\/person\/4e51799071cd2dd1232ac003643ef5f0"},"headline":"Aus \u00abRent a Rentner\u00bb wird die \u00abBoomer AG\u00bb","datePublished":"2025-05-14T07:11:10+00:00","mainEntityOfPage":{"@id":"https:\/\/www.organisator.ch\/marketing\/2025-05-14\/aus-rent-a-rentner-wird-die-boomer-ag\/"},"wordCount":330,"publisher":{"@id":"https:\/\/www.organisator.ch\/#organization"},"image":{"@id":"https:\/\/www.organisator.ch\/marketing\/2025-05-14\/aus-rent-a-rentner-wird-die-boomer-ag\/#primaryimage"},"thumbnailUrl":"https:\/\/www.markt-kom.com\/wp-content\/uploads\/2025\/05\/Boomer_TheHouse.jpg","keywords":["Business","Die Antwort","Rent a Rentner"],"articleSection":["MARKETING"],"inLanguage":"en-US"},{"@type":"WebPage","@id":"https:\/\/www.organisator.ch\/marketing\/2025-05-14\/aus-rent-a-rentner-wird-die-boomer-ag\/","url":"https:\/\/www.organisator.ch\/marketing\/2025-05-14\/aus-rent-a-rentner-wird-die-boomer-ag\/","name":"Rent a Pensioner\" becomes \"Boomer AG\" - organizer","isPartOf":{"@id":"https:\/\/www.organisator.ch\/#website"},"primaryImageOfPage":{"@id":"https:\/\/www.organisator.ch\/marketing\/2025-05-14\/aus-rent-a-rentner-wird-die-boomer-ag\/#primaryimage"},"image":{"@id":"https:\/\/www.organisator.ch\/marketing\/2025-05-14\/aus-rent-a-rentner-wird-die-boomer-ag\/#primaryimage"},"thumbnailUrl":"https:\/\/www.markt-kom.com\/wp-content\/uploads\/2025\/05\/Boomer_TheHouse.jpg","datePublished":"2025-05-14T07:11:10+00:00","description":"The operators of Rent a Pensioner are expanding their offering. As part of this, the company is also rebranding itself as Boomer AG.","breadcrumb":{"@id":"https:\/\/www.organisator.ch\/marketing\/2025-05-14\/aus-rent-a-rentner-wird-die-boomer-ag\/#breadcrumb"},"inLanguage":"en-US","potentialAction":[{"@type":"ReadAction","target":["https:\/\/www.organisator.ch\/marketing\/2025-05-14\/aus-rent-a-rentner-wird-die-boomer-ag\/"]}]},{"@type":"ImageObject","inLanguage":"en-US","@id":"https:\/\/www.organisator.ch\/marketing\/2025-05-14\/aus-rent-a-rentner-wird-die-boomer-ag\/#primaryimage","url":"https:\/\/www.markt-kom.com\/wp-content\/uploads\/2025\/05\/Boomer_TheHouse.jpg","contentUrl":"https:\/\/www.markt-kom.com\/wp-content\/uploads\/2025\/05\/Boomer_TheHouse.jpg"},{"@type":"BreadcrumbList","@id":"https:\/\/www.organisator.ch\/marketing\/2025-05-14\/aus-rent-a-rentner-wird-die-boomer-ag\/#breadcrumb","itemListElement":[{"@type":"ListItem","position":1,"name":"Home","item":"https:\/\/www.organisator.ch\/"},{"@type":"ListItem","position":2,"name":"Aus \u00abRent a Rentner\u00bb wird die \u00abBoomer AG\u00bb"}]},{"@type":"WebSite","@id":"https:\/\/www.organisator.ch\/#website","url":"https:\/\/www.organisator.ch\/","name":"Organizer","description":"Competent. Practical. In 10 issues per year, ORGANISATOR presents the essential topics for managers of SMEs.","publisher":{"@id":"https:\/\/www.organisator.ch\/#organization"},"potentialAction":[{"@type":"SearchAction","target":{"@type":"EntryPoint","urlTemplate":"https:\/\/www.organisator.ch\/?s={search_term_string}"},"query-input":{"@type":"PropertyValueSpecification","valueRequired":true,"valueName":"search_term_string"}}],"inLanguage":"en-US"},{"@type":"Organization","@id":"https:\/\/www.organisator.ch\/#organization","name":"Organizer","url":"https:\/\/www.organisator.ch\/","logo":{"@type":"ImageObject","inLanguage":"en-US","@id":"https:\/\/www.organisator.ch\/#\/schema\/logo\/image\/","url":"https:\/\/www.organisator.ch\/wp-content\/uploads\/2022\/01\/Logo_Organisator_Website.png","contentUrl":"https:\/\/www.organisator.ch\/wp-content\/uploads\/2022\/01\/Logo_Organisator_Website.png","width":800,"height":77,"caption":"Organisator"},"image":{"@id":"https:\/\/www.organisator.ch\/#\/schema\/logo\/image\/"},"sameAs":["https:\/\/www.facebook.com\/OrganisatorFachmagazin","https:\/\/www.linkedin.com\/showcase\/organisator-das-magazin-fr-kmu","https:\/\/www.xing.com\/news\/pages\/organisator-ch-695","https:\/\/www.youtube.com\/channel\/UCGP2Sq0iWaZwT3BdIAQFYpw"]},{"@type":"Person","@id":"https:\/\/www.organisator.ch\/#\/schema\/person\/4e51799071cd2dd1232ac003643ef5f0","name":"galledia","image":{"@type":"ImageObject","inLanguage":"en-US","@id":"https:\/\/secure.gravatar.com\/avatar\/78a7f90c01fc2bfc875782a0d4922b37cde2cf184ce347b91316d23cd7f69a36?s=96&d=mm&r=g","url":"https:\/\/secure.gravatar.com\/avatar\/78a7f90c01fc2bfc875782a0d4922b37cde2cf184ce347b91316d23cd7f69a36?s=96&d=mm&r=g","contentUrl":"https:\/\/secure.gravatar.com\/avatar\/78a7f90c01fc2bfc875782a0d4922b37cde2cf184ce347b91316d23cd7f69a36?s=96&d=mm&r=g","caption":"galledia"},"sameAs":["https:\/\/x.com\/admin"],"url":"https:\/\/www.organisator.ch\/en\/author\/galledia\/"}]}},"_links":{"self":[{"href":"https:\/\/www.organisator.ch\/en\/wp-json\/wp\/v2\/posts\/38358","targetHints":{"allow":["GET"]}}],"collection":[{"href":"https:\/\/www.organisator.ch\/en\/wp-json\/wp\/v2\/posts"}],"about":[{"href":"https:\/\/www.organisator.ch\/en\/wp-json\/wp\/v2\/types\/post"}],"author":[{"embeddable":true,"href":"https:\/\/www.organisator.ch\/en\/wp-json\/wp\/v2\/users\/8"}],"replies":[{"embeddable":true,"href":"https:\/\/www.organisator.ch\/en\/wp-json\/wp\/v2\/comments?post=38358"}],"version-history":[{"count":4,"href":"https:\/\/www.organisator.ch\/en\/wp-json\/wp\/v2\/posts\/38358\/revisions"}],"predecessor-version":[{"id":38394,"href":"https:\/\/www.organisator.ch\/en\/wp-json\/wp\/v2\/posts\/38358\/revisions\/38394"}],"wp:attachment":[{"href":"https:\/\/www.organisator.ch\/en\/wp-json\/wp\/v2\/media?parent=38358"}],"wp:term":[{"taxonomy":"category","embeddable":true,"href":"https:\/\/www.organisator.ch\/en\/wp-json\/wp\/v2\/categories?post=38358"},{"taxonomy":"post_tag","embeddable":true,"href":"https:\/\/www.organisator.ch\/en\/wp-json\/wp\/v2\/tags?post=38358"}],"curies":[{"name":"wp","href":"https:\/\/api.w.org\/{rel}","templated":true}]}}