{"id":3841,"date":"2021-03-24T09:15:31","date_gmt":"2021-03-24T08:15:31","guid":{"rendered":"https:\/\/www.umweltperspektiven.ch\/?p=3841"},"modified":"2022-02-09T11:06:09","modified_gmt":"2022-02-09T10:06:09","slug":"power-to-gas-der-kongress-zeigt-aktuelle-entwicklungen","status":"publish","type":"post","link":"https:\/\/www.organisator.ch\/en\/sustainability\/2021-03-24\/power-to-gas-der-kongress-zeigt-aktuelle-entwicklungen\/","title":{"rendered":"Power-to-gas: Congress shows current developments"},"content":{"rendered":"<figure id=\"attachment_3842\" aria-describedby=\"caption-attachment-3842\" style=\"width: 680px\" class=\"wp-caption aligncenter\"><img loading=\"lazy\" decoding=\"async\" class=\"size-medium wp-image-3842\" src=\"\/\/www.umweltperspektiven.ch\/wp-content\/uploads\/2021\/02\/04_Limeco.jpg\" alt=\"\" width=\"680\" height=\"510\" srcset=\"https:\/\/www.organisator.ch\/wp-content\/uploads\/2021\/02\/04_Limeco.jpg 2560w, https:\/\/www.organisator.ch\/wp-content\/uploads\/2021\/02\/04_Limeco-680x510.jpg 680w, https:\/\/www.organisator.ch\/wp-content\/uploads\/2021\/02\/04_Limeco-1024x768.jpg 1024w, https:\/\/www.organisator.ch\/wp-content\/uploads\/2021\/02\/04_Limeco-768x576.jpg 768w, https:\/\/www.organisator.ch\/wp-content\/uploads\/2021\/02\/04_Limeco-1536x1152.jpg 1536w, https:\/\/www.organisator.ch\/wp-content\/uploads\/2021\/02\/04_Limeco-2048x1536.jpg 2048w, https:\/\/www.organisator.ch\/wp-content\/uploads\/2021\/02\/04_Limeco-16x12.jpg 16w, https:\/\/www.organisator.ch\/wp-content\/uploads\/2021\/02\/04_Limeco-233x175.jpg 233w, https:\/\/www.organisator.ch\/wp-content\/uploads\/2021\/02\/04_Limeco-467x350.jpg 467w, https:\/\/www.organisator.ch\/wp-content\/uploads\/2021\/02\/04_Limeco-1067x800.jpg 1067w, https:\/\/www.organisator.ch\/wp-content\/uploads\/2021\/02\/04_Limeco-920x690.jpg 920w, https:\/\/www.organisator.ch\/wp-content\/uploads\/2021\/02\/04_Limeco-1400x1050.jpg 1400w, https:\/\/www.organisator.ch\/wp-content\/uploads\/2021\/02\/04_Limeco-1867x1400.jpg 1867w, https:\/\/www.organisator.ch\/wp-content\/uploads\/2021\/02\/04_Limeco-300x225.jpg 300w\" sizes=\"auto, (max-width: 680px) 100vw, 680px\" \/><figcaption id=\"caption-attachment-3842\" class=\"wp-caption-text\">The first industrial power-to-gas plant is located in Dietikon. \u00a9 Limeco.<\/figcaption><\/figure>\n<p>Switzerland wants to phase out nuclear power and cease net greenhouse gas emissions by 2050. Energy from renewable sources is in demand, but electricity production from solar and wind power fluctuates strongly. This raises the question of how to store renewable electricity. How could photovoltaic electricity, which is plentiful in summer, be made usable for the winter, when there is little sunshine?<\/p>\n<p><strong>Overview of the current development<\/strong><\/p>\n<p>Among the storage solutions that reduce import dependency, many expectations are placed on power-to-gas technology. It converts electric power into storable hydrogen or methane. This technology is the focus of the first Power-to-Gas Congress. It is planned for the <a href=\"\/\/www.umweltarena.ch\/power-to-gas-kongress-schweiz\/\">September 14, 2021<\/a> is planned in the Umweltarena Schweiz in Spreitenbach. The event will provide an overview of current developments and present corresponding projects that will be put to the test on the market.<\/p>\n<p>&nbsp;<\/p>","protected":false},"excerpt":{"rendered":"<p>Die Schweiz will aus der Atomkraft aussteigen und bis 2050 netto keine Treibhausgase mehr ausstossen. Energie aus erneuerbaren Quellen ist gefragt, doch die Stromproduktion aus Sonnenenergie und Windkraft fluktuiert stark. Deshalb stellt sich die Frage nach der Speicherung von erneuerbarem Strom. Wie k\u00f6nnte der im Sommer reichlich anfallende Photovoltaikstrom f\u00fcr den sonnenarmen Winter nutzbar gemacht [&hellip;]<\/p>\n","protected":false},"author":6,"featured_media":3842,"comment_status":"closed","ping_status":"closed","sticky":false,"template":"","format":"standard","meta":{"_acf_changed":false,"_yoast_wpseo_focuskw":"Power-to-Gas","_yoast_wpseo_metadesc":"In der Umweltarena Spreitenbach ist f\u00fcr den 22. Juni 2021 ein Power-to-Gas-Kongress geplant.","articlekey":"","footnotes":""},"categories":[580],"tags":[588,2383,2385,502],"class_list":["post-3841","post","type-post","status-publish","format-standard","has-post-thumbnail","hentry","category-sustainability","tag-power-to-gas","tag-umwelttechnik","tag-umwelttechnologie","tag-veranstaltungen"],"acf":[],"yoast_head":"<!-- This site is optimized with the Yoast SEO plugin v27.5 - https:\/\/yoast.com\/product\/yoast-seo-wordpress\/ -->\n<title>Power-to-Gas: Kongress zeigt aktuelle Entwicklungen - Organisator<\/title>\n<meta name=\"description\" content=\"In der Umweltarena Spreitenbach ist f\u00fcr den 22. Juni 2021 ein Power-to-Gas-Kongress geplant.\" \/>\n<meta name=\"robots\" content=\"index, follow, max-snippet:-1, max-image-preview:large, max-video-preview:-1\" \/>\n<link rel=\"canonical\" href=\"https:\/\/www.organisator.ch\/en\/sustainability\/2021-03-24\/power-to-gas-der-kongress-zeigt-aktuelle-entwicklungen\/\" \/>\n<meta property=\"og:locale\" content=\"en_US\" \/>\n<meta property=\"og:type\" content=\"article\" \/>\n<meta property=\"og:title\" content=\"Power-to-Gas: Kongress zeigt aktuelle Entwicklungen - Organisator\" \/>\n<meta property=\"og:description\" content=\"In der Umweltarena Spreitenbach ist f\u00fcr den 22. Juni 2021 ein Power-to-Gas-Kongress geplant.\" \/>\n<meta property=\"og:url\" content=\"https:\/\/www.organisator.ch\/en\/sustainability\/2021-03-24\/power-to-gas-der-kongress-zeigt-aktuelle-entwicklungen\/\" \/>\n<meta property=\"og:site_name\" content=\"Organisator\" \/>\n<meta property=\"article:publisher\" content=\"https:\/\/www.facebook.com\/OrganisatorFachmagazin\" \/>\n<meta property=\"article:published_time\" content=\"2021-03-24T08:15:31+00:00\" \/>\n<meta property=\"article:modified_time\" content=\"2022-02-09T10:06:09+00:00\" \/>\n<meta property=\"og:image\" content=\"https:\/\/www.organisator.ch\/wp-content\/uploads\/2021\/02\/04_Limeco.jpg\" \/>\n\t<meta property=\"og:image:width\" content=\"2560\" \/>\n\t<meta property=\"og:image:height\" content=\"1920\" \/>\n\t<meta property=\"og:image:type\" content=\"image\/jpeg\" \/>\n<meta name=\"author\" content=\"roger.straessle\" \/>\n<meta name=\"twitter:card\" content=\"summary_large_image\" \/>\n<script type=\"application\/ld+json\" class=\"yoast-schema-graph\">{\"@context\":\"https:\\\/\\\/schema.org\",\"@graph\":[{\"@type\":\"Article\",\"@id\":\"https:\\\/\\\/www.organisator.ch\\\/sustainability\\\/2021-03-24\\\/power-to-gas-der-kongress-zeigt-aktuelle-entwicklungen\\\/#article\",\"isPartOf\":{\"@id\":\"https:\\\/\\\/www.organisator.ch\\\/sustainability\\\/2021-03-24\\\/power-to-gas-der-kongress-zeigt-aktuelle-entwicklungen\\\/\"},\"author\":{\"name\":\"roger.straessle\",\"@id\":\"https:\\\/\\\/www.organisator.ch\\\/#\\\/schema\\\/person\\\/a800b8c54e208b160517a7dcc323161d\"},\"headline\":\"Power-to-Gas: Kongress zeigt aktuelle Entwicklungen\",\"datePublished\":\"2021-03-24T08:15:31+00:00\",\"dateModified\":\"2022-02-09T10:06:09+00:00\",\"mainEntityOfPage\":{\"@id\":\"https:\\\/\\\/www.organisator.ch\\\/sustainability\\\/2021-03-24\\\/power-to-gas-der-kongress-zeigt-aktuelle-entwicklungen\\\/\"},\"wordCount\":148,\"publisher\":{\"@id\":\"https:\\\/\\\/www.organisator.ch\\\/#organization\"},\"image\":{\"@id\":\"https:\\\/\\\/www.organisator.ch\\\/sustainability\\\/2021-03-24\\\/power-to-gas-der-kongress-zeigt-aktuelle-entwicklungen\\\/#primaryimage\"},\"thumbnailUrl\":\"https:\\\/\\\/www.organisator.ch\\\/wp-content\\\/uploads\\\/2021\\\/02\\\/04_Limeco.jpg\",\"keywords\":[\"Power-to-Gas\",\"Umwelttechnik\",\"Umwelttechnologie\",\"Veranstaltungen\"],\"articleSection\":[\"SUSTAINABILITY\"],\"inLanguage\":\"en-US\"},{\"@type\":\"WebPage\",\"@id\":\"https:\\\/\\\/www.organisator.ch\\\/sustainability\\\/2021-03-24\\\/power-to-gas-der-kongress-zeigt-aktuelle-entwicklungen\\\/\",\"url\":\"https:\\\/\\\/www.organisator.ch\\\/sustainability\\\/2021-03-24\\\/power-to-gas-der-kongress-zeigt-aktuelle-entwicklungen\\\/\",\"name\":\"Power-to-Gas: Kongress zeigt aktuelle Entwicklungen - Organisator\",\"isPartOf\":{\"@id\":\"https:\\\/\\\/www.organisator.ch\\\/#website\"},\"primaryImageOfPage\":{\"@id\":\"https:\\\/\\\/www.organisator.ch\\\/sustainability\\\/2021-03-24\\\/power-to-gas-der-kongress-zeigt-aktuelle-entwicklungen\\\/#primaryimage\"},\"image\":{\"@id\":\"https:\\\/\\\/www.organisator.ch\\\/sustainability\\\/2021-03-24\\\/power-to-gas-der-kongress-zeigt-aktuelle-entwicklungen\\\/#primaryimage\"},\"thumbnailUrl\":\"https:\\\/\\\/www.organisator.ch\\\/wp-content\\\/uploads\\\/2021\\\/02\\\/04_Limeco.jpg\",\"datePublished\":\"2021-03-24T08:15:31+00:00\",\"dateModified\":\"2022-02-09T10:06:09+00:00\",\"description\":\"In der Umweltarena Spreitenbach ist f\u00fcr den 22. Juni 2021 ein Power-to-Gas-Kongress geplant.\",\"breadcrumb\":{\"@id\":\"https:\\\/\\\/www.organisator.ch\\\/sustainability\\\/2021-03-24\\\/power-to-gas-der-kongress-zeigt-aktuelle-entwicklungen\\\/#breadcrumb\"},\"inLanguage\":\"en-US\",\"potentialAction\":[{\"@type\":\"ReadAction\",\"target\":[\"https:\\\/\\\/www.organisator.ch\\\/sustainability\\\/2021-03-24\\\/power-to-gas-der-kongress-zeigt-aktuelle-entwicklungen\\\/\"]}]},{\"@type\":\"ImageObject\",\"inLanguage\":\"en-US\",\"@id\":\"https:\\\/\\\/www.organisator.ch\\\/sustainability\\\/2021-03-24\\\/power-to-gas-der-kongress-zeigt-aktuelle-entwicklungen\\\/#primaryimage\",\"url\":\"https:\\\/\\\/www.organisator.ch\\\/wp-content\\\/uploads\\\/2021\\\/02\\\/04_Limeco.jpg\",\"contentUrl\":\"https:\\\/\\\/www.organisator.ch\\\/wp-content\\\/uploads\\\/2021\\\/02\\\/04_Limeco.jpg\",\"width\":2560,\"height\":1920,\"caption\":\"Die erste industrielle Power-to-Gas-Anlage steht in Dietikon. \u00a9 Limeco.\"},{\"@type\":\"BreadcrumbList\",\"@id\":\"https:\\\/\\\/www.organisator.ch\\\/sustainability\\\/2021-03-24\\\/power-to-gas-der-kongress-zeigt-aktuelle-entwicklungen\\\/#breadcrumb\",\"itemListElement\":[{\"@type\":\"ListItem\",\"position\":1,\"name\":\"Home\",\"item\":\"https:\\\/\\\/www.organisator.ch\\\/\"},{\"@type\":\"ListItem\",\"position\":2,\"name\":\"Power-to-Gas: Kongress zeigt aktuelle Entwicklungen\"}]},{\"@type\":\"WebSite\",\"@id\":\"https:\\\/\\\/www.organisator.ch\\\/#website\",\"url\":\"https:\\\/\\\/www.organisator.ch\\\/\",\"name\":\"Organisator\",\"description\":\"Kompetent. Praxisnah. Der ORGANISATOR bereitet in 10 Ausgaben pro Jahr die wesentlichen Themen f\u00fcr F\u00fchrungskr\u00e4fte von KMU auf.\",\"publisher\":{\"@id\":\"https:\\\/\\\/www.organisator.ch\\\/#organization\"},\"potentialAction\":[{\"@type\":\"SearchAction\",\"target\":{\"@type\":\"EntryPoint\",\"urlTemplate\":\"https:\\\/\\\/www.organisator.ch\\\/?s={search_term_string}\"},\"query-input\":{\"@type\":\"PropertyValueSpecification\",\"valueRequired\":true,\"valueName\":\"search_term_string\"}}],\"inLanguage\":\"en-US\"},{\"@type\":\"Organization\",\"@id\":\"https:\\\/\\\/www.organisator.ch\\\/#organization\",\"name\":\"Organisator\",\"url\":\"https:\\\/\\\/www.organisator.ch\\\/\",\"logo\":{\"@type\":\"ImageObject\",\"inLanguage\":\"en-US\",\"@id\":\"https:\\\/\\\/www.organisator.ch\\\/#\\\/schema\\\/logo\\\/image\\\/\",\"url\":\"https:\\\/\\\/www.organisator.ch\\\/wp-content\\\/uploads\\\/2022\\\/01\\\/Logo_Organisator_Website.png\",\"contentUrl\":\"https:\\\/\\\/www.organisator.ch\\\/wp-content\\\/uploads\\\/2022\\\/01\\\/Logo_Organisator_Website.png\",\"width\":800,\"height\":77,\"caption\":\"Organisator\"},\"image\":{\"@id\":\"https:\\\/\\\/www.organisator.ch\\\/#\\\/schema\\\/logo\\\/image\\\/\"},\"sameAs\":[\"https:\\\/\\\/www.facebook.com\\\/OrganisatorFachmagazin\",\"https:\\\/\\\/www.linkedin.com\\\/showcase\\\/organisator-das-magazin-fr-kmu\",\"https:\\\/\\\/www.xing.com\\\/news\\\/pages\\\/organisator-ch-695\",\"https:\\\/\\\/www.youtube.com\\\/channel\\\/UCGP2Sq0iWaZwT3BdIAQFYpw\"]},{\"@type\":\"Person\",\"@id\":\"https:\\\/\\\/www.organisator.ch\\\/#\\\/schema\\\/person\\\/a800b8c54e208b160517a7dcc323161d\",\"name\":\"roger.straessle\",\"image\":{\"@type\":\"ImageObject\",\"inLanguage\":\"en-US\",\"@id\":\"https:\\\/\\\/secure.gravatar.com\\\/avatar\\\/?s=96&d=mm&r=g\",\"url\":\"https:\\\/\\\/secure.gravatar.com\\\/avatar\\\/?s=96&d=mm&r=g\",\"contentUrl\":\"https:\\\/\\\/secure.gravatar.com\\\/avatar\\\/?s=96&d=mm&r=g\",\"caption\":\"roger.straessle\"},\"url\":\"https:\\\/\\\/www.organisator.ch\\\/en\\\/author\\\/roger-straessle\\\/\"}]}<\/script>\n<!-- \/ Yoast SEO plugin. -->","yoast_head_json":{"title":"Power-to-gas: Congress shows current developments - Organizer","description":"A power-to-gas congress is planned for June 22, 2021, in the Umweltarena Spreitenbach.","robots":{"index":"index","follow":"follow","max-snippet":"max-snippet:-1","max-image-preview":"max-image-preview:large","max-video-preview":"max-video-preview:-1"},"canonical":"https:\/\/www.organisator.ch\/en\/sustainability\/2021-03-24\/power-to-gas-der-kongress-zeigt-aktuelle-entwicklungen\/","og_locale":"en_US","og_type":"article","og_title":"Power-to-Gas: Kongress zeigt aktuelle Entwicklungen - Organisator","og_description":"In der Umweltarena Spreitenbach ist f\u00fcr den 22. Juni 2021 ein Power-to-Gas-Kongress geplant.","og_url":"https:\/\/www.organisator.ch\/en\/sustainability\/2021-03-24\/power-to-gas-der-kongress-zeigt-aktuelle-entwicklungen\/","og_site_name":"Organisator","article_publisher":"https:\/\/www.facebook.com\/OrganisatorFachmagazin","article_published_time":"2021-03-24T08:15:31+00:00","article_modified_time":"2022-02-09T10:06:09+00:00","og_image":[{"width":2560,"height":1920,"url":"https:\/\/www.organisator.ch\/wp-content\/uploads\/2021\/02\/04_Limeco.jpg","type":"image\/jpeg"}],"author":"roger.straessle","twitter_card":"summary_large_image","schema":{"@context":"https:\/\/schema.org","@graph":[{"@type":"Article","@id":"https:\/\/www.organisator.ch\/sustainability\/2021-03-24\/power-to-gas-der-kongress-zeigt-aktuelle-entwicklungen\/#article","isPartOf":{"@id":"https:\/\/www.organisator.ch\/sustainability\/2021-03-24\/power-to-gas-der-kongress-zeigt-aktuelle-entwicklungen\/"},"author":{"name":"roger.straessle","@id":"https:\/\/www.organisator.ch\/#\/schema\/person\/a800b8c54e208b160517a7dcc323161d"},"headline":"Power-to-Gas: Kongress zeigt aktuelle Entwicklungen","datePublished":"2021-03-24T08:15:31+00:00","dateModified":"2022-02-09T10:06:09+00:00","mainEntityOfPage":{"@id":"https:\/\/www.organisator.ch\/sustainability\/2021-03-24\/power-to-gas-der-kongress-zeigt-aktuelle-entwicklungen\/"},"wordCount":148,"publisher":{"@id":"https:\/\/www.organisator.ch\/#organization"},"image":{"@id":"https:\/\/www.organisator.ch\/sustainability\/2021-03-24\/power-to-gas-der-kongress-zeigt-aktuelle-entwicklungen\/#primaryimage"},"thumbnailUrl":"https:\/\/www.organisator.ch\/wp-content\/uploads\/2021\/02\/04_Limeco.jpg","keywords":["Power-to-Gas","Umwelttechnik","Umwelttechnologie","Veranstaltungen"],"articleSection":["SUSTAINABILITY"],"inLanguage":"en-US"},{"@type":"WebPage","@id":"https:\/\/www.organisator.ch\/sustainability\/2021-03-24\/power-to-gas-der-kongress-zeigt-aktuelle-entwicklungen\/","url":"https:\/\/www.organisator.ch\/sustainability\/2021-03-24\/power-to-gas-der-kongress-zeigt-aktuelle-entwicklungen\/","name":"Power-to-gas: Congress shows current developments - Organizer","isPartOf":{"@id":"https:\/\/www.organisator.ch\/#website"},"primaryImageOfPage":{"@id":"https:\/\/www.organisator.ch\/sustainability\/2021-03-24\/power-to-gas-der-kongress-zeigt-aktuelle-entwicklungen\/#primaryimage"},"image":{"@id":"https:\/\/www.organisator.ch\/sustainability\/2021-03-24\/power-to-gas-der-kongress-zeigt-aktuelle-entwicklungen\/#primaryimage"},"thumbnailUrl":"https:\/\/www.organisator.ch\/wp-content\/uploads\/2021\/02\/04_Limeco.jpg","datePublished":"2021-03-24T08:15:31+00:00","dateModified":"2022-02-09T10:06:09+00:00","description":"A power-to-gas congress is planned for June 22, 2021, in the Umweltarena Spreitenbach.","breadcrumb":{"@id":"https:\/\/www.organisator.ch\/sustainability\/2021-03-24\/power-to-gas-der-kongress-zeigt-aktuelle-entwicklungen\/#breadcrumb"},"inLanguage":"en-US","potentialAction":[{"@type":"ReadAction","target":["https:\/\/www.organisator.ch\/sustainability\/2021-03-24\/power-to-gas-der-kongress-zeigt-aktuelle-entwicklungen\/"]}]},{"@type":"ImageObject","inLanguage":"en-US","@id":"https:\/\/www.organisator.ch\/sustainability\/2021-03-24\/power-to-gas-der-kongress-zeigt-aktuelle-entwicklungen\/#primaryimage","url":"https:\/\/www.organisator.ch\/wp-content\/uploads\/2021\/02\/04_Limeco.jpg","contentUrl":"https:\/\/www.organisator.ch\/wp-content\/uploads\/2021\/02\/04_Limeco.jpg","width":2560,"height":1920,"caption":"Die erste industrielle Power-to-Gas-Anlage steht in Dietikon. \u00a9 Limeco."},{"@type":"BreadcrumbList","@id":"https:\/\/www.organisator.ch\/sustainability\/2021-03-24\/power-to-gas-der-kongress-zeigt-aktuelle-entwicklungen\/#breadcrumb","itemListElement":[{"@type":"ListItem","position":1,"name":"Home","item":"https:\/\/www.organisator.ch\/"},{"@type":"ListItem","position":2,"name":"Power-to-Gas: Kongress zeigt aktuelle Entwicklungen"}]},{"@type":"WebSite","@id":"https:\/\/www.organisator.ch\/#website","url":"https:\/\/www.organisator.ch\/","name":"Organizer","description":"Competent. Practical. In 10 issues per year, ORGANISATOR presents the essential topics for managers of SMEs.","publisher":{"@id":"https:\/\/www.organisator.ch\/#organization"},"potentialAction":[{"@type":"SearchAction","target":{"@type":"EntryPoint","urlTemplate":"https:\/\/www.organisator.ch\/?s={search_term_string}"},"query-input":{"@type":"PropertyValueSpecification","valueRequired":true,"valueName":"search_term_string"}}],"inLanguage":"en-US"},{"@type":"Organization","@id":"https:\/\/www.organisator.ch\/#organization","name":"Organizer","url":"https:\/\/www.organisator.ch\/","logo":{"@type":"ImageObject","inLanguage":"en-US","@id":"https:\/\/www.organisator.ch\/#\/schema\/logo\/image\/","url":"https:\/\/www.organisator.ch\/wp-content\/uploads\/2022\/01\/Logo_Organisator_Website.png","contentUrl":"https:\/\/www.organisator.ch\/wp-content\/uploads\/2022\/01\/Logo_Organisator_Website.png","width":800,"height":77,"caption":"Organisator"},"image":{"@id":"https:\/\/www.organisator.ch\/#\/schema\/logo\/image\/"},"sameAs":["https:\/\/www.facebook.com\/OrganisatorFachmagazin","https:\/\/www.linkedin.com\/showcase\/organisator-das-magazin-fr-kmu","https:\/\/www.xing.com\/news\/pages\/organisator-ch-695","https:\/\/www.youtube.com\/channel\/UCGP2Sq0iWaZwT3BdIAQFYpw"]},{"@type":"Person","@id":"https:\/\/www.organisator.ch\/#\/schema\/person\/a800b8c54e208b160517a7dcc323161d","name":"roger.straessle","image":{"@type":"ImageObject","inLanguage":"en-US","@id":"https:\/\/secure.gravatar.com\/avatar\/?s=96&d=mm&r=g","url":"https:\/\/secure.gravatar.com\/avatar\/?s=96&d=mm&r=g","contentUrl":"https:\/\/secure.gravatar.com\/avatar\/?s=96&d=mm&r=g","caption":"roger.straessle"},"url":"https:\/\/www.organisator.ch\/en\/author\/roger-straessle\/"}]}},"_links":{"self":[{"href":"https:\/\/www.organisator.ch\/en\/wp-json\/wp\/v2\/posts\/3841","targetHints":{"allow":["GET"]}}],"collection":[{"href":"https:\/\/www.organisator.ch\/en\/wp-json\/wp\/v2\/posts"}],"about":[{"href":"https:\/\/www.organisator.ch\/en\/wp-json\/wp\/v2\/types\/post"}],"author":[{"embeddable":true,"href":"https:\/\/www.organisator.ch\/en\/wp-json\/wp\/v2\/users\/6"}],"replies":[{"embeddable":true,"href":"https:\/\/www.organisator.ch\/en\/wp-json\/wp\/v2\/comments?post=3841"}],"version-history":[{"count":1,"href":"https:\/\/www.organisator.ch\/en\/wp-json\/wp\/v2\/posts\/3841\/revisions"}],"predecessor-version":[{"id":10490,"href":"https:\/\/www.organisator.ch\/en\/wp-json\/wp\/v2\/posts\/3841\/revisions\/10490"}],"wp:featuredmedia":[{"embeddable":true,"href":"https:\/\/www.organisator.ch\/en\/wp-json\/wp\/v2\/media\/3842"}],"wp:attachment":[{"href":"https:\/\/www.organisator.ch\/en\/wp-json\/wp\/v2\/media?parent=3841"}],"wp:term":[{"taxonomy":"category","embeddable":true,"href":"https:\/\/www.organisator.ch\/en\/wp-json\/wp\/v2\/categories?post=3841"},{"taxonomy":"post_tag","embeddable":true,"href":"https:\/\/www.organisator.ch\/en\/wp-json\/wp\/v2\/tags?post=3841"}],"curies":[{"name":"wp","href":"https:\/\/api.w.org\/{rel}","templated":true}]}}