{"id":38500,"date":"2025-05-23T08:09:48","date_gmt":"2025-05-23T06:09:48","guid":{"rendered":"https:\/\/www.markt-kom.com\/?p=235091"},"modified":"2025-05-23T08:15:05","modified_gmt":"2025-05-23T06:15:05","slug":"ki-in-der-behoerdenkommunikation-ist-okay-aber-nicht-bedingungslos","status":"publish","type":"post","link":"https:\/\/www.organisator.ch\/en\/operational-excellence\/2025-05-23\/ki-in-der-behoerdenkommunikation-ist-okay-aber-nicht-bedingungslos\/","title":{"rendered":"AI in communication with authorities is okay - but not unconditional"},"content":{"rendered":"<figure id=\"attachment_235092\" class=\"wp-caption aligncenter\" style=\"width: 700px;\" aria-describedby=\"caption-attachment-235092\"><a href=\"https:\/\/www.markt-kom.com\/wp-content\/uploads\/2025\/05\/robots_phonlamaiphoto-istock.com-842678046.jpg\"><img class=\"size-full wp-image-235092\" src=\"https:\/\/www.markt-kom.com\/wp-content\/uploads\/2025\/05\/robots_phonlamaiphoto-istock.com-842678046.jpg\" sizes=\"(max-width: 700px) 100vw, 700px\" srcset=\"https:\/\/www.markt-kom.com\/wp-content\/uploads\/2025\/05\/robots_phonlamaiphoto-istock.com-842678046.jpg 700w, https:\/\/www.markt-kom.com\/wp-content\/uploads\/2025\/05\/robots_phonlamaiphoto-istock.com-842678046-600x338.jpg 600w, https:\/\/www.markt-kom.com\/wp-content\/uploads\/2025\/05\/robots_phonlamaiphoto-istock.com-842678046-18x10.jpg 18w, https:\/\/www.markt-kom.com\/wp-content\/uploads\/2025\/05\/robots_phonlamaiphoto-istock.com-842678046-311x175.jpg 311w, https:\/\/www.markt-kom.com\/wp-content\/uploads\/2025\/05\/robots_phonlamaiphoto-istock.com-842678046-622x350.jpg 622w\" alt=\"\" width=\"700\" height=\"394\" \/><\/a>\r\n<figcaption id=\"caption-attachment-235092\" class=\"wp-caption-text\">(Image: PhonlamaiPhoto \/ iStock.com)<\/figcaption>\r\n<\/figure>\r\n<p>People in Switzerland are increasingly okay with authorities using AI tools for communication. These are the findings of a study conducted by Gfs.bern on behalf of the Federal Chancellery. The research institute conducted surveys to find out how the Swiss population views the use of AI in communication with authorities. The study takes into account both the personal use of AI and views on the use of this technology in public administrations, as reported by the Federal Administration.<\/p>\r\n<p>According to the authors, the targeted use of AI for tasks such as translations, text simplification and summaries is widely accepted. When asked about their personal use of AI, 40 percent of the more than 1,000 people surveyed stated that they do not use ChatGPT and the like.<\/p>\r\n<p>When it comes to the use of AI in communication with public authorities, the assessment varies depending on the task. For example, 80 percent of respondents support the use of AI for translations. Only 44 percent, on the other hand, would approve of AI being used for the automated writing of responses to citizens. At the same time, it is important to many that AI results are always checked by experts.<\/p>\r\n<p>There are also regional differences in terms of trust in the authorities, according to the report. A total of 60 percent of all respondents stated that they trust the authorities. In French-speaking Switzerland, the figure is as high as 68 percent, but only 43 percent in Italian-speaking Switzerland. Younger people are significantly more likely to trust the authorities than older people - with a figure of 75 percent.<\/p>\r\n<h3><strong>Concerns of the population and strategy of the administration<\/strong><\/h3>\r\n<p>The study also shows that data protection, responsibility and transparency are central to the acceptance of AI in government communication. Accordingly, the majority of respondents demand that authorities continue to take responsibility for AI-based processes and that the results are reviewed by competent employees. Respondents also expressed concerns about dependence on international tech companies, according to the Federal Administration<\/p>\r\n<p>Since March 21, 2025, the Federal Administration has had its own strategy for the trustworthy and competence-based use of AI systems. The associated implementation plan is currently being developed by the Federal Chancellery in close coordination with the departments. The development of AI skills is only one part of this. <em>(Filip Sinjakovic\/rja)<\/em><\/p>\r\n<hr \/>\r\n<p><em><a href=\"https:\/\/www.netzwoche.ch\/news\/2025-05-21\/ki-in-der-behoerdenkommunikation-ist-okay-aber-nicht-bedingungslos\">This article first appeared in Netzwoche.<\/a><\/em><\/p>","protected":false},"excerpt":{"rendered":"<p>According to a study by gfs.bern, more and more people in Switzerland are accepting the use of AI in communication with public authorities - provided that data protection and human control are guaranteed. However, there are differences between language regions and age groups.<\/p>","protected":false},"author":8,"featured_media":0,"comment_status":"closed","ping_status":"closed","sticky":false,"template":"","format":"standard","meta":{"_acf_changed":false,"_yoast_wpseo_focuskw":"Beh\u00f6rdenkommunikation","_yoast_wpseo_metadesc":"Laut einer Studie von gfs.bern akzeptieren immer mehr Menschen in der Schweiz die Nutzung von KI in der Beh\u00f6rdenkommunikation.","articlekey":"","footnotes":""},"categories":[582],"tags":[5354,319,4343],"class_list":["post-38500","post","type-post","status-publish","format-standard","hentry","category-operational-excellence","tag-behoerdenkommunikation","tag-kuenstliche-intelligenz","tag-markom"],"acf":[],"yoast_head":"<!-- This site is optimized with the Yoast SEO plugin v27.5 - https:\/\/yoast.com\/product\/yoast-seo-wordpress\/ -->\n<title>KI in der Beh\u00f6rdenkommunikation ist okay \u2013 aber nicht bedingungslos - Organisator<\/title>\n<meta name=\"description\" content=\"Laut einer Studie von gfs.bern akzeptieren immer mehr Menschen in der Schweiz die Nutzung von KI in der Beh\u00f6rdenkommunikation.\" \/>\n<meta name=\"robots\" content=\"index, follow, max-snippet:-1, max-image-preview:large, max-video-preview:-1\" \/>\n<link rel=\"canonical\" href=\"https:\/\/www.organisator.ch\/en\/operational-excellence\/2025-05-23\/ki-in-der-behoerdenkommunikation-ist-okay-aber-nicht-bedingungslos\/\" \/>\n<meta property=\"og:locale\" content=\"en_US\" \/>\n<meta property=\"og:type\" content=\"article\" \/>\n<meta property=\"og:title\" content=\"KI in der Beh\u00f6rdenkommunikation ist okay \u2013 aber nicht bedingungslos - Organisator\" \/>\n<meta property=\"og:description\" content=\"Laut einer Studie von gfs.bern akzeptieren immer mehr Menschen in der Schweiz die Nutzung von KI in der Beh\u00f6rdenkommunikation.\" \/>\n<meta property=\"og:url\" content=\"https:\/\/www.organisator.ch\/en\/operational-excellence\/2025-05-23\/ki-in-der-behoerdenkommunikation-ist-okay-aber-nicht-bedingungslos\/\" \/>\n<meta property=\"og:site_name\" content=\"Organisator\" \/>\n<meta property=\"article:publisher\" content=\"https:\/\/www.facebook.com\/OrganisatorFachmagazin\" \/>\n<meta property=\"article:published_time\" content=\"2025-05-23T06:09:48+00:00\" \/>\n<meta property=\"article:modified_time\" content=\"2025-05-23T06:15:05+00:00\" \/>\n<meta name=\"author\" content=\"galledia\" \/>\n<meta name=\"twitter:card\" content=\"summary_large_image\" \/>\n<meta name=\"twitter:creator\" content=\"@admin\" \/>\n<script type=\"application\/ld+json\" class=\"yoast-schema-graph\">{\"@context\":\"https:\\\/\\\/schema.org\",\"@graph\":[{\"@type\":\"Article\",\"@id\":\"https:\\\/\\\/www.organisator.ch\\\/operational-excellence\\\/2025-05-23\\\/ki-in-der-behoerdenkommunikation-ist-okay-aber-nicht-bedingungslos\\\/#article\",\"isPartOf\":{\"@id\":\"https:\\\/\\\/www.organisator.ch\\\/operational-excellence\\\/2025-05-23\\\/ki-in-der-behoerdenkommunikation-ist-okay-aber-nicht-bedingungslos\\\/\"},\"author\":{\"name\":\"galledia\",\"@id\":\"https:\\\/\\\/www.organisator.ch\\\/#\\\/schema\\\/person\\\/4e51799071cd2dd1232ac003643ef5f0\"},\"headline\":\"KI in der Beh\u00f6rdenkommunikation ist okay \u2013 aber nicht bedingungslos\",\"datePublished\":\"2025-05-23T06:09:48+00:00\",\"dateModified\":\"2025-05-23T06:15:05+00:00\",\"mainEntityOfPage\":{\"@id\":\"https:\\\/\\\/www.organisator.ch\\\/operational-excellence\\\/2025-05-23\\\/ki-in-der-behoerdenkommunikation-ist-okay-aber-nicht-bedingungslos\\\/\"},\"wordCount\":387,\"publisher\":{\"@id\":\"https:\\\/\\\/www.organisator.ch\\\/#organization\"},\"image\":{\"@id\":\"https:\\\/\\\/www.organisator.ch\\\/operational-excellence\\\/2025-05-23\\\/ki-in-der-behoerdenkommunikation-ist-okay-aber-nicht-bedingungslos\\\/#primaryimage\"},\"thumbnailUrl\":\"https:\\\/\\\/www.markt-kom.com\\\/wp-content\\\/uploads\\\/2025\\\/05\\\/robots_phonlamaiphoto-istock.com-842678046.jpg\",\"keywords\":[\"Beh\u00f6rdenkommunikation\",\"K\u00fcnstliche Intelligenz\",\"MarKom\"],\"articleSection\":[\"OPERATIONAL EXCELLENCE\"],\"inLanguage\":\"en-US\"},{\"@type\":\"WebPage\",\"@id\":\"https:\\\/\\\/www.organisator.ch\\\/operational-excellence\\\/2025-05-23\\\/ki-in-der-behoerdenkommunikation-ist-okay-aber-nicht-bedingungslos\\\/\",\"url\":\"https:\\\/\\\/www.organisator.ch\\\/operational-excellence\\\/2025-05-23\\\/ki-in-der-behoerdenkommunikation-ist-okay-aber-nicht-bedingungslos\\\/\",\"name\":\"KI in der Beh\u00f6rdenkommunikation ist okay \u2013 aber nicht bedingungslos - Organisator\",\"isPartOf\":{\"@id\":\"https:\\\/\\\/www.organisator.ch\\\/#website\"},\"primaryImageOfPage\":{\"@id\":\"https:\\\/\\\/www.organisator.ch\\\/operational-excellence\\\/2025-05-23\\\/ki-in-der-behoerdenkommunikation-ist-okay-aber-nicht-bedingungslos\\\/#primaryimage\"},\"image\":{\"@id\":\"https:\\\/\\\/www.organisator.ch\\\/operational-excellence\\\/2025-05-23\\\/ki-in-der-behoerdenkommunikation-ist-okay-aber-nicht-bedingungslos\\\/#primaryimage\"},\"thumbnailUrl\":\"https:\\\/\\\/www.markt-kom.com\\\/wp-content\\\/uploads\\\/2025\\\/05\\\/robots_phonlamaiphoto-istock.com-842678046.jpg\",\"datePublished\":\"2025-05-23T06:09:48+00:00\",\"dateModified\":\"2025-05-23T06:15:05+00:00\",\"description\":\"Laut einer Studie von gfs.bern akzeptieren immer mehr Menschen in der Schweiz die Nutzung von KI in der Beh\u00f6rdenkommunikation.\",\"breadcrumb\":{\"@id\":\"https:\\\/\\\/www.organisator.ch\\\/operational-excellence\\\/2025-05-23\\\/ki-in-der-behoerdenkommunikation-ist-okay-aber-nicht-bedingungslos\\\/#breadcrumb\"},\"inLanguage\":\"en-US\",\"potentialAction\":[{\"@type\":\"ReadAction\",\"target\":[\"https:\\\/\\\/www.organisator.ch\\\/operational-excellence\\\/2025-05-23\\\/ki-in-der-behoerdenkommunikation-ist-okay-aber-nicht-bedingungslos\\\/\"]}]},{\"@type\":\"ImageObject\",\"inLanguage\":\"en-US\",\"@id\":\"https:\\\/\\\/www.organisator.ch\\\/operational-excellence\\\/2025-05-23\\\/ki-in-der-behoerdenkommunikation-ist-okay-aber-nicht-bedingungslos\\\/#primaryimage\",\"url\":\"https:\\\/\\\/www.markt-kom.com\\\/wp-content\\\/uploads\\\/2025\\\/05\\\/robots_phonlamaiphoto-istock.com-842678046.jpg\",\"contentUrl\":\"https:\\\/\\\/www.markt-kom.com\\\/wp-content\\\/uploads\\\/2025\\\/05\\\/robots_phonlamaiphoto-istock.com-842678046.jpg\"},{\"@type\":\"BreadcrumbList\",\"@id\":\"https:\\\/\\\/www.organisator.ch\\\/operational-excellence\\\/2025-05-23\\\/ki-in-der-behoerdenkommunikation-ist-okay-aber-nicht-bedingungslos\\\/#breadcrumb\",\"itemListElement\":[{\"@type\":\"ListItem\",\"position\":1,\"name\":\"Home\",\"item\":\"https:\\\/\\\/www.organisator.ch\\\/\"},{\"@type\":\"ListItem\",\"position\":2,\"name\":\"KI in der Beh\u00f6rdenkommunikation ist okay \u2013 aber nicht bedingungslos\"}]},{\"@type\":\"WebSite\",\"@id\":\"https:\\\/\\\/www.organisator.ch\\\/#website\",\"url\":\"https:\\\/\\\/www.organisator.ch\\\/\",\"name\":\"Organisator\",\"description\":\"Kompetent. Praxisnah. Der ORGANISATOR bereitet in 10 Ausgaben pro Jahr die wesentlichen Themen f\u00fcr F\u00fchrungskr\u00e4fte von KMU auf.\",\"publisher\":{\"@id\":\"https:\\\/\\\/www.organisator.ch\\\/#organization\"},\"potentialAction\":[{\"@type\":\"SearchAction\",\"target\":{\"@type\":\"EntryPoint\",\"urlTemplate\":\"https:\\\/\\\/www.organisator.ch\\\/?s={search_term_string}\"},\"query-input\":{\"@type\":\"PropertyValueSpecification\",\"valueRequired\":true,\"valueName\":\"search_term_string\"}}],\"inLanguage\":\"en-US\"},{\"@type\":\"Organization\",\"@id\":\"https:\\\/\\\/www.organisator.ch\\\/#organization\",\"name\":\"Organisator\",\"url\":\"https:\\\/\\\/www.organisator.ch\\\/\",\"logo\":{\"@type\":\"ImageObject\",\"inLanguage\":\"en-US\",\"@id\":\"https:\\\/\\\/www.organisator.ch\\\/#\\\/schema\\\/logo\\\/image\\\/\",\"url\":\"https:\\\/\\\/www.organisator.ch\\\/wp-content\\\/uploads\\\/2022\\\/01\\\/Logo_Organisator_Website.png\",\"contentUrl\":\"https:\\\/\\\/www.organisator.ch\\\/wp-content\\\/uploads\\\/2022\\\/01\\\/Logo_Organisator_Website.png\",\"width\":800,\"height\":77,\"caption\":\"Organisator\"},\"image\":{\"@id\":\"https:\\\/\\\/www.organisator.ch\\\/#\\\/schema\\\/logo\\\/image\\\/\"},\"sameAs\":[\"https:\\\/\\\/www.facebook.com\\\/OrganisatorFachmagazin\",\"https:\\\/\\\/www.linkedin.com\\\/showcase\\\/organisator-das-magazin-fr-kmu\",\"https:\\\/\\\/www.xing.com\\\/news\\\/pages\\\/organisator-ch-695\",\"https:\\\/\\\/www.youtube.com\\\/channel\\\/UCGP2Sq0iWaZwT3BdIAQFYpw\"]},{\"@type\":\"Person\",\"@id\":\"https:\\\/\\\/www.organisator.ch\\\/#\\\/schema\\\/person\\\/4e51799071cd2dd1232ac003643ef5f0\",\"name\":\"galledia\",\"image\":{\"@type\":\"ImageObject\",\"inLanguage\":\"en-US\",\"@id\":\"https:\\\/\\\/secure.gravatar.com\\\/avatar\\\/78a7f90c01fc2bfc875782a0d4922b37cde2cf184ce347b91316d23cd7f69a36?s=96&d=mm&r=g\",\"url\":\"https:\\\/\\\/secure.gravatar.com\\\/avatar\\\/78a7f90c01fc2bfc875782a0d4922b37cde2cf184ce347b91316d23cd7f69a36?s=96&d=mm&r=g\",\"contentUrl\":\"https:\\\/\\\/secure.gravatar.com\\\/avatar\\\/78a7f90c01fc2bfc875782a0d4922b37cde2cf184ce347b91316d23cd7f69a36?s=96&d=mm&r=g\",\"caption\":\"galledia\"},\"sameAs\":[\"https:\\\/\\\/x.com\\\/admin\"],\"url\":\"https:\\\/\\\/www.organisator.ch\\\/en\\\/author\\\/galledia\\\/\"}]}<\/script>\n<!-- \/ Yoast SEO plugin. -->","yoast_head_json":{"title":"AI in government communication is okay - but not unconditional - Organizer","description":"According to a study by gfs.bern, more and more people in Switzerland are accepting the use of AI in communication with the authorities.","robots":{"index":"index","follow":"follow","max-snippet":"max-snippet:-1","max-image-preview":"max-image-preview:large","max-video-preview":"max-video-preview:-1"},"canonical":"https:\/\/www.organisator.ch\/en\/operational-excellence\/2025-05-23\/ki-in-der-behoerdenkommunikation-ist-okay-aber-nicht-bedingungslos\/","og_locale":"en_US","og_type":"article","og_title":"KI in der Beh\u00f6rdenkommunikation ist okay \u2013 aber nicht bedingungslos - Organisator","og_description":"Laut einer Studie von gfs.bern akzeptieren immer mehr Menschen in der Schweiz die Nutzung von KI in der Beh\u00f6rdenkommunikation.","og_url":"https:\/\/www.organisator.ch\/en\/operational-excellence\/2025-05-23\/ki-in-der-behoerdenkommunikation-ist-okay-aber-nicht-bedingungslos\/","og_site_name":"Organisator","article_publisher":"https:\/\/www.facebook.com\/OrganisatorFachmagazin","article_published_time":"2025-05-23T06:09:48+00:00","article_modified_time":"2025-05-23T06:15:05+00:00","author":"galledia","twitter_card":"summary_large_image","twitter_creator":"@admin","schema":{"@context":"https:\/\/schema.org","@graph":[{"@type":"Article","@id":"https:\/\/www.organisator.ch\/operational-excellence\/2025-05-23\/ki-in-der-behoerdenkommunikation-ist-okay-aber-nicht-bedingungslos\/#article","isPartOf":{"@id":"https:\/\/www.organisator.ch\/operational-excellence\/2025-05-23\/ki-in-der-behoerdenkommunikation-ist-okay-aber-nicht-bedingungslos\/"},"author":{"name":"galledia","@id":"https:\/\/www.organisator.ch\/#\/schema\/person\/4e51799071cd2dd1232ac003643ef5f0"},"headline":"KI in der Beh\u00f6rdenkommunikation ist okay \u2013 aber nicht bedingungslos","datePublished":"2025-05-23T06:09:48+00:00","dateModified":"2025-05-23T06:15:05+00:00","mainEntityOfPage":{"@id":"https:\/\/www.organisator.ch\/operational-excellence\/2025-05-23\/ki-in-der-behoerdenkommunikation-ist-okay-aber-nicht-bedingungslos\/"},"wordCount":387,"publisher":{"@id":"https:\/\/www.organisator.ch\/#organization"},"image":{"@id":"https:\/\/www.organisator.ch\/operational-excellence\/2025-05-23\/ki-in-der-behoerdenkommunikation-ist-okay-aber-nicht-bedingungslos\/#primaryimage"},"thumbnailUrl":"https:\/\/www.markt-kom.com\/wp-content\/uploads\/2025\/05\/robots_phonlamaiphoto-istock.com-842678046.jpg","keywords":["Beh\u00f6rdenkommunikation","K\u00fcnstliche Intelligenz","MarKom"],"articleSection":["OPERATIONAL EXCELLENCE"],"inLanguage":"en-US"},{"@type":"WebPage","@id":"https:\/\/www.organisator.ch\/operational-excellence\/2025-05-23\/ki-in-der-behoerdenkommunikation-ist-okay-aber-nicht-bedingungslos\/","url":"https:\/\/www.organisator.ch\/operational-excellence\/2025-05-23\/ki-in-der-behoerdenkommunikation-ist-okay-aber-nicht-bedingungslos\/","name":"AI in government communication is okay - but not unconditional - Organizer","isPartOf":{"@id":"https:\/\/www.organisator.ch\/#website"},"primaryImageOfPage":{"@id":"https:\/\/www.organisator.ch\/operational-excellence\/2025-05-23\/ki-in-der-behoerdenkommunikation-ist-okay-aber-nicht-bedingungslos\/#primaryimage"},"image":{"@id":"https:\/\/www.organisator.ch\/operational-excellence\/2025-05-23\/ki-in-der-behoerdenkommunikation-ist-okay-aber-nicht-bedingungslos\/#primaryimage"},"thumbnailUrl":"https:\/\/www.markt-kom.com\/wp-content\/uploads\/2025\/05\/robots_phonlamaiphoto-istock.com-842678046.jpg","datePublished":"2025-05-23T06:09:48+00:00","dateModified":"2025-05-23T06:15:05+00:00","description":"According to a study by gfs.bern, more and more people in Switzerland are accepting the use of AI in communication with the authorities.","breadcrumb":{"@id":"https:\/\/www.organisator.ch\/operational-excellence\/2025-05-23\/ki-in-der-behoerdenkommunikation-ist-okay-aber-nicht-bedingungslos\/#breadcrumb"},"inLanguage":"en-US","potentialAction":[{"@type":"ReadAction","target":["https:\/\/www.organisator.ch\/operational-excellence\/2025-05-23\/ki-in-der-behoerdenkommunikation-ist-okay-aber-nicht-bedingungslos\/"]}]},{"@type":"ImageObject","inLanguage":"en-US","@id":"https:\/\/www.organisator.ch\/operational-excellence\/2025-05-23\/ki-in-der-behoerdenkommunikation-ist-okay-aber-nicht-bedingungslos\/#primaryimage","url":"https:\/\/www.markt-kom.com\/wp-content\/uploads\/2025\/05\/robots_phonlamaiphoto-istock.com-842678046.jpg","contentUrl":"https:\/\/www.markt-kom.com\/wp-content\/uploads\/2025\/05\/robots_phonlamaiphoto-istock.com-842678046.jpg"},{"@type":"BreadcrumbList","@id":"https:\/\/www.organisator.ch\/operational-excellence\/2025-05-23\/ki-in-der-behoerdenkommunikation-ist-okay-aber-nicht-bedingungslos\/#breadcrumb","itemListElement":[{"@type":"ListItem","position":1,"name":"Home","item":"https:\/\/www.organisator.ch\/"},{"@type":"ListItem","position":2,"name":"KI in der Beh\u00f6rdenkommunikation ist okay \u2013 aber nicht bedingungslos"}]},{"@type":"WebSite","@id":"https:\/\/www.organisator.ch\/#website","url":"https:\/\/www.organisator.ch\/","name":"Organizer","description":"Competent. Practical. In 10 issues per year, ORGANISATOR presents the essential topics for managers of SMEs.","publisher":{"@id":"https:\/\/www.organisator.ch\/#organization"},"potentialAction":[{"@type":"SearchAction","target":{"@type":"EntryPoint","urlTemplate":"https:\/\/www.organisator.ch\/?s={search_term_string}"},"query-input":{"@type":"PropertyValueSpecification","valueRequired":true,"valueName":"search_term_string"}}],"inLanguage":"en-US"},{"@type":"Organization","@id":"https:\/\/www.organisator.ch\/#organization","name":"Organizer","url":"https:\/\/www.organisator.ch\/","logo":{"@type":"ImageObject","inLanguage":"en-US","@id":"https:\/\/www.organisator.ch\/#\/schema\/logo\/image\/","url":"https:\/\/www.organisator.ch\/wp-content\/uploads\/2022\/01\/Logo_Organisator_Website.png","contentUrl":"https:\/\/www.organisator.ch\/wp-content\/uploads\/2022\/01\/Logo_Organisator_Website.png","width":800,"height":77,"caption":"Organisator"},"image":{"@id":"https:\/\/www.organisator.ch\/#\/schema\/logo\/image\/"},"sameAs":["https:\/\/www.facebook.com\/OrganisatorFachmagazin","https:\/\/www.linkedin.com\/showcase\/organisator-das-magazin-fr-kmu","https:\/\/www.xing.com\/news\/pages\/organisator-ch-695","https:\/\/www.youtube.com\/channel\/UCGP2Sq0iWaZwT3BdIAQFYpw"]},{"@type":"Person","@id":"https:\/\/www.organisator.ch\/#\/schema\/person\/4e51799071cd2dd1232ac003643ef5f0","name":"galledia","image":{"@type":"ImageObject","inLanguage":"en-US","@id":"https:\/\/secure.gravatar.com\/avatar\/78a7f90c01fc2bfc875782a0d4922b37cde2cf184ce347b91316d23cd7f69a36?s=96&d=mm&r=g","url":"https:\/\/secure.gravatar.com\/avatar\/78a7f90c01fc2bfc875782a0d4922b37cde2cf184ce347b91316d23cd7f69a36?s=96&d=mm&r=g","contentUrl":"https:\/\/secure.gravatar.com\/avatar\/78a7f90c01fc2bfc875782a0d4922b37cde2cf184ce347b91316d23cd7f69a36?s=96&d=mm&r=g","caption":"galledia"},"sameAs":["https:\/\/x.com\/admin"],"url":"https:\/\/www.organisator.ch\/en\/author\/galledia\/"}]}},"_links":{"self":[{"href":"https:\/\/www.organisator.ch\/en\/wp-json\/wp\/v2\/posts\/38500","targetHints":{"allow":["GET"]}}],"collection":[{"href":"https:\/\/www.organisator.ch\/en\/wp-json\/wp\/v2\/posts"}],"about":[{"href":"https:\/\/www.organisator.ch\/en\/wp-json\/wp\/v2\/types\/post"}],"author":[{"embeddable":true,"href":"https:\/\/www.organisator.ch\/en\/wp-json\/wp\/v2\/users\/8"}],"replies":[{"embeddable":true,"href":"https:\/\/www.organisator.ch\/en\/wp-json\/wp\/v2\/comments?post=38500"}],"version-history":[{"count":4,"href":"https:\/\/www.organisator.ch\/en\/wp-json\/wp\/v2\/posts\/38500\/revisions"}],"predecessor-version":[{"id":38553,"href":"https:\/\/www.organisator.ch\/en\/wp-json\/wp\/v2\/posts\/38500\/revisions\/38553"}],"wp:attachment":[{"href":"https:\/\/www.organisator.ch\/en\/wp-json\/wp\/v2\/media?parent=38500"}],"wp:term":[{"taxonomy":"category","embeddable":true,"href":"https:\/\/www.organisator.ch\/en\/wp-json\/wp\/v2\/categories?post=38500"},{"taxonomy":"post_tag","embeddable":true,"href":"https:\/\/www.organisator.ch\/en\/wp-json\/wp\/v2\/tags?post=38500"}],"curies":[{"name":"wp","href":"https:\/\/api.w.org\/{rel}","templated":true}]}}