{"id":38502,"date":"2025-05-21T12:41:02","date_gmt":"2025-05-21T10:41:02","guid":{"rendered":"https:\/\/www.markt-kom.com\/?p=235087"},"modified":"2025-05-21T14:07:20","modified_gmt":"2025-05-21T12:07:20","slug":"100-jahr-feierlichkeiten-migros-startet-merci-tage-mit-aktionen-in-allen-filialen","status":"publish","type":"post","link":"https:\/\/www.organisator.ch\/en\/marketing\/2025-05-21\/100-jahr-feierlichkeiten-migros-startet-merci-tage-mit-aktionen-in-allen-filialen\/","title":{"rendered":"100th anniversary celebrations: Migros launches \"Merci Days\" with promotions in all stores"},"content":{"rendered":"<p><a href=\"https:\/\/www.markt-kom.com\/wp-content\/uploads\/2025\/05\/merci-100-jahre-migros.jpg\"><img class=\"aligncenter size-full wp-image-235088\" src=\"https:\/\/www.markt-kom.com\/wp-content\/uploads\/2025\/05\/merci-100-jahre-migros.jpg\" sizes=\"(max-width: 1200px) 100vw, 1200px\" srcset=\"https:\/\/www.markt-kom.com\/wp-content\/uploads\/2025\/05\/merci-100-jahre-migros.jpg 1200w, https:\/\/www.markt-kom.com\/wp-content\/uploads\/2025\/05\/merci-100-jahre-migros-600x320.jpg 600w, https:\/\/www.markt-kom.com\/wp-content\/uploads\/2025\/05\/merci-100-jahre-migros-1024x546.jpg 1024w, https:\/\/www.markt-kom.com\/wp-content\/uploads\/2025\/05\/merci-100-jahre-migros-768x410.jpg 768w, https:\/\/www.markt-kom.com\/wp-content\/uploads\/2025\/05\/merci-100-jahre-migros-18x10.jpg 18w, https:\/\/www.markt-kom.com\/wp-content\/uploads\/2025\/05\/merci-100-jahre-migros-328x175.jpg 328w, https:\/\/www.markt-kom.com\/wp-content\/uploads\/2025\/05\/merci-100-jahre-migros-656x350.jpg 656w, https:\/\/www.markt-kom.com\/wp-content\/uploads\/2025\/05\/merci-100-jahre-migros-1000x533.jpg 1000w\" alt=\"\" width=\"1200\" height=\"640\" \/><\/a><\/p>\r\n<p>As part of the wide range of measures, Migros is planning a nationwide campaign with direct customer contact this coming weekend. Employees will welcome customers with drinks such as the new non-alcoholic \"non-sparkling wine\", Migros Ice Tea or coffee from the Coffee-B system. A newly created apricot tartlet will be handed out at the checkout and children will receive craft materials - while stocks last. In addition, selfie walls in 80 larger locations and musical performances will create a special atmosphere.<\/p>\r\n<p>The campaign is intended as a gesture of appreciation in the anniversary year. According to Migros, it is intended to emphasize the proximity to customers and show that even small gestures can have a big impact.<\/p>\r\n<hr \/>\r\n<p><em>Wirz's anniversary campaign for Migros went live at the beginning of the year. More <a href=\"https:\/\/www.markt-kom.com\/de\/kreativity\/kampagnen\/zum-hundertjaehrigen-wirz-und-migros-feiern-eine-jahrtausend-idee\/\" rel=\"noopener\">here<\/a>.<\/em><\/p>","protected":false},"excerpt":{"rendered":"<p>To mark its 100th anniversary, Migros is thanking its customers with \"special campaigns\" on Friday and Saturday. These \"Merci Days\" will focus on personal encounters and small gifts in all 642 stores.<\/p>","protected":false},"author":8,"featured_media":0,"comment_status":"closed","ping_status":"closed","sticky":false,"template":"","format":"standard","meta":{"_acf_changed":false,"_yoast_wpseo_focuskw":"Merci-Tage","_yoast_wpseo_metadesc":"Zum 100-Jahr-Jubil\u00e4um bedankt sich die Migros am Freitag und Samstag mit \u00abbesonderen Aktionen\u00bb bei ihrer Kundschaft: \u00abMerci-Tage\u00bb.","articlekey":"","footnotes":""},"categories":[29],"tags":[3357,4343,1708],"class_list":["post-38502","post","type-post","status-publish","format-standard","hentry","category-marketing","tag-live-kommunikation","tag-markom","tag-migros"],"acf":[],"yoast_head":"<!-- This site is optimized with the Yoast SEO plugin v27.5 - https:\/\/yoast.com\/product\/yoast-seo-wordpress\/ -->\n<title>100-Jahr-Feierlichkeiten: Migros startet \u00abMerci-Tage\u00bb mit Aktionen in allen Filialen - Organisator<\/title>\n<meta name=\"description\" content=\"Zum 100-Jahr-Jubil\u00e4um bedankt sich die Migros am Freitag und Samstag mit \u00abbesonderen Aktionen\u00bb bei ihrer Kundschaft: \u00abMerci-Tage\u00bb.\" \/>\n<meta name=\"robots\" content=\"index, follow, max-snippet:-1, max-image-preview:large, max-video-preview:-1\" \/>\n<link rel=\"canonical\" href=\"https:\/\/www.organisator.ch\/en\/marketing\/2025-05-21\/100-jahr-feierlichkeiten-migros-startet-merci-tage-mit-aktionen-in-allen-filialen\/\" \/>\n<meta property=\"og:locale\" content=\"en_US\" \/>\n<meta property=\"og:type\" content=\"article\" \/>\n<meta property=\"og:title\" content=\"100-Jahr-Feierlichkeiten: Migros startet \u00abMerci-Tage\u00bb mit Aktionen in allen Filialen - Organisator\" \/>\n<meta property=\"og:description\" content=\"Zum 100-Jahr-Jubil\u00e4um bedankt sich die Migros am Freitag und Samstag mit \u00abbesonderen Aktionen\u00bb bei ihrer Kundschaft: \u00abMerci-Tage\u00bb.\" \/>\n<meta property=\"og:url\" content=\"https:\/\/www.organisator.ch\/en\/marketing\/2025-05-21\/100-jahr-feierlichkeiten-migros-startet-merci-tage-mit-aktionen-in-allen-filialen\/\" \/>\n<meta property=\"og:site_name\" content=\"Organisator\" \/>\n<meta property=\"article:publisher\" content=\"https:\/\/www.facebook.com\/OrganisatorFachmagazin\" \/>\n<meta property=\"article:published_time\" content=\"2025-05-21T10:41:02+00:00\" \/>\n<meta property=\"article:modified_time\" content=\"2025-05-21T12:07:20+00:00\" \/>\n<meta name=\"author\" content=\"galledia\" \/>\n<meta name=\"twitter:card\" content=\"summary_large_image\" \/>\n<meta name=\"twitter:creator\" content=\"@admin\" \/>\n<script type=\"application\/ld+json\" class=\"yoast-schema-graph\">{\"@context\":\"https:\\\/\\\/schema.org\",\"@graph\":[{\"@type\":\"Article\",\"@id\":\"https:\\\/\\\/www.organisator.ch\\\/marketing\\\/2025-05-21\\\/100-jahr-feierlichkeiten-migros-startet-merci-tage-mit-aktionen-in-allen-filialen\\\/#article\",\"isPartOf\":{\"@id\":\"https:\\\/\\\/www.organisator.ch\\\/marketing\\\/2025-05-21\\\/100-jahr-feierlichkeiten-migros-startet-merci-tage-mit-aktionen-in-allen-filialen\\\/\"},\"author\":{\"name\":\"galledia\",\"@id\":\"https:\\\/\\\/www.organisator.ch\\\/#\\\/schema\\\/person\\\/4e51799071cd2dd1232ac003643ef5f0\"},\"headline\":\"100-Jahr-Feierlichkeiten: Migros startet \u00abMerci-Tage\u00bb mit Aktionen in allen Filialen\",\"datePublished\":\"2025-05-21T10:41:02+00:00\",\"dateModified\":\"2025-05-21T12:07:20+00:00\",\"mainEntityOfPage\":{\"@id\":\"https:\\\/\\\/www.organisator.ch\\\/marketing\\\/2025-05-21\\\/100-jahr-feierlichkeiten-migros-startet-merci-tage-mit-aktionen-in-allen-filialen\\\/\"},\"wordCount\":130,\"publisher\":{\"@id\":\"https:\\\/\\\/www.organisator.ch\\\/#organization\"},\"image\":{\"@id\":\"https:\\\/\\\/www.organisator.ch\\\/marketing\\\/2025-05-21\\\/100-jahr-feierlichkeiten-migros-startet-merci-tage-mit-aktionen-in-allen-filialen\\\/#primaryimage\"},\"thumbnailUrl\":\"https:\\\/\\\/www.markt-kom.com\\\/wp-content\\\/uploads\\\/2025\\\/05\\\/merci-100-jahre-migros.jpg\",\"keywords\":[\"Live-Kommunikation\",\"MarKom\",\"Migros\"],\"articleSection\":[\"MARKETING\"],\"inLanguage\":\"en-US\"},{\"@type\":\"WebPage\",\"@id\":\"https:\\\/\\\/www.organisator.ch\\\/marketing\\\/2025-05-21\\\/100-jahr-feierlichkeiten-migros-startet-merci-tage-mit-aktionen-in-allen-filialen\\\/\",\"url\":\"https:\\\/\\\/www.organisator.ch\\\/marketing\\\/2025-05-21\\\/100-jahr-feierlichkeiten-migros-startet-merci-tage-mit-aktionen-in-allen-filialen\\\/\",\"name\":\"100-Jahr-Feierlichkeiten: Migros startet \u00abMerci-Tage\u00bb mit Aktionen in allen Filialen - Organisator\",\"isPartOf\":{\"@id\":\"https:\\\/\\\/www.organisator.ch\\\/#website\"},\"primaryImageOfPage\":{\"@id\":\"https:\\\/\\\/www.organisator.ch\\\/marketing\\\/2025-05-21\\\/100-jahr-feierlichkeiten-migros-startet-merci-tage-mit-aktionen-in-allen-filialen\\\/#primaryimage\"},\"image\":{\"@id\":\"https:\\\/\\\/www.organisator.ch\\\/marketing\\\/2025-05-21\\\/100-jahr-feierlichkeiten-migros-startet-merci-tage-mit-aktionen-in-allen-filialen\\\/#primaryimage\"},\"thumbnailUrl\":\"https:\\\/\\\/www.markt-kom.com\\\/wp-content\\\/uploads\\\/2025\\\/05\\\/merci-100-jahre-migros.jpg\",\"datePublished\":\"2025-05-21T10:41:02+00:00\",\"dateModified\":\"2025-05-21T12:07:20+00:00\",\"description\":\"Zum 100-Jahr-Jubil\u00e4um bedankt sich die Migros am Freitag und Samstag mit \u00abbesonderen Aktionen\u00bb bei ihrer Kundschaft: \u00abMerci-Tage\u00bb.\",\"breadcrumb\":{\"@id\":\"https:\\\/\\\/www.organisator.ch\\\/marketing\\\/2025-05-21\\\/100-jahr-feierlichkeiten-migros-startet-merci-tage-mit-aktionen-in-allen-filialen\\\/#breadcrumb\"},\"inLanguage\":\"en-US\",\"potentialAction\":[{\"@type\":\"ReadAction\",\"target\":[\"https:\\\/\\\/www.organisator.ch\\\/marketing\\\/2025-05-21\\\/100-jahr-feierlichkeiten-migros-startet-merci-tage-mit-aktionen-in-allen-filialen\\\/\"]}]},{\"@type\":\"ImageObject\",\"inLanguage\":\"en-US\",\"@id\":\"https:\\\/\\\/www.organisator.ch\\\/marketing\\\/2025-05-21\\\/100-jahr-feierlichkeiten-migros-startet-merci-tage-mit-aktionen-in-allen-filialen\\\/#primaryimage\",\"url\":\"https:\\\/\\\/www.markt-kom.com\\\/wp-content\\\/uploads\\\/2025\\\/05\\\/merci-100-jahre-migros.jpg\",\"contentUrl\":\"https:\\\/\\\/www.markt-kom.com\\\/wp-content\\\/uploads\\\/2025\\\/05\\\/merci-100-jahre-migros.jpg\"},{\"@type\":\"BreadcrumbList\",\"@id\":\"https:\\\/\\\/www.organisator.ch\\\/marketing\\\/2025-05-21\\\/100-jahr-feierlichkeiten-migros-startet-merci-tage-mit-aktionen-in-allen-filialen\\\/#breadcrumb\",\"itemListElement\":[{\"@type\":\"ListItem\",\"position\":1,\"name\":\"Home\",\"item\":\"https:\\\/\\\/www.organisator.ch\\\/\"},{\"@type\":\"ListItem\",\"position\":2,\"name\":\"100-Jahr-Feierlichkeiten: Migros startet \u00abMerci-Tage\u00bb mit Aktionen in allen Filialen\"}]},{\"@type\":\"WebSite\",\"@id\":\"https:\\\/\\\/www.organisator.ch\\\/#website\",\"url\":\"https:\\\/\\\/www.organisator.ch\\\/\",\"name\":\"Organisator\",\"description\":\"Kompetent. Praxisnah. Der ORGANISATOR bereitet in 10 Ausgaben pro Jahr die wesentlichen Themen f\u00fcr F\u00fchrungskr\u00e4fte von KMU auf.\",\"publisher\":{\"@id\":\"https:\\\/\\\/www.organisator.ch\\\/#organization\"},\"potentialAction\":[{\"@type\":\"SearchAction\",\"target\":{\"@type\":\"EntryPoint\",\"urlTemplate\":\"https:\\\/\\\/www.organisator.ch\\\/?s={search_term_string}\"},\"query-input\":{\"@type\":\"PropertyValueSpecification\",\"valueRequired\":true,\"valueName\":\"search_term_string\"}}],\"inLanguage\":\"en-US\"},{\"@type\":\"Organization\",\"@id\":\"https:\\\/\\\/www.organisator.ch\\\/#organization\",\"name\":\"Organisator\",\"url\":\"https:\\\/\\\/www.organisator.ch\\\/\",\"logo\":{\"@type\":\"ImageObject\",\"inLanguage\":\"en-US\",\"@id\":\"https:\\\/\\\/www.organisator.ch\\\/#\\\/schema\\\/logo\\\/image\\\/\",\"url\":\"https:\\\/\\\/www.organisator.ch\\\/wp-content\\\/uploads\\\/2022\\\/01\\\/Logo_Organisator_Website.png\",\"contentUrl\":\"https:\\\/\\\/www.organisator.ch\\\/wp-content\\\/uploads\\\/2022\\\/01\\\/Logo_Organisator_Website.png\",\"width\":800,\"height\":77,\"caption\":\"Organisator\"},\"image\":{\"@id\":\"https:\\\/\\\/www.organisator.ch\\\/#\\\/schema\\\/logo\\\/image\\\/\"},\"sameAs\":[\"https:\\\/\\\/www.facebook.com\\\/OrganisatorFachmagazin\",\"https:\\\/\\\/www.linkedin.com\\\/showcase\\\/organisator-das-magazin-fr-kmu\",\"https:\\\/\\\/www.xing.com\\\/news\\\/pages\\\/organisator-ch-695\",\"https:\\\/\\\/www.youtube.com\\\/channel\\\/UCGP2Sq0iWaZwT3BdIAQFYpw\"]},{\"@type\":\"Person\",\"@id\":\"https:\\\/\\\/www.organisator.ch\\\/#\\\/schema\\\/person\\\/4e51799071cd2dd1232ac003643ef5f0\",\"name\":\"galledia\",\"image\":{\"@type\":\"ImageObject\",\"inLanguage\":\"en-US\",\"@id\":\"https:\\\/\\\/secure.gravatar.com\\\/avatar\\\/78a7f90c01fc2bfc875782a0d4922b37cde2cf184ce347b91316d23cd7f69a36?s=96&d=mm&r=g\",\"url\":\"https:\\\/\\\/secure.gravatar.com\\\/avatar\\\/78a7f90c01fc2bfc875782a0d4922b37cde2cf184ce347b91316d23cd7f69a36?s=96&d=mm&r=g\",\"contentUrl\":\"https:\\\/\\\/secure.gravatar.com\\\/avatar\\\/78a7f90c01fc2bfc875782a0d4922b37cde2cf184ce347b91316d23cd7f69a36?s=96&d=mm&r=g\",\"caption\":\"galledia\"},\"sameAs\":[\"https:\\\/\\\/x.com\\\/admin\"],\"url\":\"https:\\\/\\\/www.organisator.ch\\\/en\\\/author\\\/galledia\\\/\"}]}<\/script>\n<!-- \/ Yoast SEO plugin. -->","yoast_head_json":{"title":"100th anniversary celebrations: Migros launches \"Merci Days\" with promotions in all stores - Organizer","description":"To mark its 100th anniversary, Migros is thanking its customers with \"special promotions\" on Friday and Saturday: \"Merci Days\".","robots":{"index":"index","follow":"follow","max-snippet":"max-snippet:-1","max-image-preview":"max-image-preview:large","max-video-preview":"max-video-preview:-1"},"canonical":"https:\/\/www.organisator.ch\/en\/marketing\/2025-05-21\/100-jahr-feierlichkeiten-migros-startet-merci-tage-mit-aktionen-in-allen-filialen\/","og_locale":"en_US","og_type":"article","og_title":"100-Jahr-Feierlichkeiten: Migros startet \u00abMerci-Tage\u00bb mit Aktionen in allen Filialen - Organisator","og_description":"Zum 100-Jahr-Jubil\u00e4um bedankt sich die Migros am Freitag und Samstag mit \u00abbesonderen Aktionen\u00bb bei ihrer Kundschaft: \u00abMerci-Tage\u00bb.","og_url":"https:\/\/www.organisator.ch\/en\/marketing\/2025-05-21\/100-jahr-feierlichkeiten-migros-startet-merci-tage-mit-aktionen-in-allen-filialen\/","og_site_name":"Organisator","article_publisher":"https:\/\/www.facebook.com\/OrganisatorFachmagazin","article_published_time":"2025-05-21T10:41:02+00:00","article_modified_time":"2025-05-21T12:07:20+00:00","author":"galledia","twitter_card":"summary_large_image","twitter_creator":"@admin","schema":{"@context":"https:\/\/schema.org","@graph":[{"@type":"Article","@id":"https:\/\/www.organisator.ch\/marketing\/2025-05-21\/100-jahr-feierlichkeiten-migros-startet-merci-tage-mit-aktionen-in-allen-filialen\/#article","isPartOf":{"@id":"https:\/\/www.organisator.ch\/marketing\/2025-05-21\/100-jahr-feierlichkeiten-migros-startet-merci-tage-mit-aktionen-in-allen-filialen\/"},"author":{"name":"galledia","@id":"https:\/\/www.organisator.ch\/#\/schema\/person\/4e51799071cd2dd1232ac003643ef5f0"},"headline":"100-Jahr-Feierlichkeiten: Migros startet \u00abMerci-Tage\u00bb mit Aktionen in allen Filialen","datePublished":"2025-05-21T10:41:02+00:00","dateModified":"2025-05-21T12:07:20+00:00","mainEntityOfPage":{"@id":"https:\/\/www.organisator.ch\/marketing\/2025-05-21\/100-jahr-feierlichkeiten-migros-startet-merci-tage-mit-aktionen-in-allen-filialen\/"},"wordCount":130,"publisher":{"@id":"https:\/\/www.organisator.ch\/#organization"},"image":{"@id":"https:\/\/www.organisator.ch\/marketing\/2025-05-21\/100-jahr-feierlichkeiten-migros-startet-merci-tage-mit-aktionen-in-allen-filialen\/#primaryimage"},"thumbnailUrl":"https:\/\/www.markt-kom.com\/wp-content\/uploads\/2025\/05\/merci-100-jahre-migros.jpg","keywords":["Live-Kommunikation","MarKom","Migros"],"articleSection":["MARKETING"],"inLanguage":"en-US"},{"@type":"WebPage","@id":"https:\/\/www.organisator.ch\/marketing\/2025-05-21\/100-jahr-feierlichkeiten-migros-startet-merci-tage-mit-aktionen-in-allen-filialen\/","url":"https:\/\/www.organisator.ch\/marketing\/2025-05-21\/100-jahr-feierlichkeiten-migros-startet-merci-tage-mit-aktionen-in-allen-filialen\/","name":"100th anniversary celebrations: Migros launches \"Merci Days\" with promotions in all stores - Organizer","isPartOf":{"@id":"https:\/\/www.organisator.ch\/#website"},"primaryImageOfPage":{"@id":"https:\/\/www.organisator.ch\/marketing\/2025-05-21\/100-jahr-feierlichkeiten-migros-startet-merci-tage-mit-aktionen-in-allen-filialen\/#primaryimage"},"image":{"@id":"https:\/\/www.organisator.ch\/marketing\/2025-05-21\/100-jahr-feierlichkeiten-migros-startet-merci-tage-mit-aktionen-in-allen-filialen\/#primaryimage"},"thumbnailUrl":"https:\/\/www.markt-kom.com\/wp-content\/uploads\/2025\/05\/merci-100-jahre-migros.jpg","datePublished":"2025-05-21T10:41:02+00:00","dateModified":"2025-05-21T12:07:20+00:00","description":"To mark its 100th anniversary, Migros is thanking its customers with \"special promotions\" on Friday and Saturday: \"Merci Days\".","breadcrumb":{"@id":"https:\/\/www.organisator.ch\/marketing\/2025-05-21\/100-jahr-feierlichkeiten-migros-startet-merci-tage-mit-aktionen-in-allen-filialen\/#breadcrumb"},"inLanguage":"en-US","potentialAction":[{"@type":"ReadAction","target":["https:\/\/www.organisator.ch\/marketing\/2025-05-21\/100-jahr-feierlichkeiten-migros-startet-merci-tage-mit-aktionen-in-allen-filialen\/"]}]},{"@type":"ImageObject","inLanguage":"en-US","@id":"https:\/\/www.organisator.ch\/marketing\/2025-05-21\/100-jahr-feierlichkeiten-migros-startet-merci-tage-mit-aktionen-in-allen-filialen\/#primaryimage","url":"https:\/\/www.markt-kom.com\/wp-content\/uploads\/2025\/05\/merci-100-jahre-migros.jpg","contentUrl":"https:\/\/www.markt-kom.com\/wp-content\/uploads\/2025\/05\/merci-100-jahre-migros.jpg"},{"@type":"BreadcrumbList","@id":"https:\/\/www.organisator.ch\/marketing\/2025-05-21\/100-jahr-feierlichkeiten-migros-startet-merci-tage-mit-aktionen-in-allen-filialen\/#breadcrumb","itemListElement":[{"@type":"ListItem","position":1,"name":"Home","item":"https:\/\/www.organisator.ch\/"},{"@type":"ListItem","position":2,"name":"100-Jahr-Feierlichkeiten: Migros startet \u00abMerci-Tage\u00bb mit Aktionen in allen Filialen"}]},{"@type":"WebSite","@id":"https:\/\/www.organisator.ch\/#website","url":"https:\/\/www.organisator.ch\/","name":"Organizer","description":"Competent. Practical. In 10 issues per year, ORGANISATOR presents the essential topics for managers of SMEs.","publisher":{"@id":"https:\/\/www.organisator.ch\/#organization"},"potentialAction":[{"@type":"SearchAction","target":{"@type":"EntryPoint","urlTemplate":"https:\/\/www.organisator.ch\/?s={search_term_string}"},"query-input":{"@type":"PropertyValueSpecification","valueRequired":true,"valueName":"search_term_string"}}],"inLanguage":"en-US"},{"@type":"Organization","@id":"https:\/\/www.organisator.ch\/#organization","name":"Organizer","url":"https:\/\/www.organisator.ch\/","logo":{"@type":"ImageObject","inLanguage":"en-US","@id":"https:\/\/www.organisator.ch\/#\/schema\/logo\/image\/","url":"https:\/\/www.organisator.ch\/wp-content\/uploads\/2022\/01\/Logo_Organisator_Website.png","contentUrl":"https:\/\/www.organisator.ch\/wp-content\/uploads\/2022\/01\/Logo_Organisator_Website.png","width":800,"height":77,"caption":"Organisator"},"image":{"@id":"https:\/\/www.organisator.ch\/#\/schema\/logo\/image\/"},"sameAs":["https:\/\/www.facebook.com\/OrganisatorFachmagazin","https:\/\/www.linkedin.com\/showcase\/organisator-das-magazin-fr-kmu","https:\/\/www.xing.com\/news\/pages\/organisator-ch-695","https:\/\/www.youtube.com\/channel\/UCGP2Sq0iWaZwT3BdIAQFYpw"]},{"@type":"Person","@id":"https:\/\/www.organisator.ch\/#\/schema\/person\/4e51799071cd2dd1232ac003643ef5f0","name":"galledia","image":{"@type":"ImageObject","inLanguage":"en-US","@id":"https:\/\/secure.gravatar.com\/avatar\/78a7f90c01fc2bfc875782a0d4922b37cde2cf184ce347b91316d23cd7f69a36?s=96&d=mm&r=g","url":"https:\/\/secure.gravatar.com\/avatar\/78a7f90c01fc2bfc875782a0d4922b37cde2cf184ce347b91316d23cd7f69a36?s=96&d=mm&r=g","contentUrl":"https:\/\/secure.gravatar.com\/avatar\/78a7f90c01fc2bfc875782a0d4922b37cde2cf184ce347b91316d23cd7f69a36?s=96&d=mm&r=g","caption":"galledia"},"sameAs":["https:\/\/x.com\/admin"],"url":"https:\/\/www.organisator.ch\/en\/author\/galledia\/"}]}},"_links":{"self":[{"href":"https:\/\/www.organisator.ch\/en\/wp-json\/wp\/v2\/posts\/38502","targetHints":{"allow":["GET"]}}],"collection":[{"href":"https:\/\/www.organisator.ch\/en\/wp-json\/wp\/v2\/posts"}],"about":[{"href":"https:\/\/www.organisator.ch\/en\/wp-json\/wp\/v2\/types\/post"}],"author":[{"embeddable":true,"href":"https:\/\/www.organisator.ch\/en\/wp-json\/wp\/v2\/users\/8"}],"replies":[{"embeddable":true,"href":"https:\/\/www.organisator.ch\/en\/wp-json\/wp\/v2\/comments?post=38502"}],"version-history":[{"count":3,"href":"https:\/\/www.organisator.ch\/en\/wp-json\/wp\/v2\/posts\/38502\/revisions"}],"predecessor-version":[{"id":38507,"href":"https:\/\/www.organisator.ch\/en\/wp-json\/wp\/v2\/posts\/38502\/revisions\/38507"}],"wp:attachment":[{"href":"https:\/\/www.organisator.ch\/en\/wp-json\/wp\/v2\/media?parent=38502"}],"wp:term":[{"taxonomy":"category","embeddable":true,"href":"https:\/\/www.organisator.ch\/en\/wp-json\/wp\/v2\/categories?post=38502"},{"taxonomy":"post_tag","embeddable":true,"href":"https:\/\/www.organisator.ch\/en\/wp-json\/wp\/v2\/tags?post=38502"}],"curies":[{"name":"wp","href":"https:\/\/api.w.org\/{rel}","templated":true}]}}