{"id":38525,"date":"2025-05-22T13:57:13","date_gmt":"2025-05-22T11:57:13","guid":{"rendered":"https:\/\/www.markt-kom.com\/?p=234911"},"modified":"2025-05-22T11:14:20","modified_gmt":"2025-05-22T09:14:20","slug":"cmo-of-the-year-2025-jury-insights-zur-wahl-der-finalisteninnen","status":"publish","type":"post","link":"https:\/\/www.organisator.ch\/en\/marketing\/2025-05-22\/cmo-of-the-year-2025-jury-insights-zur-wahl-der-finalisteninnen\/","title":{"rendered":"\"CMO of the Year 2025\": Jury Insights on the selection of the finalists"},"content":{"rendered":"<p><iframe title=\"&quot;CMO of the Year 2025&quot;: Jury Insights on the selection of the finalists\" src=\"https:\/\/www.youtube.com\/embed\/NChiHT3EmsM?feature=oembed\" width=\"768\" height=\"432\" frameborder=\"0\" allowfullscreen=\"allowfullscreen\"><\/iframe><\/p>\r\n<p>The title <a href=\"https:\/\/www.cmo-of-the-year.com\/de\/cmo-of-the-year-ch.html\">\"CMO of the Year\"<\/a> deliberately focuses not on companies or brands - but on people. The prize is awarded to a personality who is behind a successful brand and who visibly shapes marketing in Switzerland. The award underlines the strategic importance of the CMO role in the Swiss economy and recognizes those who build and develop brands and navigate through challenging market phases. At the same time, the award sets an example for the entire industry - and for its young talent.<\/p>\r\n<h3><strong>Structured selection process with depth<\/strong><\/h3>\r\n<p>The selection follows a structured procedure: Potential candidates are nominated by the jury. The Institute for Marketing &amp; Customer Insight at the University of St. Gallen, headed by Prof. Dr. Sven Reinecke, then analyzes the proposals and compiles a longlist including dossiers. This results in a shortlist of personalities - the result of in-depth discussions within the jury panel. The winner is chosen at the final jury meeting.<\/p>\r\n<figure id=\"attachment_235115\" class=\"wp-caption alignnone\" style=\"width: 1024px;\" aria-describedby=\"caption-attachment-235115\"><a href=\"https:\/\/www.markt-kom.com\/wp-content\/uploads\/2025\/05\/Die-Jury-bei-der-Arbeit.png\"><img class=\"size-full wp-image-235115\" src=\"https:\/\/www.markt-kom.com\/wp-content\/uploads\/2025\/05\/Die-Jury-bei-der-Arbeit.png\" sizes=\"(max-width: 1024px) 100vw, 1024px\" srcset=\"https:\/\/www.markt-kom.com\/wp-content\/uploads\/2025\/05\/Die-Jury-bei-der-Arbeit.png 1024w, https:\/\/www.markt-kom.com\/wp-content\/uploads\/2025\/05\/Die-Jury-bei-der-Arbeit-600x450.png 600w, https:\/\/www.markt-kom.com\/wp-content\/uploads\/2025\/05\/Die-Jury-bei-der-Arbeit-768x576.png 768w, https:\/\/www.markt-kom.com\/wp-content\/uploads\/2025\/05\/Die-Jury-bei-der-Arbeit-16x12.png 16w, https:\/\/www.markt-kom.com\/wp-content\/uploads\/2025\/05\/Die-Jury-bei-der-Arbeit-233x175.png 233w, https:\/\/www.markt-kom.com\/wp-content\/uploads\/2025\/05\/Die-Jury-bei-der-Arbeit-467x350.png 467w, https:\/\/www.markt-kom.com\/wp-content\/uploads\/2025\/05\/Die-Jury-bei-der-Arbeit-1000x750.png 1000w\" alt=\"\" width=\"1024\" height=\"768\" \/><\/a>\r\n<figcaption id=\"caption-attachment-235115\" class=\"wp-caption-text\">The jury at work to select the winner(s) of the \"CMO of The Year\" title<\/figcaption>\r\n<\/figure>\r\n<h3><strong>Modern requirements for the CMO role<\/strong><\/h3>\r\n<p>The selection criteria reflect the current understanding of the role of CMOs. We are looking for leaders who think strategically, boldly break new ground and consistently implement customer centricity. Those on the shortlist must demonstrate entrepreneurial success, strong leadership, innovative spirit and sustainable action. A contribution beyond day-to-day business is expected - for example by designing sustainable brands or anchoring purpose and values in the company.<\/p>\r\n<p><a href=\"https:\/\/www.markt-kom.com\/wp-content\/uploads\/2025\/05\/1-3.png\"><img class=\"alignnone size-full wp-image-235116\" src=\"https:\/\/www.markt-kom.com\/wp-content\/uploads\/2025\/05\/1-3.png\" sizes=\"(max-width: 1024px) 100vw, 1024px\" srcset=\"https:\/\/www.markt-kom.com\/wp-content\/uploads\/2025\/05\/1-3.png 1024w, https:\/\/www.markt-kom.com\/wp-content\/uploads\/2025\/05\/1-3-600x450.png 600w, https:\/\/www.markt-kom.com\/wp-content\/uploads\/2025\/05\/1-3-768x576.png 768w, https:\/\/www.markt-kom.com\/wp-content\/uploads\/2025\/05\/1-3-16x12.png 16w, https:\/\/www.markt-kom.com\/wp-content\/uploads\/2025\/05\/1-3-233x175.png 233w, https:\/\/www.markt-kom.com\/wp-content\/uploads\/2025\/05\/1-3-467x350.png 467w, https:\/\/www.markt-kom.com\/wp-content\/uploads\/2025\/05\/1-3-1000x750.png 1000w\" alt=\"\" width=\"1024\" height=\"768\" \/><\/a><\/p>\r\n<h3><strong>Intense jury debate with a strong result<\/strong><\/h3>\r\n<p>The selection committee consists of 24 experts from business, science, media, HR consulting and marketing. Their experience ensures the depth of the discussion and the soundness of the decision. This year's meeting was intense and characterized by multi-layered debates. The jury emphasized the high quality of the nominations - which made the search for the ideal match challenging. This made the result all the more satisfying.<\/p>\r\n<p>Bringing such personalities onto the stage has a signal effect. Especially in a complex, accelerated market environment, CMOs are needed who shape change and lead brands in a future-proof way. The award makes these achievements visible - and gives them the stage they deserve. The winner will be announced at an exclusive gala evening in August. In addition to the award ceremony, the event with around 100 to 120 C-level guests also includes an inspiring keynote speech and the presentation of the nominated personalities.<\/p>\r\n<p>&nbsp;<\/p>\r\n<p>&nbsp;<\/p>","protected":false},"excerpt":{"rendered":"<p>The finalists for the most important Swiss marketing award have been announced. In an exclusive video, the jury members provide an initial insight into the decision-making process.<\/p>","protected":false},"author":8,"featured_media":0,"comment_status":"closed","ping_status":"closed","sticky":false,"template":"","format":"standard","meta":{"_acf_changed":false,"_yoast_wpseo_focuskw":"CMO of the Year","_yoast_wpseo_metadesc":"In einem exklusiven Video gew\u00e4hren die Jury-Mitglieder erste Einblicke in den Entscheidungsprozess f\u00fcr den CMO of the Year 2025.","articlekey":"","footnotes":""},"categories":[29],"tags":[66,3733,5355,4348],"class_list":["post-38525","post","type-post","status-publish","format-standard","hentry","category-marketing","tag-awards","tag-cmo-of-the-year","tag-jury","tag-mk-format"],"acf":[],"yoast_head":"<!-- This site is optimized with the Yoast SEO plugin v27.5 - https:\/\/yoast.com\/product\/yoast-seo-wordpress\/ -->\n<title>\u00abCMO of the Year 2025\u00bb: Jury Insights zur Wahl der Finalisten:innen - Organisator<\/title>\n<meta name=\"description\" content=\"In einem exklusiven Video gew\u00e4hren die Jury-Mitglieder erste Einblicke in den Entscheidungsprozess f\u00fcr den CMO of the Year 2025.\" \/>\n<meta name=\"robots\" content=\"index, follow, max-snippet:-1, max-image-preview:large, max-video-preview:-1\" \/>\n<link rel=\"canonical\" href=\"https:\/\/www.organisator.ch\/en\/marketing\/2025-05-22\/cmo-of-the-year-2025-jury-insights-zur-wahl-der-finalisteninnen\/\" \/>\n<meta property=\"og:locale\" content=\"en_US\" \/>\n<meta property=\"og:type\" content=\"article\" \/>\n<meta property=\"og:title\" content=\"\u00abCMO of the Year 2025\u00bb: Jury Insights zur Wahl der Finalisten:innen - Organisator\" \/>\n<meta property=\"og:description\" content=\"In einem exklusiven Video gew\u00e4hren die Jury-Mitglieder erste Einblicke in den Entscheidungsprozess f\u00fcr den CMO of the Year 2025.\" \/>\n<meta property=\"og:url\" content=\"https:\/\/www.organisator.ch\/en\/marketing\/2025-05-22\/cmo-of-the-year-2025-jury-insights-zur-wahl-der-finalisteninnen\/\" \/>\n<meta property=\"og:site_name\" content=\"Organisator\" \/>\n<meta property=\"article:publisher\" content=\"https:\/\/www.facebook.com\/OrganisatorFachmagazin\" \/>\n<meta property=\"article:published_time\" content=\"2025-05-22T11:57:13+00:00\" \/>\n<meta name=\"author\" content=\"galledia\" \/>\n<meta name=\"twitter:card\" content=\"summary_large_image\" \/>\n<meta name=\"twitter:creator\" content=\"@admin\" \/>\n<script type=\"application\/ld+json\" class=\"yoast-schema-graph\">{\"@context\":\"https:\\\/\\\/schema.org\",\"@graph\":[{\"@type\":\"Article\",\"@id\":\"https:\\\/\\\/www.organisator.ch\\\/marketing\\\/2025-05-22\\\/cmo-of-the-year-2025-jury-insights-zur-wahl-der-finalisteninnen\\\/#article\",\"isPartOf\":{\"@id\":\"https:\\\/\\\/www.organisator.ch\\\/marketing\\\/2025-05-22\\\/cmo-of-the-year-2025-jury-insights-zur-wahl-der-finalisteninnen\\\/\"},\"author\":{\"name\":\"galledia\",\"@id\":\"https:\\\/\\\/www.organisator.ch\\\/#\\\/schema\\\/person\\\/4e51799071cd2dd1232ac003643ef5f0\"},\"headline\":\"\u00abCMO of the Year 2025\u00bb: Jury Insights zur Wahl der Finalisten:innen\",\"datePublished\":\"2025-05-22T11:57:13+00:00\",\"mainEntityOfPage\":{\"@id\":\"https:\\\/\\\/www.organisator.ch\\\/marketing\\\/2025-05-22\\\/cmo-of-the-year-2025-jury-insights-zur-wahl-der-finalisteninnen\\\/\"},\"wordCount\":405,\"publisher\":{\"@id\":\"https:\\\/\\\/www.organisator.ch\\\/#organization\"},\"image\":{\"@id\":\"https:\\\/\\\/www.organisator.ch\\\/marketing\\\/2025-05-22\\\/cmo-of-the-year-2025-jury-insights-zur-wahl-der-finalisteninnen\\\/#primaryimage\"},\"thumbnailUrl\":\"https:\\\/\\\/www.markt-kom.com\\\/wp-content\\\/uploads\\\/2025\\\/05\\\/Die-Jury-bei-der-Arbeit.png\",\"keywords\":[\"Awards\",\"CMO of the year\",\"Jury\",\"m&amp;k FORMAT\"],\"articleSection\":[\"MARKETING\"],\"inLanguage\":\"en-US\"},{\"@type\":\"WebPage\",\"@id\":\"https:\\\/\\\/www.organisator.ch\\\/marketing\\\/2025-05-22\\\/cmo-of-the-year-2025-jury-insights-zur-wahl-der-finalisteninnen\\\/\",\"url\":\"https:\\\/\\\/www.organisator.ch\\\/marketing\\\/2025-05-22\\\/cmo-of-the-year-2025-jury-insights-zur-wahl-der-finalisteninnen\\\/\",\"name\":\"\u00abCMO of the Year 2025\u00bb: Jury Insights zur Wahl der Finalisten:innen - Organisator\",\"isPartOf\":{\"@id\":\"https:\\\/\\\/www.organisator.ch\\\/#website\"},\"primaryImageOfPage\":{\"@id\":\"https:\\\/\\\/www.organisator.ch\\\/marketing\\\/2025-05-22\\\/cmo-of-the-year-2025-jury-insights-zur-wahl-der-finalisteninnen\\\/#primaryimage\"},\"image\":{\"@id\":\"https:\\\/\\\/www.organisator.ch\\\/marketing\\\/2025-05-22\\\/cmo-of-the-year-2025-jury-insights-zur-wahl-der-finalisteninnen\\\/#primaryimage\"},\"thumbnailUrl\":\"https:\\\/\\\/www.markt-kom.com\\\/wp-content\\\/uploads\\\/2025\\\/05\\\/Die-Jury-bei-der-Arbeit.png\",\"datePublished\":\"2025-05-22T11:57:13+00:00\",\"description\":\"In einem exklusiven Video gew\u00e4hren die Jury-Mitglieder erste Einblicke in den Entscheidungsprozess f\u00fcr den CMO of the Year 2025.\",\"breadcrumb\":{\"@id\":\"https:\\\/\\\/www.organisator.ch\\\/marketing\\\/2025-05-22\\\/cmo-of-the-year-2025-jury-insights-zur-wahl-der-finalisteninnen\\\/#breadcrumb\"},\"inLanguage\":\"en-US\",\"potentialAction\":[{\"@type\":\"ReadAction\",\"target\":[\"https:\\\/\\\/www.organisator.ch\\\/marketing\\\/2025-05-22\\\/cmo-of-the-year-2025-jury-insights-zur-wahl-der-finalisteninnen\\\/\"]}]},{\"@type\":\"ImageObject\",\"inLanguage\":\"en-US\",\"@id\":\"https:\\\/\\\/www.organisator.ch\\\/marketing\\\/2025-05-22\\\/cmo-of-the-year-2025-jury-insights-zur-wahl-der-finalisteninnen\\\/#primaryimage\",\"url\":\"https:\\\/\\\/www.markt-kom.com\\\/wp-content\\\/uploads\\\/2025\\\/05\\\/Die-Jury-bei-der-Arbeit.png\",\"contentUrl\":\"https:\\\/\\\/www.markt-kom.com\\\/wp-content\\\/uploads\\\/2025\\\/05\\\/Die-Jury-bei-der-Arbeit.png\"},{\"@type\":\"BreadcrumbList\",\"@id\":\"https:\\\/\\\/www.organisator.ch\\\/marketing\\\/2025-05-22\\\/cmo-of-the-year-2025-jury-insights-zur-wahl-der-finalisteninnen\\\/#breadcrumb\",\"itemListElement\":[{\"@type\":\"ListItem\",\"position\":1,\"name\":\"Home\",\"item\":\"https:\\\/\\\/www.organisator.ch\\\/\"},{\"@type\":\"ListItem\",\"position\":2,\"name\":\"\u00abCMO of the Year 2025\u00bb: Jury Insights zur Wahl der Finalisten:innen\"}]},{\"@type\":\"WebSite\",\"@id\":\"https:\\\/\\\/www.organisator.ch\\\/#website\",\"url\":\"https:\\\/\\\/www.organisator.ch\\\/\",\"name\":\"Organisator\",\"description\":\"Kompetent. Praxisnah. Der ORGANISATOR bereitet in 10 Ausgaben pro Jahr die wesentlichen Themen f\u00fcr F\u00fchrungskr\u00e4fte von KMU auf.\",\"publisher\":{\"@id\":\"https:\\\/\\\/www.organisator.ch\\\/#organization\"},\"potentialAction\":[{\"@type\":\"SearchAction\",\"target\":{\"@type\":\"EntryPoint\",\"urlTemplate\":\"https:\\\/\\\/www.organisator.ch\\\/?s={search_term_string}\"},\"query-input\":{\"@type\":\"PropertyValueSpecification\",\"valueRequired\":true,\"valueName\":\"search_term_string\"}}],\"inLanguage\":\"en-US\"},{\"@type\":\"Organization\",\"@id\":\"https:\\\/\\\/www.organisator.ch\\\/#organization\",\"name\":\"Organisator\",\"url\":\"https:\\\/\\\/www.organisator.ch\\\/\",\"logo\":{\"@type\":\"ImageObject\",\"inLanguage\":\"en-US\",\"@id\":\"https:\\\/\\\/www.organisator.ch\\\/#\\\/schema\\\/logo\\\/image\\\/\",\"url\":\"https:\\\/\\\/www.organisator.ch\\\/wp-content\\\/uploads\\\/2022\\\/01\\\/Logo_Organisator_Website.png\",\"contentUrl\":\"https:\\\/\\\/www.organisator.ch\\\/wp-content\\\/uploads\\\/2022\\\/01\\\/Logo_Organisator_Website.png\",\"width\":800,\"height\":77,\"caption\":\"Organisator\"},\"image\":{\"@id\":\"https:\\\/\\\/www.organisator.ch\\\/#\\\/schema\\\/logo\\\/image\\\/\"},\"sameAs\":[\"https:\\\/\\\/www.facebook.com\\\/OrganisatorFachmagazin\",\"https:\\\/\\\/www.linkedin.com\\\/showcase\\\/organisator-das-magazin-fr-kmu\",\"https:\\\/\\\/www.xing.com\\\/news\\\/pages\\\/organisator-ch-695\",\"https:\\\/\\\/www.youtube.com\\\/channel\\\/UCGP2Sq0iWaZwT3BdIAQFYpw\"]},{\"@type\":\"Person\",\"@id\":\"https:\\\/\\\/www.organisator.ch\\\/#\\\/schema\\\/person\\\/4e51799071cd2dd1232ac003643ef5f0\",\"name\":\"galledia\",\"image\":{\"@type\":\"ImageObject\",\"inLanguage\":\"en-US\",\"@id\":\"https:\\\/\\\/secure.gravatar.com\\\/avatar\\\/78a7f90c01fc2bfc875782a0d4922b37cde2cf184ce347b91316d23cd7f69a36?s=96&d=mm&r=g\",\"url\":\"https:\\\/\\\/secure.gravatar.com\\\/avatar\\\/78a7f90c01fc2bfc875782a0d4922b37cde2cf184ce347b91316d23cd7f69a36?s=96&d=mm&r=g\",\"contentUrl\":\"https:\\\/\\\/secure.gravatar.com\\\/avatar\\\/78a7f90c01fc2bfc875782a0d4922b37cde2cf184ce347b91316d23cd7f69a36?s=96&d=mm&r=g\",\"caption\":\"galledia\"},\"sameAs\":[\"https:\\\/\\\/x.com\\\/admin\"],\"url\":\"https:\\\/\\\/www.organisator.ch\\\/en\\\/author\\\/galledia\\\/\"}]}<\/script>\n<!-- \/ Yoast SEO plugin. -->","yoast_head_json":{"title":"\"CMO of the Year 2025\": Jury Insights on the selection of the finalists - Organizer","description":"In an exclusive video, the jury members provide initial insights into the decision-making process for the CMO of the Year 2025.","robots":{"index":"index","follow":"follow","max-snippet":"max-snippet:-1","max-image-preview":"max-image-preview:large","max-video-preview":"max-video-preview:-1"},"canonical":"https:\/\/www.organisator.ch\/en\/marketing\/2025-05-22\/cmo-of-the-year-2025-jury-insights-zur-wahl-der-finalisteninnen\/","og_locale":"en_US","og_type":"article","og_title":"\u00abCMO of the Year 2025\u00bb: Jury Insights zur Wahl der Finalisten:innen - Organisator","og_description":"In einem exklusiven Video gew\u00e4hren die Jury-Mitglieder erste Einblicke in den Entscheidungsprozess f\u00fcr den CMO of the Year 2025.","og_url":"https:\/\/www.organisator.ch\/en\/marketing\/2025-05-22\/cmo-of-the-year-2025-jury-insights-zur-wahl-der-finalisteninnen\/","og_site_name":"Organisator","article_publisher":"https:\/\/www.facebook.com\/OrganisatorFachmagazin","article_published_time":"2025-05-22T11:57:13+00:00","author":"galledia","twitter_card":"summary_large_image","twitter_creator":"@admin","schema":{"@context":"https:\/\/schema.org","@graph":[{"@type":"Article","@id":"https:\/\/www.organisator.ch\/marketing\/2025-05-22\/cmo-of-the-year-2025-jury-insights-zur-wahl-der-finalisteninnen\/#article","isPartOf":{"@id":"https:\/\/www.organisator.ch\/marketing\/2025-05-22\/cmo-of-the-year-2025-jury-insights-zur-wahl-der-finalisteninnen\/"},"author":{"name":"galledia","@id":"https:\/\/www.organisator.ch\/#\/schema\/person\/4e51799071cd2dd1232ac003643ef5f0"},"headline":"\u00abCMO of the Year 2025\u00bb: Jury Insights zur Wahl der Finalisten:innen","datePublished":"2025-05-22T11:57:13+00:00","mainEntityOfPage":{"@id":"https:\/\/www.organisator.ch\/marketing\/2025-05-22\/cmo-of-the-year-2025-jury-insights-zur-wahl-der-finalisteninnen\/"},"wordCount":405,"publisher":{"@id":"https:\/\/www.organisator.ch\/#organization"},"image":{"@id":"https:\/\/www.organisator.ch\/marketing\/2025-05-22\/cmo-of-the-year-2025-jury-insights-zur-wahl-der-finalisteninnen\/#primaryimage"},"thumbnailUrl":"https:\/\/www.markt-kom.com\/wp-content\/uploads\/2025\/05\/Die-Jury-bei-der-Arbeit.png","keywords":["Awards","CMO of the year","Jury","m&amp;k FORMAT"],"articleSection":["MARKETING"],"inLanguage":"en-US"},{"@type":"WebPage","@id":"https:\/\/www.organisator.ch\/marketing\/2025-05-22\/cmo-of-the-year-2025-jury-insights-zur-wahl-der-finalisteninnen\/","url":"https:\/\/www.organisator.ch\/marketing\/2025-05-22\/cmo-of-the-year-2025-jury-insights-zur-wahl-der-finalisteninnen\/","name":"\"CMO of the Year 2025\": Jury Insights on the selection of the finalists - Organizer","isPartOf":{"@id":"https:\/\/www.organisator.ch\/#website"},"primaryImageOfPage":{"@id":"https:\/\/www.organisator.ch\/marketing\/2025-05-22\/cmo-of-the-year-2025-jury-insights-zur-wahl-der-finalisteninnen\/#primaryimage"},"image":{"@id":"https:\/\/www.organisator.ch\/marketing\/2025-05-22\/cmo-of-the-year-2025-jury-insights-zur-wahl-der-finalisteninnen\/#primaryimage"},"thumbnailUrl":"https:\/\/www.markt-kom.com\/wp-content\/uploads\/2025\/05\/Die-Jury-bei-der-Arbeit.png","datePublished":"2025-05-22T11:57:13+00:00","description":"In an exclusive video, the jury members provide initial insights into the decision-making process for the CMO of the Year 2025.","breadcrumb":{"@id":"https:\/\/www.organisator.ch\/marketing\/2025-05-22\/cmo-of-the-year-2025-jury-insights-zur-wahl-der-finalisteninnen\/#breadcrumb"},"inLanguage":"en-US","potentialAction":[{"@type":"ReadAction","target":["https:\/\/www.organisator.ch\/marketing\/2025-05-22\/cmo-of-the-year-2025-jury-insights-zur-wahl-der-finalisteninnen\/"]}]},{"@type":"ImageObject","inLanguage":"en-US","@id":"https:\/\/www.organisator.ch\/marketing\/2025-05-22\/cmo-of-the-year-2025-jury-insights-zur-wahl-der-finalisteninnen\/#primaryimage","url":"https:\/\/www.markt-kom.com\/wp-content\/uploads\/2025\/05\/Die-Jury-bei-der-Arbeit.png","contentUrl":"https:\/\/www.markt-kom.com\/wp-content\/uploads\/2025\/05\/Die-Jury-bei-der-Arbeit.png"},{"@type":"BreadcrumbList","@id":"https:\/\/www.organisator.ch\/marketing\/2025-05-22\/cmo-of-the-year-2025-jury-insights-zur-wahl-der-finalisteninnen\/#breadcrumb","itemListElement":[{"@type":"ListItem","position":1,"name":"Home","item":"https:\/\/www.organisator.ch\/"},{"@type":"ListItem","position":2,"name":"\u00abCMO of the Year 2025\u00bb: Jury Insights zur Wahl der Finalisten:innen"}]},{"@type":"WebSite","@id":"https:\/\/www.organisator.ch\/#website","url":"https:\/\/www.organisator.ch\/","name":"Organizer","description":"Competent. Practical. In 10 issues per year, ORGANISATOR presents the essential topics for managers of SMEs.","publisher":{"@id":"https:\/\/www.organisator.ch\/#organization"},"potentialAction":[{"@type":"SearchAction","target":{"@type":"EntryPoint","urlTemplate":"https:\/\/www.organisator.ch\/?s={search_term_string}"},"query-input":{"@type":"PropertyValueSpecification","valueRequired":true,"valueName":"search_term_string"}}],"inLanguage":"en-US"},{"@type":"Organization","@id":"https:\/\/www.organisator.ch\/#organization","name":"Organizer","url":"https:\/\/www.organisator.ch\/","logo":{"@type":"ImageObject","inLanguage":"en-US","@id":"https:\/\/www.organisator.ch\/#\/schema\/logo\/image\/","url":"https:\/\/www.organisator.ch\/wp-content\/uploads\/2022\/01\/Logo_Organisator_Website.png","contentUrl":"https:\/\/www.organisator.ch\/wp-content\/uploads\/2022\/01\/Logo_Organisator_Website.png","width":800,"height":77,"caption":"Organisator"},"image":{"@id":"https:\/\/www.organisator.ch\/#\/schema\/logo\/image\/"},"sameAs":["https:\/\/www.facebook.com\/OrganisatorFachmagazin","https:\/\/www.linkedin.com\/showcase\/organisator-das-magazin-fr-kmu","https:\/\/www.xing.com\/news\/pages\/organisator-ch-695","https:\/\/www.youtube.com\/channel\/UCGP2Sq0iWaZwT3BdIAQFYpw"]},{"@type":"Person","@id":"https:\/\/www.organisator.ch\/#\/schema\/person\/4e51799071cd2dd1232ac003643ef5f0","name":"galledia","image":{"@type":"ImageObject","inLanguage":"en-US","@id":"https:\/\/secure.gravatar.com\/avatar\/78a7f90c01fc2bfc875782a0d4922b37cde2cf184ce347b91316d23cd7f69a36?s=96&d=mm&r=g","url":"https:\/\/secure.gravatar.com\/avatar\/78a7f90c01fc2bfc875782a0d4922b37cde2cf184ce347b91316d23cd7f69a36?s=96&d=mm&r=g","contentUrl":"https:\/\/secure.gravatar.com\/avatar\/78a7f90c01fc2bfc875782a0d4922b37cde2cf184ce347b91316d23cd7f69a36?s=96&d=mm&r=g","caption":"galledia"},"sameAs":["https:\/\/x.com\/admin"],"url":"https:\/\/www.organisator.ch\/en\/author\/galledia\/"}]}},"_links":{"self":[{"href":"https:\/\/www.organisator.ch\/en\/wp-json\/wp\/v2\/posts\/38525","targetHints":{"allow":["GET"]}}],"collection":[{"href":"https:\/\/www.organisator.ch\/en\/wp-json\/wp\/v2\/posts"}],"about":[{"href":"https:\/\/www.organisator.ch\/en\/wp-json\/wp\/v2\/types\/post"}],"author":[{"embeddable":true,"href":"https:\/\/www.organisator.ch\/en\/wp-json\/wp\/v2\/users\/8"}],"replies":[{"embeddable":true,"href":"https:\/\/www.organisator.ch\/en\/wp-json\/wp\/v2\/comments?post=38525"}],"version-history":[{"count":7,"href":"https:\/\/www.organisator.ch\/en\/wp-json\/wp\/v2\/posts\/38525\/revisions"}],"predecessor-version":[{"id":38540,"href":"https:\/\/www.organisator.ch\/en\/wp-json\/wp\/v2\/posts\/38525\/revisions\/38540"}],"wp:attachment":[{"href":"https:\/\/www.organisator.ch\/en\/wp-json\/wp\/v2\/media?parent=38525"}],"wp:term":[{"taxonomy":"category","embeddable":true,"href":"https:\/\/www.organisator.ch\/en\/wp-json\/wp\/v2\/categories?post=38525"},{"taxonomy":"post_tag","embeddable":true,"href":"https:\/\/www.organisator.ch\/en\/wp-json\/wp\/v2\/tags?post=38525"}],"curies":[{"name":"wp","href":"https:\/\/api.w.org\/{rel}","templated":true}]}}