{"id":38577,"date":"2025-05-27T08:12:25","date_gmt":"2025-05-27T06:12:25","guid":{"rendered":"https:\/\/www.markt-kom.com\/?p=235306"},"modified":"2025-05-26T17:03:21","modified_gmt":"2025-05-26T15:03:21","slug":"erster-schweizer-pricing-kongress-startet-in-zuerich","status":"publish","type":"post","link":"https:\/\/www.organisator.ch\/en\/marketing\/2025-05-27\/erster-schweizer-pricing-kongress-startet-in-zuerich\/","title":{"rendered":"First Swiss Pricing Congress starts in Zurich"},"content":{"rendered":"<p><a href=\"https:\/\/www.markt-kom.com\/wp-content\/uploads\/2025\/05\/SPK25.jpg\"><img class=\"aligncenter size-full wp-image-235307\" src=\"https:\/\/www.markt-kom.com\/wp-content\/uploads\/2025\/05\/SPK25.jpg\" sizes=\"(max-width: 780px) 100vw, 780px\" srcset=\"https:\/\/www.markt-kom.com\/wp-content\/uploads\/2025\/05\/SPK25.jpg 780w, https:\/\/www.markt-kom.com\/wp-content\/uploads\/2025\/05\/SPK25-600x346.jpg 600w, https:\/\/www.markt-kom.com\/wp-content\/uploads\/2025\/05\/SPK25-768x443.jpg 768w, https:\/\/www.markt-kom.com\/wp-content\/uploads\/2025\/05\/SPK25-18x10.jpg 18w, https:\/\/www.markt-kom.com\/wp-content\/uploads\/2025\/05\/SPK25-303x175.jpg 303w, https:\/\/www.markt-kom.com\/wp-content\/uploads\/2025\/05\/SPK25-607x350.jpg 607w\" alt=\"\" width=\"780\" height=\"450\" \/><\/a><\/p>\r\n<p>On June 23, the Dolder Grand in Zurich will host the <a href=\"https:\/\/www.pricing-kongress.ch\/\">first Swiss Pricing Congress<\/a> takes place. The event is aimed at managers who do not leave pricing to gut feeling, but see it as a central factor in competition.<\/p>\r\n<h3><strong>Swiss via brand and margin<\/strong><\/h3>\r\n<p>Lufthansa subsidiary Swiss opens with an insight into its differentiated pricing architecture. The focus here is on the question of how willingness to pay, additional sales and distribution channels come together to form an economically viable and brand-strengthening system.<\/p>\r\n<h3><strong>How algorithms determine the price<\/strong><\/h3>\r\n<p>Oliver Pabst from Readalpine will show how AI-supported usage models are challenging the classic subscription model. When artificial intelligence enables usage-based services, it is not only prices that change, but also entire business logics. His presentation will focus on what this means for software companies and what lessons other industries can learn from it.<\/p>\r\n<p>Treema CEO Robin Simon will also show how Swiss values such as data protection and data sovereignty can be translated into a stable pricing model. Dr. Fabian Uhrich from ETH Zurich will also contribute the perspective of behavioral economics. He will use examples to show how cognitive biases influence pricing decisions and can be used strategically.<\/p>\r\n<h3><strong>Subscription? Yes, but with feeling, please<\/strong><\/h3>\r\n<p>Frank Gehrig from the innovation consultancy Hy shows how subscription models work today. From customer acquisition to customer formation and upgrades, including psychological price thresholds. Finally, Samy Liechti looks back on his many years of e-commerce experience at Blacksocks.<\/p>\r\n<hr \/>\r\n<p><em>The first edition of the Swiss Pricing Congress will take place as part of the Swiss Brand Congress. Starting at 2 p.m., the focus will be on pricing as an analytical craft. M&amp;k is a media partner. Go to registration <a href=\"https:\/\/www.pricing-kongress.ch\/\">here<\/a>.<\/em><\/p>","protected":false},"excerpt":{"rendered":"<p>Prices are strategic decisions with a direct influence on brand management, market position and, above all, the margin achieved. The Pricing Congress on June 23 is aimed at managers who see pricing not as a numbers game, but as a competitive factor.<\/p>","protected":false},"author":8,"featured_media":0,"comment_status":"closed","ping_status":"closed","sticky":false,"template":"","format":"standard","meta":{"_acf_changed":false,"_yoast_wpseo_focuskw":"Pricing Kongress","_yoast_wpseo_metadesc":"Der Pricing Kongress vom 23. Juni richtet sich an F\u00fchrungskr\u00e4fte, die Pricing nicht als Zahlenspiel, sondern als Wettbewerbsfaktor verstehen.","articlekey":"","footnotes":""},"categories":[29],"tags":[4343,5361,2817],"class_list":["post-38577","post","type-post","status-publish","format-standard","hentry","category-marketing","tag-markom","tag-pricing-kongress","tag-schweizer-markenkongress"],"acf":[],"yoast_head":"<!-- This site is optimized with the Yoast SEO plugin v27.4 - https:\/\/yoast.com\/product\/yoast-seo-wordpress\/ -->\n<title>Erster Schweizer Pricing Kongress startet in Z\u00fcrich - Organisator<\/title>\n<meta name=\"description\" content=\"Der Pricing Kongress vom 23. Juni richtet sich an F\u00fchrungskr\u00e4fte, die Pricing nicht als Zahlenspiel, sondern als Wettbewerbsfaktor verstehen.\" \/>\n<meta name=\"robots\" content=\"index, follow, max-snippet:-1, max-image-preview:large, max-video-preview:-1\" \/>\n<link rel=\"canonical\" href=\"https:\/\/www.organisator.ch\/en\/marketing\/2025-05-27\/erster-schweizer-pricing-kongress-startet-in-zuerich\/\" \/>\n<meta property=\"og:locale\" content=\"en_US\" \/>\n<meta property=\"og:type\" content=\"article\" \/>\n<meta property=\"og:title\" content=\"Erster Schweizer Pricing Kongress startet in Z\u00fcrich - Organisator\" \/>\n<meta property=\"og:description\" content=\"Der Pricing Kongress vom 23. Juni richtet sich an F\u00fchrungskr\u00e4fte, die Pricing nicht als Zahlenspiel, sondern als Wettbewerbsfaktor verstehen.\" \/>\n<meta property=\"og:url\" content=\"https:\/\/www.organisator.ch\/en\/marketing\/2025-05-27\/erster-schweizer-pricing-kongress-startet-in-zuerich\/\" \/>\n<meta property=\"og:site_name\" content=\"Organisator\" \/>\n<meta property=\"article:publisher\" content=\"https:\/\/www.facebook.com\/OrganisatorFachmagazin\" \/>\n<meta property=\"article:published_time\" content=\"2025-05-27T06:12:25+00:00\" \/>\n<meta name=\"author\" content=\"galledia\" \/>\n<meta name=\"twitter:card\" content=\"summary_large_image\" \/>\n<meta name=\"twitter:creator\" content=\"@admin\" \/>\n<script type=\"application\/ld+json\" class=\"yoast-schema-graph\">{\"@context\":\"https:\\\/\\\/schema.org\",\"@graph\":[{\"@type\":\"Article\",\"@id\":\"https:\\\/\\\/www.organisator.ch\\\/marketing\\\/2025-05-27\\\/erster-schweizer-pricing-kongress-startet-in-zuerich\\\/#article\",\"isPartOf\":{\"@id\":\"https:\\\/\\\/www.organisator.ch\\\/marketing\\\/2025-05-27\\\/erster-schweizer-pricing-kongress-startet-in-zuerich\\\/\"},\"author\":{\"name\":\"galledia\",\"@id\":\"https:\\\/\\\/www.organisator.ch\\\/#\\\/schema\\\/person\\\/4e51799071cd2dd1232ac003643ef5f0\"},\"headline\":\"Erster Schweizer Pricing Kongress startet in Z\u00fcrich\",\"datePublished\":\"2025-05-27T06:12:25+00:00\",\"mainEntityOfPage\":{\"@id\":\"https:\\\/\\\/www.organisator.ch\\\/marketing\\\/2025-05-27\\\/erster-schweizer-pricing-kongress-startet-in-zuerich\\\/\"},\"wordCount\":277,\"publisher\":{\"@id\":\"https:\\\/\\\/www.organisator.ch\\\/#organization\"},\"image\":{\"@id\":\"https:\\\/\\\/www.organisator.ch\\\/marketing\\\/2025-05-27\\\/erster-schweizer-pricing-kongress-startet-in-zuerich\\\/#primaryimage\"},\"thumbnailUrl\":\"https:\\\/\\\/www.markt-kom.com\\\/wp-content\\\/uploads\\\/2025\\\/05\\\/SPK25.jpg\",\"keywords\":[\"MarKom\",\"Pricing Kongress\",\"Schweizer Markenkongress\"],\"articleSection\":[\"MARKETING\"],\"inLanguage\":\"en-US\"},{\"@type\":\"WebPage\",\"@id\":\"https:\\\/\\\/www.organisator.ch\\\/marketing\\\/2025-05-27\\\/erster-schweizer-pricing-kongress-startet-in-zuerich\\\/\",\"url\":\"https:\\\/\\\/www.organisator.ch\\\/marketing\\\/2025-05-27\\\/erster-schweizer-pricing-kongress-startet-in-zuerich\\\/\",\"name\":\"Erster Schweizer Pricing Kongress startet in Z\u00fcrich - Organisator\",\"isPartOf\":{\"@id\":\"https:\\\/\\\/www.organisator.ch\\\/#website\"},\"primaryImageOfPage\":{\"@id\":\"https:\\\/\\\/www.organisator.ch\\\/marketing\\\/2025-05-27\\\/erster-schweizer-pricing-kongress-startet-in-zuerich\\\/#primaryimage\"},\"image\":{\"@id\":\"https:\\\/\\\/www.organisator.ch\\\/marketing\\\/2025-05-27\\\/erster-schweizer-pricing-kongress-startet-in-zuerich\\\/#primaryimage\"},\"thumbnailUrl\":\"https:\\\/\\\/www.markt-kom.com\\\/wp-content\\\/uploads\\\/2025\\\/05\\\/SPK25.jpg\",\"datePublished\":\"2025-05-27T06:12:25+00:00\",\"description\":\"Der Pricing Kongress vom 23. Juni richtet sich an F\u00fchrungskr\u00e4fte, die Pricing nicht als Zahlenspiel, sondern als Wettbewerbsfaktor verstehen.\",\"breadcrumb\":{\"@id\":\"https:\\\/\\\/www.organisator.ch\\\/marketing\\\/2025-05-27\\\/erster-schweizer-pricing-kongress-startet-in-zuerich\\\/#breadcrumb\"},\"inLanguage\":\"en-US\",\"potentialAction\":[{\"@type\":\"ReadAction\",\"target\":[\"https:\\\/\\\/www.organisator.ch\\\/marketing\\\/2025-05-27\\\/erster-schweizer-pricing-kongress-startet-in-zuerich\\\/\"]}]},{\"@type\":\"ImageObject\",\"inLanguage\":\"en-US\",\"@id\":\"https:\\\/\\\/www.organisator.ch\\\/marketing\\\/2025-05-27\\\/erster-schweizer-pricing-kongress-startet-in-zuerich\\\/#primaryimage\",\"url\":\"https:\\\/\\\/www.markt-kom.com\\\/wp-content\\\/uploads\\\/2025\\\/05\\\/SPK25.jpg\",\"contentUrl\":\"https:\\\/\\\/www.markt-kom.com\\\/wp-content\\\/uploads\\\/2025\\\/05\\\/SPK25.jpg\"},{\"@type\":\"BreadcrumbList\",\"@id\":\"https:\\\/\\\/www.organisator.ch\\\/marketing\\\/2025-05-27\\\/erster-schweizer-pricing-kongress-startet-in-zuerich\\\/#breadcrumb\",\"itemListElement\":[{\"@type\":\"ListItem\",\"position\":1,\"name\":\"Home\",\"item\":\"https:\\\/\\\/www.organisator.ch\\\/\"},{\"@type\":\"ListItem\",\"position\":2,\"name\":\"Erster Schweizer Pricing Kongress startet in Z\u00fcrich\"}]},{\"@type\":\"WebSite\",\"@id\":\"https:\\\/\\\/www.organisator.ch\\\/#website\",\"url\":\"https:\\\/\\\/www.organisator.ch\\\/\",\"name\":\"Organisator\",\"description\":\"Kompetent. Praxisnah. Der ORGANISATOR bereitet in 10 Ausgaben pro Jahr die wesentlichen Themen f\u00fcr F\u00fchrungskr\u00e4fte von KMU auf.\",\"publisher\":{\"@id\":\"https:\\\/\\\/www.organisator.ch\\\/#organization\"},\"potentialAction\":[{\"@type\":\"SearchAction\",\"target\":{\"@type\":\"EntryPoint\",\"urlTemplate\":\"https:\\\/\\\/www.organisator.ch\\\/?s={search_term_string}\"},\"query-input\":{\"@type\":\"PropertyValueSpecification\",\"valueRequired\":true,\"valueName\":\"search_term_string\"}}],\"inLanguage\":\"en-US\"},{\"@type\":\"Organization\",\"@id\":\"https:\\\/\\\/www.organisator.ch\\\/#organization\",\"name\":\"Organisator\",\"url\":\"https:\\\/\\\/www.organisator.ch\\\/\",\"logo\":{\"@type\":\"ImageObject\",\"inLanguage\":\"en-US\",\"@id\":\"https:\\\/\\\/www.organisator.ch\\\/#\\\/schema\\\/logo\\\/image\\\/\",\"url\":\"https:\\\/\\\/www.organisator.ch\\\/wp-content\\\/uploads\\\/2022\\\/01\\\/Logo_Organisator_Website.png\",\"contentUrl\":\"https:\\\/\\\/www.organisator.ch\\\/wp-content\\\/uploads\\\/2022\\\/01\\\/Logo_Organisator_Website.png\",\"width\":800,\"height\":77,\"caption\":\"Organisator\"},\"image\":{\"@id\":\"https:\\\/\\\/www.organisator.ch\\\/#\\\/schema\\\/logo\\\/image\\\/\"},\"sameAs\":[\"https:\\\/\\\/www.facebook.com\\\/OrganisatorFachmagazin\",\"https:\\\/\\\/www.linkedin.com\\\/showcase\\\/organisator-das-magazin-fr-kmu\",\"https:\\\/\\\/www.xing.com\\\/news\\\/pages\\\/organisator-ch-695\",\"https:\\\/\\\/www.youtube.com\\\/channel\\\/UCGP2Sq0iWaZwT3BdIAQFYpw\"]},{\"@type\":\"Person\",\"@id\":\"https:\\\/\\\/www.organisator.ch\\\/#\\\/schema\\\/person\\\/4e51799071cd2dd1232ac003643ef5f0\",\"name\":\"galledia\",\"image\":{\"@type\":\"ImageObject\",\"inLanguage\":\"en-US\",\"@id\":\"https:\\\/\\\/secure.gravatar.com\\\/avatar\\\/78a7f90c01fc2bfc875782a0d4922b37cde2cf184ce347b91316d23cd7f69a36?s=96&d=mm&r=g\",\"url\":\"https:\\\/\\\/secure.gravatar.com\\\/avatar\\\/78a7f90c01fc2bfc875782a0d4922b37cde2cf184ce347b91316d23cd7f69a36?s=96&d=mm&r=g\",\"contentUrl\":\"https:\\\/\\\/secure.gravatar.com\\\/avatar\\\/78a7f90c01fc2bfc875782a0d4922b37cde2cf184ce347b91316d23cd7f69a36?s=96&d=mm&r=g\",\"caption\":\"galledia\"},\"sameAs\":[\"https:\\\/\\\/x.com\\\/admin\"],\"url\":\"https:\\\/\\\/www.organisator.ch\\\/en\\\/author\\\/galledia\\\/\"}]}<\/script>\n<!-- \/ Yoast SEO plugin. -->","yoast_head_json":{"title":"First Swiss Pricing Congress starts in Zurich - Organizer","description":"The Pricing Congress on June 23 is aimed at managers who see pricing not as a numbers game, but as a competitive factor.","robots":{"index":"index","follow":"follow","max-snippet":"max-snippet:-1","max-image-preview":"max-image-preview:large","max-video-preview":"max-video-preview:-1"},"canonical":"https:\/\/www.organisator.ch\/en\/marketing\/2025-05-27\/erster-schweizer-pricing-kongress-startet-in-zuerich\/","og_locale":"en_US","og_type":"article","og_title":"Erster Schweizer Pricing Kongress startet in Z\u00fcrich - Organisator","og_description":"Der Pricing Kongress vom 23. Juni richtet sich an F\u00fchrungskr\u00e4fte, die Pricing nicht als Zahlenspiel, sondern als Wettbewerbsfaktor verstehen.","og_url":"https:\/\/www.organisator.ch\/en\/marketing\/2025-05-27\/erster-schweizer-pricing-kongress-startet-in-zuerich\/","og_site_name":"Organisator","article_publisher":"https:\/\/www.facebook.com\/OrganisatorFachmagazin","article_published_time":"2025-05-27T06:12:25+00:00","author":"galledia","twitter_card":"summary_large_image","twitter_creator":"@admin","schema":{"@context":"https:\/\/schema.org","@graph":[{"@type":"Article","@id":"https:\/\/www.organisator.ch\/marketing\/2025-05-27\/erster-schweizer-pricing-kongress-startet-in-zuerich\/#article","isPartOf":{"@id":"https:\/\/www.organisator.ch\/marketing\/2025-05-27\/erster-schweizer-pricing-kongress-startet-in-zuerich\/"},"author":{"name":"galledia","@id":"https:\/\/www.organisator.ch\/#\/schema\/person\/4e51799071cd2dd1232ac003643ef5f0"},"headline":"Erster Schweizer Pricing Kongress startet in Z\u00fcrich","datePublished":"2025-05-27T06:12:25+00:00","mainEntityOfPage":{"@id":"https:\/\/www.organisator.ch\/marketing\/2025-05-27\/erster-schweizer-pricing-kongress-startet-in-zuerich\/"},"wordCount":277,"publisher":{"@id":"https:\/\/www.organisator.ch\/#organization"},"image":{"@id":"https:\/\/www.organisator.ch\/marketing\/2025-05-27\/erster-schweizer-pricing-kongress-startet-in-zuerich\/#primaryimage"},"thumbnailUrl":"https:\/\/www.markt-kom.com\/wp-content\/uploads\/2025\/05\/SPK25.jpg","keywords":["MarKom","Pricing Kongress","Schweizer Markenkongress"],"articleSection":["MARKETING"],"inLanguage":"en-US"},{"@type":"WebPage","@id":"https:\/\/www.organisator.ch\/marketing\/2025-05-27\/erster-schweizer-pricing-kongress-startet-in-zuerich\/","url":"https:\/\/www.organisator.ch\/marketing\/2025-05-27\/erster-schweizer-pricing-kongress-startet-in-zuerich\/","name":"First Swiss Pricing Congress starts in Zurich - Organizer","isPartOf":{"@id":"https:\/\/www.organisator.ch\/#website"},"primaryImageOfPage":{"@id":"https:\/\/www.organisator.ch\/marketing\/2025-05-27\/erster-schweizer-pricing-kongress-startet-in-zuerich\/#primaryimage"},"image":{"@id":"https:\/\/www.organisator.ch\/marketing\/2025-05-27\/erster-schweizer-pricing-kongress-startet-in-zuerich\/#primaryimage"},"thumbnailUrl":"https:\/\/www.markt-kom.com\/wp-content\/uploads\/2025\/05\/SPK25.jpg","datePublished":"2025-05-27T06:12:25+00:00","description":"The Pricing Congress on June 23 is aimed at managers who see pricing not as a numbers game, but as a competitive factor.","breadcrumb":{"@id":"https:\/\/www.organisator.ch\/marketing\/2025-05-27\/erster-schweizer-pricing-kongress-startet-in-zuerich\/#breadcrumb"},"inLanguage":"en-US","potentialAction":[{"@type":"ReadAction","target":["https:\/\/www.organisator.ch\/marketing\/2025-05-27\/erster-schweizer-pricing-kongress-startet-in-zuerich\/"]}]},{"@type":"ImageObject","inLanguage":"en-US","@id":"https:\/\/www.organisator.ch\/marketing\/2025-05-27\/erster-schweizer-pricing-kongress-startet-in-zuerich\/#primaryimage","url":"https:\/\/www.markt-kom.com\/wp-content\/uploads\/2025\/05\/SPK25.jpg","contentUrl":"https:\/\/www.markt-kom.com\/wp-content\/uploads\/2025\/05\/SPK25.jpg"},{"@type":"BreadcrumbList","@id":"https:\/\/www.organisator.ch\/marketing\/2025-05-27\/erster-schweizer-pricing-kongress-startet-in-zuerich\/#breadcrumb","itemListElement":[{"@type":"ListItem","position":1,"name":"Home","item":"https:\/\/www.organisator.ch\/"},{"@type":"ListItem","position":2,"name":"Erster Schweizer Pricing Kongress startet in Z\u00fcrich"}]},{"@type":"WebSite","@id":"https:\/\/www.organisator.ch\/#website","url":"https:\/\/www.organisator.ch\/","name":"Organizer","description":"Competent. Practical. In 10 issues per year, ORGANISATOR presents the essential topics for managers of SMEs.","publisher":{"@id":"https:\/\/www.organisator.ch\/#organization"},"potentialAction":[{"@type":"SearchAction","target":{"@type":"EntryPoint","urlTemplate":"https:\/\/www.organisator.ch\/?s={search_term_string}"},"query-input":{"@type":"PropertyValueSpecification","valueRequired":true,"valueName":"search_term_string"}}],"inLanguage":"en-US"},{"@type":"Organization","@id":"https:\/\/www.organisator.ch\/#organization","name":"Organizer","url":"https:\/\/www.organisator.ch\/","logo":{"@type":"ImageObject","inLanguage":"en-US","@id":"https:\/\/www.organisator.ch\/#\/schema\/logo\/image\/","url":"https:\/\/www.organisator.ch\/wp-content\/uploads\/2022\/01\/Logo_Organisator_Website.png","contentUrl":"https:\/\/www.organisator.ch\/wp-content\/uploads\/2022\/01\/Logo_Organisator_Website.png","width":800,"height":77,"caption":"Organisator"},"image":{"@id":"https:\/\/www.organisator.ch\/#\/schema\/logo\/image\/"},"sameAs":["https:\/\/www.facebook.com\/OrganisatorFachmagazin","https:\/\/www.linkedin.com\/showcase\/organisator-das-magazin-fr-kmu","https:\/\/www.xing.com\/news\/pages\/organisator-ch-695","https:\/\/www.youtube.com\/channel\/UCGP2Sq0iWaZwT3BdIAQFYpw"]},{"@type":"Person","@id":"https:\/\/www.organisator.ch\/#\/schema\/person\/4e51799071cd2dd1232ac003643ef5f0","name":"galledia","image":{"@type":"ImageObject","inLanguage":"en-US","@id":"https:\/\/secure.gravatar.com\/avatar\/78a7f90c01fc2bfc875782a0d4922b37cde2cf184ce347b91316d23cd7f69a36?s=96&d=mm&r=g","url":"https:\/\/secure.gravatar.com\/avatar\/78a7f90c01fc2bfc875782a0d4922b37cde2cf184ce347b91316d23cd7f69a36?s=96&d=mm&r=g","contentUrl":"https:\/\/secure.gravatar.com\/avatar\/78a7f90c01fc2bfc875782a0d4922b37cde2cf184ce347b91316d23cd7f69a36?s=96&d=mm&r=g","caption":"galledia"},"sameAs":["https:\/\/x.com\/admin"],"url":"https:\/\/www.organisator.ch\/en\/author\/galledia\/"}]}},"_links":{"self":[{"href":"https:\/\/www.organisator.ch\/en\/wp-json\/wp\/v2\/posts\/38577","targetHints":{"allow":["GET"]}}],"collection":[{"href":"https:\/\/www.organisator.ch\/en\/wp-json\/wp\/v2\/posts"}],"about":[{"href":"https:\/\/www.organisator.ch\/en\/wp-json\/wp\/v2\/types\/post"}],"author":[{"embeddable":true,"href":"https:\/\/www.organisator.ch\/en\/wp-json\/wp\/v2\/users\/8"}],"replies":[{"embeddable":true,"href":"https:\/\/www.organisator.ch\/en\/wp-json\/wp\/v2\/comments?post=38577"}],"version-history":[{"count":4,"href":"https:\/\/www.organisator.ch\/en\/wp-json\/wp\/v2\/posts\/38577\/revisions"}],"predecessor-version":[{"id":38600,"href":"https:\/\/www.organisator.ch\/en\/wp-json\/wp\/v2\/posts\/38577\/revisions\/38600"}],"wp:attachment":[{"href":"https:\/\/www.organisator.ch\/en\/wp-json\/wp\/v2\/media?parent=38577"}],"wp:term":[{"taxonomy":"category","embeddable":true,"href":"https:\/\/www.organisator.ch\/en\/wp-json\/wp\/v2\/categories?post=38577"},{"taxonomy":"post_tag","embeddable":true,"href":"https:\/\/www.organisator.ch\/en\/wp-json\/wp\/v2\/tags?post=38577"}],"curies":[{"name":"wp","href":"https:\/\/api.w.org\/{rel}","templated":true}]}}