{"id":38590,"date":"2025-05-28T08:50:49","date_gmt":"2025-05-28T06:50:49","guid":{"rendered":"https:\/\/www.m-q.ch\/?p=21504"},"modified":"2025-05-28T08:44:09","modified_gmt":"2025-05-28T06:44:09","slug":"barrierefreiheit-trifft-cybersicherheit-unternehmen-muessen-an-beides-denken","status":"publish","type":"post","link":"https:\/\/www.organisator.ch\/en\/operational-excellence\/2025-05-28\/barrierefreiheit-trifft-cybersicherheit-unternehmen-muessen-an-beides-denken\/","title":{"rendered":"Accessibility meets cyber security: companies need to think about both"},"content":{"rendered":"<figure id=\"attachment_21505\" class=\"wp-caption alignnone\" style=\"width: 680px;\" aria-describedby=\"caption-attachment-21505\"><img class=\"size-full wp-image-21505\" src=\"https:\/\/www.m-q.ch\/wp-content\/uploads\/2025\/05\/Barrierefreiheit-trifft-Cybersicherheit-Unternehmen-muessen-an-beides-denken_MQ.jpg\" sizes=\"(max-width: 680px) 100vw, 680px\" srcset=\"https:\/\/www.m-q.ch\/wp-content\/uploads\/2025\/05\/Barrierefreiheit-trifft-Cybersicherheit-Unternehmen-muessen-an-beides-denken_MQ.jpg 680w, https:\/\/www.m-q.ch\/wp-content\/uploads\/2025\/05\/Barrierefreiheit-trifft-Cybersicherheit-Unternehmen-muessen-an-beides-denken_MQ-18x12.jpg 18w, https:\/\/www.m-q.ch\/wp-content\/uploads\/2025\/05\/Barrierefreiheit-trifft-Cybersicherheit-Unternehmen-muessen-an-beides-denken_MQ-375x250.jpg 375w, https:\/\/www.m-q.ch\/wp-content\/uploads\/2025\/05\/Barrierefreiheit-trifft-Cybersicherheit-Unternehmen-muessen-an-beides-denken_MQ-524x350.jpg 524w\" alt=\"\" width=\"680\" height=\"454\" \/>\r\n<figcaption id=\"caption-attachment-21505\" class=\"wp-caption-text\">EU law has stipulated accessibility for people with disabilities in digital applications since 2025. (Image: Depositphotos.com)<\/figcaption>\r\n<\/figure>\r\n<p>From June 28, 2025, digital products and services in Germany must also be accessible to people with disabilities. With the entry into force of the Barrierefreiheitsst\u00e4rkungsgesetz (<a href=\"https:\/\/www.barrierefreiheit-dienstekonsolidierung.bund.de\/Webs\/PB\/DE\/gesetze-und-richtlinien\/barrierefreiheitsstaerkungsgesetz\/barrierefreiheitsstaerkungsgesetz-node.html\">BFSG<\/a>) marks the beginning of a new era of digital responsibility. The BFSG obliges providers to design digital applications in such a way that they are also accessible to people with disabilities. The supposed extra effort for compliance is actually an investment in digital resilience and trust: Because only systems that are both secure and accessible are truly future-proof. Security software provider FTAPI explains what this means for the industry in concrete terms.<\/p>\r\n<h3><strong>Accessibility becomes mandatory - this is what the BFSG specifically regulates<\/strong><\/h3>\r\n<p>The Accessibility Reinforcement Act implements the EU Directive of the <a href=\"https:\/\/commission.europa.eu\/strategy-and-policy\/policies\/justice-and-fundamental-rights\/disability\/union-equality-strategy-rights-persons-disabilities-2021-2030\/european-accessibility-act_en\">European Accessibility Act<\/a> (EAA) into German law. It obliges companies to make a range of digital products and services accessible. (This also applies to Swiss companies operating in the EU, editor's note).<\/p>\r\n<p>The German BFSG generally applies to companies that offer certain digital products or services to consumers - for example in the areas of e-commerce, banking, telecommunications or software. Micro-enterprises with fewer than ten employees and an annual turnover of less than two million euros are exempt, provided they only provide services. However, companies in the B2B sector may also be indirectly affected, for example due to customer requirements or public sector tenders.<\/p>\r\n<p>The requirements are based on the international WCAG guidelines (Web Content Accessibility Guidelines). The aim is to design digital offerings in such a way that they are perceptible, operable, comprehensible and robust for all people, regardless of disabilities. Violations of the BFSG can be challenged by the responsible market surveillance authorities. If a company fails to comply with a corresponding request, fines of up to 100,000 euros may be imposed. Competitive disadvantages are also a real possibility, for example through exclusion from tenders or damage to image.<\/p>\r\n<h3><strong>Accessibility is a safety issue<\/strong><\/h3>\r\n<p>Accessibility also plays a significant role with regard to the growing demands on cyber security. Anyone who thinks about security holistically must include accessibility - otherwise digital exclusion will result. \"Technology must not exclude anyone - not even when it comes to security,\" says Ari Albertini, CEO of FTAPI. \"Anyone who develops digital solutions has a responsibility: for protection and for participation. Accessibility is not a contradiction to cybersecurity, but a logical extension of it.\"<\/p>\r\n<p>For providers of security solutions, digital accessibility means far more than just adjusting the contrast or font size. Interfaces with security-critical functions - such as authentication, password management, user guidance for error messages or navigation through security settings - are particularly affected. Providers are faced with the task of securing access without making it more difficult, for example with alternatives such as barrier-free token solutions, biometric procedures or individually configurable authentication methods.<\/p>\r\n<h3><strong>What companies should do now<\/strong><\/h3>\r\n<p>Between regulatory pressure and a growing degree of digitalization, many companies are faced with the challenge of thinking about accessibility and security at the same time. This is not a contradiction in terms - on the contrary. FTAPI names five concrete measures to master the alliance:<\/p>\r\n<ol>\r\n\t<li><strong>Combining accessibility and security-by-design<\/strong><br \/>\r\nBoth topics must be part of the development process from the outset - not an appendage.<\/li>\r\n\t<li><strong>Integrate standards<\/strong><br \/>\r\nThe WCAG 2.1 for accessibility and the BSI basic protection catalogs for IT security can be perfectly coordinated.<\/li>\r\n\t<li><strong>Carry out tests with those affected<\/strong><br \/>\r\nNot only penetration tests, but also usability checks with users with restrictions reveal critical vulnerabilities.<\/li>\r\n\t<li><strong>Use barrier-free security mechanisms<\/strong><br \/>\r\nFor example, through alternative authentication methods, clear error messages or accessible security dialogs.<\/li>\r\n\t<li><strong>Promoting awareness in the team<\/strong><br \/>\r\nAccessibility is not just a matter for IT - product management, UX, support and legal should also be trained.<\/li>\r\n<\/ol>\r\n<h3><strong>Why accessible software is also economically worthwhile<\/strong><\/h3>\r\n<p>In addition to the legal necessity, accessibility is also economically smart: it opens up new target groups, reduces support costs through better usability and increases the chances of winning public tenders. Enabling digital participation also strengthens customer satisfaction, brand perception and employer attractiveness - and therefore your own competitiveness.<\/p>\r\n<p>Accessibility and cybersecurity are not separate worlds - they are two sides of the same coin. Inclusion also means that all people can participate safely in digital life. Those who take both seriously not only fulfill legal requirements, but also create digital solutions that strengthen trust, assume social responsibility and are sustainable in the long term.<\/p>\r\n<p><em>Source and further information: <a href=\"http:\/\/www.ftapi.com\/\">FTAPI<\/a><\/em><\/p>\n<p class=\"syndicated-attribution\">This article originally appeared on m-q.ch - <a href=\"https:\/\/www.m-q.ch\/de\/barrierefreiheit-trifft-cybersicherheit-unternehmen-muessen-an-beides-denken\/\" target=\"_blank\">https:\/\/www.m-q.ch\/de\/barrierefreiheit-trifft-cybersicherheit-unternehmen-muessen-an-beides-denken\/<\/a><\/p>","protected":false},"excerpt":{"rendered":"<p>Stricter accessibility laws have been in force in the EU since this year. Germany has transposed this into national law in the form of the Barrierefreiheitsst\u00e4rkungsgesetz (BFSG). This means that companies from Switzerland that operate in Germany (or the EU) must also comply with these legal requirements. In addition, the new regulations must also be made compatible with cyber security.<\/p>","protected":false},"author":8,"featured_media":0,"comment_status":"closed","ping_status":"closed","sticky":false,"template":"","format":"standard","meta":{"_acf_changed":false,"_yoast_wpseo_focuskw":"Barrierefreiheit","_yoast_wpseo_metadesc":"Seit diesem Jahr gelten in der EU strengere Accessibility-Gesetze. Wie aber h\u00e4ngen Barrierefreiheit und Cybersicherheit zusammen?","articlekey":"","footnotes":""},"categories":[582],"tags":[608,4608,156,5266,605],"class_list":["post-38590","post","type-post","status-publish","format-standard","hentry","category-operational-excellence","tag-cybersicherheit","tag-digitale-barrierefreiheit","tag-digitalisierung","tag-eu-recht","tag-qualitaetsmanagement"],"acf":[],"yoast_head":"<!-- This site is optimized with the Yoast SEO plugin v27.5 - https:\/\/yoast.com\/product\/yoast-seo-wordpress\/ -->\n<title>Barrierefreiheit trifft Cybersicherheit: Unternehmen m\u00fcssen an beides denken - Organisator<\/title>\n<meta name=\"description\" content=\"Seit diesem Jahr gelten in der EU strengere Accessibility-Gesetze. Wie aber h\u00e4ngen Barrierefreiheit und Cybersicherheit zusammen?\" \/>\n<meta name=\"robots\" content=\"index, follow, max-snippet:-1, max-image-preview:large, max-video-preview:-1\" \/>\n<link rel=\"canonical\" href=\"https:\/\/www.organisator.ch\/en\/operational-excellence\/2025-05-28\/barrierefreiheit-trifft-cybersicherheit-unternehmen-muessen-an-beides-denken\/\" \/>\n<meta property=\"og:locale\" content=\"en_US\" \/>\n<meta property=\"og:type\" content=\"article\" \/>\n<meta property=\"og:title\" content=\"Barrierefreiheit trifft Cybersicherheit: Unternehmen m\u00fcssen an beides denken - Organisator\" \/>\n<meta property=\"og:description\" content=\"Seit diesem Jahr gelten in der EU strengere Accessibility-Gesetze. Wie aber h\u00e4ngen Barrierefreiheit und Cybersicherheit zusammen?\" \/>\n<meta property=\"og:url\" content=\"https:\/\/www.organisator.ch\/en\/operational-excellence\/2025-05-28\/barrierefreiheit-trifft-cybersicherheit-unternehmen-muessen-an-beides-denken\/\" \/>\n<meta property=\"og:site_name\" content=\"Organisator\" \/>\n<meta property=\"article:publisher\" content=\"https:\/\/www.facebook.com\/OrganisatorFachmagazin\" \/>\n<meta property=\"article:published_time\" content=\"2025-05-28T06:50:49+00:00\" \/>\n<meta property=\"og:image\" content=\"https:\/\/www.organisator.ch\/wp-content\/uploads\/2023\/08\/Mangelnde-Motivation-zur-Mitarbeit-was-tun-2_Organisator.jpg\" \/>\n\t<meta property=\"og:image:width\" content=\"340\" \/>\n\t<meta property=\"og:image:height\" content=\"359\" \/>\n\t<meta property=\"og:image:type\" content=\"image\/jpeg\" \/>\n<meta name=\"author\" content=\"galledia\" \/>\n<meta name=\"twitter:card\" content=\"summary_large_image\" \/>\n<meta name=\"twitter:creator\" content=\"@admin\" \/>\n<script type=\"application\/ld+json\" class=\"yoast-schema-graph\">{\"@context\":\"https:\\\/\\\/schema.org\",\"@graph\":[{\"@type\":\"Article\",\"@id\":\"https:\\\/\\\/www.organisator.ch\\\/operational-excellence\\\/2025-05-28\\\/barrierefreiheit-trifft-cybersicherheit-unternehmen-muessen-an-beides-denken\\\/#article\",\"isPartOf\":{\"@id\":\"https:\\\/\\\/www.organisator.ch\\\/operational-excellence\\\/2025-05-28\\\/barrierefreiheit-trifft-cybersicherheit-unternehmen-muessen-an-beides-denken\\\/\"},\"author\":{\"name\":\"galledia\",\"@id\":\"https:\\\/\\\/www.organisator.ch\\\/#\\\/schema\\\/person\\\/4e51799071cd2dd1232ac003643ef5f0\"},\"headline\":\"Barrierefreiheit trifft Cybersicherheit: Unternehmen m\u00fcssen an beides denken\",\"datePublished\":\"2025-05-28T06:50:49+00:00\",\"mainEntityOfPage\":{\"@id\":\"https:\\\/\\\/www.organisator.ch\\\/operational-excellence\\\/2025-05-28\\\/barrierefreiheit-trifft-cybersicherheit-unternehmen-muessen-an-beides-denken\\\/\"},\"wordCount\":697,\"publisher\":{\"@id\":\"https:\\\/\\\/www.organisator.ch\\\/#organization\"},\"image\":{\"@id\":\"https:\\\/\\\/www.organisator.ch\\\/operational-excellence\\\/2025-05-28\\\/barrierefreiheit-trifft-cybersicherheit-unternehmen-muessen-an-beides-denken\\\/#primaryimage\"},\"thumbnailUrl\":\"https:\\\/\\\/www.m-q.ch\\\/wp-content\\\/uploads\\\/2025\\\/05\\\/Barrierefreiheit-trifft-Cybersicherheit-Unternehmen-muessen-an-beides-denken_MQ.jpg\",\"keywords\":[\"Cybersicherheit\",\"Digitale Barrierefreiheit\",\"Digitalisierung\",\"EU-Recht\",\"Qualit\u00e4tsmanagement\"],\"articleSection\":[\"OPERATIONAL EXCELLENCE\"],\"inLanguage\":\"en-US\"},{\"@type\":\"WebPage\",\"@id\":\"https:\\\/\\\/www.organisator.ch\\\/operational-excellence\\\/2025-05-28\\\/barrierefreiheit-trifft-cybersicherheit-unternehmen-muessen-an-beides-denken\\\/\",\"url\":\"https:\\\/\\\/www.organisator.ch\\\/operational-excellence\\\/2025-05-28\\\/barrierefreiheit-trifft-cybersicherheit-unternehmen-muessen-an-beides-denken\\\/\",\"name\":\"Barrierefreiheit trifft Cybersicherheit: Unternehmen m\u00fcssen an beides denken - Organisator\",\"isPartOf\":{\"@id\":\"https:\\\/\\\/www.organisator.ch\\\/#website\"},\"primaryImageOfPage\":{\"@id\":\"https:\\\/\\\/www.organisator.ch\\\/operational-excellence\\\/2025-05-28\\\/barrierefreiheit-trifft-cybersicherheit-unternehmen-muessen-an-beides-denken\\\/#primaryimage\"},\"image\":{\"@id\":\"https:\\\/\\\/www.organisator.ch\\\/operational-excellence\\\/2025-05-28\\\/barrierefreiheit-trifft-cybersicherheit-unternehmen-muessen-an-beides-denken\\\/#primaryimage\"},\"thumbnailUrl\":\"https:\\\/\\\/www.m-q.ch\\\/wp-content\\\/uploads\\\/2025\\\/05\\\/Barrierefreiheit-trifft-Cybersicherheit-Unternehmen-muessen-an-beides-denken_MQ.jpg\",\"datePublished\":\"2025-05-28T06:50:49+00:00\",\"description\":\"Seit diesem Jahr gelten in der EU strengere Accessibility-Gesetze. Wie aber h\u00e4ngen Barrierefreiheit und Cybersicherheit zusammen?\",\"breadcrumb\":{\"@id\":\"https:\\\/\\\/www.organisator.ch\\\/operational-excellence\\\/2025-05-28\\\/barrierefreiheit-trifft-cybersicherheit-unternehmen-muessen-an-beides-denken\\\/#breadcrumb\"},\"inLanguage\":\"en-US\",\"potentialAction\":[{\"@type\":\"ReadAction\",\"target\":[\"https:\\\/\\\/www.organisator.ch\\\/operational-excellence\\\/2025-05-28\\\/barrierefreiheit-trifft-cybersicherheit-unternehmen-muessen-an-beides-denken\\\/\"]}]},{\"@type\":\"ImageObject\",\"inLanguage\":\"en-US\",\"@id\":\"https:\\\/\\\/www.organisator.ch\\\/operational-excellence\\\/2025-05-28\\\/barrierefreiheit-trifft-cybersicherheit-unternehmen-muessen-an-beides-denken\\\/#primaryimage\",\"url\":\"https:\\\/\\\/www.m-q.ch\\\/wp-content\\\/uploads\\\/2025\\\/05\\\/Barrierefreiheit-trifft-Cybersicherheit-Unternehmen-muessen-an-beides-denken_MQ.jpg\",\"contentUrl\":\"https:\\\/\\\/www.m-q.ch\\\/wp-content\\\/uploads\\\/2025\\\/05\\\/Barrierefreiheit-trifft-Cybersicherheit-Unternehmen-muessen-an-beides-denken_MQ.jpg\"},{\"@type\":\"BreadcrumbList\",\"@id\":\"https:\\\/\\\/www.organisator.ch\\\/operational-excellence\\\/2025-05-28\\\/barrierefreiheit-trifft-cybersicherheit-unternehmen-muessen-an-beides-denken\\\/#breadcrumb\",\"itemListElement\":[{\"@type\":\"ListItem\",\"position\":1,\"name\":\"Home\",\"item\":\"https:\\\/\\\/www.organisator.ch\\\/\"},{\"@type\":\"ListItem\",\"position\":2,\"name\":\"Barrierefreiheit trifft Cybersicherheit: Unternehmen m\u00fcssen an beides denken\"}]},{\"@type\":\"WebSite\",\"@id\":\"https:\\\/\\\/www.organisator.ch\\\/#website\",\"url\":\"https:\\\/\\\/www.organisator.ch\\\/\",\"name\":\"Organisator\",\"description\":\"Kompetent. Praxisnah. Der ORGANISATOR bereitet in 10 Ausgaben pro Jahr die wesentlichen Themen f\u00fcr F\u00fchrungskr\u00e4fte von KMU auf.\",\"publisher\":{\"@id\":\"https:\\\/\\\/www.organisator.ch\\\/#organization\"},\"potentialAction\":[{\"@type\":\"SearchAction\",\"target\":{\"@type\":\"EntryPoint\",\"urlTemplate\":\"https:\\\/\\\/www.organisator.ch\\\/?s={search_term_string}\"},\"query-input\":{\"@type\":\"PropertyValueSpecification\",\"valueRequired\":true,\"valueName\":\"search_term_string\"}}],\"inLanguage\":\"en-US\"},{\"@type\":\"Organization\",\"@id\":\"https:\\\/\\\/www.organisator.ch\\\/#organization\",\"name\":\"Organisator\",\"url\":\"https:\\\/\\\/www.organisator.ch\\\/\",\"logo\":{\"@type\":\"ImageObject\",\"inLanguage\":\"en-US\",\"@id\":\"https:\\\/\\\/www.organisator.ch\\\/#\\\/schema\\\/logo\\\/image\\\/\",\"url\":\"https:\\\/\\\/www.organisator.ch\\\/wp-content\\\/uploads\\\/2022\\\/01\\\/Logo_Organisator_Website.png\",\"contentUrl\":\"https:\\\/\\\/www.organisator.ch\\\/wp-content\\\/uploads\\\/2022\\\/01\\\/Logo_Organisator_Website.png\",\"width\":800,\"height\":77,\"caption\":\"Organisator\"},\"image\":{\"@id\":\"https:\\\/\\\/www.organisator.ch\\\/#\\\/schema\\\/logo\\\/image\\\/\"},\"sameAs\":[\"https:\\\/\\\/www.facebook.com\\\/OrganisatorFachmagazin\",\"https:\\\/\\\/www.linkedin.com\\\/showcase\\\/organisator-das-magazin-fr-kmu\",\"https:\\\/\\\/www.xing.com\\\/news\\\/pages\\\/organisator-ch-695\",\"https:\\\/\\\/www.youtube.com\\\/channel\\\/UCGP2Sq0iWaZwT3BdIAQFYpw\"]},{\"@type\":\"Person\",\"@id\":\"https:\\\/\\\/www.organisator.ch\\\/#\\\/schema\\\/person\\\/4e51799071cd2dd1232ac003643ef5f0\",\"name\":\"galledia\",\"image\":{\"@type\":\"ImageObject\",\"inLanguage\":\"en-US\",\"@id\":\"https:\\\/\\\/secure.gravatar.com\\\/avatar\\\/78a7f90c01fc2bfc875782a0d4922b37cde2cf184ce347b91316d23cd7f69a36?s=96&d=mm&r=g\",\"url\":\"https:\\\/\\\/secure.gravatar.com\\\/avatar\\\/78a7f90c01fc2bfc875782a0d4922b37cde2cf184ce347b91316d23cd7f69a36?s=96&d=mm&r=g\",\"contentUrl\":\"https:\\\/\\\/secure.gravatar.com\\\/avatar\\\/78a7f90c01fc2bfc875782a0d4922b37cde2cf184ce347b91316d23cd7f69a36?s=96&d=mm&r=g\",\"caption\":\"galledia\"},\"sameAs\":[\"https:\\\/\\\/x.com\\\/admin\"],\"url\":\"https:\\\/\\\/www.organisator.ch\\\/en\\\/author\\\/galledia\\\/\"}]}<\/script>\n<!-- \/ Yoast SEO plugin. -->","yoast_head_json":{"title":"Accessibility meets cyber security: companies need to think about both - Organizer","description":"Stricter accessibility laws have been in force in the EU since this year. But how are accessibility and cyber security connected?","robots":{"index":"index","follow":"follow","max-snippet":"max-snippet:-1","max-image-preview":"max-image-preview:large","max-video-preview":"max-video-preview:-1"},"canonical":"https:\/\/www.organisator.ch\/en\/operational-excellence\/2025-05-28\/barrierefreiheit-trifft-cybersicherheit-unternehmen-muessen-an-beides-denken\/","og_locale":"en_US","og_type":"article","og_title":"Barrierefreiheit trifft Cybersicherheit: Unternehmen m\u00fcssen an beides denken - Organisator","og_description":"Seit diesem Jahr gelten in der EU strengere Accessibility-Gesetze. Wie aber h\u00e4ngen Barrierefreiheit und Cybersicherheit zusammen?","og_url":"https:\/\/www.organisator.ch\/en\/operational-excellence\/2025-05-28\/barrierefreiheit-trifft-cybersicherheit-unternehmen-muessen-an-beides-denken\/","og_site_name":"Organisator","article_publisher":"https:\/\/www.facebook.com\/OrganisatorFachmagazin","article_published_time":"2025-05-28T06:50:49+00:00","og_image":[{"width":340,"height":359,"url":"https:\/\/www.organisator.ch\/wp-content\/uploads\/2023\/08\/Mangelnde-Motivation-zur-Mitarbeit-was-tun-2_Organisator.jpg","type":"image\/jpeg"}],"author":"galledia","twitter_card":"summary_large_image","twitter_creator":"@admin","schema":{"@context":"https:\/\/schema.org","@graph":[{"@type":"Article","@id":"https:\/\/www.organisator.ch\/operational-excellence\/2025-05-28\/barrierefreiheit-trifft-cybersicherheit-unternehmen-muessen-an-beides-denken\/#article","isPartOf":{"@id":"https:\/\/www.organisator.ch\/operational-excellence\/2025-05-28\/barrierefreiheit-trifft-cybersicherheit-unternehmen-muessen-an-beides-denken\/"},"author":{"name":"galledia","@id":"https:\/\/www.organisator.ch\/#\/schema\/person\/4e51799071cd2dd1232ac003643ef5f0"},"headline":"Barrierefreiheit trifft Cybersicherheit: Unternehmen m\u00fcssen an beides denken","datePublished":"2025-05-28T06:50:49+00:00","mainEntityOfPage":{"@id":"https:\/\/www.organisator.ch\/operational-excellence\/2025-05-28\/barrierefreiheit-trifft-cybersicherheit-unternehmen-muessen-an-beides-denken\/"},"wordCount":697,"publisher":{"@id":"https:\/\/www.organisator.ch\/#organization"},"image":{"@id":"https:\/\/www.organisator.ch\/operational-excellence\/2025-05-28\/barrierefreiheit-trifft-cybersicherheit-unternehmen-muessen-an-beides-denken\/#primaryimage"},"thumbnailUrl":"https:\/\/www.m-q.ch\/wp-content\/uploads\/2025\/05\/Barrierefreiheit-trifft-Cybersicherheit-Unternehmen-muessen-an-beides-denken_MQ.jpg","keywords":["Cybersicherheit","Digitale Barrierefreiheit","Digitalisierung","EU-Recht","Qualit\u00e4tsmanagement"],"articleSection":["OPERATIONAL EXCELLENCE"],"inLanguage":"en-US"},{"@type":"WebPage","@id":"https:\/\/www.organisator.ch\/operational-excellence\/2025-05-28\/barrierefreiheit-trifft-cybersicherheit-unternehmen-muessen-an-beides-denken\/","url":"https:\/\/www.organisator.ch\/operational-excellence\/2025-05-28\/barrierefreiheit-trifft-cybersicherheit-unternehmen-muessen-an-beides-denken\/","name":"Accessibility meets cyber security: companies need to think about both - Organizer","isPartOf":{"@id":"https:\/\/www.organisator.ch\/#website"},"primaryImageOfPage":{"@id":"https:\/\/www.organisator.ch\/operational-excellence\/2025-05-28\/barrierefreiheit-trifft-cybersicherheit-unternehmen-muessen-an-beides-denken\/#primaryimage"},"image":{"@id":"https:\/\/www.organisator.ch\/operational-excellence\/2025-05-28\/barrierefreiheit-trifft-cybersicherheit-unternehmen-muessen-an-beides-denken\/#primaryimage"},"thumbnailUrl":"https:\/\/www.m-q.ch\/wp-content\/uploads\/2025\/05\/Barrierefreiheit-trifft-Cybersicherheit-Unternehmen-muessen-an-beides-denken_MQ.jpg","datePublished":"2025-05-28T06:50:49+00:00","description":"Stricter accessibility laws have been in force in the EU since this year. But how are accessibility and cyber security connected?","breadcrumb":{"@id":"https:\/\/www.organisator.ch\/operational-excellence\/2025-05-28\/barrierefreiheit-trifft-cybersicherheit-unternehmen-muessen-an-beides-denken\/#breadcrumb"},"inLanguage":"en-US","potentialAction":[{"@type":"ReadAction","target":["https:\/\/www.organisator.ch\/operational-excellence\/2025-05-28\/barrierefreiheit-trifft-cybersicherheit-unternehmen-muessen-an-beides-denken\/"]}]},{"@type":"ImageObject","inLanguage":"en-US","@id":"https:\/\/www.organisator.ch\/operational-excellence\/2025-05-28\/barrierefreiheit-trifft-cybersicherheit-unternehmen-muessen-an-beides-denken\/#primaryimage","url":"https:\/\/www.m-q.ch\/wp-content\/uploads\/2025\/05\/Barrierefreiheit-trifft-Cybersicherheit-Unternehmen-muessen-an-beides-denken_MQ.jpg","contentUrl":"https:\/\/www.m-q.ch\/wp-content\/uploads\/2025\/05\/Barrierefreiheit-trifft-Cybersicherheit-Unternehmen-muessen-an-beides-denken_MQ.jpg"},{"@type":"BreadcrumbList","@id":"https:\/\/www.organisator.ch\/operational-excellence\/2025-05-28\/barrierefreiheit-trifft-cybersicherheit-unternehmen-muessen-an-beides-denken\/#breadcrumb","itemListElement":[{"@type":"ListItem","position":1,"name":"Home","item":"https:\/\/www.organisator.ch\/"},{"@type":"ListItem","position":2,"name":"Barrierefreiheit trifft Cybersicherheit: Unternehmen m\u00fcssen an beides denken"}]},{"@type":"WebSite","@id":"https:\/\/www.organisator.ch\/#website","url":"https:\/\/www.organisator.ch\/","name":"Organizer","description":"Competent. Practical. In 10 issues per year, ORGANISATOR presents the essential topics for managers of SMEs.","publisher":{"@id":"https:\/\/www.organisator.ch\/#organization"},"potentialAction":[{"@type":"SearchAction","target":{"@type":"EntryPoint","urlTemplate":"https:\/\/www.organisator.ch\/?s={search_term_string}"},"query-input":{"@type":"PropertyValueSpecification","valueRequired":true,"valueName":"search_term_string"}}],"inLanguage":"en-US"},{"@type":"Organization","@id":"https:\/\/www.organisator.ch\/#organization","name":"Organizer","url":"https:\/\/www.organisator.ch\/","logo":{"@type":"ImageObject","inLanguage":"en-US","@id":"https:\/\/www.organisator.ch\/#\/schema\/logo\/image\/","url":"https:\/\/www.organisator.ch\/wp-content\/uploads\/2022\/01\/Logo_Organisator_Website.png","contentUrl":"https:\/\/www.organisator.ch\/wp-content\/uploads\/2022\/01\/Logo_Organisator_Website.png","width":800,"height":77,"caption":"Organisator"},"image":{"@id":"https:\/\/www.organisator.ch\/#\/schema\/logo\/image\/"},"sameAs":["https:\/\/www.facebook.com\/OrganisatorFachmagazin","https:\/\/www.linkedin.com\/showcase\/organisator-das-magazin-fr-kmu","https:\/\/www.xing.com\/news\/pages\/organisator-ch-695","https:\/\/www.youtube.com\/channel\/UCGP2Sq0iWaZwT3BdIAQFYpw"]},{"@type":"Person","@id":"https:\/\/www.organisator.ch\/#\/schema\/person\/4e51799071cd2dd1232ac003643ef5f0","name":"galledia","image":{"@type":"ImageObject","inLanguage":"en-US","@id":"https:\/\/secure.gravatar.com\/avatar\/78a7f90c01fc2bfc875782a0d4922b37cde2cf184ce347b91316d23cd7f69a36?s=96&d=mm&r=g","url":"https:\/\/secure.gravatar.com\/avatar\/78a7f90c01fc2bfc875782a0d4922b37cde2cf184ce347b91316d23cd7f69a36?s=96&d=mm&r=g","contentUrl":"https:\/\/secure.gravatar.com\/avatar\/78a7f90c01fc2bfc875782a0d4922b37cde2cf184ce347b91316d23cd7f69a36?s=96&d=mm&r=g","caption":"galledia"},"sameAs":["https:\/\/x.com\/admin"],"url":"https:\/\/www.organisator.ch\/en\/author\/galledia\/"}]}},"_links":{"self":[{"href":"https:\/\/www.organisator.ch\/en\/wp-json\/wp\/v2\/posts\/38590","targetHints":{"allow":["GET"]}}],"collection":[{"href":"https:\/\/www.organisator.ch\/en\/wp-json\/wp\/v2\/posts"}],"about":[{"href":"https:\/\/www.organisator.ch\/en\/wp-json\/wp\/v2\/types\/post"}],"author":[{"embeddable":true,"href":"https:\/\/www.organisator.ch\/en\/wp-json\/wp\/v2\/users\/8"}],"replies":[{"embeddable":true,"href":"https:\/\/www.organisator.ch\/en\/wp-json\/wp\/v2\/comments?post=38590"}],"version-history":[{"count":4,"href":"https:\/\/www.organisator.ch\/en\/wp-json\/wp\/v2\/posts\/38590\/revisions"}],"predecessor-version":[{"id":38622,"href":"https:\/\/www.organisator.ch\/en\/wp-json\/wp\/v2\/posts\/38590\/revisions\/38622"}],"wp:attachment":[{"href":"https:\/\/www.organisator.ch\/en\/wp-json\/wp\/v2\/media?parent=38590"}],"wp:term":[{"taxonomy":"category","embeddable":true,"href":"https:\/\/www.organisator.ch\/en\/wp-json\/wp\/v2\/categories?post=38590"},{"taxonomy":"post_tag","embeddable":true,"href":"https:\/\/www.organisator.ch\/en\/wp-json\/wp\/v2\/tags?post=38590"}],"curies":[{"name":"wp","href":"https:\/\/api.w.org\/{rel}","templated":true}]}}