{"id":38603,"date":"2025-05-27T16:06:41","date_gmt":"2025-05-27T14:06:41","guid":{"rendered":"https:\/\/www.markt-kom.com\/?p=235410"},"modified":"2025-05-27T16:52:59","modified_gmt":"2025-05-27T14:52:59","slug":"suva-und-bfu-lancieren-plattform-machs-richtig-ch","status":"publish","type":"post","link":"https:\/\/www.organisator.ch\/en\/operational-excellence\/2025-05-27\/suva-und-bfu-lancieren-plattform-machs-richtig-ch\/","title":{"rendered":"Suva and BFU launch \"machs-richtig.ch\" platform"},"content":{"rendered":"<p><img class=\"alignnone size-full wp-image-235411\" src=\"https:\/\/www.markt-kom.com\/wp-content\/uploads\/2025\/05\/Beitragsbild.png\" sizes=\"(max-width: 980px) 100vw, 980px\" srcset=\"https:\/\/www.markt-kom.com\/wp-content\/uploads\/2025\/05\/Beitragsbild.png 980w, https:\/\/www.markt-kom.com\/wp-content\/uploads\/2025\/05\/Beitragsbild-600x337.png 600w, https:\/\/www.markt-kom.com\/wp-content\/uploads\/2025\/05\/Beitragsbild-768x432.png 768w, https:\/\/www.markt-kom.com\/wp-content\/uploads\/2025\/05\/Beitragsbild-18x10.png 18w, https:\/\/www.markt-kom.com\/wp-content\/uploads\/2025\/05\/Beitragsbild-311x175.png 311w, https:\/\/www.markt-kom.com\/wp-content\/uploads\/2025\/05\/Beitragsbild-623x350.png 623w\" alt=\"\" width=\"980\" height=\"551\" \/><\/p>\r\n<p>Every year, 60,000 people have accidents while doing DIY and gardening, according to the latest BFU statistics on non-occupational accidents and safety levels in Switzerland. That is 5000 more than ten years ago. Almost half of these accidents are falls.<\/p>\r\n<div>\r\n<p>Evaluations by the Swiss Accident Insurance Compensation Fund (SSUV) also show that DIY work usually results in superficial injuries caused by a tool or that a chip or splinter gets into the eye. Such accidents are not only painful, they also cause CHF 474 million in material costs every year, such as medical expenses, property damage and loss of work and production.<\/p>\r\n<\/div>\r\n<h3 id=\"anchor-EBBBD991-7346-408D-A841-E4E05DE61EAE\" class=\"h3 sch-h3\">Hectic pace and disorder increase the risk of accidents<\/h3>\r\n<div>\r\n<p>Many accidents happen because people just want to do something quickly. You grab whatever is lying around and climb onto the stool in the room instead of getting the right tools and a sturdy ladder. The dangers are overlooked in the rush and the right protective equipment is not to hand. Another risk factor is objects lying around, such as tools, machines or materials that have been temporarily deposited. These are trip hazards that can lead to nasty falls - especially on stairs.<\/p>\r\n<\/div>\r\n<h3 id=\"anchor-41908D22-6F92-4D73-A4B1-87E3AEE1EC36\" class=\"h3 sch-h3\">Tips on machs-richtig.ch<\/h3>\r\n<div>\r\n<p>The increase in accidents in the home and garden has prompted Suva and the BFU to launch the new knowledge platform\u00a0<a class=\"sux-text-link\" href=\"https:\/\/machs-richtig.ch\/\" rel=\"noopener\" data-analytics-event=\"cta_click\" data-analytics-type=\"link\" data-test-id=\"external\" data-analytics-title=\"machs-richtig.ch \">do-it-right.ch\u00a0 <\/a>to develop. DIY enthusiasts and hobby gardeners will not only find practical advice on how to use tools and machines safely. They can also find out what protective equipment they need to ensure their projects are a success.<\/p>\r\n<p>Protective gloves, safety goggles or, depending on the job, a protective mask and helmet can help prevent injuries. The right tools and sturdy ladders, such as a lightweight platform ladder, also reduce the risk of accidents.<\/p>\r\n<p>Swiss specialist stores support the campaign. Personal protective equipment such as gloves, safety goggles, safety shoes or safe tools and aids can be purchased from them. The most important tips can be found at machs-richtig.ch.<\/p>\r\n<\/div>","protected":false},"excerpt":{"rendered":"<p>The number of accidents in the home and garden has risen in recent years, which is why Suva and the BFU have developed the \"machs-richtig.ch\" platform. Here, DIY enthusiasts and hobby gardeners can find practical tips on how to protect themselves from accidents.<\/p>","protected":false},"author":8,"featured_media":0,"comment_status":"closed","ping_status":"closed","sticky":false,"template":"","format":"standard","meta":{"_acf_changed":false,"_yoast_wpseo_focuskw":"Suva und BFU","_yoast_wpseo_metadesc":"In Haus und Garten verunfallen immer mehr Menschen, deshalb haben Suva und BFU die Plattform \u00abmachs-richtig.ch\u00bb entwickelt.","articlekey":"","footnotes":""},"categories":[582],"tags":[53,3098,4343,463,3617],"class_list":["post-38603","post","type-post","status-publish","format-standard","hentry","category-operational-excellence","tag-arbeitssicherheit","tag-bfu","tag-markom","tag-suva","tag-unfallpraevention"],"acf":[],"yoast_head":"<!-- This site is optimized with the Yoast SEO plugin v27.4 - https:\/\/yoast.com\/product\/yoast-seo-wordpress\/ -->\n<title>Suva und BFU lancieren Plattform \u00abmachs-richtig.ch\u00bb - Organisator<\/title>\n<meta name=\"description\" content=\"In Haus und Garten verunfallen immer mehr Menschen, deshalb haben Suva und BFU die Plattform \u00abmachs-richtig.ch\u00bb entwickelt.\" \/>\n<meta name=\"robots\" content=\"index, follow, max-snippet:-1, max-image-preview:large, max-video-preview:-1\" \/>\n<link rel=\"canonical\" href=\"https:\/\/www.organisator.ch\/en\/operational-excellence\/2025-05-27\/suva-und-bfu-lancieren-plattform-machs-richtig-ch\/\" \/>\n<meta property=\"og:locale\" content=\"en_US\" \/>\n<meta property=\"og:type\" content=\"article\" \/>\n<meta property=\"og:title\" content=\"Suva und BFU lancieren Plattform \u00abmachs-richtig.ch\u00bb - Organisator\" \/>\n<meta property=\"og:description\" content=\"In Haus und Garten verunfallen immer mehr Menschen, deshalb haben Suva und BFU die Plattform \u00abmachs-richtig.ch\u00bb entwickelt.\" \/>\n<meta property=\"og:url\" content=\"https:\/\/www.organisator.ch\/en\/operational-excellence\/2025-05-27\/suva-und-bfu-lancieren-plattform-machs-richtig-ch\/\" \/>\n<meta property=\"og:site_name\" content=\"Organisator\" \/>\n<meta property=\"article:publisher\" content=\"https:\/\/www.facebook.com\/OrganisatorFachmagazin\" \/>\n<meta property=\"article:published_time\" content=\"2025-05-27T14:06:41+00:00\" \/>\n<meta property=\"article:modified_time\" content=\"2025-05-27T14:52:59+00:00\" \/>\n<meta name=\"author\" content=\"galledia\" \/>\n<meta name=\"twitter:card\" content=\"summary_large_image\" \/>\n<meta name=\"twitter:creator\" content=\"@admin\" \/>\n<script type=\"application\/ld+json\" class=\"yoast-schema-graph\">{\"@context\":\"https:\\\/\\\/schema.org\",\"@graph\":[{\"@type\":\"Article\",\"@id\":\"https:\\\/\\\/www.organisator.ch\\\/operational-excellence\\\/2025-05-27\\\/suva-und-bfu-lancieren-plattform-machs-richtig-ch\\\/#article\",\"isPartOf\":{\"@id\":\"https:\\\/\\\/www.organisator.ch\\\/operational-excellence\\\/2025-05-27\\\/suva-und-bfu-lancieren-plattform-machs-richtig-ch\\\/\"},\"author\":{\"name\":\"galledia\",\"@id\":\"https:\\\/\\\/www.organisator.ch\\\/#\\\/schema\\\/person\\\/4e51799071cd2dd1232ac003643ef5f0\"},\"headline\":\"Suva und BFU lancieren Plattform \u00abmachs-richtig.ch\u00bb\",\"datePublished\":\"2025-05-27T14:06:41+00:00\",\"dateModified\":\"2025-05-27T14:52:59+00:00\",\"mainEntityOfPage\":{\"@id\":\"https:\\\/\\\/www.organisator.ch\\\/operational-excellence\\\/2025-05-27\\\/suva-und-bfu-lancieren-plattform-machs-richtig-ch\\\/\"},\"wordCount\":332,\"publisher\":{\"@id\":\"https:\\\/\\\/www.organisator.ch\\\/#organization\"},\"image\":{\"@id\":\"https:\\\/\\\/www.organisator.ch\\\/operational-excellence\\\/2025-05-27\\\/suva-und-bfu-lancieren-plattform-machs-richtig-ch\\\/#primaryimage\"},\"thumbnailUrl\":\"https:\\\/\\\/www.markt-kom.com\\\/wp-content\\\/uploads\\\/2025\\\/05\\\/Beitragsbild.png\",\"keywords\":[\"Arbeitssicherheit\",\"BFU\",\"MarKom\",\"SUVA\",\"Unfallpr\u00e4vention\"],\"articleSection\":[\"OPERATIONAL EXCELLENCE\"],\"inLanguage\":\"en-US\"},{\"@type\":\"WebPage\",\"@id\":\"https:\\\/\\\/www.organisator.ch\\\/operational-excellence\\\/2025-05-27\\\/suva-und-bfu-lancieren-plattform-machs-richtig-ch\\\/\",\"url\":\"https:\\\/\\\/www.organisator.ch\\\/operational-excellence\\\/2025-05-27\\\/suva-und-bfu-lancieren-plattform-machs-richtig-ch\\\/\",\"name\":\"Suva und BFU lancieren Plattform \u00abmachs-richtig.ch\u00bb - Organisator\",\"isPartOf\":{\"@id\":\"https:\\\/\\\/www.organisator.ch\\\/#website\"},\"primaryImageOfPage\":{\"@id\":\"https:\\\/\\\/www.organisator.ch\\\/operational-excellence\\\/2025-05-27\\\/suva-und-bfu-lancieren-plattform-machs-richtig-ch\\\/#primaryimage\"},\"image\":{\"@id\":\"https:\\\/\\\/www.organisator.ch\\\/operational-excellence\\\/2025-05-27\\\/suva-und-bfu-lancieren-plattform-machs-richtig-ch\\\/#primaryimage\"},\"thumbnailUrl\":\"https:\\\/\\\/www.markt-kom.com\\\/wp-content\\\/uploads\\\/2025\\\/05\\\/Beitragsbild.png\",\"datePublished\":\"2025-05-27T14:06:41+00:00\",\"dateModified\":\"2025-05-27T14:52:59+00:00\",\"description\":\"In Haus und Garten verunfallen immer mehr Menschen, deshalb haben Suva und BFU die Plattform \u00abmachs-richtig.ch\u00bb entwickelt.\",\"breadcrumb\":{\"@id\":\"https:\\\/\\\/www.organisator.ch\\\/operational-excellence\\\/2025-05-27\\\/suva-und-bfu-lancieren-plattform-machs-richtig-ch\\\/#breadcrumb\"},\"inLanguage\":\"en-US\",\"potentialAction\":[{\"@type\":\"ReadAction\",\"target\":[\"https:\\\/\\\/www.organisator.ch\\\/operational-excellence\\\/2025-05-27\\\/suva-und-bfu-lancieren-plattform-machs-richtig-ch\\\/\"]}]},{\"@type\":\"ImageObject\",\"inLanguage\":\"en-US\",\"@id\":\"https:\\\/\\\/www.organisator.ch\\\/operational-excellence\\\/2025-05-27\\\/suva-und-bfu-lancieren-plattform-machs-richtig-ch\\\/#primaryimage\",\"url\":\"https:\\\/\\\/www.markt-kom.com\\\/wp-content\\\/uploads\\\/2025\\\/05\\\/Beitragsbild.png\",\"contentUrl\":\"https:\\\/\\\/www.markt-kom.com\\\/wp-content\\\/uploads\\\/2025\\\/05\\\/Beitragsbild.png\"},{\"@type\":\"BreadcrumbList\",\"@id\":\"https:\\\/\\\/www.organisator.ch\\\/operational-excellence\\\/2025-05-27\\\/suva-und-bfu-lancieren-plattform-machs-richtig-ch\\\/#breadcrumb\",\"itemListElement\":[{\"@type\":\"ListItem\",\"position\":1,\"name\":\"Home\",\"item\":\"https:\\\/\\\/www.organisator.ch\\\/\"},{\"@type\":\"ListItem\",\"position\":2,\"name\":\"Suva und BFU lancieren Plattform \u00abmachs-richtig.ch\u00bb\"}]},{\"@type\":\"WebSite\",\"@id\":\"https:\\\/\\\/www.organisator.ch\\\/#website\",\"url\":\"https:\\\/\\\/www.organisator.ch\\\/\",\"name\":\"Organisator\",\"description\":\"Kompetent. Praxisnah. Der ORGANISATOR bereitet in 10 Ausgaben pro Jahr die wesentlichen Themen f\u00fcr F\u00fchrungskr\u00e4fte von KMU auf.\",\"publisher\":{\"@id\":\"https:\\\/\\\/www.organisator.ch\\\/#organization\"},\"potentialAction\":[{\"@type\":\"SearchAction\",\"target\":{\"@type\":\"EntryPoint\",\"urlTemplate\":\"https:\\\/\\\/www.organisator.ch\\\/?s={search_term_string}\"},\"query-input\":{\"@type\":\"PropertyValueSpecification\",\"valueRequired\":true,\"valueName\":\"search_term_string\"}}],\"inLanguage\":\"en-US\"},{\"@type\":\"Organization\",\"@id\":\"https:\\\/\\\/www.organisator.ch\\\/#organization\",\"name\":\"Organisator\",\"url\":\"https:\\\/\\\/www.organisator.ch\\\/\",\"logo\":{\"@type\":\"ImageObject\",\"inLanguage\":\"en-US\",\"@id\":\"https:\\\/\\\/www.organisator.ch\\\/#\\\/schema\\\/logo\\\/image\\\/\",\"url\":\"https:\\\/\\\/www.organisator.ch\\\/wp-content\\\/uploads\\\/2022\\\/01\\\/Logo_Organisator_Website.png\",\"contentUrl\":\"https:\\\/\\\/www.organisator.ch\\\/wp-content\\\/uploads\\\/2022\\\/01\\\/Logo_Organisator_Website.png\",\"width\":800,\"height\":77,\"caption\":\"Organisator\"},\"image\":{\"@id\":\"https:\\\/\\\/www.organisator.ch\\\/#\\\/schema\\\/logo\\\/image\\\/\"},\"sameAs\":[\"https:\\\/\\\/www.facebook.com\\\/OrganisatorFachmagazin\",\"https:\\\/\\\/www.linkedin.com\\\/showcase\\\/organisator-das-magazin-fr-kmu\",\"https:\\\/\\\/www.xing.com\\\/news\\\/pages\\\/organisator-ch-695\",\"https:\\\/\\\/www.youtube.com\\\/channel\\\/UCGP2Sq0iWaZwT3BdIAQFYpw\"]},{\"@type\":\"Person\",\"@id\":\"https:\\\/\\\/www.organisator.ch\\\/#\\\/schema\\\/person\\\/4e51799071cd2dd1232ac003643ef5f0\",\"name\":\"galledia\",\"image\":{\"@type\":\"ImageObject\",\"inLanguage\":\"en-US\",\"@id\":\"https:\\\/\\\/secure.gravatar.com\\\/avatar\\\/78a7f90c01fc2bfc875782a0d4922b37cde2cf184ce347b91316d23cd7f69a36?s=96&d=mm&r=g\",\"url\":\"https:\\\/\\\/secure.gravatar.com\\\/avatar\\\/78a7f90c01fc2bfc875782a0d4922b37cde2cf184ce347b91316d23cd7f69a36?s=96&d=mm&r=g\",\"contentUrl\":\"https:\\\/\\\/secure.gravatar.com\\\/avatar\\\/78a7f90c01fc2bfc875782a0d4922b37cde2cf184ce347b91316d23cd7f69a36?s=96&d=mm&r=g\",\"caption\":\"galledia\"},\"sameAs\":[\"https:\\\/\\\/x.com\\\/admin\"],\"url\":\"https:\\\/\\\/www.organisator.ch\\\/en\\\/author\\\/galledia\\\/\"}]}<\/script>\n<!-- \/ Yoast SEO plugin. -->","yoast_head_json":{"title":"Suva and BFU launch \"machs-richtig.ch\" platform - Organizer","description":"More and more people are having accidents in their homes and gardens, which is why Suva and the BFU have developed the \"machs-richtig.ch\" platform.","robots":{"index":"index","follow":"follow","max-snippet":"max-snippet:-1","max-image-preview":"max-image-preview:large","max-video-preview":"max-video-preview:-1"},"canonical":"https:\/\/www.organisator.ch\/en\/operational-excellence\/2025-05-27\/suva-und-bfu-lancieren-plattform-machs-richtig-ch\/","og_locale":"en_US","og_type":"article","og_title":"Suva und BFU lancieren Plattform \u00abmachs-richtig.ch\u00bb - Organisator","og_description":"In Haus und Garten verunfallen immer mehr Menschen, deshalb haben Suva und BFU die Plattform \u00abmachs-richtig.ch\u00bb entwickelt.","og_url":"https:\/\/www.organisator.ch\/en\/operational-excellence\/2025-05-27\/suva-und-bfu-lancieren-plattform-machs-richtig-ch\/","og_site_name":"Organisator","article_publisher":"https:\/\/www.facebook.com\/OrganisatorFachmagazin","article_published_time":"2025-05-27T14:06:41+00:00","article_modified_time":"2025-05-27T14:52:59+00:00","author":"galledia","twitter_card":"summary_large_image","twitter_creator":"@admin","schema":{"@context":"https:\/\/schema.org","@graph":[{"@type":"Article","@id":"https:\/\/www.organisator.ch\/operational-excellence\/2025-05-27\/suva-und-bfu-lancieren-plattform-machs-richtig-ch\/#article","isPartOf":{"@id":"https:\/\/www.organisator.ch\/operational-excellence\/2025-05-27\/suva-und-bfu-lancieren-plattform-machs-richtig-ch\/"},"author":{"name":"galledia","@id":"https:\/\/www.organisator.ch\/#\/schema\/person\/4e51799071cd2dd1232ac003643ef5f0"},"headline":"Suva und BFU lancieren Plattform \u00abmachs-richtig.ch\u00bb","datePublished":"2025-05-27T14:06:41+00:00","dateModified":"2025-05-27T14:52:59+00:00","mainEntityOfPage":{"@id":"https:\/\/www.organisator.ch\/operational-excellence\/2025-05-27\/suva-und-bfu-lancieren-plattform-machs-richtig-ch\/"},"wordCount":332,"publisher":{"@id":"https:\/\/www.organisator.ch\/#organization"},"image":{"@id":"https:\/\/www.organisator.ch\/operational-excellence\/2025-05-27\/suva-und-bfu-lancieren-plattform-machs-richtig-ch\/#primaryimage"},"thumbnailUrl":"https:\/\/www.markt-kom.com\/wp-content\/uploads\/2025\/05\/Beitragsbild.png","keywords":["Arbeitssicherheit","BFU","MarKom","SUVA","Unfallpr\u00e4vention"],"articleSection":["OPERATIONAL EXCELLENCE"],"inLanguage":"en-US"},{"@type":"WebPage","@id":"https:\/\/www.organisator.ch\/operational-excellence\/2025-05-27\/suva-und-bfu-lancieren-plattform-machs-richtig-ch\/","url":"https:\/\/www.organisator.ch\/operational-excellence\/2025-05-27\/suva-und-bfu-lancieren-plattform-machs-richtig-ch\/","name":"Suva and BFU launch \"machs-richtig.ch\" platform - Organizer","isPartOf":{"@id":"https:\/\/www.organisator.ch\/#website"},"primaryImageOfPage":{"@id":"https:\/\/www.organisator.ch\/operational-excellence\/2025-05-27\/suva-und-bfu-lancieren-plattform-machs-richtig-ch\/#primaryimage"},"image":{"@id":"https:\/\/www.organisator.ch\/operational-excellence\/2025-05-27\/suva-und-bfu-lancieren-plattform-machs-richtig-ch\/#primaryimage"},"thumbnailUrl":"https:\/\/www.markt-kom.com\/wp-content\/uploads\/2025\/05\/Beitragsbild.png","datePublished":"2025-05-27T14:06:41+00:00","dateModified":"2025-05-27T14:52:59+00:00","description":"More and more people are having accidents in their homes and gardens, which is why Suva and the BFU have developed the \"machs-richtig.ch\" platform.","breadcrumb":{"@id":"https:\/\/www.organisator.ch\/operational-excellence\/2025-05-27\/suva-und-bfu-lancieren-plattform-machs-richtig-ch\/#breadcrumb"},"inLanguage":"en-US","potentialAction":[{"@type":"ReadAction","target":["https:\/\/www.organisator.ch\/operational-excellence\/2025-05-27\/suva-und-bfu-lancieren-plattform-machs-richtig-ch\/"]}]},{"@type":"ImageObject","inLanguage":"en-US","@id":"https:\/\/www.organisator.ch\/operational-excellence\/2025-05-27\/suva-und-bfu-lancieren-plattform-machs-richtig-ch\/#primaryimage","url":"https:\/\/www.markt-kom.com\/wp-content\/uploads\/2025\/05\/Beitragsbild.png","contentUrl":"https:\/\/www.markt-kom.com\/wp-content\/uploads\/2025\/05\/Beitragsbild.png"},{"@type":"BreadcrumbList","@id":"https:\/\/www.organisator.ch\/operational-excellence\/2025-05-27\/suva-und-bfu-lancieren-plattform-machs-richtig-ch\/#breadcrumb","itemListElement":[{"@type":"ListItem","position":1,"name":"Home","item":"https:\/\/www.organisator.ch\/"},{"@type":"ListItem","position":2,"name":"Suva und BFU lancieren Plattform \u00abmachs-richtig.ch\u00bb"}]},{"@type":"WebSite","@id":"https:\/\/www.organisator.ch\/#website","url":"https:\/\/www.organisator.ch\/","name":"Organizer","description":"Competent. Practical. In 10 issues per year, ORGANISATOR presents the essential topics for managers of SMEs.","publisher":{"@id":"https:\/\/www.organisator.ch\/#organization"},"potentialAction":[{"@type":"SearchAction","target":{"@type":"EntryPoint","urlTemplate":"https:\/\/www.organisator.ch\/?s={search_term_string}"},"query-input":{"@type":"PropertyValueSpecification","valueRequired":true,"valueName":"search_term_string"}}],"inLanguage":"en-US"},{"@type":"Organization","@id":"https:\/\/www.organisator.ch\/#organization","name":"Organizer","url":"https:\/\/www.organisator.ch\/","logo":{"@type":"ImageObject","inLanguage":"en-US","@id":"https:\/\/www.organisator.ch\/#\/schema\/logo\/image\/","url":"https:\/\/www.organisator.ch\/wp-content\/uploads\/2022\/01\/Logo_Organisator_Website.png","contentUrl":"https:\/\/www.organisator.ch\/wp-content\/uploads\/2022\/01\/Logo_Organisator_Website.png","width":800,"height":77,"caption":"Organisator"},"image":{"@id":"https:\/\/www.organisator.ch\/#\/schema\/logo\/image\/"},"sameAs":["https:\/\/www.facebook.com\/OrganisatorFachmagazin","https:\/\/www.linkedin.com\/showcase\/organisator-das-magazin-fr-kmu","https:\/\/www.xing.com\/news\/pages\/organisator-ch-695","https:\/\/www.youtube.com\/channel\/UCGP2Sq0iWaZwT3BdIAQFYpw"]},{"@type":"Person","@id":"https:\/\/www.organisator.ch\/#\/schema\/person\/4e51799071cd2dd1232ac003643ef5f0","name":"galledia","image":{"@type":"ImageObject","inLanguage":"en-US","@id":"https:\/\/secure.gravatar.com\/avatar\/78a7f90c01fc2bfc875782a0d4922b37cde2cf184ce347b91316d23cd7f69a36?s=96&d=mm&r=g","url":"https:\/\/secure.gravatar.com\/avatar\/78a7f90c01fc2bfc875782a0d4922b37cde2cf184ce347b91316d23cd7f69a36?s=96&d=mm&r=g","contentUrl":"https:\/\/secure.gravatar.com\/avatar\/78a7f90c01fc2bfc875782a0d4922b37cde2cf184ce347b91316d23cd7f69a36?s=96&d=mm&r=g","caption":"galledia"},"sameAs":["https:\/\/x.com\/admin"],"url":"https:\/\/www.organisator.ch\/en\/author\/galledia\/"}]}},"_links":{"self":[{"href":"https:\/\/www.organisator.ch\/en\/wp-json\/wp\/v2\/posts\/38603","targetHints":{"allow":["GET"]}}],"collection":[{"href":"https:\/\/www.organisator.ch\/en\/wp-json\/wp\/v2\/posts"}],"about":[{"href":"https:\/\/www.organisator.ch\/en\/wp-json\/wp\/v2\/types\/post"}],"author":[{"embeddable":true,"href":"https:\/\/www.organisator.ch\/en\/wp-json\/wp\/v2\/users\/8"}],"replies":[{"embeddable":true,"href":"https:\/\/www.organisator.ch\/en\/wp-json\/wp\/v2\/comments?post=38603"}],"version-history":[{"count":5,"href":"https:\/\/www.organisator.ch\/en\/wp-json\/wp\/v2\/posts\/38603\/revisions"}],"predecessor-version":[{"id":38606,"href":"https:\/\/www.organisator.ch\/en\/wp-json\/wp\/v2\/posts\/38603\/revisions\/38606"}],"wp:attachment":[{"href":"https:\/\/www.organisator.ch\/en\/wp-json\/wp\/v2\/media?parent=38603"}],"wp:term":[{"taxonomy":"category","embeddable":true,"href":"https:\/\/www.organisator.ch\/en\/wp-json\/wp\/v2\/categories?post=38603"},{"taxonomy":"post_tag","embeddable":true,"href":"https:\/\/www.organisator.ch\/en\/wp-json\/wp\/v2\/tags?post=38603"}],"curies":[{"name":"wp","href":"https:\/\/api.w.org\/{rel}","templated":true}]}}