{"id":38657,"date":"2025-06-04T05:17:54","date_gmt":"2025-06-04T03:17:54","guid":{"rendered":"https:\/\/www.organisator.ch\/?p=38657"},"modified":"2025-07-03T08:12:17","modified_gmt":"2025-07-03T06:12:17","slug":"pessimistische-schweizer-kmu","status":"publish","type":"post","link":"https:\/\/www.organisator.ch\/en\/management\/2025-06-04\/pessimistische-schweizer-kmu\/","title":{"rendered":"Pessimistic Swiss SMEs"},"content":{"rendered":"<figure id=\"attachment_38658\" aria-describedby=\"caption-attachment-38658\" style=\"width: 680px\" class=\"wp-caption alignnone\"><img loading=\"lazy\" decoding=\"async\" class=\"size-full wp-image-38658\" src=\"https:\/\/www.organisator.ch\/wp-content\/uploads\/2025\/06\/Pessimistische-Schweizer-KMU-1_Organisator.jpg\" alt=\"\" width=\"680\" height=\"454\" srcset=\"https:\/\/www.organisator.ch\/wp-content\/uploads\/2025\/06\/Pessimistische-Schweizer-KMU-1_Organisator.jpg 680w, https:\/\/www.organisator.ch\/wp-content\/uploads\/2025\/06\/Pessimistische-Schweizer-KMU-1_Organisator-18x12.jpg 18w, https:\/\/www.organisator.ch\/wp-content\/uploads\/2025\/06\/Pessimistische-Schweizer-KMU-1_Organisator-375x250.jpg 375w, https:\/\/www.organisator.ch\/wp-content\/uploads\/2025\/06\/Pessimistische-Schweizer-KMU-1_Organisator-524x350.jpg 524w\" sizes=\"auto, (max-width: 680px) 100vw, 680px\" \/><figcaption id=\"caption-attachment-38658\" class=\"wp-caption-text\">Half full or half empty? Swiss SMEs are currently pessimistic. (Image: olly18 \/ Depositphotos.com)<\/figcaption><\/figure>\n<p>In the run-up to the Swiss Economic Forum (SEF), the NZZ and Kalaidos University of Applied Sciences measured the mood in the Swiss economy for the fifth time with the NZZ SME Barometer. The survey provides information about the concerns and prospects of the Swiss economy, in particular small and medium-sized enterprises (SMEs). 519 people took part in the survey conducted in April, with the vast majority of respondents working in the management, board of directors or senior management of their company.<\/p>\n<h3>SMEs more pessimistic than they have been for a long time<\/h3>\n<p>At -6.3 index points, the overall index reached its lowest level since the survey began. Compared to the previous year, it has fallen by 7.9 index points. Although some indicators such as competitiveness and the potential for sustainable economic activity continue to be rated positively, a downward trend is also evident here. The economic policy of the USA under Donald Trump in particular is having a negative impact on future expectations. \"The tariff war and the economic policy measures of the new US government are causing great concern among Swiss SMEs. They expect rising prices and more difficult conditions in business with America, but still see few opportunities to protect themselves against this,\" comments Peter A. Fischer, Chief Economist at NZZ.<\/p>\n<figure id=\"attachment_38659\" aria-describedby=\"caption-attachment-38659\" style=\"width: 680px\" class=\"wp-caption alignnone\"><img loading=\"lazy\" decoding=\"async\" class=\"size-full wp-image-38659\" src=\"https:\/\/www.organisator.ch\/wp-content\/uploads\/2025\/06\/Pessimistische-Schweizer-KMU-2_Organisator.jpg\" alt=\"\" width=\"680\" height=\"561\" srcset=\"https:\/\/www.organisator.ch\/wp-content\/uploads\/2025\/06\/Pessimistische-Schweizer-KMU-2_Organisator.jpg 680w, https:\/\/www.organisator.ch\/wp-content\/uploads\/2025\/06\/Pessimistische-Schweizer-KMU-2_Organisator-15x12.jpg 15w, https:\/\/www.organisator.ch\/wp-content\/uploads\/2025\/06\/Pessimistische-Schweizer-KMU-2_Organisator-364x300.jpg 364w, https:\/\/www.organisator.ch\/wp-content\/uploads\/2025\/06\/Pessimistische-Schweizer-KMU-2_Organisator-424x350.jpg 424w\" sizes=\"auto, (max-width: 680px) 100vw, 680px\" \/><figcaption id=\"caption-attachment-38659\" class=\"wp-caption-text\">NZZ SME Barometer: Overall index lower than in previous years, positive assessment of own strength. (Graphic: NZZ)<\/figcaption><\/figure>\n<h3>Europe as a production location: increasing importance<\/h3>\n<p>As a result of the changed geopolitical conditions, 46% of respondents predict that Europe will become increasingly important as a production location. 20.4 percent of export-oriented companies state that they have postponed investments due to the prevailing uncertainty, while only 5.5 percent intend to accelerate investments. Donald Trump's presidency and geopolitical uncertainties are also bringing other issues to the fore. 88% of respondents are in favor of increasing military investment in Europe. Another 88% consider additional IT security measures to be necessary due to current developments.<\/p>\n<h3>SMEs under the spell of AI<\/h3>\n<p>Artificial intelligence remains in first place among the focus topics - 25% of respondents named it as the topic that will occupy them most in the next three years. This is followed by the shortage of skilled workers with 17% and the advancing digitalization with 16%. Among the focus topics, artificial intelligence remains in first place - 25% of respondents named it as the topic that will be of particular concern to them over the next three years. This is followed by the shortage of skilled workers at 17% and advancing digitalization at 16%.<\/p>\n<p><em>Source: <a href=\"https:\/\/unternehmen.nzz.ch\/\">company.nzz.ch<\/a><\/em><\/p>\n<blockquote>\n<h3>\u00a0<\/h3>\n<h3>Economic forecast revised downwards<\/h3>\n<p>According to the economic umbrella organization Economiesuisse, economic growth in Switzerland is cooling off somewhat. According to the forecast, the unsettled global economy will lose considerable momentum over the course of the year. The weakness in demand is particularly pronounced in the capital goods sector, but is also affecting the consumer goods industry in the Swiss export sector. Only service exports are less affected. The trade disputes triggered by US President Donald Trump are seen as the main cause. As these are expected to continue, the outlook for 2026 is also subdued. In contrast, the Swiss domestic economy is growing solidly. Economiesuisse estimates that real Swiss gross domestic product (GDP) will increase by 1.1% overall in 2025. At 1.4%, growth will also be below potential in 2026. The employment situation will deteriorate slightly and the unemployment rate will rise to 3.0% (2025) and 3.1% (2026). Inflation this year and next will average 0.3% (2025) and 0.8% (2026). Short-term interest rates will fall to zero.<\/p>\n<p><em>Source: <a href=\"http:\/\/www.economiesuisse.ch\">economiesuisse<\/a><\/em><\/p>\n<\/blockquote>","protected":false},"excerpt":{"rendered":"<p>The overall index of the NZZ SME Barometer, which has been conducted annually since 2021, is more pessimistic in 2025 than ever before. In particular, the international tensions resulting from the current economic policy of the USA are a burden for SMEs. At the same time, SMEs remain positive about their own competitiveness and the potential for sustainable business.<\/p>","protected":false},"author":4,"featured_media":38658,"comment_status":"closed","ping_status":"closed","sticky":false,"template":"","format":"standard","meta":{"_acf_changed":false,"_yoast_wpseo_focuskw":"Schweizer KMU","_yoast_wpseo_metadesc":"Pessimistische Schweizer KMU: Der Gesamtindex des seit 2021 j\u00e4hrlich erhobenen NZZ-KMU-Barometers ist 2025 so negativ wie noch nie.","articlekey":"","footnotes":""},"categories":[28],"tags":[5365,335,3942,487],"class_list":["post-38657","post","type-post","status-publish","format-standard","has-post-thumbnail","hentry","category-management","tag-kmu-barometer","tag-management-und-unternehmensfuehrung","tag-schweizer-kmu","tag-umfrage"],"acf":[],"yoast_head":"<!-- This site is optimized with the Yoast SEO plugin v27.4 - https:\/\/yoast.com\/product\/yoast-seo-wordpress\/ -->\n<title>Pessimistische Schweizer KMU - Organisator<\/title>\n<meta name=\"description\" content=\"Pessimistische Schweizer KMU: Der Gesamtindex des seit 2021 j\u00e4hrlich erhobenen NZZ-KMU-Barometers ist 2025 so negativ wie noch nie.\" \/>\n<meta name=\"robots\" content=\"index, follow, max-snippet:-1, max-image-preview:large, max-video-preview:-1\" \/>\n<link rel=\"canonical\" href=\"https:\/\/www.organisator.ch\/en\/management\/2025-06-04\/pessimistische-schweizer-kmu\/\" \/>\n<meta property=\"og:locale\" content=\"en_US\" \/>\n<meta property=\"og:type\" content=\"article\" \/>\n<meta property=\"og:title\" content=\"Pessimistische Schweizer KMU - Organisator\" \/>\n<meta property=\"og:description\" content=\"Pessimistische Schweizer KMU: Der Gesamtindex des seit 2021 j\u00e4hrlich erhobenen NZZ-KMU-Barometers ist 2025 so negativ wie noch nie.\" \/>\n<meta property=\"og:url\" content=\"https:\/\/www.organisator.ch\/en\/management\/2025-06-04\/pessimistische-schweizer-kmu\/\" \/>\n<meta property=\"og:site_name\" content=\"Organisator\" \/>\n<meta property=\"article:publisher\" content=\"https:\/\/www.facebook.com\/OrganisatorFachmagazin\" \/>\n<meta property=\"article:published_time\" content=\"2025-06-04T03:17:54+00:00\" \/>\n<meta property=\"article:modified_time\" content=\"2025-07-03T06:12:17+00:00\" \/>\n<meta property=\"og:image\" content=\"https:\/\/www.organisator.ch\/wp-content\/uploads\/2025\/06\/Pessimistische-Schweizer-KMU-1_Organisator.jpg\" \/>\n\t<meta property=\"og:image:width\" content=\"680\" \/>\n\t<meta property=\"og:image:height\" content=\"454\" \/>\n\t<meta property=\"og:image:type\" content=\"image\/jpeg\" \/>\n<meta name=\"author\" content=\"thomas.berner\" \/>\n<meta name=\"twitter:card\" content=\"summary_large_image\" \/>\n<script type=\"application\/ld+json\" class=\"yoast-schema-graph\">{\"@context\":\"https:\\\/\\\/schema.org\",\"@graph\":[{\"@type\":\"Article\",\"@id\":\"https:\\\/\\\/www.organisator.ch\\\/management\\\/2025-06-04\\\/pessimistische-schweizer-kmu\\\/#article\",\"isPartOf\":{\"@id\":\"https:\\\/\\\/www.organisator.ch\\\/management\\\/2025-06-04\\\/pessimistische-schweizer-kmu\\\/\"},\"author\":{\"name\":\"thomas.berner\",\"@id\":\"https:\\\/\\\/www.organisator.ch\\\/#\\\/schema\\\/person\\\/6f650f90b2842cd4c0cc334b4e36f67e\"},\"headline\":\"Pessimistische Schweizer KMU\",\"datePublished\":\"2025-06-04T03:17:54+00:00\",\"dateModified\":\"2025-07-03T06:12:17+00:00\",\"mainEntityOfPage\":{\"@id\":\"https:\\\/\\\/www.organisator.ch\\\/management\\\/2025-06-04\\\/pessimistische-schweizer-kmu\\\/\"},\"wordCount\":578,\"publisher\":{\"@id\":\"https:\\\/\\\/www.organisator.ch\\\/#organization\"},\"image\":{\"@id\":\"https:\\\/\\\/www.organisator.ch\\\/management\\\/2025-06-04\\\/pessimistische-schweizer-kmu\\\/#primaryimage\"},\"thumbnailUrl\":\"https:\\\/\\\/www.organisator.ch\\\/wp-content\\\/uploads\\\/2025\\\/06\\\/Pessimistische-Schweizer-KMU-1_Organisator.jpg\",\"keywords\":[\"KMU-Barometer\",\"Management und Unternehmensf\u00fchrung\",\"Schweizer KMU\",\"Umfrage\"],\"articleSection\":[\"MANAGEMENT\"],\"inLanguage\":\"en-US\"},{\"@type\":\"WebPage\",\"@id\":\"https:\\\/\\\/www.organisator.ch\\\/management\\\/2025-06-04\\\/pessimistische-schweizer-kmu\\\/\",\"url\":\"https:\\\/\\\/www.organisator.ch\\\/management\\\/2025-06-04\\\/pessimistische-schweizer-kmu\\\/\",\"name\":\"Pessimistische Schweizer KMU - Organisator\",\"isPartOf\":{\"@id\":\"https:\\\/\\\/www.organisator.ch\\\/#website\"},\"primaryImageOfPage\":{\"@id\":\"https:\\\/\\\/www.organisator.ch\\\/management\\\/2025-06-04\\\/pessimistische-schweizer-kmu\\\/#primaryimage\"},\"image\":{\"@id\":\"https:\\\/\\\/www.organisator.ch\\\/management\\\/2025-06-04\\\/pessimistische-schweizer-kmu\\\/#primaryimage\"},\"thumbnailUrl\":\"https:\\\/\\\/www.organisator.ch\\\/wp-content\\\/uploads\\\/2025\\\/06\\\/Pessimistische-Schweizer-KMU-1_Organisator.jpg\",\"datePublished\":\"2025-06-04T03:17:54+00:00\",\"dateModified\":\"2025-07-03T06:12:17+00:00\",\"description\":\"Pessimistische Schweizer KMU: Der Gesamtindex des seit 2021 j\u00e4hrlich erhobenen NZZ-KMU-Barometers ist 2025 so negativ wie noch nie.\",\"breadcrumb\":{\"@id\":\"https:\\\/\\\/www.organisator.ch\\\/management\\\/2025-06-04\\\/pessimistische-schweizer-kmu\\\/#breadcrumb\"},\"inLanguage\":\"en-US\",\"potentialAction\":[{\"@type\":\"ReadAction\",\"target\":[\"https:\\\/\\\/www.organisator.ch\\\/management\\\/2025-06-04\\\/pessimistische-schweizer-kmu\\\/\"]}]},{\"@type\":\"ImageObject\",\"inLanguage\":\"en-US\",\"@id\":\"https:\\\/\\\/www.organisator.ch\\\/management\\\/2025-06-04\\\/pessimistische-schweizer-kmu\\\/#primaryimage\",\"url\":\"https:\\\/\\\/www.organisator.ch\\\/wp-content\\\/uploads\\\/2025\\\/06\\\/Pessimistische-Schweizer-KMU-1_Organisator.jpg\",\"contentUrl\":\"https:\\\/\\\/www.organisator.ch\\\/wp-content\\\/uploads\\\/2025\\\/06\\\/Pessimistische-Schweizer-KMU-1_Organisator.jpg\",\"width\":680,\"height\":454,\"caption\":\"Halbvoll oder halb leer? Schweizer KMU sind derzeit pessimistisch. (Bild: olly18 \\\/ Depositphotos.com)\"},{\"@type\":\"BreadcrumbList\",\"@id\":\"https:\\\/\\\/www.organisator.ch\\\/management\\\/2025-06-04\\\/pessimistische-schweizer-kmu\\\/#breadcrumb\",\"itemListElement\":[{\"@type\":\"ListItem\",\"position\":1,\"name\":\"Home\",\"item\":\"https:\\\/\\\/www.organisator.ch\\\/\"},{\"@type\":\"ListItem\",\"position\":2,\"name\":\"Pessimistische Schweizer KMU\"}]},{\"@type\":\"WebSite\",\"@id\":\"https:\\\/\\\/www.organisator.ch\\\/#website\",\"url\":\"https:\\\/\\\/www.organisator.ch\\\/\",\"name\":\"Organisator\",\"description\":\"Kompetent. Praxisnah. Der ORGANISATOR bereitet in 10 Ausgaben pro Jahr die wesentlichen Themen f\u00fcr F\u00fchrungskr\u00e4fte von KMU auf.\",\"publisher\":{\"@id\":\"https:\\\/\\\/www.organisator.ch\\\/#organization\"},\"potentialAction\":[{\"@type\":\"SearchAction\",\"target\":{\"@type\":\"EntryPoint\",\"urlTemplate\":\"https:\\\/\\\/www.organisator.ch\\\/?s={search_term_string}\"},\"query-input\":{\"@type\":\"PropertyValueSpecification\",\"valueRequired\":true,\"valueName\":\"search_term_string\"}}],\"inLanguage\":\"en-US\"},{\"@type\":\"Organization\",\"@id\":\"https:\\\/\\\/www.organisator.ch\\\/#organization\",\"name\":\"Organisator\",\"url\":\"https:\\\/\\\/www.organisator.ch\\\/\",\"logo\":{\"@type\":\"ImageObject\",\"inLanguage\":\"en-US\",\"@id\":\"https:\\\/\\\/www.organisator.ch\\\/#\\\/schema\\\/logo\\\/image\\\/\",\"url\":\"https:\\\/\\\/www.organisator.ch\\\/wp-content\\\/uploads\\\/2022\\\/01\\\/Logo_Organisator_Website.png\",\"contentUrl\":\"https:\\\/\\\/www.organisator.ch\\\/wp-content\\\/uploads\\\/2022\\\/01\\\/Logo_Organisator_Website.png\",\"width\":800,\"height\":77,\"caption\":\"Organisator\"},\"image\":{\"@id\":\"https:\\\/\\\/www.organisator.ch\\\/#\\\/schema\\\/logo\\\/image\\\/\"},\"sameAs\":[\"https:\\\/\\\/www.facebook.com\\\/OrganisatorFachmagazin\",\"https:\\\/\\\/www.linkedin.com\\\/showcase\\\/organisator-das-magazin-fr-kmu\",\"https:\\\/\\\/www.xing.com\\\/news\\\/pages\\\/organisator-ch-695\",\"https:\\\/\\\/www.youtube.com\\\/channel\\\/UCGP2Sq0iWaZwT3BdIAQFYpw\"]},{\"@type\":\"Person\",\"@id\":\"https:\\\/\\\/www.organisator.ch\\\/#\\\/schema\\\/person\\\/6f650f90b2842cd4c0cc334b4e36f67e\",\"name\":\"thomas.berner\",\"image\":{\"@type\":\"ImageObject\",\"inLanguage\":\"en-US\",\"@id\":\"https:\\\/\\\/secure.gravatar.com\\\/avatar\\\/ac5001d2a36cb6c6cd3e50789007ffca834b477b74a2144564522e944eabff61?s=96&d=mm&r=g\",\"url\":\"https:\\\/\\\/secure.gravatar.com\\\/avatar\\\/ac5001d2a36cb6c6cd3e50789007ffca834b477b74a2144564522e944eabff61?s=96&d=mm&r=g\",\"contentUrl\":\"https:\\\/\\\/secure.gravatar.com\\\/avatar\\\/ac5001d2a36cb6c6cd3e50789007ffca834b477b74a2144564522e944eabff61?s=96&d=mm&r=g\",\"caption\":\"thomas.berner\"},\"url\":\"https:\\\/\\\/www.organisator.ch\\\/en\\\/author\\\/thomas-berner\\\/\"}]}<\/script>\n<!-- \/ Yoast SEO plugin. -->","yoast_head_json":{"title":"Pessimistic Swiss SMEs - Organizer","description":"Pessimistic Swiss SMEs: The overall index of the NZZ SME Barometer, which has been compiled annually since 2021, is more negative in 2025 than ever before.","robots":{"index":"index","follow":"follow","max-snippet":"max-snippet:-1","max-image-preview":"max-image-preview:large","max-video-preview":"max-video-preview:-1"},"canonical":"https:\/\/www.organisator.ch\/en\/management\/2025-06-04\/pessimistische-schweizer-kmu\/","og_locale":"en_US","og_type":"article","og_title":"Pessimistische Schweizer KMU - Organisator","og_description":"Pessimistische Schweizer KMU: Der Gesamtindex des seit 2021 j\u00e4hrlich erhobenen NZZ-KMU-Barometers ist 2025 so negativ wie noch nie.","og_url":"https:\/\/www.organisator.ch\/en\/management\/2025-06-04\/pessimistische-schweizer-kmu\/","og_site_name":"Organisator","article_publisher":"https:\/\/www.facebook.com\/OrganisatorFachmagazin","article_published_time":"2025-06-04T03:17:54+00:00","article_modified_time":"2025-07-03T06:12:17+00:00","og_image":[{"width":680,"height":454,"url":"https:\/\/www.organisator.ch\/wp-content\/uploads\/2025\/06\/Pessimistische-Schweizer-KMU-1_Organisator.jpg","type":"image\/jpeg"}],"author":"thomas.berner","twitter_card":"summary_large_image","schema":{"@context":"https:\/\/schema.org","@graph":[{"@type":"Article","@id":"https:\/\/www.organisator.ch\/management\/2025-06-04\/pessimistische-schweizer-kmu\/#article","isPartOf":{"@id":"https:\/\/www.organisator.ch\/management\/2025-06-04\/pessimistische-schweizer-kmu\/"},"author":{"name":"thomas.berner","@id":"https:\/\/www.organisator.ch\/#\/schema\/person\/6f650f90b2842cd4c0cc334b4e36f67e"},"headline":"Pessimistische Schweizer KMU","datePublished":"2025-06-04T03:17:54+00:00","dateModified":"2025-07-03T06:12:17+00:00","mainEntityOfPage":{"@id":"https:\/\/www.organisator.ch\/management\/2025-06-04\/pessimistische-schweizer-kmu\/"},"wordCount":578,"publisher":{"@id":"https:\/\/www.organisator.ch\/#organization"},"image":{"@id":"https:\/\/www.organisator.ch\/management\/2025-06-04\/pessimistische-schweizer-kmu\/#primaryimage"},"thumbnailUrl":"https:\/\/www.organisator.ch\/wp-content\/uploads\/2025\/06\/Pessimistische-Schweizer-KMU-1_Organisator.jpg","keywords":["KMU-Barometer","Management und Unternehmensf\u00fchrung","Schweizer KMU","Umfrage"],"articleSection":["MANAGEMENT"],"inLanguage":"en-US"},{"@type":"WebPage","@id":"https:\/\/www.organisator.ch\/management\/2025-06-04\/pessimistische-schweizer-kmu\/","url":"https:\/\/www.organisator.ch\/management\/2025-06-04\/pessimistische-schweizer-kmu\/","name":"Pessimistic Swiss SMEs - Organizer","isPartOf":{"@id":"https:\/\/www.organisator.ch\/#website"},"primaryImageOfPage":{"@id":"https:\/\/www.organisator.ch\/management\/2025-06-04\/pessimistische-schweizer-kmu\/#primaryimage"},"image":{"@id":"https:\/\/www.organisator.ch\/management\/2025-06-04\/pessimistische-schweizer-kmu\/#primaryimage"},"thumbnailUrl":"https:\/\/www.organisator.ch\/wp-content\/uploads\/2025\/06\/Pessimistische-Schweizer-KMU-1_Organisator.jpg","datePublished":"2025-06-04T03:17:54+00:00","dateModified":"2025-07-03T06:12:17+00:00","description":"Pessimistic Swiss SMEs: The overall index of the NZZ SME Barometer, which has been compiled annually since 2021, is more negative in 2025 than ever before.","breadcrumb":{"@id":"https:\/\/www.organisator.ch\/management\/2025-06-04\/pessimistische-schweizer-kmu\/#breadcrumb"},"inLanguage":"en-US","potentialAction":[{"@type":"ReadAction","target":["https:\/\/www.organisator.ch\/management\/2025-06-04\/pessimistische-schweizer-kmu\/"]}]},{"@type":"ImageObject","inLanguage":"en-US","@id":"https:\/\/www.organisator.ch\/management\/2025-06-04\/pessimistische-schweizer-kmu\/#primaryimage","url":"https:\/\/www.organisator.ch\/wp-content\/uploads\/2025\/06\/Pessimistische-Schweizer-KMU-1_Organisator.jpg","contentUrl":"https:\/\/www.organisator.ch\/wp-content\/uploads\/2025\/06\/Pessimistische-Schweizer-KMU-1_Organisator.jpg","width":680,"height":454,"caption":"Halbvoll oder halb leer? Schweizer KMU sind derzeit pessimistisch. (Bild: olly18 \/ Depositphotos.com)"},{"@type":"BreadcrumbList","@id":"https:\/\/www.organisator.ch\/management\/2025-06-04\/pessimistische-schweizer-kmu\/#breadcrumb","itemListElement":[{"@type":"ListItem","position":1,"name":"Home","item":"https:\/\/www.organisator.ch\/"},{"@type":"ListItem","position":2,"name":"Pessimistische Schweizer KMU"}]},{"@type":"WebSite","@id":"https:\/\/www.organisator.ch\/#website","url":"https:\/\/www.organisator.ch\/","name":"Organizer","description":"Competent. Practical. In 10 issues per year, ORGANISATOR presents the essential topics for managers of SMEs.","publisher":{"@id":"https:\/\/www.organisator.ch\/#organization"},"potentialAction":[{"@type":"SearchAction","target":{"@type":"EntryPoint","urlTemplate":"https:\/\/www.organisator.ch\/?s={search_term_string}"},"query-input":{"@type":"PropertyValueSpecification","valueRequired":true,"valueName":"search_term_string"}}],"inLanguage":"en-US"},{"@type":"Organization","@id":"https:\/\/www.organisator.ch\/#organization","name":"Organizer","url":"https:\/\/www.organisator.ch\/","logo":{"@type":"ImageObject","inLanguage":"en-US","@id":"https:\/\/www.organisator.ch\/#\/schema\/logo\/image\/","url":"https:\/\/www.organisator.ch\/wp-content\/uploads\/2022\/01\/Logo_Organisator_Website.png","contentUrl":"https:\/\/www.organisator.ch\/wp-content\/uploads\/2022\/01\/Logo_Organisator_Website.png","width":800,"height":77,"caption":"Organisator"},"image":{"@id":"https:\/\/www.organisator.ch\/#\/schema\/logo\/image\/"},"sameAs":["https:\/\/www.facebook.com\/OrganisatorFachmagazin","https:\/\/www.linkedin.com\/showcase\/organisator-das-magazin-fr-kmu","https:\/\/www.xing.com\/news\/pages\/organisator-ch-695","https:\/\/www.youtube.com\/channel\/UCGP2Sq0iWaZwT3BdIAQFYpw"]},{"@type":"Person","@id":"https:\/\/www.organisator.ch\/#\/schema\/person\/6f650f90b2842cd4c0cc334b4e36f67e","name":"thomas.berner","image":{"@type":"ImageObject","inLanguage":"en-US","@id":"https:\/\/secure.gravatar.com\/avatar\/ac5001d2a36cb6c6cd3e50789007ffca834b477b74a2144564522e944eabff61?s=96&d=mm&r=g","url":"https:\/\/secure.gravatar.com\/avatar\/ac5001d2a36cb6c6cd3e50789007ffca834b477b74a2144564522e944eabff61?s=96&d=mm&r=g","contentUrl":"https:\/\/secure.gravatar.com\/avatar\/ac5001d2a36cb6c6cd3e50789007ffca834b477b74a2144564522e944eabff61?s=96&d=mm&r=g","caption":"thomas.berner"},"url":"https:\/\/www.organisator.ch\/en\/author\/thomas-berner\/"}]}},"_links":{"self":[{"href":"https:\/\/www.organisator.ch\/en\/wp-json\/wp\/v2\/posts\/38657","targetHints":{"allow":["GET"]}}],"collection":[{"href":"https:\/\/www.organisator.ch\/en\/wp-json\/wp\/v2\/posts"}],"about":[{"href":"https:\/\/www.organisator.ch\/en\/wp-json\/wp\/v2\/types\/post"}],"author":[{"embeddable":true,"href":"https:\/\/www.organisator.ch\/en\/wp-json\/wp\/v2\/users\/4"}],"replies":[{"embeddable":true,"href":"https:\/\/www.organisator.ch\/en\/wp-json\/wp\/v2\/comments?post=38657"}],"version-history":[{"count":4,"href":"https:\/\/www.organisator.ch\/en\/wp-json\/wp\/v2\/posts\/38657\/revisions"}],"predecessor-version":[{"id":39425,"href":"https:\/\/www.organisator.ch\/en\/wp-json\/wp\/v2\/posts\/38657\/revisions\/39425"}],"wp:featuredmedia":[{"embeddable":true,"href":"https:\/\/www.organisator.ch\/en\/wp-json\/wp\/v2\/media\/38658"}],"wp:attachment":[{"href":"https:\/\/www.organisator.ch\/en\/wp-json\/wp\/v2\/media?parent=38657"}],"wp:term":[{"taxonomy":"category","embeddable":true,"href":"https:\/\/www.organisator.ch\/en\/wp-json\/wp\/v2\/categories?post=38657"},{"taxonomy":"post_tag","embeddable":true,"href":"https:\/\/www.organisator.ch\/en\/wp-json\/wp\/v2\/tags?post=38657"}],"curies":[{"name":"wp","href":"https:\/\/api.w.org\/{rel}","templated":true}]}}