{"id":38665,"date":"2025-06-04T14:45:07","date_gmt":"2025-06-04T12:45:07","guid":{"rendered":"https:\/\/www.markt-kom.com\/?p=235640"},"modified":"2025-06-04T14:43:55","modified_gmt":"2025-06-04T12:43:55","slug":"patrick-farinato-wird-chief-marketing-communication-officer-bei-six","status":"publish","type":"post","link":"https:\/\/www.organisator.ch\/en\/marketing\/2025-06-04\/patrick-farinato-wird-chief-marketing-communication-officer-bei-six\/","title":{"rendered":"Patrick Farinato becomes Chief Marketing &amp; Communication Officer at Six"},"content":{"rendered":"<figure id=\"attachment_235641\" class=\"wp-caption aligncenter\" style=\"width: 631px;\" aria-describedby=\"caption-attachment-235641\"><a href=\"https:\/\/www.markt-kom.com\/wp-content\/uploads\/2025\/06\/patrick-farinato-six.jpg\"><img class=\"size-full wp-image-235641\" src=\"https:\/\/www.markt-kom.com\/wp-content\/uploads\/2025\/06\/patrick-farinato-six.jpg\" sizes=\"(max-width: 631px) 100vw, 631px\" srcset=\"https:\/\/www.markt-kom.com\/wp-content\/uploads\/2025\/06\/patrick-farinato-six.jpg 631w, https:\/\/www.markt-kom.com\/wp-content\/uploads\/2025\/06\/patrick-farinato-six-600x450.jpg 600w, https:\/\/www.markt-kom.com\/wp-content\/uploads\/2025\/06\/patrick-farinato-six-16x12.jpg 16w, https:\/\/www.markt-kom.com\/wp-content\/uploads\/2025\/06\/patrick-farinato-six-233x175.jpg 233w, https:\/\/www.markt-kom.com\/wp-content\/uploads\/2025\/06\/patrick-farinato-six-467x350.jpg 467w\" alt=\"\" width=\"631\" height=\"473\" \/><\/a>\r\n<figcaption id=\"caption-attachment-235641\" class=\"wp-caption-text\">(Image: zVg.)<\/figcaption>\r\n<\/figure>\r\n<p>As part of its \"Scale Up 2027\" growth strategy, Six is realigning its Marketing and Communication department. The aim is to make existing activities even more strategic and proactive in future. To this end, the stock exchange operator has appointed Patrick Farinato as its new Chief Marketing &amp; Communication Officer (CMCO). He will take up the position on September 1, 2025 and will be a member of the extended Executive Board in this role. Farinato succeeds Alain Bichsel, who has shaped the organization for many years and is actively supporting the handover. Bichsel will continue to play a role within Corporate Communications in the future, Six writes in a press release.<\/p>\r\n<p>Patrick Farinato has many years of experience in strategic marketing and communications management. He currently runs his own consultancy firm. Previous positions include L\u00e4derach Chocolatier Suisse as CMO and CCO, Bank Vontobel as Global Head of Marketing &amp; Analytics and international management positions at Bosch, SAM Sustainable Asset Management and Man Group. He is also a member of the Board of Directors and Chairman of the Advisory Board of the Myty Group.<\/p>\r\n<p>\"In Patrick, we have gained a proven and very entrepreneurial expert as CMCO,\" Six CEO Bj\u00f8rn Sibbern is quoted as saying in the press release. \"He has many years of international experience in marketing and communication, which he has already successfully applied in various industries and similar tasks.\" At the same time, he thanks Alain Bichsel for his contribution to date and looks forward to continuing to work together in the new setup.<\/p>","protected":false},"excerpt":{"rendered":"<p>Six appoints Patrick Farinato as Chief Marketing &amp; Communication Officer from September 2025. With this change, the company aims to provide more targeted communication support for its growth strategy as part of \"Scale Up 2027\".<\/p>","protected":false},"author":8,"featured_media":0,"comment_status":"closed","ping_status":"closed","sticky":false,"template":"","format":"standard","meta":{"_acf_changed":false,"_yoast_wpseo_focuskw":"Patrick Farinato","_yoast_wpseo_metadesc":"Six beruft Patrick Farinato zum Chief Marketing & Communication Officer, um die Wachstumsstrategie kommunikativ gezielter zu unterst\u00fctzen.","articlekey":"","footnotes":""},"categories":[29],"tags":[2853,4343,5366],"class_list":["post-38665","post","type-post","status-publish","format-standard","hentry","category-marketing","tag-jobchange","tag-markom","tag-six"],"acf":[],"yoast_head":"<!-- This site is optimized with the Yoast SEO plugin v27.4 - https:\/\/yoast.com\/product\/yoast-seo-wordpress\/ -->\n<title>Patrick Farinato wird Chief Marketing &amp; Communication Officer bei Six - Organisator<\/title>\n<meta name=\"description\" content=\"Six beruft Patrick Farinato zum Chief Marketing &amp; Communication Officer, um die Wachstumsstrategie kommunikativ gezielter zu unterst\u00fctzen.\" \/>\n<meta name=\"robots\" content=\"index, follow, max-snippet:-1, max-image-preview:large, max-video-preview:-1\" \/>\n<link rel=\"canonical\" href=\"https:\/\/www.organisator.ch\/en\/marketing\/2025-06-04\/patrick-farinato-wird-chief-marketing-communication-officer-bei-six\/\" \/>\n<meta property=\"og:locale\" content=\"en_US\" \/>\n<meta property=\"og:type\" content=\"article\" \/>\n<meta property=\"og:title\" content=\"Patrick Farinato wird Chief Marketing &amp; Communication Officer bei Six - Organisator\" \/>\n<meta property=\"og:description\" content=\"Six beruft Patrick Farinato zum Chief Marketing &amp; Communication Officer, um die Wachstumsstrategie kommunikativ gezielter zu unterst\u00fctzen.\" \/>\n<meta property=\"og:url\" content=\"https:\/\/www.organisator.ch\/en\/marketing\/2025-06-04\/patrick-farinato-wird-chief-marketing-communication-officer-bei-six\/\" \/>\n<meta property=\"og:site_name\" content=\"Organisator\" \/>\n<meta property=\"article:publisher\" content=\"https:\/\/www.facebook.com\/OrganisatorFachmagazin\" \/>\n<meta property=\"article:published_time\" content=\"2025-06-04T12:45:07+00:00\" \/>\n<meta name=\"author\" content=\"galledia\" \/>\n<meta name=\"twitter:card\" content=\"summary_large_image\" \/>\n<meta name=\"twitter:creator\" content=\"@admin\" \/>\n<script type=\"application\/ld+json\" class=\"yoast-schema-graph\">{\"@context\":\"https:\\\/\\\/schema.org\",\"@graph\":[{\"@type\":\"Article\",\"@id\":\"https:\\\/\\\/www.organisator.ch\\\/marketing\\\/2025-06-04\\\/patrick-farinato-wird-chief-marketing-communication-officer-bei-six\\\/#article\",\"isPartOf\":{\"@id\":\"https:\\\/\\\/www.organisator.ch\\\/marketing\\\/2025-06-04\\\/patrick-farinato-wird-chief-marketing-communication-officer-bei-six\\\/\"},\"author\":{\"name\":\"galledia\",\"@id\":\"https:\\\/\\\/www.organisator.ch\\\/#\\\/schema\\\/person\\\/4e51799071cd2dd1232ac003643ef5f0\"},\"headline\":\"Patrick Farinato wird Chief Marketing &amp; Communication Officer bei Six\",\"datePublished\":\"2025-06-04T12:45:07+00:00\",\"mainEntityOfPage\":{\"@id\":\"https:\\\/\\\/www.organisator.ch\\\/marketing\\\/2025-06-04\\\/patrick-farinato-wird-chief-marketing-communication-officer-bei-six\\\/\"},\"wordCount\":246,\"publisher\":{\"@id\":\"https:\\\/\\\/www.organisator.ch\\\/#organization\"},\"image\":{\"@id\":\"https:\\\/\\\/www.organisator.ch\\\/marketing\\\/2025-06-04\\\/patrick-farinato-wird-chief-marketing-communication-officer-bei-six\\\/#primaryimage\"},\"thumbnailUrl\":\"https:\\\/\\\/www.markt-kom.com\\\/wp-content\\\/uploads\\\/2025\\\/06\\\/patrick-farinato-six.jpg\",\"keywords\":[\"Jobchange\",\"MarKom\",\"Six\"],\"articleSection\":[\"MARKETING\"],\"inLanguage\":\"en-US\"},{\"@type\":\"WebPage\",\"@id\":\"https:\\\/\\\/www.organisator.ch\\\/marketing\\\/2025-06-04\\\/patrick-farinato-wird-chief-marketing-communication-officer-bei-six\\\/\",\"url\":\"https:\\\/\\\/www.organisator.ch\\\/marketing\\\/2025-06-04\\\/patrick-farinato-wird-chief-marketing-communication-officer-bei-six\\\/\",\"name\":\"Patrick Farinato wird Chief Marketing &amp; Communication Officer bei Six - Organisator\",\"isPartOf\":{\"@id\":\"https:\\\/\\\/www.organisator.ch\\\/#website\"},\"primaryImageOfPage\":{\"@id\":\"https:\\\/\\\/www.organisator.ch\\\/marketing\\\/2025-06-04\\\/patrick-farinato-wird-chief-marketing-communication-officer-bei-six\\\/#primaryimage\"},\"image\":{\"@id\":\"https:\\\/\\\/www.organisator.ch\\\/marketing\\\/2025-06-04\\\/patrick-farinato-wird-chief-marketing-communication-officer-bei-six\\\/#primaryimage\"},\"thumbnailUrl\":\"https:\\\/\\\/www.markt-kom.com\\\/wp-content\\\/uploads\\\/2025\\\/06\\\/patrick-farinato-six.jpg\",\"datePublished\":\"2025-06-04T12:45:07+00:00\",\"description\":\"Six beruft Patrick Farinato zum Chief Marketing & Communication Officer, um die Wachstumsstrategie kommunikativ gezielter zu unterst\u00fctzen.\",\"breadcrumb\":{\"@id\":\"https:\\\/\\\/www.organisator.ch\\\/marketing\\\/2025-06-04\\\/patrick-farinato-wird-chief-marketing-communication-officer-bei-six\\\/#breadcrumb\"},\"inLanguage\":\"en-US\",\"potentialAction\":[{\"@type\":\"ReadAction\",\"target\":[\"https:\\\/\\\/www.organisator.ch\\\/marketing\\\/2025-06-04\\\/patrick-farinato-wird-chief-marketing-communication-officer-bei-six\\\/\"]}]},{\"@type\":\"ImageObject\",\"inLanguage\":\"en-US\",\"@id\":\"https:\\\/\\\/www.organisator.ch\\\/marketing\\\/2025-06-04\\\/patrick-farinato-wird-chief-marketing-communication-officer-bei-six\\\/#primaryimage\",\"url\":\"https:\\\/\\\/www.markt-kom.com\\\/wp-content\\\/uploads\\\/2025\\\/06\\\/patrick-farinato-six.jpg\",\"contentUrl\":\"https:\\\/\\\/www.markt-kom.com\\\/wp-content\\\/uploads\\\/2025\\\/06\\\/patrick-farinato-six.jpg\"},{\"@type\":\"BreadcrumbList\",\"@id\":\"https:\\\/\\\/www.organisator.ch\\\/marketing\\\/2025-06-04\\\/patrick-farinato-wird-chief-marketing-communication-officer-bei-six\\\/#breadcrumb\",\"itemListElement\":[{\"@type\":\"ListItem\",\"position\":1,\"name\":\"Home\",\"item\":\"https:\\\/\\\/www.organisator.ch\\\/\"},{\"@type\":\"ListItem\",\"position\":2,\"name\":\"Patrick Farinato wird Chief Marketing &amp; Communication Officer bei Six\"}]},{\"@type\":\"WebSite\",\"@id\":\"https:\\\/\\\/www.organisator.ch\\\/#website\",\"url\":\"https:\\\/\\\/www.organisator.ch\\\/\",\"name\":\"Organisator\",\"description\":\"Kompetent. Praxisnah. Der ORGANISATOR bereitet in 10 Ausgaben pro Jahr die wesentlichen Themen f\u00fcr F\u00fchrungskr\u00e4fte von KMU auf.\",\"publisher\":{\"@id\":\"https:\\\/\\\/www.organisator.ch\\\/#organization\"},\"potentialAction\":[{\"@type\":\"SearchAction\",\"target\":{\"@type\":\"EntryPoint\",\"urlTemplate\":\"https:\\\/\\\/www.organisator.ch\\\/?s={search_term_string}\"},\"query-input\":{\"@type\":\"PropertyValueSpecification\",\"valueRequired\":true,\"valueName\":\"search_term_string\"}}],\"inLanguage\":\"en-US\"},{\"@type\":\"Organization\",\"@id\":\"https:\\\/\\\/www.organisator.ch\\\/#organization\",\"name\":\"Organisator\",\"url\":\"https:\\\/\\\/www.organisator.ch\\\/\",\"logo\":{\"@type\":\"ImageObject\",\"inLanguage\":\"en-US\",\"@id\":\"https:\\\/\\\/www.organisator.ch\\\/#\\\/schema\\\/logo\\\/image\\\/\",\"url\":\"https:\\\/\\\/www.organisator.ch\\\/wp-content\\\/uploads\\\/2022\\\/01\\\/Logo_Organisator_Website.png\",\"contentUrl\":\"https:\\\/\\\/www.organisator.ch\\\/wp-content\\\/uploads\\\/2022\\\/01\\\/Logo_Organisator_Website.png\",\"width\":800,\"height\":77,\"caption\":\"Organisator\"},\"image\":{\"@id\":\"https:\\\/\\\/www.organisator.ch\\\/#\\\/schema\\\/logo\\\/image\\\/\"},\"sameAs\":[\"https:\\\/\\\/www.facebook.com\\\/OrganisatorFachmagazin\",\"https:\\\/\\\/www.linkedin.com\\\/showcase\\\/organisator-das-magazin-fr-kmu\",\"https:\\\/\\\/www.xing.com\\\/news\\\/pages\\\/organisator-ch-695\",\"https:\\\/\\\/www.youtube.com\\\/channel\\\/UCGP2Sq0iWaZwT3BdIAQFYpw\"]},{\"@type\":\"Person\",\"@id\":\"https:\\\/\\\/www.organisator.ch\\\/#\\\/schema\\\/person\\\/4e51799071cd2dd1232ac003643ef5f0\",\"name\":\"galledia\",\"image\":{\"@type\":\"ImageObject\",\"inLanguage\":\"en-US\",\"@id\":\"https:\\\/\\\/secure.gravatar.com\\\/avatar\\\/78a7f90c01fc2bfc875782a0d4922b37cde2cf184ce347b91316d23cd7f69a36?s=96&d=mm&r=g\",\"url\":\"https:\\\/\\\/secure.gravatar.com\\\/avatar\\\/78a7f90c01fc2bfc875782a0d4922b37cde2cf184ce347b91316d23cd7f69a36?s=96&d=mm&r=g\",\"contentUrl\":\"https:\\\/\\\/secure.gravatar.com\\\/avatar\\\/78a7f90c01fc2bfc875782a0d4922b37cde2cf184ce347b91316d23cd7f69a36?s=96&d=mm&r=g\",\"caption\":\"galledia\"},\"sameAs\":[\"https:\\\/\\\/x.com\\\/admin\"],\"url\":\"https:\\\/\\\/www.organisator.ch\\\/en\\\/author\\\/galledia\\\/\"}]}<\/script>\n<!-- \/ Yoast SEO plugin. -->","yoast_head_json":{"title":"Patrick Farinato becomes Chief Marketing &amp; Communication Officer at Six - Organizer","description":"Six appoints Patrick Farinato as Chief Marketing &amp; Communication Officer to support the growth strategy with more targeted communication.","robots":{"index":"index","follow":"follow","max-snippet":"max-snippet:-1","max-image-preview":"max-image-preview:large","max-video-preview":"max-video-preview:-1"},"canonical":"https:\/\/www.organisator.ch\/en\/marketing\/2025-06-04\/patrick-farinato-wird-chief-marketing-communication-officer-bei-six\/","og_locale":"en_US","og_type":"article","og_title":"Patrick Farinato wird Chief Marketing &amp; Communication Officer bei Six - Organisator","og_description":"Six beruft Patrick Farinato zum Chief Marketing & Communication Officer, um die Wachstumsstrategie kommunikativ gezielter zu unterst\u00fctzen.","og_url":"https:\/\/www.organisator.ch\/en\/marketing\/2025-06-04\/patrick-farinato-wird-chief-marketing-communication-officer-bei-six\/","og_site_name":"Organisator","article_publisher":"https:\/\/www.facebook.com\/OrganisatorFachmagazin","article_published_time":"2025-06-04T12:45:07+00:00","author":"galledia","twitter_card":"summary_large_image","twitter_creator":"@admin","schema":{"@context":"https:\/\/schema.org","@graph":[{"@type":"Article","@id":"https:\/\/www.organisator.ch\/marketing\/2025-06-04\/patrick-farinato-wird-chief-marketing-communication-officer-bei-six\/#article","isPartOf":{"@id":"https:\/\/www.organisator.ch\/marketing\/2025-06-04\/patrick-farinato-wird-chief-marketing-communication-officer-bei-six\/"},"author":{"name":"galledia","@id":"https:\/\/www.organisator.ch\/#\/schema\/person\/4e51799071cd2dd1232ac003643ef5f0"},"headline":"Patrick Farinato wird Chief Marketing &amp; Communication Officer bei Six","datePublished":"2025-06-04T12:45:07+00:00","mainEntityOfPage":{"@id":"https:\/\/www.organisator.ch\/marketing\/2025-06-04\/patrick-farinato-wird-chief-marketing-communication-officer-bei-six\/"},"wordCount":246,"publisher":{"@id":"https:\/\/www.organisator.ch\/#organization"},"image":{"@id":"https:\/\/www.organisator.ch\/marketing\/2025-06-04\/patrick-farinato-wird-chief-marketing-communication-officer-bei-six\/#primaryimage"},"thumbnailUrl":"https:\/\/www.markt-kom.com\/wp-content\/uploads\/2025\/06\/patrick-farinato-six.jpg","keywords":["Jobchange","MarKom","Six"],"articleSection":["MARKETING"],"inLanguage":"en-US"},{"@type":"WebPage","@id":"https:\/\/www.organisator.ch\/marketing\/2025-06-04\/patrick-farinato-wird-chief-marketing-communication-officer-bei-six\/","url":"https:\/\/www.organisator.ch\/marketing\/2025-06-04\/patrick-farinato-wird-chief-marketing-communication-officer-bei-six\/","name":"Patrick Farinato becomes Chief Marketing &amp; Communication Officer at Six - Organizer","isPartOf":{"@id":"https:\/\/www.organisator.ch\/#website"},"primaryImageOfPage":{"@id":"https:\/\/www.organisator.ch\/marketing\/2025-06-04\/patrick-farinato-wird-chief-marketing-communication-officer-bei-six\/#primaryimage"},"image":{"@id":"https:\/\/www.organisator.ch\/marketing\/2025-06-04\/patrick-farinato-wird-chief-marketing-communication-officer-bei-six\/#primaryimage"},"thumbnailUrl":"https:\/\/www.markt-kom.com\/wp-content\/uploads\/2025\/06\/patrick-farinato-six.jpg","datePublished":"2025-06-04T12:45:07+00:00","description":"Six appoints Patrick Farinato as Chief Marketing &amp; Communication Officer to support the growth strategy with more targeted communication.","breadcrumb":{"@id":"https:\/\/www.organisator.ch\/marketing\/2025-06-04\/patrick-farinato-wird-chief-marketing-communication-officer-bei-six\/#breadcrumb"},"inLanguage":"en-US","potentialAction":[{"@type":"ReadAction","target":["https:\/\/www.organisator.ch\/marketing\/2025-06-04\/patrick-farinato-wird-chief-marketing-communication-officer-bei-six\/"]}]},{"@type":"ImageObject","inLanguage":"en-US","@id":"https:\/\/www.organisator.ch\/marketing\/2025-06-04\/patrick-farinato-wird-chief-marketing-communication-officer-bei-six\/#primaryimage","url":"https:\/\/www.markt-kom.com\/wp-content\/uploads\/2025\/06\/patrick-farinato-six.jpg","contentUrl":"https:\/\/www.markt-kom.com\/wp-content\/uploads\/2025\/06\/patrick-farinato-six.jpg"},{"@type":"BreadcrumbList","@id":"https:\/\/www.organisator.ch\/marketing\/2025-06-04\/patrick-farinato-wird-chief-marketing-communication-officer-bei-six\/#breadcrumb","itemListElement":[{"@type":"ListItem","position":1,"name":"Home","item":"https:\/\/www.organisator.ch\/"},{"@type":"ListItem","position":2,"name":"Patrick Farinato wird Chief Marketing &amp; Communication Officer bei Six"}]},{"@type":"WebSite","@id":"https:\/\/www.organisator.ch\/#website","url":"https:\/\/www.organisator.ch\/","name":"Organizer","description":"Competent. Practical. In 10 issues per year, ORGANISATOR presents the essential topics for managers of SMEs.","publisher":{"@id":"https:\/\/www.organisator.ch\/#organization"},"potentialAction":[{"@type":"SearchAction","target":{"@type":"EntryPoint","urlTemplate":"https:\/\/www.organisator.ch\/?s={search_term_string}"},"query-input":{"@type":"PropertyValueSpecification","valueRequired":true,"valueName":"search_term_string"}}],"inLanguage":"en-US"},{"@type":"Organization","@id":"https:\/\/www.organisator.ch\/#organization","name":"Organizer","url":"https:\/\/www.organisator.ch\/","logo":{"@type":"ImageObject","inLanguage":"en-US","@id":"https:\/\/www.organisator.ch\/#\/schema\/logo\/image\/","url":"https:\/\/www.organisator.ch\/wp-content\/uploads\/2022\/01\/Logo_Organisator_Website.png","contentUrl":"https:\/\/www.organisator.ch\/wp-content\/uploads\/2022\/01\/Logo_Organisator_Website.png","width":800,"height":77,"caption":"Organisator"},"image":{"@id":"https:\/\/www.organisator.ch\/#\/schema\/logo\/image\/"},"sameAs":["https:\/\/www.facebook.com\/OrganisatorFachmagazin","https:\/\/www.linkedin.com\/showcase\/organisator-das-magazin-fr-kmu","https:\/\/www.xing.com\/news\/pages\/organisator-ch-695","https:\/\/www.youtube.com\/channel\/UCGP2Sq0iWaZwT3BdIAQFYpw"]},{"@type":"Person","@id":"https:\/\/www.organisator.ch\/#\/schema\/person\/4e51799071cd2dd1232ac003643ef5f0","name":"galledia","image":{"@type":"ImageObject","inLanguage":"en-US","@id":"https:\/\/secure.gravatar.com\/avatar\/78a7f90c01fc2bfc875782a0d4922b37cde2cf184ce347b91316d23cd7f69a36?s=96&d=mm&r=g","url":"https:\/\/secure.gravatar.com\/avatar\/78a7f90c01fc2bfc875782a0d4922b37cde2cf184ce347b91316d23cd7f69a36?s=96&d=mm&r=g","contentUrl":"https:\/\/secure.gravatar.com\/avatar\/78a7f90c01fc2bfc875782a0d4922b37cde2cf184ce347b91316d23cd7f69a36?s=96&d=mm&r=g","caption":"galledia"},"sameAs":["https:\/\/x.com\/admin"],"url":"https:\/\/www.organisator.ch\/en\/author\/galledia\/"}]}},"_links":{"self":[{"href":"https:\/\/www.organisator.ch\/en\/wp-json\/wp\/v2\/posts\/38665","targetHints":{"allow":["GET"]}}],"collection":[{"href":"https:\/\/www.organisator.ch\/en\/wp-json\/wp\/v2\/posts"}],"about":[{"href":"https:\/\/www.organisator.ch\/en\/wp-json\/wp\/v2\/types\/post"}],"author":[{"embeddable":true,"href":"https:\/\/www.organisator.ch\/en\/wp-json\/wp\/v2\/users\/8"}],"replies":[{"embeddable":true,"href":"https:\/\/www.organisator.ch\/en\/wp-json\/wp\/v2\/comments?post=38665"}],"version-history":[{"count":4,"href":"https:\/\/www.organisator.ch\/en\/wp-json\/wp\/v2\/posts\/38665\/revisions"}],"predecessor-version":[{"id":38692,"href":"https:\/\/www.organisator.ch\/en\/wp-json\/wp\/v2\/posts\/38665\/revisions\/38692"}],"wp:attachment":[{"href":"https:\/\/www.organisator.ch\/en\/wp-json\/wp\/v2\/media?parent=38665"}],"wp:term":[{"taxonomy":"category","embeddable":true,"href":"https:\/\/www.organisator.ch\/en\/wp-json\/wp\/v2\/categories?post=38665"},{"taxonomy":"post_tag","embeddable":true,"href":"https:\/\/www.organisator.ch\/en\/wp-json\/wp\/v2\/tags?post=38665"}],"curies":[{"name":"wp","href":"https:\/\/api.w.org\/{rel}","templated":true}]}}