{"id":38675,"date":"2025-06-04T11:56:04","date_gmt":"2025-06-04T09:56:04","guid":{"rendered":"https:\/\/www.markt-kom.com\/?p=235655"},"modified":"2025-06-04T15:07:20","modified_gmt":"2025-06-04T13:07:20","slug":"michael-volkart-wird-partner-bei-panter","status":"publish","type":"post","link":"https:\/\/www.organisator.ch\/en\/marketing\/2025-06-04\/michael-volkart-wird-partner-bei-panter\/","title":{"rendered":"Michael Volkart becomes a partner at Panter"},"content":{"rendered":"<figure id=\"attachment_235656\" class=\"wp-caption aligncenter\" style=\"width: 704px;\" aria-describedby=\"caption-attachment-235656\"><a href=\"https:\/\/www.markt-kom.com\/wp-content\/uploads\/2025\/06\/Michael-Volkart-Panter-Partner.jpg\"><img class=\"size-full wp-image-235656\" src=\"https:\/\/www.markt-kom.com\/wp-content\/uploads\/2025\/06\/Michael-Volkart-Panter-Partner.jpg\" sizes=\"(max-width: 704px) 100vw, 704px\" srcset=\"https:\/\/www.markt-kom.com\/wp-content\/uploads\/2025\/06\/Michael-Volkart-Panter-Partner.jpg 704w, https:\/\/www.markt-kom.com\/wp-content\/uploads\/2025\/06\/Michael-Volkart-Panter-Partner-600x450.jpg 600w, https:\/\/www.markt-kom.com\/wp-content\/uploads\/2025\/06\/Michael-Volkart-Panter-Partner-16x12.jpg 16w, https:\/\/www.markt-kom.com\/wp-content\/uploads\/2025\/06\/Michael-Volkart-Panter-Partner-233x175.jpg 233w, https:\/\/www.markt-kom.com\/wp-content\/uploads\/2025\/06\/Michael-Volkart-Panter-Partner-467x350.jpg 467w\" alt=\"\" width=\"704\" height=\"528\" \/><\/a>\r\n<figcaption id=\"caption-attachment-235656\" class=\"wp-caption-text\">(Image: zVg.)<\/figcaption>\r\n<\/figure>\r\n<p>With Michael Volkart as a partner, Panter is bringing an experienced entrepreneur in the field of digital services and products into the agency. Volkart will become a member of the Board of Directors and will also be operationally involved in customer projects and the further development of the company. His activities will focus on strategic positioning, expanding the AI offering and participating in initiatives and collaborations relating to digital innovation.<\/p>\r\n<p>Panter has been active in Zurich for twenty years and has worked with partners such as Impact Hub Zurich, start-ups such as Inyova or Wolfpak.ai and other platforms over the years.<\/p>\r\n<p>According to the press release, Volkart shares the agency's values and vision: \"The combination of entrepreneurial spirit, social relevance and digital innovation are firmly anchored at Panter.\" After many years of consolidation and stagnation, the industry is once again experiencing a spirit of optimism, comparable to the early 2000s, when companies began to seriously integrate the internet into their business models. With regard to current developments in generative AI and large language models, Volkart emphasizes: \"At Panter, we see the opportunity and responsibility to bring these developments to organizations in a meaningful way - practically, responsibly and with a focus on concrete benefits.\"<\/p>\r\n<p>Panter is a co-initiator of the Swiss {ai} Weeks, which will take place in more than ten Swiss cities in fall 2025. The series of events with over 55 partner organizations offers space for hackathons, events and professional exchange around AI applications. Volkart has been involved in the initiative since its inception.<\/p>","protected":false},"excerpt":{"rendered":"<p>The Zurich-based company Panter has brought Michael Volkart, co-founder of Hinderling Volkart, on board as a partner. In addition to his role on the Board of Directors, he will be operationally involved in customer projects and strategic topics for the future.<\/p>","protected":false},"author":8,"featured_media":0,"comment_status":"closed","ping_status":"closed","sticky":false,"template":"","format":"standard","meta":{"_acf_changed":false,"_yoast_wpseo_focuskw":"Michael Volkart","_yoast_wpseo_metadesc":"Die Z\u00fcrcher Firma Panter holt Michael Volkart, Mitgr\u00fcnder von Hinderling Volkart, als Partner an Bord.","articlekey":"","footnotes":""},"categories":[29],"tags":[4345,2853,5367],"class_list":["post-38675","post","type-post","status-publish","format-standard","hentry","category-marketing","tag-business","tag-jobchange","tag-michael-volkart"],"acf":[],"yoast_head":"<!-- This site is optimized with the Yoast SEO plugin v27.5 - https:\/\/yoast.com\/product\/yoast-seo-wordpress\/ -->\n<title>Michael Volkart wird Partner bei Panter - Organisator<\/title>\n<meta name=\"description\" content=\"Die Z\u00fcrcher Firma Panter holt Michael Volkart, Mitgr\u00fcnder von Hinderling Volkart, als Partner an Bord.\" \/>\n<meta name=\"robots\" content=\"index, follow, max-snippet:-1, max-image-preview:large, max-video-preview:-1\" \/>\n<link rel=\"canonical\" href=\"https:\/\/www.organisator.ch\/en\/marketing\/2025-06-04\/michael-volkart-wird-partner-bei-panter\/\" \/>\n<meta property=\"og:locale\" content=\"en_US\" \/>\n<meta property=\"og:type\" content=\"article\" \/>\n<meta property=\"og:title\" content=\"Michael Volkart wird Partner bei Panter - Organisator\" \/>\n<meta property=\"og:description\" content=\"Die Z\u00fcrcher Firma Panter holt Michael Volkart, Mitgr\u00fcnder von Hinderling Volkart, als Partner an Bord.\" \/>\n<meta property=\"og:url\" content=\"https:\/\/www.organisator.ch\/en\/marketing\/2025-06-04\/michael-volkart-wird-partner-bei-panter\/\" \/>\n<meta property=\"og:site_name\" content=\"Organisator\" \/>\n<meta property=\"article:publisher\" content=\"https:\/\/www.facebook.com\/OrganisatorFachmagazin\" \/>\n<meta property=\"article:published_time\" content=\"2025-06-04T09:56:04+00:00\" \/>\n<meta property=\"article:modified_time\" content=\"2025-06-04T13:07:20+00:00\" \/>\n<meta name=\"author\" content=\"galledia\" \/>\n<meta name=\"twitter:card\" content=\"summary_large_image\" \/>\n<meta name=\"twitter:creator\" content=\"@admin\" \/>\n<script type=\"application\/ld+json\" class=\"yoast-schema-graph\">{\"@context\":\"https:\\\/\\\/schema.org\",\"@graph\":[{\"@type\":\"Article\",\"@id\":\"https:\\\/\\\/www.organisator.ch\\\/marketing\\\/2025-06-04\\\/michael-volkart-wird-partner-bei-panter\\\/#article\",\"isPartOf\":{\"@id\":\"https:\\\/\\\/www.organisator.ch\\\/marketing\\\/2025-06-04\\\/michael-volkart-wird-partner-bei-panter\\\/\"},\"author\":{\"name\":\"galledia\",\"@id\":\"https:\\\/\\\/www.organisator.ch\\\/#\\\/schema\\\/person\\\/4e51799071cd2dd1232ac003643ef5f0\"},\"headline\":\"Michael Volkart wird Partner bei Panter\",\"datePublished\":\"2025-06-04T09:56:04+00:00\",\"dateModified\":\"2025-06-04T13:07:20+00:00\",\"mainEntityOfPage\":{\"@id\":\"https:\\\/\\\/www.organisator.ch\\\/marketing\\\/2025-06-04\\\/michael-volkart-wird-partner-bei-panter\\\/\"},\"wordCount\":244,\"publisher\":{\"@id\":\"https:\\\/\\\/www.organisator.ch\\\/#organization\"},\"image\":{\"@id\":\"https:\\\/\\\/www.organisator.ch\\\/marketing\\\/2025-06-04\\\/michael-volkart-wird-partner-bei-panter\\\/#primaryimage\"},\"thumbnailUrl\":\"https:\\\/\\\/www.markt-kom.com\\\/wp-content\\\/uploads\\\/2025\\\/06\\\/Michael-Volkart-Panter-Partner.jpg\",\"keywords\":[\"Business\",\"Jobchange\",\"Michael Volkart\"],\"articleSection\":[\"MARKETING\"],\"inLanguage\":\"en-US\"},{\"@type\":\"WebPage\",\"@id\":\"https:\\\/\\\/www.organisator.ch\\\/marketing\\\/2025-06-04\\\/michael-volkart-wird-partner-bei-panter\\\/\",\"url\":\"https:\\\/\\\/www.organisator.ch\\\/marketing\\\/2025-06-04\\\/michael-volkart-wird-partner-bei-panter\\\/\",\"name\":\"Michael Volkart wird Partner bei Panter - Organisator\",\"isPartOf\":{\"@id\":\"https:\\\/\\\/www.organisator.ch\\\/#website\"},\"primaryImageOfPage\":{\"@id\":\"https:\\\/\\\/www.organisator.ch\\\/marketing\\\/2025-06-04\\\/michael-volkart-wird-partner-bei-panter\\\/#primaryimage\"},\"image\":{\"@id\":\"https:\\\/\\\/www.organisator.ch\\\/marketing\\\/2025-06-04\\\/michael-volkart-wird-partner-bei-panter\\\/#primaryimage\"},\"thumbnailUrl\":\"https:\\\/\\\/www.markt-kom.com\\\/wp-content\\\/uploads\\\/2025\\\/06\\\/Michael-Volkart-Panter-Partner.jpg\",\"datePublished\":\"2025-06-04T09:56:04+00:00\",\"dateModified\":\"2025-06-04T13:07:20+00:00\",\"description\":\"Die Z\u00fcrcher Firma Panter holt Michael Volkart, Mitgr\u00fcnder von Hinderling Volkart, als Partner an Bord.\",\"breadcrumb\":{\"@id\":\"https:\\\/\\\/www.organisator.ch\\\/marketing\\\/2025-06-04\\\/michael-volkart-wird-partner-bei-panter\\\/#breadcrumb\"},\"inLanguage\":\"en-US\",\"potentialAction\":[{\"@type\":\"ReadAction\",\"target\":[\"https:\\\/\\\/www.organisator.ch\\\/marketing\\\/2025-06-04\\\/michael-volkart-wird-partner-bei-panter\\\/\"]}]},{\"@type\":\"ImageObject\",\"inLanguage\":\"en-US\",\"@id\":\"https:\\\/\\\/www.organisator.ch\\\/marketing\\\/2025-06-04\\\/michael-volkart-wird-partner-bei-panter\\\/#primaryimage\",\"url\":\"https:\\\/\\\/www.markt-kom.com\\\/wp-content\\\/uploads\\\/2025\\\/06\\\/Michael-Volkart-Panter-Partner.jpg\",\"contentUrl\":\"https:\\\/\\\/www.markt-kom.com\\\/wp-content\\\/uploads\\\/2025\\\/06\\\/Michael-Volkart-Panter-Partner.jpg\"},{\"@type\":\"BreadcrumbList\",\"@id\":\"https:\\\/\\\/www.organisator.ch\\\/marketing\\\/2025-06-04\\\/michael-volkart-wird-partner-bei-panter\\\/#breadcrumb\",\"itemListElement\":[{\"@type\":\"ListItem\",\"position\":1,\"name\":\"Home\",\"item\":\"https:\\\/\\\/www.organisator.ch\\\/\"},{\"@type\":\"ListItem\",\"position\":2,\"name\":\"Michael Volkart wird Partner bei Panter\"}]},{\"@type\":\"WebSite\",\"@id\":\"https:\\\/\\\/www.organisator.ch\\\/#website\",\"url\":\"https:\\\/\\\/www.organisator.ch\\\/\",\"name\":\"Organisator\",\"description\":\"Kompetent. Praxisnah. Der ORGANISATOR bereitet in 10 Ausgaben pro Jahr die wesentlichen Themen f\u00fcr F\u00fchrungskr\u00e4fte von KMU auf.\",\"publisher\":{\"@id\":\"https:\\\/\\\/www.organisator.ch\\\/#organization\"},\"potentialAction\":[{\"@type\":\"SearchAction\",\"target\":{\"@type\":\"EntryPoint\",\"urlTemplate\":\"https:\\\/\\\/www.organisator.ch\\\/?s={search_term_string}\"},\"query-input\":{\"@type\":\"PropertyValueSpecification\",\"valueRequired\":true,\"valueName\":\"search_term_string\"}}],\"inLanguage\":\"en-US\"},{\"@type\":\"Organization\",\"@id\":\"https:\\\/\\\/www.organisator.ch\\\/#organization\",\"name\":\"Organisator\",\"url\":\"https:\\\/\\\/www.organisator.ch\\\/\",\"logo\":{\"@type\":\"ImageObject\",\"inLanguage\":\"en-US\",\"@id\":\"https:\\\/\\\/www.organisator.ch\\\/#\\\/schema\\\/logo\\\/image\\\/\",\"url\":\"https:\\\/\\\/www.organisator.ch\\\/wp-content\\\/uploads\\\/2022\\\/01\\\/Logo_Organisator_Website.png\",\"contentUrl\":\"https:\\\/\\\/www.organisator.ch\\\/wp-content\\\/uploads\\\/2022\\\/01\\\/Logo_Organisator_Website.png\",\"width\":800,\"height\":77,\"caption\":\"Organisator\"},\"image\":{\"@id\":\"https:\\\/\\\/www.organisator.ch\\\/#\\\/schema\\\/logo\\\/image\\\/\"},\"sameAs\":[\"https:\\\/\\\/www.facebook.com\\\/OrganisatorFachmagazin\",\"https:\\\/\\\/www.linkedin.com\\\/showcase\\\/organisator-das-magazin-fr-kmu\",\"https:\\\/\\\/www.xing.com\\\/news\\\/pages\\\/organisator-ch-695\",\"https:\\\/\\\/www.youtube.com\\\/channel\\\/UCGP2Sq0iWaZwT3BdIAQFYpw\"]},{\"@type\":\"Person\",\"@id\":\"https:\\\/\\\/www.organisator.ch\\\/#\\\/schema\\\/person\\\/4e51799071cd2dd1232ac003643ef5f0\",\"name\":\"galledia\",\"image\":{\"@type\":\"ImageObject\",\"inLanguage\":\"en-US\",\"@id\":\"https:\\\/\\\/secure.gravatar.com\\\/avatar\\\/78a7f90c01fc2bfc875782a0d4922b37cde2cf184ce347b91316d23cd7f69a36?s=96&d=mm&r=g\",\"url\":\"https:\\\/\\\/secure.gravatar.com\\\/avatar\\\/78a7f90c01fc2bfc875782a0d4922b37cde2cf184ce347b91316d23cd7f69a36?s=96&d=mm&r=g\",\"contentUrl\":\"https:\\\/\\\/secure.gravatar.com\\\/avatar\\\/78a7f90c01fc2bfc875782a0d4922b37cde2cf184ce347b91316d23cd7f69a36?s=96&d=mm&r=g\",\"caption\":\"galledia\"},\"sameAs\":[\"https:\\\/\\\/x.com\\\/admin\"],\"url\":\"https:\\\/\\\/www.organisator.ch\\\/en\\\/author\\\/galledia\\\/\"}]}<\/script>\n<!-- \/ Yoast SEO plugin. -->","yoast_head_json":{"title":"Michael Volkart becomes a partner at Panter - Organizer","description":"The Zurich-based company Panter brings Michael Volkart, co-founder of Hinderling Volkart, on board as a partner.","robots":{"index":"index","follow":"follow","max-snippet":"max-snippet:-1","max-image-preview":"max-image-preview:large","max-video-preview":"max-video-preview:-1"},"canonical":"https:\/\/www.organisator.ch\/en\/marketing\/2025-06-04\/michael-volkart-wird-partner-bei-panter\/","og_locale":"en_US","og_type":"article","og_title":"Michael Volkart wird Partner bei Panter - Organisator","og_description":"Die Z\u00fcrcher Firma Panter holt Michael Volkart, Mitgr\u00fcnder von Hinderling Volkart, als Partner an Bord.","og_url":"https:\/\/www.organisator.ch\/en\/marketing\/2025-06-04\/michael-volkart-wird-partner-bei-panter\/","og_site_name":"Organisator","article_publisher":"https:\/\/www.facebook.com\/OrganisatorFachmagazin","article_published_time":"2025-06-04T09:56:04+00:00","article_modified_time":"2025-06-04T13:07:20+00:00","author":"galledia","twitter_card":"summary_large_image","twitter_creator":"@admin","schema":{"@context":"https:\/\/schema.org","@graph":[{"@type":"Article","@id":"https:\/\/www.organisator.ch\/marketing\/2025-06-04\/michael-volkart-wird-partner-bei-panter\/#article","isPartOf":{"@id":"https:\/\/www.organisator.ch\/marketing\/2025-06-04\/michael-volkart-wird-partner-bei-panter\/"},"author":{"name":"galledia","@id":"https:\/\/www.organisator.ch\/#\/schema\/person\/4e51799071cd2dd1232ac003643ef5f0"},"headline":"Michael Volkart wird Partner bei Panter","datePublished":"2025-06-04T09:56:04+00:00","dateModified":"2025-06-04T13:07:20+00:00","mainEntityOfPage":{"@id":"https:\/\/www.organisator.ch\/marketing\/2025-06-04\/michael-volkart-wird-partner-bei-panter\/"},"wordCount":244,"publisher":{"@id":"https:\/\/www.organisator.ch\/#organization"},"image":{"@id":"https:\/\/www.organisator.ch\/marketing\/2025-06-04\/michael-volkart-wird-partner-bei-panter\/#primaryimage"},"thumbnailUrl":"https:\/\/www.markt-kom.com\/wp-content\/uploads\/2025\/06\/Michael-Volkart-Panter-Partner.jpg","keywords":["Business","Jobchange","Michael Volkart"],"articleSection":["MARKETING"],"inLanguage":"en-US"},{"@type":"WebPage","@id":"https:\/\/www.organisator.ch\/marketing\/2025-06-04\/michael-volkart-wird-partner-bei-panter\/","url":"https:\/\/www.organisator.ch\/marketing\/2025-06-04\/michael-volkart-wird-partner-bei-panter\/","name":"Michael Volkart becomes a partner at Panter - Organizer","isPartOf":{"@id":"https:\/\/www.organisator.ch\/#website"},"primaryImageOfPage":{"@id":"https:\/\/www.organisator.ch\/marketing\/2025-06-04\/michael-volkart-wird-partner-bei-panter\/#primaryimage"},"image":{"@id":"https:\/\/www.organisator.ch\/marketing\/2025-06-04\/michael-volkart-wird-partner-bei-panter\/#primaryimage"},"thumbnailUrl":"https:\/\/www.markt-kom.com\/wp-content\/uploads\/2025\/06\/Michael-Volkart-Panter-Partner.jpg","datePublished":"2025-06-04T09:56:04+00:00","dateModified":"2025-06-04T13:07:20+00:00","description":"The Zurich-based company Panter brings Michael Volkart, co-founder of Hinderling Volkart, on board as a partner.","breadcrumb":{"@id":"https:\/\/www.organisator.ch\/marketing\/2025-06-04\/michael-volkart-wird-partner-bei-panter\/#breadcrumb"},"inLanguage":"en-US","potentialAction":[{"@type":"ReadAction","target":["https:\/\/www.organisator.ch\/marketing\/2025-06-04\/michael-volkart-wird-partner-bei-panter\/"]}]},{"@type":"ImageObject","inLanguage":"en-US","@id":"https:\/\/www.organisator.ch\/marketing\/2025-06-04\/michael-volkart-wird-partner-bei-panter\/#primaryimage","url":"https:\/\/www.markt-kom.com\/wp-content\/uploads\/2025\/06\/Michael-Volkart-Panter-Partner.jpg","contentUrl":"https:\/\/www.markt-kom.com\/wp-content\/uploads\/2025\/06\/Michael-Volkart-Panter-Partner.jpg"},{"@type":"BreadcrumbList","@id":"https:\/\/www.organisator.ch\/marketing\/2025-06-04\/michael-volkart-wird-partner-bei-panter\/#breadcrumb","itemListElement":[{"@type":"ListItem","position":1,"name":"Home","item":"https:\/\/www.organisator.ch\/"},{"@type":"ListItem","position":2,"name":"Michael Volkart wird Partner bei Panter"}]},{"@type":"WebSite","@id":"https:\/\/www.organisator.ch\/#website","url":"https:\/\/www.organisator.ch\/","name":"Organizer","description":"Competent. Practical. In 10 issues per year, ORGANISATOR presents the essential topics for managers of SMEs.","publisher":{"@id":"https:\/\/www.organisator.ch\/#organization"},"potentialAction":[{"@type":"SearchAction","target":{"@type":"EntryPoint","urlTemplate":"https:\/\/www.organisator.ch\/?s={search_term_string}"},"query-input":{"@type":"PropertyValueSpecification","valueRequired":true,"valueName":"search_term_string"}}],"inLanguage":"en-US"},{"@type":"Organization","@id":"https:\/\/www.organisator.ch\/#organization","name":"Organizer","url":"https:\/\/www.organisator.ch\/","logo":{"@type":"ImageObject","inLanguage":"en-US","@id":"https:\/\/www.organisator.ch\/#\/schema\/logo\/image\/","url":"https:\/\/www.organisator.ch\/wp-content\/uploads\/2022\/01\/Logo_Organisator_Website.png","contentUrl":"https:\/\/www.organisator.ch\/wp-content\/uploads\/2022\/01\/Logo_Organisator_Website.png","width":800,"height":77,"caption":"Organisator"},"image":{"@id":"https:\/\/www.organisator.ch\/#\/schema\/logo\/image\/"},"sameAs":["https:\/\/www.facebook.com\/OrganisatorFachmagazin","https:\/\/www.linkedin.com\/showcase\/organisator-das-magazin-fr-kmu","https:\/\/www.xing.com\/news\/pages\/organisator-ch-695","https:\/\/www.youtube.com\/channel\/UCGP2Sq0iWaZwT3BdIAQFYpw"]},{"@type":"Person","@id":"https:\/\/www.organisator.ch\/#\/schema\/person\/4e51799071cd2dd1232ac003643ef5f0","name":"galledia","image":{"@type":"ImageObject","inLanguage":"en-US","@id":"https:\/\/secure.gravatar.com\/avatar\/78a7f90c01fc2bfc875782a0d4922b37cde2cf184ce347b91316d23cd7f69a36?s=96&d=mm&r=g","url":"https:\/\/secure.gravatar.com\/avatar\/78a7f90c01fc2bfc875782a0d4922b37cde2cf184ce347b91316d23cd7f69a36?s=96&d=mm&r=g","contentUrl":"https:\/\/secure.gravatar.com\/avatar\/78a7f90c01fc2bfc875782a0d4922b37cde2cf184ce347b91316d23cd7f69a36?s=96&d=mm&r=g","caption":"galledia"},"sameAs":["https:\/\/x.com\/admin"],"url":"https:\/\/www.organisator.ch\/en\/author\/galledia\/"}]}},"_links":{"self":[{"href":"https:\/\/www.organisator.ch\/en\/wp-json\/wp\/v2\/posts\/38675","targetHints":{"allow":["GET"]}}],"collection":[{"href":"https:\/\/www.organisator.ch\/en\/wp-json\/wp\/v2\/posts"}],"about":[{"href":"https:\/\/www.organisator.ch\/en\/wp-json\/wp\/v2\/types\/post"}],"author":[{"embeddable":true,"href":"https:\/\/www.organisator.ch\/en\/wp-json\/wp\/v2\/users\/8"}],"replies":[{"embeddable":true,"href":"https:\/\/www.organisator.ch\/en\/wp-json\/wp\/v2\/comments?post=38675"}],"version-history":[{"count":4,"href":"https:\/\/www.organisator.ch\/en\/wp-json\/wp\/v2\/posts\/38675\/revisions"}],"predecessor-version":[{"id":38682,"href":"https:\/\/www.organisator.ch\/en\/wp-json\/wp\/v2\/posts\/38675\/revisions\/38682"}],"wp:attachment":[{"href":"https:\/\/www.organisator.ch\/en\/wp-json\/wp\/v2\/media?parent=38675"}],"wp:term":[{"taxonomy":"category","embeddable":true,"href":"https:\/\/www.organisator.ch\/en\/wp-json\/wp\/v2\/categories?post=38675"},{"taxonomy":"post_tag","embeddable":true,"href":"https:\/\/www.organisator.ch\/en\/wp-json\/wp\/v2\/tags?post=38675"}],"curies":[{"name":"wp","href":"https:\/\/api.w.org\/{rel}","templated":true}]}}