{"id":38722,"date":"2025-06-06T11:45:46","date_gmt":"2025-06-06T09:45:46","guid":{"rendered":"https:\/\/www.markt-kom.com\/?p=235714"},"modified":"2025-06-06T11:42:06","modified_gmt":"2025-06-06T09:42:06","slug":"hwz-ursula-noetzli-wird-co-studiengangsleiterin","status":"publish","type":"post","link":"https:\/\/www.organisator.ch\/en\/weiterbildung\/2025-06-06\/hwz-ursula-noetzli-wird-co-studiengangsleiterin\/","title":{"rendered":"HWZ: Ursula N\u00f6tzli becomes co-director of the study program"},"content":{"rendered":"<figure id=\"attachment_235715\" class=\"wp-caption aligncenter\" style=\"width: 1200px;\" aria-describedby=\"caption-attachment-235715\"><a href=\"https:\/\/www.markt-kom.com\/wp-content\/uploads\/2025\/06\/Ursula-Noetzli-HWZ-Kopie.jpg\"><img class=\"size-full wp-image-235715\" src=\"https:\/\/www.markt-kom.com\/wp-content\/uploads\/2025\/06\/Ursula-Noetzli-HWZ-Kopie.jpg\" sizes=\"(max-width: 1200px) 100vw, 1200px\" srcset=\"https:\/\/www.markt-kom.com\/wp-content\/uploads\/2025\/06\/Ursula-Noetzli-HWZ-Kopie.jpg 1200w, https:\/\/www.markt-kom.com\/wp-content\/uploads\/2025\/06\/Ursula-Noetzli-HWZ-Kopie-600x450.jpg 600w, https:\/\/www.markt-kom.com\/wp-content\/uploads\/2025\/06\/Ursula-Noetzli-HWZ-Kopie-1024x768.jpg 1024w, https:\/\/www.markt-kom.com\/wp-content\/uploads\/2025\/06\/Ursula-Noetzli-HWZ-Kopie-768x576.jpg 768w, https:\/\/www.markt-kom.com\/wp-content\/uploads\/2025\/06\/Ursula-Noetzli-HWZ-Kopie-16x12.jpg 16w, https:\/\/www.markt-kom.com\/wp-content\/uploads\/2025\/06\/Ursula-Noetzli-HWZ-Kopie-233x175.jpg 233w, https:\/\/www.markt-kom.com\/wp-content\/uploads\/2025\/06\/Ursula-Noetzli-HWZ-Kopie-467x350.jpg 467w, https:\/\/www.markt-kom.com\/wp-content\/uploads\/2025\/06\/Ursula-Noetzli-HWZ-Kopie-1000x750.jpg 1000w\" alt=\"\" width=\"1200\" height=\"900\" \/><\/a>\r\n<figcaption id=\"caption-attachment-235715\" class=\"wp-caption-text\">(Image: zVg. HWZ)<\/figcaption>\r\n<\/figure>\r\n<p>Dr. Ursula N\u00f6tzli will become co-director of the CAS Strategic Communication Management with AI at the HWZ Zurich School of Business on September 1, 2025. She will gradually succeed Stefan Eggenberger, who has led the course to date and will focus on consulting mandates from spring 2026.<\/p>\r\n<p>The handover will take place as part of the strategic development of the Marketing &amp; Digital department. The staggered handover is intended to ensure a continuous transfer of knowledge and high program quality. According to the HWZ, additional experts have already been recruited in addition to the new appointment in order to further expand the range of continuing education courses.<\/p>\r\n<p>\"With Ursula N\u00f6tzli, we are gaining a leading personality with excellent and proven practical and research experience,\" says Dr. Valerio Stallone, Head of the Department of Marketing &amp; Digital. \"Her profile perfectly complements our team and strengthens the HWZ's position in the field of communication in the long term.\"<\/p>\r\n<p>N\u00f6tzli himself emphasizes the relevance of the topic: \"The rapid development of artificial intelligence challenges us to rethink communication practices. Efficiency gains are quickly visible - but real strategic rethinking requires experience, depth and openness. I find passing on my knowledge and developing new perspectives in dialog with the students very enriching.\"<\/p>\r\n<p>With a doctorate in economics, she has extensive experience in strategic communication, sustainability and corporate management. In September, she will also become a partner and co-owner of Hirzel.Neef.Schmid.Konsulenten <em><a href=\"https:\/\/www.markt-kom.com\/de\/markom\/business\/ursula-noetzli-wird-partnerin-bei-hirzel-neef-schmid-konsulenten\/\" rel=\"noopener\">(Markt-kom.com reported)<\/a><\/em>. Previous positions include the TX Group, ABB Switzerland, Credit Suisse, GAM Holding and editorial offices of the <em>Neue Z\u00fcrcher Zeitung<\/em> and <em>Finance and economy<\/em>. She completed the Advanced Management Program at the MIT Sloan School of Management.<\/p>","protected":false},"excerpt":{"rendered":"<p>The HWZ Zurich University of Applied Sciences is strengthening its continuing education department with Dr. Ursula N\u00f6tzli. From the fall, she will take over the co-leadership of the CAS Strategic Communication Management with AI in the Department of Marketing &amp; Digital.<\/p>","protected":false},"author":8,"featured_media":0,"comment_status":"closed","ping_status":"closed","sticky":false,"template":"","format":"standard","meta":{"_acf_changed":false,"_yoast_wpseo_focuskw":"Ursula N\u00f6tzli","_yoast_wpseo_metadesc":"Die HWZ Hochschule f\u00fcr Wirtschaft Z\u00fcrich verst\u00e4rkt den Bereich Weiterbildung ab Herbst mit Dr. Ursula N\u00f6tzli.","articlekey":"","footnotes":""},"categories":[30],"tags":[1382,4343,518],"class_list":["post-38722","post","type-post","status-publish","format-standard","hentry","category-weiterbildung","tag-hwz","tag-markom","tag-weiterbildung"],"acf":[],"yoast_head":"<!-- This site is optimized with the Yoast SEO plugin v27.5 - https:\/\/yoast.com\/product\/yoast-seo-wordpress\/ -->\n<title>HWZ: Ursula N\u00f6tzli wird Co-Studiengangsleiterin - Organisator<\/title>\n<meta name=\"description\" content=\"Die HWZ Hochschule f\u00fcr Wirtschaft Z\u00fcrich verst\u00e4rkt den Bereich Weiterbildung ab Herbst mit Dr. Ursula N\u00f6tzli.\" \/>\n<meta name=\"robots\" content=\"index, follow, max-snippet:-1, max-image-preview:large, max-video-preview:-1\" \/>\n<link rel=\"canonical\" href=\"https:\/\/www.organisator.ch\/en\/further-education\/2025-06-06\/hwz-ursula-noetzli-wird-co-studiengangsleiterin\/\" \/>\n<meta property=\"og:locale\" content=\"en_US\" \/>\n<meta property=\"og:type\" content=\"article\" \/>\n<meta property=\"og:title\" content=\"HWZ: Ursula N\u00f6tzli wird Co-Studiengangsleiterin - Organisator\" \/>\n<meta property=\"og:description\" content=\"Die HWZ Hochschule f\u00fcr Wirtschaft Z\u00fcrich verst\u00e4rkt den Bereich Weiterbildung ab Herbst mit Dr. Ursula N\u00f6tzli.\" \/>\n<meta property=\"og:url\" content=\"https:\/\/www.organisator.ch\/en\/further-education\/2025-06-06\/hwz-ursula-noetzli-wird-co-studiengangsleiterin\/\" \/>\n<meta property=\"og:site_name\" content=\"Organisator\" \/>\n<meta property=\"article:publisher\" content=\"https:\/\/www.facebook.com\/OrganisatorFachmagazin\" \/>\n<meta property=\"article:published_time\" content=\"2025-06-06T09:45:46+00:00\" \/>\n<meta name=\"author\" content=\"galledia\" \/>\n<meta name=\"twitter:card\" content=\"summary_large_image\" \/>\n<meta name=\"twitter:creator\" content=\"@admin\" \/>\n<script type=\"application\/ld+json\" class=\"yoast-schema-graph\">{\"@context\":\"https:\\\/\\\/schema.org\",\"@graph\":[{\"@type\":\"Article\",\"@id\":\"https:\\\/\\\/www.organisator.ch\\\/weiterbildung\\\/2025-06-06\\\/hwz-ursula-noetzli-wird-co-studiengangsleiterin\\\/#article\",\"isPartOf\":{\"@id\":\"https:\\\/\\\/www.organisator.ch\\\/weiterbildung\\\/2025-06-06\\\/hwz-ursula-noetzli-wird-co-studiengangsleiterin\\\/\"},\"author\":{\"name\":\"galledia\",\"@id\":\"https:\\\/\\\/www.organisator.ch\\\/#\\\/schema\\\/person\\\/4e51799071cd2dd1232ac003643ef5f0\"},\"headline\":\"HWZ: Ursula N\u00f6tzli wird Co-Studiengangsleiterin\",\"datePublished\":\"2025-06-06T09:45:46+00:00\",\"mainEntityOfPage\":{\"@id\":\"https:\\\/\\\/www.organisator.ch\\\/weiterbildung\\\/2025-06-06\\\/hwz-ursula-noetzli-wird-co-studiengangsleiterin\\\/\"},\"wordCount\":269,\"publisher\":{\"@id\":\"https:\\\/\\\/www.organisator.ch\\\/#organization\"},\"image\":{\"@id\":\"https:\\\/\\\/www.organisator.ch\\\/weiterbildung\\\/2025-06-06\\\/hwz-ursula-noetzli-wird-co-studiengangsleiterin\\\/#primaryimage\"},\"thumbnailUrl\":\"https:\\\/\\\/www.markt-kom.com\\\/wp-content\\\/uploads\\\/2025\\\/06\\\/Ursula-Noetzli-HWZ-Kopie.jpg\",\"keywords\":[\"HWZ\",\"MarKom\",\"Weiterbildung\"],\"articleSection\":[\"WEITERBILDUNG\"],\"inLanguage\":\"en-US\"},{\"@type\":\"WebPage\",\"@id\":\"https:\\\/\\\/www.organisator.ch\\\/weiterbildung\\\/2025-06-06\\\/hwz-ursula-noetzli-wird-co-studiengangsleiterin\\\/\",\"url\":\"https:\\\/\\\/www.organisator.ch\\\/weiterbildung\\\/2025-06-06\\\/hwz-ursula-noetzli-wird-co-studiengangsleiterin\\\/\",\"name\":\"HWZ: Ursula N\u00f6tzli wird Co-Studiengangsleiterin - Organisator\",\"isPartOf\":{\"@id\":\"https:\\\/\\\/www.organisator.ch\\\/#website\"},\"primaryImageOfPage\":{\"@id\":\"https:\\\/\\\/www.organisator.ch\\\/weiterbildung\\\/2025-06-06\\\/hwz-ursula-noetzli-wird-co-studiengangsleiterin\\\/#primaryimage\"},\"image\":{\"@id\":\"https:\\\/\\\/www.organisator.ch\\\/weiterbildung\\\/2025-06-06\\\/hwz-ursula-noetzli-wird-co-studiengangsleiterin\\\/#primaryimage\"},\"thumbnailUrl\":\"https:\\\/\\\/www.markt-kom.com\\\/wp-content\\\/uploads\\\/2025\\\/06\\\/Ursula-Noetzli-HWZ-Kopie.jpg\",\"datePublished\":\"2025-06-06T09:45:46+00:00\",\"description\":\"Die HWZ Hochschule f\u00fcr Wirtschaft Z\u00fcrich verst\u00e4rkt den Bereich Weiterbildung ab Herbst mit Dr. Ursula N\u00f6tzli.\",\"breadcrumb\":{\"@id\":\"https:\\\/\\\/www.organisator.ch\\\/weiterbildung\\\/2025-06-06\\\/hwz-ursula-noetzli-wird-co-studiengangsleiterin\\\/#breadcrumb\"},\"inLanguage\":\"en-US\",\"potentialAction\":[{\"@type\":\"ReadAction\",\"target\":[\"https:\\\/\\\/www.organisator.ch\\\/weiterbildung\\\/2025-06-06\\\/hwz-ursula-noetzli-wird-co-studiengangsleiterin\\\/\"]}]},{\"@type\":\"ImageObject\",\"inLanguage\":\"en-US\",\"@id\":\"https:\\\/\\\/www.organisator.ch\\\/weiterbildung\\\/2025-06-06\\\/hwz-ursula-noetzli-wird-co-studiengangsleiterin\\\/#primaryimage\",\"url\":\"https:\\\/\\\/www.markt-kom.com\\\/wp-content\\\/uploads\\\/2025\\\/06\\\/Ursula-Noetzli-HWZ-Kopie.jpg\",\"contentUrl\":\"https:\\\/\\\/www.markt-kom.com\\\/wp-content\\\/uploads\\\/2025\\\/06\\\/Ursula-Noetzli-HWZ-Kopie.jpg\"},{\"@type\":\"BreadcrumbList\",\"@id\":\"https:\\\/\\\/www.organisator.ch\\\/weiterbildung\\\/2025-06-06\\\/hwz-ursula-noetzli-wird-co-studiengangsleiterin\\\/#breadcrumb\",\"itemListElement\":[{\"@type\":\"ListItem\",\"position\":1,\"name\":\"Home\",\"item\":\"https:\\\/\\\/www.organisator.ch\\\/\"},{\"@type\":\"ListItem\",\"position\":2,\"name\":\"HWZ: Ursula N\u00f6tzli wird Co-Studiengangsleiterin\"}]},{\"@type\":\"WebSite\",\"@id\":\"https:\\\/\\\/www.organisator.ch\\\/#website\",\"url\":\"https:\\\/\\\/www.organisator.ch\\\/\",\"name\":\"Organisator\",\"description\":\"Kompetent. Praxisnah. Der ORGANISATOR bereitet in 10 Ausgaben pro Jahr die wesentlichen Themen f\u00fcr F\u00fchrungskr\u00e4fte von KMU auf.\",\"publisher\":{\"@id\":\"https:\\\/\\\/www.organisator.ch\\\/#organization\"},\"potentialAction\":[{\"@type\":\"SearchAction\",\"target\":{\"@type\":\"EntryPoint\",\"urlTemplate\":\"https:\\\/\\\/www.organisator.ch\\\/?s={search_term_string}\"},\"query-input\":{\"@type\":\"PropertyValueSpecification\",\"valueRequired\":true,\"valueName\":\"search_term_string\"}}],\"inLanguage\":\"en-US\"},{\"@type\":\"Organization\",\"@id\":\"https:\\\/\\\/www.organisator.ch\\\/#organization\",\"name\":\"Organisator\",\"url\":\"https:\\\/\\\/www.organisator.ch\\\/\",\"logo\":{\"@type\":\"ImageObject\",\"inLanguage\":\"en-US\",\"@id\":\"https:\\\/\\\/www.organisator.ch\\\/#\\\/schema\\\/logo\\\/image\\\/\",\"url\":\"https:\\\/\\\/www.organisator.ch\\\/wp-content\\\/uploads\\\/2022\\\/01\\\/Logo_Organisator_Website.png\",\"contentUrl\":\"https:\\\/\\\/www.organisator.ch\\\/wp-content\\\/uploads\\\/2022\\\/01\\\/Logo_Organisator_Website.png\",\"width\":800,\"height\":77,\"caption\":\"Organisator\"},\"image\":{\"@id\":\"https:\\\/\\\/www.organisator.ch\\\/#\\\/schema\\\/logo\\\/image\\\/\"},\"sameAs\":[\"https:\\\/\\\/www.facebook.com\\\/OrganisatorFachmagazin\",\"https:\\\/\\\/www.linkedin.com\\\/showcase\\\/organisator-das-magazin-fr-kmu\",\"https:\\\/\\\/www.xing.com\\\/news\\\/pages\\\/organisator-ch-695\",\"https:\\\/\\\/www.youtube.com\\\/channel\\\/UCGP2Sq0iWaZwT3BdIAQFYpw\"]},{\"@type\":\"Person\",\"@id\":\"https:\\\/\\\/www.organisator.ch\\\/#\\\/schema\\\/person\\\/4e51799071cd2dd1232ac003643ef5f0\",\"name\":\"galledia\",\"image\":{\"@type\":\"ImageObject\",\"inLanguage\":\"en-US\",\"@id\":\"https:\\\/\\\/secure.gravatar.com\\\/avatar\\\/78a7f90c01fc2bfc875782a0d4922b37cde2cf184ce347b91316d23cd7f69a36?s=96&d=mm&r=g\",\"url\":\"https:\\\/\\\/secure.gravatar.com\\\/avatar\\\/78a7f90c01fc2bfc875782a0d4922b37cde2cf184ce347b91316d23cd7f69a36?s=96&d=mm&r=g\",\"contentUrl\":\"https:\\\/\\\/secure.gravatar.com\\\/avatar\\\/78a7f90c01fc2bfc875782a0d4922b37cde2cf184ce347b91316d23cd7f69a36?s=96&d=mm&r=g\",\"caption\":\"galledia\"},\"sameAs\":[\"https:\\\/\\\/x.com\\\/admin\"],\"url\":\"https:\\\/\\\/www.organisator.ch\\\/en\\\/author\\\/galledia\\\/\"}]}<\/script>\n<!-- \/ Yoast SEO plugin. -->","yoast_head_json":{"title":"HWZ: Ursula N\u00f6tzli becomes Co-Director of Studies - Organizer","description":"The HWZ Zurich University of Applied Sciences will strengthen its continuing education department with Dr. Ursula N\u00f6tzli starting in the fall.","robots":{"index":"index","follow":"follow","max-snippet":"max-snippet:-1","max-image-preview":"max-image-preview:large","max-video-preview":"max-video-preview:-1"},"canonical":"https:\/\/www.organisator.ch\/en\/further-education\/2025-06-06\/hwz-ursula-noetzli-wird-co-studiengangsleiterin\/","og_locale":"en_US","og_type":"article","og_title":"HWZ: Ursula N\u00f6tzli wird Co-Studiengangsleiterin - Organisator","og_description":"Die HWZ Hochschule f\u00fcr Wirtschaft Z\u00fcrich verst\u00e4rkt den Bereich Weiterbildung ab Herbst mit Dr. Ursula N\u00f6tzli.","og_url":"https:\/\/www.organisator.ch\/en\/further-education\/2025-06-06\/hwz-ursula-noetzli-wird-co-studiengangsleiterin\/","og_site_name":"Organisator","article_publisher":"https:\/\/www.facebook.com\/OrganisatorFachmagazin","article_published_time":"2025-06-06T09:45:46+00:00","author":"galledia","twitter_card":"summary_large_image","twitter_creator":"@admin","schema":{"@context":"https:\/\/schema.org","@graph":[{"@type":"Article","@id":"https:\/\/www.organisator.ch\/weiterbildung\/2025-06-06\/hwz-ursula-noetzli-wird-co-studiengangsleiterin\/#article","isPartOf":{"@id":"https:\/\/www.organisator.ch\/weiterbildung\/2025-06-06\/hwz-ursula-noetzli-wird-co-studiengangsleiterin\/"},"author":{"name":"galledia","@id":"https:\/\/www.organisator.ch\/#\/schema\/person\/4e51799071cd2dd1232ac003643ef5f0"},"headline":"HWZ: Ursula N\u00f6tzli wird Co-Studiengangsleiterin","datePublished":"2025-06-06T09:45:46+00:00","mainEntityOfPage":{"@id":"https:\/\/www.organisator.ch\/weiterbildung\/2025-06-06\/hwz-ursula-noetzli-wird-co-studiengangsleiterin\/"},"wordCount":269,"publisher":{"@id":"https:\/\/www.organisator.ch\/#organization"},"image":{"@id":"https:\/\/www.organisator.ch\/weiterbildung\/2025-06-06\/hwz-ursula-noetzli-wird-co-studiengangsleiterin\/#primaryimage"},"thumbnailUrl":"https:\/\/www.markt-kom.com\/wp-content\/uploads\/2025\/06\/Ursula-Noetzli-HWZ-Kopie.jpg","keywords":["HWZ","MarKom","Weiterbildung"],"articleSection":["WEITERBILDUNG"],"inLanguage":"en-US"},{"@type":"WebPage","@id":"https:\/\/www.organisator.ch\/weiterbildung\/2025-06-06\/hwz-ursula-noetzli-wird-co-studiengangsleiterin\/","url":"https:\/\/www.organisator.ch\/weiterbildung\/2025-06-06\/hwz-ursula-noetzli-wird-co-studiengangsleiterin\/","name":"HWZ: Ursula N\u00f6tzli becomes Co-Director of Studies - Organizer","isPartOf":{"@id":"https:\/\/www.organisator.ch\/#website"},"primaryImageOfPage":{"@id":"https:\/\/www.organisator.ch\/weiterbildung\/2025-06-06\/hwz-ursula-noetzli-wird-co-studiengangsleiterin\/#primaryimage"},"image":{"@id":"https:\/\/www.organisator.ch\/weiterbildung\/2025-06-06\/hwz-ursula-noetzli-wird-co-studiengangsleiterin\/#primaryimage"},"thumbnailUrl":"https:\/\/www.markt-kom.com\/wp-content\/uploads\/2025\/06\/Ursula-Noetzli-HWZ-Kopie.jpg","datePublished":"2025-06-06T09:45:46+00:00","description":"The HWZ Zurich University of Applied Sciences will strengthen its continuing education department with Dr. Ursula N\u00f6tzli starting in the fall.","breadcrumb":{"@id":"https:\/\/www.organisator.ch\/weiterbildung\/2025-06-06\/hwz-ursula-noetzli-wird-co-studiengangsleiterin\/#breadcrumb"},"inLanguage":"en-US","potentialAction":[{"@type":"ReadAction","target":["https:\/\/www.organisator.ch\/weiterbildung\/2025-06-06\/hwz-ursula-noetzli-wird-co-studiengangsleiterin\/"]}]},{"@type":"ImageObject","inLanguage":"en-US","@id":"https:\/\/www.organisator.ch\/weiterbildung\/2025-06-06\/hwz-ursula-noetzli-wird-co-studiengangsleiterin\/#primaryimage","url":"https:\/\/www.markt-kom.com\/wp-content\/uploads\/2025\/06\/Ursula-Noetzli-HWZ-Kopie.jpg","contentUrl":"https:\/\/www.markt-kom.com\/wp-content\/uploads\/2025\/06\/Ursula-Noetzli-HWZ-Kopie.jpg"},{"@type":"BreadcrumbList","@id":"https:\/\/www.organisator.ch\/weiterbildung\/2025-06-06\/hwz-ursula-noetzli-wird-co-studiengangsleiterin\/#breadcrumb","itemListElement":[{"@type":"ListItem","position":1,"name":"Home","item":"https:\/\/www.organisator.ch\/"},{"@type":"ListItem","position":2,"name":"HWZ: Ursula N\u00f6tzli wird Co-Studiengangsleiterin"}]},{"@type":"WebSite","@id":"https:\/\/www.organisator.ch\/#website","url":"https:\/\/www.organisator.ch\/","name":"Organizer","description":"Competent. Practical. In 10 issues per year, ORGANISATOR presents the essential topics for managers of SMEs.","publisher":{"@id":"https:\/\/www.organisator.ch\/#organization"},"potentialAction":[{"@type":"SearchAction","target":{"@type":"EntryPoint","urlTemplate":"https:\/\/www.organisator.ch\/?s={search_term_string}"},"query-input":{"@type":"PropertyValueSpecification","valueRequired":true,"valueName":"search_term_string"}}],"inLanguage":"en-US"},{"@type":"Organization","@id":"https:\/\/www.organisator.ch\/#organization","name":"Organizer","url":"https:\/\/www.organisator.ch\/","logo":{"@type":"ImageObject","inLanguage":"en-US","@id":"https:\/\/www.organisator.ch\/#\/schema\/logo\/image\/","url":"https:\/\/www.organisator.ch\/wp-content\/uploads\/2022\/01\/Logo_Organisator_Website.png","contentUrl":"https:\/\/www.organisator.ch\/wp-content\/uploads\/2022\/01\/Logo_Organisator_Website.png","width":800,"height":77,"caption":"Organisator"},"image":{"@id":"https:\/\/www.organisator.ch\/#\/schema\/logo\/image\/"},"sameAs":["https:\/\/www.facebook.com\/OrganisatorFachmagazin","https:\/\/www.linkedin.com\/showcase\/organisator-das-magazin-fr-kmu","https:\/\/www.xing.com\/news\/pages\/organisator-ch-695","https:\/\/www.youtube.com\/channel\/UCGP2Sq0iWaZwT3BdIAQFYpw"]},{"@type":"Person","@id":"https:\/\/www.organisator.ch\/#\/schema\/person\/4e51799071cd2dd1232ac003643ef5f0","name":"galledia","image":{"@type":"ImageObject","inLanguage":"en-US","@id":"https:\/\/secure.gravatar.com\/avatar\/78a7f90c01fc2bfc875782a0d4922b37cde2cf184ce347b91316d23cd7f69a36?s=96&d=mm&r=g","url":"https:\/\/secure.gravatar.com\/avatar\/78a7f90c01fc2bfc875782a0d4922b37cde2cf184ce347b91316d23cd7f69a36?s=96&d=mm&r=g","contentUrl":"https:\/\/secure.gravatar.com\/avatar\/78a7f90c01fc2bfc875782a0d4922b37cde2cf184ce347b91316d23cd7f69a36?s=96&d=mm&r=g","caption":"galledia"},"sameAs":["https:\/\/x.com\/admin"],"url":"https:\/\/www.organisator.ch\/en\/author\/galledia\/"}]}},"_links":{"self":[{"href":"https:\/\/www.organisator.ch\/en\/wp-json\/wp\/v2\/posts\/38722","targetHints":{"allow":["GET"]}}],"collection":[{"href":"https:\/\/www.organisator.ch\/en\/wp-json\/wp\/v2\/posts"}],"about":[{"href":"https:\/\/www.organisator.ch\/en\/wp-json\/wp\/v2\/types\/post"}],"author":[{"embeddable":true,"href":"https:\/\/www.organisator.ch\/en\/wp-json\/wp\/v2\/users\/8"}],"replies":[{"embeddable":true,"href":"https:\/\/www.organisator.ch\/en\/wp-json\/wp\/v2\/comments?post=38722"}],"version-history":[{"count":3,"href":"https:\/\/www.organisator.ch\/en\/wp-json\/wp\/v2\/posts\/38722\/revisions"}],"predecessor-version":[{"id":38752,"href":"https:\/\/www.organisator.ch\/en\/wp-json\/wp\/v2\/posts\/38722\/revisions\/38752"}],"wp:attachment":[{"href":"https:\/\/www.organisator.ch\/en\/wp-json\/wp\/v2\/media?parent=38722"}],"wp:term":[{"taxonomy":"category","embeddable":true,"href":"https:\/\/www.organisator.ch\/en\/wp-json\/wp\/v2\/categories?post=38722"},{"taxonomy":"post_tag","embeddable":true,"href":"https:\/\/www.organisator.ch\/en\/wp-json\/wp\/v2\/tags?post=38722"}],"curies":[{"name":"wp","href":"https:\/\/api.w.org\/{rel}","templated":true}]}}