{"id":38780,"date":"2025-06-11T09:47:08","date_gmt":"2025-06-11T07:47:08","guid":{"rendered":"https:\/\/www.m-q.ch\/?p=21581"},"modified":"2025-06-11T09:44:57","modified_gmt":"2025-06-11T07:44:57","slug":"neue-leitung-fuer-den-bereich-certifications-im-swiss-safety-center","status":"publish","type":"post","link":"https:\/\/www.organisator.ch\/en\/operational-excellence\/2025-06-11\/neue-leitung-fuer-den-bereich-certifications-im-swiss-safety-center\/","title":{"rendered":"New Head of Certifications at the Swiss Safety Center"},"content":{"rendered":"<figure id=\"attachment_21582\" class=\"wp-caption alignnone\" style=\"width: 680px;\" aria-describedby=\"caption-attachment-21582\"><img class=\"size-full wp-image-21582\" src=\"https:\/\/www.m-q.ch\/wp-content\/uploads\/2025\/06\/Neue-Leitung-fuer-den-Bereich-Certifications-im-Swiss-Safety-Center_MQ.jpg\" sizes=\"(max-width: 680px) 100vw, 680px\" srcset=\"https:\/\/www.m-q.ch\/wp-content\/uploads\/2025\/06\/Neue-Leitung-fuer-den-Bereich-Certifications-im-Swiss-Safety-Center_MQ.jpg 680w, https:\/\/www.m-q.ch\/wp-content\/uploads\/2025\/06\/Neue-Leitung-fuer-den-Bereich-Certifications-im-Swiss-Safety-Center_MQ-15x12.jpg 15w, https:\/\/www.m-q.ch\/wp-content\/uploads\/2025\/06\/Neue-Leitung-fuer-den-Bereich-Certifications-im-Swiss-Safety-Center_MQ-375x295.jpg 375w, https:\/\/www.m-q.ch\/wp-content\/uploads\/2025\/06\/Neue-Leitung-fuer-den-Bereich-Certifications-im-Swiss-Safety-Center_MQ-445x350.jpg 445w\" alt=\"\" width=\"680\" height=\"535\" \/>\r\n<figcaption id=\"caption-attachment-21582\" class=\"wp-caption-text\">Will be the new Head of Certifications at the Swiss Safety Center: Dr. Michael Gr\u00fcnenfelder. (Image: zVg \/ Swiss Safety Center)<\/figcaption>\r\n<\/figure>\r\n<p>There is a handover in the Certifications division at the Swiss Safety Center: Heinrich A. Bieler is retiring. His responsibilities will be taken over by Michael Gr\u00fcnenfelder, Dr. oec. HSG. As an experienced leader in the professional services industry, Michael Gr\u00fcnenfelder has headed national and international departments as a line manager and has extensive experience in managing large projects and project teams for infrastructure projects (thermal power plants and renewable energies). He also has extensive experience in working with authorities and in compliance, avoiding conflicts of interest and ensuring impartiality. His practical experience in the field of certification includes numerous use cases for process optimization and the establishment of management systems according to various standards.<\/p>\r\n<p>Dr. Elisabetta Carrea, CEO of Swiss Safety Center AG, sees the appointment of Michael Gr\u00fcnenfelder as the new head of the certification body as an opportunity to consolidate the company's position as a renowned and leading certification provider in Switzerland. At the same time, the Swiss Safety Center intends to continue its successful path for further growth in this area. Swiss Safety Center AG is a company of the SVTI Group and thus part of the competence center for technical safety and risk management. The company offers solutions for all industries with specific services, products and qualifications in the areas of safety and quality.\u00a0<\/p>\r\n<p><em>Source and further information: <a href=\"http:\/\/www.safetycenter.ch\/\">Swiss Safety Center<\/a><\/em><\/p>\n<p class=\"syndicated-attribution\">This article originally appeared on m-q.ch - <a href=\"https:\/\/www.m-q.ch\/de\/neue-leitung-fuer-den-bereich-certifications-im-swiss-safety-center\/\" target=\"_blank\">https:\/\/www.m-q.ch\/de\/neue-leitung-fuer-den-bereich-certifications-im-swiss-safety-center\/<\/a><\/p>","protected":false},"excerpt":{"rendered":"<p>After more than 20 years as Head of Certifications at the Swiss Safety Center, Heinrich A. Bieler will be taking his well-deserved retirement in June 2025. He is handing over his life's work, the certification body that he has built up into a renowned player in the Swiss certification market, to his successor.<\/p>","protected":false},"author":8,"featured_media":0,"comment_status":"closed","ping_status":"closed","sticky":false,"template":"","format":"standard","meta":{"_acf_changed":false,"_yoast_wpseo_focuskw":"Certifications","_yoast_wpseo_metadesc":"Dr. Michael Gr\u00fcnenfelder wird neuer Leiter Certifications im Swiss Safety Center. Er tritt die Nachfolge von Heinrich A. Bieler an.","articlekey":"","footnotes":""},"categories":[582],"tags":[381,605,418,492,540],"class_list":["post-38780","post","type-post","status-publish","format-standard","hentry","category-operational-excellence","tag-personalia","tag-qualitaetsmanagement","tag-risikomanagement","tag-unternehmen","tag-zertifizierungs-pruefstellen"],"acf":[],"yoast_head":"<!-- This site is optimized with the Yoast SEO plugin v27.5 - https:\/\/yoast.com\/product\/yoast-seo-wordpress\/ -->\n<title>Neue Leitung f\u00fcr den Bereich Certifications im Swiss Safety Center - Organisator<\/title>\n<meta name=\"description\" content=\"Dr. Michael Gr\u00fcnenfelder wird neuer Leiter Certifications im Swiss Safety Center. Er tritt die Nachfolge von Heinrich A. Bieler an.\" \/>\n<meta name=\"robots\" content=\"index, follow, max-snippet:-1, max-image-preview:large, max-video-preview:-1\" \/>\n<link rel=\"canonical\" href=\"https:\/\/www.organisator.ch\/en\/operational-excellence\/2025-06-11\/neue-leitung-fuer-den-bereich-certifications-im-swiss-safety-center\/\" \/>\n<meta property=\"og:locale\" content=\"en_US\" \/>\n<meta property=\"og:type\" content=\"article\" \/>\n<meta property=\"og:title\" content=\"Neue Leitung f\u00fcr den Bereich Certifications im Swiss Safety Center - Organisator\" \/>\n<meta property=\"og:description\" content=\"Dr. Michael Gr\u00fcnenfelder wird neuer Leiter Certifications im Swiss Safety Center. Er tritt die Nachfolge von Heinrich A. Bieler an.\" \/>\n<meta property=\"og:url\" content=\"https:\/\/www.organisator.ch\/en\/operational-excellence\/2025-06-11\/neue-leitung-fuer-den-bereich-certifications-im-swiss-safety-center\/\" \/>\n<meta property=\"og:site_name\" content=\"Organisator\" \/>\n<meta property=\"article:publisher\" content=\"https:\/\/www.facebook.com\/OrganisatorFachmagazin\" \/>\n<meta property=\"article:published_time\" content=\"2025-06-11T07:47:08+00:00\" \/>\n<meta name=\"author\" content=\"galledia\" \/>\n<meta name=\"twitter:card\" content=\"summary_large_image\" \/>\n<meta name=\"twitter:creator\" content=\"@admin\" \/>\n<script type=\"application\/ld+json\" class=\"yoast-schema-graph\">{\"@context\":\"https:\\\/\\\/schema.org\",\"@graph\":[{\"@type\":\"Article\",\"@id\":\"https:\\\/\\\/www.organisator.ch\\\/operational-excellence\\\/2025-06-11\\\/neue-leitung-fuer-den-bereich-certifications-im-swiss-safety-center\\\/#article\",\"isPartOf\":{\"@id\":\"https:\\\/\\\/www.organisator.ch\\\/operational-excellence\\\/2025-06-11\\\/neue-leitung-fuer-den-bereich-certifications-im-swiss-safety-center\\\/\"},\"author\":{\"name\":\"galledia\",\"@id\":\"https:\\\/\\\/www.organisator.ch\\\/#\\\/schema\\\/person\\\/4e51799071cd2dd1232ac003643ef5f0\"},\"headline\":\"Neue Leitung f\u00fcr den Bereich Certifications im Swiss Safety Center\",\"datePublished\":\"2025-06-11T07:47:08+00:00\",\"mainEntityOfPage\":{\"@id\":\"https:\\\/\\\/www.organisator.ch\\\/operational-excellence\\\/2025-06-11\\\/neue-leitung-fuer-den-bereich-certifications-im-swiss-safety-center\\\/\"},\"wordCount\":251,\"publisher\":{\"@id\":\"https:\\\/\\\/www.organisator.ch\\\/#organization\"},\"image\":{\"@id\":\"https:\\\/\\\/www.organisator.ch\\\/operational-excellence\\\/2025-06-11\\\/neue-leitung-fuer-den-bereich-certifications-im-swiss-safety-center\\\/#primaryimage\"},\"thumbnailUrl\":\"https:\\\/\\\/www.m-q.ch\\\/wp-content\\\/uploads\\\/2025\\\/06\\\/Neue-Leitung-fuer-den-Bereich-Certifications-im-Swiss-Safety-Center_MQ.jpg\",\"keywords\":[\"Personalia\",\"Qualit\u00e4tsmanagement\",\"Risikomanagement\",\"Unternehmen\",\"Zertifizierungs-\\\/Pr\u00fcfstellen\"],\"articleSection\":[\"OPERATIONAL EXCELLENCE\"],\"inLanguage\":\"en-US\"},{\"@type\":\"WebPage\",\"@id\":\"https:\\\/\\\/www.organisator.ch\\\/operational-excellence\\\/2025-06-11\\\/neue-leitung-fuer-den-bereich-certifications-im-swiss-safety-center\\\/\",\"url\":\"https:\\\/\\\/www.organisator.ch\\\/operational-excellence\\\/2025-06-11\\\/neue-leitung-fuer-den-bereich-certifications-im-swiss-safety-center\\\/\",\"name\":\"Neue Leitung f\u00fcr den Bereich Certifications im Swiss Safety Center - Organisator\",\"isPartOf\":{\"@id\":\"https:\\\/\\\/www.organisator.ch\\\/#website\"},\"primaryImageOfPage\":{\"@id\":\"https:\\\/\\\/www.organisator.ch\\\/operational-excellence\\\/2025-06-11\\\/neue-leitung-fuer-den-bereich-certifications-im-swiss-safety-center\\\/#primaryimage\"},\"image\":{\"@id\":\"https:\\\/\\\/www.organisator.ch\\\/operational-excellence\\\/2025-06-11\\\/neue-leitung-fuer-den-bereich-certifications-im-swiss-safety-center\\\/#primaryimage\"},\"thumbnailUrl\":\"https:\\\/\\\/www.m-q.ch\\\/wp-content\\\/uploads\\\/2025\\\/06\\\/Neue-Leitung-fuer-den-Bereich-Certifications-im-Swiss-Safety-Center_MQ.jpg\",\"datePublished\":\"2025-06-11T07:47:08+00:00\",\"description\":\"Dr. Michael Gr\u00fcnenfelder wird neuer Leiter Certifications im Swiss Safety Center. Er tritt die Nachfolge von Heinrich A. Bieler an.\",\"breadcrumb\":{\"@id\":\"https:\\\/\\\/www.organisator.ch\\\/operational-excellence\\\/2025-06-11\\\/neue-leitung-fuer-den-bereich-certifications-im-swiss-safety-center\\\/#breadcrumb\"},\"inLanguage\":\"en-US\",\"potentialAction\":[{\"@type\":\"ReadAction\",\"target\":[\"https:\\\/\\\/www.organisator.ch\\\/operational-excellence\\\/2025-06-11\\\/neue-leitung-fuer-den-bereich-certifications-im-swiss-safety-center\\\/\"]}]},{\"@type\":\"ImageObject\",\"inLanguage\":\"en-US\",\"@id\":\"https:\\\/\\\/www.organisator.ch\\\/operational-excellence\\\/2025-06-11\\\/neue-leitung-fuer-den-bereich-certifications-im-swiss-safety-center\\\/#primaryimage\",\"url\":\"https:\\\/\\\/www.m-q.ch\\\/wp-content\\\/uploads\\\/2025\\\/06\\\/Neue-Leitung-fuer-den-Bereich-Certifications-im-Swiss-Safety-Center_MQ.jpg\",\"contentUrl\":\"https:\\\/\\\/www.m-q.ch\\\/wp-content\\\/uploads\\\/2025\\\/06\\\/Neue-Leitung-fuer-den-Bereich-Certifications-im-Swiss-Safety-Center_MQ.jpg\"},{\"@type\":\"BreadcrumbList\",\"@id\":\"https:\\\/\\\/www.organisator.ch\\\/operational-excellence\\\/2025-06-11\\\/neue-leitung-fuer-den-bereich-certifications-im-swiss-safety-center\\\/#breadcrumb\",\"itemListElement\":[{\"@type\":\"ListItem\",\"position\":1,\"name\":\"Home\",\"item\":\"https:\\\/\\\/www.organisator.ch\\\/\"},{\"@type\":\"ListItem\",\"position\":2,\"name\":\"Neue Leitung f\u00fcr den Bereich Certifications im Swiss Safety Center\"}]},{\"@type\":\"WebSite\",\"@id\":\"https:\\\/\\\/www.organisator.ch\\\/#website\",\"url\":\"https:\\\/\\\/www.organisator.ch\\\/\",\"name\":\"Organisator\",\"description\":\"Kompetent. Praxisnah. Der ORGANISATOR bereitet in 10 Ausgaben pro Jahr die wesentlichen Themen f\u00fcr F\u00fchrungskr\u00e4fte von KMU auf.\",\"publisher\":{\"@id\":\"https:\\\/\\\/www.organisator.ch\\\/#organization\"},\"potentialAction\":[{\"@type\":\"SearchAction\",\"target\":{\"@type\":\"EntryPoint\",\"urlTemplate\":\"https:\\\/\\\/www.organisator.ch\\\/?s={search_term_string}\"},\"query-input\":{\"@type\":\"PropertyValueSpecification\",\"valueRequired\":true,\"valueName\":\"search_term_string\"}}],\"inLanguage\":\"en-US\"},{\"@type\":\"Organization\",\"@id\":\"https:\\\/\\\/www.organisator.ch\\\/#organization\",\"name\":\"Organisator\",\"url\":\"https:\\\/\\\/www.organisator.ch\\\/\",\"logo\":{\"@type\":\"ImageObject\",\"inLanguage\":\"en-US\",\"@id\":\"https:\\\/\\\/www.organisator.ch\\\/#\\\/schema\\\/logo\\\/image\\\/\",\"url\":\"https:\\\/\\\/www.organisator.ch\\\/wp-content\\\/uploads\\\/2022\\\/01\\\/Logo_Organisator_Website.png\",\"contentUrl\":\"https:\\\/\\\/www.organisator.ch\\\/wp-content\\\/uploads\\\/2022\\\/01\\\/Logo_Organisator_Website.png\",\"width\":800,\"height\":77,\"caption\":\"Organisator\"},\"image\":{\"@id\":\"https:\\\/\\\/www.organisator.ch\\\/#\\\/schema\\\/logo\\\/image\\\/\"},\"sameAs\":[\"https:\\\/\\\/www.facebook.com\\\/OrganisatorFachmagazin\",\"https:\\\/\\\/www.linkedin.com\\\/showcase\\\/organisator-das-magazin-fr-kmu\",\"https:\\\/\\\/www.xing.com\\\/news\\\/pages\\\/organisator-ch-695\",\"https:\\\/\\\/www.youtube.com\\\/channel\\\/UCGP2Sq0iWaZwT3BdIAQFYpw\"]},{\"@type\":\"Person\",\"@id\":\"https:\\\/\\\/www.organisator.ch\\\/#\\\/schema\\\/person\\\/4e51799071cd2dd1232ac003643ef5f0\",\"name\":\"galledia\",\"image\":{\"@type\":\"ImageObject\",\"inLanguage\":\"en-US\",\"@id\":\"https:\\\/\\\/secure.gravatar.com\\\/avatar\\\/78a7f90c01fc2bfc875782a0d4922b37cde2cf184ce347b91316d23cd7f69a36?s=96&d=mm&r=g\",\"url\":\"https:\\\/\\\/secure.gravatar.com\\\/avatar\\\/78a7f90c01fc2bfc875782a0d4922b37cde2cf184ce347b91316d23cd7f69a36?s=96&d=mm&r=g\",\"contentUrl\":\"https:\\\/\\\/secure.gravatar.com\\\/avatar\\\/78a7f90c01fc2bfc875782a0d4922b37cde2cf184ce347b91316d23cd7f69a36?s=96&d=mm&r=g\",\"caption\":\"galledia\"},\"sameAs\":[\"https:\\\/\\\/x.com\\\/admin\"],\"url\":\"https:\\\/\\\/www.organisator.ch\\\/en\\\/author\\\/galledia\\\/\"}]}<\/script>\n<!-- \/ Yoast SEO plugin. -->","yoast_head_json":{"title":"New Head of Certifications at the Swiss Safety Center - Organizer","description":"Dr. Michael Gr\u00fcnenfelder is the new Head of Certifications at the Swiss Safety Center. He succeeds Heinrich A. Bieler.","robots":{"index":"index","follow":"follow","max-snippet":"max-snippet:-1","max-image-preview":"max-image-preview:large","max-video-preview":"max-video-preview:-1"},"canonical":"https:\/\/www.organisator.ch\/en\/operational-excellence\/2025-06-11\/neue-leitung-fuer-den-bereich-certifications-im-swiss-safety-center\/","og_locale":"en_US","og_type":"article","og_title":"Neue Leitung f\u00fcr den Bereich Certifications im Swiss Safety Center - Organisator","og_description":"Dr. Michael Gr\u00fcnenfelder wird neuer Leiter Certifications im Swiss Safety Center. Er tritt die Nachfolge von Heinrich A. Bieler an.","og_url":"https:\/\/www.organisator.ch\/en\/operational-excellence\/2025-06-11\/neue-leitung-fuer-den-bereich-certifications-im-swiss-safety-center\/","og_site_name":"Organisator","article_publisher":"https:\/\/www.facebook.com\/OrganisatorFachmagazin","article_published_time":"2025-06-11T07:47:08+00:00","author":"galledia","twitter_card":"summary_large_image","twitter_creator":"@admin","schema":{"@context":"https:\/\/schema.org","@graph":[{"@type":"Article","@id":"https:\/\/www.organisator.ch\/operational-excellence\/2025-06-11\/neue-leitung-fuer-den-bereich-certifications-im-swiss-safety-center\/#article","isPartOf":{"@id":"https:\/\/www.organisator.ch\/operational-excellence\/2025-06-11\/neue-leitung-fuer-den-bereich-certifications-im-swiss-safety-center\/"},"author":{"name":"galledia","@id":"https:\/\/www.organisator.ch\/#\/schema\/person\/4e51799071cd2dd1232ac003643ef5f0"},"headline":"Neue Leitung f\u00fcr den Bereich Certifications im Swiss Safety Center","datePublished":"2025-06-11T07:47:08+00:00","mainEntityOfPage":{"@id":"https:\/\/www.organisator.ch\/operational-excellence\/2025-06-11\/neue-leitung-fuer-den-bereich-certifications-im-swiss-safety-center\/"},"wordCount":251,"publisher":{"@id":"https:\/\/www.organisator.ch\/#organization"},"image":{"@id":"https:\/\/www.organisator.ch\/operational-excellence\/2025-06-11\/neue-leitung-fuer-den-bereich-certifications-im-swiss-safety-center\/#primaryimage"},"thumbnailUrl":"https:\/\/www.m-q.ch\/wp-content\/uploads\/2025\/06\/Neue-Leitung-fuer-den-Bereich-Certifications-im-Swiss-Safety-Center_MQ.jpg","keywords":["Personalia","Qualit\u00e4tsmanagement","Risikomanagement","Unternehmen","Zertifizierungs-\/Pr\u00fcfstellen"],"articleSection":["OPERATIONAL EXCELLENCE"],"inLanguage":"en-US"},{"@type":"WebPage","@id":"https:\/\/www.organisator.ch\/operational-excellence\/2025-06-11\/neue-leitung-fuer-den-bereich-certifications-im-swiss-safety-center\/","url":"https:\/\/www.organisator.ch\/operational-excellence\/2025-06-11\/neue-leitung-fuer-den-bereich-certifications-im-swiss-safety-center\/","name":"New Head of Certifications at the Swiss Safety Center - Organizer","isPartOf":{"@id":"https:\/\/www.organisator.ch\/#website"},"primaryImageOfPage":{"@id":"https:\/\/www.organisator.ch\/operational-excellence\/2025-06-11\/neue-leitung-fuer-den-bereich-certifications-im-swiss-safety-center\/#primaryimage"},"image":{"@id":"https:\/\/www.organisator.ch\/operational-excellence\/2025-06-11\/neue-leitung-fuer-den-bereich-certifications-im-swiss-safety-center\/#primaryimage"},"thumbnailUrl":"https:\/\/www.m-q.ch\/wp-content\/uploads\/2025\/06\/Neue-Leitung-fuer-den-Bereich-Certifications-im-Swiss-Safety-Center_MQ.jpg","datePublished":"2025-06-11T07:47:08+00:00","description":"Dr. Michael Gr\u00fcnenfelder is the new Head of Certifications at the Swiss Safety Center. He succeeds Heinrich A. Bieler.","breadcrumb":{"@id":"https:\/\/www.organisator.ch\/operational-excellence\/2025-06-11\/neue-leitung-fuer-den-bereich-certifications-im-swiss-safety-center\/#breadcrumb"},"inLanguage":"en-US","potentialAction":[{"@type":"ReadAction","target":["https:\/\/www.organisator.ch\/operational-excellence\/2025-06-11\/neue-leitung-fuer-den-bereich-certifications-im-swiss-safety-center\/"]}]},{"@type":"ImageObject","inLanguage":"en-US","@id":"https:\/\/www.organisator.ch\/operational-excellence\/2025-06-11\/neue-leitung-fuer-den-bereich-certifications-im-swiss-safety-center\/#primaryimage","url":"https:\/\/www.m-q.ch\/wp-content\/uploads\/2025\/06\/Neue-Leitung-fuer-den-Bereich-Certifications-im-Swiss-Safety-Center_MQ.jpg","contentUrl":"https:\/\/www.m-q.ch\/wp-content\/uploads\/2025\/06\/Neue-Leitung-fuer-den-Bereich-Certifications-im-Swiss-Safety-Center_MQ.jpg"},{"@type":"BreadcrumbList","@id":"https:\/\/www.organisator.ch\/operational-excellence\/2025-06-11\/neue-leitung-fuer-den-bereich-certifications-im-swiss-safety-center\/#breadcrumb","itemListElement":[{"@type":"ListItem","position":1,"name":"Home","item":"https:\/\/www.organisator.ch\/"},{"@type":"ListItem","position":2,"name":"Neue Leitung f\u00fcr den Bereich Certifications im Swiss Safety Center"}]},{"@type":"WebSite","@id":"https:\/\/www.organisator.ch\/#website","url":"https:\/\/www.organisator.ch\/","name":"Organizer","description":"Competent. Practical. In 10 issues per year, ORGANISATOR presents the essential topics for managers of SMEs.","publisher":{"@id":"https:\/\/www.organisator.ch\/#organization"},"potentialAction":[{"@type":"SearchAction","target":{"@type":"EntryPoint","urlTemplate":"https:\/\/www.organisator.ch\/?s={search_term_string}"},"query-input":{"@type":"PropertyValueSpecification","valueRequired":true,"valueName":"search_term_string"}}],"inLanguage":"en-US"},{"@type":"Organization","@id":"https:\/\/www.organisator.ch\/#organization","name":"Organizer","url":"https:\/\/www.organisator.ch\/","logo":{"@type":"ImageObject","inLanguage":"en-US","@id":"https:\/\/www.organisator.ch\/#\/schema\/logo\/image\/","url":"https:\/\/www.organisator.ch\/wp-content\/uploads\/2022\/01\/Logo_Organisator_Website.png","contentUrl":"https:\/\/www.organisator.ch\/wp-content\/uploads\/2022\/01\/Logo_Organisator_Website.png","width":800,"height":77,"caption":"Organisator"},"image":{"@id":"https:\/\/www.organisator.ch\/#\/schema\/logo\/image\/"},"sameAs":["https:\/\/www.facebook.com\/OrganisatorFachmagazin","https:\/\/www.linkedin.com\/showcase\/organisator-das-magazin-fr-kmu","https:\/\/www.xing.com\/news\/pages\/organisator-ch-695","https:\/\/www.youtube.com\/channel\/UCGP2Sq0iWaZwT3BdIAQFYpw"]},{"@type":"Person","@id":"https:\/\/www.organisator.ch\/#\/schema\/person\/4e51799071cd2dd1232ac003643ef5f0","name":"galledia","image":{"@type":"ImageObject","inLanguage":"en-US","@id":"https:\/\/secure.gravatar.com\/avatar\/78a7f90c01fc2bfc875782a0d4922b37cde2cf184ce347b91316d23cd7f69a36?s=96&d=mm&r=g","url":"https:\/\/secure.gravatar.com\/avatar\/78a7f90c01fc2bfc875782a0d4922b37cde2cf184ce347b91316d23cd7f69a36?s=96&d=mm&r=g","contentUrl":"https:\/\/secure.gravatar.com\/avatar\/78a7f90c01fc2bfc875782a0d4922b37cde2cf184ce347b91316d23cd7f69a36?s=96&d=mm&r=g","caption":"galledia"},"sameAs":["https:\/\/x.com\/admin"],"url":"https:\/\/www.organisator.ch\/en\/author\/galledia\/"}]}},"_links":{"self":[{"href":"https:\/\/www.organisator.ch\/en\/wp-json\/wp\/v2\/posts\/38780","targetHints":{"allow":["GET"]}}],"collection":[{"href":"https:\/\/www.organisator.ch\/en\/wp-json\/wp\/v2\/posts"}],"about":[{"href":"https:\/\/www.organisator.ch\/en\/wp-json\/wp\/v2\/types\/post"}],"author":[{"embeddable":true,"href":"https:\/\/www.organisator.ch\/en\/wp-json\/wp\/v2\/users\/8"}],"replies":[{"embeddable":true,"href":"https:\/\/www.organisator.ch\/en\/wp-json\/wp\/v2\/comments?post=38780"}],"version-history":[{"count":6,"href":"https:\/\/www.organisator.ch\/en\/wp-json\/wp\/v2\/posts\/38780\/revisions"}],"predecessor-version":[{"id":38825,"href":"https:\/\/www.organisator.ch\/en\/wp-json\/wp\/v2\/posts\/38780\/revisions\/38825"}],"wp:attachment":[{"href":"https:\/\/www.organisator.ch\/en\/wp-json\/wp\/v2\/media?parent=38780"}],"wp:term":[{"taxonomy":"category","embeddable":true,"href":"https:\/\/www.organisator.ch\/en\/wp-json\/wp\/v2\/categories?post=38780"},{"taxonomy":"post_tag","embeddable":true,"href":"https:\/\/www.organisator.ch\/en\/wp-json\/wp\/v2\/tags?post=38780"}],"curies":[{"name":"wp","href":"https:\/\/api.w.org\/{rel}","templated":true}]}}