{"id":38790,"date":"2025-06-10T16:07:52","date_gmt":"2025-06-10T14:07:52","guid":{"rendered":"https:\/\/www.organisator.ch\/?p=38790"},"modified":"2025-06-10T16:07:52","modified_gmt":"2025-06-10T14:07:52","slug":"it-dienstleister-tn-regelt-nachfolge","status":"publish","type":"post","link":"https:\/\/www.organisator.ch\/en\/management\/2025-06-10\/it-dienstleister-tn-regelt-nachfolge\/","title":{"rendered":"IT service provider T&amp;N arranges succession"},"content":{"rendered":"<figure id=\"attachment_38791\" aria-describedby=\"caption-attachment-38791\" style=\"width: 680px\" class=\"wp-caption alignnone\"><img loading=\"lazy\" decoding=\"async\" class=\"wp-image-38791 size-full\" src=\"https:\/\/www.organisator.ch\/wp-content\/uploads\/2025\/06\/IT-Dienstleister-TN-regelt-Nachfolge_Organisator.jpg\" alt=\"\" width=\"680\" height=\"453\" srcset=\"https:\/\/www.organisator.ch\/wp-content\/uploads\/2025\/06\/IT-Dienstleister-TN-regelt-Nachfolge_Organisator.jpg 680w, https:\/\/www.organisator.ch\/wp-content\/uploads\/2025\/06\/IT-Dienstleister-TN-regelt-Nachfolge_Organisator-18x12.jpg 18w, https:\/\/www.organisator.ch\/wp-content\/uploads\/2025\/06\/IT-Dienstleister-TN-regelt-Nachfolge_Organisator-375x250.jpg 375w, https:\/\/www.organisator.ch\/wp-content\/uploads\/2025\/06\/IT-Dienstleister-TN-regelt-Nachfolge_Organisator-525x350.jpg 525w\" sizes=\"auto, (max-width: 680px) 100vw, 680px\" \/><figcaption id=\"caption-attachment-38791\" class=\"wp-caption-text\">Dirk Walla, CEO WTG (left), Hermann Graf, CEO T&amp;N (right). (Image: T&amp;N Telekom &amp; Netzwerk GmbH)<\/figcaption><\/figure>\n<p>For almost 30 years, the T&amp;N Group has been an important constant in the ICT landscape in Switzerland and Austria. Founded in October 1996, an ambitious vision has developed into a company with around 180 employees at 12 locations. Today, the company is a valued partner for ICT services, IT security, cloud computing and many other solutions.<\/p>\n<h3><b>An important step<\/b><\/h3>\n<p>After careful preparation, the company founders Brigitte and Hermann Graf have decided to arrange the succession for the T&amp;N Group and thus secure the long-term development of the company. In this context, WTG Holding GmbH, based in Berlin, acquired 100 % of the shares in T&amp;N Holding and thus all affiliated companies in Switzerland and Austria on May 27, 2025. Like T&amp;N, WTG is a family business with an impressive 112-year history and is represented with 12 locations in Germany, a software development facility in Poland and a small site in Switzerland.<\/p>\n<h3><b>Synergies and new perspectives<\/b><\/h3>\n<p>WTG and the T&amp;N Group are a perfect match, according to a press release published to mark the occasion. \"Where strengths overlap, powerful synergies are created and new opportunities and perspectives open up in areas that were previously only covered by one of the two companies,\" T&amp;N announced.<\/p>\n<p>The group of companies will cover Switzerland and Austria within the WTG Group and retain its independence. For customers, this step means that they will benefit from the new synergies in the future. The range of services will be expanded in a targeted manner, and the enlarged network will also ensure positive developments. At the same time, customers can rely on the usual T&amp;N quality, the company promises.<\/p>\n<h3><b>Change and consistency<\/b><\/h3>\n<p>The company is moving into the future not only with the same company name, but also with a strong team behind it. Employment contracts, tasks, locations and responsibilities will remain unchanged. T&amp;N's management team will also remain in place for the time being, which should ensure continuity and reliability. Company founder Hermann Graf will remain CEO and a member of the Board of Directors until March 31, 2026. After that, he will continue to sit on the Board of Directors and advise the new owners. A suitable person is being sought to succeed him as CEO.<\/p>\n<h3><b>Growing together<\/b><\/h3>\n<p>\"It was crucial for us to find a solution that would create synergies and innovation potential - double the energy for a good future,\" says Hermann Graf, explaining the decision. \"We are building on the commitment and skills of our employees, because each and every one of them contributes to our joint success.\" With this development step, the T&amp;N Group can further strengthen its position in the market, emphasizes Hermann Graf. \"In WTG, we have found a partner who shares our values and with whom we can grow together. We look forward to continuing the T&amp;N success story together - with new chapters and exciting prospects.\"<\/p>\n<p><em>Source and further information: <a href=\"http:\/\/www.tn-ict.com\">T&amp;N<\/a><\/em><\/p>","protected":false},"excerpt":{"rendered":"<p>After 30 years, the T&amp;N Group is taking an important step in its development: the Swiss IT service provider for IT and telecommunications is settling the succession of company founders Brigitte and Hermann Graf and is now part of WTG Holding GmbH.<\/p>","protected":false},"author":4,"featured_media":38791,"comment_status":"closed","ping_status":"closed","sticky":false,"template":"","format":"standard","meta":{"_acf_changed":false,"_yoast_wpseo_focuskw":"T&N","_yoast_wpseo_metadesc":"Der IT-Dienstleister f\u00fcr Informatik und Telekommunikation T&N regelt die Nachfolge der Unternehmensgr\u00fcnder Brigitte und Hermann Graf.","articlekey":"","footnotes":""},"categories":[28],"tags":[207,286,335,492],"class_list":["post-38790","post","type-post","status-publish","format-standard","has-post-thumbnail","hentry","category-management","tag-firmennachfolge","tag-it","tag-management-und-unternehmensfuehrung","tag-unternehmen"],"acf":[],"yoast_head":"<!-- This site is optimized with the Yoast SEO plugin v27.5 - https:\/\/yoast.com\/product\/yoast-seo-wordpress\/ -->\n<title>IT-Dienstleister T&amp;N regelt Nachfolge - Organisator<\/title>\n<meta name=\"description\" content=\"Der IT-Dienstleister f\u00fcr Informatik und Telekommunikation T&amp;N regelt die Nachfolge der Unternehmensgr\u00fcnder Brigitte und Hermann Graf.\" \/>\n<meta name=\"robots\" content=\"index, follow, max-snippet:-1, max-image-preview:large, max-video-preview:-1\" \/>\n<link rel=\"canonical\" href=\"https:\/\/www.organisator.ch\/en\/management\/2025-06-10\/it-dienstleister-tn-regelt-nachfolge\/\" \/>\n<meta property=\"og:locale\" content=\"en_US\" \/>\n<meta property=\"og:type\" content=\"article\" \/>\n<meta property=\"og:title\" content=\"IT-Dienstleister T&amp;N regelt Nachfolge\" \/>\n<meta property=\"og:description\" content=\"Der IT-Dienstleister f\u00fcr Informatik und Telekommunikation T&amp;N regelt die Nachfolge der Unternehmensgr\u00fcnder Brigitte und Hermann Graf.\" \/>\n<meta property=\"og:url\" content=\"https:\/\/www.organisator.ch\/en\/management\/2025-06-10\/it-dienstleister-tn-regelt-nachfolge\/\" \/>\n<meta property=\"og:site_name\" content=\"Organisator\" \/>\n<meta property=\"article:publisher\" content=\"https:\/\/www.facebook.com\/OrganisatorFachmagazin\" \/>\n<meta property=\"article:published_time\" content=\"2025-06-10T14:07:52+00:00\" \/>\n<meta property=\"og:image\" content=\"https:\/\/www.organisator.ch\/wp-content\/uploads\/2025\/06\/IT-Dienstleister-TN-regelt-Nachfolge_Organisator.jpg\" \/>\n\t<meta property=\"og:image:width\" content=\"680\" \/>\n\t<meta property=\"og:image:height\" content=\"453\" \/>\n\t<meta property=\"og:image:type\" content=\"image\/jpeg\" \/>\n<meta name=\"author\" content=\"thomas.berner\" \/>\n<meta name=\"twitter:card\" content=\"summary_large_image\" \/>\n<meta name=\"twitter:title\" content=\"#IT-Dienstleister #T&amp;N regelt Nachfolge\" \/>\n<meta name=\"twitter:description\" content=\"Der #IT-Dienstleister f\u00fcr Informatik und Telekommunikation #T&amp;N regelt die Nachfolge der Unternehmensgr\u00fcnder Brigitte und Hermann Graf.\" \/>\n<meta name=\"twitter:image\" content=\"https:\/\/www.organisator.ch\/wp-content\/uploads\/2025\/06\/IT-Dienstleister-TN-regelt-Nachfolge_Organisator.jpg\" \/>\n<script type=\"application\/ld+json\" class=\"yoast-schema-graph\">{\"@context\":\"https:\\\/\\\/schema.org\",\"@graph\":[{\"@type\":\"Article\",\"@id\":\"https:\\\/\\\/www.organisator.ch\\\/management\\\/2025-06-10\\\/it-dienstleister-tn-regelt-nachfolge\\\/#article\",\"isPartOf\":{\"@id\":\"https:\\\/\\\/www.organisator.ch\\\/management\\\/2025-06-10\\\/it-dienstleister-tn-regelt-nachfolge\\\/\"},\"author\":{\"name\":\"thomas.berner\",\"@id\":\"https:\\\/\\\/www.organisator.ch\\\/#\\\/schema\\\/person\\\/6f650f90b2842cd4c0cc334b4e36f67e\"},\"headline\":\"IT-Dienstleister T&#038;N regelt Nachfolge\",\"datePublished\":\"2025-06-10T14:07:52+00:00\",\"mainEntityOfPage\":{\"@id\":\"https:\\\/\\\/www.organisator.ch\\\/management\\\/2025-06-10\\\/it-dienstleister-tn-regelt-nachfolge\\\/\"},\"wordCount\":542,\"publisher\":{\"@id\":\"https:\\\/\\\/www.organisator.ch\\\/#organization\"},\"image\":{\"@id\":\"https:\\\/\\\/www.organisator.ch\\\/management\\\/2025-06-10\\\/it-dienstleister-tn-regelt-nachfolge\\\/#primaryimage\"},\"thumbnailUrl\":\"https:\\\/\\\/www.organisator.ch\\\/wp-content\\\/uploads\\\/2025\\\/06\\\/IT-Dienstleister-TN-regelt-Nachfolge_Organisator.jpg\",\"keywords\":[\"Firmennachfolge\",\"IT\",\"Management und Unternehmensf\u00fchrung\",\"Unternehmen\"],\"articleSection\":[\"MANAGEMENT\"],\"inLanguage\":\"en-US\"},{\"@type\":\"WebPage\",\"@id\":\"https:\\\/\\\/www.organisator.ch\\\/management\\\/2025-06-10\\\/it-dienstleister-tn-regelt-nachfolge\\\/\",\"url\":\"https:\\\/\\\/www.organisator.ch\\\/management\\\/2025-06-10\\\/it-dienstleister-tn-regelt-nachfolge\\\/\",\"name\":\"IT-Dienstleister T&N regelt Nachfolge - Organisator\",\"isPartOf\":{\"@id\":\"https:\\\/\\\/www.organisator.ch\\\/#website\"},\"primaryImageOfPage\":{\"@id\":\"https:\\\/\\\/www.organisator.ch\\\/management\\\/2025-06-10\\\/it-dienstleister-tn-regelt-nachfolge\\\/#primaryimage\"},\"image\":{\"@id\":\"https:\\\/\\\/www.organisator.ch\\\/management\\\/2025-06-10\\\/it-dienstleister-tn-regelt-nachfolge\\\/#primaryimage\"},\"thumbnailUrl\":\"https:\\\/\\\/www.organisator.ch\\\/wp-content\\\/uploads\\\/2025\\\/06\\\/IT-Dienstleister-TN-regelt-Nachfolge_Organisator.jpg\",\"datePublished\":\"2025-06-10T14:07:52+00:00\",\"description\":\"Der IT-Dienstleister f\u00fcr Informatik und Telekommunikation T&N regelt die Nachfolge der Unternehmensgr\u00fcnder Brigitte und Hermann Graf.\",\"breadcrumb\":{\"@id\":\"https:\\\/\\\/www.organisator.ch\\\/management\\\/2025-06-10\\\/it-dienstleister-tn-regelt-nachfolge\\\/#breadcrumb\"},\"inLanguage\":\"en-US\",\"potentialAction\":[{\"@type\":\"ReadAction\",\"target\":[\"https:\\\/\\\/www.organisator.ch\\\/management\\\/2025-06-10\\\/it-dienstleister-tn-regelt-nachfolge\\\/\"]}]},{\"@type\":\"ImageObject\",\"inLanguage\":\"en-US\",\"@id\":\"https:\\\/\\\/www.organisator.ch\\\/management\\\/2025-06-10\\\/it-dienstleister-tn-regelt-nachfolge\\\/#primaryimage\",\"url\":\"https:\\\/\\\/www.organisator.ch\\\/wp-content\\\/uploads\\\/2025\\\/06\\\/IT-Dienstleister-TN-regelt-Nachfolge_Organisator.jpg\",\"contentUrl\":\"https:\\\/\\\/www.organisator.ch\\\/wp-content\\\/uploads\\\/2025\\\/06\\\/IT-Dienstleister-TN-regelt-Nachfolge_Organisator.jpg\",\"width\":680,\"height\":453,\"caption\":\"Dirk Walla, CEO WTG (links), Hermann Graf, CEO T&amp;N (rechts) \\\/ Weiterer Text \u00fcber ots und www.presseportal.ch\\\/de\\\/nr\\\/100061850 \\\/ Die Verwendung dieses Bildes f\u00fcr redaktionelle Zwecke ist unter Beachtung aller mitgeteilten Nutzungsbedingungen zul\u00e4ssig und dann auch honorarfrei. Ver\u00f6ffentlichung ausschlie\u00dflich mit Bildrechte-Hinweis.\"},{\"@type\":\"BreadcrumbList\",\"@id\":\"https:\\\/\\\/www.organisator.ch\\\/management\\\/2025-06-10\\\/it-dienstleister-tn-regelt-nachfolge\\\/#breadcrumb\",\"itemListElement\":[{\"@type\":\"ListItem\",\"position\":1,\"name\":\"Home\",\"item\":\"https:\\\/\\\/www.organisator.ch\\\/\"},{\"@type\":\"ListItem\",\"position\":2,\"name\":\"IT-Dienstleister T&#038;N regelt Nachfolge\"}]},{\"@type\":\"WebSite\",\"@id\":\"https:\\\/\\\/www.organisator.ch\\\/#website\",\"url\":\"https:\\\/\\\/www.organisator.ch\\\/\",\"name\":\"Organisator\",\"description\":\"Kompetent. Praxisnah. Der ORGANISATOR bereitet in 10 Ausgaben pro Jahr die wesentlichen Themen f\u00fcr F\u00fchrungskr\u00e4fte von KMU auf.\",\"publisher\":{\"@id\":\"https:\\\/\\\/www.organisator.ch\\\/#organization\"},\"potentialAction\":[{\"@type\":\"SearchAction\",\"target\":{\"@type\":\"EntryPoint\",\"urlTemplate\":\"https:\\\/\\\/www.organisator.ch\\\/?s={search_term_string}\"},\"query-input\":{\"@type\":\"PropertyValueSpecification\",\"valueRequired\":true,\"valueName\":\"search_term_string\"}}],\"inLanguage\":\"en-US\"},{\"@type\":\"Organization\",\"@id\":\"https:\\\/\\\/www.organisator.ch\\\/#organization\",\"name\":\"Organisator\",\"url\":\"https:\\\/\\\/www.organisator.ch\\\/\",\"logo\":{\"@type\":\"ImageObject\",\"inLanguage\":\"en-US\",\"@id\":\"https:\\\/\\\/www.organisator.ch\\\/#\\\/schema\\\/logo\\\/image\\\/\",\"url\":\"https:\\\/\\\/www.organisator.ch\\\/wp-content\\\/uploads\\\/2022\\\/01\\\/Logo_Organisator_Website.png\",\"contentUrl\":\"https:\\\/\\\/www.organisator.ch\\\/wp-content\\\/uploads\\\/2022\\\/01\\\/Logo_Organisator_Website.png\",\"width\":800,\"height\":77,\"caption\":\"Organisator\"},\"image\":{\"@id\":\"https:\\\/\\\/www.organisator.ch\\\/#\\\/schema\\\/logo\\\/image\\\/\"},\"sameAs\":[\"https:\\\/\\\/www.facebook.com\\\/OrganisatorFachmagazin\",\"https:\\\/\\\/www.linkedin.com\\\/showcase\\\/organisator-das-magazin-fr-kmu\",\"https:\\\/\\\/www.xing.com\\\/news\\\/pages\\\/organisator-ch-695\",\"https:\\\/\\\/www.youtube.com\\\/channel\\\/UCGP2Sq0iWaZwT3BdIAQFYpw\"]},{\"@type\":\"Person\",\"@id\":\"https:\\\/\\\/www.organisator.ch\\\/#\\\/schema\\\/person\\\/6f650f90b2842cd4c0cc334b4e36f67e\",\"name\":\"thomas.berner\",\"image\":{\"@type\":\"ImageObject\",\"inLanguage\":\"en-US\",\"@id\":\"https:\\\/\\\/secure.gravatar.com\\\/avatar\\\/ac5001d2a36cb6c6cd3e50789007ffca834b477b74a2144564522e944eabff61?s=96&d=mm&r=g\",\"url\":\"https:\\\/\\\/secure.gravatar.com\\\/avatar\\\/ac5001d2a36cb6c6cd3e50789007ffca834b477b74a2144564522e944eabff61?s=96&d=mm&r=g\",\"contentUrl\":\"https:\\\/\\\/secure.gravatar.com\\\/avatar\\\/ac5001d2a36cb6c6cd3e50789007ffca834b477b74a2144564522e944eabff61?s=96&d=mm&r=g\",\"caption\":\"thomas.berner\"},\"url\":\"https:\\\/\\\/www.organisator.ch\\\/en\\\/author\\\/thomas-berner\\\/\"}]}<\/script>\n<!-- \/ Yoast SEO plugin. -->","yoast_head_json":{"title":"IT service provider T&amp;N arranges succession - Organizer","description":"The IT service provider for IT and telecommunications T&amp;N settles the succession of the company founders Brigitte and Hermann Graf.","robots":{"index":"index","follow":"follow","max-snippet":"max-snippet:-1","max-image-preview":"max-image-preview:large","max-video-preview":"max-video-preview:-1"},"canonical":"https:\/\/www.organisator.ch\/en\/management\/2025-06-10\/it-dienstleister-tn-regelt-nachfolge\/","og_locale":"en_US","og_type":"article","og_title":"IT-Dienstleister T&N regelt Nachfolge","og_description":"Der IT-Dienstleister f\u00fcr Informatik und Telekommunikation T&N regelt die Nachfolge der Unternehmensgr\u00fcnder Brigitte und Hermann Graf.","og_url":"https:\/\/www.organisator.ch\/en\/management\/2025-06-10\/it-dienstleister-tn-regelt-nachfolge\/","og_site_name":"Organisator","article_publisher":"https:\/\/www.facebook.com\/OrganisatorFachmagazin","article_published_time":"2025-06-10T14:07:52+00:00","og_image":[{"width":680,"height":453,"url":"https:\/\/www.organisator.ch\/wp-content\/uploads\/2025\/06\/IT-Dienstleister-TN-regelt-Nachfolge_Organisator.jpg","type":"image\/jpeg"}],"author":"thomas.berner","twitter_card":"summary_large_image","twitter_title":"#IT-Dienstleister #T&N regelt Nachfolge","twitter_description":"Der #IT-Dienstleister f\u00fcr Informatik und Telekommunikation #T&N regelt die Nachfolge der Unternehmensgr\u00fcnder Brigitte und Hermann Graf.","twitter_image":"https:\/\/www.organisator.ch\/wp-content\/uploads\/2025\/06\/IT-Dienstleister-TN-regelt-Nachfolge_Organisator.jpg","schema":{"@context":"https:\/\/schema.org","@graph":[{"@type":"Article","@id":"https:\/\/www.organisator.ch\/management\/2025-06-10\/it-dienstleister-tn-regelt-nachfolge\/#article","isPartOf":{"@id":"https:\/\/www.organisator.ch\/management\/2025-06-10\/it-dienstleister-tn-regelt-nachfolge\/"},"author":{"name":"thomas.berner","@id":"https:\/\/www.organisator.ch\/#\/schema\/person\/6f650f90b2842cd4c0cc334b4e36f67e"},"headline":"IT-Dienstleister T&#038;N regelt Nachfolge","datePublished":"2025-06-10T14:07:52+00:00","mainEntityOfPage":{"@id":"https:\/\/www.organisator.ch\/management\/2025-06-10\/it-dienstleister-tn-regelt-nachfolge\/"},"wordCount":542,"publisher":{"@id":"https:\/\/www.organisator.ch\/#organization"},"image":{"@id":"https:\/\/www.organisator.ch\/management\/2025-06-10\/it-dienstleister-tn-regelt-nachfolge\/#primaryimage"},"thumbnailUrl":"https:\/\/www.organisator.ch\/wp-content\/uploads\/2025\/06\/IT-Dienstleister-TN-regelt-Nachfolge_Organisator.jpg","keywords":["Firmennachfolge","IT","Management und Unternehmensf\u00fchrung","Unternehmen"],"articleSection":["MANAGEMENT"],"inLanguage":"en-US"},{"@type":"WebPage","@id":"https:\/\/www.organisator.ch\/management\/2025-06-10\/it-dienstleister-tn-regelt-nachfolge\/","url":"https:\/\/www.organisator.ch\/management\/2025-06-10\/it-dienstleister-tn-regelt-nachfolge\/","name":"IT service provider T&amp;N arranges succession - Organizer","isPartOf":{"@id":"https:\/\/www.organisator.ch\/#website"},"primaryImageOfPage":{"@id":"https:\/\/www.organisator.ch\/management\/2025-06-10\/it-dienstleister-tn-regelt-nachfolge\/#primaryimage"},"image":{"@id":"https:\/\/www.organisator.ch\/management\/2025-06-10\/it-dienstleister-tn-regelt-nachfolge\/#primaryimage"},"thumbnailUrl":"https:\/\/www.organisator.ch\/wp-content\/uploads\/2025\/06\/IT-Dienstleister-TN-regelt-Nachfolge_Organisator.jpg","datePublished":"2025-06-10T14:07:52+00:00","description":"The IT service provider for IT and telecommunications T&amp;N settles the succession of the company founders Brigitte and Hermann Graf.","breadcrumb":{"@id":"https:\/\/www.organisator.ch\/management\/2025-06-10\/it-dienstleister-tn-regelt-nachfolge\/#breadcrumb"},"inLanguage":"en-US","potentialAction":[{"@type":"ReadAction","target":["https:\/\/www.organisator.ch\/management\/2025-06-10\/it-dienstleister-tn-regelt-nachfolge\/"]}]},{"@type":"ImageObject","inLanguage":"en-US","@id":"https:\/\/www.organisator.ch\/management\/2025-06-10\/it-dienstleister-tn-regelt-nachfolge\/#primaryimage","url":"https:\/\/www.organisator.ch\/wp-content\/uploads\/2025\/06\/IT-Dienstleister-TN-regelt-Nachfolge_Organisator.jpg","contentUrl":"https:\/\/www.organisator.ch\/wp-content\/uploads\/2025\/06\/IT-Dienstleister-TN-regelt-Nachfolge_Organisator.jpg","width":680,"height":453,"caption":"Dirk Walla, CEO WTG (links), Hermann Graf, CEO T&amp;N (rechts) \/ Weiterer Text \u00fcber ots und www.presseportal.ch\/de\/nr\/100061850 \/ Die Verwendung dieses Bildes f\u00fcr redaktionelle Zwecke ist unter Beachtung aller mitgeteilten Nutzungsbedingungen zul\u00e4ssig und dann auch honorarfrei. Ver\u00f6ffentlichung ausschlie\u00dflich mit Bildrechte-Hinweis."},{"@type":"BreadcrumbList","@id":"https:\/\/www.organisator.ch\/management\/2025-06-10\/it-dienstleister-tn-regelt-nachfolge\/#breadcrumb","itemListElement":[{"@type":"ListItem","position":1,"name":"Home","item":"https:\/\/www.organisator.ch\/"},{"@type":"ListItem","position":2,"name":"IT-Dienstleister T&#038;N regelt Nachfolge"}]},{"@type":"WebSite","@id":"https:\/\/www.organisator.ch\/#website","url":"https:\/\/www.organisator.ch\/","name":"Organizer","description":"Competent. Practical. In 10 issues per year, ORGANISATOR presents the essential topics for managers of SMEs.","publisher":{"@id":"https:\/\/www.organisator.ch\/#organization"},"potentialAction":[{"@type":"SearchAction","target":{"@type":"EntryPoint","urlTemplate":"https:\/\/www.organisator.ch\/?s={search_term_string}"},"query-input":{"@type":"PropertyValueSpecification","valueRequired":true,"valueName":"search_term_string"}}],"inLanguage":"en-US"},{"@type":"Organization","@id":"https:\/\/www.organisator.ch\/#organization","name":"Organizer","url":"https:\/\/www.organisator.ch\/","logo":{"@type":"ImageObject","inLanguage":"en-US","@id":"https:\/\/www.organisator.ch\/#\/schema\/logo\/image\/","url":"https:\/\/www.organisator.ch\/wp-content\/uploads\/2022\/01\/Logo_Organisator_Website.png","contentUrl":"https:\/\/www.organisator.ch\/wp-content\/uploads\/2022\/01\/Logo_Organisator_Website.png","width":800,"height":77,"caption":"Organisator"},"image":{"@id":"https:\/\/www.organisator.ch\/#\/schema\/logo\/image\/"},"sameAs":["https:\/\/www.facebook.com\/OrganisatorFachmagazin","https:\/\/www.linkedin.com\/showcase\/organisator-das-magazin-fr-kmu","https:\/\/www.xing.com\/news\/pages\/organisator-ch-695","https:\/\/www.youtube.com\/channel\/UCGP2Sq0iWaZwT3BdIAQFYpw"]},{"@type":"Person","@id":"https:\/\/www.organisator.ch\/#\/schema\/person\/6f650f90b2842cd4c0cc334b4e36f67e","name":"thomas.berner","image":{"@type":"ImageObject","inLanguage":"en-US","@id":"https:\/\/secure.gravatar.com\/avatar\/ac5001d2a36cb6c6cd3e50789007ffca834b477b74a2144564522e944eabff61?s=96&d=mm&r=g","url":"https:\/\/secure.gravatar.com\/avatar\/ac5001d2a36cb6c6cd3e50789007ffca834b477b74a2144564522e944eabff61?s=96&d=mm&r=g","contentUrl":"https:\/\/secure.gravatar.com\/avatar\/ac5001d2a36cb6c6cd3e50789007ffca834b477b74a2144564522e944eabff61?s=96&d=mm&r=g","caption":"thomas.berner"},"url":"https:\/\/www.organisator.ch\/en\/author\/thomas-berner\/"}]}},"_links":{"self":[{"href":"https:\/\/www.organisator.ch\/en\/wp-json\/wp\/v2\/posts\/38790","targetHints":{"allow":["GET"]}}],"collection":[{"href":"https:\/\/www.organisator.ch\/en\/wp-json\/wp\/v2\/posts"}],"about":[{"href":"https:\/\/www.organisator.ch\/en\/wp-json\/wp\/v2\/types\/post"}],"author":[{"embeddable":true,"href":"https:\/\/www.organisator.ch\/en\/wp-json\/wp\/v2\/users\/4"}],"replies":[{"embeddable":true,"href":"https:\/\/www.organisator.ch\/en\/wp-json\/wp\/v2\/comments?post=38790"}],"version-history":[{"count":4,"href":"https:\/\/www.organisator.ch\/en\/wp-json\/wp\/v2\/posts\/38790\/revisions"}],"predecessor-version":[{"id":38829,"href":"https:\/\/www.organisator.ch\/en\/wp-json\/wp\/v2\/posts\/38790\/revisions\/38829"}],"wp:featuredmedia":[{"embeddable":true,"href":"https:\/\/www.organisator.ch\/en\/wp-json\/wp\/v2\/media\/38791"}],"wp:attachment":[{"href":"https:\/\/www.organisator.ch\/en\/wp-json\/wp\/v2\/media?parent=38790"}],"wp:term":[{"taxonomy":"category","embeddable":true,"href":"https:\/\/www.organisator.ch\/en\/wp-json\/wp\/v2\/categories?post=38790"},{"taxonomy":"post_tag","embeddable":true,"href":"https:\/\/www.organisator.ch\/en\/wp-json\/wp\/v2\/tags?post=38790"}],"curies":[{"name":"wp","href":"https:\/\/api.w.org\/{rel}","templated":true}]}}