{"id":388,"date":"2016-07-04T16:25:57","date_gmt":"2016-07-04T14:25:57","guid":{"rendered":"https:\/\/dev.umweltperspektiven.ch\/?p=388"},"modified":"2016-07-04T16:25:57","modified_gmt":"2016-07-04T14:25:57","slug":"strengere-effizienzkriterien-fuer-neuwagen","status":"publish","type":"post","link":"https:\/\/www.organisator.ch\/en\/allgemein\/2016-07-04\/strengere-effizienzkriterien-fuer-neuwagen\/","title":{"rendered":"Stricter efficiency criteria for new cars"},"content":{"rendered":"<figure id=\"attachment_389\" aria-describedby=\"caption-attachment-389\" style=\"width: 680px\" class=\"wp-caption alignnone\"><a href=\"\/\/dev.umweltperspektiven.ch\/wp-content\/uploads\/2016\/12\/Strengere-Effizienzkriterien-f\u00fcr-Neuwagen-umweltperspektiven.jpg\"><img loading=\"lazy\" decoding=\"async\" class=\"size-medium wp-image-389\" src=\"\/\/dev.umweltperspektiven.ch\/wp-content\/uploads\/2016\/12\/Strengere-Effizienzkriterien-f\u00fcr-Neuwagen-umweltperspektiven.jpg\" alt=\"Energy label for new cars: efficiency criteria to be tightened up\" width=\"680\" height=\"522\" \/><\/a><figcaption id=\"caption-attachment-389\" class=\"wp-caption-text\">Energy label for new cars: efficiency criteria to be tightened up<\/figcaption><\/figure>\n<p>www.news.admin.ch - Stricter efficiency criteria for new cars from January 1, 2017<\/p>\n<p>Since March 2003, the energy label for passenger cars must be prominently displayed on every new car offered for sale. The energy label divides passenger cars into seven efficiency categories from A to G: A stands for an energy-efficient vehicle, G for a comparatively inefficient one. In addition, the label contains further information, such as fuel consumption or CO2 emissions, thus enabling an energy- and environmentally-conscious car purchase.<\/p>\n<p>The energy label is adapted to the latest state of the art by DETEC every year (cut-off date: May 31), as otherwise the proportion of vehicles in the best efficiency category A would constantly increase. In the process, the factors for calculating the gasoline equivalents and the primary energy gasoline equivalents are also reviewed and adapted to the new findings of science and technology as well as to international developments. The new limits of the efficiency categories are set out in the DETEC ordinance on information on the energy label of new passenger cars (VEE-PW). They apply from January 1, 2017. In addition, the factors of CO2 emissions from fuel production were newly included in the ordinance. Previously, only the CO2 emissions from electricity production were listed on the label.<\/p>\n<p>The energy label must also show the average value of CO2 emissions for all new cars put on the market in the previous period (June 1 - May 31). This was previously 139 grams of CO2 per kilometer. However, due to improved engines, fuel consumption and CO2 emissions of new cars are steadily decreasing, so that the average CO2 emission for new car models in Switzerland is now 134 g\/km.<\/p>","protected":false},"excerpt":{"rendered":"<p>www.news.admin.ch &#8211; Strengere Effizienzkriterien f\u00fcr Neuwagen ab 1. Januar 2017 Seit M\u00e4rz 2003 muss die Energieetikette f\u00fcr Personenwagen gut sichtbar bei jedem zum Verkauf angebotenen Neuwagen angebracht sein. Die Energieetikette unterteilt die Personenwagen in sieben Effizienzkategorien von A bis G: A steht f\u00fcr ein energieeffizientes, G f\u00fcr ein vergleichsweise ineffizientes Fahrzeug. Daneben enth\u00e4lt die Etikette [&hellip;]<\/p>\n","protected":false},"author":1,"featured_media":9386,"comment_status":"open","ping_status":"open","sticky":false,"template":"","format":"standard","meta":{"_acf_changed":false,"_yoast_wpseo_focuskw":"Neuwagen","_yoast_wpseo_metadesc":"Ab 1. Januar 2017 gelten versch\u00e4rfte Effizienzkategorien f\u00fcr die Energieetiketten von Personenwagen.","articlekey":"","footnotes":""},"categories":[1],"tags":[928,1066,1155,354,2454],"class_list":["post-388","post","type-post","status-publish","format-standard","has-post-thumbnail","hentry","category-allgemein","tag-co2","tag-energieeffizienz","tag-fahrzeuge","tag-mobilitaet","tag-verkehr"],"acf":[],"yoast_head":"<!-- This site is optimized with the Yoast SEO plugin v27.4 - https:\/\/yoast.com\/product\/yoast-seo-wordpress\/ -->\n<title>Strengere Effizienzkriterien f\u00fcr Neuwagen - Organisator<\/title>\n<meta name=\"description\" content=\"Ab 1. Januar 2017 gelten versch\u00e4rfte Effizienzkategorien f\u00fcr die Energieetiketten von Personenwagen.\" \/>\n<meta name=\"robots\" content=\"index, follow, max-snippet:-1, max-image-preview:large, max-video-preview:-1\" \/>\n<link rel=\"canonical\" href=\"https:\/\/www.organisator.ch\/en\/general\/2016-07-04\/strengere-effizienzkriterien-fuer-neuwagen\/\" \/>\n<meta property=\"og:locale\" content=\"en_US\" \/>\n<meta property=\"og:type\" content=\"article\" \/>\n<meta property=\"og:title\" content=\"Strengere Effizienzkriterien f\u00fcr Neuwagen - Organisator\" \/>\n<meta property=\"og:description\" content=\"Ab 1. Januar 2017 gelten versch\u00e4rfte Effizienzkategorien f\u00fcr die Energieetiketten von Personenwagen.\" \/>\n<meta property=\"og:url\" content=\"https:\/\/www.organisator.ch\/en\/general\/2016-07-04\/strengere-effizienzkriterien-fuer-neuwagen\/\" \/>\n<meta property=\"og:site_name\" content=\"Organisator\" \/>\n<meta property=\"article:publisher\" content=\"https:\/\/www.facebook.com\/OrganisatorFachmagazin\" \/>\n<meta property=\"article:published_time\" content=\"2016-07-04T14:25:57+00:00\" \/>\n<meta property=\"og:image\" content=\"https:\/\/www.organisator.ch\/wp-content\/uploads\/2016\/12\/Strengere-Effizienzkriterien-fuer-Neuwagen-umweltperspektiven.jpg\" \/>\n\t<meta property=\"og:image:width\" content=\"999\" \/>\n\t<meta property=\"og:image:height\" content=\"767\" \/>\n\t<meta property=\"og:image:type\" content=\"image\/jpeg\" \/>\n<meta name=\"author\" content=\"admin\" \/>\n<meta name=\"twitter:card\" content=\"summary_large_image\" \/>\n<script type=\"application\/ld+json\" class=\"yoast-schema-graph\">{\"@context\":\"https:\\\/\\\/schema.org\",\"@graph\":[{\"@type\":\"Article\",\"@id\":\"https:\\\/\\\/www.organisator.ch\\\/en\\\/general\\\/2016-07-04\\\/strengere-effizienzkriterien-fuer-neuwagen\\\/#article\",\"isPartOf\":{\"@id\":\"https:\\\/\\\/www.organisator.ch\\\/en\\\/general\\\/2016-07-04\\\/strengere-effizienzkriterien-fuer-neuwagen\\\/\"},\"author\":{\"name\":\"admin\",\"@id\":\"https:\\\/\\\/www.organisator.ch\\\/#\\\/schema\\\/person\\\/aa2bace6c5c5aad60102004a50c4eb1c\"},\"headline\":\"Strengere Effizienzkriterien f\u00fcr Neuwagen\",\"datePublished\":\"2016-07-04T14:25:57+00:00\",\"mainEntityOfPage\":{\"@id\":\"https:\\\/\\\/www.organisator.ch\\\/en\\\/general\\\/2016-07-04\\\/strengere-effizienzkriterien-fuer-neuwagen\\\/\"},\"wordCount\":283,\"commentCount\":0,\"publisher\":{\"@id\":\"https:\\\/\\\/www.organisator.ch\\\/#organization\"},\"image\":{\"@id\":\"https:\\\/\\\/www.organisator.ch\\\/en\\\/general\\\/2016-07-04\\\/strengere-effizienzkriterien-fuer-neuwagen\\\/#primaryimage\"},\"thumbnailUrl\":\"https:\\\/\\\/www.organisator.ch\\\/wp-content\\\/uploads\\\/2016\\\/12\\\/Strengere-Effizienzkriterien-fuer-Neuwagen-umweltperspektiven.jpg\",\"keywords\":[\"CO2\",\"Energieeffizienz\",\"Fahrzeuge\",\"Mobilit\u00e4t\",\"Verkehr\"],\"articleSection\":[\"Allgemein\"],\"inLanguage\":\"en-US\"},{\"@type\":\"WebPage\",\"@id\":\"https:\\\/\\\/www.organisator.ch\\\/en\\\/general\\\/2016-07-04\\\/strengere-effizienzkriterien-fuer-neuwagen\\\/\",\"url\":\"https:\\\/\\\/www.organisator.ch\\\/en\\\/general\\\/2016-07-04\\\/strengere-effizienzkriterien-fuer-neuwagen\\\/\",\"name\":\"Strengere Effizienzkriterien f\u00fcr Neuwagen - Organisator\",\"isPartOf\":{\"@id\":\"https:\\\/\\\/www.organisator.ch\\\/#website\"},\"primaryImageOfPage\":{\"@id\":\"https:\\\/\\\/www.organisator.ch\\\/en\\\/general\\\/2016-07-04\\\/strengere-effizienzkriterien-fuer-neuwagen\\\/#primaryimage\"},\"image\":{\"@id\":\"https:\\\/\\\/www.organisator.ch\\\/en\\\/general\\\/2016-07-04\\\/strengere-effizienzkriterien-fuer-neuwagen\\\/#primaryimage\"},\"thumbnailUrl\":\"https:\\\/\\\/www.organisator.ch\\\/wp-content\\\/uploads\\\/2016\\\/12\\\/Strengere-Effizienzkriterien-fuer-Neuwagen-umweltperspektiven.jpg\",\"datePublished\":\"2016-07-04T14:25:57+00:00\",\"description\":\"Ab 1. Januar 2017 gelten versch\u00e4rfte Effizienzkategorien f\u00fcr die Energieetiketten von Personenwagen.\",\"breadcrumb\":{\"@id\":\"https:\\\/\\\/www.organisator.ch\\\/en\\\/general\\\/2016-07-04\\\/strengere-effizienzkriterien-fuer-neuwagen\\\/#breadcrumb\"},\"inLanguage\":\"en-US\",\"potentialAction\":[{\"@type\":\"ReadAction\",\"target\":[\"https:\\\/\\\/www.organisator.ch\\\/en\\\/general\\\/2016-07-04\\\/strengere-effizienzkriterien-fuer-neuwagen\\\/\"]}]},{\"@type\":\"ImageObject\",\"inLanguage\":\"en-US\",\"@id\":\"https:\\\/\\\/www.organisator.ch\\\/en\\\/general\\\/2016-07-04\\\/strengere-effizienzkriterien-fuer-neuwagen\\\/#primaryimage\",\"url\":\"https:\\\/\\\/www.organisator.ch\\\/wp-content\\\/uploads\\\/2016\\\/12\\\/Strengere-Effizienzkriterien-fuer-Neuwagen-umweltperspektiven.jpg\",\"contentUrl\":\"https:\\\/\\\/www.organisator.ch\\\/wp-content\\\/uploads\\\/2016\\\/12\\\/Strengere-Effizienzkriterien-fuer-Neuwagen-umweltperspektiven.jpg\",\"width\":999,\"height\":767,\"caption\":\"Energielabel f\u00fcr Neuwagen: Die Effizienzkriterien werden versch\u00e4rft\"},{\"@type\":\"BreadcrumbList\",\"@id\":\"https:\\\/\\\/www.organisator.ch\\\/en\\\/general\\\/2016-07-04\\\/strengere-effizienzkriterien-fuer-neuwagen\\\/#breadcrumb\",\"itemListElement\":[{\"@type\":\"ListItem\",\"position\":1,\"name\":\"Home\",\"item\":\"https:\\\/\\\/www.organisator.ch\\\/\"},{\"@type\":\"ListItem\",\"position\":2,\"name\":\"Strengere Effizienzkriterien f\u00fcr Neuwagen\"}]},{\"@type\":\"WebSite\",\"@id\":\"https:\\\/\\\/www.organisator.ch\\\/#website\",\"url\":\"https:\\\/\\\/www.organisator.ch\\\/\",\"name\":\"Organisator\",\"description\":\"Kompetent. Praxisnah. Der ORGANISATOR bereitet in 10 Ausgaben pro Jahr die wesentlichen Themen f\u00fcr F\u00fchrungskr\u00e4fte von KMU auf.\",\"publisher\":{\"@id\":\"https:\\\/\\\/www.organisator.ch\\\/#organization\"},\"potentialAction\":[{\"@type\":\"SearchAction\",\"target\":{\"@type\":\"EntryPoint\",\"urlTemplate\":\"https:\\\/\\\/www.organisator.ch\\\/?s={search_term_string}\"},\"query-input\":{\"@type\":\"PropertyValueSpecification\",\"valueRequired\":true,\"valueName\":\"search_term_string\"}}],\"inLanguage\":\"en-US\"},{\"@type\":\"Organization\",\"@id\":\"https:\\\/\\\/www.organisator.ch\\\/#organization\",\"name\":\"Organisator\",\"url\":\"https:\\\/\\\/www.organisator.ch\\\/\",\"logo\":{\"@type\":\"ImageObject\",\"inLanguage\":\"en-US\",\"@id\":\"https:\\\/\\\/www.organisator.ch\\\/#\\\/schema\\\/logo\\\/image\\\/\",\"url\":\"https:\\\/\\\/www.organisator.ch\\\/wp-content\\\/uploads\\\/2022\\\/01\\\/Logo_Organisator_Website.png\",\"contentUrl\":\"https:\\\/\\\/www.organisator.ch\\\/wp-content\\\/uploads\\\/2022\\\/01\\\/Logo_Organisator_Website.png\",\"width\":800,\"height\":77,\"caption\":\"Organisator\"},\"image\":{\"@id\":\"https:\\\/\\\/www.organisator.ch\\\/#\\\/schema\\\/logo\\\/image\\\/\"},\"sameAs\":[\"https:\\\/\\\/www.facebook.com\\\/OrganisatorFachmagazin\",\"https:\\\/\\\/www.linkedin.com\\\/showcase\\\/organisator-das-magazin-fr-kmu\",\"https:\\\/\\\/www.xing.com\\\/news\\\/pages\\\/organisator-ch-695\",\"https:\\\/\\\/www.youtube.com\\\/channel\\\/UCGP2Sq0iWaZwT3BdIAQFYpw\"]},{\"@type\":\"Person\",\"@id\":\"https:\\\/\\\/www.organisator.ch\\\/#\\\/schema\\\/person\\\/aa2bace6c5c5aad60102004a50c4eb1c\",\"name\":\"admin\",\"image\":{\"@type\":\"ImageObject\",\"inLanguage\":\"en-US\",\"@id\":\"https:\\\/\\\/secure.gravatar.com\\\/avatar\\\/ae2f4d718e6c49043e314ce431e7e645d646302a24a5ef5a8bc8e3f5a032e319?s=96&d=mm&r=g\",\"url\":\"https:\\\/\\\/secure.gravatar.com\\\/avatar\\\/ae2f4d718e6c49043e314ce431e7e645d646302a24a5ef5a8bc8e3f5a032e319?s=96&d=mm&r=g\",\"contentUrl\":\"https:\\\/\\\/secure.gravatar.com\\\/avatar\\\/ae2f4d718e6c49043e314ce431e7e645d646302a24a5ef5a8bc8e3f5a032e319?s=96&d=mm&r=g\",\"caption\":\"admin\"},\"sameAs\":[\"https:\\\/\\\/www.organisator.ch\"],\"url\":\"https:\\\/\\\/www.organisator.ch\\\/en\\\/author\\\/admin\\\/\"}]}<\/script>\n<!-- \/ Yoast SEO plugin. -->","yoast_head_json":{"title":"Stricter efficiency criteria for new cars - organizer","description":"As of January 1, 2017, stricter efficiency categories will apply to the energy labels of passenger cars.","robots":{"index":"index","follow":"follow","max-snippet":"max-snippet:-1","max-image-preview":"max-image-preview:large","max-video-preview":"max-video-preview:-1"},"canonical":"https:\/\/www.organisator.ch\/en\/general\/2016-07-04\/strengere-effizienzkriterien-fuer-neuwagen\/","og_locale":"en_US","og_type":"article","og_title":"Strengere Effizienzkriterien f\u00fcr Neuwagen - Organisator","og_description":"Ab 1. Januar 2017 gelten versch\u00e4rfte Effizienzkategorien f\u00fcr die Energieetiketten von Personenwagen.","og_url":"https:\/\/www.organisator.ch\/en\/general\/2016-07-04\/strengere-effizienzkriterien-fuer-neuwagen\/","og_site_name":"Organisator","article_publisher":"https:\/\/www.facebook.com\/OrganisatorFachmagazin","article_published_time":"2016-07-04T14:25:57+00:00","og_image":[{"width":999,"height":767,"url":"https:\/\/www.organisator.ch\/wp-content\/uploads\/2016\/12\/Strengere-Effizienzkriterien-fuer-Neuwagen-umweltperspektiven.jpg","type":"image\/jpeg"}],"author":"admin","twitter_card":"summary_large_image","schema":{"@context":"https:\/\/schema.org","@graph":[{"@type":"Article","@id":"https:\/\/www.organisator.ch\/en\/general\/2016-07-04\/strengere-effizienzkriterien-fuer-neuwagen\/#article","isPartOf":{"@id":"https:\/\/www.organisator.ch\/en\/general\/2016-07-04\/strengere-effizienzkriterien-fuer-neuwagen\/"},"author":{"name":"admin","@id":"https:\/\/www.organisator.ch\/#\/schema\/person\/aa2bace6c5c5aad60102004a50c4eb1c"},"headline":"Strengere Effizienzkriterien f\u00fcr Neuwagen","datePublished":"2016-07-04T14:25:57+00:00","mainEntityOfPage":{"@id":"https:\/\/www.organisator.ch\/en\/general\/2016-07-04\/strengere-effizienzkriterien-fuer-neuwagen\/"},"wordCount":283,"commentCount":0,"publisher":{"@id":"https:\/\/www.organisator.ch\/#organization"},"image":{"@id":"https:\/\/www.organisator.ch\/en\/general\/2016-07-04\/strengere-effizienzkriterien-fuer-neuwagen\/#primaryimage"},"thumbnailUrl":"https:\/\/www.organisator.ch\/wp-content\/uploads\/2016\/12\/Strengere-Effizienzkriterien-fuer-Neuwagen-umweltperspektiven.jpg","keywords":["CO2","Energieeffizienz","Fahrzeuge","Mobilit\u00e4t","Verkehr"],"articleSection":["Allgemein"],"inLanguage":"en-US"},{"@type":"WebPage","@id":"https:\/\/www.organisator.ch\/en\/general\/2016-07-04\/strengere-effizienzkriterien-fuer-neuwagen\/","url":"https:\/\/www.organisator.ch\/en\/general\/2016-07-04\/strengere-effizienzkriterien-fuer-neuwagen\/","name":"Stricter efficiency criteria for new cars - organizer","isPartOf":{"@id":"https:\/\/www.organisator.ch\/#website"},"primaryImageOfPage":{"@id":"https:\/\/www.organisator.ch\/en\/general\/2016-07-04\/strengere-effizienzkriterien-fuer-neuwagen\/#primaryimage"},"image":{"@id":"https:\/\/www.organisator.ch\/en\/general\/2016-07-04\/strengere-effizienzkriterien-fuer-neuwagen\/#primaryimage"},"thumbnailUrl":"https:\/\/www.organisator.ch\/wp-content\/uploads\/2016\/12\/Strengere-Effizienzkriterien-fuer-Neuwagen-umweltperspektiven.jpg","datePublished":"2016-07-04T14:25:57+00:00","description":"As of January 1, 2017, stricter efficiency categories will apply to the energy labels of passenger cars.","breadcrumb":{"@id":"https:\/\/www.organisator.ch\/en\/general\/2016-07-04\/strengere-effizienzkriterien-fuer-neuwagen\/#breadcrumb"},"inLanguage":"en-US","potentialAction":[{"@type":"ReadAction","target":["https:\/\/www.organisator.ch\/en\/general\/2016-07-04\/strengere-effizienzkriterien-fuer-neuwagen\/"]}]},{"@type":"ImageObject","inLanguage":"en-US","@id":"https:\/\/www.organisator.ch\/en\/general\/2016-07-04\/strengere-effizienzkriterien-fuer-neuwagen\/#primaryimage","url":"https:\/\/www.organisator.ch\/wp-content\/uploads\/2016\/12\/Strengere-Effizienzkriterien-fuer-Neuwagen-umweltperspektiven.jpg","contentUrl":"https:\/\/www.organisator.ch\/wp-content\/uploads\/2016\/12\/Strengere-Effizienzkriterien-fuer-Neuwagen-umweltperspektiven.jpg","width":999,"height":767,"caption":"Energielabel f\u00fcr Neuwagen: Die Effizienzkriterien werden versch\u00e4rft"},{"@type":"BreadcrumbList","@id":"https:\/\/www.organisator.ch\/en\/general\/2016-07-04\/strengere-effizienzkriterien-fuer-neuwagen\/#breadcrumb","itemListElement":[{"@type":"ListItem","position":1,"name":"Home","item":"https:\/\/www.organisator.ch\/"},{"@type":"ListItem","position":2,"name":"Strengere Effizienzkriterien f\u00fcr Neuwagen"}]},{"@type":"WebSite","@id":"https:\/\/www.organisator.ch\/#website","url":"https:\/\/www.organisator.ch\/","name":"Organizer","description":"Competent. Practical. In 10 issues per year, ORGANISATOR presents the essential topics for managers of SMEs.","publisher":{"@id":"https:\/\/www.organisator.ch\/#organization"},"potentialAction":[{"@type":"SearchAction","target":{"@type":"EntryPoint","urlTemplate":"https:\/\/www.organisator.ch\/?s={search_term_string}"},"query-input":{"@type":"PropertyValueSpecification","valueRequired":true,"valueName":"search_term_string"}}],"inLanguage":"en-US"},{"@type":"Organization","@id":"https:\/\/www.organisator.ch\/#organization","name":"Organizer","url":"https:\/\/www.organisator.ch\/","logo":{"@type":"ImageObject","inLanguage":"en-US","@id":"https:\/\/www.organisator.ch\/#\/schema\/logo\/image\/","url":"https:\/\/www.organisator.ch\/wp-content\/uploads\/2022\/01\/Logo_Organisator_Website.png","contentUrl":"https:\/\/www.organisator.ch\/wp-content\/uploads\/2022\/01\/Logo_Organisator_Website.png","width":800,"height":77,"caption":"Organisator"},"image":{"@id":"https:\/\/www.organisator.ch\/#\/schema\/logo\/image\/"},"sameAs":["https:\/\/www.facebook.com\/OrganisatorFachmagazin","https:\/\/www.linkedin.com\/showcase\/organisator-das-magazin-fr-kmu","https:\/\/www.xing.com\/news\/pages\/organisator-ch-695","https:\/\/www.youtube.com\/channel\/UCGP2Sq0iWaZwT3BdIAQFYpw"]},{"@type":"Person","@id":"https:\/\/www.organisator.ch\/#\/schema\/person\/aa2bace6c5c5aad60102004a50c4eb1c","name":"admin","image":{"@type":"ImageObject","inLanguage":"en-US","@id":"https:\/\/secure.gravatar.com\/avatar\/ae2f4d718e6c49043e314ce431e7e645d646302a24a5ef5a8bc8e3f5a032e319?s=96&d=mm&r=g","url":"https:\/\/secure.gravatar.com\/avatar\/ae2f4d718e6c49043e314ce431e7e645d646302a24a5ef5a8bc8e3f5a032e319?s=96&d=mm&r=g","contentUrl":"https:\/\/secure.gravatar.com\/avatar\/ae2f4d718e6c49043e314ce431e7e645d646302a24a5ef5a8bc8e3f5a032e319?s=96&d=mm&r=g","caption":"admin"},"sameAs":["https:\/\/www.organisator.ch"],"url":"https:\/\/www.organisator.ch\/en\/author\/admin\/"}]}},"_links":{"self":[{"href":"https:\/\/www.organisator.ch\/en\/wp-json\/wp\/v2\/posts\/388","targetHints":{"allow":["GET"]}}],"collection":[{"href":"https:\/\/www.organisator.ch\/en\/wp-json\/wp\/v2\/posts"}],"about":[{"href":"https:\/\/www.organisator.ch\/en\/wp-json\/wp\/v2\/types\/post"}],"author":[{"embeddable":true,"href":"https:\/\/www.organisator.ch\/en\/wp-json\/wp\/v2\/users\/1"}],"replies":[{"embeddable":true,"href":"https:\/\/www.organisator.ch\/en\/wp-json\/wp\/v2\/comments?post=388"}],"version-history":[{"count":0,"href":"https:\/\/www.organisator.ch\/en\/wp-json\/wp\/v2\/posts\/388\/revisions"}],"wp:featuredmedia":[{"embeddable":true,"href":"https:\/\/www.organisator.ch\/en\/wp-json\/wp\/v2\/media\/9386"}],"wp:attachment":[{"href":"https:\/\/www.organisator.ch\/en\/wp-json\/wp\/v2\/media?parent=388"}],"wp:term":[{"taxonomy":"category","embeddable":true,"href":"https:\/\/www.organisator.ch\/en\/wp-json\/wp\/v2\/categories?post=388"},{"taxonomy":"post_tag","embeddable":true,"href":"https:\/\/www.organisator.ch\/en\/wp-json\/wp\/v2\/tags?post=388"}],"curies":[{"name":"wp","href":"https:\/\/api.w.org\/{rel}","templated":true}]}}