{"id":3895,"date":"2018-07-04T09:19:32","date_gmt":"2018-07-04T07:19:32","guid":{"rendered":"https:\/\/www.organisator.ch\/?p=3895"},"modified":"2018-07-04T09:19:32","modified_gmt":"2018-07-04T07:19:32","slug":"netstream-schenkt-sich-zum-20-jahr-jubilaeum-einen-neuen-markenauftritt","status":"publish","type":"post","link":"https:\/\/www.organisator.ch\/en\/management\/it\/2018-07-04\/netstream-schenkt-sich-zum-20-jahr-jubilaeum-einen-neuen-markenauftritt\/","title":{"rendered":"Netstream gives itself a new brand identity for its 20th anniversary"},"content":{"rendered":"<figure id=\"attachment_3896\" aria-describedby=\"caption-attachment-3896\" style=\"width: 640px\" class=\"wp-caption alignnone\"><img loading=\"lazy\" decoding=\"async\" class=\"size-full wp-image-3896\" src=\"https:\/\/www.organisator.ch\/wp-content\/uploads\/2018\/07\/Netstream-schenkt-sich-zum-20-Jahr-Jubilaeum-einen-neuen-Markenauftritt_Organisator.jpg\" alt=\"\" width=\"640\" height=\"427\" srcset=\"https:\/\/www.organisator.ch\/wp-content\/uploads\/2018\/07\/Netstream-schenkt-sich-zum-20-Jahr-Jubilaeum-einen-neuen-Markenauftritt_Organisator.jpg 640w, https:\/\/www.organisator.ch\/wp-content\/uploads\/2018\/07\/Netstream-schenkt-sich-zum-20-Jahr-Jubilaeum-einen-neuen-Markenauftritt_Organisator-16x12.jpg 16w, https:\/\/www.organisator.ch\/wp-content\/uploads\/2018\/07\/Netstream-schenkt-sich-zum-20-Jahr-Jubilaeum-einen-neuen-Markenauftritt_Organisator-262x175.jpg 262w, https:\/\/www.organisator.ch\/wp-content\/uploads\/2018\/07\/Netstream-schenkt-sich-zum-20-Jahr-Jubilaeum-einen-neuen-Markenauftritt_Organisator-525x350.jpg 525w, https:\/\/www.organisator.ch\/wp-content\/uploads\/2018\/07\/Netstream-schenkt-sich-zum-20-Jahr-Jubilaeum-einen-neuen-Markenauftritt_Organisator-300x200.jpg 300w\" sizes=\"auto, (max-width: 640px) 100vw, 640px\" \/><figcaption id=\"caption-attachment-3896\" class=\"wp-caption-text\">The founders of Netstream (from left): Reto Kasser, Alexis Caceda and Dominik Breitenmoser (Photo: zVg \/ Netstream)<\/figcaption><\/figure>\n<p>It was in 1998 that Alexis Caceda, together with his friends Reto Kasser and Dominik Breitenmoser, launched Netstream. Since then, the company has established itself as one of the most successful providers of Internet, telephony, hosting and TV solutions in the Swiss business customer environment. It has also enjoyed good success so far with the cloud solutions it launched at the beginning of 2018. Today, the company employs around 90 people and operates its own data center in Switzerland. More than 30,000 customers benefit from its services in the areas of cloud, connectivity, hosting, streaming, voice and wholesale. According to Netstream, the company is committed to continuity, both in terms of its customer relationships and in the management of the company. All three founding members are still active in the company. They share a passion for IT and telecommunications projects as well as the pleasure of working with their employees and customers, according to the statement.<\/p>\n<h2><strong>Innovative products with added value for customers<\/strong><\/h2>\n<p>\"The ICT market is subject to a continuous development process. Netstream's goal is not only to keep up with this process, but to always be one step ahead of it and to inspire our customers with groundbreaking products,\" explains Alexis Caceda, CEO of Netstream AG. To ensure this, the focus in the design of all products is on added value for customers. In the future, this intention will also be reflected via Netstream's brand world. To this end, the company will present itself with a new logo and a new website, among other things, from September 2018.<\/p>\n<h2><strong>Anniversary marks milestone<\/strong><\/h2>\n<p>In addition to the new brand identity, further innovative new products will be presented to the public in the fall. For example, work is currently underway on a new solution in the TV area. With this, the company wants to continue a success story, as it was Netstream that launched the first Internet TV offering on the Swiss market in 2004 with \"ADSL.TV\". \"The launch of ADSL.TV marked the beginning for the distribution of TV programs via the Internet in Switzerland,\" recalls Caceda. Since then, the offering has developed rapidly and is now indispensable. In fact, customers are constantly enjoying new services. Caceda promises, \"Fall 2018 will be a milestone: for our customers as well as for Netstream as a company.\" This will be underpinned by a branding show on September 5 at the Air Force Center in D\u00fcbendorf.<\/p>\n<p><a href=\"http:\/\/www.netstream.ch\"><em>More information<\/em><\/a><\/p>\n<p>&nbsp;<\/p>","protected":false},"excerpt":{"rendered":"<p>Es war im Jahr 1998,\u00a0als Alexis Caceda gemeinsam mit seinen Freunden Reto Kasser und Dominik Breitenmoser das Unternehmen Netstream ins Leben gerufen hat. Seitdem hat sich der Betrieb als einer der erfolgreichsten Anbieter f\u00fcr Internet-, Telefonie-, Hosting- und TV-L\u00f6sungen im Schweizer Gesch\u00e4ftskundenumfeld etabliert. Auch mit den Anfangs 2018 eingef\u00fchrten Cloud-L\u00f6sungen konnte man bisher gute Erfolge [&hellip;]<\/p>\n","protected":false},"author":4,"featured_media":3896,"comment_status":"open","ping_status":"open","sticky":false,"template":"","format":"standard","meta":{"_acf_changed":false,"_yoast_wpseo_focuskw":"Netstream","_yoast_wpseo_metadesc":"Zum 20-j\u00e4hrigen Jubil\u00e4um verleiht sich das IT- und Telekommunikationsunternehmen Netstream ein neues Aussehen. Dieses wird im September vorgestellt.","articlekey":"","footnotes":""},"categories":[27],"tags":[286,292,492],"class_list":["post-3895","post","type-post","status-publish","format-standard","has-post-thumbnail","hentry","category-it","tag-it","tag-jubilaeum","tag-unternehmen"],"acf":[],"yoast_head":"<!-- This site is optimized with the Yoast SEO plugin v27.4 - https:\/\/yoast.com\/product\/yoast-seo-wordpress\/ -->\n<title>Netstream schenkt sich zum 20-Jahr-Jubil\u00e4um einen neuen Markenauftritt - Organisator<\/title>\n<meta name=\"description\" content=\"Zum 20-j\u00e4hrigen Jubil\u00e4um verleiht sich das IT- und Telekommunikationsunternehmen Netstream ein neues Aussehen. Dieses wird im September vorgestellt.\" \/>\n<meta name=\"robots\" content=\"index, follow, max-snippet:-1, max-image-preview:large, max-video-preview:-1\" \/>\n<link rel=\"canonical\" href=\"https:\/\/www.organisator.ch\/en\/management\/it\/2018-07-04\/netstream-schenkt-sich-zum-20-jahr-jubilaeum-einen-neuen-markenauftritt\/\" \/>\n<meta property=\"og:locale\" content=\"en_US\" \/>\n<meta property=\"og:type\" content=\"article\" \/>\n<meta property=\"og:title\" content=\"Netstream schenkt sich zum 20-Jahr-Jubil\u00e4um einen neuen Markenauftritt - Organisator\" \/>\n<meta property=\"og:description\" content=\"Zum 20-j\u00e4hrigen Jubil\u00e4um verleiht sich das IT- und Telekommunikationsunternehmen Netstream ein neues Aussehen. Dieses wird im September vorgestellt.\" \/>\n<meta property=\"og:url\" content=\"https:\/\/www.organisator.ch\/en\/management\/it\/2018-07-04\/netstream-schenkt-sich-zum-20-jahr-jubilaeum-einen-neuen-markenauftritt\/\" \/>\n<meta property=\"og:site_name\" content=\"Organisator\" \/>\n<meta property=\"article:publisher\" content=\"https:\/\/www.facebook.com\/OrganisatorFachmagazin\" \/>\n<meta property=\"article:published_time\" content=\"2018-07-04T07:19:32+00:00\" \/>\n<meta property=\"og:image\" content=\"https:\/\/www.organisator.ch\/wp-content\/uploads\/2018\/07\/Netstream-schenkt-sich-zum-20-Jahr-Jubilaeum-einen-neuen-Markenauftritt_Organisator.jpg\" \/>\n\t<meta property=\"og:image:width\" content=\"640\" \/>\n\t<meta property=\"og:image:height\" content=\"427\" \/>\n\t<meta property=\"og:image:type\" content=\"image\/jpeg\" \/>\n<meta name=\"author\" content=\"thomas.berner\" \/>\n<meta name=\"twitter:card\" content=\"summary_large_image\" \/>\n<meta name=\"twitter:title\" content=\"#Netstream schenkt sich zum 20-Jahr-Jubil\u00e4um einen neuen Markenauftritt\" \/>\n<meta name=\"twitter:description\" content=\"Zum 20-j\u00e4hrigen Jubil\u00e4um verleiht sich das IT- und #Telekommunikationsunternehmen #Netstream ein neues Aussehen. Dieses wird im September vorgestellt.\" \/>\n<meta name=\"twitter:image\" content=\"https:\/\/www.organisator.ch\/wp-content\/uploads\/2018\/07\/Netstream-schenkt-sich-zum-20-Jahr-Jubil\u00e4um-einen-neuen-Markenauftritt_Organisator.jpg\" \/>\n<script type=\"application\/ld+json\" class=\"yoast-schema-graph\">{\"@context\":\"https:\\\/\\\/schema.org\",\"@graph\":[{\"@type\":\"Article\",\"@id\":\"https:\\\/\\\/www.organisator.ch\\\/management\\\/it\\\/2018-07-04\\\/netstream-schenkt-sich-zum-20-jahr-jubilaeum-einen-neuen-markenauftritt\\\/#article\",\"isPartOf\":{\"@id\":\"https:\\\/\\\/www.organisator.ch\\\/management\\\/it\\\/2018-07-04\\\/netstream-schenkt-sich-zum-20-jahr-jubilaeum-einen-neuen-markenauftritt\\\/\"},\"author\":{\"name\":\"thomas.berner\",\"@id\":\"https:\\\/\\\/www.organisator.ch\\\/#\\\/schema\\\/person\\\/6f650f90b2842cd4c0cc334b4e36f67e\"},\"headline\":\"Netstream schenkt sich zum 20-Jahr-Jubil\u00e4um einen neuen Markenauftritt\",\"datePublished\":\"2018-07-04T07:19:32+00:00\",\"mainEntityOfPage\":{\"@id\":\"https:\\\/\\\/www.organisator.ch\\\/management\\\/it\\\/2018-07-04\\\/netstream-schenkt-sich-zum-20-jahr-jubilaeum-einen-neuen-markenauftritt\\\/\"},\"wordCount\":418,\"commentCount\":0,\"publisher\":{\"@id\":\"https:\\\/\\\/www.organisator.ch\\\/#organization\"},\"image\":{\"@id\":\"https:\\\/\\\/www.organisator.ch\\\/management\\\/it\\\/2018-07-04\\\/netstream-schenkt-sich-zum-20-jahr-jubilaeum-einen-neuen-markenauftritt\\\/#primaryimage\"},\"thumbnailUrl\":\"https:\\\/\\\/www.organisator.ch\\\/wp-content\\\/uploads\\\/2018\\\/07\\\/Netstream-schenkt-sich-zum-20-Jahr-Jubilaeum-einen-neuen-Markenauftritt_Organisator.jpg\",\"keywords\":[\"IT\",\"Jubil\u00e4um\",\"Unternehmen\"],\"articleSection\":[\"IT\"],\"inLanguage\":\"en-US\"},{\"@type\":\"WebPage\",\"@id\":\"https:\\\/\\\/www.organisator.ch\\\/management\\\/it\\\/2018-07-04\\\/netstream-schenkt-sich-zum-20-jahr-jubilaeum-einen-neuen-markenauftritt\\\/\",\"url\":\"https:\\\/\\\/www.organisator.ch\\\/management\\\/it\\\/2018-07-04\\\/netstream-schenkt-sich-zum-20-jahr-jubilaeum-einen-neuen-markenauftritt\\\/\",\"name\":\"Netstream schenkt sich zum 20-Jahr-Jubil\u00e4um einen neuen Markenauftritt - Organisator\",\"isPartOf\":{\"@id\":\"https:\\\/\\\/www.organisator.ch\\\/#website\"},\"primaryImageOfPage\":{\"@id\":\"https:\\\/\\\/www.organisator.ch\\\/management\\\/it\\\/2018-07-04\\\/netstream-schenkt-sich-zum-20-jahr-jubilaeum-einen-neuen-markenauftritt\\\/#primaryimage\"},\"image\":{\"@id\":\"https:\\\/\\\/www.organisator.ch\\\/management\\\/it\\\/2018-07-04\\\/netstream-schenkt-sich-zum-20-jahr-jubilaeum-einen-neuen-markenauftritt\\\/#primaryimage\"},\"thumbnailUrl\":\"https:\\\/\\\/www.organisator.ch\\\/wp-content\\\/uploads\\\/2018\\\/07\\\/Netstream-schenkt-sich-zum-20-Jahr-Jubilaeum-einen-neuen-Markenauftritt_Organisator.jpg\",\"datePublished\":\"2018-07-04T07:19:32+00:00\",\"description\":\"Zum 20-j\u00e4hrigen Jubil\u00e4um verleiht sich das IT- und Telekommunikationsunternehmen Netstream ein neues Aussehen. Dieses wird im September vorgestellt.\",\"breadcrumb\":{\"@id\":\"https:\\\/\\\/www.organisator.ch\\\/management\\\/it\\\/2018-07-04\\\/netstream-schenkt-sich-zum-20-jahr-jubilaeum-einen-neuen-markenauftritt\\\/#breadcrumb\"},\"inLanguage\":\"en-US\",\"potentialAction\":[{\"@type\":\"ReadAction\",\"target\":[\"https:\\\/\\\/www.organisator.ch\\\/management\\\/it\\\/2018-07-04\\\/netstream-schenkt-sich-zum-20-jahr-jubilaeum-einen-neuen-markenauftritt\\\/\"]}]},{\"@type\":\"ImageObject\",\"inLanguage\":\"en-US\",\"@id\":\"https:\\\/\\\/www.organisator.ch\\\/management\\\/it\\\/2018-07-04\\\/netstream-schenkt-sich-zum-20-jahr-jubilaeum-einen-neuen-markenauftritt\\\/#primaryimage\",\"url\":\"https:\\\/\\\/www.organisator.ch\\\/wp-content\\\/uploads\\\/2018\\\/07\\\/Netstream-schenkt-sich-zum-20-Jahr-Jubilaeum-einen-neuen-Markenauftritt_Organisator.jpg\",\"contentUrl\":\"https:\\\/\\\/www.organisator.ch\\\/wp-content\\\/uploads\\\/2018\\\/07\\\/Netstream-schenkt-sich-zum-20-Jahr-Jubilaeum-einen-neuen-Markenauftritt_Organisator.jpg\",\"width\":640,\"height\":427,\"caption\":\"Die Gr\u00fcnder von Netstream (von links): Reto Kasser, Alexis Caceda und Dominik Breitenmoser (Foto: zVg \\\/ Netstream)\"},{\"@type\":\"BreadcrumbList\",\"@id\":\"https:\\\/\\\/www.organisator.ch\\\/management\\\/it\\\/2018-07-04\\\/netstream-schenkt-sich-zum-20-jahr-jubilaeum-einen-neuen-markenauftritt\\\/#breadcrumb\",\"itemListElement\":[{\"@type\":\"ListItem\",\"position\":1,\"name\":\"Home\",\"item\":\"https:\\\/\\\/www.organisator.ch\\\/\"},{\"@type\":\"ListItem\",\"position\":2,\"name\":\"Netstream schenkt sich zum 20-Jahr-Jubil\u00e4um einen neuen Markenauftritt\"}]},{\"@type\":\"WebSite\",\"@id\":\"https:\\\/\\\/www.organisator.ch\\\/#website\",\"url\":\"https:\\\/\\\/www.organisator.ch\\\/\",\"name\":\"Organisator\",\"description\":\"Kompetent. Praxisnah. Der ORGANISATOR bereitet in 10 Ausgaben pro Jahr die wesentlichen Themen f\u00fcr F\u00fchrungskr\u00e4fte von KMU auf.\",\"publisher\":{\"@id\":\"https:\\\/\\\/www.organisator.ch\\\/#organization\"},\"potentialAction\":[{\"@type\":\"SearchAction\",\"target\":{\"@type\":\"EntryPoint\",\"urlTemplate\":\"https:\\\/\\\/www.organisator.ch\\\/?s={search_term_string}\"},\"query-input\":{\"@type\":\"PropertyValueSpecification\",\"valueRequired\":true,\"valueName\":\"search_term_string\"}}],\"inLanguage\":\"en-US\"},{\"@type\":\"Organization\",\"@id\":\"https:\\\/\\\/www.organisator.ch\\\/#organization\",\"name\":\"Organisator\",\"url\":\"https:\\\/\\\/www.organisator.ch\\\/\",\"logo\":{\"@type\":\"ImageObject\",\"inLanguage\":\"en-US\",\"@id\":\"https:\\\/\\\/www.organisator.ch\\\/#\\\/schema\\\/logo\\\/image\\\/\",\"url\":\"https:\\\/\\\/www.organisator.ch\\\/wp-content\\\/uploads\\\/2022\\\/01\\\/Logo_Organisator_Website.png\",\"contentUrl\":\"https:\\\/\\\/www.organisator.ch\\\/wp-content\\\/uploads\\\/2022\\\/01\\\/Logo_Organisator_Website.png\",\"width\":800,\"height\":77,\"caption\":\"Organisator\"},\"image\":{\"@id\":\"https:\\\/\\\/www.organisator.ch\\\/#\\\/schema\\\/logo\\\/image\\\/\"},\"sameAs\":[\"https:\\\/\\\/www.facebook.com\\\/OrganisatorFachmagazin\",\"https:\\\/\\\/www.linkedin.com\\\/showcase\\\/organisator-das-magazin-fr-kmu\",\"https:\\\/\\\/www.xing.com\\\/news\\\/pages\\\/organisator-ch-695\",\"https:\\\/\\\/www.youtube.com\\\/channel\\\/UCGP2Sq0iWaZwT3BdIAQFYpw\"]},{\"@type\":\"Person\",\"@id\":\"https:\\\/\\\/www.organisator.ch\\\/#\\\/schema\\\/person\\\/6f650f90b2842cd4c0cc334b4e36f67e\",\"name\":\"thomas.berner\",\"image\":{\"@type\":\"ImageObject\",\"inLanguage\":\"en-US\",\"@id\":\"https:\\\/\\\/secure.gravatar.com\\\/avatar\\\/ac5001d2a36cb6c6cd3e50789007ffca834b477b74a2144564522e944eabff61?s=96&d=mm&r=g\",\"url\":\"https:\\\/\\\/secure.gravatar.com\\\/avatar\\\/ac5001d2a36cb6c6cd3e50789007ffca834b477b74a2144564522e944eabff61?s=96&d=mm&r=g\",\"contentUrl\":\"https:\\\/\\\/secure.gravatar.com\\\/avatar\\\/ac5001d2a36cb6c6cd3e50789007ffca834b477b74a2144564522e944eabff61?s=96&d=mm&r=g\",\"caption\":\"thomas.berner\"},\"url\":\"https:\\\/\\\/www.organisator.ch\\\/en\\\/author\\\/thomas-berner\\\/\"}]}<\/script>\n<!-- \/ Yoast SEO plugin. -->","yoast_head_json":{"title":"Netstream gives itself a new brand identity for its 20th anniversary - Organizer","description":"To mark its 20th anniversary, the IT and telecommunications company Netstream is giving itself a new look. This will be presented in September.","robots":{"index":"index","follow":"follow","max-snippet":"max-snippet:-1","max-image-preview":"max-image-preview:large","max-video-preview":"max-video-preview:-1"},"canonical":"https:\/\/www.organisator.ch\/en\/management\/it\/2018-07-04\/netstream-schenkt-sich-zum-20-jahr-jubilaeum-einen-neuen-markenauftritt\/","og_locale":"en_US","og_type":"article","og_title":"Netstream schenkt sich zum 20-Jahr-Jubil\u00e4um einen neuen Markenauftritt - Organisator","og_description":"Zum 20-j\u00e4hrigen Jubil\u00e4um verleiht sich das IT- und Telekommunikationsunternehmen Netstream ein neues Aussehen. Dieses wird im September vorgestellt.","og_url":"https:\/\/www.organisator.ch\/en\/management\/it\/2018-07-04\/netstream-schenkt-sich-zum-20-jahr-jubilaeum-einen-neuen-markenauftritt\/","og_site_name":"Organisator","article_publisher":"https:\/\/www.facebook.com\/OrganisatorFachmagazin","article_published_time":"2018-07-04T07:19:32+00:00","og_image":[{"width":640,"height":427,"url":"https:\/\/www.organisator.ch\/wp-content\/uploads\/2018\/07\/Netstream-schenkt-sich-zum-20-Jahr-Jubilaeum-einen-neuen-Markenauftritt_Organisator.jpg","type":"image\/jpeg"}],"author":"thomas.berner","twitter_card":"summary_large_image","twitter_title":"#Netstream schenkt sich zum 20-Jahr-Jubil\u00e4um einen neuen Markenauftritt","twitter_description":"Zum 20-j\u00e4hrigen Jubil\u00e4um verleiht sich das IT- und #Telekommunikationsunternehmen #Netstream ein neues Aussehen. Dieses wird im September vorgestellt.","twitter_image":"https:\/\/www.organisator.ch\/wp-content\/uploads\/2018\/07\/Netstream-schenkt-sich-zum-20-Jahr-Jubil\u00e4um-einen-neuen-Markenauftritt_Organisator.jpg","schema":{"@context":"https:\/\/schema.org","@graph":[{"@type":"Article","@id":"https:\/\/www.organisator.ch\/management\/it\/2018-07-04\/netstream-schenkt-sich-zum-20-jahr-jubilaeum-einen-neuen-markenauftritt\/#article","isPartOf":{"@id":"https:\/\/www.organisator.ch\/management\/it\/2018-07-04\/netstream-schenkt-sich-zum-20-jahr-jubilaeum-einen-neuen-markenauftritt\/"},"author":{"name":"thomas.berner","@id":"https:\/\/www.organisator.ch\/#\/schema\/person\/6f650f90b2842cd4c0cc334b4e36f67e"},"headline":"Netstream schenkt sich zum 20-Jahr-Jubil\u00e4um einen neuen Markenauftritt","datePublished":"2018-07-04T07:19:32+00:00","mainEntityOfPage":{"@id":"https:\/\/www.organisator.ch\/management\/it\/2018-07-04\/netstream-schenkt-sich-zum-20-jahr-jubilaeum-einen-neuen-markenauftritt\/"},"wordCount":418,"commentCount":0,"publisher":{"@id":"https:\/\/www.organisator.ch\/#organization"},"image":{"@id":"https:\/\/www.organisator.ch\/management\/it\/2018-07-04\/netstream-schenkt-sich-zum-20-jahr-jubilaeum-einen-neuen-markenauftritt\/#primaryimage"},"thumbnailUrl":"https:\/\/www.organisator.ch\/wp-content\/uploads\/2018\/07\/Netstream-schenkt-sich-zum-20-Jahr-Jubilaeum-einen-neuen-Markenauftritt_Organisator.jpg","keywords":["IT","Jubil\u00e4um","Unternehmen"],"articleSection":["IT"],"inLanguage":"en-US"},{"@type":"WebPage","@id":"https:\/\/www.organisator.ch\/management\/it\/2018-07-04\/netstream-schenkt-sich-zum-20-jahr-jubilaeum-einen-neuen-markenauftritt\/","url":"https:\/\/www.organisator.ch\/management\/it\/2018-07-04\/netstream-schenkt-sich-zum-20-jahr-jubilaeum-einen-neuen-markenauftritt\/","name":"Netstream gives itself a new brand identity for its 20th anniversary - Organizer","isPartOf":{"@id":"https:\/\/www.organisator.ch\/#website"},"primaryImageOfPage":{"@id":"https:\/\/www.organisator.ch\/management\/it\/2018-07-04\/netstream-schenkt-sich-zum-20-jahr-jubilaeum-einen-neuen-markenauftritt\/#primaryimage"},"image":{"@id":"https:\/\/www.organisator.ch\/management\/it\/2018-07-04\/netstream-schenkt-sich-zum-20-jahr-jubilaeum-einen-neuen-markenauftritt\/#primaryimage"},"thumbnailUrl":"https:\/\/www.organisator.ch\/wp-content\/uploads\/2018\/07\/Netstream-schenkt-sich-zum-20-Jahr-Jubilaeum-einen-neuen-Markenauftritt_Organisator.jpg","datePublished":"2018-07-04T07:19:32+00:00","description":"To mark its 20th anniversary, the IT and telecommunications company Netstream is giving itself a new look. This will be presented in September.","breadcrumb":{"@id":"https:\/\/www.organisator.ch\/management\/it\/2018-07-04\/netstream-schenkt-sich-zum-20-jahr-jubilaeum-einen-neuen-markenauftritt\/#breadcrumb"},"inLanguage":"en-US","potentialAction":[{"@type":"ReadAction","target":["https:\/\/www.organisator.ch\/management\/it\/2018-07-04\/netstream-schenkt-sich-zum-20-jahr-jubilaeum-einen-neuen-markenauftritt\/"]}]},{"@type":"ImageObject","inLanguage":"en-US","@id":"https:\/\/www.organisator.ch\/management\/it\/2018-07-04\/netstream-schenkt-sich-zum-20-jahr-jubilaeum-einen-neuen-markenauftritt\/#primaryimage","url":"https:\/\/www.organisator.ch\/wp-content\/uploads\/2018\/07\/Netstream-schenkt-sich-zum-20-Jahr-Jubilaeum-einen-neuen-Markenauftritt_Organisator.jpg","contentUrl":"https:\/\/www.organisator.ch\/wp-content\/uploads\/2018\/07\/Netstream-schenkt-sich-zum-20-Jahr-Jubilaeum-einen-neuen-Markenauftritt_Organisator.jpg","width":640,"height":427,"caption":"Die Gr\u00fcnder von Netstream (von links): Reto Kasser, Alexis Caceda und Dominik Breitenmoser (Foto: zVg \/ Netstream)"},{"@type":"BreadcrumbList","@id":"https:\/\/www.organisator.ch\/management\/it\/2018-07-04\/netstream-schenkt-sich-zum-20-jahr-jubilaeum-einen-neuen-markenauftritt\/#breadcrumb","itemListElement":[{"@type":"ListItem","position":1,"name":"Home","item":"https:\/\/www.organisator.ch\/"},{"@type":"ListItem","position":2,"name":"Netstream schenkt sich zum 20-Jahr-Jubil\u00e4um einen neuen Markenauftritt"}]},{"@type":"WebSite","@id":"https:\/\/www.organisator.ch\/#website","url":"https:\/\/www.organisator.ch\/","name":"Organizer","description":"Competent. Practical. In 10 issues per year, ORGANISATOR presents the essential topics for managers of SMEs.","publisher":{"@id":"https:\/\/www.organisator.ch\/#organization"},"potentialAction":[{"@type":"SearchAction","target":{"@type":"EntryPoint","urlTemplate":"https:\/\/www.organisator.ch\/?s={search_term_string}"},"query-input":{"@type":"PropertyValueSpecification","valueRequired":true,"valueName":"search_term_string"}}],"inLanguage":"en-US"},{"@type":"Organization","@id":"https:\/\/www.organisator.ch\/#organization","name":"Organizer","url":"https:\/\/www.organisator.ch\/","logo":{"@type":"ImageObject","inLanguage":"en-US","@id":"https:\/\/www.organisator.ch\/#\/schema\/logo\/image\/","url":"https:\/\/www.organisator.ch\/wp-content\/uploads\/2022\/01\/Logo_Organisator_Website.png","contentUrl":"https:\/\/www.organisator.ch\/wp-content\/uploads\/2022\/01\/Logo_Organisator_Website.png","width":800,"height":77,"caption":"Organisator"},"image":{"@id":"https:\/\/www.organisator.ch\/#\/schema\/logo\/image\/"},"sameAs":["https:\/\/www.facebook.com\/OrganisatorFachmagazin","https:\/\/www.linkedin.com\/showcase\/organisator-das-magazin-fr-kmu","https:\/\/www.xing.com\/news\/pages\/organisator-ch-695","https:\/\/www.youtube.com\/channel\/UCGP2Sq0iWaZwT3BdIAQFYpw"]},{"@type":"Person","@id":"https:\/\/www.organisator.ch\/#\/schema\/person\/6f650f90b2842cd4c0cc334b4e36f67e","name":"thomas.berner","image":{"@type":"ImageObject","inLanguage":"en-US","@id":"https:\/\/secure.gravatar.com\/avatar\/ac5001d2a36cb6c6cd3e50789007ffca834b477b74a2144564522e944eabff61?s=96&d=mm&r=g","url":"https:\/\/secure.gravatar.com\/avatar\/ac5001d2a36cb6c6cd3e50789007ffca834b477b74a2144564522e944eabff61?s=96&d=mm&r=g","contentUrl":"https:\/\/secure.gravatar.com\/avatar\/ac5001d2a36cb6c6cd3e50789007ffca834b477b74a2144564522e944eabff61?s=96&d=mm&r=g","caption":"thomas.berner"},"url":"https:\/\/www.organisator.ch\/en\/author\/thomas-berner\/"}]}},"_links":{"self":[{"href":"https:\/\/www.organisator.ch\/en\/wp-json\/wp\/v2\/posts\/3895","targetHints":{"allow":["GET"]}}],"collection":[{"href":"https:\/\/www.organisator.ch\/en\/wp-json\/wp\/v2\/posts"}],"about":[{"href":"https:\/\/www.organisator.ch\/en\/wp-json\/wp\/v2\/types\/post"}],"author":[{"embeddable":true,"href":"https:\/\/www.organisator.ch\/en\/wp-json\/wp\/v2\/users\/4"}],"replies":[{"embeddable":true,"href":"https:\/\/www.organisator.ch\/en\/wp-json\/wp\/v2\/comments?post=3895"}],"version-history":[{"count":0,"href":"https:\/\/www.organisator.ch\/en\/wp-json\/wp\/v2\/posts\/3895\/revisions"}],"wp:featuredmedia":[{"embeddable":true,"href":"https:\/\/www.organisator.ch\/en\/wp-json\/wp\/v2\/media\/3896"}],"wp:attachment":[{"href":"https:\/\/www.organisator.ch\/en\/wp-json\/wp\/v2\/media?parent=3895"}],"wp:term":[{"taxonomy":"category","embeddable":true,"href":"https:\/\/www.organisator.ch\/en\/wp-json\/wp\/v2\/categories?post=3895"},{"taxonomy":"post_tag","embeddable":true,"href":"https:\/\/www.organisator.ch\/en\/wp-json\/wp\/v2\/tags?post=3895"}],"curies":[{"name":"wp","href":"https:\/\/api.w.org\/{rel}","templated":true}]}}