{"id":3898,"date":"2018-07-04T10:29:46","date_gmt":"2018-07-04T08:29:46","guid":{"rendered":"https:\/\/www.organisator.ch\/?p=3898"},"modified":"2018-07-04T10:29:46","modified_gmt":"2018-07-04T08:29:46","slug":"schweizer-kmu-tag-2018-kmu-und-entscheidungen-was-im-alltag-wirklich-zaehlt","status":"publish","type":"post","link":"https:\/\/www.organisator.ch\/en\/management\/2018-07-04\/schweizer-kmu-tag-2018-kmu-und-entscheidungen-was-im-alltag-wirklich-zaehlt\/","title":{"rendered":"Swiss SME Day 2018: SMEs and decisions - what (really) counts in everyday life"},"content":{"rendered":"<figure id=\"attachment_3899\" aria-describedby=\"caption-attachment-3899\" style=\"width: 640px\" class=\"wp-caption alignnone\"><img loading=\"lazy\" decoding=\"async\" class=\"size-full wp-image-3899\" src=\"https:\/\/www.organisator.ch\/wp-content\/uploads\/2018\/07\/Schweizer-KMU-Tag-2018-KMU-und-Entscheidungen-was-im-Alltag-wirklich-zaehlt_Organisator.jpg\" alt=\"\" width=\"640\" height=\"397\" srcset=\"https:\/\/www.organisator.ch\/wp-content\/uploads\/2018\/07\/Schweizer-KMU-Tag-2018-KMU-und-Entscheidungen-was-im-Alltag-wirklich-zaehlt_Organisator.jpg 640w, https:\/\/www.organisator.ch\/wp-content\/uploads\/2018\/07\/Schweizer-KMU-Tag-2018-KMU-und-Entscheidungen-was-im-Alltag-wirklich-zaehlt_Organisator-16x10.jpg 16w, https:\/\/www.organisator.ch\/wp-content\/uploads\/2018\/07\/Schweizer-KMU-Tag-2018-KMU-und-Entscheidungen-was-im-Alltag-wirklich-zaehlt_Organisator-282x175.jpg 282w, https:\/\/www.organisator.ch\/wp-content\/uploads\/2018\/07\/Schweizer-KMU-Tag-2018-KMU-und-Entscheidungen-was-im-Alltag-wirklich-zaehlt_Organisator-564x350.jpg 564w, https:\/\/www.organisator.ch\/wp-content\/uploads\/2018\/07\/Schweizer-KMU-Tag-2018-KMU-und-Entscheidungen-was-im-Alltag-wirklich-zaehlt_Organisator-300x186.jpg 300w\" sizes=\"auto, (max-width: 640px) 100vw, 640px\" \/><figcaption id=\"caption-attachment-3899\" class=\"wp-caption-text\">They speak and discuss at the Swiss SME Day 2018, (top from left to right): Tobias Wolf, Myriam Locher, Elgar Fleisch, Hansj\u00f6rg Hinrichs, Miriam Baumann-Blocher, Rolf Dobelli, Markus Merk and Bernard Thurnheer.<\/figcaption><\/figure>\n<p>Once a year, St.Gallen becomes the meeting place for Swiss SMEs - this year for the sixteenth time. This year, the Swiss SME Day will once again focus on the current challenges facing small and medium-sized enterprises (SMEs): What do SMEs have to pay attention to, how do they make decisions, and how confident can they be in doing so - this is what expert speakers will be talking about.<\/p>\n<h2><strong>Transform and turn<\/strong><\/h2>\n<p>After the introduction to this year's SME Day by host Tobias Wolf, Elgar Fleisch, researcher in the \"Internet of Things\", explains his topic \"the digital belly\". Miriam Baumann-Blocher, Managing Director and Chairman of the Board of L\u00e4ckerli Huus AG, deals with the aspect of \"tradition versus innovation\". After lunch, Myriam Locher, founder and CEO of Bettermind, talks about \"how artificial intelligence teaches us to think bigger.\" This will be followed by the presentation \"How to decide in the South Pacific?\" by Hansj\u00f6rg Hinrichs, owner \"Pacific Society\". \"The art of clear thinking\" reveals Rolf Dobelli, author, while former soccer referee Markus Merk closes the conference by \"Sich(er) entscheiden\".<\/p>\n<h2><strong>At no other conference are Swiss SMEs closer to each other.<\/strong><\/h2>\n<p>The Swiss SME Day is an established and sought-after platform for the exchange of entrepreneurs and executives from Swiss SMEs - in line with the motto \"At no other conference are Swiss SMEs closer to each other\". Patronage for the Swiss SME Day has been assumed by important institutions: The Swiss Trade Association (SGV), economiesuisse, the St.Gallen-Appenzell Chamber of Industry and Commerce, and the Cantonal Trade Association of St.Gallen. The event is supported by a number of co-sponsors and long-standing main sponsors to whom SME concerns are very important: Raiffeisen, Helvetia, ABACUS, OBT and Swisscom, as well as numerous SMEs from the industrial and service sectors.<\/p>\n<p>The event is offered and organized by the Swiss Institute for Small and Medium-sized Enterprises at the University of St.Gallen (KMU-HSG) and the agency alea iacta ag. Registration for the Swiss SME Day is now open via <a href=\"http:\/\/www.kmu-tag.ch\/Anmeldung\">http:\/\/www.kmu-tag.ch\/Anmeldung<\/a> possible. In recent years, the event was always sold out early.<\/p>","protected":false},"excerpt":{"rendered":"<p>St.Gallen wird einmal im Jahr zum Treffpunkt der Schweizer KMU \u2013 in diesem Jahr bereits zum sechzehnten Mal. Der Schweizer KMU-Tag stellt auch dieses Jahr die aktuellen Herausforderungen f\u00fcr Klein- und Mittelunternehmen (KMU) in den Fokus: Worauf m\u00fcssen KMU achten, wie treffen sie Entscheidungen und wie sicher k\u00f6nnen sie sich dabei sein \u2013 dar\u00fcber sprechen [&hellip;]<\/p>\n","protected":false},"author":4,"featured_media":3899,"comment_status":"open","ping_status":"open","sticky":false,"template":"","format":"standard","meta":{"_acf_changed":false,"_yoast_wpseo_focuskw":"Schweizer KMU-Tag","_yoast_wpseo_metadesc":"Der Schweizer KMU-Tag befasst sich am 26. Oktober 2018 mit dem Thema \u00abKMU und Entscheidungen \u2013 was im Alltag (wirklich) z\u00e4hlt\u00bb.","articlekey":"","footnotes":""},"categories":[28],"tags":[275,335,502],"class_list":["post-3898","post","type-post","status-publish","format-standard","has-post-thumbnail","hentry","category-management","tag-institutionen","tag-management-und-unternehmensfuehrung","tag-veranstaltungen"],"acf":[],"yoast_head":"<!-- This site is optimized with the Yoast SEO plugin v27.4 - https:\/\/yoast.com\/product\/yoast-seo-wordpress\/ -->\n<title>Schweizer KMU-Tag 2018: KMU und Entscheidungen \u2013 was im Alltag (wirklich) z\u00e4hlt - Organisator<\/title>\n<meta name=\"description\" content=\"Der Schweizer KMU-Tag befasst sich am 26. Oktober 2018 mit dem Thema \u00abKMU und Entscheidungen \u2013 was im Alltag (wirklich) z\u00e4hlt\u00bb.\" \/>\n<meta name=\"robots\" content=\"index, follow, max-snippet:-1, max-image-preview:large, max-video-preview:-1\" \/>\n<link rel=\"canonical\" href=\"https:\/\/www.organisator.ch\/en\/management\/2018-07-04\/schweizer-kmu-tag-2018-kmu-und-entscheidungen-was-im-alltag-wirklich-zaehlt\/\" \/>\n<meta property=\"og:locale\" content=\"en_US\" \/>\n<meta property=\"og:type\" content=\"article\" \/>\n<meta property=\"og:title\" content=\"Schweizer KMU-Tag 2018: KMU und Entscheidungen \u2013 was im Alltag (wirklich) z\u00e4hlt\" \/>\n<meta property=\"og:description\" content=\"Der Schweizer KMU-Tag befasst sich am 26. Oktober 2018 mit dem Thema \u00abKMU und Entscheidungen \u2013 was im Alltag (wirklich) z\u00e4hlt\u00bb.\" \/>\n<meta property=\"og:url\" content=\"https:\/\/www.organisator.ch\/en\/management\/2018-07-04\/schweizer-kmu-tag-2018-kmu-und-entscheidungen-was-im-alltag-wirklich-zaehlt\/\" \/>\n<meta property=\"og:site_name\" content=\"Organisator\" \/>\n<meta property=\"article:publisher\" content=\"https:\/\/www.facebook.com\/OrganisatorFachmagazin\" \/>\n<meta property=\"article:published_time\" content=\"2018-07-04T08:29:46+00:00\" \/>\n<meta property=\"og:image\" content=\"https:\/\/www.organisator.ch\/wp-content\/uploads\/2018\/07\/Schweizer-KMU-Tag-2018-KMU-und-Entscheidungen-was-im-Alltag-wirklich-zaehlt_Organisator.jpg\" \/>\n\t<meta property=\"og:image:width\" content=\"640\" \/>\n\t<meta property=\"og:image:height\" content=\"397\" \/>\n\t<meta property=\"og:image:type\" content=\"image\/jpeg\" \/>\n<meta name=\"author\" content=\"thomas.berner\" \/>\n<meta name=\"twitter:card\" content=\"summary_large_image\" \/>\n<meta name=\"twitter:title\" content=\"Schweizer #KMU-Tag 2018: KMU und Entscheidungen \u2013 was im Alltag (wirklich) z\u00e4hlt\" \/>\n<meta name=\"twitter:description\" content=\"Der Schweizer #KMU-Tag befasst sich am 26. Oktober 2018 mit dem Thema \u00abKMU und Entscheidungen \u2013 was im Alltag (wirklich) z\u00e4hlt\u00bb.\" \/>\n<meta name=\"twitter:image\" content=\"https:\/\/www.organisator.ch\/wp-content\/uploads\/2018\/07\/Schweizer-KMU-Tag-2018-KMU-und-Entscheidungen-was-im-Alltag-wirklich-z\u00e4hlt_Organisator.jpg\" \/>\n<script type=\"application\/ld+json\" class=\"yoast-schema-graph\">{\"@context\":\"https:\\\/\\\/schema.org\",\"@graph\":[{\"@type\":\"Article\",\"@id\":\"https:\\\/\\\/www.organisator.ch\\\/management\\\/2018-07-04\\\/schweizer-kmu-tag-2018-kmu-und-entscheidungen-was-im-alltag-wirklich-zaehlt\\\/#article\",\"isPartOf\":{\"@id\":\"https:\\\/\\\/www.organisator.ch\\\/management\\\/2018-07-04\\\/schweizer-kmu-tag-2018-kmu-und-entscheidungen-was-im-alltag-wirklich-zaehlt\\\/\"},\"author\":{\"name\":\"thomas.berner\",\"@id\":\"https:\\\/\\\/www.organisator.ch\\\/#\\\/schema\\\/person\\\/6f650f90b2842cd4c0cc334b4e36f67e\"},\"headline\":\"Schweizer KMU-Tag 2018: KMU und Entscheidungen \u2013 was im Alltag (wirklich) z\u00e4hlt\",\"datePublished\":\"2018-07-04T08:29:46+00:00\",\"mainEntityOfPage\":{\"@id\":\"https:\\\/\\\/www.organisator.ch\\\/management\\\/2018-07-04\\\/schweizer-kmu-tag-2018-kmu-und-entscheidungen-was-im-alltag-wirklich-zaehlt\\\/\"},\"wordCount\":389,\"commentCount\":0,\"publisher\":{\"@id\":\"https:\\\/\\\/www.organisator.ch\\\/#organization\"},\"image\":{\"@id\":\"https:\\\/\\\/www.organisator.ch\\\/management\\\/2018-07-04\\\/schweizer-kmu-tag-2018-kmu-und-entscheidungen-was-im-alltag-wirklich-zaehlt\\\/#primaryimage\"},\"thumbnailUrl\":\"https:\\\/\\\/www.organisator.ch\\\/wp-content\\\/uploads\\\/2018\\\/07\\\/Schweizer-KMU-Tag-2018-KMU-und-Entscheidungen-was-im-Alltag-wirklich-zaehlt_Organisator.jpg\",\"keywords\":[\"Institutionen\",\"Management und Unternehmensf\u00fchrung\",\"Veranstaltungen\"],\"articleSection\":[\"MANAGEMENT\"],\"inLanguage\":\"en-US\"},{\"@type\":\"WebPage\",\"@id\":\"https:\\\/\\\/www.organisator.ch\\\/management\\\/2018-07-04\\\/schweizer-kmu-tag-2018-kmu-und-entscheidungen-was-im-alltag-wirklich-zaehlt\\\/\",\"url\":\"https:\\\/\\\/www.organisator.ch\\\/management\\\/2018-07-04\\\/schweizer-kmu-tag-2018-kmu-und-entscheidungen-was-im-alltag-wirklich-zaehlt\\\/\",\"name\":\"Schweizer KMU-Tag 2018: KMU und Entscheidungen \u2013 was im Alltag (wirklich) z\u00e4hlt - Organisator\",\"isPartOf\":{\"@id\":\"https:\\\/\\\/www.organisator.ch\\\/#website\"},\"primaryImageOfPage\":{\"@id\":\"https:\\\/\\\/www.organisator.ch\\\/management\\\/2018-07-04\\\/schweizer-kmu-tag-2018-kmu-und-entscheidungen-was-im-alltag-wirklich-zaehlt\\\/#primaryimage\"},\"image\":{\"@id\":\"https:\\\/\\\/www.organisator.ch\\\/management\\\/2018-07-04\\\/schweizer-kmu-tag-2018-kmu-und-entscheidungen-was-im-alltag-wirklich-zaehlt\\\/#primaryimage\"},\"thumbnailUrl\":\"https:\\\/\\\/www.organisator.ch\\\/wp-content\\\/uploads\\\/2018\\\/07\\\/Schweizer-KMU-Tag-2018-KMU-und-Entscheidungen-was-im-Alltag-wirklich-zaehlt_Organisator.jpg\",\"datePublished\":\"2018-07-04T08:29:46+00:00\",\"description\":\"Der Schweizer KMU-Tag befasst sich am 26. Oktober 2018 mit dem Thema \u00abKMU und Entscheidungen \u2013 was im Alltag (wirklich) z\u00e4hlt\u00bb.\",\"breadcrumb\":{\"@id\":\"https:\\\/\\\/www.organisator.ch\\\/management\\\/2018-07-04\\\/schweizer-kmu-tag-2018-kmu-und-entscheidungen-was-im-alltag-wirklich-zaehlt\\\/#breadcrumb\"},\"inLanguage\":\"en-US\",\"potentialAction\":[{\"@type\":\"ReadAction\",\"target\":[\"https:\\\/\\\/www.organisator.ch\\\/management\\\/2018-07-04\\\/schweizer-kmu-tag-2018-kmu-und-entscheidungen-was-im-alltag-wirklich-zaehlt\\\/\"]}]},{\"@type\":\"ImageObject\",\"inLanguage\":\"en-US\",\"@id\":\"https:\\\/\\\/www.organisator.ch\\\/management\\\/2018-07-04\\\/schweizer-kmu-tag-2018-kmu-und-entscheidungen-was-im-alltag-wirklich-zaehlt\\\/#primaryimage\",\"url\":\"https:\\\/\\\/www.organisator.ch\\\/wp-content\\\/uploads\\\/2018\\\/07\\\/Schweizer-KMU-Tag-2018-KMU-und-Entscheidungen-was-im-Alltag-wirklich-zaehlt_Organisator.jpg\",\"contentUrl\":\"https:\\\/\\\/www.organisator.ch\\\/wp-content\\\/uploads\\\/2018\\\/07\\\/Schweizer-KMU-Tag-2018-KMU-und-Entscheidungen-was-im-Alltag-wirklich-zaehlt_Organisator.jpg\",\"width\":640,\"height\":397,\"caption\":\"Sie referieren und diskutieren am Schweizer KMU-Tag 2018, (oben von links nach rechts): Tobias Wolf, Myriam Locher, Elgar Fleisch, Hansj\u00f6rg Hinrichs, Miriam Baumann-Blocher, Rolf Dobelli, Markus Merk und Bernard Thurnheer.\"},{\"@type\":\"BreadcrumbList\",\"@id\":\"https:\\\/\\\/www.organisator.ch\\\/management\\\/2018-07-04\\\/schweizer-kmu-tag-2018-kmu-und-entscheidungen-was-im-alltag-wirklich-zaehlt\\\/#breadcrumb\",\"itemListElement\":[{\"@type\":\"ListItem\",\"position\":1,\"name\":\"Home\",\"item\":\"https:\\\/\\\/www.organisator.ch\\\/\"},{\"@type\":\"ListItem\",\"position\":2,\"name\":\"Schweizer KMU-Tag 2018: KMU und Entscheidungen \u2013 was im Alltag (wirklich) z\u00e4hlt\"}]},{\"@type\":\"WebSite\",\"@id\":\"https:\\\/\\\/www.organisator.ch\\\/#website\",\"url\":\"https:\\\/\\\/www.organisator.ch\\\/\",\"name\":\"Organisator\",\"description\":\"Kompetent. Praxisnah. Der ORGANISATOR bereitet in 10 Ausgaben pro Jahr die wesentlichen Themen f\u00fcr F\u00fchrungskr\u00e4fte von KMU auf.\",\"publisher\":{\"@id\":\"https:\\\/\\\/www.organisator.ch\\\/#organization\"},\"potentialAction\":[{\"@type\":\"SearchAction\",\"target\":{\"@type\":\"EntryPoint\",\"urlTemplate\":\"https:\\\/\\\/www.organisator.ch\\\/?s={search_term_string}\"},\"query-input\":{\"@type\":\"PropertyValueSpecification\",\"valueRequired\":true,\"valueName\":\"search_term_string\"}}],\"inLanguage\":\"en-US\"},{\"@type\":\"Organization\",\"@id\":\"https:\\\/\\\/www.organisator.ch\\\/#organization\",\"name\":\"Organisator\",\"url\":\"https:\\\/\\\/www.organisator.ch\\\/\",\"logo\":{\"@type\":\"ImageObject\",\"inLanguage\":\"en-US\",\"@id\":\"https:\\\/\\\/www.organisator.ch\\\/#\\\/schema\\\/logo\\\/image\\\/\",\"url\":\"https:\\\/\\\/www.organisator.ch\\\/wp-content\\\/uploads\\\/2022\\\/01\\\/Logo_Organisator_Website.png\",\"contentUrl\":\"https:\\\/\\\/www.organisator.ch\\\/wp-content\\\/uploads\\\/2022\\\/01\\\/Logo_Organisator_Website.png\",\"width\":800,\"height\":77,\"caption\":\"Organisator\"},\"image\":{\"@id\":\"https:\\\/\\\/www.organisator.ch\\\/#\\\/schema\\\/logo\\\/image\\\/\"},\"sameAs\":[\"https:\\\/\\\/www.facebook.com\\\/OrganisatorFachmagazin\",\"https:\\\/\\\/www.linkedin.com\\\/showcase\\\/organisator-das-magazin-fr-kmu\",\"https:\\\/\\\/www.xing.com\\\/news\\\/pages\\\/organisator-ch-695\",\"https:\\\/\\\/www.youtube.com\\\/channel\\\/UCGP2Sq0iWaZwT3BdIAQFYpw\"]},{\"@type\":\"Person\",\"@id\":\"https:\\\/\\\/www.organisator.ch\\\/#\\\/schema\\\/person\\\/6f650f90b2842cd4c0cc334b4e36f67e\",\"name\":\"thomas.berner\",\"image\":{\"@type\":\"ImageObject\",\"inLanguage\":\"en-US\",\"@id\":\"https:\\\/\\\/secure.gravatar.com\\\/avatar\\\/ac5001d2a36cb6c6cd3e50789007ffca834b477b74a2144564522e944eabff61?s=96&d=mm&r=g\",\"url\":\"https:\\\/\\\/secure.gravatar.com\\\/avatar\\\/ac5001d2a36cb6c6cd3e50789007ffca834b477b74a2144564522e944eabff61?s=96&d=mm&r=g\",\"contentUrl\":\"https:\\\/\\\/secure.gravatar.com\\\/avatar\\\/ac5001d2a36cb6c6cd3e50789007ffca834b477b74a2144564522e944eabff61?s=96&d=mm&r=g\",\"caption\":\"thomas.berner\"},\"url\":\"https:\\\/\\\/www.organisator.ch\\\/en\\\/author\\\/thomas-berner\\\/\"}]}<\/script>\n<!-- \/ Yoast SEO plugin. -->","yoast_head_json":{"title":"Swiss SME Day 2018: SMEs and decisions - what (really) counts in everyday life - Organizer","description":"On October 26, 2018, the Swiss SME Day will focus on the topic of \"SMEs and decisions - what (really) counts in everyday life\".","robots":{"index":"index","follow":"follow","max-snippet":"max-snippet:-1","max-image-preview":"max-image-preview:large","max-video-preview":"max-video-preview:-1"},"canonical":"https:\/\/www.organisator.ch\/en\/management\/2018-07-04\/schweizer-kmu-tag-2018-kmu-und-entscheidungen-was-im-alltag-wirklich-zaehlt\/","og_locale":"en_US","og_type":"article","og_title":"Schweizer KMU-Tag 2018: KMU und Entscheidungen \u2013 was im Alltag (wirklich) z\u00e4hlt","og_description":"Der Schweizer KMU-Tag befasst sich am 26. Oktober 2018 mit dem Thema \u00abKMU und Entscheidungen \u2013 was im Alltag (wirklich) z\u00e4hlt\u00bb.","og_url":"https:\/\/www.organisator.ch\/en\/management\/2018-07-04\/schweizer-kmu-tag-2018-kmu-und-entscheidungen-was-im-alltag-wirklich-zaehlt\/","og_site_name":"Organisator","article_publisher":"https:\/\/www.facebook.com\/OrganisatorFachmagazin","article_published_time":"2018-07-04T08:29:46+00:00","og_image":[{"width":640,"height":397,"url":"https:\/\/www.organisator.ch\/wp-content\/uploads\/2018\/07\/Schweizer-KMU-Tag-2018-KMU-und-Entscheidungen-was-im-Alltag-wirklich-zaehlt_Organisator.jpg","type":"image\/jpeg"}],"author":"thomas.berner","twitter_card":"summary_large_image","twitter_title":"Schweizer #KMU-Tag 2018: KMU und Entscheidungen \u2013 was im Alltag (wirklich) z\u00e4hlt","twitter_description":"Der Schweizer #KMU-Tag befasst sich am 26. Oktober 2018 mit dem Thema \u00abKMU und Entscheidungen \u2013 was im Alltag (wirklich) z\u00e4hlt\u00bb.","twitter_image":"https:\/\/www.organisator.ch\/wp-content\/uploads\/2018\/07\/Schweizer-KMU-Tag-2018-KMU-und-Entscheidungen-was-im-Alltag-wirklich-z\u00e4hlt_Organisator.jpg","schema":{"@context":"https:\/\/schema.org","@graph":[{"@type":"Article","@id":"https:\/\/www.organisator.ch\/management\/2018-07-04\/schweizer-kmu-tag-2018-kmu-und-entscheidungen-was-im-alltag-wirklich-zaehlt\/#article","isPartOf":{"@id":"https:\/\/www.organisator.ch\/management\/2018-07-04\/schweizer-kmu-tag-2018-kmu-und-entscheidungen-was-im-alltag-wirklich-zaehlt\/"},"author":{"name":"thomas.berner","@id":"https:\/\/www.organisator.ch\/#\/schema\/person\/6f650f90b2842cd4c0cc334b4e36f67e"},"headline":"Schweizer KMU-Tag 2018: KMU und Entscheidungen \u2013 was im Alltag (wirklich) z\u00e4hlt","datePublished":"2018-07-04T08:29:46+00:00","mainEntityOfPage":{"@id":"https:\/\/www.organisator.ch\/management\/2018-07-04\/schweizer-kmu-tag-2018-kmu-und-entscheidungen-was-im-alltag-wirklich-zaehlt\/"},"wordCount":389,"commentCount":0,"publisher":{"@id":"https:\/\/www.organisator.ch\/#organization"},"image":{"@id":"https:\/\/www.organisator.ch\/management\/2018-07-04\/schweizer-kmu-tag-2018-kmu-und-entscheidungen-was-im-alltag-wirklich-zaehlt\/#primaryimage"},"thumbnailUrl":"https:\/\/www.organisator.ch\/wp-content\/uploads\/2018\/07\/Schweizer-KMU-Tag-2018-KMU-und-Entscheidungen-was-im-Alltag-wirklich-zaehlt_Organisator.jpg","keywords":["Institutionen","Management und Unternehmensf\u00fchrung","Veranstaltungen"],"articleSection":["MANAGEMENT"],"inLanguage":"en-US"},{"@type":"WebPage","@id":"https:\/\/www.organisator.ch\/management\/2018-07-04\/schweizer-kmu-tag-2018-kmu-und-entscheidungen-was-im-alltag-wirklich-zaehlt\/","url":"https:\/\/www.organisator.ch\/management\/2018-07-04\/schweizer-kmu-tag-2018-kmu-und-entscheidungen-was-im-alltag-wirklich-zaehlt\/","name":"Swiss SME Day 2018: SMEs and decisions - what (really) counts in everyday life - Organizer","isPartOf":{"@id":"https:\/\/www.organisator.ch\/#website"},"primaryImageOfPage":{"@id":"https:\/\/www.organisator.ch\/management\/2018-07-04\/schweizer-kmu-tag-2018-kmu-und-entscheidungen-was-im-alltag-wirklich-zaehlt\/#primaryimage"},"image":{"@id":"https:\/\/www.organisator.ch\/management\/2018-07-04\/schweizer-kmu-tag-2018-kmu-und-entscheidungen-was-im-alltag-wirklich-zaehlt\/#primaryimage"},"thumbnailUrl":"https:\/\/www.organisator.ch\/wp-content\/uploads\/2018\/07\/Schweizer-KMU-Tag-2018-KMU-und-Entscheidungen-was-im-Alltag-wirklich-zaehlt_Organisator.jpg","datePublished":"2018-07-04T08:29:46+00:00","description":"On October 26, 2018, the Swiss SME Day will focus on the topic of \"SMEs and decisions - what (really) counts in everyday life\".","breadcrumb":{"@id":"https:\/\/www.organisator.ch\/management\/2018-07-04\/schweizer-kmu-tag-2018-kmu-und-entscheidungen-was-im-alltag-wirklich-zaehlt\/#breadcrumb"},"inLanguage":"en-US","potentialAction":[{"@type":"ReadAction","target":["https:\/\/www.organisator.ch\/management\/2018-07-04\/schweizer-kmu-tag-2018-kmu-und-entscheidungen-was-im-alltag-wirklich-zaehlt\/"]}]},{"@type":"ImageObject","inLanguage":"en-US","@id":"https:\/\/www.organisator.ch\/management\/2018-07-04\/schweizer-kmu-tag-2018-kmu-und-entscheidungen-was-im-alltag-wirklich-zaehlt\/#primaryimage","url":"https:\/\/www.organisator.ch\/wp-content\/uploads\/2018\/07\/Schweizer-KMU-Tag-2018-KMU-und-Entscheidungen-was-im-Alltag-wirklich-zaehlt_Organisator.jpg","contentUrl":"https:\/\/www.organisator.ch\/wp-content\/uploads\/2018\/07\/Schweizer-KMU-Tag-2018-KMU-und-Entscheidungen-was-im-Alltag-wirklich-zaehlt_Organisator.jpg","width":640,"height":397,"caption":"Sie referieren und diskutieren am Schweizer KMU-Tag 2018, (oben von links nach rechts): Tobias Wolf, Myriam Locher, Elgar Fleisch, Hansj\u00f6rg Hinrichs, Miriam Baumann-Blocher, Rolf Dobelli, Markus Merk und Bernard Thurnheer."},{"@type":"BreadcrumbList","@id":"https:\/\/www.organisator.ch\/management\/2018-07-04\/schweizer-kmu-tag-2018-kmu-und-entscheidungen-was-im-alltag-wirklich-zaehlt\/#breadcrumb","itemListElement":[{"@type":"ListItem","position":1,"name":"Home","item":"https:\/\/www.organisator.ch\/"},{"@type":"ListItem","position":2,"name":"Schweizer KMU-Tag 2018: KMU und Entscheidungen \u2013 was im Alltag (wirklich) z\u00e4hlt"}]},{"@type":"WebSite","@id":"https:\/\/www.organisator.ch\/#website","url":"https:\/\/www.organisator.ch\/","name":"Organizer","description":"Competent. Practical. In 10 issues per year, ORGANISATOR presents the essential topics for managers of SMEs.","publisher":{"@id":"https:\/\/www.organisator.ch\/#organization"},"potentialAction":[{"@type":"SearchAction","target":{"@type":"EntryPoint","urlTemplate":"https:\/\/www.organisator.ch\/?s={search_term_string}"},"query-input":{"@type":"PropertyValueSpecification","valueRequired":true,"valueName":"search_term_string"}}],"inLanguage":"en-US"},{"@type":"Organization","@id":"https:\/\/www.organisator.ch\/#organization","name":"Organizer","url":"https:\/\/www.organisator.ch\/","logo":{"@type":"ImageObject","inLanguage":"en-US","@id":"https:\/\/www.organisator.ch\/#\/schema\/logo\/image\/","url":"https:\/\/www.organisator.ch\/wp-content\/uploads\/2022\/01\/Logo_Organisator_Website.png","contentUrl":"https:\/\/www.organisator.ch\/wp-content\/uploads\/2022\/01\/Logo_Organisator_Website.png","width":800,"height":77,"caption":"Organisator"},"image":{"@id":"https:\/\/www.organisator.ch\/#\/schema\/logo\/image\/"},"sameAs":["https:\/\/www.facebook.com\/OrganisatorFachmagazin","https:\/\/www.linkedin.com\/showcase\/organisator-das-magazin-fr-kmu","https:\/\/www.xing.com\/news\/pages\/organisator-ch-695","https:\/\/www.youtube.com\/channel\/UCGP2Sq0iWaZwT3BdIAQFYpw"]},{"@type":"Person","@id":"https:\/\/www.organisator.ch\/#\/schema\/person\/6f650f90b2842cd4c0cc334b4e36f67e","name":"thomas.berner","image":{"@type":"ImageObject","inLanguage":"en-US","@id":"https:\/\/secure.gravatar.com\/avatar\/ac5001d2a36cb6c6cd3e50789007ffca834b477b74a2144564522e944eabff61?s=96&d=mm&r=g","url":"https:\/\/secure.gravatar.com\/avatar\/ac5001d2a36cb6c6cd3e50789007ffca834b477b74a2144564522e944eabff61?s=96&d=mm&r=g","contentUrl":"https:\/\/secure.gravatar.com\/avatar\/ac5001d2a36cb6c6cd3e50789007ffca834b477b74a2144564522e944eabff61?s=96&d=mm&r=g","caption":"thomas.berner"},"url":"https:\/\/www.organisator.ch\/en\/author\/thomas-berner\/"}]}},"_links":{"self":[{"href":"https:\/\/www.organisator.ch\/en\/wp-json\/wp\/v2\/posts\/3898","targetHints":{"allow":["GET"]}}],"collection":[{"href":"https:\/\/www.organisator.ch\/en\/wp-json\/wp\/v2\/posts"}],"about":[{"href":"https:\/\/www.organisator.ch\/en\/wp-json\/wp\/v2\/types\/post"}],"author":[{"embeddable":true,"href":"https:\/\/www.organisator.ch\/en\/wp-json\/wp\/v2\/users\/4"}],"replies":[{"embeddable":true,"href":"https:\/\/www.organisator.ch\/en\/wp-json\/wp\/v2\/comments?post=3898"}],"version-history":[{"count":0,"href":"https:\/\/www.organisator.ch\/en\/wp-json\/wp\/v2\/posts\/3898\/revisions"}],"wp:featuredmedia":[{"embeddable":true,"href":"https:\/\/www.organisator.ch\/en\/wp-json\/wp\/v2\/media\/3899"}],"wp:attachment":[{"href":"https:\/\/www.organisator.ch\/en\/wp-json\/wp\/v2\/media?parent=3898"}],"wp:term":[{"taxonomy":"category","embeddable":true,"href":"https:\/\/www.organisator.ch\/en\/wp-json\/wp\/v2\/categories?post=3898"},{"taxonomy":"post_tag","embeddable":true,"href":"https:\/\/www.organisator.ch\/en\/wp-json\/wp\/v2\/tags?post=3898"}],"curies":[{"name":"wp","href":"https:\/\/api.w.org\/{rel}","templated":true}]}}