{"id":39008,"date":"2025-06-20T03:37:42","date_gmt":"2025-06-20T01:37:42","guid":{"rendered":"https:\/\/www.organisator.ch\/de\/?p=39008"},"modified":"2025-06-17T09:41:32","modified_gmt":"2025-06-17T07:41:32","slug":"lemo-effizienter-werden-als-je-zuvor","status":"publish","type":"post","link":"https:\/\/www.organisator.ch\/en\/management\/2025-06-20\/lemo-effizienter-werden-als-je-zuvor\/","title":{"rendered":"LEMO: \"Becoming more efficient than ever before\""},"content":{"rendered":"<div class=\"swpm-post-not-logged-in-msg\">You need to be logged in to view this content. Please <a class=\"swpm-login-link\" href=\"https:\/\/www.organisator.ch\/login\/\">Log In<\/a>. Not a Member? <a href=\"https:\/\/www.organisator.ch\/shop\/\">Join Us<\/a><\/div>","protected":false},"excerpt":{"rendered":"<p>Moving data management from on-premise solutions to the cloud is no trivial matter. Swiss company LEMO, the global market leader for modern connectivity solutions based in Ecublens, is currently experiencing this. We spoke about this with CFO Michael Fuchs and CIO Isidore Chirichiello. <\/p>","protected":false},"author":1,"featured_media":39006,"comment_status":"closed","ping_status":"closed","sticky":false,"template":"","format":"standard","meta":{"_acf_changed":false,"_yoast_wpseo_focuskw":"LEMO","_yoast_wpseo_metadesc":"LEMO, Weltmarktf\u00fchrer f\u00fcr moderne Verbindungsl\u00f6sungen, mit Sitz in Ecublens, vereinheitlicht sein Datenmanagement. Ein Erfahrungsbericht.","articlekey":"157499","footnotes":""},"categories":[578,28],"tags":[145,156,492],"class_list":["post-39008","post","type-post","status-publish","format-standard","has-post-thumbnail","hentry","category-abo","category-management","tag-datenmanagement","tag-digitalisierung","tag-unternehmen"],"acf":[],"yoast_head":"<!-- This site is optimized with the Yoast SEO plugin v27.5 - https:\/\/yoast.com\/product\/yoast-seo-wordpress\/ -->\n<title>LEMO: \u00abEffizienter werden als je zuvor\u00bb - Organisator<\/title>\n<meta name=\"description\" content=\"LEMO, Weltmarktf\u00fchrer f\u00fcr moderne Verbindungsl\u00f6sungen, mit Sitz in Ecublens, vereinheitlicht sein Datenmanagement. Ein Erfahrungsbericht.\" \/>\n<meta name=\"robots\" content=\"index, follow, max-snippet:-1, max-image-preview:large, max-video-preview:-1\" \/>\n<link rel=\"canonical\" href=\"https:\/\/www.organisator.ch\/en\/management\/2025-06-20\/lemo-effizienter-werden-als-je-zuvor\/\" \/>\n<meta property=\"og:locale\" content=\"en_US\" \/>\n<meta property=\"og:type\" content=\"article\" \/>\n<meta property=\"og:title\" content=\"LEMO: \u00abEffizienter werden als je zuvor\u00bb - Organisator\" \/>\n<meta property=\"og:description\" content=\"LEMO, Weltmarktf\u00fchrer f\u00fcr moderne Verbindungsl\u00f6sungen, mit Sitz in Ecublens, vereinheitlicht sein Datenmanagement. Ein Erfahrungsbericht.\" \/>\n<meta property=\"og:url\" content=\"https:\/\/www.organisator.ch\/en\/management\/2025-06-20\/lemo-effizienter-werden-als-je-zuvor\/\" \/>\n<meta property=\"og:site_name\" content=\"Organisator\" \/>\n<meta property=\"article:publisher\" content=\"https:\/\/www.facebook.com\/OrganisatorFachmagazin\" \/>\n<meta property=\"article:published_time\" content=\"2025-06-20T01:37:42+00:00\" \/>\n<meta property=\"og:image\" content=\"https:\/\/www.organisator.ch\/wp-content\/uploads\/2025\/06\/Management_Oracle-Lemo_Bild1_organisator_157522-scaled.jpg\" \/>\n\t<meta property=\"og:image:width\" content=\"1400\" \/>\n\t<meta property=\"og:image:height\" content=\"899\" \/>\n\t<meta property=\"og:image:type\" content=\"image\/jpeg\" \/>\n<meta name=\"author\" content=\"admin\" \/>\n<meta name=\"twitter:card\" content=\"summary_large_image\" \/>\n<script type=\"application\/ld+json\" class=\"yoast-schema-graph\">{\"@context\":\"https:\\\/\\\/schema.org\",\"@graph\":[{\"@type\":\"Article\",\"@id\":\"https:\\\/\\\/www.organisator.ch\\\/management\\\/2025-06-20\\\/lemo-effizienter-werden-als-je-zuvor\\\/#article\",\"isPartOf\":{\"@id\":\"https:\\\/\\\/www.organisator.ch\\\/management\\\/2025-06-20\\\/lemo-effizienter-werden-als-je-zuvor\\\/\"},\"author\":{\"name\":\"admin\",\"@id\":\"https:\\\/\\\/www.organisator.ch\\\/#\\\/schema\\\/person\\\/aa2bace6c5c5aad60102004a50c4eb1c\"},\"headline\":\"LEMO: \u00abEffizienter werden als je zuvor\u00bb\",\"datePublished\":\"2025-06-20T01:37:42+00:00\",\"mainEntityOfPage\":{\"@id\":\"https:\\\/\\\/www.organisator.ch\\\/management\\\/2025-06-20\\\/lemo-effizienter-werden-als-je-zuvor\\\/\"},\"wordCount\":1338,\"publisher\":{\"@id\":\"https:\\\/\\\/www.organisator.ch\\\/#organization\"},\"image\":{\"@id\":\"https:\\\/\\\/www.organisator.ch\\\/management\\\/2025-06-20\\\/lemo-effizienter-werden-als-je-zuvor\\\/#primaryimage\"},\"thumbnailUrl\":\"https:\\\/\\\/www.organisator.ch\\\/wp-content\\\/uploads\\\/2025\\\/06\\\/Management_Oracle-Lemo_Bild1_organisator_157522-scaled.jpg\",\"keywords\":[\"Datenmanagement\",\"Digitalisierung\",\"Unternehmen\"],\"articleSection\":[\"ABO+\",\"MANAGEMENT\"],\"inLanguage\":\"en-US\"},{\"@type\":\"WebPage\",\"@id\":\"https:\\\/\\\/www.organisator.ch\\\/management\\\/2025-06-20\\\/lemo-effizienter-werden-als-je-zuvor\\\/\",\"url\":\"https:\\\/\\\/www.organisator.ch\\\/management\\\/2025-06-20\\\/lemo-effizienter-werden-als-je-zuvor\\\/\",\"name\":\"LEMO: \u00abEffizienter werden als je zuvor\u00bb - Organisator\",\"isPartOf\":{\"@id\":\"https:\\\/\\\/www.organisator.ch\\\/#website\"},\"primaryImageOfPage\":{\"@id\":\"https:\\\/\\\/www.organisator.ch\\\/management\\\/2025-06-20\\\/lemo-effizienter-werden-als-je-zuvor\\\/#primaryimage\"},\"image\":{\"@id\":\"https:\\\/\\\/www.organisator.ch\\\/management\\\/2025-06-20\\\/lemo-effizienter-werden-als-je-zuvor\\\/#primaryimage\"},\"thumbnailUrl\":\"https:\\\/\\\/www.organisator.ch\\\/wp-content\\\/uploads\\\/2025\\\/06\\\/Management_Oracle-Lemo_Bild1_organisator_157522-scaled.jpg\",\"datePublished\":\"2025-06-20T01:37:42+00:00\",\"description\":\"LEMO, Weltmarktf\u00fchrer f\u00fcr moderne Verbindungsl\u00f6sungen, mit Sitz in Ecublens, vereinheitlicht sein Datenmanagement. Ein Erfahrungsbericht.\",\"breadcrumb\":{\"@id\":\"https:\\\/\\\/www.organisator.ch\\\/management\\\/2025-06-20\\\/lemo-effizienter-werden-als-je-zuvor\\\/#breadcrumb\"},\"inLanguage\":\"en-US\",\"potentialAction\":[{\"@type\":\"ReadAction\",\"target\":[\"https:\\\/\\\/www.organisator.ch\\\/management\\\/2025-06-20\\\/lemo-effizienter-werden-als-je-zuvor\\\/\"]}]},{\"@type\":\"ImageObject\",\"inLanguage\":\"en-US\",\"@id\":\"https:\\\/\\\/www.organisator.ch\\\/management\\\/2025-06-20\\\/lemo-effizienter-werden-als-je-zuvor\\\/#primaryimage\",\"url\":\"https:\\\/\\\/www.organisator.ch\\\/wp-content\\\/uploads\\\/2025\\\/06\\\/Management_Oracle-Lemo_Bild1_organisator_157522-scaled.jpg\",\"contentUrl\":\"https:\\\/\\\/www.organisator.ch\\\/wp-content\\\/uploads\\\/2025\\\/06\\\/Management_Oracle-Lemo_Bild1_organisator_157522-scaled.jpg\",\"width\":1400,\"height\":899,\"caption\":\"Im Gespr\u00e4ch auf dem Podium der Oracle Cloud World vom 27. M\u00e4rz in Z\u00fcrich: Cormac Watters, Executive Vice President and General Manager, EMEA Applications (Oracle, links), mit Michael Fuchs (CFO Lemo, Mitte) und Isidorie Chirichiello (CIO Lemo, rechts). \u00a9 Oracle\"},{\"@type\":\"BreadcrumbList\",\"@id\":\"https:\\\/\\\/www.organisator.ch\\\/management\\\/2025-06-20\\\/lemo-effizienter-werden-als-je-zuvor\\\/#breadcrumb\",\"itemListElement\":[{\"@type\":\"ListItem\",\"position\":1,\"name\":\"Home\",\"item\":\"https:\\\/\\\/www.organisator.ch\\\/\"},{\"@type\":\"ListItem\",\"position\":2,\"name\":\"LEMO: \u00abEffizienter werden als je zuvor\u00bb\"}]},{\"@type\":\"WebSite\",\"@id\":\"https:\\\/\\\/www.organisator.ch\\\/#website\",\"url\":\"https:\\\/\\\/www.organisator.ch\\\/\",\"name\":\"Organisator\",\"description\":\"Kompetent. Praxisnah. Der ORGANISATOR bereitet in 10 Ausgaben pro Jahr die wesentlichen Themen f\u00fcr F\u00fchrungskr\u00e4fte von KMU auf.\",\"publisher\":{\"@id\":\"https:\\\/\\\/www.organisator.ch\\\/#organization\"},\"potentialAction\":[{\"@type\":\"SearchAction\",\"target\":{\"@type\":\"EntryPoint\",\"urlTemplate\":\"https:\\\/\\\/www.organisator.ch\\\/?s={search_term_string}\"},\"query-input\":{\"@type\":\"PropertyValueSpecification\",\"valueRequired\":true,\"valueName\":\"search_term_string\"}}],\"inLanguage\":\"en-US\"},{\"@type\":\"Organization\",\"@id\":\"https:\\\/\\\/www.organisator.ch\\\/#organization\",\"name\":\"Organisator\",\"url\":\"https:\\\/\\\/www.organisator.ch\\\/\",\"logo\":{\"@type\":\"ImageObject\",\"inLanguage\":\"en-US\",\"@id\":\"https:\\\/\\\/www.organisator.ch\\\/#\\\/schema\\\/logo\\\/image\\\/\",\"url\":\"https:\\\/\\\/www.organisator.ch\\\/wp-content\\\/uploads\\\/2022\\\/01\\\/Logo_Organisator_Website.png\",\"contentUrl\":\"https:\\\/\\\/www.organisator.ch\\\/wp-content\\\/uploads\\\/2022\\\/01\\\/Logo_Organisator_Website.png\",\"width\":800,\"height\":77,\"caption\":\"Organisator\"},\"image\":{\"@id\":\"https:\\\/\\\/www.organisator.ch\\\/#\\\/schema\\\/logo\\\/image\\\/\"},\"sameAs\":[\"https:\\\/\\\/www.facebook.com\\\/OrganisatorFachmagazin\",\"https:\\\/\\\/www.linkedin.com\\\/showcase\\\/organisator-das-magazin-fr-kmu\",\"https:\\\/\\\/www.xing.com\\\/news\\\/pages\\\/organisator-ch-695\",\"https:\\\/\\\/www.youtube.com\\\/channel\\\/UCGP2Sq0iWaZwT3BdIAQFYpw\"]},{\"@type\":\"Person\",\"@id\":\"https:\\\/\\\/www.organisator.ch\\\/#\\\/schema\\\/person\\\/aa2bace6c5c5aad60102004a50c4eb1c\",\"name\":\"admin\",\"image\":{\"@type\":\"ImageObject\",\"inLanguage\":\"en-US\",\"@id\":\"https:\\\/\\\/secure.gravatar.com\\\/avatar\\\/ae2f4d718e6c49043e314ce431e7e645d646302a24a5ef5a8bc8e3f5a032e319?s=96&d=mm&r=g\",\"url\":\"https:\\\/\\\/secure.gravatar.com\\\/avatar\\\/ae2f4d718e6c49043e314ce431e7e645d646302a24a5ef5a8bc8e3f5a032e319?s=96&d=mm&r=g\",\"contentUrl\":\"https:\\\/\\\/secure.gravatar.com\\\/avatar\\\/ae2f4d718e6c49043e314ce431e7e645d646302a24a5ef5a8bc8e3f5a032e319?s=96&d=mm&r=g\",\"caption\":\"admin\"},\"sameAs\":[\"https:\\\/\\\/www.organisator.ch\"],\"url\":\"https:\\\/\\\/www.organisator.ch\\\/en\\\/author\\\/admin\\\/\"}]}<\/script>\n<!-- \/ Yoast SEO plugin. -->","yoast_head_json":{"title":"LEMO: \"Becoming more efficient than ever before\" - Organizer","description":"LEMO, the global market leader for modern connectivity solutions, based in Ecublens, is standardizing its data management. A field report.","robots":{"index":"index","follow":"follow","max-snippet":"max-snippet:-1","max-image-preview":"max-image-preview:large","max-video-preview":"max-video-preview:-1"},"canonical":"https:\/\/www.organisator.ch\/en\/management\/2025-06-20\/lemo-effizienter-werden-als-je-zuvor\/","og_locale":"en_US","og_type":"article","og_title":"LEMO: \u00abEffizienter werden als je zuvor\u00bb - Organisator","og_description":"LEMO, Weltmarktf\u00fchrer f\u00fcr moderne Verbindungsl\u00f6sungen, mit Sitz in Ecublens, vereinheitlicht sein Datenmanagement. Ein Erfahrungsbericht.","og_url":"https:\/\/www.organisator.ch\/en\/management\/2025-06-20\/lemo-effizienter-werden-als-je-zuvor\/","og_site_name":"Organisator","article_publisher":"https:\/\/www.facebook.com\/OrganisatorFachmagazin","article_published_time":"2025-06-20T01:37:42+00:00","og_image":[{"width":1400,"height":899,"url":"https:\/\/www.organisator.ch\/wp-content\/uploads\/2025\/06\/Management_Oracle-Lemo_Bild1_organisator_157522-scaled.jpg","type":"image\/jpeg"}],"author":"admin","twitter_card":"summary_large_image","schema":{"@context":"https:\/\/schema.org","@graph":[{"@type":"Article","@id":"https:\/\/www.organisator.ch\/management\/2025-06-20\/lemo-effizienter-werden-als-je-zuvor\/#article","isPartOf":{"@id":"https:\/\/www.organisator.ch\/management\/2025-06-20\/lemo-effizienter-werden-als-je-zuvor\/"},"author":{"name":"admin","@id":"https:\/\/www.organisator.ch\/#\/schema\/person\/aa2bace6c5c5aad60102004a50c4eb1c"},"headline":"LEMO: \u00abEffizienter werden als je zuvor\u00bb","datePublished":"2025-06-20T01:37:42+00:00","mainEntityOfPage":{"@id":"https:\/\/www.organisator.ch\/management\/2025-06-20\/lemo-effizienter-werden-als-je-zuvor\/"},"wordCount":1338,"publisher":{"@id":"https:\/\/www.organisator.ch\/#organization"},"image":{"@id":"https:\/\/www.organisator.ch\/management\/2025-06-20\/lemo-effizienter-werden-als-je-zuvor\/#primaryimage"},"thumbnailUrl":"https:\/\/www.organisator.ch\/wp-content\/uploads\/2025\/06\/Management_Oracle-Lemo_Bild1_organisator_157522-scaled.jpg","keywords":["Datenmanagement","Digitalisierung","Unternehmen"],"articleSection":["ABO+","MANAGEMENT"],"inLanguage":"en-US"},{"@type":"WebPage","@id":"https:\/\/www.organisator.ch\/management\/2025-06-20\/lemo-effizienter-werden-als-je-zuvor\/","url":"https:\/\/www.organisator.ch\/management\/2025-06-20\/lemo-effizienter-werden-als-je-zuvor\/","name":"LEMO: \"Becoming more efficient than ever before\" - Organizer","isPartOf":{"@id":"https:\/\/www.organisator.ch\/#website"},"primaryImageOfPage":{"@id":"https:\/\/www.organisator.ch\/management\/2025-06-20\/lemo-effizienter-werden-als-je-zuvor\/#primaryimage"},"image":{"@id":"https:\/\/www.organisator.ch\/management\/2025-06-20\/lemo-effizienter-werden-als-je-zuvor\/#primaryimage"},"thumbnailUrl":"https:\/\/www.organisator.ch\/wp-content\/uploads\/2025\/06\/Management_Oracle-Lemo_Bild1_organisator_157522-scaled.jpg","datePublished":"2025-06-20T01:37:42+00:00","description":"LEMO, the global market leader for modern connectivity solutions, based in Ecublens, is standardizing its data management. A field report.","breadcrumb":{"@id":"https:\/\/www.organisator.ch\/management\/2025-06-20\/lemo-effizienter-werden-als-je-zuvor\/#breadcrumb"},"inLanguage":"en-US","potentialAction":[{"@type":"ReadAction","target":["https:\/\/www.organisator.ch\/management\/2025-06-20\/lemo-effizienter-werden-als-je-zuvor\/"]}]},{"@type":"ImageObject","inLanguage":"en-US","@id":"https:\/\/www.organisator.ch\/management\/2025-06-20\/lemo-effizienter-werden-als-je-zuvor\/#primaryimage","url":"https:\/\/www.organisator.ch\/wp-content\/uploads\/2025\/06\/Management_Oracle-Lemo_Bild1_organisator_157522-scaled.jpg","contentUrl":"https:\/\/www.organisator.ch\/wp-content\/uploads\/2025\/06\/Management_Oracle-Lemo_Bild1_organisator_157522-scaled.jpg","width":1400,"height":899,"caption":"Im Gespr\u00e4ch auf dem Podium der Oracle Cloud World vom 27. M\u00e4rz in Z\u00fcrich: Cormac Watters, Executive Vice President and General Manager, EMEA Applications (Oracle, links), mit Michael Fuchs (CFO Lemo, Mitte) und Isidorie Chirichiello (CIO Lemo, rechts). \u00a9 Oracle"},{"@type":"BreadcrumbList","@id":"https:\/\/www.organisator.ch\/management\/2025-06-20\/lemo-effizienter-werden-als-je-zuvor\/#breadcrumb","itemListElement":[{"@type":"ListItem","position":1,"name":"Home","item":"https:\/\/www.organisator.ch\/"},{"@type":"ListItem","position":2,"name":"LEMO: \u00abEffizienter werden als je zuvor\u00bb"}]},{"@type":"WebSite","@id":"https:\/\/www.organisator.ch\/#website","url":"https:\/\/www.organisator.ch\/","name":"Organizer","description":"Competent. Practical. In 10 issues per year, ORGANISATOR presents the essential topics for managers of SMEs.","publisher":{"@id":"https:\/\/www.organisator.ch\/#organization"},"potentialAction":[{"@type":"SearchAction","target":{"@type":"EntryPoint","urlTemplate":"https:\/\/www.organisator.ch\/?s={search_term_string}"},"query-input":{"@type":"PropertyValueSpecification","valueRequired":true,"valueName":"search_term_string"}}],"inLanguage":"en-US"},{"@type":"Organization","@id":"https:\/\/www.organisator.ch\/#organization","name":"Organizer","url":"https:\/\/www.organisator.ch\/","logo":{"@type":"ImageObject","inLanguage":"en-US","@id":"https:\/\/www.organisator.ch\/#\/schema\/logo\/image\/","url":"https:\/\/www.organisator.ch\/wp-content\/uploads\/2022\/01\/Logo_Organisator_Website.png","contentUrl":"https:\/\/www.organisator.ch\/wp-content\/uploads\/2022\/01\/Logo_Organisator_Website.png","width":800,"height":77,"caption":"Organisator"},"image":{"@id":"https:\/\/www.organisator.ch\/#\/schema\/logo\/image\/"},"sameAs":["https:\/\/www.facebook.com\/OrganisatorFachmagazin","https:\/\/www.linkedin.com\/showcase\/organisator-das-magazin-fr-kmu","https:\/\/www.xing.com\/news\/pages\/organisator-ch-695","https:\/\/www.youtube.com\/channel\/UCGP2Sq0iWaZwT3BdIAQFYpw"]},{"@type":"Person","@id":"https:\/\/www.organisator.ch\/#\/schema\/person\/aa2bace6c5c5aad60102004a50c4eb1c","name":"admin","image":{"@type":"ImageObject","inLanguage":"en-US","@id":"https:\/\/secure.gravatar.com\/avatar\/ae2f4d718e6c49043e314ce431e7e645d646302a24a5ef5a8bc8e3f5a032e319?s=96&d=mm&r=g","url":"https:\/\/secure.gravatar.com\/avatar\/ae2f4d718e6c49043e314ce431e7e645d646302a24a5ef5a8bc8e3f5a032e319?s=96&d=mm&r=g","contentUrl":"https:\/\/secure.gravatar.com\/avatar\/ae2f4d718e6c49043e314ce431e7e645d646302a24a5ef5a8bc8e3f5a032e319?s=96&d=mm&r=g","caption":"admin"},"sameAs":["https:\/\/www.organisator.ch"],"url":"https:\/\/www.organisator.ch\/en\/author\/admin\/"}]}},"_links":{"self":[{"href":"https:\/\/www.organisator.ch\/en\/wp-json\/wp\/v2\/posts\/39008","targetHints":{"allow":["GET"]}}],"collection":[{"href":"https:\/\/www.organisator.ch\/en\/wp-json\/wp\/v2\/posts"}],"about":[{"href":"https:\/\/www.organisator.ch\/en\/wp-json\/wp\/v2\/types\/post"}],"author":[{"embeddable":true,"href":"https:\/\/www.organisator.ch\/en\/wp-json\/wp\/v2\/users\/1"}],"replies":[{"embeddable":true,"href":"https:\/\/www.organisator.ch\/en\/wp-json\/wp\/v2\/comments?post=39008"}],"version-history":[{"count":2,"href":"https:\/\/www.organisator.ch\/en\/wp-json\/wp\/v2\/posts\/39008\/revisions"}],"predecessor-version":[{"id":39010,"href":"https:\/\/www.organisator.ch\/en\/wp-json\/wp\/v2\/posts\/39008\/revisions\/39010"}],"wp:featuredmedia":[{"embeddable":true,"href":"https:\/\/www.organisator.ch\/en\/wp-json\/wp\/v2\/media\/39006"}],"wp:attachment":[{"href":"https:\/\/www.organisator.ch\/en\/wp-json\/wp\/v2\/media?parent=39008"}],"wp:term":[{"taxonomy":"category","embeddable":true,"href":"https:\/\/www.organisator.ch\/en\/wp-json\/wp\/v2\/categories?post=39008"},{"taxonomy":"post_tag","embeddable":true,"href":"https:\/\/www.organisator.ch\/en\/wp-json\/wp\/v2\/tags?post=39008"}],"curies":[{"name":"wp","href":"https:\/\/api.w.org\/{rel}","templated":true}]}}