{"id":3903,"date":"2018-07-04T16:43:31","date_gmt":"2018-07-04T14:43:31","guid":{"rendered":"https:\/\/www.organisator.ch\/?p=3903"},"modified":"2018-07-04T16:43:31","modified_gmt":"2018-07-04T14:43:31","slug":"studie-ueber-arbeitsstunden-im-alter-ueber-40-jaehrige-sind-am-effektivsten-wenn-sie-25-stunden-arbeiten","status":"publish","type":"post","link":"https:\/\/www.organisator.ch\/en\/human-resources\/fit_im_job\/2018-07-04\/studie-ueber-arbeitsstunden-im-alter-ueber-40-jaehrige-sind-am-effektivsten-wenn-sie-25-stunden-arbeiten\/","title":{"rendered":"Study on working hours in old age: over 40s are most effective when they work 25 hours"},"content":{"rendered":"<figure id=\"attachment_3904\" aria-describedby=\"caption-attachment-3904\" style=\"width: 680px\" class=\"wp-caption alignnone\"><img loading=\"lazy\" decoding=\"async\" class=\"size-medium wp-image-3904\" src=\"https:\/\/www.organisator.ch\/wp-content\/uploads\/2018\/07\/Studie-ueber-Arbeitsstunden-im-Alter-org-organisator.jpg\" alt=\"\" width=\"680\" height=\"454\" srcset=\"https:\/\/www.organisator.ch\/wp-content\/uploads\/2018\/07\/Studie-ueber-Arbeitsstunden-im-Alter-org-organisator.jpg 1000w, https:\/\/www.organisator.ch\/wp-content\/uploads\/2018\/07\/Studie-ueber-Arbeitsstunden-im-Alter-org-organisator-680x454.jpg 680w, https:\/\/www.organisator.ch\/wp-content\/uploads\/2018\/07\/Studie-ueber-Arbeitsstunden-im-Alter-org-organisator-768x513.jpg 768w, https:\/\/www.organisator.ch\/wp-content\/uploads\/2018\/07\/Studie-ueber-Arbeitsstunden-im-Alter-org-organisator-16x12.jpg 16w, https:\/\/www.organisator.ch\/wp-content\/uploads\/2018\/07\/Studie-ueber-Arbeitsstunden-im-Alter-org-organisator-262x175.jpg 262w, https:\/\/www.organisator.ch\/wp-content\/uploads\/2018\/07\/Studie-ueber-Arbeitsstunden-im-Alter-org-organisator-524x350.jpg 524w, https:\/\/www.organisator.ch\/wp-content\/uploads\/2018\/07\/Studie-ueber-Arbeitsstunden-im-Alter-org-organisator-920x615.jpg 920w, https:\/\/www.organisator.ch\/wp-content\/uploads\/2018\/07\/Studie-ueber-Arbeitsstunden-im-Alter-org-organisator-300x200.jpg 300w\" sizes=\"auto, (max-width: 680px) 100vw, 680px\" \/><figcaption id=\"caption-attachment-3904\" class=\"wp-caption-text\">Working very long hours per week can cause negative effects on cognitive abilities in both men and women. (Image: depositphotos)<\/figcaption><\/figure>\n<p>Working hours and workloads by age group are currently a big topic again. Not only Switzerland, but also other countries are planning to raise the retirement age. The reason is the demographic development: There are more and more older people, at least in industrialized nations. A study by the University of Melbourne has now found out that this can be problematic under certain circumstances. For employees aged 40 and over, effectiveness drops from as little as 25 working hours per week.<\/p>\n<p>The study, conducted by the Faculty of Business &amp; Economics at the University of Melbourne, measured the cognitive abilities of 3,500 female and 3,000 male workers over the age of 40 (the <a href=\"https:\/\/melbourneinstitute.unimelb.edu.au\/publications\/working-papers\/search\/result?paper=2156560\">Study<\/a> however, goes back to 2016). According to the study, work stimulated the brain activities of employees most effectively when they worked 25 hours per week. At this working time, the positive effects on the cognitive abilities of the over 40-year-olds were the greatest.<\/p>\n<p>When working more than 30 hours per week, the positive effects of the work decreased. A standard working time of 40 hours per week was said to be suitable for maintaining normal cognitive abilities, but this was no longer effective. At working hours of 55 or more hours per week, the mental performance of employees even dropped rapidly, below the level of retirees or the unemployed. One could also say: From 40 onwards, too much work is detrimental to mental health.<\/p>\n<p><strong>Cognitive skills<\/strong><\/p>\n<p>According to the researchers, two mechanisms are at work here. On the one hand, work can stimulate cognitive abilities, but on the other, work also causes fatigue and stress. According to the study, it now appears that the older a worker is, the less stress-resistant they become. Meaning: In order to take full advantage of the positive effects of work and be as effective as possible, a lower workweek would make sense for older workers. For men over 40, even a workweek of more than 30 hours can have negative effects on mental health - at least according to the tests from the 2016 study.<\/p>\n<p>The study did not explore the reasons for the correlation between cognitive abilities and weekly working hours among older workers. For example, it would still have to be clarified whether and how part-time jobs have an impact, how mentally or physically demanding a job is, or how much vacation or days off someone can take in between. It has also not yet been researched whether there are country-specific differences. (Source: Meedia)<\/p>\n<p>&nbsp;<\/p>\n<p><em>A further link to the \"Working Papers\" (study page) of the University of Melbourne can be found at <a href=\"https:\/\/melbourneinstitute.unimelb.edu.au\/publications\/working-papers\/search\/result?paper=2156560\">here<\/a><\/em><\/p>\n<p>&nbsp;<\/p>","protected":false},"excerpt":{"rendered":"<p>Arbeitsstunden und -pensen nach Altersstufe sind zurzeit wieder ein grosses Thema. Nicht nur die Schweiz, auch andere L\u00e4nder planen, das Renteneintrittsalter anzuheben. Grund ist die demografische Entwicklung: Es gibt zumindest in Industrienationen immer mehr \u00e4ltere Menschen. Eine Studie der Universit\u00e4t Melbourne hat nun herausgefunden, dass dies unter Umst\u00e4nden problematisch sein kann. Bei Arbeitnehmern ab 40 [&hellip;]<\/p>\n","protected":false},"author":5,"featured_media":3904,"comment_status":"open","ping_status":"open","sticky":false,"template":"","format":"standard","meta":{"_acf_changed":false,"_yoast_wpseo_focuskw":"Arbeitsstunden","_yoast_wpseo_metadesc":"Studie \u00fcber Arbeitsstunden im Alter. Eine Studie der Universit\u00e4t Melbourne zeigt, dass unter Umst\u00e4nden eine 25-Stundenwoche problematisch sein kann.","articlekey":"","footnotes":""},"categories":[25],"tags":[45,459],"class_list":["post-3903","post","type-post","status-publish","format-standard","has-post-thumbnail","hentry","category-fit_im_job","tag-arbeitsforschung","tag-studie"],"acf":[],"yoast_head":"<!-- This site is optimized with the Yoast SEO plugin v27.4 - https:\/\/yoast.com\/product\/yoast-seo-wordpress\/ -->\n<title>Studie \u00fcber Arbeitsstunden im Alter: \u00fcber 40-J\u00e4hrige sind am effektivsten, wenn sie 25 Stunden arbeiten - Organisator<\/title>\n<meta name=\"description\" content=\"Studie \u00fcber Arbeitsstunden im Alter. Eine Studie der Universit\u00e4t Melbourne zeigt, dass unter Umst\u00e4nden eine 25-Stundenwoche problematisch sein kann.\" \/>\n<meta name=\"robots\" content=\"index, follow, max-snippet:-1, max-image-preview:large, max-video-preview:-1\" \/>\n<link rel=\"canonical\" href=\"https:\/\/www.organisator.ch\/en\/human-resources\/fit_im_job\/2018-07-04\/studie-ueber-arbeitsstunden-im-alter-ueber-40-jaehrige-sind-am-effektivsten-wenn-sie-25-stunden-arbeiten\/\" \/>\n<meta property=\"og:locale\" content=\"en_US\" \/>\n<meta property=\"og:type\" content=\"article\" \/>\n<meta property=\"og:title\" content=\"Studie \u00fcber Arbeitsstunden im Alter: \u00fcber 40-J\u00e4hrige sind am effektivsten, wenn sie 25 Stunden arbeiten - Organisator\" \/>\n<meta property=\"og:description\" content=\"Studie \u00fcber Arbeitsstunden im Alter. Eine Studie der Universit\u00e4t Melbourne zeigt, dass unter Umst\u00e4nden eine 25-Stundenwoche problematisch sein kann.\" \/>\n<meta property=\"og:url\" content=\"https:\/\/www.organisator.ch\/en\/human-resources\/fit_im_job\/2018-07-04\/studie-ueber-arbeitsstunden-im-alter-ueber-40-jaehrige-sind-am-effektivsten-wenn-sie-25-stunden-arbeiten\/\" \/>\n<meta property=\"og:site_name\" content=\"Organisator\" \/>\n<meta property=\"article:publisher\" content=\"https:\/\/www.facebook.com\/OrganisatorFachmagazin\" \/>\n<meta property=\"article:published_time\" content=\"2018-07-04T14:43:31+00:00\" \/>\n<meta property=\"og:image\" content=\"https:\/\/www.organisator.ch\/wp-content\/uploads\/2018\/07\/Studie-ueber-Arbeitsstunden-im-Alter-org-organisator.jpg\" \/>\n\t<meta property=\"og:image:width\" content=\"1000\" \/>\n\t<meta property=\"og:image:height\" content=\"668\" \/>\n\t<meta property=\"og:image:type\" content=\"image\/jpeg\" \/>\n<meta name=\"author\" content=\"michael.merz\" \/>\n<meta name=\"twitter:card\" content=\"summary_large_image\" \/>\n<script type=\"application\/ld+json\" class=\"yoast-schema-graph\">{\"@context\":\"https:\\\/\\\/schema.org\",\"@graph\":[{\"@type\":\"Article\",\"@id\":\"https:\\\/\\\/www.organisator.ch\\\/human-resources\\\/fit_im_job\\\/2018-07-04\\\/studie-ueber-arbeitsstunden-im-alter-ueber-40-jaehrige-sind-am-effektivsten-wenn-sie-25-stunden-arbeiten\\\/#article\",\"isPartOf\":{\"@id\":\"https:\\\/\\\/www.organisator.ch\\\/human-resources\\\/fit_im_job\\\/2018-07-04\\\/studie-ueber-arbeitsstunden-im-alter-ueber-40-jaehrige-sind-am-effektivsten-wenn-sie-25-stunden-arbeiten\\\/\"},\"author\":{\"name\":\"michael.merz\",\"@id\":\"https:\\\/\\\/www.organisator.ch\\\/#\\\/schema\\\/person\\\/134708ca9321c57b0362cceb7948ffbd\"},\"headline\":\"Studie \u00fcber Arbeitsstunden im Alter: \u00fcber 40-J\u00e4hrige sind am effektivsten, wenn sie 25 Stunden arbeiten\",\"datePublished\":\"2018-07-04T14:43:31+00:00\",\"mainEntityOfPage\":{\"@id\":\"https:\\\/\\\/www.organisator.ch\\\/human-resources\\\/fit_im_job\\\/2018-07-04\\\/studie-ueber-arbeitsstunden-im-alter-ueber-40-jaehrige-sind-am-effektivsten-wenn-sie-25-stunden-arbeiten\\\/\"},\"wordCount\":446,\"commentCount\":4,\"publisher\":{\"@id\":\"https:\\\/\\\/www.organisator.ch\\\/#organization\"},\"image\":{\"@id\":\"https:\\\/\\\/www.organisator.ch\\\/human-resources\\\/fit_im_job\\\/2018-07-04\\\/studie-ueber-arbeitsstunden-im-alter-ueber-40-jaehrige-sind-am-effektivsten-wenn-sie-25-stunden-arbeiten\\\/#primaryimage\"},\"thumbnailUrl\":\"https:\\\/\\\/www.organisator.ch\\\/wp-content\\\/uploads\\\/2018\\\/07\\\/Studie-ueber-Arbeitsstunden-im-Alter-org-organisator.jpg\",\"keywords\":[\"Arbeitsforschung\",\"Studie\"],\"articleSection\":[\"FIT IM JOB\"],\"inLanguage\":\"en-US\"},{\"@type\":\"WebPage\",\"@id\":\"https:\\\/\\\/www.organisator.ch\\\/human-resources\\\/fit_im_job\\\/2018-07-04\\\/studie-ueber-arbeitsstunden-im-alter-ueber-40-jaehrige-sind-am-effektivsten-wenn-sie-25-stunden-arbeiten\\\/\",\"url\":\"https:\\\/\\\/www.organisator.ch\\\/human-resources\\\/fit_im_job\\\/2018-07-04\\\/studie-ueber-arbeitsstunden-im-alter-ueber-40-jaehrige-sind-am-effektivsten-wenn-sie-25-stunden-arbeiten\\\/\",\"name\":\"Studie \u00fcber Arbeitsstunden im Alter: \u00fcber 40-J\u00e4hrige sind am effektivsten, wenn sie 25 Stunden arbeiten - Organisator\",\"isPartOf\":{\"@id\":\"https:\\\/\\\/www.organisator.ch\\\/#website\"},\"primaryImageOfPage\":{\"@id\":\"https:\\\/\\\/www.organisator.ch\\\/human-resources\\\/fit_im_job\\\/2018-07-04\\\/studie-ueber-arbeitsstunden-im-alter-ueber-40-jaehrige-sind-am-effektivsten-wenn-sie-25-stunden-arbeiten\\\/#primaryimage\"},\"image\":{\"@id\":\"https:\\\/\\\/www.organisator.ch\\\/human-resources\\\/fit_im_job\\\/2018-07-04\\\/studie-ueber-arbeitsstunden-im-alter-ueber-40-jaehrige-sind-am-effektivsten-wenn-sie-25-stunden-arbeiten\\\/#primaryimage\"},\"thumbnailUrl\":\"https:\\\/\\\/www.organisator.ch\\\/wp-content\\\/uploads\\\/2018\\\/07\\\/Studie-ueber-Arbeitsstunden-im-Alter-org-organisator.jpg\",\"datePublished\":\"2018-07-04T14:43:31+00:00\",\"description\":\"Studie \u00fcber Arbeitsstunden im Alter. Eine Studie der Universit\u00e4t Melbourne zeigt, dass unter Umst\u00e4nden eine 25-Stundenwoche problematisch sein kann.\",\"breadcrumb\":{\"@id\":\"https:\\\/\\\/www.organisator.ch\\\/human-resources\\\/fit_im_job\\\/2018-07-04\\\/studie-ueber-arbeitsstunden-im-alter-ueber-40-jaehrige-sind-am-effektivsten-wenn-sie-25-stunden-arbeiten\\\/#breadcrumb\"},\"inLanguage\":\"en-US\",\"potentialAction\":[{\"@type\":\"ReadAction\",\"target\":[\"https:\\\/\\\/www.organisator.ch\\\/human-resources\\\/fit_im_job\\\/2018-07-04\\\/studie-ueber-arbeitsstunden-im-alter-ueber-40-jaehrige-sind-am-effektivsten-wenn-sie-25-stunden-arbeiten\\\/\"]}]},{\"@type\":\"ImageObject\",\"inLanguage\":\"en-US\",\"@id\":\"https:\\\/\\\/www.organisator.ch\\\/human-resources\\\/fit_im_job\\\/2018-07-04\\\/studie-ueber-arbeitsstunden-im-alter-ueber-40-jaehrige-sind-am-effektivsten-wenn-sie-25-stunden-arbeiten\\\/#primaryimage\",\"url\":\"https:\\\/\\\/www.organisator.ch\\\/wp-content\\\/uploads\\\/2018\\\/07\\\/Studie-ueber-Arbeitsstunden-im-Alter-org-organisator.jpg\",\"contentUrl\":\"https:\\\/\\\/www.organisator.ch\\\/wp-content\\\/uploads\\\/2018\\\/07\\\/Studie-ueber-Arbeitsstunden-im-Alter-org-organisator.jpg\",\"width\":1000,\"height\":668,\"caption\":\"Eine sehr hohe Wochenarbeitszeit kann negative Effekte auf die kognitiven F\u00e4higkeiten von M\u00e4nner und Frauen hervorrufen. (Bild: depositphotos)\"},{\"@type\":\"BreadcrumbList\",\"@id\":\"https:\\\/\\\/www.organisator.ch\\\/human-resources\\\/fit_im_job\\\/2018-07-04\\\/studie-ueber-arbeitsstunden-im-alter-ueber-40-jaehrige-sind-am-effektivsten-wenn-sie-25-stunden-arbeiten\\\/#breadcrumb\",\"itemListElement\":[{\"@type\":\"ListItem\",\"position\":1,\"name\":\"Home\",\"item\":\"https:\\\/\\\/www.organisator.ch\\\/\"},{\"@type\":\"ListItem\",\"position\":2,\"name\":\"Studie \u00fcber Arbeitsstunden im Alter: \u00fcber 40-J\u00e4hrige sind am effektivsten, wenn sie 25 Stunden arbeiten\"}]},{\"@type\":\"WebSite\",\"@id\":\"https:\\\/\\\/www.organisator.ch\\\/#website\",\"url\":\"https:\\\/\\\/www.organisator.ch\\\/\",\"name\":\"Organisator\",\"description\":\"Kompetent. Praxisnah. Der ORGANISATOR bereitet in 10 Ausgaben pro Jahr die wesentlichen Themen f\u00fcr F\u00fchrungskr\u00e4fte von KMU auf.\",\"publisher\":{\"@id\":\"https:\\\/\\\/www.organisator.ch\\\/#organization\"},\"potentialAction\":[{\"@type\":\"SearchAction\",\"target\":{\"@type\":\"EntryPoint\",\"urlTemplate\":\"https:\\\/\\\/www.organisator.ch\\\/?s={search_term_string}\"},\"query-input\":{\"@type\":\"PropertyValueSpecification\",\"valueRequired\":true,\"valueName\":\"search_term_string\"}}],\"inLanguage\":\"en-US\"},{\"@type\":\"Organization\",\"@id\":\"https:\\\/\\\/www.organisator.ch\\\/#organization\",\"name\":\"Organisator\",\"url\":\"https:\\\/\\\/www.organisator.ch\\\/\",\"logo\":{\"@type\":\"ImageObject\",\"inLanguage\":\"en-US\",\"@id\":\"https:\\\/\\\/www.organisator.ch\\\/#\\\/schema\\\/logo\\\/image\\\/\",\"url\":\"https:\\\/\\\/www.organisator.ch\\\/wp-content\\\/uploads\\\/2022\\\/01\\\/Logo_Organisator_Website.png\",\"contentUrl\":\"https:\\\/\\\/www.organisator.ch\\\/wp-content\\\/uploads\\\/2022\\\/01\\\/Logo_Organisator_Website.png\",\"width\":800,\"height\":77,\"caption\":\"Organisator\"},\"image\":{\"@id\":\"https:\\\/\\\/www.organisator.ch\\\/#\\\/schema\\\/logo\\\/image\\\/\"},\"sameAs\":[\"https:\\\/\\\/www.facebook.com\\\/OrganisatorFachmagazin\",\"https:\\\/\\\/www.linkedin.com\\\/showcase\\\/organisator-das-magazin-fr-kmu\",\"https:\\\/\\\/www.xing.com\\\/news\\\/pages\\\/organisator-ch-695\",\"https:\\\/\\\/www.youtube.com\\\/channel\\\/UCGP2Sq0iWaZwT3BdIAQFYpw\"]},{\"@type\":\"Person\",\"@id\":\"https:\\\/\\\/www.organisator.ch\\\/#\\\/schema\\\/person\\\/134708ca9321c57b0362cceb7948ffbd\",\"name\":\"michael.merz\",\"image\":{\"@type\":\"ImageObject\",\"inLanguage\":\"en-US\",\"@id\":\"https:\\\/\\\/secure.gravatar.com\\\/avatar\\\/?s=96&d=mm&r=g\",\"url\":\"https:\\\/\\\/secure.gravatar.com\\\/avatar\\\/?s=96&d=mm&r=g\",\"contentUrl\":\"https:\\\/\\\/secure.gravatar.com\\\/avatar\\\/?s=96&d=mm&r=g\",\"caption\":\"michael.merz\"},\"url\":\"https:\\\/\\\/www.organisator.ch\\\/en\\\/author\\\/michael-merz\\\/\"}]}<\/script>\n<!-- \/ Yoast SEO plugin. -->","yoast_head_json":{"title":"Study on working hours in old age: over 40s are most effective when they work 25 hours - Organizer","description":"Study on working hours in old age. A study by the University of Melbourne shows that, under certain circumstances, a 25-hour workweek can be problematic.","robots":{"index":"index","follow":"follow","max-snippet":"max-snippet:-1","max-image-preview":"max-image-preview:large","max-video-preview":"max-video-preview:-1"},"canonical":"https:\/\/www.organisator.ch\/en\/human-resources\/fit_im_job\/2018-07-04\/studie-ueber-arbeitsstunden-im-alter-ueber-40-jaehrige-sind-am-effektivsten-wenn-sie-25-stunden-arbeiten\/","og_locale":"en_US","og_type":"article","og_title":"Studie \u00fcber Arbeitsstunden im Alter: \u00fcber 40-J\u00e4hrige sind am effektivsten, wenn sie 25 Stunden arbeiten - Organisator","og_description":"Studie \u00fcber Arbeitsstunden im Alter. Eine Studie der Universit\u00e4t Melbourne zeigt, dass unter Umst\u00e4nden eine 25-Stundenwoche problematisch sein kann.","og_url":"https:\/\/www.organisator.ch\/en\/human-resources\/fit_im_job\/2018-07-04\/studie-ueber-arbeitsstunden-im-alter-ueber-40-jaehrige-sind-am-effektivsten-wenn-sie-25-stunden-arbeiten\/","og_site_name":"Organisator","article_publisher":"https:\/\/www.facebook.com\/OrganisatorFachmagazin","article_published_time":"2018-07-04T14:43:31+00:00","og_image":[{"width":1000,"height":668,"url":"https:\/\/www.organisator.ch\/wp-content\/uploads\/2018\/07\/Studie-ueber-Arbeitsstunden-im-Alter-org-organisator.jpg","type":"image\/jpeg"}],"author":"michael.merz","twitter_card":"summary_large_image","schema":{"@context":"https:\/\/schema.org","@graph":[{"@type":"Article","@id":"https:\/\/www.organisator.ch\/human-resources\/fit_im_job\/2018-07-04\/studie-ueber-arbeitsstunden-im-alter-ueber-40-jaehrige-sind-am-effektivsten-wenn-sie-25-stunden-arbeiten\/#article","isPartOf":{"@id":"https:\/\/www.organisator.ch\/human-resources\/fit_im_job\/2018-07-04\/studie-ueber-arbeitsstunden-im-alter-ueber-40-jaehrige-sind-am-effektivsten-wenn-sie-25-stunden-arbeiten\/"},"author":{"name":"michael.merz","@id":"https:\/\/www.organisator.ch\/#\/schema\/person\/134708ca9321c57b0362cceb7948ffbd"},"headline":"Studie \u00fcber Arbeitsstunden im Alter: \u00fcber 40-J\u00e4hrige sind am effektivsten, wenn sie 25 Stunden arbeiten","datePublished":"2018-07-04T14:43:31+00:00","mainEntityOfPage":{"@id":"https:\/\/www.organisator.ch\/human-resources\/fit_im_job\/2018-07-04\/studie-ueber-arbeitsstunden-im-alter-ueber-40-jaehrige-sind-am-effektivsten-wenn-sie-25-stunden-arbeiten\/"},"wordCount":446,"commentCount":4,"publisher":{"@id":"https:\/\/www.organisator.ch\/#organization"},"image":{"@id":"https:\/\/www.organisator.ch\/human-resources\/fit_im_job\/2018-07-04\/studie-ueber-arbeitsstunden-im-alter-ueber-40-jaehrige-sind-am-effektivsten-wenn-sie-25-stunden-arbeiten\/#primaryimage"},"thumbnailUrl":"https:\/\/www.organisator.ch\/wp-content\/uploads\/2018\/07\/Studie-ueber-Arbeitsstunden-im-Alter-org-organisator.jpg","keywords":["Arbeitsforschung","Studie"],"articleSection":["FIT IM JOB"],"inLanguage":"en-US"},{"@type":"WebPage","@id":"https:\/\/www.organisator.ch\/human-resources\/fit_im_job\/2018-07-04\/studie-ueber-arbeitsstunden-im-alter-ueber-40-jaehrige-sind-am-effektivsten-wenn-sie-25-stunden-arbeiten\/","url":"https:\/\/www.organisator.ch\/human-resources\/fit_im_job\/2018-07-04\/studie-ueber-arbeitsstunden-im-alter-ueber-40-jaehrige-sind-am-effektivsten-wenn-sie-25-stunden-arbeiten\/","name":"Study on working hours in old age: over 40s are most effective when they work 25 hours - Organizer","isPartOf":{"@id":"https:\/\/www.organisator.ch\/#website"},"primaryImageOfPage":{"@id":"https:\/\/www.organisator.ch\/human-resources\/fit_im_job\/2018-07-04\/studie-ueber-arbeitsstunden-im-alter-ueber-40-jaehrige-sind-am-effektivsten-wenn-sie-25-stunden-arbeiten\/#primaryimage"},"image":{"@id":"https:\/\/www.organisator.ch\/human-resources\/fit_im_job\/2018-07-04\/studie-ueber-arbeitsstunden-im-alter-ueber-40-jaehrige-sind-am-effektivsten-wenn-sie-25-stunden-arbeiten\/#primaryimage"},"thumbnailUrl":"https:\/\/www.organisator.ch\/wp-content\/uploads\/2018\/07\/Studie-ueber-Arbeitsstunden-im-Alter-org-organisator.jpg","datePublished":"2018-07-04T14:43:31+00:00","description":"Study on working hours in old age. A study by the University of Melbourne shows that, under certain circumstances, a 25-hour workweek can be problematic.","breadcrumb":{"@id":"https:\/\/www.organisator.ch\/human-resources\/fit_im_job\/2018-07-04\/studie-ueber-arbeitsstunden-im-alter-ueber-40-jaehrige-sind-am-effektivsten-wenn-sie-25-stunden-arbeiten\/#breadcrumb"},"inLanguage":"en-US","potentialAction":[{"@type":"ReadAction","target":["https:\/\/www.organisator.ch\/human-resources\/fit_im_job\/2018-07-04\/studie-ueber-arbeitsstunden-im-alter-ueber-40-jaehrige-sind-am-effektivsten-wenn-sie-25-stunden-arbeiten\/"]}]},{"@type":"ImageObject","inLanguage":"en-US","@id":"https:\/\/www.organisator.ch\/human-resources\/fit_im_job\/2018-07-04\/studie-ueber-arbeitsstunden-im-alter-ueber-40-jaehrige-sind-am-effektivsten-wenn-sie-25-stunden-arbeiten\/#primaryimage","url":"https:\/\/www.organisator.ch\/wp-content\/uploads\/2018\/07\/Studie-ueber-Arbeitsstunden-im-Alter-org-organisator.jpg","contentUrl":"https:\/\/www.organisator.ch\/wp-content\/uploads\/2018\/07\/Studie-ueber-Arbeitsstunden-im-Alter-org-organisator.jpg","width":1000,"height":668,"caption":"Eine sehr hohe Wochenarbeitszeit kann negative Effekte auf die kognitiven F\u00e4higkeiten von M\u00e4nner und Frauen hervorrufen. (Bild: depositphotos)"},{"@type":"BreadcrumbList","@id":"https:\/\/www.organisator.ch\/human-resources\/fit_im_job\/2018-07-04\/studie-ueber-arbeitsstunden-im-alter-ueber-40-jaehrige-sind-am-effektivsten-wenn-sie-25-stunden-arbeiten\/#breadcrumb","itemListElement":[{"@type":"ListItem","position":1,"name":"Home","item":"https:\/\/www.organisator.ch\/"},{"@type":"ListItem","position":2,"name":"Studie \u00fcber Arbeitsstunden im Alter: \u00fcber 40-J\u00e4hrige sind am effektivsten, wenn sie 25 Stunden arbeiten"}]},{"@type":"WebSite","@id":"https:\/\/www.organisator.ch\/#website","url":"https:\/\/www.organisator.ch\/","name":"Organizer","description":"Competent. Practical. In 10 issues per year, ORGANISATOR presents the essential topics for managers of SMEs.","publisher":{"@id":"https:\/\/www.organisator.ch\/#organization"},"potentialAction":[{"@type":"SearchAction","target":{"@type":"EntryPoint","urlTemplate":"https:\/\/www.organisator.ch\/?s={search_term_string}"},"query-input":{"@type":"PropertyValueSpecification","valueRequired":true,"valueName":"search_term_string"}}],"inLanguage":"en-US"},{"@type":"Organization","@id":"https:\/\/www.organisator.ch\/#organization","name":"Organizer","url":"https:\/\/www.organisator.ch\/","logo":{"@type":"ImageObject","inLanguage":"en-US","@id":"https:\/\/www.organisator.ch\/#\/schema\/logo\/image\/","url":"https:\/\/www.organisator.ch\/wp-content\/uploads\/2022\/01\/Logo_Organisator_Website.png","contentUrl":"https:\/\/www.organisator.ch\/wp-content\/uploads\/2022\/01\/Logo_Organisator_Website.png","width":800,"height":77,"caption":"Organisator"},"image":{"@id":"https:\/\/www.organisator.ch\/#\/schema\/logo\/image\/"},"sameAs":["https:\/\/www.facebook.com\/OrganisatorFachmagazin","https:\/\/www.linkedin.com\/showcase\/organisator-das-magazin-fr-kmu","https:\/\/www.xing.com\/news\/pages\/organisator-ch-695","https:\/\/www.youtube.com\/channel\/UCGP2Sq0iWaZwT3BdIAQFYpw"]},{"@type":"Person","@id":"https:\/\/www.organisator.ch\/#\/schema\/person\/134708ca9321c57b0362cceb7948ffbd","name":"michael.merz","image":{"@type":"ImageObject","inLanguage":"en-US","@id":"https:\/\/secure.gravatar.com\/avatar\/?s=96&d=mm&r=g","url":"https:\/\/secure.gravatar.com\/avatar\/?s=96&d=mm&r=g","contentUrl":"https:\/\/secure.gravatar.com\/avatar\/?s=96&d=mm&r=g","caption":"michael.merz"},"url":"https:\/\/www.organisator.ch\/en\/author\/michael-merz\/"}]}},"_links":{"self":[{"href":"https:\/\/www.organisator.ch\/en\/wp-json\/wp\/v2\/posts\/3903","targetHints":{"allow":["GET"]}}],"collection":[{"href":"https:\/\/www.organisator.ch\/en\/wp-json\/wp\/v2\/posts"}],"about":[{"href":"https:\/\/www.organisator.ch\/en\/wp-json\/wp\/v2\/types\/post"}],"author":[{"embeddable":true,"href":"https:\/\/www.organisator.ch\/en\/wp-json\/wp\/v2\/users\/5"}],"replies":[{"embeddable":true,"href":"https:\/\/www.organisator.ch\/en\/wp-json\/wp\/v2\/comments?post=3903"}],"version-history":[{"count":0,"href":"https:\/\/www.organisator.ch\/en\/wp-json\/wp\/v2\/posts\/3903\/revisions"}],"wp:featuredmedia":[{"embeddable":true,"href":"https:\/\/www.organisator.ch\/en\/wp-json\/wp\/v2\/media\/3904"}],"wp:attachment":[{"href":"https:\/\/www.organisator.ch\/en\/wp-json\/wp\/v2\/media?parent=3903"}],"wp:term":[{"taxonomy":"category","embeddable":true,"href":"https:\/\/www.organisator.ch\/en\/wp-json\/wp\/v2\/categories?post=3903"},{"taxonomy":"post_tag","embeddable":true,"href":"https:\/\/www.organisator.ch\/en\/wp-json\/wp\/v2\/tags?post=3903"}],"curies":[{"name":"wp","href":"https:\/\/api.w.org\/{rel}","templated":true}]}}