{"id":39049,"date":"2025-06-18T08:47:22","date_gmt":"2025-06-18T06:47:22","guid":{"rendered":"https:\/\/www.markt-kom.com\/?p=236184"},"modified":"2025-06-18T08:39:31","modified_gmt":"2025-06-18T06:39:31","slug":"gdi-stellt-analysemodell-fuer-dynamische-trendentwicklungen-vor","status":"publish","type":"post","link":"https:\/\/www.organisator.ch\/en\/management\/2025-06-18\/gdi-stellt-analysemodell-fuer-dynamische-trendentwicklungen-vor\/","title":{"rendered":"GDI presents analysis model for dynamic trend developments"},"content":{"rendered":"<figure id=\"attachment_236186\" class=\"wp-caption aligncenter\" style=\"width: 1000px;\" aria-describedby=\"caption-attachment-236186\"><a href=\"https:\/\/www.markt-kom.com\/wp-content\/uploads\/2025\/06\/gdi-major-shifts.jpg\"><img class=\"size-full wp-image-236186\" src=\"https:\/\/www.markt-kom.com\/wp-content\/uploads\/2025\/06\/gdi-major-shifts.jpg\" sizes=\"(max-width: 1000px) 100vw, 1000px\" srcset=\"https:\/\/www.markt-kom.com\/wp-content\/uploads\/2025\/06\/gdi-major-shifts.jpg 1000w, https:\/\/www.markt-kom.com\/wp-content\/uploads\/2025\/06\/gdi-major-shifts-600x226.jpg 600w, https:\/\/www.markt-kom.com\/wp-content\/uploads\/2025\/06\/gdi-major-shifts-768x290.jpg 768w, https:\/\/www.markt-kom.com\/wp-content\/uploads\/2025\/06\/gdi-major-shifts-18x7.jpg 18w, https:\/\/www.markt-kom.com\/wp-content\/uploads\/2025\/06\/gdi-major-shifts-375x141.jpg 375w, https:\/\/www.markt-kom.com\/wp-content\/uploads\/2025\/06\/gdi-major-shifts-760x287.jpg 760w\" alt=\"\" width=\"1000\" height=\"377\" \/><\/a>\r\n<figcaption id=\"caption-attachment-236186\" class=\"wp-caption-text\">(Graphic: GDI)<\/figcaption>\r\n<\/figure>\r\n<p>The Gottlieb Duttweiler Institute GDI has developed the \"GDI Major Shifts\" model based on its many years of trend research. This identifies 20 key developments in five categories - society, technology, economy, environment and geopolitics - and classifies them within their respective life cycles. The aim is not to view macroeconomic trends in isolation, but to understand them as dynamic developments that reflect transition phases and strategic uncertainties more precisely.<\/p>\r\n<p>The model is based on the established STEEP framework and is continuously supplemented with new findings. In practical application, it helps companies to classify future developments and derive specific options for action.<\/p>\r\n<p>As part of the GDI Strategic Foresight service, the institute helps organizations to translate findings from trend analysis into concrete strategic measures. \"With the GDI Major Shifts, we offer our clients a data-based analysis of the environment. It serves as a solid basis for sound strategic decision-making,\" says Susan Shaw, Head of Strategic Foresight and member of the Executive Board at the Gottlieb Duttweiler Institute.<\/p>\r\n<p>A short version of the model is publicly available and can be <a href=\"https:\/\/gdi.ch\/publikationen\/studien\/gdi-major-shifts-de-kurzversion#attr=\" rel=\"noopener\">can be downloaded free of charge<\/a>.<\/p>","protected":false},"excerpt":{"rendered":"<p>With the \"GDI Major Shifts\" model, the Gottlieb Duttweiler Institute presents a new tool for analyzing social, technological, economic, ecological and geopolitical developments. It is designed to support companies in their strategic orientation in complex environments.<\/p>","protected":false},"author":8,"featured_media":0,"comment_status":"closed","ping_status":"closed","sticky":false,"template":"","format":"standard","meta":{"_acf_changed":false,"_yoast_wpseo_focuskw":"Analysemodell","_yoast_wpseo_metadesc":"Das GDI pr\u00e4sentiert ein neues Analysemodell f\u00fcr gesellschaftliche, technologische, wirtschaftliche, \u00f6kologische und geopolitische Trends.","articlekey":"","footnotes":""},"categories":[28],"tags":[5406,4343,4935,5407],"class_list":["post-39049","post","type-post","status-publish","format-standard","hentry","category-management","tag-gdi","tag-markom","tag-strategien","tag-trendforschung"],"acf":[],"yoast_head":"<!-- This site is optimized with the Yoast SEO plugin v27.5 - https:\/\/yoast.com\/product\/yoast-seo-wordpress\/ -->\n<title>GDI stellt Analysemodell f\u00fcr dynamische Trendentwicklungen vor - Organisator<\/title>\n<meta name=\"description\" content=\"Das GDI pr\u00e4sentiert ein neues Analysemodell f\u00fcr gesellschaftliche, technologische, wirtschaftliche, \u00f6kologische und geopolitische Trends.\" \/>\n<meta name=\"robots\" content=\"index, follow, max-snippet:-1, max-image-preview:large, max-video-preview:-1\" \/>\n<link rel=\"canonical\" href=\"https:\/\/www.organisator.ch\/en\/management\/2025-06-18\/gdi-stellt-analysemodell-fuer-dynamische-trendentwicklungen-vor\/\" \/>\n<meta property=\"og:locale\" content=\"en_US\" \/>\n<meta property=\"og:type\" content=\"article\" \/>\n<meta property=\"og:title\" content=\"GDI stellt Analysemodell f\u00fcr dynamische Trendentwicklungen vor - Organisator\" \/>\n<meta property=\"og:description\" content=\"Das GDI pr\u00e4sentiert ein neues Analysemodell f\u00fcr gesellschaftliche, technologische, wirtschaftliche, \u00f6kologische und geopolitische Trends.\" \/>\n<meta property=\"og:url\" content=\"https:\/\/www.organisator.ch\/en\/management\/2025-06-18\/gdi-stellt-analysemodell-fuer-dynamische-trendentwicklungen-vor\/\" \/>\n<meta property=\"og:site_name\" content=\"Organisator\" \/>\n<meta property=\"article:publisher\" content=\"https:\/\/www.facebook.com\/OrganisatorFachmagazin\" \/>\n<meta property=\"article:published_time\" content=\"2025-06-18T06:47:22+00:00\" \/>\n<meta name=\"author\" content=\"galledia\" \/>\n<meta name=\"twitter:card\" content=\"summary_large_image\" \/>\n<meta name=\"twitter:creator\" content=\"@admin\" \/>\n<script type=\"application\/ld+json\" class=\"yoast-schema-graph\">{\"@context\":\"https:\\\/\\\/schema.org\",\"@graph\":[{\"@type\":\"Article\",\"@id\":\"https:\\\/\\\/www.organisator.ch\\\/management\\\/2025-06-18\\\/gdi-stellt-analysemodell-fuer-dynamische-trendentwicklungen-vor\\\/#article\",\"isPartOf\":{\"@id\":\"https:\\\/\\\/www.organisator.ch\\\/management\\\/2025-06-18\\\/gdi-stellt-analysemodell-fuer-dynamische-trendentwicklungen-vor\\\/\"},\"author\":{\"name\":\"galledia\",\"@id\":\"https:\\\/\\\/www.organisator.ch\\\/#\\\/schema\\\/person\\\/4e51799071cd2dd1232ac003643ef5f0\"},\"headline\":\"GDI stellt Analysemodell f\u00fcr dynamische Trendentwicklungen vor\",\"datePublished\":\"2025-06-18T06:47:22+00:00\",\"mainEntityOfPage\":{\"@id\":\"https:\\\/\\\/www.organisator.ch\\\/management\\\/2025-06-18\\\/gdi-stellt-analysemodell-fuer-dynamische-trendentwicklungen-vor\\\/\"},\"wordCount\":181,\"publisher\":{\"@id\":\"https:\\\/\\\/www.organisator.ch\\\/#organization\"},\"image\":{\"@id\":\"https:\\\/\\\/www.organisator.ch\\\/management\\\/2025-06-18\\\/gdi-stellt-analysemodell-fuer-dynamische-trendentwicklungen-vor\\\/#primaryimage\"},\"thumbnailUrl\":\"https:\\\/\\\/www.markt-kom.com\\\/wp-content\\\/uploads\\\/2025\\\/06\\\/gdi-major-shifts.jpg\",\"keywords\":[\"GDI\",\"MarKom\",\"Strategien\",\"Trendforschung\"],\"articleSection\":[\"MANAGEMENT\"],\"inLanguage\":\"en-US\"},{\"@type\":\"WebPage\",\"@id\":\"https:\\\/\\\/www.organisator.ch\\\/management\\\/2025-06-18\\\/gdi-stellt-analysemodell-fuer-dynamische-trendentwicklungen-vor\\\/\",\"url\":\"https:\\\/\\\/www.organisator.ch\\\/management\\\/2025-06-18\\\/gdi-stellt-analysemodell-fuer-dynamische-trendentwicklungen-vor\\\/\",\"name\":\"GDI stellt Analysemodell f\u00fcr dynamische Trendentwicklungen vor - Organisator\",\"isPartOf\":{\"@id\":\"https:\\\/\\\/www.organisator.ch\\\/#website\"},\"primaryImageOfPage\":{\"@id\":\"https:\\\/\\\/www.organisator.ch\\\/management\\\/2025-06-18\\\/gdi-stellt-analysemodell-fuer-dynamische-trendentwicklungen-vor\\\/#primaryimage\"},\"image\":{\"@id\":\"https:\\\/\\\/www.organisator.ch\\\/management\\\/2025-06-18\\\/gdi-stellt-analysemodell-fuer-dynamische-trendentwicklungen-vor\\\/#primaryimage\"},\"thumbnailUrl\":\"https:\\\/\\\/www.markt-kom.com\\\/wp-content\\\/uploads\\\/2025\\\/06\\\/gdi-major-shifts.jpg\",\"datePublished\":\"2025-06-18T06:47:22+00:00\",\"description\":\"Das GDI pr\u00e4sentiert ein neues Analysemodell f\u00fcr gesellschaftliche, technologische, wirtschaftliche, \u00f6kologische und geopolitische Trends.\",\"breadcrumb\":{\"@id\":\"https:\\\/\\\/www.organisator.ch\\\/management\\\/2025-06-18\\\/gdi-stellt-analysemodell-fuer-dynamische-trendentwicklungen-vor\\\/#breadcrumb\"},\"inLanguage\":\"en-US\",\"potentialAction\":[{\"@type\":\"ReadAction\",\"target\":[\"https:\\\/\\\/www.organisator.ch\\\/management\\\/2025-06-18\\\/gdi-stellt-analysemodell-fuer-dynamische-trendentwicklungen-vor\\\/\"]}]},{\"@type\":\"ImageObject\",\"inLanguage\":\"en-US\",\"@id\":\"https:\\\/\\\/www.organisator.ch\\\/management\\\/2025-06-18\\\/gdi-stellt-analysemodell-fuer-dynamische-trendentwicklungen-vor\\\/#primaryimage\",\"url\":\"https:\\\/\\\/www.markt-kom.com\\\/wp-content\\\/uploads\\\/2025\\\/06\\\/gdi-major-shifts.jpg\",\"contentUrl\":\"https:\\\/\\\/www.markt-kom.com\\\/wp-content\\\/uploads\\\/2025\\\/06\\\/gdi-major-shifts.jpg\"},{\"@type\":\"BreadcrumbList\",\"@id\":\"https:\\\/\\\/www.organisator.ch\\\/management\\\/2025-06-18\\\/gdi-stellt-analysemodell-fuer-dynamische-trendentwicklungen-vor\\\/#breadcrumb\",\"itemListElement\":[{\"@type\":\"ListItem\",\"position\":1,\"name\":\"Home\",\"item\":\"https:\\\/\\\/www.organisator.ch\\\/\"},{\"@type\":\"ListItem\",\"position\":2,\"name\":\"GDI stellt Analysemodell f\u00fcr dynamische Trendentwicklungen vor\"}]},{\"@type\":\"WebSite\",\"@id\":\"https:\\\/\\\/www.organisator.ch\\\/#website\",\"url\":\"https:\\\/\\\/www.organisator.ch\\\/\",\"name\":\"Organisator\",\"description\":\"Kompetent. Praxisnah. Der ORGANISATOR bereitet in 10 Ausgaben pro Jahr die wesentlichen Themen f\u00fcr F\u00fchrungskr\u00e4fte von KMU auf.\",\"publisher\":{\"@id\":\"https:\\\/\\\/www.organisator.ch\\\/#organization\"},\"potentialAction\":[{\"@type\":\"SearchAction\",\"target\":{\"@type\":\"EntryPoint\",\"urlTemplate\":\"https:\\\/\\\/www.organisator.ch\\\/?s={search_term_string}\"},\"query-input\":{\"@type\":\"PropertyValueSpecification\",\"valueRequired\":true,\"valueName\":\"search_term_string\"}}],\"inLanguage\":\"en-US\"},{\"@type\":\"Organization\",\"@id\":\"https:\\\/\\\/www.organisator.ch\\\/#organization\",\"name\":\"Organisator\",\"url\":\"https:\\\/\\\/www.organisator.ch\\\/\",\"logo\":{\"@type\":\"ImageObject\",\"inLanguage\":\"en-US\",\"@id\":\"https:\\\/\\\/www.organisator.ch\\\/#\\\/schema\\\/logo\\\/image\\\/\",\"url\":\"https:\\\/\\\/www.organisator.ch\\\/wp-content\\\/uploads\\\/2022\\\/01\\\/Logo_Organisator_Website.png\",\"contentUrl\":\"https:\\\/\\\/www.organisator.ch\\\/wp-content\\\/uploads\\\/2022\\\/01\\\/Logo_Organisator_Website.png\",\"width\":800,\"height\":77,\"caption\":\"Organisator\"},\"image\":{\"@id\":\"https:\\\/\\\/www.organisator.ch\\\/#\\\/schema\\\/logo\\\/image\\\/\"},\"sameAs\":[\"https:\\\/\\\/www.facebook.com\\\/OrganisatorFachmagazin\",\"https:\\\/\\\/www.linkedin.com\\\/showcase\\\/organisator-das-magazin-fr-kmu\",\"https:\\\/\\\/www.xing.com\\\/news\\\/pages\\\/organisator-ch-695\",\"https:\\\/\\\/www.youtube.com\\\/channel\\\/UCGP2Sq0iWaZwT3BdIAQFYpw\"]},{\"@type\":\"Person\",\"@id\":\"https:\\\/\\\/www.organisator.ch\\\/#\\\/schema\\\/person\\\/4e51799071cd2dd1232ac003643ef5f0\",\"name\":\"galledia\",\"image\":{\"@type\":\"ImageObject\",\"inLanguage\":\"en-US\",\"@id\":\"https:\\\/\\\/secure.gravatar.com\\\/avatar\\\/78a7f90c01fc2bfc875782a0d4922b37cde2cf184ce347b91316d23cd7f69a36?s=96&d=mm&r=g\",\"url\":\"https:\\\/\\\/secure.gravatar.com\\\/avatar\\\/78a7f90c01fc2bfc875782a0d4922b37cde2cf184ce347b91316d23cd7f69a36?s=96&d=mm&r=g\",\"contentUrl\":\"https:\\\/\\\/secure.gravatar.com\\\/avatar\\\/78a7f90c01fc2bfc875782a0d4922b37cde2cf184ce347b91316d23cd7f69a36?s=96&d=mm&r=g\",\"caption\":\"galledia\"},\"sameAs\":[\"https:\\\/\\\/x.com\\\/admin\"],\"url\":\"https:\\\/\\\/www.organisator.ch\\\/en\\\/author\\\/galledia\\\/\"}]}<\/script>\n<!-- \/ Yoast SEO plugin. -->","yoast_head_json":{"title":"GDI presents analysis model for dynamic trend developments - Organizer","description":"The GDI presents a new analysis model for social, technological, economic, ecological and geopolitical trends.","robots":{"index":"index","follow":"follow","max-snippet":"max-snippet:-1","max-image-preview":"max-image-preview:large","max-video-preview":"max-video-preview:-1"},"canonical":"https:\/\/www.organisator.ch\/en\/management\/2025-06-18\/gdi-stellt-analysemodell-fuer-dynamische-trendentwicklungen-vor\/","og_locale":"en_US","og_type":"article","og_title":"GDI stellt Analysemodell f\u00fcr dynamische Trendentwicklungen vor - Organisator","og_description":"Das GDI pr\u00e4sentiert ein neues Analysemodell f\u00fcr gesellschaftliche, technologische, wirtschaftliche, \u00f6kologische und geopolitische Trends.","og_url":"https:\/\/www.organisator.ch\/en\/management\/2025-06-18\/gdi-stellt-analysemodell-fuer-dynamische-trendentwicklungen-vor\/","og_site_name":"Organisator","article_publisher":"https:\/\/www.facebook.com\/OrganisatorFachmagazin","article_published_time":"2025-06-18T06:47:22+00:00","author":"galledia","twitter_card":"summary_large_image","twitter_creator":"@admin","schema":{"@context":"https:\/\/schema.org","@graph":[{"@type":"Article","@id":"https:\/\/www.organisator.ch\/management\/2025-06-18\/gdi-stellt-analysemodell-fuer-dynamische-trendentwicklungen-vor\/#article","isPartOf":{"@id":"https:\/\/www.organisator.ch\/management\/2025-06-18\/gdi-stellt-analysemodell-fuer-dynamische-trendentwicklungen-vor\/"},"author":{"name":"galledia","@id":"https:\/\/www.organisator.ch\/#\/schema\/person\/4e51799071cd2dd1232ac003643ef5f0"},"headline":"GDI stellt Analysemodell f\u00fcr dynamische Trendentwicklungen vor","datePublished":"2025-06-18T06:47:22+00:00","mainEntityOfPage":{"@id":"https:\/\/www.organisator.ch\/management\/2025-06-18\/gdi-stellt-analysemodell-fuer-dynamische-trendentwicklungen-vor\/"},"wordCount":181,"publisher":{"@id":"https:\/\/www.organisator.ch\/#organization"},"image":{"@id":"https:\/\/www.organisator.ch\/management\/2025-06-18\/gdi-stellt-analysemodell-fuer-dynamische-trendentwicklungen-vor\/#primaryimage"},"thumbnailUrl":"https:\/\/www.markt-kom.com\/wp-content\/uploads\/2025\/06\/gdi-major-shifts.jpg","keywords":["GDI","MarKom","Strategien","Trendforschung"],"articleSection":["MANAGEMENT"],"inLanguage":"en-US"},{"@type":"WebPage","@id":"https:\/\/www.organisator.ch\/management\/2025-06-18\/gdi-stellt-analysemodell-fuer-dynamische-trendentwicklungen-vor\/","url":"https:\/\/www.organisator.ch\/management\/2025-06-18\/gdi-stellt-analysemodell-fuer-dynamische-trendentwicklungen-vor\/","name":"GDI presents analysis model for dynamic trend developments - Organizer","isPartOf":{"@id":"https:\/\/www.organisator.ch\/#website"},"primaryImageOfPage":{"@id":"https:\/\/www.organisator.ch\/management\/2025-06-18\/gdi-stellt-analysemodell-fuer-dynamische-trendentwicklungen-vor\/#primaryimage"},"image":{"@id":"https:\/\/www.organisator.ch\/management\/2025-06-18\/gdi-stellt-analysemodell-fuer-dynamische-trendentwicklungen-vor\/#primaryimage"},"thumbnailUrl":"https:\/\/www.markt-kom.com\/wp-content\/uploads\/2025\/06\/gdi-major-shifts.jpg","datePublished":"2025-06-18T06:47:22+00:00","description":"The GDI presents a new analysis model for social, technological, economic, ecological and geopolitical trends.","breadcrumb":{"@id":"https:\/\/www.organisator.ch\/management\/2025-06-18\/gdi-stellt-analysemodell-fuer-dynamische-trendentwicklungen-vor\/#breadcrumb"},"inLanguage":"en-US","potentialAction":[{"@type":"ReadAction","target":["https:\/\/www.organisator.ch\/management\/2025-06-18\/gdi-stellt-analysemodell-fuer-dynamische-trendentwicklungen-vor\/"]}]},{"@type":"ImageObject","inLanguage":"en-US","@id":"https:\/\/www.organisator.ch\/management\/2025-06-18\/gdi-stellt-analysemodell-fuer-dynamische-trendentwicklungen-vor\/#primaryimage","url":"https:\/\/www.markt-kom.com\/wp-content\/uploads\/2025\/06\/gdi-major-shifts.jpg","contentUrl":"https:\/\/www.markt-kom.com\/wp-content\/uploads\/2025\/06\/gdi-major-shifts.jpg"},{"@type":"BreadcrumbList","@id":"https:\/\/www.organisator.ch\/management\/2025-06-18\/gdi-stellt-analysemodell-fuer-dynamische-trendentwicklungen-vor\/#breadcrumb","itemListElement":[{"@type":"ListItem","position":1,"name":"Home","item":"https:\/\/www.organisator.ch\/"},{"@type":"ListItem","position":2,"name":"GDI stellt Analysemodell f\u00fcr dynamische Trendentwicklungen vor"}]},{"@type":"WebSite","@id":"https:\/\/www.organisator.ch\/#website","url":"https:\/\/www.organisator.ch\/","name":"Organizer","description":"Competent. Practical. In 10 issues per year, ORGANISATOR presents the essential topics for managers of SMEs.","publisher":{"@id":"https:\/\/www.organisator.ch\/#organization"},"potentialAction":[{"@type":"SearchAction","target":{"@type":"EntryPoint","urlTemplate":"https:\/\/www.organisator.ch\/?s={search_term_string}"},"query-input":{"@type":"PropertyValueSpecification","valueRequired":true,"valueName":"search_term_string"}}],"inLanguage":"en-US"},{"@type":"Organization","@id":"https:\/\/www.organisator.ch\/#organization","name":"Organizer","url":"https:\/\/www.organisator.ch\/","logo":{"@type":"ImageObject","inLanguage":"en-US","@id":"https:\/\/www.organisator.ch\/#\/schema\/logo\/image\/","url":"https:\/\/www.organisator.ch\/wp-content\/uploads\/2022\/01\/Logo_Organisator_Website.png","contentUrl":"https:\/\/www.organisator.ch\/wp-content\/uploads\/2022\/01\/Logo_Organisator_Website.png","width":800,"height":77,"caption":"Organisator"},"image":{"@id":"https:\/\/www.organisator.ch\/#\/schema\/logo\/image\/"},"sameAs":["https:\/\/www.facebook.com\/OrganisatorFachmagazin","https:\/\/www.linkedin.com\/showcase\/organisator-das-magazin-fr-kmu","https:\/\/www.xing.com\/news\/pages\/organisator-ch-695","https:\/\/www.youtube.com\/channel\/UCGP2Sq0iWaZwT3BdIAQFYpw"]},{"@type":"Person","@id":"https:\/\/www.organisator.ch\/#\/schema\/person\/4e51799071cd2dd1232ac003643ef5f0","name":"galledia","image":{"@type":"ImageObject","inLanguage":"en-US","@id":"https:\/\/secure.gravatar.com\/avatar\/78a7f90c01fc2bfc875782a0d4922b37cde2cf184ce347b91316d23cd7f69a36?s=96&d=mm&r=g","url":"https:\/\/secure.gravatar.com\/avatar\/78a7f90c01fc2bfc875782a0d4922b37cde2cf184ce347b91316d23cd7f69a36?s=96&d=mm&r=g","contentUrl":"https:\/\/secure.gravatar.com\/avatar\/78a7f90c01fc2bfc875782a0d4922b37cde2cf184ce347b91316d23cd7f69a36?s=96&d=mm&r=g","caption":"galledia"},"sameAs":["https:\/\/x.com\/admin"],"url":"https:\/\/www.organisator.ch\/en\/author\/galledia\/"}]}},"_links":{"self":[{"href":"https:\/\/www.organisator.ch\/en\/wp-json\/wp\/v2\/posts\/39049","targetHints":{"allow":["GET"]}}],"collection":[{"href":"https:\/\/www.organisator.ch\/en\/wp-json\/wp\/v2\/posts"}],"about":[{"href":"https:\/\/www.organisator.ch\/en\/wp-json\/wp\/v2\/types\/post"}],"author":[{"embeddable":true,"href":"https:\/\/www.organisator.ch\/en\/wp-json\/wp\/v2\/users\/8"}],"replies":[{"embeddable":true,"href":"https:\/\/www.organisator.ch\/en\/wp-json\/wp\/v2\/comments?post=39049"}],"version-history":[{"count":4,"href":"https:\/\/www.organisator.ch\/en\/wp-json\/wp\/v2\/posts\/39049\/revisions"}],"predecessor-version":[{"id":39099,"href":"https:\/\/www.organisator.ch\/en\/wp-json\/wp\/v2\/posts\/39049\/revisions\/39099"}],"wp:attachment":[{"href":"https:\/\/www.organisator.ch\/en\/wp-json\/wp\/v2\/media?parent=39049"}],"wp:term":[{"taxonomy":"category","embeddable":true,"href":"https:\/\/www.organisator.ch\/en\/wp-json\/wp\/v2\/categories?post=39049"},{"taxonomy":"post_tag","embeddable":true,"href":"https:\/\/www.organisator.ch\/en\/wp-json\/wp\/v2\/tags?post=39049"}],"curies":[{"name":"wp","href":"https:\/\/api.w.org\/{rel}","templated":true}]}}