{"id":3911,"date":"2018-07-06T09:54:58","date_gmt":"2018-07-06T07:54:58","guid":{"rendered":"https:\/\/www.organisator.ch\/?p=3911"},"modified":"2018-07-06T09:54:58","modified_gmt":"2018-07-06T07:54:58","slug":"mobiliar-uebernimmt-software-hersteller-bexio","status":"publish","type":"post","link":"https:\/\/www.organisator.ch\/en\/management\/it\/2018-07-06\/mobiliar-uebernimmt-software-hersteller-bexio\/","title":{"rendered":"Mobiliar acquires software manufacturer Bexio"},"content":{"rendered":"<p class=\"p1\"><span class=\"s1\"><img loading=\"lazy\" decoding=\"async\" class=\"alignnone size-medium wp-image-3912\" src=\"https:\/\/www.organisator.ch\/wp-content\/uploads\/2018\/07\/Mobiliar-uebernimmt-Software-Hersteller-Bexio_Organisator.jpg\" alt=\"\" width=\"680\" height=\"176\" srcset=\"https:\/\/www.organisator.ch\/wp-content\/uploads\/2018\/07\/Mobiliar-uebernimmt-Software-Hersteller-Bexio_Organisator.jpg 1173w, https:\/\/www.organisator.ch\/wp-content\/uploads\/2018\/07\/Mobiliar-uebernimmt-Software-Hersteller-Bexio_Organisator-680x176.jpg 680w, https:\/\/www.organisator.ch\/wp-content\/uploads\/2018\/07\/Mobiliar-uebernimmt-Software-Hersteller-Bexio_Organisator-1024x265.jpg 1024w, https:\/\/www.organisator.ch\/wp-content\/uploads\/2018\/07\/Mobiliar-uebernimmt-Software-Hersteller-Bexio_Organisator-768x199.jpg 768w, https:\/\/www.organisator.ch\/wp-content\/uploads\/2018\/07\/Mobiliar-uebernimmt-Software-Hersteller-Bexio_Organisator-16x4.jpg 16w, https:\/\/www.organisator.ch\/wp-content\/uploads\/2018\/07\/Mobiliar-uebernimmt-Software-Hersteller-Bexio_Organisator-375x97.jpg 375w, https:\/\/www.organisator.ch\/wp-content\/uploads\/2018\/07\/Mobiliar-uebernimmt-Software-Hersteller-Bexio_Organisator-760x197.jpg 760w, https:\/\/www.organisator.ch\/wp-content\/uploads\/2018\/07\/Mobiliar-uebernimmt-Software-Hersteller-Bexio_Organisator-920x238.jpg 920w, https:\/\/www.organisator.ch\/wp-content\/uploads\/2018\/07\/Mobiliar-uebernimmt-Software-Hersteller-Bexio_Organisator-300x78.jpg 300w\" sizes=\"auto, (max-width: 680px) 100vw, 680px\" \/><\/span><\/p>\n<p class=\"p1\"><span class=\"s1\">The company bexio was founded four years ago and developed a simple, cloud-based business software for small businesses in Switzerland. Thanks to rapid growth, it is now one of the leading providers with over 15,000 customers. Now the company has been acquired by Mobiliar, which claims to be the largest SME insurance company in Switzerland. With this acquisition, Mobiliar wants to strengthen its position in the SME market. <\/span>\"also expand digitally,\" as it communicates. <span class=\"s1\">\u201e<\/span><span class=\"s1\">Together with a strong partner and solid parent company, we will be able to further develop our platform even faster and more sustainably,\" bexio itself writes on its own\u00a0<a href=\"https:\/\/www.bexio.com\/de-CH\/blog\/view\/bexio-mobiliar\">Company Blog<\/a>. It is emphasized that the company will not be integrated into Mobiliar, but will remain independent. Current contracts will remain in force, as will the management and founders as well as the entire team as contact persons. The existing cooperation between bexio and Swiss Life is also not affected by the new ownership. To the new owners<span class=\"s1\">\u00a0it is important that the company retains its start-up character and can concentrate fully on its own growth, according to the statement. \"Mobiliar gives us additional impetus to develop further as an SME platform and to quickly realize the needs of our customers,\" bexio continues to write.<\/span><\/span><\/p>","protected":false},"excerpt":{"rendered":"<p>Das Unternehmen\u00a0bexio wurde vor vier Jahren gegr\u00fcndet und\u00a0entwickelte eine einfache, cloud-basierte Business-Software f\u00fcr\u00a0Kleinunternehmen in der Schweiz. Dank rasantem Wachstum z\u00e4hlt\u00a0es heute zu den f\u00fchrenden\u00a0Anbietern mit \u00fcber 15\u2019000 Kunden. Nun wurde das Unternehmen von der Mobiliar \u00fcbernommen, der nach eigenen Angaben gr\u00f6ssten KMU-Versicherung der Schweiz. Diese wolle damit ihre Position im KMU-Markt &#8222;auch digital ausbauen&#8220;, wie [&hellip;]<\/p>\n","protected":false},"author":4,"featured_media":3912,"comment_status":"open","ping_status":"open","sticky":false,"template":"","format":"standard","meta":{"_acf_changed":false,"_yoast_wpseo_focuskw":"bexio","_yoast_wpseo_metadesc":"Die Mobiliar erwirbt das Business-Software-Unternehmen bexio. Mit dieser Akquisition will sie k\u00fcnftig ihre Position im KMU-Markt auch digital ausbauen.","articlekey":"","footnotes":""},"categories":[27],"tags":[288,393,492],"class_list":["post-3911","post","type-post","status-publish","format-standard","has-post-thumbnail","hentry","category-it","tag-it-business-software","tag-produkte","tag-unternehmen"],"acf":[],"yoast_head":"<!-- This site is optimized with the Yoast SEO plugin v27.5 - https:\/\/yoast.com\/product\/yoast-seo-wordpress\/ -->\n<title>Mobiliar \u00fcbernimmt Software-Hersteller Bexio - Organisator<\/title>\n<meta name=\"description\" content=\"Die Mobiliar erwirbt das Business-Software-Unternehmen bexio. Mit dieser Akquisition will sie k\u00fcnftig ihre Position im KMU-Markt auch digital ausbauen.\" \/>\n<meta name=\"robots\" content=\"index, follow, max-snippet:-1, max-image-preview:large, max-video-preview:-1\" \/>\n<link rel=\"canonical\" href=\"https:\/\/www.organisator.ch\/en\/management\/it\/2018-07-06\/mobiliar-uebernimmt-software-hersteller-bexio\/\" \/>\n<meta property=\"og:locale\" content=\"en_US\" \/>\n<meta property=\"og:type\" content=\"article\" \/>\n<meta property=\"og:title\" content=\"Mobiliar \u00fcbernimmt Software-Hersteller Bexio\" \/>\n<meta property=\"og:description\" content=\"Die Mobiliar erwirbt das Business-Software-Unternehmen bexio. Mit dieser Akquisition will sie k\u00fcnftig ihre Position im KMU-Markt auch digital ausbauen.\" \/>\n<meta property=\"og:url\" content=\"https:\/\/www.organisator.ch\/en\/management\/it\/2018-07-06\/mobiliar-uebernimmt-software-hersteller-bexio\/\" \/>\n<meta property=\"og:site_name\" content=\"Organisator\" \/>\n<meta property=\"article:publisher\" content=\"https:\/\/www.facebook.com\/OrganisatorFachmagazin\" \/>\n<meta property=\"article:published_time\" content=\"2018-07-06T07:54:58+00:00\" \/>\n<meta property=\"og:image\" content=\"https:\/\/www.organisator.ch\/wp-content\/uploads\/2018\/07\/Mobiliar-uebernimmt-Software-Hersteller-Bexio_Organisator.jpg\" \/>\n\t<meta property=\"og:image:width\" content=\"1173\" \/>\n\t<meta property=\"og:image:height\" content=\"304\" \/>\n\t<meta property=\"og:image:type\" content=\"image\/jpeg\" \/>\n<meta name=\"author\" content=\"thomas.berner\" \/>\n<meta name=\"twitter:card\" content=\"summary_large_image\" \/>\n<meta name=\"twitter:title\" content=\"#Mobiliar \u00fcbernimmt Software-Hersteller #Bexio\" \/>\n<meta name=\"twitter:description\" content=\"Die #Mobiliar erwirbt das Business-Software-Unternehmen #bexio. Mit dieser Akquisition will sie k\u00fcnftig ihre Position im KMU-Markt auch digital ausbauen.\" \/>\n<meta name=\"twitter:image\" content=\"https:\/\/www.organisator.ch\/wp-content\/uploads\/2018\/07\/Mobiliar-\u00fcbernimmt-Software-Hersteller-Bexio_Organisator.jpg\" \/>\n<script type=\"application\/ld+json\" class=\"yoast-schema-graph\">{\"@context\":\"https:\\\/\\\/schema.org\",\"@graph\":[{\"@type\":\"Article\",\"@id\":\"https:\\\/\\\/www.organisator.ch\\\/management\\\/it\\\/2018-07-06\\\/mobiliar-uebernimmt-software-hersteller-bexio\\\/#article\",\"isPartOf\":{\"@id\":\"https:\\\/\\\/www.organisator.ch\\\/management\\\/it\\\/2018-07-06\\\/mobiliar-uebernimmt-software-hersteller-bexio\\\/\"},\"author\":{\"name\":\"thomas.berner\",\"@id\":\"https:\\\/\\\/www.organisator.ch\\\/#\\\/schema\\\/person\\\/6f650f90b2842cd4c0cc334b4e36f67e\"},\"headline\":\"Mobiliar \u00fcbernimmt Software-Hersteller Bexio\",\"datePublished\":\"2018-07-06T07:54:58+00:00\",\"mainEntityOfPage\":{\"@id\":\"https:\\\/\\\/www.organisator.ch\\\/management\\\/it\\\/2018-07-06\\\/mobiliar-uebernimmt-software-hersteller-bexio\\\/\"},\"wordCount\":199,\"commentCount\":0,\"publisher\":{\"@id\":\"https:\\\/\\\/www.organisator.ch\\\/#organization\"},\"image\":{\"@id\":\"https:\\\/\\\/www.organisator.ch\\\/management\\\/it\\\/2018-07-06\\\/mobiliar-uebernimmt-software-hersteller-bexio\\\/#primaryimage\"},\"thumbnailUrl\":\"https:\\\/\\\/www.organisator.ch\\\/wp-content\\\/uploads\\\/2018\\\/07\\\/Mobiliar-uebernimmt-Software-Hersteller-Bexio_Organisator.jpg\",\"keywords\":[\"IT &amp; Business Software\",\"Produkte\",\"Unternehmen\"],\"articleSection\":[\"IT\"],\"inLanguage\":\"en-US\"},{\"@type\":\"WebPage\",\"@id\":\"https:\\\/\\\/www.organisator.ch\\\/management\\\/it\\\/2018-07-06\\\/mobiliar-uebernimmt-software-hersteller-bexio\\\/\",\"url\":\"https:\\\/\\\/www.organisator.ch\\\/management\\\/it\\\/2018-07-06\\\/mobiliar-uebernimmt-software-hersteller-bexio\\\/\",\"name\":\"Mobiliar \u00fcbernimmt Software-Hersteller Bexio - Organisator\",\"isPartOf\":{\"@id\":\"https:\\\/\\\/www.organisator.ch\\\/#website\"},\"primaryImageOfPage\":{\"@id\":\"https:\\\/\\\/www.organisator.ch\\\/management\\\/it\\\/2018-07-06\\\/mobiliar-uebernimmt-software-hersteller-bexio\\\/#primaryimage\"},\"image\":{\"@id\":\"https:\\\/\\\/www.organisator.ch\\\/management\\\/it\\\/2018-07-06\\\/mobiliar-uebernimmt-software-hersteller-bexio\\\/#primaryimage\"},\"thumbnailUrl\":\"https:\\\/\\\/www.organisator.ch\\\/wp-content\\\/uploads\\\/2018\\\/07\\\/Mobiliar-uebernimmt-Software-Hersteller-Bexio_Organisator.jpg\",\"datePublished\":\"2018-07-06T07:54:58+00:00\",\"description\":\"Die Mobiliar erwirbt das Business-Software-Unternehmen bexio. Mit dieser Akquisition will sie k\u00fcnftig ihre Position im KMU-Markt auch digital ausbauen.\",\"breadcrumb\":{\"@id\":\"https:\\\/\\\/www.organisator.ch\\\/management\\\/it\\\/2018-07-06\\\/mobiliar-uebernimmt-software-hersteller-bexio\\\/#breadcrumb\"},\"inLanguage\":\"en-US\",\"potentialAction\":[{\"@type\":\"ReadAction\",\"target\":[\"https:\\\/\\\/www.organisator.ch\\\/management\\\/it\\\/2018-07-06\\\/mobiliar-uebernimmt-software-hersteller-bexio\\\/\"]}]},{\"@type\":\"ImageObject\",\"inLanguage\":\"en-US\",\"@id\":\"https:\\\/\\\/www.organisator.ch\\\/management\\\/it\\\/2018-07-06\\\/mobiliar-uebernimmt-software-hersteller-bexio\\\/#primaryimage\",\"url\":\"https:\\\/\\\/www.organisator.ch\\\/wp-content\\\/uploads\\\/2018\\\/07\\\/Mobiliar-uebernimmt-Software-Hersteller-Bexio_Organisator.jpg\",\"contentUrl\":\"https:\\\/\\\/www.organisator.ch\\\/wp-content\\\/uploads\\\/2018\\\/07\\\/Mobiliar-uebernimmt-Software-Hersteller-Bexio_Organisator.jpg\",\"width\":1173,\"height\":304},{\"@type\":\"BreadcrumbList\",\"@id\":\"https:\\\/\\\/www.organisator.ch\\\/management\\\/it\\\/2018-07-06\\\/mobiliar-uebernimmt-software-hersteller-bexio\\\/#breadcrumb\",\"itemListElement\":[{\"@type\":\"ListItem\",\"position\":1,\"name\":\"Home\",\"item\":\"https:\\\/\\\/www.organisator.ch\\\/\"},{\"@type\":\"ListItem\",\"position\":2,\"name\":\"Mobiliar \u00fcbernimmt Software-Hersteller Bexio\"}]},{\"@type\":\"WebSite\",\"@id\":\"https:\\\/\\\/www.organisator.ch\\\/#website\",\"url\":\"https:\\\/\\\/www.organisator.ch\\\/\",\"name\":\"Organisator\",\"description\":\"Kompetent. Praxisnah. Der ORGANISATOR bereitet in 10 Ausgaben pro Jahr die wesentlichen Themen f\u00fcr F\u00fchrungskr\u00e4fte von KMU auf.\",\"publisher\":{\"@id\":\"https:\\\/\\\/www.organisator.ch\\\/#organization\"},\"potentialAction\":[{\"@type\":\"SearchAction\",\"target\":{\"@type\":\"EntryPoint\",\"urlTemplate\":\"https:\\\/\\\/www.organisator.ch\\\/?s={search_term_string}\"},\"query-input\":{\"@type\":\"PropertyValueSpecification\",\"valueRequired\":true,\"valueName\":\"search_term_string\"}}],\"inLanguage\":\"en-US\"},{\"@type\":\"Organization\",\"@id\":\"https:\\\/\\\/www.organisator.ch\\\/#organization\",\"name\":\"Organisator\",\"url\":\"https:\\\/\\\/www.organisator.ch\\\/\",\"logo\":{\"@type\":\"ImageObject\",\"inLanguage\":\"en-US\",\"@id\":\"https:\\\/\\\/www.organisator.ch\\\/#\\\/schema\\\/logo\\\/image\\\/\",\"url\":\"https:\\\/\\\/www.organisator.ch\\\/wp-content\\\/uploads\\\/2022\\\/01\\\/Logo_Organisator_Website.png\",\"contentUrl\":\"https:\\\/\\\/www.organisator.ch\\\/wp-content\\\/uploads\\\/2022\\\/01\\\/Logo_Organisator_Website.png\",\"width\":800,\"height\":77,\"caption\":\"Organisator\"},\"image\":{\"@id\":\"https:\\\/\\\/www.organisator.ch\\\/#\\\/schema\\\/logo\\\/image\\\/\"},\"sameAs\":[\"https:\\\/\\\/www.facebook.com\\\/OrganisatorFachmagazin\",\"https:\\\/\\\/www.linkedin.com\\\/showcase\\\/organisator-das-magazin-fr-kmu\",\"https:\\\/\\\/www.xing.com\\\/news\\\/pages\\\/organisator-ch-695\",\"https:\\\/\\\/www.youtube.com\\\/channel\\\/UCGP2Sq0iWaZwT3BdIAQFYpw\"]},{\"@type\":\"Person\",\"@id\":\"https:\\\/\\\/www.organisator.ch\\\/#\\\/schema\\\/person\\\/6f650f90b2842cd4c0cc334b4e36f67e\",\"name\":\"thomas.berner\",\"image\":{\"@type\":\"ImageObject\",\"inLanguage\":\"en-US\",\"@id\":\"https:\\\/\\\/secure.gravatar.com\\\/avatar\\\/ac5001d2a36cb6c6cd3e50789007ffca834b477b74a2144564522e944eabff61?s=96&d=mm&r=g\",\"url\":\"https:\\\/\\\/secure.gravatar.com\\\/avatar\\\/ac5001d2a36cb6c6cd3e50789007ffca834b477b74a2144564522e944eabff61?s=96&d=mm&r=g\",\"contentUrl\":\"https:\\\/\\\/secure.gravatar.com\\\/avatar\\\/ac5001d2a36cb6c6cd3e50789007ffca834b477b74a2144564522e944eabff61?s=96&d=mm&r=g\",\"caption\":\"thomas.berner\"},\"url\":\"https:\\\/\\\/www.organisator.ch\\\/en\\\/author\\\/thomas-berner\\\/\"}]}<\/script>\n<!-- \/ Yoast SEO plugin. -->","yoast_head_json":{"title":"Mobiliar takes over software producer Bexio - Organizer","description":"Mobiliar acquires the business software company bexio. With this acquisition, it intends to digitally expand its position in the SME market in the future.","robots":{"index":"index","follow":"follow","max-snippet":"max-snippet:-1","max-image-preview":"max-image-preview:large","max-video-preview":"max-video-preview:-1"},"canonical":"https:\/\/www.organisator.ch\/en\/management\/it\/2018-07-06\/mobiliar-uebernimmt-software-hersteller-bexio\/","og_locale":"en_US","og_type":"article","og_title":"Mobiliar \u00fcbernimmt Software-Hersteller Bexio","og_description":"Die Mobiliar erwirbt das Business-Software-Unternehmen bexio. Mit dieser Akquisition will sie k\u00fcnftig ihre Position im KMU-Markt auch digital ausbauen.","og_url":"https:\/\/www.organisator.ch\/en\/management\/it\/2018-07-06\/mobiliar-uebernimmt-software-hersteller-bexio\/","og_site_name":"Organisator","article_publisher":"https:\/\/www.facebook.com\/OrganisatorFachmagazin","article_published_time":"2018-07-06T07:54:58+00:00","og_image":[{"width":1173,"height":304,"url":"https:\/\/www.organisator.ch\/wp-content\/uploads\/2018\/07\/Mobiliar-uebernimmt-Software-Hersteller-Bexio_Organisator.jpg","type":"image\/jpeg"}],"author":"thomas.berner","twitter_card":"summary_large_image","twitter_title":"#Mobiliar \u00fcbernimmt Software-Hersteller #Bexio","twitter_description":"Die #Mobiliar erwirbt das Business-Software-Unternehmen #bexio. Mit dieser Akquisition will sie k\u00fcnftig ihre Position im KMU-Markt auch digital ausbauen.","twitter_image":"https:\/\/www.organisator.ch\/wp-content\/uploads\/2018\/07\/Mobiliar-\u00fcbernimmt-Software-Hersteller-Bexio_Organisator.jpg","schema":{"@context":"https:\/\/schema.org","@graph":[{"@type":"Article","@id":"https:\/\/www.organisator.ch\/management\/it\/2018-07-06\/mobiliar-uebernimmt-software-hersteller-bexio\/#article","isPartOf":{"@id":"https:\/\/www.organisator.ch\/management\/it\/2018-07-06\/mobiliar-uebernimmt-software-hersteller-bexio\/"},"author":{"name":"thomas.berner","@id":"https:\/\/www.organisator.ch\/#\/schema\/person\/6f650f90b2842cd4c0cc334b4e36f67e"},"headline":"Mobiliar \u00fcbernimmt Software-Hersteller Bexio","datePublished":"2018-07-06T07:54:58+00:00","mainEntityOfPage":{"@id":"https:\/\/www.organisator.ch\/management\/it\/2018-07-06\/mobiliar-uebernimmt-software-hersteller-bexio\/"},"wordCount":199,"commentCount":0,"publisher":{"@id":"https:\/\/www.organisator.ch\/#organization"},"image":{"@id":"https:\/\/www.organisator.ch\/management\/it\/2018-07-06\/mobiliar-uebernimmt-software-hersteller-bexio\/#primaryimage"},"thumbnailUrl":"https:\/\/www.organisator.ch\/wp-content\/uploads\/2018\/07\/Mobiliar-uebernimmt-Software-Hersteller-Bexio_Organisator.jpg","keywords":["IT &amp; Business Software","Produkte","Unternehmen"],"articleSection":["IT"],"inLanguage":"en-US"},{"@type":"WebPage","@id":"https:\/\/www.organisator.ch\/management\/it\/2018-07-06\/mobiliar-uebernimmt-software-hersteller-bexio\/","url":"https:\/\/www.organisator.ch\/management\/it\/2018-07-06\/mobiliar-uebernimmt-software-hersteller-bexio\/","name":"Mobiliar takes over software producer Bexio - Organizer","isPartOf":{"@id":"https:\/\/www.organisator.ch\/#website"},"primaryImageOfPage":{"@id":"https:\/\/www.organisator.ch\/management\/it\/2018-07-06\/mobiliar-uebernimmt-software-hersteller-bexio\/#primaryimage"},"image":{"@id":"https:\/\/www.organisator.ch\/management\/it\/2018-07-06\/mobiliar-uebernimmt-software-hersteller-bexio\/#primaryimage"},"thumbnailUrl":"https:\/\/www.organisator.ch\/wp-content\/uploads\/2018\/07\/Mobiliar-uebernimmt-Software-Hersteller-Bexio_Organisator.jpg","datePublished":"2018-07-06T07:54:58+00:00","description":"Mobiliar acquires the business software company bexio. With this acquisition, it intends to digitally expand its position in the SME market in the future.","breadcrumb":{"@id":"https:\/\/www.organisator.ch\/management\/it\/2018-07-06\/mobiliar-uebernimmt-software-hersteller-bexio\/#breadcrumb"},"inLanguage":"en-US","potentialAction":[{"@type":"ReadAction","target":["https:\/\/www.organisator.ch\/management\/it\/2018-07-06\/mobiliar-uebernimmt-software-hersteller-bexio\/"]}]},{"@type":"ImageObject","inLanguage":"en-US","@id":"https:\/\/www.organisator.ch\/management\/it\/2018-07-06\/mobiliar-uebernimmt-software-hersteller-bexio\/#primaryimage","url":"https:\/\/www.organisator.ch\/wp-content\/uploads\/2018\/07\/Mobiliar-uebernimmt-Software-Hersteller-Bexio_Organisator.jpg","contentUrl":"https:\/\/www.organisator.ch\/wp-content\/uploads\/2018\/07\/Mobiliar-uebernimmt-Software-Hersteller-Bexio_Organisator.jpg","width":1173,"height":304},{"@type":"BreadcrumbList","@id":"https:\/\/www.organisator.ch\/management\/it\/2018-07-06\/mobiliar-uebernimmt-software-hersteller-bexio\/#breadcrumb","itemListElement":[{"@type":"ListItem","position":1,"name":"Home","item":"https:\/\/www.organisator.ch\/"},{"@type":"ListItem","position":2,"name":"Mobiliar \u00fcbernimmt Software-Hersteller Bexio"}]},{"@type":"WebSite","@id":"https:\/\/www.organisator.ch\/#website","url":"https:\/\/www.organisator.ch\/","name":"Organizer","description":"Competent. Practical. In 10 issues per year, ORGANISATOR presents the essential topics for managers of SMEs.","publisher":{"@id":"https:\/\/www.organisator.ch\/#organization"},"potentialAction":[{"@type":"SearchAction","target":{"@type":"EntryPoint","urlTemplate":"https:\/\/www.organisator.ch\/?s={search_term_string}"},"query-input":{"@type":"PropertyValueSpecification","valueRequired":true,"valueName":"search_term_string"}}],"inLanguage":"en-US"},{"@type":"Organization","@id":"https:\/\/www.organisator.ch\/#organization","name":"Organizer","url":"https:\/\/www.organisator.ch\/","logo":{"@type":"ImageObject","inLanguage":"en-US","@id":"https:\/\/www.organisator.ch\/#\/schema\/logo\/image\/","url":"https:\/\/www.organisator.ch\/wp-content\/uploads\/2022\/01\/Logo_Organisator_Website.png","contentUrl":"https:\/\/www.organisator.ch\/wp-content\/uploads\/2022\/01\/Logo_Organisator_Website.png","width":800,"height":77,"caption":"Organisator"},"image":{"@id":"https:\/\/www.organisator.ch\/#\/schema\/logo\/image\/"},"sameAs":["https:\/\/www.facebook.com\/OrganisatorFachmagazin","https:\/\/www.linkedin.com\/showcase\/organisator-das-magazin-fr-kmu","https:\/\/www.xing.com\/news\/pages\/organisator-ch-695","https:\/\/www.youtube.com\/channel\/UCGP2Sq0iWaZwT3BdIAQFYpw"]},{"@type":"Person","@id":"https:\/\/www.organisator.ch\/#\/schema\/person\/6f650f90b2842cd4c0cc334b4e36f67e","name":"thomas.berner","image":{"@type":"ImageObject","inLanguage":"en-US","@id":"https:\/\/secure.gravatar.com\/avatar\/ac5001d2a36cb6c6cd3e50789007ffca834b477b74a2144564522e944eabff61?s=96&d=mm&r=g","url":"https:\/\/secure.gravatar.com\/avatar\/ac5001d2a36cb6c6cd3e50789007ffca834b477b74a2144564522e944eabff61?s=96&d=mm&r=g","contentUrl":"https:\/\/secure.gravatar.com\/avatar\/ac5001d2a36cb6c6cd3e50789007ffca834b477b74a2144564522e944eabff61?s=96&d=mm&r=g","caption":"thomas.berner"},"url":"https:\/\/www.organisator.ch\/en\/author\/thomas-berner\/"}]}},"_links":{"self":[{"href":"https:\/\/www.organisator.ch\/en\/wp-json\/wp\/v2\/posts\/3911","targetHints":{"allow":["GET"]}}],"collection":[{"href":"https:\/\/www.organisator.ch\/en\/wp-json\/wp\/v2\/posts"}],"about":[{"href":"https:\/\/www.organisator.ch\/en\/wp-json\/wp\/v2\/types\/post"}],"author":[{"embeddable":true,"href":"https:\/\/www.organisator.ch\/en\/wp-json\/wp\/v2\/users\/4"}],"replies":[{"embeddable":true,"href":"https:\/\/www.organisator.ch\/en\/wp-json\/wp\/v2\/comments?post=3911"}],"version-history":[{"count":0,"href":"https:\/\/www.organisator.ch\/en\/wp-json\/wp\/v2\/posts\/3911\/revisions"}],"wp:featuredmedia":[{"embeddable":true,"href":"https:\/\/www.organisator.ch\/en\/wp-json\/wp\/v2\/media\/3912"}],"wp:attachment":[{"href":"https:\/\/www.organisator.ch\/en\/wp-json\/wp\/v2\/media?parent=3911"}],"wp:term":[{"taxonomy":"category","embeddable":true,"href":"https:\/\/www.organisator.ch\/en\/wp-json\/wp\/v2\/categories?post=3911"},{"taxonomy":"post_tag","embeddable":true,"href":"https:\/\/www.organisator.ch\/en\/wp-json\/wp\/v2\/tags?post=3911"}],"curies":[{"name":"wp","href":"https:\/\/api.w.org\/{rel}","templated":true}]}}