{"id":3917,"date":"2018-07-10T12:11:36","date_gmt":"2018-07-10T10:11:36","guid":{"rendered":"https:\/\/www.organisator.ch\/?p=3917"},"modified":"2018-07-10T12:11:36","modified_gmt":"2018-07-10T10:11:36","slug":"bike-to-work-65000-velofahrende-schaffen-die-16-millionen-grenze","status":"publish","type":"post","link":"https:\/\/www.organisator.ch\/en\/human-resources\/fit_im_job\/2018-07-10\/bike-to-work-65000-velofahrende-schaffen-die-16-millionen-grenze\/","title":{"rendered":"\"bike to work\": 65,000 cyclists break the 16 million barrier"},"content":{"rendered":"<figure id=\"attachment_3918\" aria-describedby=\"caption-attachment-3918\" style=\"width: 680px\" class=\"wp-caption alignnone\"><img loading=\"lazy\" decoding=\"async\" class=\"size-medium wp-image-3918\" src=\"https:\/\/www.organisator.ch\/wp-content\/uploads\/2018\/07\/bike-to-work-5000-Velofahrende-Rekord-org-organisator.jpg\" alt=\"\" width=\"680\" height=\"454\" srcset=\"https:\/\/www.organisator.ch\/wp-content\/uploads\/2018\/07\/bike-to-work-5000-Velofahrende-Rekord-org-organisator.jpg 999w, https:\/\/www.organisator.ch\/wp-content\/uploads\/2018\/07\/bike-to-work-5000-Velofahrende-Rekord-org-organisator-680x454.jpg 680w, https:\/\/www.organisator.ch\/wp-content\/uploads\/2018\/07\/bike-to-work-5000-Velofahrende-Rekord-org-organisator-768x513.jpg 768w, https:\/\/www.organisator.ch\/wp-content\/uploads\/2018\/07\/bike-to-work-5000-Velofahrende-Rekord-org-organisator-16x12.jpg 16w, https:\/\/www.organisator.ch\/wp-content\/uploads\/2018\/07\/bike-to-work-5000-Velofahrende-Rekord-org-organisator-262x175.jpg 262w, https:\/\/www.organisator.ch\/wp-content\/uploads\/2018\/07\/bike-to-work-5000-Velofahrende-Rekord-org-organisator-524x350.jpg 524w, https:\/\/www.organisator.ch\/wp-content\/uploads\/2018\/07\/bike-to-work-5000-Velofahrende-Rekord-org-organisator-920x614.jpg 920w, https:\/\/www.organisator.ch\/wp-content\/uploads\/2018\/07\/bike-to-work-5000-Velofahrende-Rekord-org-organisator-300x200.jpg 300w\" sizes=\"auto, (max-width: 680px) 100vw, 680px\" \/><figcaption id=\"caption-attachment-3918\" class=\"wp-caption-text\">A particularly large number of participants registered bike to work in the conurbations of Zurich, Bern and Lausanne. (Image: depositphotos)<\/figcaption><\/figure>\n<p>In 2018, \"bike to work\" set one record after another: on average, companies participated in the Pro Velo Schweiz campaign for two months this year. Thus, 51 percent of the companies participated in May &amp; June. This is also reflected in the record number of kilometers covered of 15.9 million (+26%).<\/p>\n<p>On average, each participant biked 247 kilometers to work over 19 days.<\/p>\n<p><strong>Great success<\/strong><\/p>\n<p>\"The success of bike to work shows how important the bicycle will be for companies in the future. Thus, companies are increasingly investing in the bicycle as a means of mobility, as it brings positive effects on the health of employees, savings potential in infrastructure and efficient mobility within agglomerations,\" says Matthias Aebischer, President of Pro Velo Schweiz.<\/p>\n<p>A particularly large number of participants registered bike to work in the conurbations of Zurich, Bern and Lausanne. In today's urban centers of Switzerland, the bicycle is far more than just a means of transport - it is lifestyle, statement and fun at the same time. Thanks to bike to work, numerous first-time participants found their way to the bicycle and got enthusiastic about the bicycle campaign. They were surprised to learn how easy it is to get to work by bike and what a positive effect cycling has.<\/p>\n<p>Isabelle K. from Baden rode along for the first time this year: \"The feeling of riding my bike to work on the quiet streets in the early morning is unique. The movement wakes me up and at the same time I have completed a first sport unit. And: bike to work sharpens the senses. All of a sudden you notice things that didn't exist before. I can really recommend bike to work to everyone - it's a great experience that brings movement and fun into everyday life.\"<\/p>\n<p><strong>Successful health promotion for companies<\/strong><\/p>\n<p>bike to work stands for more exercise in the working day. Anyone who rides a bike to work has already done part of the recommended daily exercise. Health-promoting measures in the company, which also include bike to work, are also of economic importance. Healthier employees are less likely to be absent from work and are more productive. Costs arising from illnesses can thus be reduced.<\/p>\n<p>&nbsp;<\/p>\n<p><strong>bike to work Challenge 2018 in detail:<\/strong><\/p>\n<p>Participating<\/p>\n<p>64,680 participants +18% (previous year: 54,780)<\/p>\n<p>Teams<\/p>\n<p>17,054 teams +17% (previous year: 14,547)<\/p>\n<p>Operations<\/p>\n<p>2,114 operations +12% (previous year: 1,885)<\/p>\n<p>Kilometer<\/p>\n<p>15,970,071 kilometers +26% (previous year: 12,697,250)<\/p>\n<p>&nbsp;<\/p>\n<p>CO2 equivalence*<\/p>\n<p>2,300 tons +26% (previous year: 1,828)<\/p>\n<p>*Basis of calculation: 144g\/km CO2 emissions<\/p>\n<p>&nbsp;<\/p>\n<p>Top 3 companies by number of teams<\/p>\n<ol>\n<li>Migros Group 425 teams<\/li>\n<li>ETH Zurich 280 teams<\/li>\n<li>Swiss Post 270 teams<\/li>\n<li><\/li>\n<\/ol>\n<p>Top 6 cantons by number of establishments<\/p>\n<ol>\n<li>Canton Zurich 466 farms<\/li>\n<li>Canton Bern 424 farms<\/li>\n<li>Canton Aargau 165 farms<\/li>\n<li>Canton St. Gallen 158 farms<\/li>\n<li>Canton Lucerne 139 farms<\/li>\n<li>Canton Vaud 81 farms<\/li>\n<\/ol>\n<p>&nbsp;<\/p>\n<p><em>Further evaluations and winners in this <a href=\"https:\/\/www.biketowork.ch\/\">Link<\/a><\/em><\/p>","protected":false},"excerpt":{"rendered":"<p>&#8222;bike to work&#8220; reiht 2018 einen Rekord neben den anderen:\u00a0 durchschnittlich sind dieses Jahr die Betriebe zwei Monate bei der Aktion von Pro Velo Schweiz mitgefahren. So nahmen 51 Prozent der Betriebe im Mai &amp; Juni teil. Dies zeigt sich auch in der Rekordzahl der zur\u00fcckgelegten Kilometer von 15,9 Millionen (+26%). Durchschnittlich fuhr jede und [&hellip;]<\/p>\n","protected":false},"author":5,"featured_media":3918,"comment_status":"open","ping_status":"open","sticky":false,"template":"","format":"standard","meta":{"_acf_changed":false,"_yoast_wpseo_focuskw":"bike to work","_yoast_wpseo_metadesc":"\"bike to work\" bricht 2018 alle Rekorde: mehr Teilnehmende, mehr Teams sind involviert - und mehr Kilometer zur\u00fcckgelegt worden.","articlekey":"","footnotes":""},"categories":[25],"tags":[55,81,424,489],"class_list":["post-3917","post","type-post","status-publish","format-standard","has-post-thumbnail","hentry","category-fit_im_job","tag-arbeitsweg","tag-bike-to-work","tag-schweiz","tag-umweltschutz"],"acf":[],"yoast_head":"<!-- This site is optimized with the Yoast SEO plugin v27.5 - https:\/\/yoast.com\/product\/yoast-seo-wordpress\/ -->\n<title>&quot;bike to work&quot;: 65\u2019000 Velofahrende schaffen die 16-Millionen-Grenze - Organisator<\/title>\n<meta name=\"description\" content=\"&quot;bike to work&quot; bricht 2018 alle Rekorde: mehr Teilnehmende, mehr Teams sind involviert - und mehr Kilometer zur\u00fcckgelegt worden.\" \/>\n<meta name=\"robots\" content=\"index, follow, max-snippet:-1, max-image-preview:large, max-video-preview:-1\" \/>\n<link rel=\"canonical\" href=\"https:\/\/www.organisator.ch\/en\/human-resources\/fit_im_job\/2018-07-10\/bike-to-work-65000-velofahrende-schaffen-die-16-millionen-grenze\/\" \/>\n<meta property=\"og:locale\" content=\"en_US\" \/>\n<meta property=\"og:type\" content=\"article\" \/>\n<meta property=\"og:title\" content=\"&quot;bike to work&quot;: 65\u2019000 Velofahrende schaffen die 16-Millionen-Grenze - Organisator\" \/>\n<meta property=\"og:description\" content=\"&quot;bike to work&quot; bricht 2018 alle Rekorde: mehr Teilnehmende, mehr Teams sind involviert - und mehr Kilometer zur\u00fcckgelegt worden.\" \/>\n<meta property=\"og:url\" content=\"https:\/\/www.organisator.ch\/en\/human-resources\/fit_im_job\/2018-07-10\/bike-to-work-65000-velofahrende-schaffen-die-16-millionen-grenze\/\" \/>\n<meta property=\"og:site_name\" content=\"Organisator\" \/>\n<meta property=\"article:publisher\" content=\"https:\/\/www.facebook.com\/OrganisatorFachmagazin\" \/>\n<meta property=\"article:published_time\" content=\"2018-07-10T10:11:36+00:00\" \/>\n<meta property=\"og:image\" content=\"https:\/\/www.organisator.ch\/wp-content\/uploads\/2018\/07\/bike-to-work-5000-Velofahrende-Rekord-org-organisator.jpg\" \/>\n\t<meta property=\"og:image:width\" content=\"999\" \/>\n\t<meta property=\"og:image:height\" content=\"667\" \/>\n\t<meta property=\"og:image:type\" content=\"image\/jpeg\" \/>\n<meta name=\"author\" content=\"michael.merz\" \/>\n<meta name=\"twitter:card\" content=\"summary_large_image\" \/>\n<script type=\"application\/ld+json\" class=\"yoast-schema-graph\">{\"@context\":\"https:\\\/\\\/schema.org\",\"@graph\":[{\"@type\":\"Article\",\"@id\":\"https:\\\/\\\/www.organisator.ch\\\/human-resources\\\/fit_im_job\\\/2018-07-10\\\/bike-to-work-65000-velofahrende-schaffen-die-16-millionen-grenze\\\/#article\",\"isPartOf\":{\"@id\":\"https:\\\/\\\/www.organisator.ch\\\/human-resources\\\/fit_im_job\\\/2018-07-10\\\/bike-to-work-65000-velofahrende-schaffen-die-16-millionen-grenze\\\/\"},\"author\":{\"name\":\"michael.merz\",\"@id\":\"https:\\\/\\\/www.organisator.ch\\\/#\\\/schema\\\/person\\\/134708ca9321c57b0362cceb7948ffbd\"},\"headline\":\"&#8222;bike to work&#8220;: 65\u2019000 Velofahrende schaffen die 16-Millionen-Grenze\",\"datePublished\":\"2018-07-10T10:11:36+00:00\",\"mainEntityOfPage\":{\"@id\":\"https:\\\/\\\/www.organisator.ch\\\/human-resources\\\/fit_im_job\\\/2018-07-10\\\/bike-to-work-65000-velofahrende-schaffen-die-16-millionen-grenze\\\/\"},\"wordCount\":470,\"commentCount\":0,\"publisher\":{\"@id\":\"https:\\\/\\\/www.organisator.ch\\\/#organization\"},\"image\":{\"@id\":\"https:\\\/\\\/www.organisator.ch\\\/human-resources\\\/fit_im_job\\\/2018-07-10\\\/bike-to-work-65000-velofahrende-schaffen-die-16-millionen-grenze\\\/#primaryimage\"},\"thumbnailUrl\":\"https:\\\/\\\/www.organisator.ch\\\/wp-content\\\/uploads\\\/2018\\\/07\\\/bike-to-work-5000-Velofahrende-Rekord-org-organisator.jpg\",\"keywords\":[\"Arbeitsweg\",\"Bike to Work\",\"Schweiz\",\"Umweltschutz\"],\"articleSection\":[\"FIT IM JOB\"],\"inLanguage\":\"en-US\"},{\"@type\":\"WebPage\",\"@id\":\"https:\\\/\\\/www.organisator.ch\\\/human-resources\\\/fit_im_job\\\/2018-07-10\\\/bike-to-work-65000-velofahrende-schaffen-die-16-millionen-grenze\\\/\",\"url\":\"https:\\\/\\\/www.organisator.ch\\\/human-resources\\\/fit_im_job\\\/2018-07-10\\\/bike-to-work-65000-velofahrende-schaffen-die-16-millionen-grenze\\\/\",\"name\":\"\\\"bike to work\\\": 65\u2019000 Velofahrende schaffen die 16-Millionen-Grenze - Organisator\",\"isPartOf\":{\"@id\":\"https:\\\/\\\/www.organisator.ch\\\/#website\"},\"primaryImageOfPage\":{\"@id\":\"https:\\\/\\\/www.organisator.ch\\\/human-resources\\\/fit_im_job\\\/2018-07-10\\\/bike-to-work-65000-velofahrende-schaffen-die-16-millionen-grenze\\\/#primaryimage\"},\"image\":{\"@id\":\"https:\\\/\\\/www.organisator.ch\\\/human-resources\\\/fit_im_job\\\/2018-07-10\\\/bike-to-work-65000-velofahrende-schaffen-die-16-millionen-grenze\\\/#primaryimage\"},\"thumbnailUrl\":\"https:\\\/\\\/www.organisator.ch\\\/wp-content\\\/uploads\\\/2018\\\/07\\\/bike-to-work-5000-Velofahrende-Rekord-org-organisator.jpg\",\"datePublished\":\"2018-07-10T10:11:36+00:00\",\"description\":\"\\\"bike to work\\\" bricht 2018 alle Rekorde: mehr Teilnehmende, mehr Teams sind involviert - und mehr Kilometer zur\u00fcckgelegt worden.\",\"breadcrumb\":{\"@id\":\"https:\\\/\\\/www.organisator.ch\\\/human-resources\\\/fit_im_job\\\/2018-07-10\\\/bike-to-work-65000-velofahrende-schaffen-die-16-millionen-grenze\\\/#breadcrumb\"},\"inLanguage\":\"en-US\",\"potentialAction\":[{\"@type\":\"ReadAction\",\"target\":[\"https:\\\/\\\/www.organisator.ch\\\/human-resources\\\/fit_im_job\\\/2018-07-10\\\/bike-to-work-65000-velofahrende-schaffen-die-16-millionen-grenze\\\/\"]}]},{\"@type\":\"ImageObject\",\"inLanguage\":\"en-US\",\"@id\":\"https:\\\/\\\/www.organisator.ch\\\/human-resources\\\/fit_im_job\\\/2018-07-10\\\/bike-to-work-65000-velofahrende-schaffen-die-16-millionen-grenze\\\/#primaryimage\",\"url\":\"https:\\\/\\\/www.organisator.ch\\\/wp-content\\\/uploads\\\/2018\\\/07\\\/bike-to-work-5000-Velofahrende-Rekord-org-organisator.jpg\",\"contentUrl\":\"https:\\\/\\\/www.organisator.ch\\\/wp-content\\\/uploads\\\/2018\\\/07\\\/bike-to-work-5000-Velofahrende-Rekord-org-organisator.jpg\",\"width\":999,\"height\":667,\"caption\":\"Besonders viele Teilnehmende verzeichnete bike to work in den Agglomerationen Z\u00fcrich, Bern und Lausanne. (Bild: depositphotos)\"},{\"@type\":\"BreadcrumbList\",\"@id\":\"https:\\\/\\\/www.organisator.ch\\\/human-resources\\\/fit_im_job\\\/2018-07-10\\\/bike-to-work-65000-velofahrende-schaffen-die-16-millionen-grenze\\\/#breadcrumb\",\"itemListElement\":[{\"@type\":\"ListItem\",\"position\":1,\"name\":\"Home\",\"item\":\"https:\\\/\\\/www.organisator.ch\\\/\"},{\"@type\":\"ListItem\",\"position\":2,\"name\":\"&#8222;bike to work&#8220;: 65\u2019000 Velofahrende schaffen die 16-Millionen-Grenze\"}]},{\"@type\":\"WebSite\",\"@id\":\"https:\\\/\\\/www.organisator.ch\\\/#website\",\"url\":\"https:\\\/\\\/www.organisator.ch\\\/\",\"name\":\"Organisator\",\"description\":\"Kompetent. Praxisnah. Der ORGANISATOR bereitet in 10 Ausgaben pro Jahr die wesentlichen Themen f\u00fcr F\u00fchrungskr\u00e4fte von KMU auf.\",\"publisher\":{\"@id\":\"https:\\\/\\\/www.organisator.ch\\\/#organization\"},\"potentialAction\":[{\"@type\":\"SearchAction\",\"target\":{\"@type\":\"EntryPoint\",\"urlTemplate\":\"https:\\\/\\\/www.organisator.ch\\\/?s={search_term_string}\"},\"query-input\":{\"@type\":\"PropertyValueSpecification\",\"valueRequired\":true,\"valueName\":\"search_term_string\"}}],\"inLanguage\":\"en-US\"},{\"@type\":\"Organization\",\"@id\":\"https:\\\/\\\/www.organisator.ch\\\/#organization\",\"name\":\"Organisator\",\"url\":\"https:\\\/\\\/www.organisator.ch\\\/\",\"logo\":{\"@type\":\"ImageObject\",\"inLanguage\":\"en-US\",\"@id\":\"https:\\\/\\\/www.organisator.ch\\\/#\\\/schema\\\/logo\\\/image\\\/\",\"url\":\"https:\\\/\\\/www.organisator.ch\\\/wp-content\\\/uploads\\\/2022\\\/01\\\/Logo_Organisator_Website.png\",\"contentUrl\":\"https:\\\/\\\/www.organisator.ch\\\/wp-content\\\/uploads\\\/2022\\\/01\\\/Logo_Organisator_Website.png\",\"width\":800,\"height\":77,\"caption\":\"Organisator\"},\"image\":{\"@id\":\"https:\\\/\\\/www.organisator.ch\\\/#\\\/schema\\\/logo\\\/image\\\/\"},\"sameAs\":[\"https:\\\/\\\/www.facebook.com\\\/OrganisatorFachmagazin\",\"https:\\\/\\\/www.linkedin.com\\\/showcase\\\/organisator-das-magazin-fr-kmu\",\"https:\\\/\\\/www.xing.com\\\/news\\\/pages\\\/organisator-ch-695\",\"https:\\\/\\\/www.youtube.com\\\/channel\\\/UCGP2Sq0iWaZwT3BdIAQFYpw\"]},{\"@type\":\"Person\",\"@id\":\"https:\\\/\\\/www.organisator.ch\\\/#\\\/schema\\\/person\\\/134708ca9321c57b0362cceb7948ffbd\",\"name\":\"michael.merz\",\"image\":{\"@type\":\"ImageObject\",\"inLanguage\":\"en-US\",\"@id\":\"https:\\\/\\\/secure.gravatar.com\\\/avatar\\\/?s=96&d=mm&r=g\",\"url\":\"https:\\\/\\\/secure.gravatar.com\\\/avatar\\\/?s=96&d=mm&r=g\",\"contentUrl\":\"https:\\\/\\\/secure.gravatar.com\\\/avatar\\\/?s=96&d=mm&r=g\",\"caption\":\"michael.merz\"},\"url\":\"https:\\\/\\\/www.organisator.ch\\\/en\\\/author\\\/michael-merz\\\/\"}]}<\/script>\n<!-- \/ Yoast SEO plugin. -->","yoast_head_json":{"title":"\"bike to work\": 65,000 cyclists break the 16 million barrier - organizer","description":"\"bike to work\" breaks all records in 2018: more participants, more teams involved - and more kilometers covered.","robots":{"index":"index","follow":"follow","max-snippet":"max-snippet:-1","max-image-preview":"max-image-preview:large","max-video-preview":"max-video-preview:-1"},"canonical":"https:\/\/www.organisator.ch\/en\/human-resources\/fit_im_job\/2018-07-10\/bike-to-work-65000-velofahrende-schaffen-die-16-millionen-grenze\/","og_locale":"en_US","og_type":"article","og_title":"\"bike to work\": 65\u2019000 Velofahrende schaffen die 16-Millionen-Grenze - Organisator","og_description":"\"bike to work\" bricht 2018 alle Rekorde: mehr Teilnehmende, mehr Teams sind involviert - und mehr Kilometer zur\u00fcckgelegt worden.","og_url":"https:\/\/www.organisator.ch\/en\/human-resources\/fit_im_job\/2018-07-10\/bike-to-work-65000-velofahrende-schaffen-die-16-millionen-grenze\/","og_site_name":"Organisator","article_publisher":"https:\/\/www.facebook.com\/OrganisatorFachmagazin","article_published_time":"2018-07-10T10:11:36+00:00","og_image":[{"width":999,"height":667,"url":"https:\/\/www.organisator.ch\/wp-content\/uploads\/2018\/07\/bike-to-work-5000-Velofahrende-Rekord-org-organisator.jpg","type":"image\/jpeg"}],"author":"michael.merz","twitter_card":"summary_large_image","schema":{"@context":"https:\/\/schema.org","@graph":[{"@type":"Article","@id":"https:\/\/www.organisator.ch\/human-resources\/fit_im_job\/2018-07-10\/bike-to-work-65000-velofahrende-schaffen-die-16-millionen-grenze\/#article","isPartOf":{"@id":"https:\/\/www.organisator.ch\/human-resources\/fit_im_job\/2018-07-10\/bike-to-work-65000-velofahrende-schaffen-die-16-millionen-grenze\/"},"author":{"name":"michael.merz","@id":"https:\/\/www.organisator.ch\/#\/schema\/person\/134708ca9321c57b0362cceb7948ffbd"},"headline":"&#8222;bike to work&#8220;: 65\u2019000 Velofahrende schaffen die 16-Millionen-Grenze","datePublished":"2018-07-10T10:11:36+00:00","mainEntityOfPage":{"@id":"https:\/\/www.organisator.ch\/human-resources\/fit_im_job\/2018-07-10\/bike-to-work-65000-velofahrende-schaffen-die-16-millionen-grenze\/"},"wordCount":470,"commentCount":0,"publisher":{"@id":"https:\/\/www.organisator.ch\/#organization"},"image":{"@id":"https:\/\/www.organisator.ch\/human-resources\/fit_im_job\/2018-07-10\/bike-to-work-65000-velofahrende-schaffen-die-16-millionen-grenze\/#primaryimage"},"thumbnailUrl":"https:\/\/www.organisator.ch\/wp-content\/uploads\/2018\/07\/bike-to-work-5000-Velofahrende-Rekord-org-organisator.jpg","keywords":["Arbeitsweg","Bike to Work","Schweiz","Umweltschutz"],"articleSection":["FIT IM JOB"],"inLanguage":"en-US"},{"@type":"WebPage","@id":"https:\/\/www.organisator.ch\/human-resources\/fit_im_job\/2018-07-10\/bike-to-work-65000-velofahrende-schaffen-die-16-millionen-grenze\/","url":"https:\/\/www.organisator.ch\/human-resources\/fit_im_job\/2018-07-10\/bike-to-work-65000-velofahrende-schaffen-die-16-millionen-grenze\/","name":"\"bike to work\": 65,000 cyclists break the 16 million barrier - organizer","isPartOf":{"@id":"https:\/\/www.organisator.ch\/#website"},"primaryImageOfPage":{"@id":"https:\/\/www.organisator.ch\/human-resources\/fit_im_job\/2018-07-10\/bike-to-work-65000-velofahrende-schaffen-die-16-millionen-grenze\/#primaryimage"},"image":{"@id":"https:\/\/www.organisator.ch\/human-resources\/fit_im_job\/2018-07-10\/bike-to-work-65000-velofahrende-schaffen-die-16-millionen-grenze\/#primaryimage"},"thumbnailUrl":"https:\/\/www.organisator.ch\/wp-content\/uploads\/2018\/07\/bike-to-work-5000-Velofahrende-Rekord-org-organisator.jpg","datePublished":"2018-07-10T10:11:36+00:00","description":"\"bike to work\" breaks all records in 2018: more participants, more teams involved - and more kilometers covered.","breadcrumb":{"@id":"https:\/\/www.organisator.ch\/human-resources\/fit_im_job\/2018-07-10\/bike-to-work-65000-velofahrende-schaffen-die-16-millionen-grenze\/#breadcrumb"},"inLanguage":"en-US","potentialAction":[{"@type":"ReadAction","target":["https:\/\/www.organisator.ch\/human-resources\/fit_im_job\/2018-07-10\/bike-to-work-65000-velofahrende-schaffen-die-16-millionen-grenze\/"]}]},{"@type":"ImageObject","inLanguage":"en-US","@id":"https:\/\/www.organisator.ch\/human-resources\/fit_im_job\/2018-07-10\/bike-to-work-65000-velofahrende-schaffen-die-16-millionen-grenze\/#primaryimage","url":"https:\/\/www.organisator.ch\/wp-content\/uploads\/2018\/07\/bike-to-work-5000-Velofahrende-Rekord-org-organisator.jpg","contentUrl":"https:\/\/www.organisator.ch\/wp-content\/uploads\/2018\/07\/bike-to-work-5000-Velofahrende-Rekord-org-organisator.jpg","width":999,"height":667,"caption":"Besonders viele Teilnehmende verzeichnete bike to work in den Agglomerationen Z\u00fcrich, Bern und Lausanne. (Bild: depositphotos)"},{"@type":"BreadcrumbList","@id":"https:\/\/www.organisator.ch\/human-resources\/fit_im_job\/2018-07-10\/bike-to-work-65000-velofahrende-schaffen-die-16-millionen-grenze\/#breadcrumb","itemListElement":[{"@type":"ListItem","position":1,"name":"Home","item":"https:\/\/www.organisator.ch\/"},{"@type":"ListItem","position":2,"name":"&#8222;bike to work&#8220;: 65\u2019000 Velofahrende schaffen die 16-Millionen-Grenze"}]},{"@type":"WebSite","@id":"https:\/\/www.organisator.ch\/#website","url":"https:\/\/www.organisator.ch\/","name":"Organizer","description":"Competent. Practical. In 10 issues per year, ORGANISATOR presents the essential topics for managers of SMEs.","publisher":{"@id":"https:\/\/www.organisator.ch\/#organization"},"potentialAction":[{"@type":"SearchAction","target":{"@type":"EntryPoint","urlTemplate":"https:\/\/www.organisator.ch\/?s={search_term_string}"},"query-input":{"@type":"PropertyValueSpecification","valueRequired":true,"valueName":"search_term_string"}}],"inLanguage":"en-US"},{"@type":"Organization","@id":"https:\/\/www.organisator.ch\/#organization","name":"Organizer","url":"https:\/\/www.organisator.ch\/","logo":{"@type":"ImageObject","inLanguage":"en-US","@id":"https:\/\/www.organisator.ch\/#\/schema\/logo\/image\/","url":"https:\/\/www.organisator.ch\/wp-content\/uploads\/2022\/01\/Logo_Organisator_Website.png","contentUrl":"https:\/\/www.organisator.ch\/wp-content\/uploads\/2022\/01\/Logo_Organisator_Website.png","width":800,"height":77,"caption":"Organisator"},"image":{"@id":"https:\/\/www.organisator.ch\/#\/schema\/logo\/image\/"},"sameAs":["https:\/\/www.facebook.com\/OrganisatorFachmagazin","https:\/\/www.linkedin.com\/showcase\/organisator-das-magazin-fr-kmu","https:\/\/www.xing.com\/news\/pages\/organisator-ch-695","https:\/\/www.youtube.com\/channel\/UCGP2Sq0iWaZwT3BdIAQFYpw"]},{"@type":"Person","@id":"https:\/\/www.organisator.ch\/#\/schema\/person\/134708ca9321c57b0362cceb7948ffbd","name":"michael.merz","image":{"@type":"ImageObject","inLanguage":"en-US","@id":"https:\/\/secure.gravatar.com\/avatar\/?s=96&d=mm&r=g","url":"https:\/\/secure.gravatar.com\/avatar\/?s=96&d=mm&r=g","contentUrl":"https:\/\/secure.gravatar.com\/avatar\/?s=96&d=mm&r=g","caption":"michael.merz"},"url":"https:\/\/www.organisator.ch\/en\/author\/michael-merz\/"}]}},"_links":{"self":[{"href":"https:\/\/www.organisator.ch\/en\/wp-json\/wp\/v2\/posts\/3917","targetHints":{"allow":["GET"]}}],"collection":[{"href":"https:\/\/www.organisator.ch\/en\/wp-json\/wp\/v2\/posts"}],"about":[{"href":"https:\/\/www.organisator.ch\/en\/wp-json\/wp\/v2\/types\/post"}],"author":[{"embeddable":true,"href":"https:\/\/www.organisator.ch\/en\/wp-json\/wp\/v2\/users\/5"}],"replies":[{"embeddable":true,"href":"https:\/\/www.organisator.ch\/en\/wp-json\/wp\/v2\/comments?post=3917"}],"version-history":[{"count":0,"href":"https:\/\/www.organisator.ch\/en\/wp-json\/wp\/v2\/posts\/3917\/revisions"}],"wp:featuredmedia":[{"embeddable":true,"href":"https:\/\/www.organisator.ch\/en\/wp-json\/wp\/v2\/media\/3918"}],"wp:attachment":[{"href":"https:\/\/www.organisator.ch\/en\/wp-json\/wp\/v2\/media?parent=3917"}],"wp:term":[{"taxonomy":"category","embeddable":true,"href":"https:\/\/www.organisator.ch\/en\/wp-json\/wp\/v2\/categories?post=3917"},{"taxonomy":"post_tag","embeddable":true,"href":"https:\/\/www.organisator.ch\/en\/wp-json\/wp\/v2\/tags?post=3917"}],"curies":[{"name":"wp","href":"https:\/\/api.w.org\/{rel}","templated":true}]}}