{"id":39176,"date":"2025-06-20T11:08:25","date_gmt":"2025-06-20T09:08:25","guid":{"rendered":"https:\/\/www.markt-kom.com\/?p=236403"},"modified":"2025-06-23T08:14:01","modified_gmt":"2025-06-23T06:14:01","slug":"berner-kommunikationspreis-2025-geht-an-thomas-binggeli","status":"publish","type":"post","link":"https:\/\/www.organisator.ch\/en\/marketing\/2025-06-20\/berner-kommunikationspreis-2025-geht-an-thomas-binggeli\/","title":{"rendered":"Bern Communication Award 2025 goes to Thomas Binggeli"},"content":{"rendered":"<figure id=\"attachment_236405\" class=\"wp-caption aligncenter\" style=\"width: 1200px;\" aria-describedby=\"caption-attachment-236405\"><a href=\"https:\/\/www.markt-kom.com\/wp-content\/uploads\/2025\/06\/01_Kommunikationspreis.jpg\"><img class=\"size-full wp-image-236405\" src=\"https:\/\/www.markt-kom.com\/wp-content\/uploads\/2025\/06\/01_Kommunikationspreis.jpg\" sizes=\"(max-width: 1200px) 100vw, 1200px\" srcset=\"https:\/\/www.markt-kom.com\/wp-content\/uploads\/2025\/06\/01_Kommunikationspreis.jpg 1200w, https:\/\/www.markt-kom.com\/wp-content\/uploads\/2025\/06\/01_Kommunikationspreis-600x400.jpg 600w, https:\/\/www.markt-kom.com\/wp-content\/uploads\/2025\/06\/01_Kommunikationspreis-1024x683.jpg 1024w, https:\/\/www.markt-kom.com\/wp-content\/uploads\/2025\/06\/01_Kommunikationspreis-768x512.jpg 768w, https:\/\/www.markt-kom.com\/wp-content\/uploads\/2025\/06\/01_Kommunikationspreis-18x12.jpg 18w, https:\/\/www.markt-kom.com\/wp-content\/uploads\/2025\/06\/01_Kommunikationspreis-263x175.jpg 263w, https:\/\/www.markt-kom.com\/wp-content\/uploads\/2025\/06\/01_Kommunikationspreis-525x350.jpg 525w, https:\/\/www.markt-kom.com\/wp-content\/uploads\/2025\/06\/01_Kommunikationspreis-1000x667.jpg 1000w\" alt=\"\" width=\"1200\" height=\"800\" \/><\/a>\r\n<figcaption id=\"caption-attachment-236405\" class=\"wp-caption-text\">From left to right: Nik Eugster (President of the BPRG), Thomas Binggeli (CEO &amp; owner of Th\u00f6mus), Liara Florin (apprentice at the School of Woodcarving), Markus Fl\u00fcck (Director of the School of Woodcarving), Jo\u00eblle Beeler (Head of Communications at the Swiss Cancer League), Abhinay Agarwal (Board member of the BPRG). (Pictures: Zo\u00e9 Roth)<\/figcaption>\r\n<\/figure>\r\n<p>The Bernese Communication Prize is awarded annually to people who stand out for their communication without having the relevant specialist training. This year's prize goes to Thomas Binggeli. According to jury president Nik Eugster, Binggeli has not only established innovative products in the bicycle industry, \"but has also established a friendly communication culture\" that involves both partners and customers.<\/p>\r\n<p>The award ceremony took place on Thursday at the Alpine Museum in Bern. In his acceptance speech, Binggeli emphasized: \"This award stands for the bicycle. I also see it as an incentive to continue seeking dialog with our customers and the community and to drive innovation forward.\" He will receive a specially created work of art, which was designed by the Brienz School of Woodcarving as part of an internal competition.<\/p>\r\n<p><a href=\"https:\/\/www.markt-kom.com\/wp-content\/uploads\/2025\/06\/02_Kommunikationspreis.jpg\"><img class=\"size-full wp-image-236404\" src=\"https:\/\/www.markt-kom.com\/wp-content\/uploads\/2025\/06\/02_Kommunikationspreis.jpg\" sizes=\"(max-width: 1200px) 100vw, 1200px\" srcset=\"https:\/\/www.markt-kom.com\/wp-content\/uploads\/2025\/06\/02_Kommunikationspreis.jpg 1200w, https:\/\/www.markt-kom.com\/wp-content\/uploads\/2025\/06\/02_Kommunikationspreis-600x450.jpg 600w, https:\/\/www.markt-kom.com\/wp-content\/uploads\/2025\/06\/02_Kommunikationspreis-1024x768.jpg 1024w, https:\/\/www.markt-kom.com\/wp-content\/uploads\/2025\/06\/02_Kommunikationspreis-768x576.jpg 768w, https:\/\/www.markt-kom.com\/wp-content\/uploads\/2025\/06\/02_Kommunikationspreis-16x12.jpg 16w, https:\/\/www.markt-kom.com\/wp-content\/uploads\/2025\/06\/02_Kommunikationspreis-233x175.jpg 233w, https:\/\/www.markt-kom.com\/wp-content\/uploads\/2025\/06\/02_Kommunikationspreis-467x350.jpg 467w, https:\/\/www.markt-kom.com\/wp-content\/uploads\/2025\/06\/02_Kommunikationspreis-1000x750.jpg 1000w\" alt=\"\" width=\"1200\" height=\"900\" \/><\/a><\/p>\r\n<hr \/>\r\n<p><strong>Previous award winners<\/strong><\/p>\r\n<ul>\r\n\t<li><em>2011: Steff la Cheffe, beatboxer and rapper<\/em><\/li>\r\n\t<li><em>2012: Bernd Schildger, zoo director<\/em><\/li>\r\n\t<li><em>2013: Francis Foss Pauchard, Olmo founder<\/em><\/li>\r\n\t<li><em>2014: Hans Zurbr\u00fcgg, Founder and President of the Bern International Jazz Festival<\/em><\/li>\r\n\t<li><em>2015: Mujinga Kambundji, sprinter<\/em><\/li>\r\n\t<li><em>2016: Prof. Dr. Thomas Stocker, climate researcher, University of Bern<\/em><\/li>\r\n\t<li><em>2017: Andr\u00e9 L\u00fcthi, CEO Globetrotter Group<\/em><\/li>\r\n\t<li><em>2018: Andrea Staudacher, event designer Future Food Lab<\/em><\/li>\r\n\t<li><em>2019: Livia Anne Richard, playwright and director<\/em><\/li>\r\n\t<li><em>2020: Peter Glauser &amp; Mike Glauser, inventors, producers and marketers of the \"Belper Knolle\" tuber<\/em><\/li>\r\n\t<li><em>2021: Christoph Spycher, Head of Sport at YB<\/em><\/li>\r\n\t<li><em>2022: Linda Nartey, former Head of the Bern Cantonal Medical Office<\/em><\/li>\r\n\t<li><em>2023: Christine Wyss, Co-Director Buskers Bern<\/em><\/li>\r\n\t<li><em>2024: Reto Nause, Director of Security, Environment &amp; Energy City of Bern<\/em><\/li>\r\n<\/ul>","protected":false},"excerpt":{"rendered":"<p>The Bernese Public Relations Society BPRG awards the 15th Bernese Communication Prize to Th\u00f6mus founder Thomas Binggeli for his commitment to the bicycle industry and his communicative achievements without formal PR training.<\/p>","protected":false},"author":8,"featured_media":0,"comment_status":"closed","ping_status":"closed","sticky":false,"template":"","format":"standard","meta":{"_acf_changed":false,"_yoast_wpseo_focuskw":"","_yoast_wpseo_metadesc":"","articlekey":"","footnotes":""},"categories":[29],"tags":[5417,5418,4343,381],"class_list":["post-39176","post","type-post","status-publish","format-standard","hentry","category-marketing","tag-berner-kommunikationspreis","tag-bprg","tag-markom","tag-personalia"],"acf":[],"yoast_head":"<!-- This site is optimized with the Yoast SEO plugin v27.5 - https:\/\/yoast.com\/product\/yoast-seo-wordpress\/ -->\n<title>Berner Kommunikationspreis 2025 geht an Thomas Binggeli - Organisator<\/title>\n<meta name=\"robots\" content=\"index, follow, max-snippet:-1, max-image-preview:large, max-video-preview:-1\" \/>\n<link rel=\"canonical\" href=\"https:\/\/www.organisator.ch\/en\/?p=39176\" \/>\n<meta property=\"og:locale\" content=\"en_US\" \/>\n<meta property=\"og:type\" content=\"article\" \/>\n<meta property=\"og:title\" content=\"Berner Kommunikationspreis 2025 geht an Thomas Binggeli - Organisator\" \/>\n<meta property=\"og:description\" content=\"Die Berner Public Relations Gesellschaft BPRG verleiht den 15. Berner Kommunikationspreis an den Th\u00f6mus-Gr\u00fcnder Thomas Binggeli f\u00fcr sein Engagement in der Fahrradbranche und seine kommunikative Leistung ohne formale PR-Ausbildung.\" \/>\n<meta property=\"og:url\" content=\"https:\/\/www.organisator.ch\/en\/?p=39176\" \/>\n<meta property=\"og:site_name\" content=\"Organisator\" \/>\n<meta property=\"article:publisher\" content=\"https:\/\/www.facebook.com\/OrganisatorFachmagazin\" \/>\n<meta property=\"article:published_time\" content=\"2025-06-20T09:08:25+00:00\" \/>\n<meta property=\"article:modified_time\" content=\"2025-06-23T06:14:01+00:00\" \/>\n<meta name=\"author\" content=\"galledia\" \/>\n<meta name=\"twitter:card\" content=\"summary_large_image\" \/>\n<meta name=\"twitter:creator\" content=\"@admin\" \/>\n<script type=\"application\/ld+json\" class=\"yoast-schema-graph\">{\"@context\":\"https:\\\/\\\/schema.org\",\"@graph\":[{\"@type\":\"Article\",\"@id\":\"https:\\\/\\\/www.organisator.ch\\\/?p=39176#article\",\"isPartOf\":{\"@id\":\"https:\\\/\\\/www.organisator.ch\\\/?p=39176\"},\"author\":{\"name\":\"galledia\",\"@id\":\"https:\\\/\\\/www.organisator.ch\\\/#\\\/schema\\\/person\\\/4e51799071cd2dd1232ac003643ef5f0\"},\"headline\":\"Berner Kommunikationspreis 2025 geht an Thomas Binggeli\",\"datePublished\":\"2025-06-20T09:08:25+00:00\",\"dateModified\":\"2025-06-23T06:14:01+00:00\",\"mainEntityOfPage\":{\"@id\":\"https:\\\/\\\/www.organisator.ch\\\/?p=39176\"},\"wordCount\":271,\"publisher\":{\"@id\":\"https:\\\/\\\/www.organisator.ch\\\/#organization\"},\"image\":{\"@id\":\"https:\\\/\\\/www.organisator.ch\\\/?p=39176#primaryimage\"},\"thumbnailUrl\":\"https:\\\/\\\/www.markt-kom.com\\\/wp-content\\\/uploads\\\/2025\\\/06\\\/01_Kommunikationspreis.jpg\",\"keywords\":[\"Berner Kommunikationspreis\",\"BPRG\",\"MarKom\",\"Personalia\"],\"articleSection\":[\"MARKETING\"],\"inLanguage\":\"en-US\"},{\"@type\":\"WebPage\",\"@id\":\"https:\\\/\\\/www.organisator.ch\\\/?p=39176\",\"url\":\"https:\\\/\\\/www.organisator.ch\\\/?p=39176\",\"name\":\"Berner Kommunikationspreis 2025 geht an Thomas Binggeli - Organisator\",\"isPartOf\":{\"@id\":\"https:\\\/\\\/www.organisator.ch\\\/#website\"},\"primaryImageOfPage\":{\"@id\":\"https:\\\/\\\/www.organisator.ch\\\/?p=39176#primaryimage\"},\"image\":{\"@id\":\"https:\\\/\\\/www.organisator.ch\\\/?p=39176#primaryimage\"},\"thumbnailUrl\":\"https:\\\/\\\/www.markt-kom.com\\\/wp-content\\\/uploads\\\/2025\\\/06\\\/01_Kommunikationspreis.jpg\",\"datePublished\":\"2025-06-20T09:08:25+00:00\",\"dateModified\":\"2025-06-23T06:14:01+00:00\",\"breadcrumb\":{\"@id\":\"https:\\\/\\\/www.organisator.ch\\\/?p=39176#breadcrumb\"},\"inLanguage\":\"en-US\",\"potentialAction\":[{\"@type\":\"ReadAction\",\"target\":[\"https:\\\/\\\/www.organisator.ch\\\/?p=39176\"]}]},{\"@type\":\"ImageObject\",\"inLanguage\":\"en-US\",\"@id\":\"https:\\\/\\\/www.organisator.ch\\\/?p=39176#primaryimage\",\"url\":\"https:\\\/\\\/www.markt-kom.com\\\/wp-content\\\/uploads\\\/2025\\\/06\\\/01_Kommunikationspreis.jpg\",\"contentUrl\":\"https:\\\/\\\/www.markt-kom.com\\\/wp-content\\\/uploads\\\/2025\\\/06\\\/01_Kommunikationspreis.jpg\"},{\"@type\":\"BreadcrumbList\",\"@id\":\"https:\\\/\\\/www.organisator.ch\\\/?p=39176#breadcrumb\",\"itemListElement\":[{\"@type\":\"ListItem\",\"position\":1,\"name\":\"Home\",\"item\":\"https:\\\/\\\/www.organisator.ch\\\/\"},{\"@type\":\"ListItem\",\"position\":2,\"name\":\"Berner Kommunikationspreis 2025 geht an Thomas Binggeli\"}]},{\"@type\":\"WebSite\",\"@id\":\"https:\\\/\\\/www.organisator.ch\\\/#website\",\"url\":\"https:\\\/\\\/www.organisator.ch\\\/\",\"name\":\"Organisator\",\"description\":\"Kompetent. Praxisnah. Der ORGANISATOR bereitet in 10 Ausgaben pro Jahr die wesentlichen Themen f\u00fcr F\u00fchrungskr\u00e4fte von KMU auf.\",\"publisher\":{\"@id\":\"https:\\\/\\\/www.organisator.ch\\\/#organization\"},\"potentialAction\":[{\"@type\":\"SearchAction\",\"target\":{\"@type\":\"EntryPoint\",\"urlTemplate\":\"https:\\\/\\\/www.organisator.ch\\\/?s={search_term_string}\"},\"query-input\":{\"@type\":\"PropertyValueSpecification\",\"valueRequired\":true,\"valueName\":\"search_term_string\"}}],\"inLanguage\":\"en-US\"},{\"@type\":\"Organization\",\"@id\":\"https:\\\/\\\/www.organisator.ch\\\/#organization\",\"name\":\"Organisator\",\"url\":\"https:\\\/\\\/www.organisator.ch\\\/\",\"logo\":{\"@type\":\"ImageObject\",\"inLanguage\":\"en-US\",\"@id\":\"https:\\\/\\\/www.organisator.ch\\\/#\\\/schema\\\/logo\\\/image\\\/\",\"url\":\"https:\\\/\\\/www.organisator.ch\\\/wp-content\\\/uploads\\\/2022\\\/01\\\/Logo_Organisator_Website.png\",\"contentUrl\":\"https:\\\/\\\/www.organisator.ch\\\/wp-content\\\/uploads\\\/2022\\\/01\\\/Logo_Organisator_Website.png\",\"width\":800,\"height\":77,\"caption\":\"Organisator\"},\"image\":{\"@id\":\"https:\\\/\\\/www.organisator.ch\\\/#\\\/schema\\\/logo\\\/image\\\/\"},\"sameAs\":[\"https:\\\/\\\/www.facebook.com\\\/OrganisatorFachmagazin\",\"https:\\\/\\\/www.linkedin.com\\\/showcase\\\/organisator-das-magazin-fr-kmu\",\"https:\\\/\\\/www.xing.com\\\/news\\\/pages\\\/organisator-ch-695\",\"https:\\\/\\\/www.youtube.com\\\/channel\\\/UCGP2Sq0iWaZwT3BdIAQFYpw\"]},{\"@type\":\"Person\",\"@id\":\"https:\\\/\\\/www.organisator.ch\\\/#\\\/schema\\\/person\\\/4e51799071cd2dd1232ac003643ef5f0\",\"name\":\"galledia\",\"image\":{\"@type\":\"ImageObject\",\"inLanguage\":\"en-US\",\"@id\":\"https:\\\/\\\/secure.gravatar.com\\\/avatar\\\/78a7f90c01fc2bfc875782a0d4922b37cde2cf184ce347b91316d23cd7f69a36?s=96&d=mm&r=g\",\"url\":\"https:\\\/\\\/secure.gravatar.com\\\/avatar\\\/78a7f90c01fc2bfc875782a0d4922b37cde2cf184ce347b91316d23cd7f69a36?s=96&d=mm&r=g\",\"contentUrl\":\"https:\\\/\\\/secure.gravatar.com\\\/avatar\\\/78a7f90c01fc2bfc875782a0d4922b37cde2cf184ce347b91316d23cd7f69a36?s=96&d=mm&r=g\",\"caption\":\"galledia\"},\"sameAs\":[\"https:\\\/\\\/x.com\\\/admin\"],\"url\":\"https:\\\/\\\/www.organisator.ch\\\/en\\\/author\\\/galledia\\\/\"}]}<\/script>\n<!-- \/ Yoast SEO plugin. -->","yoast_head_json":{"title":"Bern Communication Award 2025 goes to Thomas Binggeli - Organizer","robots":{"index":"index","follow":"follow","max-snippet":"max-snippet:-1","max-image-preview":"max-image-preview:large","max-video-preview":"max-video-preview:-1"},"canonical":"https:\/\/www.organisator.ch\/en\/?p=39176","og_locale":"en_US","og_type":"article","og_title":"Berner Kommunikationspreis 2025 geht an Thomas Binggeli - Organisator","og_description":"Die Berner Public Relations Gesellschaft BPRG verleiht den 15. Berner Kommunikationspreis an den Th\u00f6mus-Gr\u00fcnder Thomas Binggeli f\u00fcr sein Engagement in der Fahrradbranche und seine kommunikative Leistung ohne formale PR-Ausbildung.","og_url":"https:\/\/www.organisator.ch\/en\/?p=39176","og_site_name":"Organisator","article_publisher":"https:\/\/www.facebook.com\/OrganisatorFachmagazin","article_published_time":"2025-06-20T09:08:25+00:00","article_modified_time":"2025-06-23T06:14:01+00:00","author":"galledia","twitter_card":"summary_large_image","twitter_creator":"@admin","schema":{"@context":"https:\/\/schema.org","@graph":[{"@type":"Article","@id":"https:\/\/www.organisator.ch\/?p=39176#article","isPartOf":{"@id":"https:\/\/www.organisator.ch\/?p=39176"},"author":{"name":"galledia","@id":"https:\/\/www.organisator.ch\/#\/schema\/person\/4e51799071cd2dd1232ac003643ef5f0"},"headline":"Berner Kommunikationspreis 2025 geht an Thomas Binggeli","datePublished":"2025-06-20T09:08:25+00:00","dateModified":"2025-06-23T06:14:01+00:00","mainEntityOfPage":{"@id":"https:\/\/www.organisator.ch\/?p=39176"},"wordCount":271,"publisher":{"@id":"https:\/\/www.organisator.ch\/#organization"},"image":{"@id":"https:\/\/www.organisator.ch\/?p=39176#primaryimage"},"thumbnailUrl":"https:\/\/www.markt-kom.com\/wp-content\/uploads\/2025\/06\/01_Kommunikationspreis.jpg","keywords":["Berner Kommunikationspreis","BPRG","MarKom","Personalia"],"articleSection":["MARKETING"],"inLanguage":"en-US"},{"@type":"WebPage","@id":"https:\/\/www.organisator.ch\/?p=39176","url":"https:\/\/www.organisator.ch\/?p=39176","name":"Bern Communication Award 2025 goes to Thomas Binggeli - Organizer","isPartOf":{"@id":"https:\/\/www.organisator.ch\/#website"},"primaryImageOfPage":{"@id":"https:\/\/www.organisator.ch\/?p=39176#primaryimage"},"image":{"@id":"https:\/\/www.organisator.ch\/?p=39176#primaryimage"},"thumbnailUrl":"https:\/\/www.markt-kom.com\/wp-content\/uploads\/2025\/06\/01_Kommunikationspreis.jpg","datePublished":"2025-06-20T09:08:25+00:00","dateModified":"2025-06-23T06:14:01+00:00","breadcrumb":{"@id":"https:\/\/www.organisator.ch\/?p=39176#breadcrumb"},"inLanguage":"en-US","potentialAction":[{"@type":"ReadAction","target":["https:\/\/www.organisator.ch\/?p=39176"]}]},{"@type":"ImageObject","inLanguage":"en-US","@id":"https:\/\/www.organisator.ch\/?p=39176#primaryimage","url":"https:\/\/www.markt-kom.com\/wp-content\/uploads\/2025\/06\/01_Kommunikationspreis.jpg","contentUrl":"https:\/\/www.markt-kom.com\/wp-content\/uploads\/2025\/06\/01_Kommunikationspreis.jpg"},{"@type":"BreadcrumbList","@id":"https:\/\/www.organisator.ch\/?p=39176#breadcrumb","itemListElement":[{"@type":"ListItem","position":1,"name":"Home","item":"https:\/\/www.organisator.ch\/"},{"@type":"ListItem","position":2,"name":"Berner Kommunikationspreis 2025 geht an Thomas Binggeli"}]},{"@type":"WebSite","@id":"https:\/\/www.organisator.ch\/#website","url":"https:\/\/www.organisator.ch\/","name":"Organizer","description":"Competent. Practical. In 10 issues per year, ORGANISATOR presents the essential topics for managers of SMEs.","publisher":{"@id":"https:\/\/www.organisator.ch\/#organization"},"potentialAction":[{"@type":"SearchAction","target":{"@type":"EntryPoint","urlTemplate":"https:\/\/www.organisator.ch\/?s={search_term_string}"},"query-input":{"@type":"PropertyValueSpecification","valueRequired":true,"valueName":"search_term_string"}}],"inLanguage":"en-US"},{"@type":"Organization","@id":"https:\/\/www.organisator.ch\/#organization","name":"Organizer","url":"https:\/\/www.organisator.ch\/","logo":{"@type":"ImageObject","inLanguage":"en-US","@id":"https:\/\/www.organisator.ch\/#\/schema\/logo\/image\/","url":"https:\/\/www.organisator.ch\/wp-content\/uploads\/2022\/01\/Logo_Organisator_Website.png","contentUrl":"https:\/\/www.organisator.ch\/wp-content\/uploads\/2022\/01\/Logo_Organisator_Website.png","width":800,"height":77,"caption":"Organisator"},"image":{"@id":"https:\/\/www.organisator.ch\/#\/schema\/logo\/image\/"},"sameAs":["https:\/\/www.facebook.com\/OrganisatorFachmagazin","https:\/\/www.linkedin.com\/showcase\/organisator-das-magazin-fr-kmu","https:\/\/www.xing.com\/news\/pages\/organisator-ch-695","https:\/\/www.youtube.com\/channel\/UCGP2Sq0iWaZwT3BdIAQFYpw"]},{"@type":"Person","@id":"https:\/\/www.organisator.ch\/#\/schema\/person\/4e51799071cd2dd1232ac003643ef5f0","name":"galledia","image":{"@type":"ImageObject","inLanguage":"en-US","@id":"https:\/\/secure.gravatar.com\/avatar\/78a7f90c01fc2bfc875782a0d4922b37cde2cf184ce347b91316d23cd7f69a36?s=96&d=mm&r=g","url":"https:\/\/secure.gravatar.com\/avatar\/78a7f90c01fc2bfc875782a0d4922b37cde2cf184ce347b91316d23cd7f69a36?s=96&d=mm&r=g","contentUrl":"https:\/\/secure.gravatar.com\/avatar\/78a7f90c01fc2bfc875782a0d4922b37cde2cf184ce347b91316d23cd7f69a36?s=96&d=mm&r=g","caption":"galledia"},"sameAs":["https:\/\/x.com\/admin"],"url":"https:\/\/www.organisator.ch\/en\/author\/galledia\/"}]}},"_links":{"self":[{"href":"https:\/\/www.organisator.ch\/en\/wp-json\/wp\/v2\/posts\/39176","targetHints":{"allow":["GET"]}}],"collection":[{"href":"https:\/\/www.organisator.ch\/en\/wp-json\/wp\/v2\/posts"}],"about":[{"href":"https:\/\/www.organisator.ch\/en\/wp-json\/wp\/v2\/types\/post"}],"author":[{"embeddable":true,"href":"https:\/\/www.organisator.ch\/en\/wp-json\/wp\/v2\/users\/8"}],"replies":[{"embeddable":true,"href":"https:\/\/www.organisator.ch\/en\/wp-json\/wp\/v2\/comments?post=39176"}],"version-history":[{"count":2,"href":"https:\/\/www.organisator.ch\/en\/wp-json\/wp\/v2\/posts\/39176\/revisions"}],"predecessor-version":[{"id":39221,"href":"https:\/\/www.organisator.ch\/en\/wp-json\/wp\/v2\/posts\/39176\/revisions\/39221"}],"wp:attachment":[{"href":"https:\/\/www.organisator.ch\/en\/wp-json\/wp\/v2\/media?parent=39176"}],"wp:term":[{"taxonomy":"category","embeddable":true,"href":"https:\/\/www.organisator.ch\/en\/wp-json\/wp\/v2\/categories?post=39176"},{"taxonomy":"post_tag","embeddable":true,"href":"https:\/\/www.organisator.ch\/en\/wp-json\/wp\/v2\/tags?post=39176"}],"curies":[{"name":"wp","href":"https:\/\/api.w.org\/{rel}","templated":true}]}}