{"id":39235,"date":"2025-06-25T10:18:55","date_gmt":"2025-06-25T08:18:55","guid":{"rendered":"https:\/\/www.m-q.ch\/?p=21624"},"modified":"2025-06-24T16:05:14","modified_gmt":"2025-06-24T14:05:14","slug":"com-sys-und-infoguard-buendeln-ihre-cyber-expertise","status":"publish","type":"post","link":"https:\/\/www.organisator.ch\/en\/operational-excellence\/2025-06-25\/com-sys-und-infoguard-buendeln-ihre-cyber-expertise\/","title":{"rendered":"Com-Sys and Infoguard combine their cyber expertise"},"content":{"rendered":"<figure id=\"attachment_21625\" class=\"wp-caption alignnone\" style=\"width: 680px;\" aria-describedby=\"caption-attachment-21625\"><img class=\"size-full wp-image-21625\" src=\"https:\/\/www.m-q.ch\/wp-content\/uploads\/2025\/06\/Com-Sys-und-Infoguard-buendeln-ihre-Cyber-Expertise_MQ.jpg\" sizes=\"(max-width: 680px) 100vw, 680px\" srcset=\"https:\/\/www.m-q.ch\/wp-content\/uploads\/2025\/06\/Com-Sys-und-Infoguard-buendeln-ihre-Cyber-Expertise_MQ.jpg 680w, https:\/\/www.m-q.ch\/wp-content\/uploads\/2025\/06\/Com-Sys-und-Infoguard-buendeln-ihre-Cyber-Expertise_MQ-18x12.jpg 18w, https:\/\/www.m-q.ch\/wp-content\/uploads\/2025\/06\/Com-Sys-und-Infoguard-buendeln-ihre-Cyber-Expertise_MQ-375x252.jpg 375w, https:\/\/www.m-q.ch\/wp-content\/uploads\/2025\/06\/Com-Sys-und-Infoguard-buendeln-ihre-Cyber-Expertise_MQ-521x350.jpg 521w\" alt=\"\" width=\"680\" height=\"457\" \/>\r\n<figcaption id=\"caption-attachment-21625\" class=\"wp-caption-text\">Combined cyber expertise (from left to right): Thomas Meier, CEO InfoGuard; Daniel Heinzig, Managing Director Com-Sys; Peter Letter, Chairman of the Board of Directors InfoGuard. (Image: InfoGuard AG)<\/figcaption>\r\n<\/figure>\r\n<p>The change of name creates what it claims to be one of the most powerful groups of experts for cyber security in the German-speaking world. This includes over 350 employees, a comprehensive 360\u00b0 cyber security portfolio and a Security Operations Center (SOC) staffed around the clock in both Germany and Switzerland. The vision of the two companies is clear: to protect organizations in the DACH region with state-of-the-art and comprehensive cyber security and make the world more digitally secure every day.<\/p>\r\n<h3>Bundled cyber expertise with added value for customers<\/h3>\r\n<p>By bundling the cyber expertise of Com-Sys and InfoGuard, customers gain better access to international resources. The integration into the InfoGuard Group opens up an expanded cyber security portfolio, access to international teams of experts, standardized processes and state-of-the-art technology - including the two high-security SOCs in Switzerland and Germany. As an officially BSI-qualified APT response service provider, InfoGuard Com-Sys also offers an even more professional response to security incidents through a specialized and one of the most experienced CSIRT (Computer Security Incident Response Team). New services such as Managed Detection &amp; Response (MDR), in-depth consulting as well as highly specialized and comprehensive penetration tests and red teaming services are now also available throughout Germany.<\/p>\r\n<h3>Management structure and further corporate development<\/h3>\r\n<p>Daniel Heinzig remains Managing Director of InfoGuard Com-Sys GmbH. In addition to Daniel Heinzig, Ralf Haubrich, Chief Revenue Officer (CRO), InfoGuard Com-Sys GmbH, Thomas Meier, CEO, InfoGuard AG, and Peter Letter, President of the Board of Directors, InfoGuard AG, form the management of InfoGuard Com-Sys GmbH.  \"This merger is an investment in our future and that of our customers,\" says Daniel Heinzig, Managing Director of InfoGuard Com-Sys. \"We don't just want to keep pace with developments in the cyber world - we want to play an active role in shaping them.\" Thomas Meier, CEO of InfoGuard, agrees: \"This step marks a significant milestone for InfoGuard - and above all for our customers. With the expanded team of experts, new locations and our comprehensive portfolio, we are ideally positioned. Our goal is clear: together we will do everything we can to ensure that our customers are protected in the best possible way today and tomorrow.\"<\/p>\r\n<p><em>Source and further information: <a href=\"https:\/\/www.infoguard.ch\/\">www.infoguard.ch<\/a><\/em><\/p>\n<p class=\"syndicated-attribution\">This article originally appeared on m-q.ch - <a href=\"https:\/\/www.m-q.ch\/de\/com-sys-und-infoguard-buendeln-ihre-cyber-expertise\/\" target=\"_blank\">https:\/\/www.m-q.ch\/de\/com-sys-und-infoguard-buendeln-ihre-cyber-expertise\/<\/a><\/p>","protected":false},"excerpt":{"rendered":"<p>With immediate effect, Communication Systems GmbH (Com-Sys) will be operating under the new name InfoGuard Com-Sys GmbH and will in future use the brand suffix \"An InfoGuard Company\". The Swiss cyber security company is thus now making its long-standing collaboration with InfoGuard visible to the outside world, both visually and by name.<\/p>","protected":false},"author":8,"featured_media":0,"comment_status":"closed","ping_status":"closed","sticky":false,"template":"","format":"standard","meta":{"_acf_changed":false,"_yoast_wpseo_focuskw":"Cyber-Expertise","_yoast_wpseo_metadesc":"Cyber-Expertise geb\u00fcndelt: Ab sofort firmiert die Communication Systems GmbH (Com-Sys) unter dem neuen Namen InfoGuard Com-Sys GmbH.","articlekey":"","footnotes":""},"categories":[582],"tags":[608,393,418,492],"class_list":["post-39235","post","type-post","status-publish","format-standard","hentry","category-operational-excellence","tag-cybersicherheit","tag-produkte","tag-risikomanagement","tag-unternehmen"],"acf":[],"yoast_head":"<!-- This site is optimized with the Yoast SEO plugin v27.5 - https:\/\/yoast.com\/product\/yoast-seo-wordpress\/ -->\n<title>Com-Sys und Infoguard b\u00fcndeln ihre Cyber-Expertise - Organisator<\/title>\n<meta name=\"description\" content=\"Cyber-Expertise geb\u00fcndelt: Ab sofort firmiert die Communication Systems GmbH (Com-Sys) unter dem neuen Namen InfoGuard Com-Sys GmbH.\" \/>\n<meta name=\"robots\" content=\"index, follow, max-snippet:-1, max-image-preview:large, max-video-preview:-1\" \/>\n<link rel=\"canonical\" href=\"https:\/\/www.organisator.ch\/en\/operational-excellence\/2025-06-25\/com-sys-und-infoguard-buendeln-ihre-cyber-expertise\/\" \/>\n<meta property=\"og:locale\" content=\"en_US\" \/>\n<meta property=\"og:type\" content=\"article\" \/>\n<meta property=\"og:title\" content=\"Com-Sys und Infoguard b\u00fcndeln ihre Cyber-Expertise - Organisator\" \/>\n<meta property=\"og:description\" content=\"Cyber-Expertise geb\u00fcndelt: Ab sofort firmiert die Communication Systems GmbH (Com-Sys) unter dem neuen Namen InfoGuard Com-Sys GmbH.\" \/>\n<meta property=\"og:url\" content=\"https:\/\/www.organisator.ch\/en\/operational-excellence\/2025-06-25\/com-sys-und-infoguard-buendeln-ihre-cyber-expertise\/\" \/>\n<meta property=\"og:site_name\" content=\"Organisator\" \/>\n<meta property=\"article:publisher\" content=\"https:\/\/www.facebook.com\/OrganisatorFachmagazin\" \/>\n<meta property=\"article:published_time\" content=\"2025-06-25T08:18:55+00:00\" \/>\n<meta name=\"author\" content=\"galledia\" \/>\n<meta name=\"twitter:card\" content=\"summary_large_image\" \/>\n<meta name=\"twitter:creator\" content=\"@admin\" \/>\n<script type=\"application\/ld+json\" class=\"yoast-schema-graph\">{\"@context\":\"https:\\\/\\\/schema.org\",\"@graph\":[{\"@type\":\"Article\",\"@id\":\"https:\\\/\\\/www.organisator.ch\\\/operational-excellence\\\/2025-06-25\\\/com-sys-und-infoguard-buendeln-ihre-cyber-expertise\\\/#article\",\"isPartOf\":{\"@id\":\"https:\\\/\\\/www.organisator.ch\\\/operational-excellence\\\/2025-06-25\\\/com-sys-und-infoguard-buendeln-ihre-cyber-expertise\\\/\"},\"author\":{\"name\":\"galledia\",\"@id\":\"https:\\\/\\\/www.organisator.ch\\\/#\\\/schema\\\/person\\\/4e51799071cd2dd1232ac003643ef5f0\"},\"headline\":\"Com-Sys und Infoguard b\u00fcndeln ihre Cyber-Expertise\",\"datePublished\":\"2025-06-25T08:18:55+00:00\",\"mainEntityOfPage\":{\"@id\":\"https:\\\/\\\/www.organisator.ch\\\/operational-excellence\\\/2025-06-25\\\/com-sys-und-infoguard-buendeln-ihre-cyber-expertise\\\/\"},\"wordCount\":369,\"publisher\":{\"@id\":\"https:\\\/\\\/www.organisator.ch\\\/#organization\"},\"image\":{\"@id\":\"https:\\\/\\\/www.organisator.ch\\\/operational-excellence\\\/2025-06-25\\\/com-sys-und-infoguard-buendeln-ihre-cyber-expertise\\\/#primaryimage\"},\"thumbnailUrl\":\"https:\\\/\\\/www.m-q.ch\\\/wp-content\\\/uploads\\\/2025\\\/06\\\/Com-Sys-und-Infoguard-buendeln-ihre-Cyber-Expertise_MQ.jpg\",\"keywords\":[\"Cybersicherheit\",\"Produkte\",\"Risikomanagement\",\"Unternehmen\"],\"articleSection\":[\"OPERATIONAL EXCELLENCE\"],\"inLanguage\":\"en-US\"},{\"@type\":\"WebPage\",\"@id\":\"https:\\\/\\\/www.organisator.ch\\\/operational-excellence\\\/2025-06-25\\\/com-sys-und-infoguard-buendeln-ihre-cyber-expertise\\\/\",\"url\":\"https:\\\/\\\/www.organisator.ch\\\/operational-excellence\\\/2025-06-25\\\/com-sys-und-infoguard-buendeln-ihre-cyber-expertise\\\/\",\"name\":\"Com-Sys und Infoguard b\u00fcndeln ihre Cyber-Expertise - Organisator\",\"isPartOf\":{\"@id\":\"https:\\\/\\\/www.organisator.ch\\\/#website\"},\"primaryImageOfPage\":{\"@id\":\"https:\\\/\\\/www.organisator.ch\\\/operational-excellence\\\/2025-06-25\\\/com-sys-und-infoguard-buendeln-ihre-cyber-expertise\\\/#primaryimage\"},\"image\":{\"@id\":\"https:\\\/\\\/www.organisator.ch\\\/operational-excellence\\\/2025-06-25\\\/com-sys-und-infoguard-buendeln-ihre-cyber-expertise\\\/#primaryimage\"},\"thumbnailUrl\":\"https:\\\/\\\/www.m-q.ch\\\/wp-content\\\/uploads\\\/2025\\\/06\\\/Com-Sys-und-Infoguard-buendeln-ihre-Cyber-Expertise_MQ.jpg\",\"datePublished\":\"2025-06-25T08:18:55+00:00\",\"description\":\"Cyber-Expertise geb\u00fcndelt: Ab sofort firmiert die Communication Systems GmbH (Com-Sys) unter dem neuen Namen InfoGuard Com-Sys GmbH.\",\"breadcrumb\":{\"@id\":\"https:\\\/\\\/www.organisator.ch\\\/operational-excellence\\\/2025-06-25\\\/com-sys-und-infoguard-buendeln-ihre-cyber-expertise\\\/#breadcrumb\"},\"inLanguage\":\"en-US\",\"potentialAction\":[{\"@type\":\"ReadAction\",\"target\":[\"https:\\\/\\\/www.organisator.ch\\\/operational-excellence\\\/2025-06-25\\\/com-sys-und-infoguard-buendeln-ihre-cyber-expertise\\\/\"]}]},{\"@type\":\"ImageObject\",\"inLanguage\":\"en-US\",\"@id\":\"https:\\\/\\\/www.organisator.ch\\\/operational-excellence\\\/2025-06-25\\\/com-sys-und-infoguard-buendeln-ihre-cyber-expertise\\\/#primaryimage\",\"url\":\"https:\\\/\\\/www.m-q.ch\\\/wp-content\\\/uploads\\\/2025\\\/06\\\/Com-Sys-und-Infoguard-buendeln-ihre-Cyber-Expertise_MQ.jpg\",\"contentUrl\":\"https:\\\/\\\/www.m-q.ch\\\/wp-content\\\/uploads\\\/2025\\\/06\\\/Com-Sys-und-Infoguard-buendeln-ihre-Cyber-Expertise_MQ.jpg\"},{\"@type\":\"BreadcrumbList\",\"@id\":\"https:\\\/\\\/www.organisator.ch\\\/operational-excellence\\\/2025-06-25\\\/com-sys-und-infoguard-buendeln-ihre-cyber-expertise\\\/#breadcrumb\",\"itemListElement\":[{\"@type\":\"ListItem\",\"position\":1,\"name\":\"Home\",\"item\":\"https:\\\/\\\/www.organisator.ch\\\/\"},{\"@type\":\"ListItem\",\"position\":2,\"name\":\"Com-Sys und Infoguard b\u00fcndeln ihre Cyber-Expertise\"}]},{\"@type\":\"WebSite\",\"@id\":\"https:\\\/\\\/www.organisator.ch\\\/#website\",\"url\":\"https:\\\/\\\/www.organisator.ch\\\/\",\"name\":\"Organisator\",\"description\":\"Kompetent. Praxisnah. Der ORGANISATOR bereitet in 10 Ausgaben pro Jahr die wesentlichen Themen f\u00fcr F\u00fchrungskr\u00e4fte von KMU auf.\",\"publisher\":{\"@id\":\"https:\\\/\\\/www.organisator.ch\\\/#organization\"},\"potentialAction\":[{\"@type\":\"SearchAction\",\"target\":{\"@type\":\"EntryPoint\",\"urlTemplate\":\"https:\\\/\\\/www.organisator.ch\\\/?s={search_term_string}\"},\"query-input\":{\"@type\":\"PropertyValueSpecification\",\"valueRequired\":true,\"valueName\":\"search_term_string\"}}],\"inLanguage\":\"en-US\"},{\"@type\":\"Organization\",\"@id\":\"https:\\\/\\\/www.organisator.ch\\\/#organization\",\"name\":\"Organisator\",\"url\":\"https:\\\/\\\/www.organisator.ch\\\/\",\"logo\":{\"@type\":\"ImageObject\",\"inLanguage\":\"en-US\",\"@id\":\"https:\\\/\\\/www.organisator.ch\\\/#\\\/schema\\\/logo\\\/image\\\/\",\"url\":\"https:\\\/\\\/www.organisator.ch\\\/wp-content\\\/uploads\\\/2022\\\/01\\\/Logo_Organisator_Website.png\",\"contentUrl\":\"https:\\\/\\\/www.organisator.ch\\\/wp-content\\\/uploads\\\/2022\\\/01\\\/Logo_Organisator_Website.png\",\"width\":800,\"height\":77,\"caption\":\"Organisator\"},\"image\":{\"@id\":\"https:\\\/\\\/www.organisator.ch\\\/#\\\/schema\\\/logo\\\/image\\\/\"},\"sameAs\":[\"https:\\\/\\\/www.facebook.com\\\/OrganisatorFachmagazin\",\"https:\\\/\\\/www.linkedin.com\\\/showcase\\\/organisator-das-magazin-fr-kmu\",\"https:\\\/\\\/www.xing.com\\\/news\\\/pages\\\/organisator-ch-695\",\"https:\\\/\\\/www.youtube.com\\\/channel\\\/UCGP2Sq0iWaZwT3BdIAQFYpw\"]},{\"@type\":\"Person\",\"@id\":\"https:\\\/\\\/www.organisator.ch\\\/#\\\/schema\\\/person\\\/4e51799071cd2dd1232ac003643ef5f0\",\"name\":\"galledia\",\"image\":{\"@type\":\"ImageObject\",\"inLanguage\":\"en-US\",\"@id\":\"https:\\\/\\\/secure.gravatar.com\\\/avatar\\\/78a7f90c01fc2bfc875782a0d4922b37cde2cf184ce347b91316d23cd7f69a36?s=96&d=mm&r=g\",\"url\":\"https:\\\/\\\/secure.gravatar.com\\\/avatar\\\/78a7f90c01fc2bfc875782a0d4922b37cde2cf184ce347b91316d23cd7f69a36?s=96&d=mm&r=g\",\"contentUrl\":\"https:\\\/\\\/secure.gravatar.com\\\/avatar\\\/78a7f90c01fc2bfc875782a0d4922b37cde2cf184ce347b91316d23cd7f69a36?s=96&d=mm&r=g\",\"caption\":\"galledia\"},\"sameAs\":[\"https:\\\/\\\/x.com\\\/admin\"],\"url\":\"https:\\\/\\\/www.organisator.ch\\\/en\\\/author\\\/galledia\\\/\"}]}<\/script>\n<!-- \/ Yoast SEO plugin. -->","yoast_head_json":{"title":"Com-Sys and Infoguard combine their cyber expertise - Organizer","description":"Cyber expertise bundled: With immediate effect, Communication Systems GmbH (Com-Sys) will operate under the new name InfoGuard Com-Sys GmbH.","robots":{"index":"index","follow":"follow","max-snippet":"max-snippet:-1","max-image-preview":"max-image-preview:large","max-video-preview":"max-video-preview:-1"},"canonical":"https:\/\/www.organisator.ch\/en\/operational-excellence\/2025-06-25\/com-sys-und-infoguard-buendeln-ihre-cyber-expertise\/","og_locale":"en_US","og_type":"article","og_title":"Com-Sys und Infoguard b\u00fcndeln ihre Cyber-Expertise - Organisator","og_description":"Cyber-Expertise geb\u00fcndelt: Ab sofort firmiert die Communication Systems GmbH (Com-Sys) unter dem neuen Namen InfoGuard Com-Sys GmbH.","og_url":"https:\/\/www.organisator.ch\/en\/operational-excellence\/2025-06-25\/com-sys-und-infoguard-buendeln-ihre-cyber-expertise\/","og_site_name":"Organisator","article_publisher":"https:\/\/www.facebook.com\/OrganisatorFachmagazin","article_published_time":"2025-06-25T08:18:55+00:00","author":"galledia","twitter_card":"summary_large_image","twitter_creator":"@admin","schema":{"@context":"https:\/\/schema.org","@graph":[{"@type":"Article","@id":"https:\/\/www.organisator.ch\/operational-excellence\/2025-06-25\/com-sys-und-infoguard-buendeln-ihre-cyber-expertise\/#article","isPartOf":{"@id":"https:\/\/www.organisator.ch\/operational-excellence\/2025-06-25\/com-sys-und-infoguard-buendeln-ihre-cyber-expertise\/"},"author":{"name":"galledia","@id":"https:\/\/www.organisator.ch\/#\/schema\/person\/4e51799071cd2dd1232ac003643ef5f0"},"headline":"Com-Sys und Infoguard b\u00fcndeln ihre Cyber-Expertise","datePublished":"2025-06-25T08:18:55+00:00","mainEntityOfPage":{"@id":"https:\/\/www.organisator.ch\/operational-excellence\/2025-06-25\/com-sys-und-infoguard-buendeln-ihre-cyber-expertise\/"},"wordCount":369,"publisher":{"@id":"https:\/\/www.organisator.ch\/#organization"},"image":{"@id":"https:\/\/www.organisator.ch\/operational-excellence\/2025-06-25\/com-sys-und-infoguard-buendeln-ihre-cyber-expertise\/#primaryimage"},"thumbnailUrl":"https:\/\/www.m-q.ch\/wp-content\/uploads\/2025\/06\/Com-Sys-und-Infoguard-buendeln-ihre-Cyber-Expertise_MQ.jpg","keywords":["Cybersicherheit","Produkte","Risikomanagement","Unternehmen"],"articleSection":["OPERATIONAL EXCELLENCE"],"inLanguage":"en-US"},{"@type":"WebPage","@id":"https:\/\/www.organisator.ch\/operational-excellence\/2025-06-25\/com-sys-und-infoguard-buendeln-ihre-cyber-expertise\/","url":"https:\/\/www.organisator.ch\/operational-excellence\/2025-06-25\/com-sys-und-infoguard-buendeln-ihre-cyber-expertise\/","name":"Com-Sys and Infoguard combine their cyber expertise - Organizer","isPartOf":{"@id":"https:\/\/www.organisator.ch\/#website"},"primaryImageOfPage":{"@id":"https:\/\/www.organisator.ch\/operational-excellence\/2025-06-25\/com-sys-und-infoguard-buendeln-ihre-cyber-expertise\/#primaryimage"},"image":{"@id":"https:\/\/www.organisator.ch\/operational-excellence\/2025-06-25\/com-sys-und-infoguard-buendeln-ihre-cyber-expertise\/#primaryimage"},"thumbnailUrl":"https:\/\/www.m-q.ch\/wp-content\/uploads\/2025\/06\/Com-Sys-und-Infoguard-buendeln-ihre-Cyber-Expertise_MQ.jpg","datePublished":"2025-06-25T08:18:55+00:00","description":"Cyber expertise bundled: With immediate effect, Communication Systems GmbH (Com-Sys) will operate under the new name InfoGuard Com-Sys GmbH.","breadcrumb":{"@id":"https:\/\/www.organisator.ch\/operational-excellence\/2025-06-25\/com-sys-und-infoguard-buendeln-ihre-cyber-expertise\/#breadcrumb"},"inLanguage":"en-US","potentialAction":[{"@type":"ReadAction","target":["https:\/\/www.organisator.ch\/operational-excellence\/2025-06-25\/com-sys-und-infoguard-buendeln-ihre-cyber-expertise\/"]}]},{"@type":"ImageObject","inLanguage":"en-US","@id":"https:\/\/www.organisator.ch\/operational-excellence\/2025-06-25\/com-sys-und-infoguard-buendeln-ihre-cyber-expertise\/#primaryimage","url":"https:\/\/www.m-q.ch\/wp-content\/uploads\/2025\/06\/Com-Sys-und-Infoguard-buendeln-ihre-Cyber-Expertise_MQ.jpg","contentUrl":"https:\/\/www.m-q.ch\/wp-content\/uploads\/2025\/06\/Com-Sys-und-Infoguard-buendeln-ihre-Cyber-Expertise_MQ.jpg"},{"@type":"BreadcrumbList","@id":"https:\/\/www.organisator.ch\/operational-excellence\/2025-06-25\/com-sys-und-infoguard-buendeln-ihre-cyber-expertise\/#breadcrumb","itemListElement":[{"@type":"ListItem","position":1,"name":"Home","item":"https:\/\/www.organisator.ch\/"},{"@type":"ListItem","position":2,"name":"Com-Sys und Infoguard b\u00fcndeln ihre Cyber-Expertise"}]},{"@type":"WebSite","@id":"https:\/\/www.organisator.ch\/#website","url":"https:\/\/www.organisator.ch\/","name":"Organizer","description":"Competent. Practical. In 10 issues per year, ORGANISATOR presents the essential topics for managers of SMEs.","publisher":{"@id":"https:\/\/www.organisator.ch\/#organization"},"potentialAction":[{"@type":"SearchAction","target":{"@type":"EntryPoint","urlTemplate":"https:\/\/www.organisator.ch\/?s={search_term_string}"},"query-input":{"@type":"PropertyValueSpecification","valueRequired":true,"valueName":"search_term_string"}}],"inLanguage":"en-US"},{"@type":"Organization","@id":"https:\/\/www.organisator.ch\/#organization","name":"Organizer","url":"https:\/\/www.organisator.ch\/","logo":{"@type":"ImageObject","inLanguage":"en-US","@id":"https:\/\/www.organisator.ch\/#\/schema\/logo\/image\/","url":"https:\/\/www.organisator.ch\/wp-content\/uploads\/2022\/01\/Logo_Organisator_Website.png","contentUrl":"https:\/\/www.organisator.ch\/wp-content\/uploads\/2022\/01\/Logo_Organisator_Website.png","width":800,"height":77,"caption":"Organisator"},"image":{"@id":"https:\/\/www.organisator.ch\/#\/schema\/logo\/image\/"},"sameAs":["https:\/\/www.facebook.com\/OrganisatorFachmagazin","https:\/\/www.linkedin.com\/showcase\/organisator-das-magazin-fr-kmu","https:\/\/www.xing.com\/news\/pages\/organisator-ch-695","https:\/\/www.youtube.com\/channel\/UCGP2Sq0iWaZwT3BdIAQFYpw"]},{"@type":"Person","@id":"https:\/\/www.organisator.ch\/#\/schema\/person\/4e51799071cd2dd1232ac003643ef5f0","name":"galledia","image":{"@type":"ImageObject","inLanguage":"en-US","@id":"https:\/\/secure.gravatar.com\/avatar\/78a7f90c01fc2bfc875782a0d4922b37cde2cf184ce347b91316d23cd7f69a36?s=96&d=mm&r=g","url":"https:\/\/secure.gravatar.com\/avatar\/78a7f90c01fc2bfc875782a0d4922b37cde2cf184ce347b91316d23cd7f69a36?s=96&d=mm&r=g","contentUrl":"https:\/\/secure.gravatar.com\/avatar\/78a7f90c01fc2bfc875782a0d4922b37cde2cf184ce347b91316d23cd7f69a36?s=96&d=mm&r=g","caption":"galledia"},"sameAs":["https:\/\/x.com\/admin"],"url":"https:\/\/www.organisator.ch\/en\/author\/galledia\/"}]}},"_links":{"self":[{"href":"https:\/\/www.organisator.ch\/en\/wp-json\/wp\/v2\/posts\/39235","targetHints":{"allow":["GET"]}}],"collection":[{"href":"https:\/\/www.organisator.ch\/en\/wp-json\/wp\/v2\/posts"}],"about":[{"href":"https:\/\/www.organisator.ch\/en\/wp-json\/wp\/v2\/types\/post"}],"author":[{"embeddable":true,"href":"https:\/\/www.organisator.ch\/en\/wp-json\/wp\/v2\/users\/8"}],"replies":[{"embeddable":true,"href":"https:\/\/www.organisator.ch\/en\/wp-json\/wp\/v2\/comments?post=39235"}],"version-history":[{"count":4,"href":"https:\/\/www.organisator.ch\/en\/wp-json\/wp\/v2\/posts\/39235\/revisions"}],"predecessor-version":[{"id":39266,"href":"https:\/\/www.organisator.ch\/en\/wp-json\/wp\/v2\/posts\/39235\/revisions\/39266"}],"wp:attachment":[{"href":"https:\/\/www.organisator.ch\/en\/wp-json\/wp\/v2\/media?parent=39235"}],"wp:term":[{"taxonomy":"category","embeddable":true,"href":"https:\/\/www.organisator.ch\/en\/wp-json\/wp\/v2\/categories?post=39235"},{"taxonomy":"post_tag","embeddable":true,"href":"https:\/\/www.organisator.ch\/en\/wp-json\/wp\/v2\/tags?post=39235"}],"curies":[{"name":"wp","href":"https:\/\/api.w.org\/{rel}","templated":true}]}}