{"id":39245,"date":"2025-06-25T06:39:04","date_gmt":"2025-06-25T04:39:04","guid":{"rendered":"https:\/\/www.organisator.ch\/?p=39245"},"modified":"2025-06-24T16:03:02","modified_gmt":"2025-06-24T14:03:02","slug":"ceo-wechsel-bei-netrics","status":"publish","type":"post","link":"https:\/\/www.organisator.ch\/en\/management\/2025-06-25\/ceo-wechsel-bei-netrics\/","title":{"rendered":"CEO change at Netrics"},"content":{"rendered":"<figure id=\"attachment_39246\" aria-describedby=\"caption-attachment-39246\" style=\"width: 680px\" class=\"wp-caption alignnone\"><img loading=\"lazy\" decoding=\"async\" class=\"size-full wp-image-39246\" src=\"https:\/\/www.organisator.ch\/wp-content\/uploads\/2025\/06\/CEO-Wechsel-bei-Netrics_Organisator.jpg\" alt=\"\" width=\"680\" height=\"498\" srcset=\"https:\/\/www.organisator.ch\/wp-content\/uploads\/2025\/06\/CEO-Wechsel-bei-Netrics_Organisator.jpg 680w, https:\/\/www.organisator.ch\/wp-content\/uploads\/2025\/06\/CEO-Wechsel-bei-Netrics_Organisator-16x12.jpg 16w, https:\/\/www.organisator.ch\/wp-content\/uploads\/2025\/06\/CEO-Wechsel-bei-Netrics_Organisator-375x275.jpg 375w, https:\/\/www.organisator.ch\/wp-content\/uploads\/2025\/06\/CEO-Wechsel-bei-Netrics_Organisator-478x350.jpg 478w\" sizes=\"auto, (max-width: 680px) 100vw, 680px\" \/><figcaption id=\"caption-attachment-39246\" class=\"wp-caption-text\">Netrics sees a change of CEO from Pascal Kocher (right) to Andreas Hohl (left). (Image: zVg \/ Netrics)<\/figcaption><\/figure>\n<p>Netrics has undergone consistent strategic, organizational and cultural development in recent years and is now a leading managed service provider (MSP) in Switzerland. This development has been shaped and driven in particular by CEO Pascal Kocher. Under his leadership, Netrics has consistently expanded its service portfolio, successfully integrated several companies and gained a strong partner for further strategic development with the entry of BU Bregal Unternehmerkapital.<\/p>\n<p>Pascal Kocher is now handing over the position of CEO to Andreas Hohl, currently COO of Netrics AG, as of August 1, 2025. \"We would like to sincerely thank Pascal Kocher for his many years of commitment and his formative impulses. Netrics today has a clear strategic focus, is ideally positioned in the market and is therefore very well equipped for the future,\" says Frank Riemensperger, Chairman of the Advisory Board of the Netrics Group. Pascal Kocher will remain with the company as an advisor and investor.<\/p>\n<p>Pascal Kocher's successor Andreas Hohl has been part of the Netrics management team since March 2025 and brings with him over 20 years of experience in managing and developing companies, including as COO at UMB and CIO at Vitra. \"In Andreas Hohl, we have found an ideal successor: well-established both internally and externally and with a clear understanding of the market, customers and goals. This appointment stands for continuity and clarity - both of which are crucial for us to consistently continue on our chosen course,\" says Frank Riemensperger.<\/p>\n<p>Andreas Hohl adds: \"I am very pleased to be able to sharpen our focus as CEO: To further develop Netrics as a leading MSP provider - with modern technologies, high automation and creating value for and with customers who not only want to become more digital, but also stronger in the competitive market.\"<\/p>\n<p>Andreas Hohl is an industrial engineer and has completed various further training courses in leadership and management, including at the Stanford University Graduate School of Business.<\/p>\n<p><em>Source: <a href=\"http:\/\/www.netrics.ch\">Netrics<\/a><\/em><\/p>","protected":false},"excerpt":{"rendered":"<p>Netrics is set for a change in the company management: On August 1, 2025, Netrics COO Andreas Hohl will take over the role of CEO. He succeeds Pascal Kocher, who will remain associated with Netrics as an advisor and investor.<\/p>","protected":false},"author":4,"featured_media":39246,"comment_status":"closed","ping_status":"closed","sticky":false,"template":"","format":"standard","meta":{"_acf_changed":false,"_yoast_wpseo_focuskw":"CEO-Wechsel bei Netrics","_yoast_wpseo_metadesc":"Bei Netrics gibt es einen CEO-Wechsel: Zum 1. August 2025 \u00fcbernimmt Netrics COO Andreas Hohl die Rolle des Unternehmensleiters.","articlekey":"","footnotes":""},"categories":[28],"tags":[335,381,492],"class_list":["post-39245","post","type-post","status-publish","format-standard","has-post-thumbnail","hentry","category-management","tag-management-und-unternehmensfuehrung","tag-personalia","tag-unternehmen"],"acf":[],"yoast_head":"<!-- This site is optimized with the Yoast SEO plugin v27.5 - https:\/\/yoast.com\/product\/yoast-seo-wordpress\/ -->\n<title>CEO-Wechsel bei Netrics - Organisator<\/title>\n<meta name=\"description\" content=\"Bei Netrics gibt es einen CEO-Wechsel: Zum 1. August 2025 \u00fcbernimmt Netrics COO Andreas Hohl die Rolle des Unternehmensleiters.\" \/>\n<meta name=\"robots\" content=\"index, follow, max-snippet:-1, max-image-preview:large, max-video-preview:-1\" \/>\n<link rel=\"canonical\" href=\"https:\/\/www.organisator.ch\/en\/management\/2025-06-25\/ceo-wechsel-bei-netrics\/\" \/>\n<meta property=\"og:locale\" content=\"en_US\" \/>\n<meta property=\"og:type\" content=\"article\" \/>\n<meta property=\"og:title\" content=\"CEO-Wechsel bei Netrics\" \/>\n<meta property=\"og:description\" content=\"Bei Netrics gibt es einen CEO-Wechsel: Zum 1. August 2025 \u00fcbernimmt Netrics COO Andreas Hohl die Rolle des Unternehmensleiters.\" \/>\n<meta property=\"og:url\" content=\"https:\/\/www.organisator.ch\/en\/management\/2025-06-25\/ceo-wechsel-bei-netrics\/\" \/>\n<meta property=\"og:site_name\" content=\"Organisator\" \/>\n<meta property=\"article:publisher\" content=\"https:\/\/www.facebook.com\/OrganisatorFachmagazin\" \/>\n<meta property=\"article:published_time\" content=\"2025-06-25T04:39:04+00:00\" \/>\n<meta property=\"og:image\" content=\"https:\/\/www.organisator.ch\/wp-content\/uploads\/2025\/06\/CEO-Wechsel-bei-Netrics_Organisator.jpg\" \/>\n\t<meta property=\"og:image:width\" content=\"680\" \/>\n\t<meta property=\"og:image:height\" content=\"498\" \/>\n\t<meta property=\"og:image:type\" content=\"image\/jpeg\" \/>\n<meta name=\"author\" content=\"thomas.berner\" \/>\n<meta name=\"twitter:card\" content=\"summary_large_image\" \/>\n<meta name=\"twitter:title\" content=\"#CEO-Wechsel bei #Netrics\" \/>\n<meta name=\"twitter:description\" content=\"Bei #Netrics gibt es einen #CEO-Wechsel: Zum 1. August 2025 \u00fcbernimmt Netrics COO Andreas Hohl die Rolle des Unternehmensleiters.\" \/>\n<meta name=\"twitter:image\" content=\"https:\/\/www.organisator.ch\/wp-content\/uploads\/2025\/06\/CEO-Wechsel-bei-Netrics_Organisator.jpg\" \/>\n<script type=\"application\/ld+json\" class=\"yoast-schema-graph\">{\"@context\":\"https:\\\/\\\/schema.org\",\"@graph\":[{\"@type\":\"Article\",\"@id\":\"https:\\\/\\\/www.organisator.ch\\\/management\\\/2025-06-25\\\/ceo-wechsel-bei-netrics\\\/#article\",\"isPartOf\":{\"@id\":\"https:\\\/\\\/www.organisator.ch\\\/management\\\/2025-06-25\\\/ceo-wechsel-bei-netrics\\\/\"},\"author\":{\"name\":\"thomas.berner\",\"@id\":\"https:\\\/\\\/www.organisator.ch\\\/#\\\/schema\\\/person\\\/6f650f90b2842cd4c0cc334b4e36f67e\"},\"headline\":\"CEO-Wechsel bei Netrics\",\"datePublished\":\"2025-06-25T04:39:04+00:00\",\"mainEntityOfPage\":{\"@id\":\"https:\\\/\\\/www.organisator.ch\\\/management\\\/2025-06-25\\\/ceo-wechsel-bei-netrics\\\/\"},\"wordCount\":329,\"publisher\":{\"@id\":\"https:\\\/\\\/www.organisator.ch\\\/#organization\"},\"image\":{\"@id\":\"https:\\\/\\\/www.organisator.ch\\\/management\\\/2025-06-25\\\/ceo-wechsel-bei-netrics\\\/#primaryimage\"},\"thumbnailUrl\":\"https:\\\/\\\/www.organisator.ch\\\/wp-content\\\/uploads\\\/2025\\\/06\\\/CEO-Wechsel-bei-Netrics_Organisator.jpg\",\"keywords\":[\"Management und Unternehmensf\u00fchrung\",\"Personalia\",\"Unternehmen\"],\"articleSection\":[\"MANAGEMENT\"],\"inLanguage\":\"en-US\"},{\"@type\":\"WebPage\",\"@id\":\"https:\\\/\\\/www.organisator.ch\\\/management\\\/2025-06-25\\\/ceo-wechsel-bei-netrics\\\/\",\"url\":\"https:\\\/\\\/www.organisator.ch\\\/management\\\/2025-06-25\\\/ceo-wechsel-bei-netrics\\\/\",\"name\":\"CEO-Wechsel bei Netrics - Organisator\",\"isPartOf\":{\"@id\":\"https:\\\/\\\/www.organisator.ch\\\/#website\"},\"primaryImageOfPage\":{\"@id\":\"https:\\\/\\\/www.organisator.ch\\\/management\\\/2025-06-25\\\/ceo-wechsel-bei-netrics\\\/#primaryimage\"},\"image\":{\"@id\":\"https:\\\/\\\/www.organisator.ch\\\/management\\\/2025-06-25\\\/ceo-wechsel-bei-netrics\\\/#primaryimage\"},\"thumbnailUrl\":\"https:\\\/\\\/www.organisator.ch\\\/wp-content\\\/uploads\\\/2025\\\/06\\\/CEO-Wechsel-bei-Netrics_Organisator.jpg\",\"datePublished\":\"2025-06-25T04:39:04+00:00\",\"description\":\"Bei Netrics gibt es einen CEO-Wechsel: Zum 1. August 2025 \u00fcbernimmt Netrics COO Andreas Hohl die Rolle des Unternehmensleiters.\",\"breadcrumb\":{\"@id\":\"https:\\\/\\\/www.organisator.ch\\\/management\\\/2025-06-25\\\/ceo-wechsel-bei-netrics\\\/#breadcrumb\"},\"inLanguage\":\"en-US\",\"potentialAction\":[{\"@type\":\"ReadAction\",\"target\":[\"https:\\\/\\\/www.organisator.ch\\\/management\\\/2025-06-25\\\/ceo-wechsel-bei-netrics\\\/\"]}]},{\"@type\":\"ImageObject\",\"inLanguage\":\"en-US\",\"@id\":\"https:\\\/\\\/www.organisator.ch\\\/management\\\/2025-06-25\\\/ceo-wechsel-bei-netrics\\\/#primaryimage\",\"url\":\"https:\\\/\\\/www.organisator.ch\\\/wp-content\\\/uploads\\\/2025\\\/06\\\/CEO-Wechsel-bei-Netrics_Organisator.jpg\",\"contentUrl\":\"https:\\\/\\\/www.organisator.ch\\\/wp-content\\\/uploads\\\/2025\\\/06\\\/CEO-Wechsel-bei-Netrics_Organisator.jpg\",\"width\":680,\"height\":498,\"caption\":\"Bei Netrics kommt es zum CEO-Wechsel von Pascal Kocher (rechts) zu Andreas Hohl (links). (Bild: zVg \\\/ Netrics)\"},{\"@type\":\"BreadcrumbList\",\"@id\":\"https:\\\/\\\/www.organisator.ch\\\/management\\\/2025-06-25\\\/ceo-wechsel-bei-netrics\\\/#breadcrumb\",\"itemListElement\":[{\"@type\":\"ListItem\",\"position\":1,\"name\":\"Home\",\"item\":\"https:\\\/\\\/www.organisator.ch\\\/\"},{\"@type\":\"ListItem\",\"position\":2,\"name\":\"CEO-Wechsel bei Netrics\"}]},{\"@type\":\"WebSite\",\"@id\":\"https:\\\/\\\/www.organisator.ch\\\/#website\",\"url\":\"https:\\\/\\\/www.organisator.ch\\\/\",\"name\":\"Organisator\",\"description\":\"Kompetent. Praxisnah. Der ORGANISATOR bereitet in 10 Ausgaben pro Jahr die wesentlichen Themen f\u00fcr F\u00fchrungskr\u00e4fte von KMU auf.\",\"publisher\":{\"@id\":\"https:\\\/\\\/www.organisator.ch\\\/#organization\"},\"potentialAction\":[{\"@type\":\"SearchAction\",\"target\":{\"@type\":\"EntryPoint\",\"urlTemplate\":\"https:\\\/\\\/www.organisator.ch\\\/?s={search_term_string}\"},\"query-input\":{\"@type\":\"PropertyValueSpecification\",\"valueRequired\":true,\"valueName\":\"search_term_string\"}}],\"inLanguage\":\"en-US\"},{\"@type\":\"Organization\",\"@id\":\"https:\\\/\\\/www.organisator.ch\\\/#organization\",\"name\":\"Organisator\",\"url\":\"https:\\\/\\\/www.organisator.ch\\\/\",\"logo\":{\"@type\":\"ImageObject\",\"inLanguage\":\"en-US\",\"@id\":\"https:\\\/\\\/www.organisator.ch\\\/#\\\/schema\\\/logo\\\/image\\\/\",\"url\":\"https:\\\/\\\/www.organisator.ch\\\/wp-content\\\/uploads\\\/2022\\\/01\\\/Logo_Organisator_Website.png\",\"contentUrl\":\"https:\\\/\\\/www.organisator.ch\\\/wp-content\\\/uploads\\\/2022\\\/01\\\/Logo_Organisator_Website.png\",\"width\":800,\"height\":77,\"caption\":\"Organisator\"},\"image\":{\"@id\":\"https:\\\/\\\/www.organisator.ch\\\/#\\\/schema\\\/logo\\\/image\\\/\"},\"sameAs\":[\"https:\\\/\\\/www.facebook.com\\\/OrganisatorFachmagazin\",\"https:\\\/\\\/www.linkedin.com\\\/showcase\\\/organisator-das-magazin-fr-kmu\",\"https:\\\/\\\/www.xing.com\\\/news\\\/pages\\\/organisator-ch-695\",\"https:\\\/\\\/www.youtube.com\\\/channel\\\/UCGP2Sq0iWaZwT3BdIAQFYpw\"]},{\"@type\":\"Person\",\"@id\":\"https:\\\/\\\/www.organisator.ch\\\/#\\\/schema\\\/person\\\/6f650f90b2842cd4c0cc334b4e36f67e\",\"name\":\"thomas.berner\",\"image\":{\"@type\":\"ImageObject\",\"inLanguage\":\"en-US\",\"@id\":\"https:\\\/\\\/secure.gravatar.com\\\/avatar\\\/ac5001d2a36cb6c6cd3e50789007ffca834b477b74a2144564522e944eabff61?s=96&d=mm&r=g\",\"url\":\"https:\\\/\\\/secure.gravatar.com\\\/avatar\\\/ac5001d2a36cb6c6cd3e50789007ffca834b477b74a2144564522e944eabff61?s=96&d=mm&r=g\",\"contentUrl\":\"https:\\\/\\\/secure.gravatar.com\\\/avatar\\\/ac5001d2a36cb6c6cd3e50789007ffca834b477b74a2144564522e944eabff61?s=96&d=mm&r=g\",\"caption\":\"thomas.berner\"},\"url\":\"https:\\\/\\\/www.organisator.ch\\\/en\\\/author\\\/thomas-berner\\\/\"}]}<\/script>\n<!-- \/ Yoast SEO plugin. -->","yoast_head_json":{"title":"CEO change at Netrics - Organizer","description":"There is a change of CEO at Netrics: On August 1, 2025, Netrics COO Andreas Hohl will take over the role of CEO.","robots":{"index":"index","follow":"follow","max-snippet":"max-snippet:-1","max-image-preview":"max-image-preview:large","max-video-preview":"max-video-preview:-1"},"canonical":"https:\/\/www.organisator.ch\/en\/management\/2025-06-25\/ceo-wechsel-bei-netrics\/","og_locale":"en_US","og_type":"article","og_title":"CEO-Wechsel bei Netrics","og_description":"Bei Netrics gibt es einen CEO-Wechsel: Zum 1. August 2025 \u00fcbernimmt Netrics COO Andreas Hohl die Rolle des Unternehmensleiters.","og_url":"https:\/\/www.organisator.ch\/en\/management\/2025-06-25\/ceo-wechsel-bei-netrics\/","og_site_name":"Organisator","article_publisher":"https:\/\/www.facebook.com\/OrganisatorFachmagazin","article_published_time":"2025-06-25T04:39:04+00:00","og_image":[{"width":680,"height":498,"url":"https:\/\/www.organisator.ch\/wp-content\/uploads\/2025\/06\/CEO-Wechsel-bei-Netrics_Organisator.jpg","type":"image\/jpeg"}],"author":"thomas.berner","twitter_card":"summary_large_image","twitter_title":"#CEO-Wechsel bei #Netrics","twitter_description":"Bei #Netrics gibt es einen #CEO-Wechsel: Zum 1. August 2025 \u00fcbernimmt Netrics COO Andreas Hohl die Rolle des Unternehmensleiters.","twitter_image":"https:\/\/www.organisator.ch\/wp-content\/uploads\/2025\/06\/CEO-Wechsel-bei-Netrics_Organisator.jpg","schema":{"@context":"https:\/\/schema.org","@graph":[{"@type":"Article","@id":"https:\/\/www.organisator.ch\/management\/2025-06-25\/ceo-wechsel-bei-netrics\/#article","isPartOf":{"@id":"https:\/\/www.organisator.ch\/management\/2025-06-25\/ceo-wechsel-bei-netrics\/"},"author":{"name":"thomas.berner","@id":"https:\/\/www.organisator.ch\/#\/schema\/person\/6f650f90b2842cd4c0cc334b4e36f67e"},"headline":"CEO-Wechsel bei Netrics","datePublished":"2025-06-25T04:39:04+00:00","mainEntityOfPage":{"@id":"https:\/\/www.organisator.ch\/management\/2025-06-25\/ceo-wechsel-bei-netrics\/"},"wordCount":329,"publisher":{"@id":"https:\/\/www.organisator.ch\/#organization"},"image":{"@id":"https:\/\/www.organisator.ch\/management\/2025-06-25\/ceo-wechsel-bei-netrics\/#primaryimage"},"thumbnailUrl":"https:\/\/www.organisator.ch\/wp-content\/uploads\/2025\/06\/CEO-Wechsel-bei-Netrics_Organisator.jpg","keywords":["Management und Unternehmensf\u00fchrung","Personalia","Unternehmen"],"articleSection":["MANAGEMENT"],"inLanguage":"en-US"},{"@type":"WebPage","@id":"https:\/\/www.organisator.ch\/management\/2025-06-25\/ceo-wechsel-bei-netrics\/","url":"https:\/\/www.organisator.ch\/management\/2025-06-25\/ceo-wechsel-bei-netrics\/","name":"CEO change at Netrics - Organizer","isPartOf":{"@id":"https:\/\/www.organisator.ch\/#website"},"primaryImageOfPage":{"@id":"https:\/\/www.organisator.ch\/management\/2025-06-25\/ceo-wechsel-bei-netrics\/#primaryimage"},"image":{"@id":"https:\/\/www.organisator.ch\/management\/2025-06-25\/ceo-wechsel-bei-netrics\/#primaryimage"},"thumbnailUrl":"https:\/\/www.organisator.ch\/wp-content\/uploads\/2025\/06\/CEO-Wechsel-bei-Netrics_Organisator.jpg","datePublished":"2025-06-25T04:39:04+00:00","description":"There is a change of CEO at Netrics: On August 1, 2025, Netrics COO Andreas Hohl will take over the role of CEO.","breadcrumb":{"@id":"https:\/\/www.organisator.ch\/management\/2025-06-25\/ceo-wechsel-bei-netrics\/#breadcrumb"},"inLanguage":"en-US","potentialAction":[{"@type":"ReadAction","target":["https:\/\/www.organisator.ch\/management\/2025-06-25\/ceo-wechsel-bei-netrics\/"]}]},{"@type":"ImageObject","inLanguage":"en-US","@id":"https:\/\/www.organisator.ch\/management\/2025-06-25\/ceo-wechsel-bei-netrics\/#primaryimage","url":"https:\/\/www.organisator.ch\/wp-content\/uploads\/2025\/06\/CEO-Wechsel-bei-Netrics_Organisator.jpg","contentUrl":"https:\/\/www.organisator.ch\/wp-content\/uploads\/2025\/06\/CEO-Wechsel-bei-Netrics_Organisator.jpg","width":680,"height":498,"caption":"Bei Netrics kommt es zum CEO-Wechsel von Pascal Kocher (rechts) zu Andreas Hohl (links). (Bild: zVg \/ Netrics)"},{"@type":"BreadcrumbList","@id":"https:\/\/www.organisator.ch\/management\/2025-06-25\/ceo-wechsel-bei-netrics\/#breadcrumb","itemListElement":[{"@type":"ListItem","position":1,"name":"Home","item":"https:\/\/www.organisator.ch\/"},{"@type":"ListItem","position":2,"name":"CEO-Wechsel bei Netrics"}]},{"@type":"WebSite","@id":"https:\/\/www.organisator.ch\/#website","url":"https:\/\/www.organisator.ch\/","name":"Organizer","description":"Competent. Practical. In 10 issues per year, ORGANISATOR presents the essential topics for managers of SMEs.","publisher":{"@id":"https:\/\/www.organisator.ch\/#organization"},"potentialAction":[{"@type":"SearchAction","target":{"@type":"EntryPoint","urlTemplate":"https:\/\/www.organisator.ch\/?s={search_term_string}"},"query-input":{"@type":"PropertyValueSpecification","valueRequired":true,"valueName":"search_term_string"}}],"inLanguage":"en-US"},{"@type":"Organization","@id":"https:\/\/www.organisator.ch\/#organization","name":"Organizer","url":"https:\/\/www.organisator.ch\/","logo":{"@type":"ImageObject","inLanguage":"en-US","@id":"https:\/\/www.organisator.ch\/#\/schema\/logo\/image\/","url":"https:\/\/www.organisator.ch\/wp-content\/uploads\/2022\/01\/Logo_Organisator_Website.png","contentUrl":"https:\/\/www.organisator.ch\/wp-content\/uploads\/2022\/01\/Logo_Organisator_Website.png","width":800,"height":77,"caption":"Organisator"},"image":{"@id":"https:\/\/www.organisator.ch\/#\/schema\/logo\/image\/"},"sameAs":["https:\/\/www.facebook.com\/OrganisatorFachmagazin","https:\/\/www.linkedin.com\/showcase\/organisator-das-magazin-fr-kmu","https:\/\/www.xing.com\/news\/pages\/organisator-ch-695","https:\/\/www.youtube.com\/channel\/UCGP2Sq0iWaZwT3BdIAQFYpw"]},{"@type":"Person","@id":"https:\/\/www.organisator.ch\/#\/schema\/person\/6f650f90b2842cd4c0cc334b4e36f67e","name":"thomas.berner","image":{"@type":"ImageObject","inLanguage":"en-US","@id":"https:\/\/secure.gravatar.com\/avatar\/ac5001d2a36cb6c6cd3e50789007ffca834b477b74a2144564522e944eabff61?s=96&d=mm&r=g","url":"https:\/\/secure.gravatar.com\/avatar\/ac5001d2a36cb6c6cd3e50789007ffca834b477b74a2144564522e944eabff61?s=96&d=mm&r=g","contentUrl":"https:\/\/secure.gravatar.com\/avatar\/ac5001d2a36cb6c6cd3e50789007ffca834b477b74a2144564522e944eabff61?s=96&d=mm&r=g","caption":"thomas.berner"},"url":"https:\/\/www.organisator.ch\/en\/author\/thomas-berner\/"}]}},"_links":{"self":[{"href":"https:\/\/www.organisator.ch\/en\/wp-json\/wp\/v2\/posts\/39245","targetHints":{"allow":["GET"]}}],"collection":[{"href":"https:\/\/www.organisator.ch\/en\/wp-json\/wp\/v2\/posts"}],"about":[{"href":"https:\/\/www.organisator.ch\/en\/wp-json\/wp\/v2\/types\/post"}],"author":[{"embeddable":true,"href":"https:\/\/www.organisator.ch\/en\/wp-json\/wp\/v2\/users\/4"}],"replies":[{"embeddable":true,"href":"https:\/\/www.organisator.ch\/en\/wp-json\/wp\/v2\/comments?post=39245"}],"version-history":[{"count":4,"href":"https:\/\/www.organisator.ch\/en\/wp-json\/wp\/v2\/posts\/39245\/revisions"}],"predecessor-version":[{"id":39301,"href":"https:\/\/www.organisator.ch\/en\/wp-json\/wp\/v2\/posts\/39245\/revisions\/39301"}],"wp:featuredmedia":[{"embeddable":true,"href":"https:\/\/www.organisator.ch\/en\/wp-json\/wp\/v2\/media\/39246"}],"wp:attachment":[{"href":"https:\/\/www.organisator.ch\/en\/wp-json\/wp\/v2\/media?parent=39245"}],"wp:term":[{"taxonomy":"category","embeddable":true,"href":"https:\/\/www.organisator.ch\/en\/wp-json\/wp\/v2\/categories?post=39245"},{"taxonomy":"post_tag","embeddable":true,"href":"https:\/\/www.organisator.ch\/en\/wp-json\/wp\/v2\/tags?post=39245"}],"curies":[{"name":"wp","href":"https:\/\/api.w.org\/{rel}","templated":true}]}}