{"id":39296,"date":"2025-06-25T20:20:26","date_gmt":"2025-06-25T18:20:26","guid":{"rendered":"https:\/\/www.markt-kom.com\/?p=236687"},"modified":"2025-06-26T07:17:17","modified_gmt":"2025-06-26T05:17:17","slug":"lsa-feiert-90-jahr-jubilaeum-und-neue-vorstandsmitglieder","status":"publish","type":"post","link":"https:\/\/www.organisator.ch\/en\/marketing\/2025-06-25\/lsa-feiert-90-jahr-jubilaeum-und-neue-vorstandsmitglieder\/","title":{"rendered":"LSA celebrates its 90th anniversary and new board members"},"content":{"rendered":"<figure id=\"attachment_236689\" class=\"wp-caption alignnone\" style=\"width: 1200px;\" aria-describedby=\"caption-attachment-236689\"><img class=\"wp-image-236689 size-full\" src=\"https:\/\/www.markt-kom.com\/wp-content\/uploads\/2025\/06\/Neue-Vorstandsmitglieder.jpg\" sizes=\"(max-width: 1200px) 100vw, 1200px\" srcset=\"https:\/\/www.markt-kom.com\/wp-content\/uploads\/2025\/06\/Neue-Vorstandsmitglieder.jpg 1200w, https:\/\/www.markt-kom.com\/wp-content\/uploads\/2025\/06\/Neue-Vorstandsmitglieder-600x400.jpg 600w, https:\/\/www.markt-kom.com\/wp-content\/uploads\/2025\/06\/Neue-Vorstandsmitglieder-1024x683.jpg 1024w, https:\/\/www.markt-kom.com\/wp-content\/uploads\/2025\/06\/Neue-Vorstandsmitglieder-768x512.jpg 768w, https:\/\/www.markt-kom.com\/wp-content\/uploads\/2025\/06\/Neue-Vorstandsmitglieder-18x12.jpg 18w, https:\/\/www.markt-kom.com\/wp-content\/uploads\/2025\/06\/Neue-Vorstandsmitglieder-263x175.jpg 263w, https:\/\/www.markt-kom.com\/wp-content\/uploads\/2025\/06\/Neue-Vorstandsmitglieder-525x350.jpg 525w, https:\/\/www.markt-kom.com\/wp-content\/uploads\/2025\/06\/Neue-Vorstandsmitglieder-1000x667.jpg 1000w\" alt=\"\" width=\"1200\" height=\"800\" \/>\r\n<figcaption id=\"caption-attachment-236689\" class=\"wp-caption-text\">From left: Pascal Winkler, Claudia Ziltener and Daniel J\u00f6rg are new members of the board of the LSA Association<\/figcaption>\r\n<\/figure>\r\n<p>The members of Leading Swiss Agencies (LSA) elected Claudia Ziltener (thjnk Zurich), Daniel J\u00f6rg (Team Farner) and Pascal Winkler (Publicis Groupe Switzerland) to the Board of Directors at their meeting on Wednesday, June 25 at the Razzia in Zurich.<\/p>\r\n<p>\"I am delighted to be involved in the association that showed me the way into the industry. In particular, I would like to promote partnership-based cooperation between agencies and clients as well as the promotion of young talent in our industry. The latter is particularly close to my heart, as I was able to experience for myself how valuable honest support can be and how enriching it is to work with young talents who will carry our industry into the future,\" says Claudia Ziltener, member of the management team at thjnk Zurich.<\/p>\r\n<p>Daniel J\u00f6rg, Chief Innovation Officer at Team Farner, adds: \"We need to become bolder and more visible as an industry. I want to work on the LSA Board to strengthen our self-image as agencies, make our services more visible and reposition the value of creative communication - for more impact, more pride and more future.\"<\/p>\r\n<p>\"I am involved in the LSA because I believe that creative excellence comes from the interaction of all disciplines. As a strategist, I see it as my task not only to provide guidance, but also to empower everyone involved to make their contribution to a strong industry with a shared impact,\" says Pascal Winkler, Chief Strategy Officer of Publicis Groupe Switzerland.<\/p>\r\n<p>Mark Burow (formerly of Dentsu Creative DACH) and Pablo Koerfer (formerly of Farner Consulting) were duly dismissed from the Board after eight and two years respectively. The LSA would like to thank both of them for their commitment and many years of service to the association and the industry.<\/p>\r\n<p><img class=\"alignnone size-full wp-image-236688\" src=\"https:\/\/www.markt-kom.com\/wp-content\/uploads\/2025\/06\/Vorstand-LSA.jpg\" sizes=\"(max-width: 1200px) 100vw, 1200px\" srcset=\"https:\/\/www.markt-kom.com\/wp-content\/uploads\/2025\/06\/Vorstand-LSA.jpg 1200w, https:\/\/www.markt-kom.com\/wp-content\/uploads\/2025\/06\/Vorstand-LSA-600x401.jpg 600w, https:\/\/www.markt-kom.com\/wp-content\/uploads\/2025\/06\/Vorstand-LSA-1024x684.jpg 1024w, https:\/\/www.markt-kom.com\/wp-content\/uploads\/2025\/06\/Vorstand-LSA-768x513.jpg 768w, https:\/\/www.markt-kom.com\/wp-content\/uploads\/2025\/06\/Vorstand-LSA-18x12.jpg 18w, https:\/\/www.markt-kom.com\/wp-content\/uploads\/2025\/06\/Vorstand-LSA-262x175.jpg 262w, https:\/\/www.markt-kom.com\/wp-content\/uploads\/2025\/06\/Vorstand-LSA-524x350.jpg 524w, https:\/\/www.markt-kom.com\/wp-content\/uploads\/2025\/06\/Vorstand-LSA-1000x668.jpg 1000w\" alt=\"\" width=\"1200\" height=\"801\" \/><\/p>\r\n<h3><strong>Review and insight in a new form<\/strong><\/h3>\r\n<p>A fully digital annual report was presented to members for the first time. This provides a transparent and clear overview of the LSA year in figures, our events and the LSA network. <a href=\"https:\/\/jahresbericht.leadingswissagencies.ch\/\">The report can be viewed online<\/a>.<\/p>","protected":false},"excerpt":{"rendered":"<p>Leading Swiss Agencies celebrated its 90th anniversary at this year's general meeting. The event provided an opportunity to exchange views, look back and elect three new board members.<\/p>","protected":false},"author":8,"featured_media":0,"comment_status":"closed","ping_status":"closed","sticky":false,"template":"","format":"standard","meta":{"_acf_changed":false,"_yoast_wpseo_focuskw":"LSA","_yoast_wpseo_metadesc":"Der Verband Leading Swiss Agencies LSA feierte sein 90-j\u00e4hriges Bestehen an der diesj\u00e4hrigen Mitgliederversammlung.","articlekey":"","footnotes":""},"categories":[29],"tags":[3659,4343,3332,4561,2873,503],"class_list":["post-39296","post","type-post","status-publish","format-standard","hentry","category-marketing","tag-lsa-leading-swiss-agencies","tag-markom","tag-publicis","tag-team-farner","tag-thjnk-zuerich","tag-verbaende"],"acf":[],"yoast_head":"<!-- This site is optimized with the Yoast SEO plugin v27.5 - https:\/\/yoast.com\/product\/yoast-seo-wordpress\/ -->\n<title>LSA feiert 90 Jahr-Jubil\u00e4um und neue Vorstandsmitglieder - Organisator<\/title>\n<meta name=\"description\" content=\"Der Verband Leading Swiss Agencies LSA feierte sein 90-j\u00e4hriges Bestehen an der diesj\u00e4hrigen Mitgliederversammlung.\" \/>\n<meta name=\"robots\" content=\"index, follow, max-snippet:-1, max-image-preview:large, max-video-preview:-1\" \/>\n<link rel=\"canonical\" href=\"https:\/\/www.organisator.ch\/en\/marketing\/2025-06-25\/lsa-feiert-90-jahr-jubilaeum-und-neue-vorstandsmitglieder\/\" \/>\n<meta property=\"og:locale\" content=\"en_US\" \/>\n<meta property=\"og:type\" content=\"article\" \/>\n<meta property=\"og:title\" content=\"LSA feiert 90 Jahr-Jubil\u00e4um und neue Vorstandsmitglieder - Organisator\" \/>\n<meta property=\"og:description\" content=\"Der Verband Leading Swiss Agencies LSA feierte sein 90-j\u00e4hriges Bestehen an der diesj\u00e4hrigen Mitgliederversammlung.\" \/>\n<meta property=\"og:url\" content=\"https:\/\/www.organisator.ch\/en\/marketing\/2025-06-25\/lsa-feiert-90-jahr-jubilaeum-und-neue-vorstandsmitglieder\/\" \/>\n<meta property=\"og:site_name\" content=\"Organisator\" \/>\n<meta property=\"article:publisher\" content=\"https:\/\/www.facebook.com\/OrganisatorFachmagazin\" \/>\n<meta property=\"article:published_time\" content=\"2025-06-25T18:20:26+00:00\" \/>\n<meta property=\"article:modified_time\" content=\"2025-06-26T05:17:17+00:00\" \/>\n<meta name=\"author\" content=\"galledia\" \/>\n<meta name=\"twitter:card\" content=\"summary_large_image\" \/>\n<meta name=\"twitter:creator\" content=\"@admin\" \/>\n<script type=\"application\/ld+json\" class=\"yoast-schema-graph\">{\"@context\":\"https:\\\/\\\/schema.org\",\"@graph\":[{\"@type\":\"Article\",\"@id\":\"https:\\\/\\\/www.organisator.ch\\\/marketing\\\/2025-06-25\\\/lsa-feiert-90-jahr-jubilaeum-und-neue-vorstandsmitglieder\\\/#article\",\"isPartOf\":{\"@id\":\"https:\\\/\\\/www.organisator.ch\\\/marketing\\\/2025-06-25\\\/lsa-feiert-90-jahr-jubilaeum-und-neue-vorstandsmitglieder\\\/\"},\"author\":{\"name\":\"galledia\",\"@id\":\"https:\\\/\\\/www.organisator.ch\\\/#\\\/schema\\\/person\\\/4e51799071cd2dd1232ac003643ef5f0\"},\"headline\":\"LSA feiert 90 Jahr-Jubil\u00e4um und neue Vorstandsmitglieder\",\"datePublished\":\"2025-06-25T18:20:26+00:00\",\"dateModified\":\"2025-06-26T05:17:17+00:00\",\"mainEntityOfPage\":{\"@id\":\"https:\\\/\\\/www.organisator.ch\\\/marketing\\\/2025-06-25\\\/lsa-feiert-90-jahr-jubilaeum-und-neue-vorstandsmitglieder\\\/\"},\"wordCount\":353,\"publisher\":{\"@id\":\"https:\\\/\\\/www.organisator.ch\\\/#organization\"},\"image\":{\"@id\":\"https:\\\/\\\/www.organisator.ch\\\/marketing\\\/2025-06-25\\\/lsa-feiert-90-jahr-jubilaeum-und-neue-vorstandsmitglieder\\\/#primaryimage\"},\"thumbnailUrl\":\"https:\\\/\\\/www.markt-kom.com\\\/wp-content\\\/uploads\\\/2025\\\/06\\\/Neue-Vorstandsmitglieder.jpg\",\"keywords\":[\"LSA Leading Swiss Agencies\",\"MarKom\",\"Publicis\",\"Team Farner\",\"Thjnk Z\u00fcrich\",\"Verb\u00e4nde\"],\"articleSection\":[\"MARKETING\"],\"inLanguage\":\"en-US\"},{\"@type\":\"WebPage\",\"@id\":\"https:\\\/\\\/www.organisator.ch\\\/marketing\\\/2025-06-25\\\/lsa-feiert-90-jahr-jubilaeum-und-neue-vorstandsmitglieder\\\/\",\"url\":\"https:\\\/\\\/www.organisator.ch\\\/marketing\\\/2025-06-25\\\/lsa-feiert-90-jahr-jubilaeum-und-neue-vorstandsmitglieder\\\/\",\"name\":\"LSA feiert 90 Jahr-Jubil\u00e4um und neue Vorstandsmitglieder - Organisator\",\"isPartOf\":{\"@id\":\"https:\\\/\\\/www.organisator.ch\\\/#website\"},\"primaryImageOfPage\":{\"@id\":\"https:\\\/\\\/www.organisator.ch\\\/marketing\\\/2025-06-25\\\/lsa-feiert-90-jahr-jubilaeum-und-neue-vorstandsmitglieder\\\/#primaryimage\"},\"image\":{\"@id\":\"https:\\\/\\\/www.organisator.ch\\\/marketing\\\/2025-06-25\\\/lsa-feiert-90-jahr-jubilaeum-und-neue-vorstandsmitglieder\\\/#primaryimage\"},\"thumbnailUrl\":\"https:\\\/\\\/www.markt-kom.com\\\/wp-content\\\/uploads\\\/2025\\\/06\\\/Neue-Vorstandsmitglieder.jpg\",\"datePublished\":\"2025-06-25T18:20:26+00:00\",\"dateModified\":\"2025-06-26T05:17:17+00:00\",\"description\":\"Der Verband Leading Swiss Agencies LSA feierte sein 90-j\u00e4hriges Bestehen an der diesj\u00e4hrigen Mitgliederversammlung.\",\"breadcrumb\":{\"@id\":\"https:\\\/\\\/www.organisator.ch\\\/marketing\\\/2025-06-25\\\/lsa-feiert-90-jahr-jubilaeum-und-neue-vorstandsmitglieder\\\/#breadcrumb\"},\"inLanguage\":\"en-US\",\"potentialAction\":[{\"@type\":\"ReadAction\",\"target\":[\"https:\\\/\\\/www.organisator.ch\\\/marketing\\\/2025-06-25\\\/lsa-feiert-90-jahr-jubilaeum-und-neue-vorstandsmitglieder\\\/\"]}]},{\"@type\":\"ImageObject\",\"inLanguage\":\"en-US\",\"@id\":\"https:\\\/\\\/www.organisator.ch\\\/marketing\\\/2025-06-25\\\/lsa-feiert-90-jahr-jubilaeum-und-neue-vorstandsmitglieder\\\/#primaryimage\",\"url\":\"https:\\\/\\\/www.markt-kom.com\\\/wp-content\\\/uploads\\\/2025\\\/06\\\/Neue-Vorstandsmitglieder.jpg\",\"contentUrl\":\"https:\\\/\\\/www.markt-kom.com\\\/wp-content\\\/uploads\\\/2025\\\/06\\\/Neue-Vorstandsmitglieder.jpg\"},{\"@type\":\"BreadcrumbList\",\"@id\":\"https:\\\/\\\/www.organisator.ch\\\/marketing\\\/2025-06-25\\\/lsa-feiert-90-jahr-jubilaeum-und-neue-vorstandsmitglieder\\\/#breadcrumb\",\"itemListElement\":[{\"@type\":\"ListItem\",\"position\":1,\"name\":\"Home\",\"item\":\"https:\\\/\\\/www.organisator.ch\\\/\"},{\"@type\":\"ListItem\",\"position\":2,\"name\":\"LSA feiert 90 Jahr-Jubil\u00e4um und neue Vorstandsmitglieder\"}]},{\"@type\":\"WebSite\",\"@id\":\"https:\\\/\\\/www.organisator.ch\\\/#website\",\"url\":\"https:\\\/\\\/www.organisator.ch\\\/\",\"name\":\"Organisator\",\"description\":\"Kompetent. Praxisnah. Der ORGANISATOR bereitet in 10 Ausgaben pro Jahr die wesentlichen Themen f\u00fcr F\u00fchrungskr\u00e4fte von KMU auf.\",\"publisher\":{\"@id\":\"https:\\\/\\\/www.organisator.ch\\\/#organization\"},\"potentialAction\":[{\"@type\":\"SearchAction\",\"target\":{\"@type\":\"EntryPoint\",\"urlTemplate\":\"https:\\\/\\\/www.organisator.ch\\\/?s={search_term_string}\"},\"query-input\":{\"@type\":\"PropertyValueSpecification\",\"valueRequired\":true,\"valueName\":\"search_term_string\"}}],\"inLanguage\":\"en-US\"},{\"@type\":\"Organization\",\"@id\":\"https:\\\/\\\/www.organisator.ch\\\/#organization\",\"name\":\"Organisator\",\"url\":\"https:\\\/\\\/www.organisator.ch\\\/\",\"logo\":{\"@type\":\"ImageObject\",\"inLanguage\":\"en-US\",\"@id\":\"https:\\\/\\\/www.organisator.ch\\\/#\\\/schema\\\/logo\\\/image\\\/\",\"url\":\"https:\\\/\\\/www.organisator.ch\\\/wp-content\\\/uploads\\\/2022\\\/01\\\/Logo_Organisator_Website.png\",\"contentUrl\":\"https:\\\/\\\/www.organisator.ch\\\/wp-content\\\/uploads\\\/2022\\\/01\\\/Logo_Organisator_Website.png\",\"width\":800,\"height\":77,\"caption\":\"Organisator\"},\"image\":{\"@id\":\"https:\\\/\\\/www.organisator.ch\\\/#\\\/schema\\\/logo\\\/image\\\/\"},\"sameAs\":[\"https:\\\/\\\/www.facebook.com\\\/OrganisatorFachmagazin\",\"https:\\\/\\\/www.linkedin.com\\\/showcase\\\/organisator-das-magazin-fr-kmu\",\"https:\\\/\\\/www.xing.com\\\/news\\\/pages\\\/organisator-ch-695\",\"https:\\\/\\\/www.youtube.com\\\/channel\\\/UCGP2Sq0iWaZwT3BdIAQFYpw\"]},{\"@type\":\"Person\",\"@id\":\"https:\\\/\\\/www.organisator.ch\\\/#\\\/schema\\\/person\\\/4e51799071cd2dd1232ac003643ef5f0\",\"name\":\"galledia\",\"image\":{\"@type\":\"ImageObject\",\"inLanguage\":\"en-US\",\"@id\":\"https:\\\/\\\/secure.gravatar.com\\\/avatar\\\/78a7f90c01fc2bfc875782a0d4922b37cde2cf184ce347b91316d23cd7f69a36?s=96&d=mm&r=g\",\"url\":\"https:\\\/\\\/secure.gravatar.com\\\/avatar\\\/78a7f90c01fc2bfc875782a0d4922b37cde2cf184ce347b91316d23cd7f69a36?s=96&d=mm&r=g\",\"contentUrl\":\"https:\\\/\\\/secure.gravatar.com\\\/avatar\\\/78a7f90c01fc2bfc875782a0d4922b37cde2cf184ce347b91316d23cd7f69a36?s=96&d=mm&r=g\",\"caption\":\"galledia\"},\"sameAs\":[\"https:\\\/\\\/x.com\\\/admin\"],\"url\":\"https:\\\/\\\/www.organisator.ch\\\/en\\\/author\\\/galledia\\\/\"}]}<\/script>\n<!-- \/ Yoast SEO plugin. -->","yoast_head_json":{"title":"LSA celebrates 90th anniversary and new board members - Organizer","description":"The Leading Swiss Agencies Association (LSA) celebrated its 90th anniversary at this year's general meeting.","robots":{"index":"index","follow":"follow","max-snippet":"max-snippet:-1","max-image-preview":"max-image-preview:large","max-video-preview":"max-video-preview:-1"},"canonical":"https:\/\/www.organisator.ch\/en\/marketing\/2025-06-25\/lsa-feiert-90-jahr-jubilaeum-und-neue-vorstandsmitglieder\/","og_locale":"en_US","og_type":"article","og_title":"LSA feiert 90 Jahr-Jubil\u00e4um und neue Vorstandsmitglieder - Organisator","og_description":"Der Verband Leading Swiss Agencies LSA feierte sein 90-j\u00e4hriges Bestehen an der diesj\u00e4hrigen Mitgliederversammlung.","og_url":"https:\/\/www.organisator.ch\/en\/marketing\/2025-06-25\/lsa-feiert-90-jahr-jubilaeum-und-neue-vorstandsmitglieder\/","og_site_name":"Organisator","article_publisher":"https:\/\/www.facebook.com\/OrganisatorFachmagazin","article_published_time":"2025-06-25T18:20:26+00:00","article_modified_time":"2025-06-26T05:17:17+00:00","author":"galledia","twitter_card":"summary_large_image","twitter_creator":"@admin","schema":{"@context":"https:\/\/schema.org","@graph":[{"@type":"Article","@id":"https:\/\/www.organisator.ch\/marketing\/2025-06-25\/lsa-feiert-90-jahr-jubilaeum-und-neue-vorstandsmitglieder\/#article","isPartOf":{"@id":"https:\/\/www.organisator.ch\/marketing\/2025-06-25\/lsa-feiert-90-jahr-jubilaeum-und-neue-vorstandsmitglieder\/"},"author":{"name":"galledia","@id":"https:\/\/www.organisator.ch\/#\/schema\/person\/4e51799071cd2dd1232ac003643ef5f0"},"headline":"LSA feiert 90 Jahr-Jubil\u00e4um und neue Vorstandsmitglieder","datePublished":"2025-06-25T18:20:26+00:00","dateModified":"2025-06-26T05:17:17+00:00","mainEntityOfPage":{"@id":"https:\/\/www.organisator.ch\/marketing\/2025-06-25\/lsa-feiert-90-jahr-jubilaeum-und-neue-vorstandsmitglieder\/"},"wordCount":353,"publisher":{"@id":"https:\/\/www.organisator.ch\/#organization"},"image":{"@id":"https:\/\/www.organisator.ch\/marketing\/2025-06-25\/lsa-feiert-90-jahr-jubilaeum-und-neue-vorstandsmitglieder\/#primaryimage"},"thumbnailUrl":"https:\/\/www.markt-kom.com\/wp-content\/uploads\/2025\/06\/Neue-Vorstandsmitglieder.jpg","keywords":["LSA Leading Swiss Agencies","MarKom","Publicis","Team Farner","Thjnk Z\u00fcrich","Verb\u00e4nde"],"articleSection":["MARKETING"],"inLanguage":"en-US"},{"@type":"WebPage","@id":"https:\/\/www.organisator.ch\/marketing\/2025-06-25\/lsa-feiert-90-jahr-jubilaeum-und-neue-vorstandsmitglieder\/","url":"https:\/\/www.organisator.ch\/marketing\/2025-06-25\/lsa-feiert-90-jahr-jubilaeum-und-neue-vorstandsmitglieder\/","name":"LSA celebrates 90th anniversary and new board members - Organizer","isPartOf":{"@id":"https:\/\/www.organisator.ch\/#website"},"primaryImageOfPage":{"@id":"https:\/\/www.organisator.ch\/marketing\/2025-06-25\/lsa-feiert-90-jahr-jubilaeum-und-neue-vorstandsmitglieder\/#primaryimage"},"image":{"@id":"https:\/\/www.organisator.ch\/marketing\/2025-06-25\/lsa-feiert-90-jahr-jubilaeum-und-neue-vorstandsmitglieder\/#primaryimage"},"thumbnailUrl":"https:\/\/www.markt-kom.com\/wp-content\/uploads\/2025\/06\/Neue-Vorstandsmitglieder.jpg","datePublished":"2025-06-25T18:20:26+00:00","dateModified":"2025-06-26T05:17:17+00:00","description":"The Leading Swiss Agencies Association (LSA) celebrated its 90th anniversary at this year's general meeting.","breadcrumb":{"@id":"https:\/\/www.organisator.ch\/marketing\/2025-06-25\/lsa-feiert-90-jahr-jubilaeum-und-neue-vorstandsmitglieder\/#breadcrumb"},"inLanguage":"en-US","potentialAction":[{"@type":"ReadAction","target":["https:\/\/www.organisator.ch\/marketing\/2025-06-25\/lsa-feiert-90-jahr-jubilaeum-und-neue-vorstandsmitglieder\/"]}]},{"@type":"ImageObject","inLanguage":"en-US","@id":"https:\/\/www.organisator.ch\/marketing\/2025-06-25\/lsa-feiert-90-jahr-jubilaeum-und-neue-vorstandsmitglieder\/#primaryimage","url":"https:\/\/www.markt-kom.com\/wp-content\/uploads\/2025\/06\/Neue-Vorstandsmitglieder.jpg","contentUrl":"https:\/\/www.markt-kom.com\/wp-content\/uploads\/2025\/06\/Neue-Vorstandsmitglieder.jpg"},{"@type":"BreadcrumbList","@id":"https:\/\/www.organisator.ch\/marketing\/2025-06-25\/lsa-feiert-90-jahr-jubilaeum-und-neue-vorstandsmitglieder\/#breadcrumb","itemListElement":[{"@type":"ListItem","position":1,"name":"Home","item":"https:\/\/www.organisator.ch\/"},{"@type":"ListItem","position":2,"name":"LSA feiert 90 Jahr-Jubil\u00e4um und neue Vorstandsmitglieder"}]},{"@type":"WebSite","@id":"https:\/\/www.organisator.ch\/#website","url":"https:\/\/www.organisator.ch\/","name":"Organizer","description":"Competent. Practical. In 10 issues per year, ORGANISATOR presents the essential topics for managers of SMEs.","publisher":{"@id":"https:\/\/www.organisator.ch\/#organization"},"potentialAction":[{"@type":"SearchAction","target":{"@type":"EntryPoint","urlTemplate":"https:\/\/www.organisator.ch\/?s={search_term_string}"},"query-input":{"@type":"PropertyValueSpecification","valueRequired":true,"valueName":"search_term_string"}}],"inLanguage":"en-US"},{"@type":"Organization","@id":"https:\/\/www.organisator.ch\/#organization","name":"Organizer","url":"https:\/\/www.organisator.ch\/","logo":{"@type":"ImageObject","inLanguage":"en-US","@id":"https:\/\/www.organisator.ch\/#\/schema\/logo\/image\/","url":"https:\/\/www.organisator.ch\/wp-content\/uploads\/2022\/01\/Logo_Organisator_Website.png","contentUrl":"https:\/\/www.organisator.ch\/wp-content\/uploads\/2022\/01\/Logo_Organisator_Website.png","width":800,"height":77,"caption":"Organisator"},"image":{"@id":"https:\/\/www.organisator.ch\/#\/schema\/logo\/image\/"},"sameAs":["https:\/\/www.facebook.com\/OrganisatorFachmagazin","https:\/\/www.linkedin.com\/showcase\/organisator-das-magazin-fr-kmu","https:\/\/www.xing.com\/news\/pages\/organisator-ch-695","https:\/\/www.youtube.com\/channel\/UCGP2Sq0iWaZwT3BdIAQFYpw"]},{"@type":"Person","@id":"https:\/\/www.organisator.ch\/#\/schema\/person\/4e51799071cd2dd1232ac003643ef5f0","name":"galledia","image":{"@type":"ImageObject","inLanguage":"en-US","@id":"https:\/\/secure.gravatar.com\/avatar\/78a7f90c01fc2bfc875782a0d4922b37cde2cf184ce347b91316d23cd7f69a36?s=96&d=mm&r=g","url":"https:\/\/secure.gravatar.com\/avatar\/78a7f90c01fc2bfc875782a0d4922b37cde2cf184ce347b91316d23cd7f69a36?s=96&d=mm&r=g","contentUrl":"https:\/\/secure.gravatar.com\/avatar\/78a7f90c01fc2bfc875782a0d4922b37cde2cf184ce347b91316d23cd7f69a36?s=96&d=mm&r=g","caption":"galledia"},"sameAs":["https:\/\/x.com\/admin"],"url":"https:\/\/www.organisator.ch\/en\/author\/galledia\/"}]}},"_links":{"self":[{"href":"https:\/\/www.organisator.ch\/en\/wp-json\/wp\/v2\/posts\/39296","targetHints":{"allow":["GET"]}}],"collection":[{"href":"https:\/\/www.organisator.ch\/en\/wp-json\/wp\/v2\/posts"}],"about":[{"href":"https:\/\/www.organisator.ch\/en\/wp-json\/wp\/v2\/types\/post"}],"author":[{"embeddable":true,"href":"https:\/\/www.organisator.ch\/en\/wp-json\/wp\/v2\/users\/8"}],"replies":[{"embeddable":true,"href":"https:\/\/www.organisator.ch\/en\/wp-json\/wp\/v2\/comments?post=39296"}],"version-history":[{"count":4,"href":"https:\/\/www.organisator.ch\/en\/wp-json\/wp\/v2\/posts\/39296\/revisions"}],"predecessor-version":[{"id":39304,"href":"https:\/\/www.organisator.ch\/en\/wp-json\/wp\/v2\/posts\/39296\/revisions\/39304"}],"wp:attachment":[{"href":"https:\/\/www.organisator.ch\/en\/wp-json\/wp\/v2\/media?parent=39296"}],"wp:term":[{"taxonomy":"category","embeddable":true,"href":"https:\/\/www.organisator.ch\/en\/wp-json\/wp\/v2\/categories?post=39296"},{"taxonomy":"post_tag","embeddable":true,"href":"https:\/\/www.organisator.ch\/en\/wp-json\/wp\/v2\/tags?post=39296"}],"curies":[{"name":"wp","href":"https:\/\/api.w.org\/{rel}","templated":true}]}}