{"id":39308,"date":"2025-06-26T08:31:55","date_gmt":"2025-06-26T06:31:55","guid":{"rendered":"https:\/\/www.organisator.ch\/?p=39308"},"modified":"2025-07-03T08:11:32","modified_gmt":"2025-07-03T06:11:32","slug":"wenn-diese-eine-sache-fehlt-werden-sie-fremdgesteuert","status":"publish","type":"post","link":"https:\/\/www.organisator.ch\/en\/management\/2025-06-26\/wenn-diese-eine-sache-fehlt-werden-sie-fremdgesteuert\/","title":{"rendered":"If this one thing is missing, you are controlled by others"},"content":{"rendered":"<figure id=\"attachment_39315\" aria-describedby=\"caption-attachment-39315\" style=\"width: 680px\" class=\"wp-caption alignnone\"><img loading=\"lazy\" decoding=\"async\" class=\"size-full wp-image-39315\" src=\"https:\/\/www.organisator.ch\/wp-content\/uploads\/2025\/06\/Wenn-diese-eine-Sache-fehlt-werden-Sie-fremdgesteuert_Organisator.jpg\" alt=\"\" width=\"680\" height=\"446\" srcset=\"https:\/\/www.organisator.ch\/wp-content\/uploads\/2025\/06\/Wenn-diese-eine-Sache-fehlt-werden-Sie-fremdgesteuert_Organisator.jpg 680w, https:\/\/www.organisator.ch\/wp-content\/uploads\/2025\/06\/Wenn-diese-eine-Sache-fehlt-werden-Sie-fremdgesteuert_Organisator-18x12.jpg 18w, https:\/\/www.organisator.ch\/wp-content\/uploads\/2025\/06\/Wenn-diese-eine-Sache-fehlt-werden-Sie-fremdgesteuert_Organisator-375x246.jpg 375w, https:\/\/www.organisator.ch\/wp-content\/uploads\/2025\/06\/Wenn-diese-eine-Sache-fehlt-werden-Sie-fremdgesteuert_Organisator-534x350.jpg 534w\" sizes=\"auto, (max-width: 680px) 100vw, 680px\" \/><figcaption id=\"caption-attachment-39315\" class=\"wp-caption-text\">Finding your own compass again instead of being controlled by others... (Image: Unsplash.com)<\/figcaption><\/figure>\n<p>In my discussions with managers - whether on the Management Board, in divisional management or on the way there - I come across one thought again and again: <em>\"I always have something to do - but I always ask myself <\/em><em>I often wonder whether I'm heading in the right direction at all. Or whether I'm just reacting.<\/em><em>\"<\/em><\/p>\n<h3>If the active control is missing<\/h3>\n<p>This statement is not an isolated case. It is a clear warning signal for a deficiency that many people underestimate - and which nevertheless has far-reaching consequences: a lack of clarity. Because if you don't actively control, you are automatically controlled. Not necessarily by a person - but by calendars, routines, expectations and systems.<\/p>\n<p>And ambitious managers with high expectations of themselves often fall into this trap. They have big goals, no doubt. But the concrete picture of the next development step - for themselves, the team or the company - often remains vague. Or it has been drawn at some point, but fades in everyday life between meetings, emails and immediate tasks.<\/p>\n<p>What falls by the wayside is your own control effect - and therefore your influence. Not from one day to the next. But gradually. With every further spontaneous reaction. With every seemingly small adjustment to other people's priorities. With every \"I'll take it from here\".<\/p>\n<p>Leadership without clarity is like sailing without a compass: you may be on the move, but you don't know where you're going - and whether it's the right direction. Clarity is not a luxury for quiet times. Especially in complex, dynamic environments, it is the prerequisite for effectiveness - and also for greater ease. Because clarity reduces unnecessary decisions, protects your energy and strengthens your leadership role.<\/p>\n<h3>Create clarity<\/h3>\n<p>The important thing is that there is usually no lack of know-how or commitment. But rather a conscious focus. Deciding what counts today - and what doesn't (yet).<\/p>\n<p>And the following applies: What is not clear will not be decided. What is not decided will not be implemented. What is not implemented does not help anyone.<\/p>\n<p>So here is an idea for direct application: Take 10 minutes today and answer three questions - in writing, all to yourself:<\/p>\n<ol>\n<li>What do I want to have achieved in six months - for myself and my team?<\/li>\n<li>What is my most important contribution to this - beyond the day-to-day business?<\/li>\n<li>What is blocking me the most right now - and how can I change that today?<\/li>\n<\/ol>\n<p>You don't have to turn everything upside down. But clarity begins with a thought - and grows with every conscious step in the right direction.<\/p>\n<p>So, are you creating more clarity today or are you continuing as before? That is a clear decision.<\/p>\n<p><i>To the author:<br \/>\n<\/i><em>Volkmar V\u00f6lzke is a success maximizer. Book author. Consultant. Coach. Speaker.\u00a0<a href=\"http:\/\/www.volkmarvoelzke.ch\/\">www.volkmarvoelzke.ch<\/a><\/em><\/p>","protected":false},"excerpt":{"rendered":"<p>Managers often find themselves in a situation where they only react rather than act. However, our guest author Volkmar V\u00f6lzke knows that there are ways to put a stop to this \"external control\" and provides an impulse for success.<\/p>","protected":false},"author":4,"featured_media":39315,"comment_status":"closed","ping_status":"closed","sticky":false,"template":"","format":"standard","meta":{"_acf_changed":false,"_yoast_wpseo_focuskw":"fremdgesteuert","_yoast_wpseo_metadesc":"Gastautor Volkmar V\u00f6lzke vermittelt einen Erfolgs-Impuls, mit dem man verhindert, sich als F\u00fchrungskraft st\u00e4ndig fremdgesteuert zu f\u00fchlen.","articlekey":"","footnotes":""},"categories":[28],"tags":[177,320,335,429],"class_list":["post-39308","post","type-post","status-publish","format-standard","has-post-thumbnail","hentry","category-management","tag-erfolgs-impuls","tag-leadership","tag-management-und-unternehmensfuehrung","tag-selbstmanagement"],"acf":[],"yoast_head":"<!-- This site is optimized with the Yoast SEO plugin v27.5 - https:\/\/yoast.com\/product\/yoast-seo-wordpress\/ -->\n<title>Wenn diese eine Sache fehlt, werden Sie fremdgesteuert - Organisator<\/title>\n<meta name=\"description\" content=\"Gastautor Volkmar V\u00f6lzke vermittelt einen Erfolgs-Impuls, mit dem man verhindert, sich als F\u00fchrungskraft st\u00e4ndig fremdgesteuert zu f\u00fchlen.\" \/>\n<meta name=\"robots\" content=\"index, follow, max-snippet:-1, max-image-preview:large, max-video-preview:-1\" \/>\n<link rel=\"canonical\" href=\"https:\/\/www.organisator.ch\/en\/management\/2025-06-26\/wenn-diese-eine-sache-fehlt-werden-sie-fremdgesteuert\/\" \/>\n<meta property=\"og:locale\" content=\"en_US\" \/>\n<meta property=\"og:type\" content=\"article\" \/>\n<meta property=\"og:title\" content=\"Wenn diese eine Sache fehlt, werden Sie fremdgesteuert\" \/>\n<meta property=\"og:description\" content=\"Gastautor Volkmar V\u00f6lzke vermittelt einen Erfolgs-Impuls, mit dem man verhindert, sich als F\u00fchrungskraft st\u00e4ndig fremdgesteuert zu f\u00fchlen.\" \/>\n<meta property=\"og:url\" content=\"https:\/\/www.organisator.ch\/en\/management\/2025-06-26\/wenn-diese-eine-sache-fehlt-werden-sie-fremdgesteuert\/\" \/>\n<meta property=\"og:site_name\" content=\"Organisator\" \/>\n<meta property=\"article:publisher\" content=\"https:\/\/www.facebook.com\/OrganisatorFachmagazin\" \/>\n<meta property=\"article:published_time\" content=\"2025-06-26T06:31:55+00:00\" \/>\n<meta property=\"article:modified_time\" content=\"2025-07-03T06:11:32+00:00\" \/>\n<meta property=\"og:image\" content=\"https:\/\/www.organisator.ch\/wp-content\/uploads\/2025\/06\/Wenn-diese-eine-Sache-fehlt-werden-Sie-fremdgesteuert_Organisator.jpg\" \/>\n\t<meta property=\"og:image:width\" content=\"680\" \/>\n\t<meta property=\"og:image:height\" content=\"446\" \/>\n\t<meta property=\"og:image:type\" content=\"image\/jpeg\" \/>\n<meta name=\"author\" content=\"thomas.berner\" \/>\n<meta name=\"twitter:card\" content=\"summary_large_image\" \/>\n<meta name=\"twitter:title\" content=\"Wenn diese eine Sache fehlt, werden Sie #fremdgesteuert\" \/>\n<meta name=\"twitter:description\" content=\"Gastautor Volkmar V\u00f6lzke vermittelt einen #Erfolgs-Impuls, mit dem man verhindert, sich als #F\u00fchrungskraft st\u00e4ndig #fremdgesteuert zu f\u00fchlen.\" \/>\n<meta name=\"twitter:image\" content=\"https:\/\/www.organisator.ch\/wp-content\/uploads\/2025\/06\/Wenn-diese-eine-Sache-fehlt-werden-Sie-fremdgesteuert_Organisator.jpg\" \/>\n<script type=\"application\/ld+json\" class=\"yoast-schema-graph\">{\"@context\":\"https:\\\/\\\/schema.org\",\"@graph\":[{\"@type\":\"Article\",\"@id\":\"https:\\\/\\\/www.organisator.ch\\\/management\\\/2025-06-26\\\/wenn-diese-eine-sache-fehlt-werden-sie-fremdgesteuert\\\/#article\",\"isPartOf\":{\"@id\":\"https:\\\/\\\/www.organisator.ch\\\/management\\\/2025-06-26\\\/wenn-diese-eine-sache-fehlt-werden-sie-fremdgesteuert\\\/\"},\"author\":{\"name\":\"thomas.berner\",\"@id\":\"https:\\\/\\\/www.organisator.ch\\\/#\\\/schema\\\/person\\\/6f650f90b2842cd4c0cc334b4e36f67e\"},\"headline\":\"Wenn diese eine Sache fehlt, werden Sie fremdgesteuert\",\"datePublished\":\"2025-06-26T06:31:55+00:00\",\"dateModified\":\"2025-07-03T06:11:32+00:00\",\"mainEntityOfPage\":{\"@id\":\"https:\\\/\\\/www.organisator.ch\\\/management\\\/2025-06-26\\\/wenn-diese-eine-sache-fehlt-werden-sie-fremdgesteuert\\\/\"},\"wordCount\":467,\"publisher\":{\"@id\":\"https:\\\/\\\/www.organisator.ch\\\/#organization\"},\"image\":{\"@id\":\"https:\\\/\\\/www.organisator.ch\\\/management\\\/2025-06-26\\\/wenn-diese-eine-sache-fehlt-werden-sie-fremdgesteuert\\\/#primaryimage\"},\"thumbnailUrl\":\"https:\\\/\\\/www.organisator.ch\\\/wp-content\\\/uploads\\\/2025\\\/06\\\/Wenn-diese-eine-Sache-fehlt-werden-Sie-fremdgesteuert_Organisator.jpg\",\"keywords\":[\"Erfolgs-Impuls\",\"Leadership\",\"Management und Unternehmensf\u00fchrung\",\"Selbstmanagement\"],\"articleSection\":[\"MANAGEMENT\"],\"inLanguage\":\"en-US\"},{\"@type\":\"WebPage\",\"@id\":\"https:\\\/\\\/www.organisator.ch\\\/management\\\/2025-06-26\\\/wenn-diese-eine-sache-fehlt-werden-sie-fremdgesteuert\\\/\",\"url\":\"https:\\\/\\\/www.organisator.ch\\\/management\\\/2025-06-26\\\/wenn-diese-eine-sache-fehlt-werden-sie-fremdgesteuert\\\/\",\"name\":\"Wenn diese eine Sache fehlt, werden Sie fremdgesteuert - Organisator\",\"isPartOf\":{\"@id\":\"https:\\\/\\\/www.organisator.ch\\\/#website\"},\"primaryImageOfPage\":{\"@id\":\"https:\\\/\\\/www.organisator.ch\\\/management\\\/2025-06-26\\\/wenn-diese-eine-sache-fehlt-werden-sie-fremdgesteuert\\\/#primaryimage\"},\"image\":{\"@id\":\"https:\\\/\\\/www.organisator.ch\\\/management\\\/2025-06-26\\\/wenn-diese-eine-sache-fehlt-werden-sie-fremdgesteuert\\\/#primaryimage\"},\"thumbnailUrl\":\"https:\\\/\\\/www.organisator.ch\\\/wp-content\\\/uploads\\\/2025\\\/06\\\/Wenn-diese-eine-Sache-fehlt-werden-Sie-fremdgesteuert_Organisator.jpg\",\"datePublished\":\"2025-06-26T06:31:55+00:00\",\"dateModified\":\"2025-07-03T06:11:32+00:00\",\"description\":\"Gastautor Volkmar V\u00f6lzke vermittelt einen Erfolgs-Impuls, mit dem man verhindert, sich als F\u00fchrungskraft st\u00e4ndig fremdgesteuert zu f\u00fchlen.\",\"breadcrumb\":{\"@id\":\"https:\\\/\\\/www.organisator.ch\\\/management\\\/2025-06-26\\\/wenn-diese-eine-sache-fehlt-werden-sie-fremdgesteuert\\\/#breadcrumb\"},\"inLanguage\":\"en-US\",\"potentialAction\":[{\"@type\":\"ReadAction\",\"target\":[\"https:\\\/\\\/www.organisator.ch\\\/management\\\/2025-06-26\\\/wenn-diese-eine-sache-fehlt-werden-sie-fremdgesteuert\\\/\"]}]},{\"@type\":\"ImageObject\",\"inLanguage\":\"en-US\",\"@id\":\"https:\\\/\\\/www.organisator.ch\\\/management\\\/2025-06-26\\\/wenn-diese-eine-sache-fehlt-werden-sie-fremdgesteuert\\\/#primaryimage\",\"url\":\"https:\\\/\\\/www.organisator.ch\\\/wp-content\\\/uploads\\\/2025\\\/06\\\/Wenn-diese-eine-Sache-fehlt-werden-Sie-fremdgesteuert_Organisator.jpg\",\"contentUrl\":\"https:\\\/\\\/www.organisator.ch\\\/wp-content\\\/uploads\\\/2025\\\/06\\\/Wenn-diese-eine-Sache-fehlt-werden-Sie-fremdgesteuert_Organisator.jpg\",\"width\":680,\"height\":446,\"caption\":\"Den eigenen Kompass wieder finden statt fremdgesteuert zu sein... (Bild: Unsplash.com)\"},{\"@type\":\"BreadcrumbList\",\"@id\":\"https:\\\/\\\/www.organisator.ch\\\/management\\\/2025-06-26\\\/wenn-diese-eine-sache-fehlt-werden-sie-fremdgesteuert\\\/#breadcrumb\",\"itemListElement\":[{\"@type\":\"ListItem\",\"position\":1,\"name\":\"Home\",\"item\":\"https:\\\/\\\/www.organisator.ch\\\/\"},{\"@type\":\"ListItem\",\"position\":2,\"name\":\"Wenn diese eine Sache fehlt, werden Sie fremdgesteuert\"}]},{\"@type\":\"WebSite\",\"@id\":\"https:\\\/\\\/www.organisator.ch\\\/#website\",\"url\":\"https:\\\/\\\/www.organisator.ch\\\/\",\"name\":\"Organisator\",\"description\":\"Kompetent. Praxisnah. Der ORGANISATOR bereitet in 10 Ausgaben pro Jahr die wesentlichen Themen f\u00fcr F\u00fchrungskr\u00e4fte von KMU auf.\",\"publisher\":{\"@id\":\"https:\\\/\\\/www.organisator.ch\\\/#organization\"},\"potentialAction\":[{\"@type\":\"SearchAction\",\"target\":{\"@type\":\"EntryPoint\",\"urlTemplate\":\"https:\\\/\\\/www.organisator.ch\\\/?s={search_term_string}\"},\"query-input\":{\"@type\":\"PropertyValueSpecification\",\"valueRequired\":true,\"valueName\":\"search_term_string\"}}],\"inLanguage\":\"en-US\"},{\"@type\":\"Organization\",\"@id\":\"https:\\\/\\\/www.organisator.ch\\\/#organization\",\"name\":\"Organisator\",\"url\":\"https:\\\/\\\/www.organisator.ch\\\/\",\"logo\":{\"@type\":\"ImageObject\",\"inLanguage\":\"en-US\",\"@id\":\"https:\\\/\\\/www.organisator.ch\\\/#\\\/schema\\\/logo\\\/image\\\/\",\"url\":\"https:\\\/\\\/www.organisator.ch\\\/wp-content\\\/uploads\\\/2022\\\/01\\\/Logo_Organisator_Website.png\",\"contentUrl\":\"https:\\\/\\\/www.organisator.ch\\\/wp-content\\\/uploads\\\/2022\\\/01\\\/Logo_Organisator_Website.png\",\"width\":800,\"height\":77,\"caption\":\"Organisator\"},\"image\":{\"@id\":\"https:\\\/\\\/www.organisator.ch\\\/#\\\/schema\\\/logo\\\/image\\\/\"},\"sameAs\":[\"https:\\\/\\\/www.facebook.com\\\/OrganisatorFachmagazin\",\"https:\\\/\\\/www.linkedin.com\\\/showcase\\\/organisator-das-magazin-fr-kmu\",\"https:\\\/\\\/www.xing.com\\\/news\\\/pages\\\/organisator-ch-695\",\"https:\\\/\\\/www.youtube.com\\\/channel\\\/UCGP2Sq0iWaZwT3BdIAQFYpw\"]},{\"@type\":\"Person\",\"@id\":\"https:\\\/\\\/www.organisator.ch\\\/#\\\/schema\\\/person\\\/6f650f90b2842cd4c0cc334b4e36f67e\",\"name\":\"thomas.berner\",\"image\":{\"@type\":\"ImageObject\",\"inLanguage\":\"en-US\",\"@id\":\"https:\\\/\\\/secure.gravatar.com\\\/avatar\\\/ac5001d2a36cb6c6cd3e50789007ffca834b477b74a2144564522e944eabff61?s=96&d=mm&r=g\",\"url\":\"https:\\\/\\\/secure.gravatar.com\\\/avatar\\\/ac5001d2a36cb6c6cd3e50789007ffca834b477b74a2144564522e944eabff61?s=96&d=mm&r=g\",\"contentUrl\":\"https:\\\/\\\/secure.gravatar.com\\\/avatar\\\/ac5001d2a36cb6c6cd3e50789007ffca834b477b74a2144564522e944eabff61?s=96&d=mm&r=g\",\"caption\":\"thomas.berner\"},\"url\":\"https:\\\/\\\/www.organisator.ch\\\/en\\\/author\\\/thomas-berner\\\/\"}]}<\/script>\n<!-- \/ Yoast SEO plugin. -->","yoast_head_json":{"title":"If this one thing is missing, you are controlled by others - Organizer","description":"Guest author Volkmar V\u00f6lzke provides an impulse for success that prevents managers from feeling constantly controlled by others.","robots":{"index":"index","follow":"follow","max-snippet":"max-snippet:-1","max-image-preview":"max-image-preview:large","max-video-preview":"max-video-preview:-1"},"canonical":"https:\/\/www.organisator.ch\/en\/management\/2025-06-26\/wenn-diese-eine-sache-fehlt-werden-sie-fremdgesteuert\/","og_locale":"en_US","og_type":"article","og_title":"Wenn diese eine Sache fehlt, werden Sie fremdgesteuert","og_description":"Gastautor Volkmar V\u00f6lzke vermittelt einen Erfolgs-Impuls, mit dem man verhindert, sich als F\u00fchrungskraft st\u00e4ndig fremdgesteuert zu f\u00fchlen.","og_url":"https:\/\/www.organisator.ch\/en\/management\/2025-06-26\/wenn-diese-eine-sache-fehlt-werden-sie-fremdgesteuert\/","og_site_name":"Organisator","article_publisher":"https:\/\/www.facebook.com\/OrganisatorFachmagazin","article_published_time":"2025-06-26T06:31:55+00:00","article_modified_time":"2025-07-03T06:11:32+00:00","og_image":[{"width":680,"height":446,"url":"https:\/\/www.organisator.ch\/wp-content\/uploads\/2025\/06\/Wenn-diese-eine-Sache-fehlt-werden-Sie-fremdgesteuert_Organisator.jpg","type":"image\/jpeg"}],"author":"thomas.berner","twitter_card":"summary_large_image","twitter_title":"Wenn diese eine Sache fehlt, werden Sie #fremdgesteuert","twitter_description":"Gastautor Volkmar V\u00f6lzke vermittelt einen #Erfolgs-Impuls, mit dem man verhindert, sich als #F\u00fchrungskraft st\u00e4ndig #fremdgesteuert zu f\u00fchlen.","twitter_image":"https:\/\/www.organisator.ch\/wp-content\/uploads\/2025\/06\/Wenn-diese-eine-Sache-fehlt-werden-Sie-fremdgesteuert_Organisator.jpg","schema":{"@context":"https:\/\/schema.org","@graph":[{"@type":"Article","@id":"https:\/\/www.organisator.ch\/management\/2025-06-26\/wenn-diese-eine-sache-fehlt-werden-sie-fremdgesteuert\/#article","isPartOf":{"@id":"https:\/\/www.organisator.ch\/management\/2025-06-26\/wenn-diese-eine-sache-fehlt-werden-sie-fremdgesteuert\/"},"author":{"name":"thomas.berner","@id":"https:\/\/www.organisator.ch\/#\/schema\/person\/6f650f90b2842cd4c0cc334b4e36f67e"},"headline":"Wenn diese eine Sache fehlt, werden Sie fremdgesteuert","datePublished":"2025-06-26T06:31:55+00:00","dateModified":"2025-07-03T06:11:32+00:00","mainEntityOfPage":{"@id":"https:\/\/www.organisator.ch\/management\/2025-06-26\/wenn-diese-eine-sache-fehlt-werden-sie-fremdgesteuert\/"},"wordCount":467,"publisher":{"@id":"https:\/\/www.organisator.ch\/#organization"},"image":{"@id":"https:\/\/www.organisator.ch\/management\/2025-06-26\/wenn-diese-eine-sache-fehlt-werden-sie-fremdgesteuert\/#primaryimage"},"thumbnailUrl":"https:\/\/www.organisator.ch\/wp-content\/uploads\/2025\/06\/Wenn-diese-eine-Sache-fehlt-werden-Sie-fremdgesteuert_Organisator.jpg","keywords":["Erfolgs-Impuls","Leadership","Management und Unternehmensf\u00fchrung","Selbstmanagement"],"articleSection":["MANAGEMENT"],"inLanguage":"en-US"},{"@type":"WebPage","@id":"https:\/\/www.organisator.ch\/management\/2025-06-26\/wenn-diese-eine-sache-fehlt-werden-sie-fremdgesteuert\/","url":"https:\/\/www.organisator.ch\/management\/2025-06-26\/wenn-diese-eine-sache-fehlt-werden-sie-fremdgesteuert\/","name":"If this one thing is missing, you are controlled by others - Organizer","isPartOf":{"@id":"https:\/\/www.organisator.ch\/#website"},"primaryImageOfPage":{"@id":"https:\/\/www.organisator.ch\/management\/2025-06-26\/wenn-diese-eine-sache-fehlt-werden-sie-fremdgesteuert\/#primaryimage"},"image":{"@id":"https:\/\/www.organisator.ch\/management\/2025-06-26\/wenn-diese-eine-sache-fehlt-werden-sie-fremdgesteuert\/#primaryimage"},"thumbnailUrl":"https:\/\/www.organisator.ch\/wp-content\/uploads\/2025\/06\/Wenn-diese-eine-Sache-fehlt-werden-Sie-fremdgesteuert_Organisator.jpg","datePublished":"2025-06-26T06:31:55+00:00","dateModified":"2025-07-03T06:11:32+00:00","description":"Guest author Volkmar V\u00f6lzke provides an impulse for success that prevents managers from feeling constantly controlled by others.","breadcrumb":{"@id":"https:\/\/www.organisator.ch\/management\/2025-06-26\/wenn-diese-eine-sache-fehlt-werden-sie-fremdgesteuert\/#breadcrumb"},"inLanguage":"en-US","potentialAction":[{"@type":"ReadAction","target":["https:\/\/www.organisator.ch\/management\/2025-06-26\/wenn-diese-eine-sache-fehlt-werden-sie-fremdgesteuert\/"]}]},{"@type":"ImageObject","inLanguage":"en-US","@id":"https:\/\/www.organisator.ch\/management\/2025-06-26\/wenn-diese-eine-sache-fehlt-werden-sie-fremdgesteuert\/#primaryimage","url":"https:\/\/www.organisator.ch\/wp-content\/uploads\/2025\/06\/Wenn-diese-eine-Sache-fehlt-werden-Sie-fremdgesteuert_Organisator.jpg","contentUrl":"https:\/\/www.organisator.ch\/wp-content\/uploads\/2025\/06\/Wenn-diese-eine-Sache-fehlt-werden-Sie-fremdgesteuert_Organisator.jpg","width":680,"height":446,"caption":"Den eigenen Kompass wieder finden statt fremdgesteuert zu sein... (Bild: Unsplash.com)"},{"@type":"BreadcrumbList","@id":"https:\/\/www.organisator.ch\/management\/2025-06-26\/wenn-diese-eine-sache-fehlt-werden-sie-fremdgesteuert\/#breadcrumb","itemListElement":[{"@type":"ListItem","position":1,"name":"Home","item":"https:\/\/www.organisator.ch\/"},{"@type":"ListItem","position":2,"name":"Wenn diese eine Sache fehlt, werden Sie fremdgesteuert"}]},{"@type":"WebSite","@id":"https:\/\/www.organisator.ch\/#website","url":"https:\/\/www.organisator.ch\/","name":"Organizer","description":"Competent. Practical. In 10 issues per year, ORGANISATOR presents the essential topics for managers of SMEs.","publisher":{"@id":"https:\/\/www.organisator.ch\/#organization"},"potentialAction":[{"@type":"SearchAction","target":{"@type":"EntryPoint","urlTemplate":"https:\/\/www.organisator.ch\/?s={search_term_string}"},"query-input":{"@type":"PropertyValueSpecification","valueRequired":true,"valueName":"search_term_string"}}],"inLanguage":"en-US"},{"@type":"Organization","@id":"https:\/\/www.organisator.ch\/#organization","name":"Organizer","url":"https:\/\/www.organisator.ch\/","logo":{"@type":"ImageObject","inLanguage":"en-US","@id":"https:\/\/www.organisator.ch\/#\/schema\/logo\/image\/","url":"https:\/\/www.organisator.ch\/wp-content\/uploads\/2022\/01\/Logo_Organisator_Website.png","contentUrl":"https:\/\/www.organisator.ch\/wp-content\/uploads\/2022\/01\/Logo_Organisator_Website.png","width":800,"height":77,"caption":"Organisator"},"image":{"@id":"https:\/\/www.organisator.ch\/#\/schema\/logo\/image\/"},"sameAs":["https:\/\/www.facebook.com\/OrganisatorFachmagazin","https:\/\/www.linkedin.com\/showcase\/organisator-das-magazin-fr-kmu","https:\/\/www.xing.com\/news\/pages\/organisator-ch-695","https:\/\/www.youtube.com\/channel\/UCGP2Sq0iWaZwT3BdIAQFYpw"]},{"@type":"Person","@id":"https:\/\/www.organisator.ch\/#\/schema\/person\/6f650f90b2842cd4c0cc334b4e36f67e","name":"thomas.berner","image":{"@type":"ImageObject","inLanguage":"en-US","@id":"https:\/\/secure.gravatar.com\/avatar\/ac5001d2a36cb6c6cd3e50789007ffca834b477b74a2144564522e944eabff61?s=96&d=mm&r=g","url":"https:\/\/secure.gravatar.com\/avatar\/ac5001d2a36cb6c6cd3e50789007ffca834b477b74a2144564522e944eabff61?s=96&d=mm&r=g","contentUrl":"https:\/\/secure.gravatar.com\/avatar\/ac5001d2a36cb6c6cd3e50789007ffca834b477b74a2144564522e944eabff61?s=96&d=mm&r=g","caption":"thomas.berner"},"url":"https:\/\/www.organisator.ch\/en\/author\/thomas-berner\/"}]}},"_links":{"self":[{"href":"https:\/\/www.organisator.ch\/en\/wp-json\/wp\/v2\/posts\/39308","targetHints":{"allow":["GET"]}}],"collection":[{"href":"https:\/\/www.organisator.ch\/en\/wp-json\/wp\/v2\/posts"}],"about":[{"href":"https:\/\/www.organisator.ch\/en\/wp-json\/wp\/v2\/types\/post"}],"author":[{"embeddable":true,"href":"https:\/\/www.organisator.ch\/en\/wp-json\/wp\/v2\/users\/4"}],"replies":[{"embeddable":true,"href":"https:\/\/www.organisator.ch\/en\/wp-json\/wp\/v2\/comments?post=39308"}],"version-history":[{"count":5,"href":"https:\/\/www.organisator.ch\/en\/wp-json\/wp\/v2\/posts\/39308\/revisions"}],"predecessor-version":[{"id":39423,"href":"https:\/\/www.organisator.ch\/en\/wp-json\/wp\/v2\/posts\/39308\/revisions\/39423"}],"wp:featuredmedia":[{"embeddable":true,"href":"https:\/\/www.organisator.ch\/en\/wp-json\/wp\/v2\/media\/39315"}],"wp:attachment":[{"href":"https:\/\/www.organisator.ch\/en\/wp-json\/wp\/v2\/media?parent=39308"}],"wp:term":[{"taxonomy":"category","embeddable":true,"href":"https:\/\/www.organisator.ch\/en\/wp-json\/wp\/v2\/categories?post=39308"},{"taxonomy":"post_tag","embeddable":true,"href":"https:\/\/www.organisator.ch\/en\/wp-json\/wp\/v2\/tags?post=39308"}],"curies":[{"name":"wp","href":"https:\/\/api.w.org\/{rel}","templated":true}]}}