{"id":39343,"date":"2025-06-30T16:50:09","date_gmt":"2025-06-30T14:50:09","guid":{"rendered":"https:\/\/www.markt-kom.com\/?p=236751"},"modified":"2025-06-30T16:41:46","modified_gmt":"2025-06-30T14:41:46","slug":"swiss-marketing-veraenderungen-im-zentralvorstand","status":"publish","type":"post","link":"https:\/\/www.organisator.ch\/en\/marketing\/2025-06-30\/swiss-marketing-veraenderungen-im-zentralvorstand\/","title":{"rendered":"Swiss Marketing: Changes to the Board of Directors"},"content":{"rendered":"<p><img class=\"alignnone size-full wp-image-236755\" src=\"https:\/\/www.markt-kom.com\/wp-content\/uploads\/2025\/06\/DV_SwissMarketing_2025-1-scaled.jpg\" sizes=\"(max-width: 1400px) 100vw, 1400px\" srcset=\"https:\/\/www.markt-kom.com\/wp-content\/uploads\/2025\/06\/DV_SwissMarketing_2025-1-scaled.jpg 1300w, https:\/\/www.markt-kom.com\/wp-content\/uploads\/2025\/06\/DV_SwissMarketing_2025-1-600x337.jpg 600w, https:\/\/www.markt-kom.com\/wp-content\/uploads\/2025\/06\/DV_SwissMarketing_2025-1-1024x576.jpg 1024w, https:\/\/www.markt-kom.com\/wp-content\/uploads\/2025\/06\/DV_SwissMarketing_2025-1-768x432.jpg 768w, https:\/\/www.markt-kom.com\/wp-content\/uploads\/2025\/06\/DV_SwissMarketing_2025-1-1536x864.jpg 1536w, https:\/\/www.markt-kom.com\/wp-content\/uploads\/2025\/06\/DV_SwissMarketing_2025-1-2048x1152.jpg 2048w, https:\/\/www.markt-kom.com\/wp-content\/uploads\/2025\/06\/DV_SwissMarketing_2025-1-18x10.jpg 18w, https:\/\/www.markt-kom.com\/wp-content\/uploads\/2025\/06\/DV_SwissMarketing_2025-1-311x175.jpg 311w, https:\/\/www.markt-kom.com\/wp-content\/uploads\/2025\/06\/DV_SwissMarketing_2025-1-622x350.jpg 622w, https:\/\/www.markt-kom.com\/wp-content\/uploads\/2025\/06\/DV_SwissMarketing_2025-1-1000x562.jpg 1000w\" alt=\"\" width=\"1400\" height=\"787\" \/>At this year's delegates' meeting of Swiss Marketing, Stefan Hoher was elected as a new member of the Board of Directors. Simon Albisser, Katharina M\u00e4der and Ubaldo Piccone were bid farewell after they had previously announced their resignation. The Board of Directors also provided information on current activities and objectives and expressed its thanks to all those involved.<\/p>\r\n<p>The Board of Directors unanimously elected Stefan Hoher as a new member, who will contribute valuable expertise as an experienced Head of Communications. At the same time, Board members Simon Albisser, Katharina M\u00e4der and Ubaldo Piccone were bid farewell after deciding to step down this year.<\/p>\r\n<p>Both Simon Albisser and Katharina M\u00e4der have supported Swiss Marketing with great commitment over many years and have played a key role in important developments. Ubaldo Piccone also provided many valuable impulses during his one-year commitment. Swiss Marketing would like to express its sincere thanks for this commitment. The remaining members of the Board of Directors, consisting of Dietger L\u00f6ffler, Chris Pozzoli and Beat Schlumpf, as well as Managing Director Marco Ancora, who has been in office since February, were unanimously discharged by the delegates.<\/p>\r\n<p>During the course of the meeting, those present were also given an outlook on the current goals for the further development of the association. In constructive discussions, the Board of Directors shared its plans with those present. The evening concluded with a stand-up dinner in a good atmosphere and lively discussions.<\/p>\r\n<hr \/>\r\n<p><em>Swiss Marketing is the leading professional and trade association for specialists in the fields of marketing and sales. It brings together the expertise of around 2000 specialists and managers from various sectors. Swiss Marketing also organizes the professional and advanced professional examinations for marketing and sales.<\/em><\/p>","protected":false},"excerpt":{"rendered":"<p>The Swiss Marketing delegates' meeting took place on Thursday, June 26 in perfect summer weather. The program included the election and farewell of new members of the Board of Directors as well as an outlook on the association's planned development.<\/p>","protected":false},"author":8,"featured_media":0,"comment_status":"closed","ping_status":"closed","sticky":false,"template":"","format":"standard","meta":{"_acf_changed":false,"_yoast_wpseo_focuskw":"Swiss Marketing","_yoast_wpseo_metadesc":"Am Donnerstag, 26. Juni, fand die Delegiertenversammlung von Swiss Marketing statt. Traktandiert waren u.a. Wechsel im Zentralvorstand.","articlekey":"","footnotes":""},"categories":[29],"tags":[4343,381,2809,503],"class_list":["post-39343","post","type-post","status-publish","format-standard","hentry","category-marketing","tag-markom","tag-personalia","tag-swiss-marketing","tag-verbaende"],"acf":[],"yoast_head":"<!-- This site is optimized with the Yoast SEO plugin v27.4 - https:\/\/yoast.com\/product\/yoast-seo-wordpress\/ -->\n<title>Swiss Marketing: Ver\u00e4nderungen im Zentralvorstand - Organisator<\/title>\n<meta name=\"description\" content=\"Am Donnerstag, 26. Juni, fand die Delegiertenversammlung von Swiss Marketing statt. Traktandiert waren u.a. Wechsel im Zentralvorstand.\" \/>\n<meta name=\"robots\" content=\"index, follow, max-snippet:-1, max-image-preview:large, max-video-preview:-1\" \/>\n<link rel=\"canonical\" href=\"https:\/\/www.organisator.ch\/en\/marketing\/2025-06-30\/swiss-marketing-veraenderungen-im-zentralvorstand\/\" \/>\n<meta property=\"og:locale\" content=\"en_US\" \/>\n<meta property=\"og:type\" content=\"article\" \/>\n<meta property=\"og:title\" content=\"Swiss Marketing: Ver\u00e4nderungen im Zentralvorstand - Organisator\" \/>\n<meta property=\"og:description\" content=\"Am Donnerstag, 26. Juni, fand die Delegiertenversammlung von Swiss Marketing statt. Traktandiert waren u.a. Wechsel im Zentralvorstand.\" \/>\n<meta property=\"og:url\" content=\"https:\/\/www.organisator.ch\/en\/marketing\/2025-06-30\/swiss-marketing-veraenderungen-im-zentralvorstand\/\" \/>\n<meta property=\"og:site_name\" content=\"Organisator\" \/>\n<meta property=\"article:publisher\" content=\"https:\/\/www.facebook.com\/OrganisatorFachmagazin\" \/>\n<meta property=\"article:published_time\" content=\"2025-06-30T14:50:09+00:00\" \/>\n<meta name=\"author\" content=\"galledia\" \/>\n<meta name=\"twitter:card\" content=\"summary_large_image\" \/>\n<meta name=\"twitter:creator\" content=\"@admin\" \/>\n<script type=\"application\/ld+json\" class=\"yoast-schema-graph\">{\"@context\":\"https:\\\/\\\/schema.org\",\"@graph\":[{\"@type\":\"Article\",\"@id\":\"https:\\\/\\\/www.organisator.ch\\\/marketing\\\/2025-06-30\\\/swiss-marketing-veraenderungen-im-zentralvorstand\\\/#article\",\"isPartOf\":{\"@id\":\"https:\\\/\\\/www.organisator.ch\\\/marketing\\\/2025-06-30\\\/swiss-marketing-veraenderungen-im-zentralvorstand\\\/\"},\"author\":{\"name\":\"galledia\",\"@id\":\"https:\\\/\\\/www.organisator.ch\\\/#\\\/schema\\\/person\\\/4e51799071cd2dd1232ac003643ef5f0\"},\"headline\":\"Swiss Marketing: Ver\u00e4nderungen im Zentralvorstand\",\"datePublished\":\"2025-06-30T14:50:09+00:00\",\"mainEntityOfPage\":{\"@id\":\"https:\\\/\\\/www.organisator.ch\\\/marketing\\\/2025-06-30\\\/swiss-marketing-veraenderungen-im-zentralvorstand\\\/\"},\"wordCount\":289,\"publisher\":{\"@id\":\"https:\\\/\\\/www.organisator.ch\\\/#organization\"},\"image\":{\"@id\":\"https:\\\/\\\/www.organisator.ch\\\/marketing\\\/2025-06-30\\\/swiss-marketing-veraenderungen-im-zentralvorstand\\\/#primaryimage\"},\"thumbnailUrl\":\"https:\\\/\\\/www.markt-kom.com\\\/wp-content\\\/uploads\\\/2025\\\/06\\\/DV_SwissMarketing_2025-1-scaled.jpg\",\"keywords\":[\"MarKom\",\"Personalia\",\"Swiss Marketing\",\"Verb\u00e4nde\"],\"articleSection\":[\"MARKETING\"],\"inLanguage\":\"en-US\"},{\"@type\":\"WebPage\",\"@id\":\"https:\\\/\\\/www.organisator.ch\\\/marketing\\\/2025-06-30\\\/swiss-marketing-veraenderungen-im-zentralvorstand\\\/\",\"url\":\"https:\\\/\\\/www.organisator.ch\\\/marketing\\\/2025-06-30\\\/swiss-marketing-veraenderungen-im-zentralvorstand\\\/\",\"name\":\"Swiss Marketing: Ver\u00e4nderungen im Zentralvorstand - Organisator\",\"isPartOf\":{\"@id\":\"https:\\\/\\\/www.organisator.ch\\\/#website\"},\"primaryImageOfPage\":{\"@id\":\"https:\\\/\\\/www.organisator.ch\\\/marketing\\\/2025-06-30\\\/swiss-marketing-veraenderungen-im-zentralvorstand\\\/#primaryimage\"},\"image\":{\"@id\":\"https:\\\/\\\/www.organisator.ch\\\/marketing\\\/2025-06-30\\\/swiss-marketing-veraenderungen-im-zentralvorstand\\\/#primaryimage\"},\"thumbnailUrl\":\"https:\\\/\\\/www.markt-kom.com\\\/wp-content\\\/uploads\\\/2025\\\/06\\\/DV_SwissMarketing_2025-1-scaled.jpg\",\"datePublished\":\"2025-06-30T14:50:09+00:00\",\"description\":\"Am Donnerstag, 26. Juni, fand die Delegiertenversammlung von Swiss Marketing statt. Traktandiert waren u.a. Wechsel im Zentralvorstand.\",\"breadcrumb\":{\"@id\":\"https:\\\/\\\/www.organisator.ch\\\/marketing\\\/2025-06-30\\\/swiss-marketing-veraenderungen-im-zentralvorstand\\\/#breadcrumb\"},\"inLanguage\":\"en-US\",\"potentialAction\":[{\"@type\":\"ReadAction\",\"target\":[\"https:\\\/\\\/www.organisator.ch\\\/marketing\\\/2025-06-30\\\/swiss-marketing-veraenderungen-im-zentralvorstand\\\/\"]}]},{\"@type\":\"ImageObject\",\"inLanguage\":\"en-US\",\"@id\":\"https:\\\/\\\/www.organisator.ch\\\/marketing\\\/2025-06-30\\\/swiss-marketing-veraenderungen-im-zentralvorstand\\\/#primaryimage\",\"url\":\"https:\\\/\\\/www.markt-kom.com\\\/wp-content\\\/uploads\\\/2025\\\/06\\\/DV_SwissMarketing_2025-1-scaled.jpg\",\"contentUrl\":\"https:\\\/\\\/www.markt-kom.com\\\/wp-content\\\/uploads\\\/2025\\\/06\\\/DV_SwissMarketing_2025-1-scaled.jpg\"},{\"@type\":\"BreadcrumbList\",\"@id\":\"https:\\\/\\\/www.organisator.ch\\\/marketing\\\/2025-06-30\\\/swiss-marketing-veraenderungen-im-zentralvorstand\\\/#breadcrumb\",\"itemListElement\":[{\"@type\":\"ListItem\",\"position\":1,\"name\":\"Home\",\"item\":\"https:\\\/\\\/www.organisator.ch\\\/\"},{\"@type\":\"ListItem\",\"position\":2,\"name\":\"Swiss Marketing: Ver\u00e4nderungen im Zentralvorstand\"}]},{\"@type\":\"WebSite\",\"@id\":\"https:\\\/\\\/www.organisator.ch\\\/#website\",\"url\":\"https:\\\/\\\/www.organisator.ch\\\/\",\"name\":\"Organisator\",\"description\":\"Kompetent. Praxisnah. Der ORGANISATOR bereitet in 10 Ausgaben pro Jahr die wesentlichen Themen f\u00fcr F\u00fchrungskr\u00e4fte von KMU auf.\",\"publisher\":{\"@id\":\"https:\\\/\\\/www.organisator.ch\\\/#organization\"},\"potentialAction\":[{\"@type\":\"SearchAction\",\"target\":{\"@type\":\"EntryPoint\",\"urlTemplate\":\"https:\\\/\\\/www.organisator.ch\\\/?s={search_term_string}\"},\"query-input\":{\"@type\":\"PropertyValueSpecification\",\"valueRequired\":true,\"valueName\":\"search_term_string\"}}],\"inLanguage\":\"en-US\"},{\"@type\":\"Organization\",\"@id\":\"https:\\\/\\\/www.organisator.ch\\\/#organization\",\"name\":\"Organisator\",\"url\":\"https:\\\/\\\/www.organisator.ch\\\/\",\"logo\":{\"@type\":\"ImageObject\",\"inLanguage\":\"en-US\",\"@id\":\"https:\\\/\\\/www.organisator.ch\\\/#\\\/schema\\\/logo\\\/image\\\/\",\"url\":\"https:\\\/\\\/www.organisator.ch\\\/wp-content\\\/uploads\\\/2022\\\/01\\\/Logo_Organisator_Website.png\",\"contentUrl\":\"https:\\\/\\\/www.organisator.ch\\\/wp-content\\\/uploads\\\/2022\\\/01\\\/Logo_Organisator_Website.png\",\"width\":800,\"height\":77,\"caption\":\"Organisator\"},\"image\":{\"@id\":\"https:\\\/\\\/www.organisator.ch\\\/#\\\/schema\\\/logo\\\/image\\\/\"},\"sameAs\":[\"https:\\\/\\\/www.facebook.com\\\/OrganisatorFachmagazin\",\"https:\\\/\\\/www.linkedin.com\\\/showcase\\\/organisator-das-magazin-fr-kmu\",\"https:\\\/\\\/www.xing.com\\\/news\\\/pages\\\/organisator-ch-695\",\"https:\\\/\\\/www.youtube.com\\\/channel\\\/UCGP2Sq0iWaZwT3BdIAQFYpw\"]},{\"@type\":\"Person\",\"@id\":\"https:\\\/\\\/www.organisator.ch\\\/#\\\/schema\\\/person\\\/4e51799071cd2dd1232ac003643ef5f0\",\"name\":\"galledia\",\"image\":{\"@type\":\"ImageObject\",\"inLanguage\":\"en-US\",\"@id\":\"https:\\\/\\\/secure.gravatar.com\\\/avatar\\\/78a7f90c01fc2bfc875782a0d4922b37cde2cf184ce347b91316d23cd7f69a36?s=96&d=mm&r=g\",\"url\":\"https:\\\/\\\/secure.gravatar.com\\\/avatar\\\/78a7f90c01fc2bfc875782a0d4922b37cde2cf184ce347b91316d23cd7f69a36?s=96&d=mm&r=g\",\"contentUrl\":\"https:\\\/\\\/secure.gravatar.com\\\/avatar\\\/78a7f90c01fc2bfc875782a0d4922b37cde2cf184ce347b91316d23cd7f69a36?s=96&d=mm&r=g\",\"caption\":\"galledia\"},\"sameAs\":[\"https:\\\/\\\/x.com\\\/admin\"],\"url\":\"https:\\\/\\\/www.organisator.ch\\\/en\\\/author\\\/galledia\\\/\"}]}<\/script>\n<!-- \/ Yoast SEO plugin. -->","yoast_head_json":{"title":"Swiss Marketing: Changes to the Board of Directors - Organizer","description":"The delegates' meeting of Swiss Marketing took place on Thursday, June 26. The agenda included changes to the Board of Directors.","robots":{"index":"index","follow":"follow","max-snippet":"max-snippet:-1","max-image-preview":"max-image-preview:large","max-video-preview":"max-video-preview:-1"},"canonical":"https:\/\/www.organisator.ch\/en\/marketing\/2025-06-30\/swiss-marketing-veraenderungen-im-zentralvorstand\/","og_locale":"en_US","og_type":"article","og_title":"Swiss Marketing: Ver\u00e4nderungen im Zentralvorstand - Organisator","og_description":"Am Donnerstag, 26. Juni, fand die Delegiertenversammlung von Swiss Marketing statt. Traktandiert waren u.a. Wechsel im Zentralvorstand.","og_url":"https:\/\/www.organisator.ch\/en\/marketing\/2025-06-30\/swiss-marketing-veraenderungen-im-zentralvorstand\/","og_site_name":"Organisator","article_publisher":"https:\/\/www.facebook.com\/OrganisatorFachmagazin","article_published_time":"2025-06-30T14:50:09+00:00","author":"galledia","twitter_card":"summary_large_image","twitter_creator":"@admin","schema":{"@context":"https:\/\/schema.org","@graph":[{"@type":"Article","@id":"https:\/\/www.organisator.ch\/marketing\/2025-06-30\/swiss-marketing-veraenderungen-im-zentralvorstand\/#article","isPartOf":{"@id":"https:\/\/www.organisator.ch\/marketing\/2025-06-30\/swiss-marketing-veraenderungen-im-zentralvorstand\/"},"author":{"name":"galledia","@id":"https:\/\/www.organisator.ch\/#\/schema\/person\/4e51799071cd2dd1232ac003643ef5f0"},"headline":"Swiss Marketing: Ver\u00e4nderungen im Zentralvorstand","datePublished":"2025-06-30T14:50:09+00:00","mainEntityOfPage":{"@id":"https:\/\/www.organisator.ch\/marketing\/2025-06-30\/swiss-marketing-veraenderungen-im-zentralvorstand\/"},"wordCount":289,"publisher":{"@id":"https:\/\/www.organisator.ch\/#organization"},"image":{"@id":"https:\/\/www.organisator.ch\/marketing\/2025-06-30\/swiss-marketing-veraenderungen-im-zentralvorstand\/#primaryimage"},"thumbnailUrl":"https:\/\/www.markt-kom.com\/wp-content\/uploads\/2025\/06\/DV_SwissMarketing_2025-1-scaled.jpg","keywords":["MarKom","Personalia","Swiss Marketing","Verb\u00e4nde"],"articleSection":["MARKETING"],"inLanguage":"en-US"},{"@type":"WebPage","@id":"https:\/\/www.organisator.ch\/marketing\/2025-06-30\/swiss-marketing-veraenderungen-im-zentralvorstand\/","url":"https:\/\/www.organisator.ch\/marketing\/2025-06-30\/swiss-marketing-veraenderungen-im-zentralvorstand\/","name":"Swiss Marketing: Changes to the Board of Directors - Organizer","isPartOf":{"@id":"https:\/\/www.organisator.ch\/#website"},"primaryImageOfPage":{"@id":"https:\/\/www.organisator.ch\/marketing\/2025-06-30\/swiss-marketing-veraenderungen-im-zentralvorstand\/#primaryimage"},"image":{"@id":"https:\/\/www.organisator.ch\/marketing\/2025-06-30\/swiss-marketing-veraenderungen-im-zentralvorstand\/#primaryimage"},"thumbnailUrl":"https:\/\/www.markt-kom.com\/wp-content\/uploads\/2025\/06\/DV_SwissMarketing_2025-1-scaled.jpg","datePublished":"2025-06-30T14:50:09+00:00","description":"The delegates' meeting of Swiss Marketing took place on Thursday, June 26. The agenda included changes to the Board of Directors.","breadcrumb":{"@id":"https:\/\/www.organisator.ch\/marketing\/2025-06-30\/swiss-marketing-veraenderungen-im-zentralvorstand\/#breadcrumb"},"inLanguage":"en-US","potentialAction":[{"@type":"ReadAction","target":["https:\/\/www.organisator.ch\/marketing\/2025-06-30\/swiss-marketing-veraenderungen-im-zentralvorstand\/"]}]},{"@type":"ImageObject","inLanguage":"en-US","@id":"https:\/\/www.organisator.ch\/marketing\/2025-06-30\/swiss-marketing-veraenderungen-im-zentralvorstand\/#primaryimage","url":"https:\/\/www.markt-kom.com\/wp-content\/uploads\/2025\/06\/DV_SwissMarketing_2025-1-scaled.jpg","contentUrl":"https:\/\/www.markt-kom.com\/wp-content\/uploads\/2025\/06\/DV_SwissMarketing_2025-1-scaled.jpg"},{"@type":"BreadcrumbList","@id":"https:\/\/www.organisator.ch\/marketing\/2025-06-30\/swiss-marketing-veraenderungen-im-zentralvorstand\/#breadcrumb","itemListElement":[{"@type":"ListItem","position":1,"name":"Home","item":"https:\/\/www.organisator.ch\/"},{"@type":"ListItem","position":2,"name":"Swiss Marketing: Ver\u00e4nderungen im Zentralvorstand"}]},{"@type":"WebSite","@id":"https:\/\/www.organisator.ch\/#website","url":"https:\/\/www.organisator.ch\/","name":"Organizer","description":"Competent. Practical. In 10 issues per year, ORGANISATOR presents the essential topics for managers of SMEs.","publisher":{"@id":"https:\/\/www.organisator.ch\/#organization"},"potentialAction":[{"@type":"SearchAction","target":{"@type":"EntryPoint","urlTemplate":"https:\/\/www.organisator.ch\/?s={search_term_string}"},"query-input":{"@type":"PropertyValueSpecification","valueRequired":true,"valueName":"search_term_string"}}],"inLanguage":"en-US"},{"@type":"Organization","@id":"https:\/\/www.organisator.ch\/#organization","name":"Organizer","url":"https:\/\/www.organisator.ch\/","logo":{"@type":"ImageObject","inLanguage":"en-US","@id":"https:\/\/www.organisator.ch\/#\/schema\/logo\/image\/","url":"https:\/\/www.organisator.ch\/wp-content\/uploads\/2022\/01\/Logo_Organisator_Website.png","contentUrl":"https:\/\/www.organisator.ch\/wp-content\/uploads\/2022\/01\/Logo_Organisator_Website.png","width":800,"height":77,"caption":"Organisator"},"image":{"@id":"https:\/\/www.organisator.ch\/#\/schema\/logo\/image\/"},"sameAs":["https:\/\/www.facebook.com\/OrganisatorFachmagazin","https:\/\/www.linkedin.com\/showcase\/organisator-das-magazin-fr-kmu","https:\/\/www.xing.com\/news\/pages\/organisator-ch-695","https:\/\/www.youtube.com\/channel\/UCGP2Sq0iWaZwT3BdIAQFYpw"]},{"@type":"Person","@id":"https:\/\/www.organisator.ch\/#\/schema\/person\/4e51799071cd2dd1232ac003643ef5f0","name":"galledia","image":{"@type":"ImageObject","inLanguage":"en-US","@id":"https:\/\/secure.gravatar.com\/avatar\/78a7f90c01fc2bfc875782a0d4922b37cde2cf184ce347b91316d23cd7f69a36?s=96&d=mm&r=g","url":"https:\/\/secure.gravatar.com\/avatar\/78a7f90c01fc2bfc875782a0d4922b37cde2cf184ce347b91316d23cd7f69a36?s=96&d=mm&r=g","contentUrl":"https:\/\/secure.gravatar.com\/avatar\/78a7f90c01fc2bfc875782a0d4922b37cde2cf184ce347b91316d23cd7f69a36?s=96&d=mm&r=g","caption":"galledia"},"sameAs":["https:\/\/x.com\/admin"],"url":"https:\/\/www.organisator.ch\/en\/author\/galledia\/"}]}},"_links":{"self":[{"href":"https:\/\/www.organisator.ch\/en\/wp-json\/wp\/v2\/posts\/39343","targetHints":{"allow":["GET"]}}],"collection":[{"href":"https:\/\/www.organisator.ch\/en\/wp-json\/wp\/v2\/posts"}],"about":[{"href":"https:\/\/www.organisator.ch\/en\/wp-json\/wp\/v2\/types\/post"}],"author":[{"embeddable":true,"href":"https:\/\/www.organisator.ch\/en\/wp-json\/wp\/v2\/users\/8"}],"replies":[{"embeddable":true,"href":"https:\/\/www.organisator.ch\/en\/wp-json\/wp\/v2\/comments?post=39343"}],"version-history":[{"count":4,"href":"https:\/\/www.organisator.ch\/en\/wp-json\/wp\/v2\/posts\/39343\/revisions"}],"predecessor-version":[{"id":39363,"href":"https:\/\/www.organisator.ch\/en\/wp-json\/wp\/v2\/posts\/39343\/revisions\/39363"}],"wp:attachment":[{"href":"https:\/\/www.organisator.ch\/en\/wp-json\/wp\/v2\/media?parent=39343"}],"wp:term":[{"taxonomy":"category","embeddable":true,"href":"https:\/\/www.organisator.ch\/en\/wp-json\/wp\/v2\/categories?post=39343"},{"taxonomy":"post_tag","embeddable":true,"href":"https:\/\/www.organisator.ch\/en\/wp-json\/wp\/v2\/tags?post=39343"}],"curies":[{"name":"wp","href":"https:\/\/api.w.org\/{rel}","templated":true}]}}