{"id":39351,"date":"2025-06-30T13:25:27","date_gmt":"2025-06-30T11:25:27","guid":{"rendered":"https:\/\/www.organisator.ch\/?p=39351"},"modified":"2025-06-30T13:25:27","modified_gmt":"2025-06-30T11:25:27","slug":"sia-abrasives-feiert-150-jahr-jubilaeum","status":"publish","type":"post","link":"https:\/\/www.organisator.ch\/en\/management\/2025-06-30\/sia-abrasives-feiert-150-jahr-jubilaeum\/","title":{"rendered":"sia Abrasives celebrates its 150th anniversary"},"content":{"rendered":"<figure id=\"attachment_39352\" aria-describedby=\"caption-attachment-39352\" style=\"width: 680px\" class=\"wp-caption alignnone\"><img loading=\"lazy\" decoding=\"async\" class=\"size-full wp-image-39352\" src=\"https:\/\/www.organisator.ch\/wp-content\/uploads\/2025\/06\/sia-Abrasives-feiert-150-Jahr-Jubilaeum-1_Organisator.jpg\" alt=\"\" width=\"680\" height=\"398\" srcset=\"https:\/\/www.organisator.ch\/wp-content\/uploads\/2025\/06\/sia-Abrasives-feiert-150-Jahr-Jubilaeum-1_Organisator.jpg 680w, https:\/\/www.organisator.ch\/wp-content\/uploads\/2025\/06\/sia-Abrasives-feiert-150-Jahr-Jubilaeum-1_Organisator-18x12.jpg 18w, https:\/\/www.organisator.ch\/wp-content\/uploads\/2025\/06\/sia-Abrasives-feiert-150-Jahr-Jubilaeum-1_Organisator-375x219.jpg 375w, https:\/\/www.organisator.ch\/wp-content\/uploads\/2025\/06\/sia-Abrasives-feiert-150-Jahr-Jubilaeum-1_Organisator-598x350.jpg 598w\" sizes=\"auto, (max-width: 680px) 100vw, 680px\" \/><figcaption id=\"caption-attachment-39352\" class=\"wp-caption-text\">The Frauenfeld plant in 1914 (Image: zVg \/ sia Abrasives)<\/figcaption><\/figure>\n<p>Who doesn't know them: the sandpaper with \"SIA\" printed on the back. The manufacturer of these products, which are widely used by professionals and hobby craftsmen alike, sia Abrasives Industries AG, is celebrating its 150th anniversary in 2025. In 1875, the company began the first mechanical production of flexible abrasives at its current site in Frauenfeld. Over the course of a century and a half, it has developed into a global specialist for customized industrial solutions. Sia Abrasives employs around 1,000 people worldwide and around 350 at the Frauenfeld site. Since 2008, sia Abrasives has been part of the Bosch Group and is assigned to the Power Tools division. \"It is no coincidence that our company is celebrating its 150th anniversary. It is the result of clear specialization, deep-rooted expertise and the courage to innovate. We owe this success to each and every employee who brings our values to life day after day with commitment, expertise and conviction,\" explains Paulo Ferrari, CEO of sia Abrasives Industries AG.<\/p>\n<h3>Pioneering work in the development of flexible abrasives<\/h3>\n<p>Since its foundation, the company has played a decisive role in shaping the development of abrasives. Originally established as a chemical factory, it began producing flexible abrasives at the Frauenfeld site in 1875, laying the foundations for an impressive success story. Even in the first few years after its foundation, the company recognized the growing demands of the industrial revolution. Increasing quality demands require specialized tools, especially for the fine sanding of surfaces. With the introduction of emery paper and emery cloth in 1875, the company closes a significant gap in the market and establishes itself as the only producer of flexible abrasives in Switzerland.<\/p>\n<h3>Global industry expertise<\/h3>\n<p>Today, sia Abrasives is one of the world's leading manufacturers of high-quality abrasives and offers a comprehensive portfolio of solutions for industry and trade. With over 150 years of experience in abrasives production, the company combines technological innovation with proven expertise. The company has positioned itself internationally as an important partner for professional sanding tasks and the achievement of perfect surfaces. Its international expertise is particularly recognized in the aerospace, automotive, interior design, furniture and metal construction sectors.<\/p>\n<figure id=\"attachment_39353\" aria-describedby=\"caption-attachment-39353\" style=\"width: 680px\" class=\"wp-caption alignnone\"><img loading=\"lazy\" decoding=\"async\" class=\"size-full wp-image-39353\" src=\"https:\/\/www.organisator.ch\/wp-content\/uploads\/2025\/06\/sia-Abrasives-feiert-150-Jahr-Jubilaeum-2_Organisator.jpg\" alt=\"\" width=\"680\" height=\"396\" srcset=\"https:\/\/www.organisator.ch\/wp-content\/uploads\/2025\/06\/sia-Abrasives-feiert-150-Jahr-Jubilaeum-2_Organisator.jpg 680w, https:\/\/www.organisator.ch\/wp-content\/uploads\/2025\/06\/sia-Abrasives-feiert-150-Jahr-Jubilaeum-2_Organisator-18x10.jpg 18w, https:\/\/www.organisator.ch\/wp-content\/uploads\/2025\/06\/sia-Abrasives-feiert-150-Jahr-Jubilaeum-2_Organisator-375x218.jpg 375w, https:\/\/www.organisator.ch\/wp-content\/uploads\/2025\/06\/sia-Abrasives-feiert-150-Jahr-Jubilaeum-2_Organisator-601x350.jpg 601w\" sizes=\"auto, (max-width: 680px) 100vw, 680px\" \/><figcaption id=\"caption-attachment-39353\" class=\"wp-caption-text\">The \"Maker 5\" plant uses state-of-the-art system technology for the production of abrasives. (Image: zVg \/ sia Abrasives)<\/figcaption><\/figure>\n<h3>Latest technologies<\/h3>\n<p>In 2012, sia Abrasives commissioned the new \"Maker 5\" production facility for flexible abrasives in Frauenfeld. This plant is one of the most modern in the world and underlines the sustainable expansion of the competence center in Frauenfeld. Numerous components interact in a finely tuned way to create a modularized manufacturing process that enables just-in-time production and the next generation of modern abrasives.<\/p>\n<p>In addition, new machines capable of producing abrasive belt rolls with a width of up to two meters are used in Maker 5. Initiated by a strategic investment from Bosch Power Tools, sia Abrasives and FerRobotics Compliant Robot Technology GmbH have been working closely together since 2023. FerRobotics is a leading provider of solutions for industrial robotic grinding, particularly in contact-sensitive automation. The aim of the cooperation is to create maximum added value for industrial customers through the combination of a unique portfolio of abrasives and the use of robots equipped with tactile sensitivity.<\/p>\n<p><em>Source: <a href=\"http:\/\/www.bosch.com\">www.bosch.com<\/a>. More information: <a href=\"https:\/\/www.siaabrasives.com\/de-ch\/kontakt\/sia-abrasives-schweiz\/\">www.siaabrasives.com<\/a><\/em><\/p>","protected":false},"excerpt":{"rendered":"<p>sia Abrasives Industries AG, now a subsidiary of Bosch, is celebrating its 150th anniversary. Based in Frauenfeld, the company is one of the leading manufacturers of flexible abrasives and has worldwide industrial expertise in the aerospace, automotive, interior design, furniture and metal construction sectors.<\/p>","protected":false},"author":4,"featured_media":39352,"comment_status":"closed","ping_status":"closed","sticky":false,"template":"","format":"standard","meta":{"_acf_changed":false,"_yoast_wpseo_focuskw":"sia Abrasives","_yoast_wpseo_metadesc":"Der Schleifmittel-Hersteller sia Abrasives Industries AG, heute eine Tochterfirma von Bosch, feiert sein 150-j\u00e4hriges Bestehen.","articlekey":"","footnotes":""},"categories":[28],"tags":[206,266,492],"class_list":["post-39351","post","type-post","status-publish","format-standard","has-post-thumbnail","hentry","category-management","tag-firmenjubilaeum","tag-industrie","tag-unternehmen"],"acf":[],"yoast_head":"<!-- This site is optimized with the Yoast SEO plugin v27.5 - https:\/\/yoast.com\/product\/yoast-seo-wordpress\/ -->\n<title>sia Abrasives feiert 150-Jahr-Jubil\u00e4um - Organisator<\/title>\n<meta name=\"description\" content=\"Der Schleifmittel-Hersteller sia Abrasives Industries AG, heute eine Tochterfirma von Bosch, feiert sein 150-j\u00e4hriges Bestehen.\" \/>\n<meta name=\"robots\" content=\"index, follow, max-snippet:-1, max-image-preview:large, max-video-preview:-1\" \/>\n<link rel=\"canonical\" href=\"https:\/\/www.organisator.ch\/en\/management\/2025-06-30\/sia-abrasives-feiert-150-jahr-jubilaeum\/\" \/>\n<meta property=\"og:locale\" content=\"en_US\" \/>\n<meta property=\"og:type\" content=\"article\" \/>\n<meta property=\"og:title\" content=\"sia Abrasives feiert 150-Jahr-Jubil\u00e4um\" \/>\n<meta property=\"og:description\" content=\"Der Schleifmittel-Hersteller sia Abrasives Industries AG, heute eine Tochterfirma von Bosch, feiert sein 150-j\u00e4hriges Bestehen.\" \/>\n<meta property=\"og:url\" content=\"https:\/\/www.organisator.ch\/en\/management\/2025-06-30\/sia-abrasives-feiert-150-jahr-jubilaeum\/\" \/>\n<meta property=\"og:site_name\" content=\"Organisator\" \/>\n<meta property=\"article:publisher\" content=\"https:\/\/www.facebook.com\/OrganisatorFachmagazin\" \/>\n<meta property=\"article:published_time\" content=\"2025-06-30T11:25:27+00:00\" \/>\n<meta property=\"og:image\" content=\"https:\/\/www.organisator.ch\/wp-content\/uploads\/2025\/06\/sia-Abrasives-feiert-150-Jahr-Jubilaeum-1_Organisator.jpg\" \/>\n\t<meta property=\"og:image:width\" content=\"680\" \/>\n\t<meta property=\"og:image:height\" content=\"398\" \/>\n\t<meta property=\"og:image:type\" content=\"image\/jpeg\" \/>\n<meta name=\"author\" content=\"thomas.berner\" \/>\n<meta name=\"twitter:card\" content=\"summary_large_image\" \/>\n<meta name=\"twitter:title\" content=\"sia #Abrasives feiert #150-Jahr-Jubil\u00e4um\" \/>\n<meta name=\"twitter:description\" content=\"Der #Schleifmittel-Hersteller sia Abrasives Industries AG, heute eine Tochterfirma von Bosch, feiert sein #150-j\u00e4hriges Bestehen.\" \/>\n<meta name=\"twitter:image\" content=\"https:\/\/www.organisator.ch\/wp-content\/uploads\/2025\/06\/sia-Abrasives-feiert-150-Jahr-Jubilaeum-1_Organisator.jpg\" \/>\n<script type=\"application\/ld+json\" class=\"yoast-schema-graph\">{\"@context\":\"https:\\\/\\\/schema.org\",\"@graph\":[{\"@type\":\"Article\",\"@id\":\"https:\\\/\\\/www.organisator.ch\\\/management\\\/2025-06-30\\\/sia-abrasives-feiert-150-jahr-jubilaeum\\\/#article\",\"isPartOf\":{\"@id\":\"https:\\\/\\\/www.organisator.ch\\\/management\\\/2025-06-30\\\/sia-abrasives-feiert-150-jahr-jubilaeum\\\/\"},\"author\":{\"name\":\"thomas.berner\",\"@id\":\"https:\\\/\\\/www.organisator.ch\\\/#\\\/schema\\\/person\\\/6f650f90b2842cd4c0cc334b4e36f67e\"},\"headline\":\"sia Abrasives feiert 150-Jahr-Jubil\u00e4um\",\"datePublished\":\"2025-06-30T11:25:27+00:00\",\"mainEntityOfPage\":{\"@id\":\"https:\\\/\\\/www.organisator.ch\\\/management\\\/2025-06-30\\\/sia-abrasives-feiert-150-jahr-jubilaeum\\\/\"},\"wordCount\":567,\"publisher\":{\"@id\":\"https:\\\/\\\/www.organisator.ch\\\/#organization\"},\"image\":{\"@id\":\"https:\\\/\\\/www.organisator.ch\\\/management\\\/2025-06-30\\\/sia-abrasives-feiert-150-jahr-jubilaeum\\\/#primaryimage\"},\"thumbnailUrl\":\"https:\\\/\\\/www.organisator.ch\\\/wp-content\\\/uploads\\\/2025\\\/06\\\/sia-Abrasives-feiert-150-Jahr-Jubilaeum-1_Organisator.jpg\",\"keywords\":[\"Firmenjubil\u00e4um\",\"Industrie\",\"Unternehmen\"],\"articleSection\":[\"MANAGEMENT\"],\"inLanguage\":\"en-US\"},{\"@type\":\"WebPage\",\"@id\":\"https:\\\/\\\/www.organisator.ch\\\/management\\\/2025-06-30\\\/sia-abrasives-feiert-150-jahr-jubilaeum\\\/\",\"url\":\"https:\\\/\\\/www.organisator.ch\\\/management\\\/2025-06-30\\\/sia-abrasives-feiert-150-jahr-jubilaeum\\\/\",\"name\":\"sia Abrasives feiert 150-Jahr-Jubil\u00e4um - Organisator\",\"isPartOf\":{\"@id\":\"https:\\\/\\\/www.organisator.ch\\\/#website\"},\"primaryImageOfPage\":{\"@id\":\"https:\\\/\\\/www.organisator.ch\\\/management\\\/2025-06-30\\\/sia-abrasives-feiert-150-jahr-jubilaeum\\\/#primaryimage\"},\"image\":{\"@id\":\"https:\\\/\\\/www.organisator.ch\\\/management\\\/2025-06-30\\\/sia-abrasives-feiert-150-jahr-jubilaeum\\\/#primaryimage\"},\"thumbnailUrl\":\"https:\\\/\\\/www.organisator.ch\\\/wp-content\\\/uploads\\\/2025\\\/06\\\/sia-Abrasives-feiert-150-Jahr-Jubilaeum-1_Organisator.jpg\",\"datePublished\":\"2025-06-30T11:25:27+00:00\",\"description\":\"Der Schleifmittel-Hersteller sia Abrasives Industries AG, heute eine Tochterfirma von Bosch, feiert sein 150-j\u00e4hriges Bestehen.\",\"breadcrumb\":{\"@id\":\"https:\\\/\\\/www.organisator.ch\\\/management\\\/2025-06-30\\\/sia-abrasives-feiert-150-jahr-jubilaeum\\\/#breadcrumb\"},\"inLanguage\":\"en-US\",\"potentialAction\":[{\"@type\":\"ReadAction\",\"target\":[\"https:\\\/\\\/www.organisator.ch\\\/management\\\/2025-06-30\\\/sia-abrasives-feiert-150-jahr-jubilaeum\\\/\"]}]},{\"@type\":\"ImageObject\",\"inLanguage\":\"en-US\",\"@id\":\"https:\\\/\\\/www.organisator.ch\\\/management\\\/2025-06-30\\\/sia-abrasives-feiert-150-jahr-jubilaeum\\\/#primaryimage\",\"url\":\"https:\\\/\\\/www.organisator.ch\\\/wp-content\\\/uploads\\\/2025\\\/06\\\/sia-Abrasives-feiert-150-Jahr-Jubilaeum-1_Organisator.jpg\",\"contentUrl\":\"https:\\\/\\\/www.organisator.ch\\\/wp-content\\\/uploads\\\/2025\\\/06\\\/sia-Abrasives-feiert-150-Jahr-Jubilaeum-1_Organisator.jpg\",\"width\":680,\"height\":398,\"caption\":\"Das Werk in Frauenfeld anno 1914. (Bild: zVg \\\/ sia Abrasives)\"},{\"@type\":\"BreadcrumbList\",\"@id\":\"https:\\\/\\\/www.organisator.ch\\\/management\\\/2025-06-30\\\/sia-abrasives-feiert-150-jahr-jubilaeum\\\/#breadcrumb\",\"itemListElement\":[{\"@type\":\"ListItem\",\"position\":1,\"name\":\"Home\",\"item\":\"https:\\\/\\\/www.organisator.ch\\\/\"},{\"@type\":\"ListItem\",\"position\":2,\"name\":\"sia Abrasives feiert 150-Jahr-Jubil\u00e4um\"}]},{\"@type\":\"WebSite\",\"@id\":\"https:\\\/\\\/www.organisator.ch\\\/#website\",\"url\":\"https:\\\/\\\/www.organisator.ch\\\/\",\"name\":\"Organisator\",\"description\":\"Kompetent. Praxisnah. Der ORGANISATOR bereitet in 10 Ausgaben pro Jahr die wesentlichen Themen f\u00fcr F\u00fchrungskr\u00e4fte von KMU auf.\",\"publisher\":{\"@id\":\"https:\\\/\\\/www.organisator.ch\\\/#organization\"},\"potentialAction\":[{\"@type\":\"SearchAction\",\"target\":{\"@type\":\"EntryPoint\",\"urlTemplate\":\"https:\\\/\\\/www.organisator.ch\\\/?s={search_term_string}\"},\"query-input\":{\"@type\":\"PropertyValueSpecification\",\"valueRequired\":true,\"valueName\":\"search_term_string\"}}],\"inLanguage\":\"en-US\"},{\"@type\":\"Organization\",\"@id\":\"https:\\\/\\\/www.organisator.ch\\\/#organization\",\"name\":\"Organisator\",\"url\":\"https:\\\/\\\/www.organisator.ch\\\/\",\"logo\":{\"@type\":\"ImageObject\",\"inLanguage\":\"en-US\",\"@id\":\"https:\\\/\\\/www.organisator.ch\\\/#\\\/schema\\\/logo\\\/image\\\/\",\"url\":\"https:\\\/\\\/www.organisator.ch\\\/wp-content\\\/uploads\\\/2022\\\/01\\\/Logo_Organisator_Website.png\",\"contentUrl\":\"https:\\\/\\\/www.organisator.ch\\\/wp-content\\\/uploads\\\/2022\\\/01\\\/Logo_Organisator_Website.png\",\"width\":800,\"height\":77,\"caption\":\"Organisator\"},\"image\":{\"@id\":\"https:\\\/\\\/www.organisator.ch\\\/#\\\/schema\\\/logo\\\/image\\\/\"},\"sameAs\":[\"https:\\\/\\\/www.facebook.com\\\/OrganisatorFachmagazin\",\"https:\\\/\\\/www.linkedin.com\\\/showcase\\\/organisator-das-magazin-fr-kmu\",\"https:\\\/\\\/www.xing.com\\\/news\\\/pages\\\/organisator-ch-695\",\"https:\\\/\\\/www.youtube.com\\\/channel\\\/UCGP2Sq0iWaZwT3BdIAQFYpw\"]},{\"@type\":\"Person\",\"@id\":\"https:\\\/\\\/www.organisator.ch\\\/#\\\/schema\\\/person\\\/6f650f90b2842cd4c0cc334b4e36f67e\",\"name\":\"thomas.berner\",\"image\":{\"@type\":\"ImageObject\",\"inLanguage\":\"en-US\",\"@id\":\"https:\\\/\\\/secure.gravatar.com\\\/avatar\\\/ac5001d2a36cb6c6cd3e50789007ffca834b477b74a2144564522e944eabff61?s=96&d=mm&r=g\",\"url\":\"https:\\\/\\\/secure.gravatar.com\\\/avatar\\\/ac5001d2a36cb6c6cd3e50789007ffca834b477b74a2144564522e944eabff61?s=96&d=mm&r=g\",\"contentUrl\":\"https:\\\/\\\/secure.gravatar.com\\\/avatar\\\/ac5001d2a36cb6c6cd3e50789007ffca834b477b74a2144564522e944eabff61?s=96&d=mm&r=g\",\"caption\":\"thomas.berner\"},\"url\":\"https:\\\/\\\/www.organisator.ch\\\/en\\\/author\\\/thomas-berner\\\/\"}]}<\/script>\n<!-- \/ Yoast SEO plugin. -->","yoast_head_json":{"title":"sia Abrasives celebrates its 150th anniversary - Organizer","description":"The abrasives manufacturer sia Abrasives Industries AG, now a subsidiary of Bosch, celebrates its 150th anniversary.","robots":{"index":"index","follow":"follow","max-snippet":"max-snippet:-1","max-image-preview":"max-image-preview:large","max-video-preview":"max-video-preview:-1"},"canonical":"https:\/\/www.organisator.ch\/en\/management\/2025-06-30\/sia-abrasives-feiert-150-jahr-jubilaeum\/","og_locale":"en_US","og_type":"article","og_title":"sia Abrasives feiert 150-Jahr-Jubil\u00e4um","og_description":"Der Schleifmittel-Hersteller sia Abrasives Industries AG, heute eine Tochterfirma von Bosch, feiert sein 150-j\u00e4hriges Bestehen.","og_url":"https:\/\/www.organisator.ch\/en\/management\/2025-06-30\/sia-abrasives-feiert-150-jahr-jubilaeum\/","og_site_name":"Organisator","article_publisher":"https:\/\/www.facebook.com\/OrganisatorFachmagazin","article_published_time":"2025-06-30T11:25:27+00:00","og_image":[{"width":680,"height":398,"url":"https:\/\/www.organisator.ch\/wp-content\/uploads\/2025\/06\/sia-Abrasives-feiert-150-Jahr-Jubilaeum-1_Organisator.jpg","type":"image\/jpeg"}],"author":"thomas.berner","twitter_card":"summary_large_image","twitter_title":"sia #Abrasives feiert #150-Jahr-Jubil\u00e4um","twitter_description":"Der #Schleifmittel-Hersteller sia Abrasives Industries AG, heute eine Tochterfirma von Bosch, feiert sein #150-j\u00e4hriges Bestehen.","twitter_image":"https:\/\/www.organisator.ch\/wp-content\/uploads\/2025\/06\/sia-Abrasives-feiert-150-Jahr-Jubilaeum-1_Organisator.jpg","schema":{"@context":"https:\/\/schema.org","@graph":[{"@type":"Article","@id":"https:\/\/www.organisator.ch\/management\/2025-06-30\/sia-abrasives-feiert-150-jahr-jubilaeum\/#article","isPartOf":{"@id":"https:\/\/www.organisator.ch\/management\/2025-06-30\/sia-abrasives-feiert-150-jahr-jubilaeum\/"},"author":{"name":"thomas.berner","@id":"https:\/\/www.organisator.ch\/#\/schema\/person\/6f650f90b2842cd4c0cc334b4e36f67e"},"headline":"sia Abrasives feiert 150-Jahr-Jubil\u00e4um","datePublished":"2025-06-30T11:25:27+00:00","mainEntityOfPage":{"@id":"https:\/\/www.organisator.ch\/management\/2025-06-30\/sia-abrasives-feiert-150-jahr-jubilaeum\/"},"wordCount":567,"publisher":{"@id":"https:\/\/www.organisator.ch\/#organization"},"image":{"@id":"https:\/\/www.organisator.ch\/management\/2025-06-30\/sia-abrasives-feiert-150-jahr-jubilaeum\/#primaryimage"},"thumbnailUrl":"https:\/\/www.organisator.ch\/wp-content\/uploads\/2025\/06\/sia-Abrasives-feiert-150-Jahr-Jubilaeum-1_Organisator.jpg","keywords":["Firmenjubil\u00e4um","Industrie","Unternehmen"],"articleSection":["MANAGEMENT"],"inLanguage":"en-US"},{"@type":"WebPage","@id":"https:\/\/www.organisator.ch\/management\/2025-06-30\/sia-abrasives-feiert-150-jahr-jubilaeum\/","url":"https:\/\/www.organisator.ch\/management\/2025-06-30\/sia-abrasives-feiert-150-jahr-jubilaeum\/","name":"sia Abrasives celebrates its 150th anniversary - Organizer","isPartOf":{"@id":"https:\/\/www.organisator.ch\/#website"},"primaryImageOfPage":{"@id":"https:\/\/www.organisator.ch\/management\/2025-06-30\/sia-abrasives-feiert-150-jahr-jubilaeum\/#primaryimage"},"image":{"@id":"https:\/\/www.organisator.ch\/management\/2025-06-30\/sia-abrasives-feiert-150-jahr-jubilaeum\/#primaryimage"},"thumbnailUrl":"https:\/\/www.organisator.ch\/wp-content\/uploads\/2025\/06\/sia-Abrasives-feiert-150-Jahr-Jubilaeum-1_Organisator.jpg","datePublished":"2025-06-30T11:25:27+00:00","description":"The abrasives manufacturer sia Abrasives Industries AG, now a subsidiary of Bosch, celebrates its 150th anniversary.","breadcrumb":{"@id":"https:\/\/www.organisator.ch\/management\/2025-06-30\/sia-abrasives-feiert-150-jahr-jubilaeum\/#breadcrumb"},"inLanguage":"en-US","potentialAction":[{"@type":"ReadAction","target":["https:\/\/www.organisator.ch\/management\/2025-06-30\/sia-abrasives-feiert-150-jahr-jubilaeum\/"]}]},{"@type":"ImageObject","inLanguage":"en-US","@id":"https:\/\/www.organisator.ch\/management\/2025-06-30\/sia-abrasives-feiert-150-jahr-jubilaeum\/#primaryimage","url":"https:\/\/www.organisator.ch\/wp-content\/uploads\/2025\/06\/sia-Abrasives-feiert-150-Jahr-Jubilaeum-1_Organisator.jpg","contentUrl":"https:\/\/www.organisator.ch\/wp-content\/uploads\/2025\/06\/sia-Abrasives-feiert-150-Jahr-Jubilaeum-1_Organisator.jpg","width":680,"height":398,"caption":"Das Werk in Frauenfeld anno 1914. (Bild: zVg \/ sia Abrasives)"},{"@type":"BreadcrumbList","@id":"https:\/\/www.organisator.ch\/management\/2025-06-30\/sia-abrasives-feiert-150-jahr-jubilaeum\/#breadcrumb","itemListElement":[{"@type":"ListItem","position":1,"name":"Home","item":"https:\/\/www.organisator.ch\/"},{"@type":"ListItem","position":2,"name":"sia Abrasives feiert 150-Jahr-Jubil\u00e4um"}]},{"@type":"WebSite","@id":"https:\/\/www.organisator.ch\/#website","url":"https:\/\/www.organisator.ch\/","name":"Organizer","description":"Competent. Practical. In 10 issues per year, ORGANISATOR presents the essential topics for managers of SMEs.","publisher":{"@id":"https:\/\/www.organisator.ch\/#organization"},"potentialAction":[{"@type":"SearchAction","target":{"@type":"EntryPoint","urlTemplate":"https:\/\/www.organisator.ch\/?s={search_term_string}"},"query-input":{"@type":"PropertyValueSpecification","valueRequired":true,"valueName":"search_term_string"}}],"inLanguage":"en-US"},{"@type":"Organization","@id":"https:\/\/www.organisator.ch\/#organization","name":"Organizer","url":"https:\/\/www.organisator.ch\/","logo":{"@type":"ImageObject","inLanguage":"en-US","@id":"https:\/\/www.organisator.ch\/#\/schema\/logo\/image\/","url":"https:\/\/www.organisator.ch\/wp-content\/uploads\/2022\/01\/Logo_Organisator_Website.png","contentUrl":"https:\/\/www.organisator.ch\/wp-content\/uploads\/2022\/01\/Logo_Organisator_Website.png","width":800,"height":77,"caption":"Organisator"},"image":{"@id":"https:\/\/www.organisator.ch\/#\/schema\/logo\/image\/"},"sameAs":["https:\/\/www.facebook.com\/OrganisatorFachmagazin","https:\/\/www.linkedin.com\/showcase\/organisator-das-magazin-fr-kmu","https:\/\/www.xing.com\/news\/pages\/organisator-ch-695","https:\/\/www.youtube.com\/channel\/UCGP2Sq0iWaZwT3BdIAQFYpw"]},{"@type":"Person","@id":"https:\/\/www.organisator.ch\/#\/schema\/person\/6f650f90b2842cd4c0cc334b4e36f67e","name":"thomas.berner","image":{"@type":"ImageObject","inLanguage":"en-US","@id":"https:\/\/secure.gravatar.com\/avatar\/ac5001d2a36cb6c6cd3e50789007ffca834b477b74a2144564522e944eabff61?s=96&d=mm&r=g","url":"https:\/\/secure.gravatar.com\/avatar\/ac5001d2a36cb6c6cd3e50789007ffca834b477b74a2144564522e944eabff61?s=96&d=mm&r=g","contentUrl":"https:\/\/secure.gravatar.com\/avatar\/ac5001d2a36cb6c6cd3e50789007ffca834b477b74a2144564522e944eabff61?s=96&d=mm&r=g","caption":"thomas.berner"},"url":"https:\/\/www.organisator.ch\/en\/author\/thomas-berner\/"}]}},"_links":{"self":[{"href":"https:\/\/www.organisator.ch\/en\/wp-json\/wp\/v2\/posts\/39351","targetHints":{"allow":["GET"]}}],"collection":[{"href":"https:\/\/www.organisator.ch\/en\/wp-json\/wp\/v2\/posts"}],"about":[{"href":"https:\/\/www.organisator.ch\/en\/wp-json\/wp\/v2\/types\/post"}],"author":[{"embeddable":true,"href":"https:\/\/www.organisator.ch\/en\/wp-json\/wp\/v2\/users\/4"}],"replies":[{"embeddable":true,"href":"https:\/\/www.organisator.ch\/en\/wp-json\/wp\/v2\/comments?post=39351"}],"version-history":[{"count":3,"href":"https:\/\/www.organisator.ch\/en\/wp-json\/wp\/v2\/posts\/39351\/revisions"}],"predecessor-version":[{"id":39440,"href":"https:\/\/www.organisator.ch\/en\/wp-json\/wp\/v2\/posts\/39351\/revisions\/39440"}],"wp:featuredmedia":[{"embeddable":true,"href":"https:\/\/www.organisator.ch\/en\/wp-json\/wp\/v2\/media\/39352"}],"wp:attachment":[{"href":"https:\/\/www.organisator.ch\/en\/wp-json\/wp\/v2\/media?parent=39351"}],"wp:term":[{"taxonomy":"category","embeddable":true,"href":"https:\/\/www.organisator.ch\/en\/wp-json\/wp\/v2\/categories?post=39351"},{"taxonomy":"post_tag","embeddable":true,"href":"https:\/\/www.organisator.ch\/en\/wp-json\/wp\/v2\/tags?post=39351"}],"curies":[{"name":"wp","href":"https:\/\/api.w.org\/{rel}","templated":true}]}}