{"id":39398,"date":"2025-07-02T08:41:08","date_gmt":"2025-07-02T06:41:08","guid":{"rendered":"https:\/\/www.organisator.ch\/?p=39398"},"modified":"2025-07-02T08:41:08","modified_gmt":"2025-07-02T06:41:08","slug":"wie-sie-diesen-sommer-abschalten-und-neue-energie-tanken","status":"publish","type":"post","link":"https:\/\/www.organisator.ch\/en\/human-resources\/2025-07-02\/wie-sie-diesen-sommer-abschalten-und-neue-energie-tanken\/","title":{"rendered":"How to switch off and recharge your batteries this summer"},"content":{"rendered":"<figure id=\"attachment_39399\" aria-describedby=\"caption-attachment-39399\" style=\"width: 680px\" class=\"wp-caption alignnone\"><img loading=\"lazy\" decoding=\"async\" class=\"size-full wp-image-39399\" src=\"https:\/\/www.organisator.ch\/wp-content\/uploads\/2025\/07\/Wie-Sie-diesen-Sommer-abschalten-und-neue-Energie-tanken_Organisator.jpg\" alt=\"\" width=\"680\" height=\"454\" srcset=\"https:\/\/www.organisator.ch\/wp-content\/uploads\/2025\/07\/Wie-Sie-diesen-Sommer-abschalten-und-neue-Energie-tanken_Organisator.jpg 680w, https:\/\/www.organisator.ch\/wp-content\/uploads\/2025\/07\/Wie-Sie-diesen-Sommer-abschalten-und-neue-Energie-tanken_Organisator-18x12.jpg 18w, https:\/\/www.organisator.ch\/wp-content\/uploads\/2025\/07\/Wie-Sie-diesen-Sommer-abschalten-und-neue-Energie-tanken_Organisator-375x250.jpg 375w, https:\/\/www.organisator.ch\/wp-content\/uploads\/2025\/07\/Wie-Sie-diesen-Sommer-abschalten-und-neue-Energie-tanken_Organisator-524x350.jpg 524w\" sizes=\"auto, (max-width: 680px) 100vw, 680px\" \/><figcaption id=\"caption-attachment-39399\" class=\"wp-caption-text\">Summer is here - and with it thoughts of the upcoming vacations. (Image: Pexels \/ Pixabay.com)<\/figcaption><\/figure>\n<p>How can you make sure that work stress doesn't go on vacation with you? In the following sections you will find some tips on how to leave work stress behind so that you can enjoy your well-earned rest to the full from day one.\u00a0\u00a0\u00a0\u00a0<\/p>\n<h3><strong>The countdown to your vacation\u00a0<\/strong><\/h3>\n<p><em>Start preparing in good time\u00a0\u00a0\u00a0<\/em><\/p>\n<p>The weeks before your vacation are crucial for a stress-free start. Complete as many tasks as possible and avoid new projects shortly before your departure. A special tip from Swiss recruiter Robert Walters: Set your out-of-office note one day before your actual departure date. This will give you time to do the last things in peace without being disturbed.\u00a0\u00a0\u00a0\u00a0<\/p>\n<p><em>Get a clear overview\u00a0\u00a0<\/em><\/p>\n<p>Good preparation is essential for a carefree vacation. Get an overview of your current projects and tasks. This way you know exactly what still needs to be done when you return and can plan your work better. A clear plan ensures that you don't have to constantly think about work during your vacation.\u00a0\u00a0\u00a0\u00a0<\/p>\n<p><em>Trust your colleagues\u00a0\u00a0<\/em><\/p>\n<p>Make sure that your work is in good hands during your absence. Assign a colleague to take over urgent matters and continue ongoing projects. Give clear instructions and ensure a good handover so that you don't have to worry. With reliable support, you can go on vacation with peace of mind.\u00a0\u00a0\u00a0\u00a0<\/p>\n<h3><strong>During the vacations\u00a0<\/strong><\/h3>\n<p><em>Take the work out of your head\u00a0\u00a0<\/em><\/p>\n<p>Perhaps the most difficult part of letting go is to stop thinking about work. According to Robert Walters, it's important to learn to put things in perspective. Ask yourself how important it is to answer that one email or phone call during your vacation. Often it can wait, or a colleague can do it. This will make it easier for you to take a step back and really relax.\u00a0\u00a0\u00a0\u00a0<\/p>\n<p>Can't stop thinking about work? Make a list of all your ideas and tasks. Writing them down will give you peace of mind and ensure that you can get back to work as soon as you get home.\u00a0\u00a0\u00a0<\/p>\n<p><em>\u00a0Do a digital detox\u00a0\u00a0<\/em><\/p>\n<p>Leave your phone and laptop switched off as often as possible during your vacation. Constantly checking notifications - even if they have nothing to do with work - can affect your relaxed feeling. Create digital spaces for yourself to completely unwind. Putting your phone aside will also give you more time for other relaxing activities, such as reading or cooking.\u00a0\u00a0\u00a0\u00a0<\/p>\n<p><em>Do mindfulness or yoga\u00a0\u00a0<\/em><\/p>\n<p>Try mindfulness and meditation exercises to calm your mind and relax better. These techniques can help to reduce stress and focus more on the moment. Have you ever thought about starting each day during your vacation with a short yoga session? This will significantly boost your energy levels.\u00a0\u00a0\u00a0\u00a0<\/p>\n<p><em>Plan entertaining activities\u00a0\u00a0\u00a0<\/em><\/p>\n<p>Whether you are traveling or staying at home, plan activities that you enjoy, that bring you fully into the moment and distract you from work-related thoughts. Think about a bike ride, a city trip, a day at an amusement park or simply time with friends and family.\u00a0\u00a0\u00a0\u00a0<\/p>\n<h3><strong>Relax even outside of your vacation\u00a0\u00a0<\/strong><\/h3>\n<p>Relaxation should be no exception. Use these tips every Friday evening before you go home. This way you can enjoy your weekend to the full and start the new working week on Monday fresh and motivated.\u00a0<\/p>\n<p><em>Source: <a href=\"https:\/\/www.robertwalters.ch\/\">Robert Walters<\/a><\/em><\/p>","protected":false},"excerpt":{"rendered":"<p>The hot days are a relentless reminder: Summer is finally here! That means it's time for a vacation. Whether you're daydreaming on a tropical beach or relaxing in your own garden, it's important that you can switch off from work.<\/p>","protected":false},"author":4,"featured_media":39399,"comment_status":"closed","ping_status":"closed","sticky":false,"template":"","format":"standard","meta":{"_acf_changed":false,"_yoast_wpseo_focuskw":"Sommer","_yoast_wpseo_metadesc":"Die heissen Tage weisen unerbittlich darauf hin: Der Sommer ist endlich da! Das bedeutet: Es ist Zeit f\u00fcr Ferien.","articlekey":"","footnotes":""},"categories":[579],"tags":[115,429,5445],"class_list":["post-39398","post","type-post","status-publish","format-standard","has-post-thumbnail","hentry","category-human-resources","tag-checklisten","tag-selbstmanagement","tag-sommerferien"],"acf":[],"yoast_head":"<!-- This site is optimized with the Yoast SEO plugin v27.5 - https:\/\/yoast.com\/product\/yoast-seo-wordpress\/ -->\n<title>Wie Sie diesen Sommer abschalten und neue Energie tanken - Organisator<\/title>\n<meta name=\"description\" content=\"Die heissen Tage weisen unerbittlich darauf hin: Der Sommer ist endlich da! Das bedeutet: Es ist Zeit f\u00fcr Ferien.\" \/>\n<meta name=\"robots\" content=\"index, follow, max-snippet:-1, max-image-preview:large, max-video-preview:-1\" \/>\n<link rel=\"canonical\" href=\"https:\/\/www.organisator.ch\/en\/human-resources\/2025-07-02\/wie-sie-diesen-sommer-abschalten-und-neue-energie-tanken\/\" \/>\n<meta property=\"og:locale\" content=\"en_US\" \/>\n<meta property=\"og:type\" content=\"article\" \/>\n<meta property=\"og:title\" content=\"Wie Sie diesen Sommer abschalten und neue Energie tanken\" \/>\n<meta property=\"og:description\" content=\"Die heissen Tage weisen unerbittlich darauf hin: Der Sommer ist endlich da! Das bedeutet: Es ist Zeit f\u00fcr Ferien.\" \/>\n<meta property=\"og:url\" content=\"https:\/\/www.organisator.ch\/en\/human-resources\/2025-07-02\/wie-sie-diesen-sommer-abschalten-und-neue-energie-tanken\/\" \/>\n<meta property=\"og:site_name\" content=\"Organisator\" \/>\n<meta property=\"article:publisher\" content=\"https:\/\/www.facebook.com\/OrganisatorFachmagazin\" \/>\n<meta property=\"article:published_time\" content=\"2025-07-02T06:41:08+00:00\" \/>\n<meta property=\"og:image\" content=\"https:\/\/www.organisator.ch\/wp-content\/uploads\/2025\/07\/Wie-Sie-diesen-Sommer-abschalten-und-neue-Energie-tanken_Organisator.jpg\" \/>\n\t<meta property=\"og:image:width\" content=\"680\" \/>\n\t<meta property=\"og:image:height\" content=\"454\" \/>\n\t<meta property=\"og:image:type\" content=\"image\/jpeg\" \/>\n<meta name=\"author\" content=\"thomas.berner\" \/>\n<meta name=\"twitter:card\" content=\"summary_large_image\" \/>\n<meta name=\"twitter:title\" content=\"Wie Sie diesen #Sommer abschalten und neue #Energie tanken\" \/>\n<meta name=\"twitter:description\" content=\"Die heissen Tage weisen unerbittlich darauf hin: Der #Sommer ist endlich da! Das bedeutet: Es ist Zeit f\u00fcr #Ferien.\" \/>\n<meta name=\"twitter:image\" content=\"https:\/\/www.organisator.ch\/wp-content\/uploads\/2025\/07\/Wie-Sie-diesen-Sommer-abschalten-und-neue-Energie-tanken_Organisator.jpg\" \/>\n<script type=\"application\/ld+json\" class=\"yoast-schema-graph\">{\"@context\":\"https:\\\/\\\/schema.org\",\"@graph\":[{\"@type\":\"Article\",\"@id\":\"https:\\\/\\\/www.organisator.ch\\\/human-resources\\\/2025-07-02\\\/wie-sie-diesen-sommer-abschalten-und-neue-energie-tanken\\\/#article\",\"isPartOf\":{\"@id\":\"https:\\\/\\\/www.organisator.ch\\\/human-resources\\\/2025-07-02\\\/wie-sie-diesen-sommer-abschalten-und-neue-energie-tanken\\\/\"},\"author\":{\"name\":\"thomas.berner\",\"@id\":\"https:\\\/\\\/www.organisator.ch\\\/#\\\/schema\\\/person\\\/6f650f90b2842cd4c0cc334b4e36f67e\"},\"headline\":\"Wie Sie diesen Sommer abschalten und neue Energie tanken\",\"datePublished\":\"2025-07-02T06:41:08+00:00\",\"mainEntityOfPage\":{\"@id\":\"https:\\\/\\\/www.organisator.ch\\\/human-resources\\\/2025-07-02\\\/wie-sie-diesen-sommer-abschalten-und-neue-energie-tanken\\\/\"},\"wordCount\":663,\"publisher\":{\"@id\":\"https:\\\/\\\/www.organisator.ch\\\/#organization\"},\"image\":{\"@id\":\"https:\\\/\\\/www.organisator.ch\\\/human-resources\\\/2025-07-02\\\/wie-sie-diesen-sommer-abschalten-und-neue-energie-tanken\\\/#primaryimage\"},\"thumbnailUrl\":\"https:\\\/\\\/www.organisator.ch\\\/wp-content\\\/uploads\\\/2025\\\/07\\\/Wie-Sie-diesen-Sommer-abschalten-und-neue-Energie-tanken_Organisator.jpg\",\"keywords\":[\"Checklisten\",\"Selbstmanagement\",\"Sommerferien\"],\"articleSection\":[\"HUMAN RESOURCES\"],\"inLanguage\":\"en-US\"},{\"@type\":\"WebPage\",\"@id\":\"https:\\\/\\\/www.organisator.ch\\\/human-resources\\\/2025-07-02\\\/wie-sie-diesen-sommer-abschalten-und-neue-energie-tanken\\\/\",\"url\":\"https:\\\/\\\/www.organisator.ch\\\/human-resources\\\/2025-07-02\\\/wie-sie-diesen-sommer-abschalten-und-neue-energie-tanken\\\/\",\"name\":\"Wie Sie diesen Sommer abschalten und neue Energie tanken - Organisator\",\"isPartOf\":{\"@id\":\"https:\\\/\\\/www.organisator.ch\\\/#website\"},\"primaryImageOfPage\":{\"@id\":\"https:\\\/\\\/www.organisator.ch\\\/human-resources\\\/2025-07-02\\\/wie-sie-diesen-sommer-abschalten-und-neue-energie-tanken\\\/#primaryimage\"},\"image\":{\"@id\":\"https:\\\/\\\/www.organisator.ch\\\/human-resources\\\/2025-07-02\\\/wie-sie-diesen-sommer-abschalten-und-neue-energie-tanken\\\/#primaryimage\"},\"thumbnailUrl\":\"https:\\\/\\\/www.organisator.ch\\\/wp-content\\\/uploads\\\/2025\\\/07\\\/Wie-Sie-diesen-Sommer-abschalten-und-neue-Energie-tanken_Organisator.jpg\",\"datePublished\":\"2025-07-02T06:41:08+00:00\",\"description\":\"Die heissen Tage weisen unerbittlich darauf hin: Der Sommer ist endlich da! Das bedeutet: Es ist Zeit f\u00fcr Ferien.\",\"breadcrumb\":{\"@id\":\"https:\\\/\\\/www.organisator.ch\\\/human-resources\\\/2025-07-02\\\/wie-sie-diesen-sommer-abschalten-und-neue-energie-tanken\\\/#breadcrumb\"},\"inLanguage\":\"en-US\",\"potentialAction\":[{\"@type\":\"ReadAction\",\"target\":[\"https:\\\/\\\/www.organisator.ch\\\/human-resources\\\/2025-07-02\\\/wie-sie-diesen-sommer-abschalten-und-neue-energie-tanken\\\/\"]}]},{\"@type\":\"ImageObject\",\"inLanguage\":\"en-US\",\"@id\":\"https:\\\/\\\/www.organisator.ch\\\/human-resources\\\/2025-07-02\\\/wie-sie-diesen-sommer-abschalten-und-neue-energie-tanken\\\/#primaryimage\",\"url\":\"https:\\\/\\\/www.organisator.ch\\\/wp-content\\\/uploads\\\/2025\\\/07\\\/Wie-Sie-diesen-Sommer-abschalten-und-neue-Energie-tanken_Organisator.jpg\",\"contentUrl\":\"https:\\\/\\\/www.organisator.ch\\\/wp-content\\\/uploads\\\/2025\\\/07\\\/Wie-Sie-diesen-Sommer-abschalten-und-neue-Energie-tanken_Organisator.jpg\",\"width\":680,\"height\":454,\"caption\":\"Der Sommer ist da - und damit auch die Gedanken an die anstehenden Ferien. (Bild: Pexels \\\/ Pixabay.com)\"},{\"@type\":\"BreadcrumbList\",\"@id\":\"https:\\\/\\\/www.organisator.ch\\\/human-resources\\\/2025-07-02\\\/wie-sie-diesen-sommer-abschalten-und-neue-energie-tanken\\\/#breadcrumb\",\"itemListElement\":[{\"@type\":\"ListItem\",\"position\":1,\"name\":\"Home\",\"item\":\"https:\\\/\\\/www.organisator.ch\\\/\"},{\"@type\":\"ListItem\",\"position\":2,\"name\":\"Wie Sie diesen Sommer abschalten und neue Energie tanken\"}]},{\"@type\":\"WebSite\",\"@id\":\"https:\\\/\\\/www.organisator.ch\\\/#website\",\"url\":\"https:\\\/\\\/www.organisator.ch\\\/\",\"name\":\"Organisator\",\"description\":\"Kompetent. Praxisnah. Der ORGANISATOR bereitet in 10 Ausgaben pro Jahr die wesentlichen Themen f\u00fcr F\u00fchrungskr\u00e4fte von KMU auf.\",\"publisher\":{\"@id\":\"https:\\\/\\\/www.organisator.ch\\\/#organization\"},\"potentialAction\":[{\"@type\":\"SearchAction\",\"target\":{\"@type\":\"EntryPoint\",\"urlTemplate\":\"https:\\\/\\\/www.organisator.ch\\\/?s={search_term_string}\"},\"query-input\":{\"@type\":\"PropertyValueSpecification\",\"valueRequired\":true,\"valueName\":\"search_term_string\"}}],\"inLanguage\":\"en-US\"},{\"@type\":\"Organization\",\"@id\":\"https:\\\/\\\/www.organisator.ch\\\/#organization\",\"name\":\"Organisator\",\"url\":\"https:\\\/\\\/www.organisator.ch\\\/\",\"logo\":{\"@type\":\"ImageObject\",\"inLanguage\":\"en-US\",\"@id\":\"https:\\\/\\\/www.organisator.ch\\\/#\\\/schema\\\/logo\\\/image\\\/\",\"url\":\"https:\\\/\\\/www.organisator.ch\\\/wp-content\\\/uploads\\\/2022\\\/01\\\/Logo_Organisator_Website.png\",\"contentUrl\":\"https:\\\/\\\/www.organisator.ch\\\/wp-content\\\/uploads\\\/2022\\\/01\\\/Logo_Organisator_Website.png\",\"width\":800,\"height\":77,\"caption\":\"Organisator\"},\"image\":{\"@id\":\"https:\\\/\\\/www.organisator.ch\\\/#\\\/schema\\\/logo\\\/image\\\/\"},\"sameAs\":[\"https:\\\/\\\/www.facebook.com\\\/OrganisatorFachmagazin\",\"https:\\\/\\\/www.linkedin.com\\\/showcase\\\/organisator-das-magazin-fr-kmu\",\"https:\\\/\\\/www.xing.com\\\/news\\\/pages\\\/organisator-ch-695\",\"https:\\\/\\\/www.youtube.com\\\/channel\\\/UCGP2Sq0iWaZwT3BdIAQFYpw\"]},{\"@type\":\"Person\",\"@id\":\"https:\\\/\\\/www.organisator.ch\\\/#\\\/schema\\\/person\\\/6f650f90b2842cd4c0cc334b4e36f67e\",\"name\":\"thomas.berner\",\"image\":{\"@type\":\"ImageObject\",\"inLanguage\":\"en-US\",\"@id\":\"https:\\\/\\\/secure.gravatar.com\\\/avatar\\\/ac5001d2a36cb6c6cd3e50789007ffca834b477b74a2144564522e944eabff61?s=96&d=mm&r=g\",\"url\":\"https:\\\/\\\/secure.gravatar.com\\\/avatar\\\/ac5001d2a36cb6c6cd3e50789007ffca834b477b74a2144564522e944eabff61?s=96&d=mm&r=g\",\"contentUrl\":\"https:\\\/\\\/secure.gravatar.com\\\/avatar\\\/ac5001d2a36cb6c6cd3e50789007ffca834b477b74a2144564522e944eabff61?s=96&d=mm&r=g\",\"caption\":\"thomas.berner\"},\"url\":\"https:\\\/\\\/www.organisator.ch\\\/en\\\/author\\\/thomas-berner\\\/\"}]}<\/script>\n<!-- \/ Yoast SEO plugin. -->","yoast_head_json":{"title":"How to switch off and recharge your batteries this summer - Organizer","description":"The hot days are a relentless reminder: Summer is finally here! That means it's time for a vacation.","robots":{"index":"index","follow":"follow","max-snippet":"max-snippet:-1","max-image-preview":"max-image-preview:large","max-video-preview":"max-video-preview:-1"},"canonical":"https:\/\/www.organisator.ch\/en\/human-resources\/2025-07-02\/wie-sie-diesen-sommer-abschalten-und-neue-energie-tanken\/","og_locale":"en_US","og_type":"article","og_title":"Wie Sie diesen Sommer abschalten und neue Energie tanken","og_description":"Die heissen Tage weisen unerbittlich darauf hin: Der Sommer ist endlich da! Das bedeutet: Es ist Zeit f\u00fcr Ferien.","og_url":"https:\/\/www.organisator.ch\/en\/human-resources\/2025-07-02\/wie-sie-diesen-sommer-abschalten-und-neue-energie-tanken\/","og_site_name":"Organisator","article_publisher":"https:\/\/www.facebook.com\/OrganisatorFachmagazin","article_published_time":"2025-07-02T06:41:08+00:00","og_image":[{"width":680,"height":454,"url":"https:\/\/www.organisator.ch\/wp-content\/uploads\/2025\/07\/Wie-Sie-diesen-Sommer-abschalten-und-neue-Energie-tanken_Organisator.jpg","type":"image\/jpeg"}],"author":"thomas.berner","twitter_card":"summary_large_image","twitter_title":"Wie Sie diesen #Sommer abschalten und neue #Energie tanken","twitter_description":"Die heissen Tage weisen unerbittlich darauf hin: Der #Sommer ist endlich da! Das bedeutet: Es ist Zeit f\u00fcr #Ferien.","twitter_image":"https:\/\/www.organisator.ch\/wp-content\/uploads\/2025\/07\/Wie-Sie-diesen-Sommer-abschalten-und-neue-Energie-tanken_Organisator.jpg","schema":{"@context":"https:\/\/schema.org","@graph":[{"@type":"Article","@id":"https:\/\/www.organisator.ch\/human-resources\/2025-07-02\/wie-sie-diesen-sommer-abschalten-und-neue-energie-tanken\/#article","isPartOf":{"@id":"https:\/\/www.organisator.ch\/human-resources\/2025-07-02\/wie-sie-diesen-sommer-abschalten-und-neue-energie-tanken\/"},"author":{"name":"thomas.berner","@id":"https:\/\/www.organisator.ch\/#\/schema\/person\/6f650f90b2842cd4c0cc334b4e36f67e"},"headline":"Wie Sie diesen Sommer abschalten und neue Energie tanken","datePublished":"2025-07-02T06:41:08+00:00","mainEntityOfPage":{"@id":"https:\/\/www.organisator.ch\/human-resources\/2025-07-02\/wie-sie-diesen-sommer-abschalten-und-neue-energie-tanken\/"},"wordCount":663,"publisher":{"@id":"https:\/\/www.organisator.ch\/#organization"},"image":{"@id":"https:\/\/www.organisator.ch\/human-resources\/2025-07-02\/wie-sie-diesen-sommer-abschalten-und-neue-energie-tanken\/#primaryimage"},"thumbnailUrl":"https:\/\/www.organisator.ch\/wp-content\/uploads\/2025\/07\/Wie-Sie-diesen-Sommer-abschalten-und-neue-Energie-tanken_Organisator.jpg","keywords":["Checklisten","Selbstmanagement","Sommerferien"],"articleSection":["HUMAN RESOURCES"],"inLanguage":"en-US"},{"@type":"WebPage","@id":"https:\/\/www.organisator.ch\/human-resources\/2025-07-02\/wie-sie-diesen-sommer-abschalten-und-neue-energie-tanken\/","url":"https:\/\/www.organisator.ch\/human-resources\/2025-07-02\/wie-sie-diesen-sommer-abschalten-und-neue-energie-tanken\/","name":"How to switch off and recharge your batteries this summer - Organizer","isPartOf":{"@id":"https:\/\/www.organisator.ch\/#website"},"primaryImageOfPage":{"@id":"https:\/\/www.organisator.ch\/human-resources\/2025-07-02\/wie-sie-diesen-sommer-abschalten-und-neue-energie-tanken\/#primaryimage"},"image":{"@id":"https:\/\/www.organisator.ch\/human-resources\/2025-07-02\/wie-sie-diesen-sommer-abschalten-und-neue-energie-tanken\/#primaryimage"},"thumbnailUrl":"https:\/\/www.organisator.ch\/wp-content\/uploads\/2025\/07\/Wie-Sie-diesen-Sommer-abschalten-und-neue-Energie-tanken_Organisator.jpg","datePublished":"2025-07-02T06:41:08+00:00","description":"The hot days are a relentless reminder: Summer is finally here! That means it's time for a vacation.","breadcrumb":{"@id":"https:\/\/www.organisator.ch\/human-resources\/2025-07-02\/wie-sie-diesen-sommer-abschalten-und-neue-energie-tanken\/#breadcrumb"},"inLanguage":"en-US","potentialAction":[{"@type":"ReadAction","target":["https:\/\/www.organisator.ch\/human-resources\/2025-07-02\/wie-sie-diesen-sommer-abschalten-und-neue-energie-tanken\/"]}]},{"@type":"ImageObject","inLanguage":"en-US","@id":"https:\/\/www.organisator.ch\/human-resources\/2025-07-02\/wie-sie-diesen-sommer-abschalten-und-neue-energie-tanken\/#primaryimage","url":"https:\/\/www.organisator.ch\/wp-content\/uploads\/2025\/07\/Wie-Sie-diesen-Sommer-abschalten-und-neue-Energie-tanken_Organisator.jpg","contentUrl":"https:\/\/www.organisator.ch\/wp-content\/uploads\/2025\/07\/Wie-Sie-diesen-Sommer-abschalten-und-neue-Energie-tanken_Organisator.jpg","width":680,"height":454,"caption":"Der Sommer ist da - und damit auch die Gedanken an die anstehenden Ferien. (Bild: Pexels \/ Pixabay.com)"},{"@type":"BreadcrumbList","@id":"https:\/\/www.organisator.ch\/human-resources\/2025-07-02\/wie-sie-diesen-sommer-abschalten-und-neue-energie-tanken\/#breadcrumb","itemListElement":[{"@type":"ListItem","position":1,"name":"Home","item":"https:\/\/www.organisator.ch\/"},{"@type":"ListItem","position":2,"name":"Wie Sie diesen Sommer abschalten und neue Energie tanken"}]},{"@type":"WebSite","@id":"https:\/\/www.organisator.ch\/#website","url":"https:\/\/www.organisator.ch\/","name":"Organizer","description":"Competent. Practical. In 10 issues per year, ORGANISATOR presents the essential topics for managers of SMEs.","publisher":{"@id":"https:\/\/www.organisator.ch\/#organization"},"potentialAction":[{"@type":"SearchAction","target":{"@type":"EntryPoint","urlTemplate":"https:\/\/www.organisator.ch\/?s={search_term_string}"},"query-input":{"@type":"PropertyValueSpecification","valueRequired":true,"valueName":"search_term_string"}}],"inLanguage":"en-US"},{"@type":"Organization","@id":"https:\/\/www.organisator.ch\/#organization","name":"Organizer","url":"https:\/\/www.organisator.ch\/","logo":{"@type":"ImageObject","inLanguage":"en-US","@id":"https:\/\/www.organisator.ch\/#\/schema\/logo\/image\/","url":"https:\/\/www.organisator.ch\/wp-content\/uploads\/2022\/01\/Logo_Organisator_Website.png","contentUrl":"https:\/\/www.organisator.ch\/wp-content\/uploads\/2022\/01\/Logo_Organisator_Website.png","width":800,"height":77,"caption":"Organisator"},"image":{"@id":"https:\/\/www.organisator.ch\/#\/schema\/logo\/image\/"},"sameAs":["https:\/\/www.facebook.com\/OrganisatorFachmagazin","https:\/\/www.linkedin.com\/showcase\/organisator-das-magazin-fr-kmu","https:\/\/www.xing.com\/news\/pages\/organisator-ch-695","https:\/\/www.youtube.com\/channel\/UCGP2Sq0iWaZwT3BdIAQFYpw"]},{"@type":"Person","@id":"https:\/\/www.organisator.ch\/#\/schema\/person\/6f650f90b2842cd4c0cc334b4e36f67e","name":"thomas.berner","image":{"@type":"ImageObject","inLanguage":"en-US","@id":"https:\/\/secure.gravatar.com\/avatar\/ac5001d2a36cb6c6cd3e50789007ffca834b477b74a2144564522e944eabff61?s=96&d=mm&r=g","url":"https:\/\/secure.gravatar.com\/avatar\/ac5001d2a36cb6c6cd3e50789007ffca834b477b74a2144564522e944eabff61?s=96&d=mm&r=g","contentUrl":"https:\/\/secure.gravatar.com\/avatar\/ac5001d2a36cb6c6cd3e50789007ffca834b477b74a2144564522e944eabff61?s=96&d=mm&r=g","caption":"thomas.berner"},"url":"https:\/\/www.organisator.ch\/en\/author\/thomas-berner\/"}]}},"_links":{"self":[{"href":"https:\/\/www.organisator.ch\/en\/wp-json\/wp\/v2\/posts\/39398","targetHints":{"allow":["GET"]}}],"collection":[{"href":"https:\/\/www.organisator.ch\/en\/wp-json\/wp\/v2\/posts"}],"about":[{"href":"https:\/\/www.organisator.ch\/en\/wp-json\/wp\/v2\/types\/post"}],"author":[{"embeddable":true,"href":"https:\/\/www.organisator.ch\/en\/wp-json\/wp\/v2\/users\/4"}],"replies":[{"embeddable":true,"href":"https:\/\/www.organisator.ch\/en\/wp-json\/wp\/v2\/comments?post=39398"}],"version-history":[{"count":2,"href":"https:\/\/www.organisator.ch\/en\/wp-json\/wp\/v2\/posts\/39398\/revisions"}],"predecessor-version":[{"id":39434,"href":"https:\/\/www.organisator.ch\/en\/wp-json\/wp\/v2\/posts\/39398\/revisions\/39434"}],"wp:featuredmedia":[{"embeddable":true,"href":"https:\/\/www.organisator.ch\/en\/wp-json\/wp\/v2\/media\/39399"}],"wp:attachment":[{"href":"https:\/\/www.organisator.ch\/en\/wp-json\/wp\/v2\/media?parent=39398"}],"wp:term":[{"taxonomy":"category","embeddable":true,"href":"https:\/\/www.organisator.ch\/en\/wp-json\/wp\/v2\/categories?post=39398"},{"taxonomy":"post_tag","embeddable":true,"href":"https:\/\/www.organisator.ch\/en\/wp-json\/wp\/v2\/tags?post=39398"}],"curies":[{"name":"wp","href":"https:\/\/api.w.org\/{rel}","templated":true}]}}