{"id":39405,"date":"2025-07-07T17:07:56","date_gmt":"2025-07-07T15:07:56","guid":{"rendered":"https:\/\/www.markt-kom.com\/?p=236905"},"modified":"2025-07-07T17:05:28","modified_gmt":"2025-07-07T15:05:28","slug":"sdv-vorstand-mit-neuer-zusammensetzung","status":"publish","type":"post","link":"https:\/\/www.organisator.ch\/en\/marketing\/2025-07-07\/sdv-vorstand-mit-neuer-zusammensetzung\/","title":{"rendered":"SDV Board of Directors with new composition"},"content":{"rendered":"<p><img class=\"alignnone size-full wp-image-236906\" src=\"https:\/\/www.markt-kom.com\/wp-content\/uploads\/2025\/07\/04_SDV_Vorstand_Kombi-3-Neue_2048px.jpg\" sizes=\"(max-width: 1200px) 100vw, 1200px\" srcset=\"https:\/\/www.markt-kom.com\/wp-content\/uploads\/2025\/07\/04_SDV_Vorstand_Kombi-3-Neue_2048px.jpg 1000w, https:\/\/www.markt-kom.com\/wp-content\/uploads\/2025\/07\/04_SDV_Vorstand_Kombi-3-Neue_2048px-600x600.jpg 600w, https:\/\/www.markt-kom.com\/wp-content\/uploads\/2025\/07\/04_SDV_Vorstand_Kombi-3-Neue_2048px-150x150.jpg 150w, https:\/\/www.markt-kom.com\/wp-content\/uploads\/2025\/07\/04_SDV_Vorstand_Kombi-3-Neue_2048px-768x768.jpg 768w, https:\/\/www.markt-kom.com\/wp-content\/uploads\/2025\/07\/04_SDV_Vorstand_Kombi-3-Neue_2048px-12x12.jpg 12w, https:\/\/www.markt-kom.com\/wp-content\/uploads\/2025\/07\/04_SDV_Vorstand_Kombi-3-Neue_2048px-175x175.jpg 175w, https:\/\/www.markt-kom.com\/wp-content\/uploads\/2025\/07\/04_SDV_Vorstand_Kombi-3-Neue_2048px-350x350.jpg 350w, https:\/\/www.markt-kom.com\/wp-content\/uploads\/2025\/07\/04_SDV_Vorstand_Kombi-3-Neue_2048px-800x800.jpg 800w\" alt=\"\" width=\"1200\" height=\"1200\" \/><\/p>\r\n<p>Three farewells - three new additions: At the General Assembly of the Swiss Dialog Marketing Association SDV on June 26, three long-standing board members announced their resignations: Alexandra Brunner from Migros Genossenschafts-Bund, Andreas Hobi owner Focus Dialog and Brian Hemmi from Walter Schmid. The SDV expressed its sincere thanks to the three for their great commitment to the Board, the SDV DM Award and dialog marketing in Switzerland in general. All three will remain members of the association as SDV members.<\/p>\r\n<p>In return, SDV President Dr. Christian Huldi was able to welcome three new faces to the Board: Doris B\u00fchler, Chief Creative Officer and Partner at B\u00fchler &amp; B\u00fchler, Francesco Martello, Head of Sales\/Campaign &amp; Account Mgt at AZ Direct and Simona Studer, Account Manager Dialog at the Wirz Group, were elected unanimously.<\/p>\r\n<p>The non-resigning Board members and the President were also re-elected unanimously. With the new additions, the composition of the Board has changed, but the number of members remains at nine. <a href=\"https:\/\/sdv-dialogmarketing.ch\/ueber-uns\/unser-verband\/\">Click here for the new jury composition<strong>.<\/strong><\/a><\/p>\r\n<p><em>((Pictures of the three new board members))<\/em><\/p>\r\n<p>((01_Doris-Buehler))<br \/>\r\n<strong>Doris B\u00fchler (Partner B\u00fchler &amp; B\u00fchler)<\/strong><\/p>\r\n<p><em>((02_<\/em> <em>Francesco-Martello))<br \/>\r\n<\/em><strong>Francesco Martello (AZ Direct AG)<\/strong><\/p>\r\n<p><em>((03_Simona_Studer))<\/em><strong><br \/>\r\nSimona Studer (Wirz Group AG)<\/strong><\/p>\r\n<p><em>((04_Combination))<br \/>\r\n<\/em><strong>The SDV welcomes three new Board members: Doris B\u00fchler, Francesco Martello and Simona Studer.<\/strong><\/p>","protected":false},"excerpt":{"rendered":"<p>There were three new additions at the General Assembly of the Swiss Dialog Marketing Association SDV on June 26.<\/p>","protected":false},"author":8,"featured_media":0,"comment_status":"closed","ping_status":"closed","sticky":false,"template":"","format":"standard","meta":{"_acf_changed":false,"_yoast_wpseo_focuskw":"SDV Vorstand","_yoast_wpseo_metadesc":"An der Generalversammlung des Schweizer Dialogmarketing Verbands SDV vom 26. Juni gab es drei Neuzug\u00e4nge.","articlekey":"","footnotes":""},"categories":[29],"tags":[4343,5086],"class_list":["post-39405","post","type-post","status-publish","format-standard","hentry","category-marketing","tag-markom","tag-schweizer-dialogmarketing-verband-sdv"],"acf":[],"yoast_head":"<!-- This site is optimized with the Yoast SEO plugin v27.5 - https:\/\/yoast.com\/product\/yoast-seo-wordpress\/ -->\n<title>SDV Vorstand mit neuer Zusammensetzung - Organisator<\/title>\n<meta name=\"description\" content=\"An der Generalversammlung des Schweizer Dialogmarketing Verbands SDV vom 26. Juni gab es drei Neuzug\u00e4nge.\" \/>\n<meta name=\"robots\" content=\"index, follow, max-snippet:-1, max-image-preview:large, max-video-preview:-1\" \/>\n<link rel=\"canonical\" href=\"https:\/\/www.organisator.ch\/en\/marketing\/2025-07-07\/sdv-vorstand-mit-neuer-zusammensetzung\/\" \/>\n<meta property=\"og:locale\" content=\"en_US\" \/>\n<meta property=\"og:type\" content=\"article\" \/>\n<meta property=\"og:title\" content=\"SDV Vorstand mit neuer Zusammensetzung - Organisator\" \/>\n<meta property=\"og:description\" content=\"An der Generalversammlung des Schweizer Dialogmarketing Verbands SDV vom 26. Juni gab es drei Neuzug\u00e4nge.\" \/>\n<meta property=\"og:url\" content=\"https:\/\/www.organisator.ch\/en\/marketing\/2025-07-07\/sdv-vorstand-mit-neuer-zusammensetzung\/\" \/>\n<meta property=\"og:site_name\" content=\"Organisator\" \/>\n<meta property=\"article:publisher\" content=\"https:\/\/www.facebook.com\/OrganisatorFachmagazin\" \/>\n<meta property=\"article:published_time\" content=\"2025-07-07T15:07:56+00:00\" \/>\n<meta name=\"author\" content=\"galledia\" \/>\n<meta name=\"twitter:card\" content=\"summary_large_image\" \/>\n<meta name=\"twitter:creator\" content=\"@admin\" \/>\n<script type=\"application\/ld+json\" class=\"yoast-schema-graph\">{\"@context\":\"https:\\\/\\\/schema.org\",\"@graph\":[{\"@type\":\"Article\",\"@id\":\"https:\\\/\\\/www.organisator.ch\\\/marketing\\\/2025-07-07\\\/sdv-vorstand-mit-neuer-zusammensetzung\\\/#article\",\"isPartOf\":{\"@id\":\"https:\\\/\\\/www.organisator.ch\\\/marketing\\\/2025-07-07\\\/sdv-vorstand-mit-neuer-zusammensetzung\\\/\"},\"author\":{\"name\":\"galledia\",\"@id\":\"https:\\\/\\\/www.organisator.ch\\\/#\\\/schema\\\/person\\\/4e51799071cd2dd1232ac003643ef5f0\"},\"headline\":\"SDV Vorstand mit neuer Zusammensetzung\",\"datePublished\":\"2025-07-07T15:07:56+00:00\",\"mainEntityOfPage\":{\"@id\":\"https:\\\/\\\/www.organisator.ch\\\/marketing\\\/2025-07-07\\\/sdv-vorstand-mit-neuer-zusammensetzung\\\/\"},\"wordCount\":220,\"publisher\":{\"@id\":\"https:\\\/\\\/www.organisator.ch\\\/#organization\"},\"image\":{\"@id\":\"https:\\\/\\\/www.organisator.ch\\\/marketing\\\/2025-07-07\\\/sdv-vorstand-mit-neuer-zusammensetzung\\\/#primaryimage\"},\"thumbnailUrl\":\"https:\\\/\\\/www.markt-kom.com\\\/wp-content\\\/uploads\\\/2025\\\/07\\\/04_SDV_Vorstand_Kombi-3-Neue_2048px.jpg\",\"keywords\":[\"MarKom\",\"Schweizer Dialogmarketing Verband SDV\"],\"articleSection\":[\"MARKETING\"],\"inLanguage\":\"en-US\"},{\"@type\":\"WebPage\",\"@id\":\"https:\\\/\\\/www.organisator.ch\\\/marketing\\\/2025-07-07\\\/sdv-vorstand-mit-neuer-zusammensetzung\\\/\",\"url\":\"https:\\\/\\\/www.organisator.ch\\\/marketing\\\/2025-07-07\\\/sdv-vorstand-mit-neuer-zusammensetzung\\\/\",\"name\":\"SDV Vorstand mit neuer Zusammensetzung - Organisator\",\"isPartOf\":{\"@id\":\"https:\\\/\\\/www.organisator.ch\\\/#website\"},\"primaryImageOfPage\":{\"@id\":\"https:\\\/\\\/www.organisator.ch\\\/marketing\\\/2025-07-07\\\/sdv-vorstand-mit-neuer-zusammensetzung\\\/#primaryimage\"},\"image\":{\"@id\":\"https:\\\/\\\/www.organisator.ch\\\/marketing\\\/2025-07-07\\\/sdv-vorstand-mit-neuer-zusammensetzung\\\/#primaryimage\"},\"thumbnailUrl\":\"https:\\\/\\\/www.markt-kom.com\\\/wp-content\\\/uploads\\\/2025\\\/07\\\/04_SDV_Vorstand_Kombi-3-Neue_2048px.jpg\",\"datePublished\":\"2025-07-07T15:07:56+00:00\",\"description\":\"An der Generalversammlung des Schweizer Dialogmarketing Verbands SDV vom 26. Juni gab es drei Neuzug\u00e4nge.\",\"breadcrumb\":{\"@id\":\"https:\\\/\\\/www.organisator.ch\\\/marketing\\\/2025-07-07\\\/sdv-vorstand-mit-neuer-zusammensetzung\\\/#breadcrumb\"},\"inLanguage\":\"en-US\",\"potentialAction\":[{\"@type\":\"ReadAction\",\"target\":[\"https:\\\/\\\/www.organisator.ch\\\/marketing\\\/2025-07-07\\\/sdv-vorstand-mit-neuer-zusammensetzung\\\/\"]}]},{\"@type\":\"ImageObject\",\"inLanguage\":\"en-US\",\"@id\":\"https:\\\/\\\/www.organisator.ch\\\/marketing\\\/2025-07-07\\\/sdv-vorstand-mit-neuer-zusammensetzung\\\/#primaryimage\",\"url\":\"https:\\\/\\\/www.markt-kom.com\\\/wp-content\\\/uploads\\\/2025\\\/07\\\/04_SDV_Vorstand_Kombi-3-Neue_2048px.jpg\",\"contentUrl\":\"https:\\\/\\\/www.markt-kom.com\\\/wp-content\\\/uploads\\\/2025\\\/07\\\/04_SDV_Vorstand_Kombi-3-Neue_2048px.jpg\"},{\"@type\":\"BreadcrumbList\",\"@id\":\"https:\\\/\\\/www.organisator.ch\\\/marketing\\\/2025-07-07\\\/sdv-vorstand-mit-neuer-zusammensetzung\\\/#breadcrumb\",\"itemListElement\":[{\"@type\":\"ListItem\",\"position\":1,\"name\":\"Home\",\"item\":\"https:\\\/\\\/www.organisator.ch\\\/\"},{\"@type\":\"ListItem\",\"position\":2,\"name\":\"SDV Vorstand mit neuer Zusammensetzung\"}]},{\"@type\":\"WebSite\",\"@id\":\"https:\\\/\\\/www.organisator.ch\\\/#website\",\"url\":\"https:\\\/\\\/www.organisator.ch\\\/\",\"name\":\"Organisator\",\"description\":\"Kompetent. Praxisnah. Der ORGANISATOR bereitet in 10 Ausgaben pro Jahr die wesentlichen Themen f\u00fcr F\u00fchrungskr\u00e4fte von KMU auf.\",\"publisher\":{\"@id\":\"https:\\\/\\\/www.organisator.ch\\\/#organization\"},\"potentialAction\":[{\"@type\":\"SearchAction\",\"target\":{\"@type\":\"EntryPoint\",\"urlTemplate\":\"https:\\\/\\\/www.organisator.ch\\\/?s={search_term_string}\"},\"query-input\":{\"@type\":\"PropertyValueSpecification\",\"valueRequired\":true,\"valueName\":\"search_term_string\"}}],\"inLanguage\":\"en-US\"},{\"@type\":\"Organization\",\"@id\":\"https:\\\/\\\/www.organisator.ch\\\/#organization\",\"name\":\"Organisator\",\"url\":\"https:\\\/\\\/www.organisator.ch\\\/\",\"logo\":{\"@type\":\"ImageObject\",\"inLanguage\":\"en-US\",\"@id\":\"https:\\\/\\\/www.organisator.ch\\\/#\\\/schema\\\/logo\\\/image\\\/\",\"url\":\"https:\\\/\\\/www.organisator.ch\\\/wp-content\\\/uploads\\\/2022\\\/01\\\/Logo_Organisator_Website.png\",\"contentUrl\":\"https:\\\/\\\/www.organisator.ch\\\/wp-content\\\/uploads\\\/2022\\\/01\\\/Logo_Organisator_Website.png\",\"width\":800,\"height\":77,\"caption\":\"Organisator\"},\"image\":{\"@id\":\"https:\\\/\\\/www.organisator.ch\\\/#\\\/schema\\\/logo\\\/image\\\/\"},\"sameAs\":[\"https:\\\/\\\/www.facebook.com\\\/OrganisatorFachmagazin\",\"https:\\\/\\\/www.linkedin.com\\\/showcase\\\/organisator-das-magazin-fr-kmu\",\"https:\\\/\\\/www.xing.com\\\/news\\\/pages\\\/organisator-ch-695\",\"https:\\\/\\\/www.youtube.com\\\/channel\\\/UCGP2Sq0iWaZwT3BdIAQFYpw\"]},{\"@type\":\"Person\",\"@id\":\"https:\\\/\\\/www.organisator.ch\\\/#\\\/schema\\\/person\\\/4e51799071cd2dd1232ac003643ef5f0\",\"name\":\"galledia\",\"image\":{\"@type\":\"ImageObject\",\"inLanguage\":\"en-US\",\"@id\":\"https:\\\/\\\/secure.gravatar.com\\\/avatar\\\/78a7f90c01fc2bfc875782a0d4922b37cde2cf184ce347b91316d23cd7f69a36?s=96&d=mm&r=g\",\"url\":\"https:\\\/\\\/secure.gravatar.com\\\/avatar\\\/78a7f90c01fc2bfc875782a0d4922b37cde2cf184ce347b91316d23cd7f69a36?s=96&d=mm&r=g\",\"contentUrl\":\"https:\\\/\\\/secure.gravatar.com\\\/avatar\\\/78a7f90c01fc2bfc875782a0d4922b37cde2cf184ce347b91316d23cd7f69a36?s=96&d=mm&r=g\",\"caption\":\"galledia\"},\"sameAs\":[\"https:\\\/\\\/x.com\\\/admin\"],\"url\":\"https:\\\/\\\/www.organisator.ch\\\/en\\\/author\\\/galledia\\\/\"}]}<\/script>\n<!-- \/ Yoast SEO plugin. -->","yoast_head_json":{"title":"SDV Board of Directors with new composition - Organizer","description":"There were three new additions at the General Assembly of the Swiss Dialog Marketing Association SDV on June 26.","robots":{"index":"index","follow":"follow","max-snippet":"max-snippet:-1","max-image-preview":"max-image-preview:large","max-video-preview":"max-video-preview:-1"},"canonical":"https:\/\/www.organisator.ch\/en\/marketing\/2025-07-07\/sdv-vorstand-mit-neuer-zusammensetzung\/","og_locale":"en_US","og_type":"article","og_title":"SDV Vorstand mit neuer Zusammensetzung - Organisator","og_description":"An der Generalversammlung des Schweizer Dialogmarketing Verbands SDV vom 26. Juni gab es drei Neuzug\u00e4nge.","og_url":"https:\/\/www.organisator.ch\/en\/marketing\/2025-07-07\/sdv-vorstand-mit-neuer-zusammensetzung\/","og_site_name":"Organisator","article_publisher":"https:\/\/www.facebook.com\/OrganisatorFachmagazin","article_published_time":"2025-07-07T15:07:56+00:00","author":"galledia","twitter_card":"summary_large_image","twitter_creator":"@admin","schema":{"@context":"https:\/\/schema.org","@graph":[{"@type":"Article","@id":"https:\/\/www.organisator.ch\/marketing\/2025-07-07\/sdv-vorstand-mit-neuer-zusammensetzung\/#article","isPartOf":{"@id":"https:\/\/www.organisator.ch\/marketing\/2025-07-07\/sdv-vorstand-mit-neuer-zusammensetzung\/"},"author":{"name":"galledia","@id":"https:\/\/www.organisator.ch\/#\/schema\/person\/4e51799071cd2dd1232ac003643ef5f0"},"headline":"SDV Vorstand mit neuer Zusammensetzung","datePublished":"2025-07-07T15:07:56+00:00","mainEntityOfPage":{"@id":"https:\/\/www.organisator.ch\/marketing\/2025-07-07\/sdv-vorstand-mit-neuer-zusammensetzung\/"},"wordCount":220,"publisher":{"@id":"https:\/\/www.organisator.ch\/#organization"},"image":{"@id":"https:\/\/www.organisator.ch\/marketing\/2025-07-07\/sdv-vorstand-mit-neuer-zusammensetzung\/#primaryimage"},"thumbnailUrl":"https:\/\/www.markt-kom.com\/wp-content\/uploads\/2025\/07\/04_SDV_Vorstand_Kombi-3-Neue_2048px.jpg","keywords":["MarKom","Schweizer Dialogmarketing Verband SDV"],"articleSection":["MARKETING"],"inLanguage":"en-US"},{"@type":"WebPage","@id":"https:\/\/www.organisator.ch\/marketing\/2025-07-07\/sdv-vorstand-mit-neuer-zusammensetzung\/","url":"https:\/\/www.organisator.ch\/marketing\/2025-07-07\/sdv-vorstand-mit-neuer-zusammensetzung\/","name":"SDV Board of Directors with new composition - Organizer","isPartOf":{"@id":"https:\/\/www.organisator.ch\/#website"},"primaryImageOfPage":{"@id":"https:\/\/www.organisator.ch\/marketing\/2025-07-07\/sdv-vorstand-mit-neuer-zusammensetzung\/#primaryimage"},"image":{"@id":"https:\/\/www.organisator.ch\/marketing\/2025-07-07\/sdv-vorstand-mit-neuer-zusammensetzung\/#primaryimage"},"thumbnailUrl":"https:\/\/www.markt-kom.com\/wp-content\/uploads\/2025\/07\/04_SDV_Vorstand_Kombi-3-Neue_2048px.jpg","datePublished":"2025-07-07T15:07:56+00:00","description":"There were three new additions at the General Assembly of the Swiss Dialog Marketing Association SDV on June 26.","breadcrumb":{"@id":"https:\/\/www.organisator.ch\/marketing\/2025-07-07\/sdv-vorstand-mit-neuer-zusammensetzung\/#breadcrumb"},"inLanguage":"en-US","potentialAction":[{"@type":"ReadAction","target":["https:\/\/www.organisator.ch\/marketing\/2025-07-07\/sdv-vorstand-mit-neuer-zusammensetzung\/"]}]},{"@type":"ImageObject","inLanguage":"en-US","@id":"https:\/\/www.organisator.ch\/marketing\/2025-07-07\/sdv-vorstand-mit-neuer-zusammensetzung\/#primaryimage","url":"https:\/\/www.markt-kom.com\/wp-content\/uploads\/2025\/07\/04_SDV_Vorstand_Kombi-3-Neue_2048px.jpg","contentUrl":"https:\/\/www.markt-kom.com\/wp-content\/uploads\/2025\/07\/04_SDV_Vorstand_Kombi-3-Neue_2048px.jpg"},{"@type":"BreadcrumbList","@id":"https:\/\/www.organisator.ch\/marketing\/2025-07-07\/sdv-vorstand-mit-neuer-zusammensetzung\/#breadcrumb","itemListElement":[{"@type":"ListItem","position":1,"name":"Home","item":"https:\/\/www.organisator.ch\/"},{"@type":"ListItem","position":2,"name":"SDV Vorstand mit neuer Zusammensetzung"}]},{"@type":"WebSite","@id":"https:\/\/www.organisator.ch\/#website","url":"https:\/\/www.organisator.ch\/","name":"Organizer","description":"Competent. Practical. In 10 issues per year, ORGANISATOR presents the essential topics for managers of SMEs.","publisher":{"@id":"https:\/\/www.organisator.ch\/#organization"},"potentialAction":[{"@type":"SearchAction","target":{"@type":"EntryPoint","urlTemplate":"https:\/\/www.organisator.ch\/?s={search_term_string}"},"query-input":{"@type":"PropertyValueSpecification","valueRequired":true,"valueName":"search_term_string"}}],"inLanguage":"en-US"},{"@type":"Organization","@id":"https:\/\/www.organisator.ch\/#organization","name":"Organizer","url":"https:\/\/www.organisator.ch\/","logo":{"@type":"ImageObject","inLanguage":"en-US","@id":"https:\/\/www.organisator.ch\/#\/schema\/logo\/image\/","url":"https:\/\/www.organisator.ch\/wp-content\/uploads\/2022\/01\/Logo_Organisator_Website.png","contentUrl":"https:\/\/www.organisator.ch\/wp-content\/uploads\/2022\/01\/Logo_Organisator_Website.png","width":800,"height":77,"caption":"Organisator"},"image":{"@id":"https:\/\/www.organisator.ch\/#\/schema\/logo\/image\/"},"sameAs":["https:\/\/www.facebook.com\/OrganisatorFachmagazin","https:\/\/www.linkedin.com\/showcase\/organisator-das-magazin-fr-kmu","https:\/\/www.xing.com\/news\/pages\/organisator-ch-695","https:\/\/www.youtube.com\/channel\/UCGP2Sq0iWaZwT3BdIAQFYpw"]},{"@type":"Person","@id":"https:\/\/www.organisator.ch\/#\/schema\/person\/4e51799071cd2dd1232ac003643ef5f0","name":"galledia","image":{"@type":"ImageObject","inLanguage":"en-US","@id":"https:\/\/secure.gravatar.com\/avatar\/78a7f90c01fc2bfc875782a0d4922b37cde2cf184ce347b91316d23cd7f69a36?s=96&d=mm&r=g","url":"https:\/\/secure.gravatar.com\/avatar\/78a7f90c01fc2bfc875782a0d4922b37cde2cf184ce347b91316d23cd7f69a36?s=96&d=mm&r=g","contentUrl":"https:\/\/secure.gravatar.com\/avatar\/78a7f90c01fc2bfc875782a0d4922b37cde2cf184ce347b91316d23cd7f69a36?s=96&d=mm&r=g","caption":"galledia"},"sameAs":["https:\/\/x.com\/admin"],"url":"https:\/\/www.organisator.ch\/en\/author\/galledia\/"}]}},"_links":{"self":[{"href":"https:\/\/www.organisator.ch\/en\/wp-json\/wp\/v2\/posts\/39405","targetHints":{"allow":["GET"]}}],"collection":[{"href":"https:\/\/www.organisator.ch\/en\/wp-json\/wp\/v2\/posts"}],"about":[{"href":"https:\/\/www.organisator.ch\/en\/wp-json\/wp\/v2\/types\/post"}],"author":[{"embeddable":true,"href":"https:\/\/www.organisator.ch\/en\/wp-json\/wp\/v2\/users\/8"}],"replies":[{"embeddable":true,"href":"https:\/\/www.organisator.ch\/en\/wp-json\/wp\/v2\/comments?post=39405"}],"version-history":[{"count":5,"href":"https:\/\/www.organisator.ch\/en\/wp-json\/wp\/v2\/posts\/39405\/revisions"}],"predecessor-version":[{"id":39514,"href":"https:\/\/www.organisator.ch\/en\/wp-json\/wp\/v2\/posts\/39405\/revisions\/39514"}],"wp:attachment":[{"href":"https:\/\/www.organisator.ch\/en\/wp-json\/wp\/v2\/media?parent=39405"}],"wp:term":[{"taxonomy":"category","embeddable":true,"href":"https:\/\/www.organisator.ch\/en\/wp-json\/wp\/v2\/categories?post=39405"},{"taxonomy":"post_tag","embeddable":true,"href":"https:\/\/www.organisator.ch\/en\/wp-json\/wp\/v2\/tags?post=39405"}],"curies":[{"name":"wp","href":"https:\/\/api.w.org\/{rel}","templated":true}]}}