{"id":3944,"date":"2018-07-17T09:12:54","date_gmt":"2018-07-17T07:12:54","guid":{"rendered":"https:\/\/www.organisator.ch\/?p=3944"},"modified":"2018-07-17T09:12:54","modified_gmt":"2018-07-17T07:12:54","slug":"neustarter-stiftung-kompetenzen-statt-alter","status":"publish","type":"post","link":"https:\/\/www.organisator.ch\/en\/allgemein\/2018-07-17\/neustarter-stiftung-kompetenzen-statt-alter\/","title":{"rendered":"Neustarter Foundation: Competencies instead of age"},"content":{"rendered":"<figure id=\"attachment_4008\" aria-describedby=\"caption-attachment-4008\" style=\"width: 640px\" class=\"wp-caption alignnone\"><img loading=\"lazy\" decoding=\"async\" class=\"size-full wp-image-4008\" src=\"https:\/\/www.organisator.ch\/wp-content\/uploads\/2018\/07\/Neustarter-Stiftung-Kompetenzen-statt-Alter_Organisator.jpg\" alt=\"\" width=\"640\" height=\"427\" srcset=\"https:\/\/www.organisator.ch\/wp-content\/uploads\/2018\/07\/Neustarter-Stiftung-Kompetenzen-statt-Alter_Organisator.jpg 640w, https:\/\/www.organisator.ch\/wp-content\/uploads\/2018\/07\/Neustarter-Stiftung-Kompetenzen-statt-Alter_Organisator-16x12.jpg 16w, https:\/\/www.organisator.ch\/wp-content\/uploads\/2018\/07\/Neustarter-Stiftung-Kompetenzen-statt-Alter_Organisator-262x175.jpg 262w, https:\/\/www.organisator.ch\/wp-content\/uploads\/2018\/07\/Neustarter-Stiftung-Kompetenzen-statt-Alter_Organisator-525x350.jpg 525w, https:\/\/www.organisator.ch\/wp-content\/uploads\/2018\/07\/Neustarter-Stiftung-Kompetenzen-statt-Alter_Organisator-300x200.jpg 300w\" sizes=\"auto, (max-width: 640px) 100vw, 640px\" \/><figcaption id=\"caption-attachment-4008\" class=\"wp-caption-text\">In total, Neustarter has welcomed almost 500 participants in the past 12 months. (Image: zVg)<\/figcaption><\/figure>\n<p>From June 2017 to June 2018, 9 workshops, two Neustarter Foundation on Tour, 10 regulars' tables, three lectures with panel discussions and a large annual kick-off event were held. The online community, which is growing daily, already includes about 3000 fans and followers. The plan is to expand the workshops and the regulars' tables to the entire area of Switzerland and the DACH region in the next few years.<\/p>\n<p>At the center of all activities is the strengthening of the competencies of each individual.<\/p>\n<p><strong>New start in change \u00a0<\/strong><\/p>\n<p>A year ago, the non-profit Tertianum Foundation, founded in 1999, gave itself a reboot. In the field of tension between demographic change and increasing digitization, the renamed Neustarter foundation has since focused on two key areas:<\/p>\n<p><em>- professional restart of employed persons 49+ within or self-employed outside companies accompaniment of companies and organizations<\/em><\/p>\n<p><em>- in \"generation-friendly talent management\" with new working models for changed framework conditions as well as<\/em><\/p>\n<p><em>- with formats for collegial exchange and comprehensive imparting of methodological knowledge to equip older employees of many years' standing for the future.<\/em><\/p>\n<p>&nbsp;<\/p>\n<p><strong>Dynamic resumes <\/strong><\/p>\n<p>The future belongs to dynamic CVs and both employees and employers are increasingly required to react flexibly to changing requirements. Especially after many years of working life, this is not easy. Neustarter specifically aims to inspire, encourage and support those in employment over the age of 49, but also companies with employees over this age. In addition to the concrete offers, Neustarter also promotes the community through platforms for exchange and comprehensive communication offers.<\/p>\n<p><em>New Starters organizes regularly:<\/em><\/p>\n<p><em>- Workshops for individuals (to determine where they stand, network with like-minded people, and learn methods such as design thinking).<\/em><\/p>\n<p><em>- Workshops for companies (for generation-friendly talent management, e.g. on motivation &amp; competencies, leadership, agility in mixed-age teams).<\/em><\/p>\n<p><em>- New starters on tour: \"Learning Journeys\" at startups and interesting places for inspiration and exchange of ideas<\/em><\/p>\n<p><em>- Regulars' tables for exchange, networking and inspiration<\/em><\/p>\n<p><em>- Events from scientific to practical to social discourse<\/em><\/p>\n<p>&nbsp;<\/p>\n<p><a href=\"http:\/\/www.neustarter.com\">www.neustarter.com<\/a><\/p>","protected":false},"excerpt":{"rendered":"<p>Von Juni 2017 bis Juni 2018 wurden 9 Workshops,\u00a0 zwei Neustarter-Stiftung on Tour, 10 Stammtische, drei Vortr\u00e4ge mit Podiumsdiskussionen und ein grosses Jahresauftakt-Event durchgef\u00fchrt. Zur t\u00e4glich wachsenden Online-Community geh\u00f6ren bereits ca. 3000 Fans und Follower. Geplant ist die Ausweitung der Workshops und der Stammtische auf das gesamte Gebiet der Schweiz und die DACH-Region in den [&hellip;]<\/p>\n","protected":false},"author":5,"featured_media":3945,"comment_status":"open","ping_status":"open","sticky":false,"template":"","format":"standard","meta":{"_acf_changed":false,"_yoast_wpseo_focuskw":"Neustarter-Stiftung","_yoast_wpseo_metadesc":"Die Neustarter-Stiftung zieht nach einem Jahr Neuausrichtung auf die beruflichen Neustarts von Schweizerinnen und Schweizern im Alter von 49+ Bilanz.","articlekey":"","footnotes":""},"categories":[1],"tags":[31,75,361,455],"class_list":["post-3944","post","type-post","status-publish","format-standard","has-post-thumbnail","hentry","category-allgemein","tag-31","tag-berufswahl","tag-neuausrichtung","tag-stiftung"],"acf":[],"yoast_head":"<!-- This site is optimized with the Yoast SEO plugin v27.4 - https:\/\/yoast.com\/product\/yoast-seo-wordpress\/ -->\n<title>Neustarter-Stiftung: Kompetenzen statt Alter - Organisator<\/title>\n<meta name=\"description\" content=\"Die Neustarter-Stiftung zieht nach einem Jahr Neuausrichtung auf die beruflichen Neustarts von Schweizerinnen und Schweizern im Alter von 49+ Bilanz.\" \/>\n<meta name=\"robots\" content=\"index, follow, max-snippet:-1, max-image-preview:large, max-video-preview:-1\" \/>\n<link rel=\"canonical\" href=\"https:\/\/www.organisator.ch\/en\/general\/2018-07-17\/neustarter-stiftung-kompetenzen-statt-alter\/\" \/>\n<meta property=\"og:locale\" content=\"en_US\" \/>\n<meta property=\"og:type\" content=\"article\" \/>\n<meta property=\"og:title\" content=\"Neustarter-Stiftung: Kompetenzen statt Alter - Organisator\" \/>\n<meta property=\"og:description\" content=\"Die Neustarter-Stiftung zieht nach einem Jahr Neuausrichtung auf die beruflichen Neustarts von Schweizerinnen und Schweizern im Alter von 49+ Bilanz.\" \/>\n<meta property=\"og:url\" content=\"https:\/\/www.organisator.ch\/en\/general\/2018-07-17\/neustarter-stiftung-kompetenzen-statt-alter\/\" \/>\n<meta property=\"og:site_name\" content=\"Organisator\" \/>\n<meta property=\"article:publisher\" content=\"https:\/\/www.facebook.com\/OrganisatorFachmagazin\" \/>\n<meta property=\"article:published_time\" content=\"2018-07-17T07:12:54+00:00\" \/>\n<meta property=\"og:image\" content=\"https:\/\/www.organisator.ch\/wp-content\/uploads\/2018\/07\/Neustarter-Stiftung-org-organisator.jpg\" \/>\n\t<meta property=\"og:image:width\" content=\"1215\" \/>\n\t<meta property=\"og:image:height\" content=\"1822\" \/>\n\t<meta property=\"og:image:type\" content=\"image\/jpeg\" \/>\n<meta name=\"author\" content=\"michael.merz\" \/>\n<meta name=\"twitter:card\" content=\"summary_large_image\" \/>\n<script type=\"application\/ld+json\" class=\"yoast-schema-graph\">{\"@context\":\"https:\\\/\\\/schema.org\",\"@graph\":[{\"@type\":\"Article\",\"@id\":\"https:\\\/\\\/www.organisator.ch\\\/de\\\/allgemein\\\/2018-07-17\\\/neustarter-stiftung-kompetenzen-statt-alter\\\/#article\",\"isPartOf\":{\"@id\":\"https:\\\/\\\/www.organisator.ch\\\/de\\\/allgemein\\\/2018-07-17\\\/neustarter-stiftung-kompetenzen-statt-alter\\\/\"},\"author\":{\"name\":\"michael.merz\",\"@id\":\"https:\\\/\\\/www.organisator.ch\\\/#\\\/schema\\\/person\\\/134708ca9321c57b0362cceb7948ffbd\"},\"headline\":\"Neustarter-Stiftung: Kompetenzen statt Alter\",\"datePublished\":\"2018-07-17T07:12:54+00:00\",\"mainEntityOfPage\":{\"@id\":\"https:\\\/\\\/www.organisator.ch\\\/de\\\/allgemein\\\/2018-07-17\\\/neustarter-stiftung-kompetenzen-statt-alter\\\/\"},\"wordCount\":343,\"commentCount\":0,\"publisher\":{\"@id\":\"https:\\\/\\\/www.organisator.ch\\\/#organization\"},\"image\":{\"@id\":\"https:\\\/\\\/www.organisator.ch\\\/de\\\/allgemein\\\/2018-07-17\\\/neustarter-stiftung-kompetenzen-statt-alter\\\/#primaryimage\"},\"thumbnailUrl\":\"https:\\\/\\\/www.organisator.ch\\\/wp-content\\\/uploads\\\/2018\\\/07\\\/Neustarter-Stiftung-org-organisator.jpg\",\"keywords\":[\"50+\",\"Berufswahl\",\"Neuausrichtung\",\"Stiftung\"],\"articleSection\":[\"Allgemein\"],\"inLanguage\":\"en-US\"},{\"@type\":\"WebPage\",\"@id\":\"https:\\\/\\\/www.organisator.ch\\\/de\\\/allgemein\\\/2018-07-17\\\/neustarter-stiftung-kompetenzen-statt-alter\\\/\",\"url\":\"https:\\\/\\\/www.organisator.ch\\\/de\\\/allgemein\\\/2018-07-17\\\/neustarter-stiftung-kompetenzen-statt-alter\\\/\",\"name\":\"Neustarter-Stiftung: Kompetenzen statt Alter - Organisator\",\"isPartOf\":{\"@id\":\"https:\\\/\\\/www.organisator.ch\\\/#website\"},\"primaryImageOfPage\":{\"@id\":\"https:\\\/\\\/www.organisator.ch\\\/de\\\/allgemein\\\/2018-07-17\\\/neustarter-stiftung-kompetenzen-statt-alter\\\/#primaryimage\"},\"image\":{\"@id\":\"https:\\\/\\\/www.organisator.ch\\\/de\\\/allgemein\\\/2018-07-17\\\/neustarter-stiftung-kompetenzen-statt-alter\\\/#primaryimage\"},\"thumbnailUrl\":\"https:\\\/\\\/www.organisator.ch\\\/wp-content\\\/uploads\\\/2018\\\/07\\\/Neustarter-Stiftung-org-organisator.jpg\",\"datePublished\":\"2018-07-17T07:12:54+00:00\",\"description\":\"Die Neustarter-Stiftung zieht nach einem Jahr Neuausrichtung auf die beruflichen Neustarts von Schweizerinnen und Schweizern im Alter von 49+ Bilanz.\",\"breadcrumb\":{\"@id\":\"https:\\\/\\\/www.organisator.ch\\\/de\\\/allgemein\\\/2018-07-17\\\/neustarter-stiftung-kompetenzen-statt-alter\\\/#breadcrumb\"},\"inLanguage\":\"en-US\",\"potentialAction\":[{\"@type\":\"ReadAction\",\"target\":[\"https:\\\/\\\/www.organisator.ch\\\/de\\\/allgemein\\\/2018-07-17\\\/neustarter-stiftung-kompetenzen-statt-alter\\\/\"]}]},{\"@type\":\"ImageObject\",\"inLanguage\":\"en-US\",\"@id\":\"https:\\\/\\\/www.organisator.ch\\\/de\\\/allgemein\\\/2018-07-17\\\/neustarter-stiftung-kompetenzen-statt-alter\\\/#primaryimage\",\"url\":\"https:\\\/\\\/www.organisator.ch\\\/wp-content\\\/uploads\\\/2018\\\/07\\\/Neustarter-Stiftung-org-organisator.jpg\",\"contentUrl\":\"https:\\\/\\\/www.organisator.ch\\\/wp-content\\\/uploads\\\/2018\\\/07\\\/Neustarter-Stiftung-org-organisator.jpg\",\"width\":1215,\"height\":1822,\"caption\":\"Insgesamt konnte Neustarter in den vergangenen 12 Monaten fast 500 Teilnehmende begr\u00fcssen. (Bild: zVg)\"},{\"@type\":\"BreadcrumbList\",\"@id\":\"https:\\\/\\\/www.organisator.ch\\\/de\\\/allgemein\\\/2018-07-17\\\/neustarter-stiftung-kompetenzen-statt-alter\\\/#breadcrumb\",\"itemListElement\":[{\"@type\":\"ListItem\",\"position\":1,\"name\":\"Home\",\"item\":\"https:\\\/\\\/www.organisator.ch\\\/\"},{\"@type\":\"ListItem\",\"position\":2,\"name\":\"Neustarter-Stiftung: Kompetenzen statt Alter\"}]},{\"@type\":\"WebSite\",\"@id\":\"https:\\\/\\\/www.organisator.ch\\\/#website\",\"url\":\"https:\\\/\\\/www.organisator.ch\\\/\",\"name\":\"Organisator\",\"description\":\"Kompetent. Praxisnah. Der ORGANISATOR bereitet in 10 Ausgaben pro Jahr die wesentlichen Themen f\u00fcr F\u00fchrungskr\u00e4fte von KMU auf.\",\"publisher\":{\"@id\":\"https:\\\/\\\/www.organisator.ch\\\/#organization\"},\"potentialAction\":[{\"@type\":\"SearchAction\",\"target\":{\"@type\":\"EntryPoint\",\"urlTemplate\":\"https:\\\/\\\/www.organisator.ch\\\/?s={search_term_string}\"},\"query-input\":{\"@type\":\"PropertyValueSpecification\",\"valueRequired\":true,\"valueName\":\"search_term_string\"}}],\"inLanguage\":\"en-US\"},{\"@type\":\"Organization\",\"@id\":\"https:\\\/\\\/www.organisator.ch\\\/#organization\",\"name\":\"Organisator\",\"url\":\"https:\\\/\\\/www.organisator.ch\\\/\",\"logo\":{\"@type\":\"ImageObject\",\"inLanguage\":\"en-US\",\"@id\":\"https:\\\/\\\/www.organisator.ch\\\/#\\\/schema\\\/logo\\\/image\\\/\",\"url\":\"https:\\\/\\\/www.organisator.ch\\\/wp-content\\\/uploads\\\/2022\\\/01\\\/Logo_Organisator_Website.png\",\"contentUrl\":\"https:\\\/\\\/www.organisator.ch\\\/wp-content\\\/uploads\\\/2022\\\/01\\\/Logo_Organisator_Website.png\",\"width\":800,\"height\":77,\"caption\":\"Organisator\"},\"image\":{\"@id\":\"https:\\\/\\\/www.organisator.ch\\\/#\\\/schema\\\/logo\\\/image\\\/\"},\"sameAs\":[\"https:\\\/\\\/www.facebook.com\\\/OrganisatorFachmagazin\",\"https:\\\/\\\/www.linkedin.com\\\/showcase\\\/organisator-das-magazin-fr-kmu\",\"https:\\\/\\\/www.xing.com\\\/news\\\/pages\\\/organisator-ch-695\",\"https:\\\/\\\/www.youtube.com\\\/channel\\\/UCGP2Sq0iWaZwT3BdIAQFYpw\"]},{\"@type\":\"Person\",\"@id\":\"https:\\\/\\\/www.organisator.ch\\\/#\\\/schema\\\/person\\\/134708ca9321c57b0362cceb7948ffbd\",\"name\":\"michael.merz\",\"image\":{\"@type\":\"ImageObject\",\"inLanguage\":\"en-US\",\"@id\":\"https:\\\/\\\/secure.gravatar.com\\\/avatar\\\/?s=96&d=mm&r=g\",\"url\":\"https:\\\/\\\/secure.gravatar.com\\\/avatar\\\/?s=96&d=mm&r=g\",\"contentUrl\":\"https:\\\/\\\/secure.gravatar.com\\\/avatar\\\/?s=96&d=mm&r=g\",\"caption\":\"michael.merz\"},\"url\":\"https:\\\/\\\/www.organisator.ch\\\/en\\\/author\\\/michael-merz\\\/\"}]}<\/script>\n<!-- \/ Yoast SEO plugin. -->","yoast_head_json":{"title":"Neustarter Foundation: Competencies instead of age - Organizer","description":"The Neustarter Foundation takes stock after a year of refocusing on the career restarts of Swiss men and women aged 49+.","robots":{"index":"index","follow":"follow","max-snippet":"max-snippet:-1","max-image-preview":"max-image-preview:large","max-video-preview":"max-video-preview:-1"},"canonical":"https:\/\/www.organisator.ch\/en\/general\/2018-07-17\/neustarter-stiftung-kompetenzen-statt-alter\/","og_locale":"en_US","og_type":"article","og_title":"Neustarter-Stiftung: Kompetenzen statt Alter - Organisator","og_description":"Die Neustarter-Stiftung zieht nach einem Jahr Neuausrichtung auf die beruflichen Neustarts von Schweizerinnen und Schweizern im Alter von 49+ Bilanz.","og_url":"https:\/\/www.organisator.ch\/en\/general\/2018-07-17\/neustarter-stiftung-kompetenzen-statt-alter\/","og_site_name":"Organisator","article_publisher":"https:\/\/www.facebook.com\/OrganisatorFachmagazin","article_published_time":"2018-07-17T07:12:54+00:00","og_image":[{"width":1215,"height":1822,"url":"https:\/\/www.organisator.ch\/wp-content\/uploads\/2018\/07\/Neustarter-Stiftung-org-organisator.jpg","type":"image\/jpeg"}],"author":"michael.merz","twitter_card":"summary_large_image","schema":{"@context":"https:\/\/schema.org","@graph":[{"@type":"Article","@id":"https:\/\/www.organisator.ch\/de\/allgemein\/2018-07-17\/neustarter-stiftung-kompetenzen-statt-alter\/#article","isPartOf":{"@id":"https:\/\/www.organisator.ch\/de\/allgemein\/2018-07-17\/neustarter-stiftung-kompetenzen-statt-alter\/"},"author":{"name":"michael.merz","@id":"https:\/\/www.organisator.ch\/#\/schema\/person\/134708ca9321c57b0362cceb7948ffbd"},"headline":"Neustarter-Stiftung: Kompetenzen statt Alter","datePublished":"2018-07-17T07:12:54+00:00","mainEntityOfPage":{"@id":"https:\/\/www.organisator.ch\/de\/allgemein\/2018-07-17\/neustarter-stiftung-kompetenzen-statt-alter\/"},"wordCount":343,"commentCount":0,"publisher":{"@id":"https:\/\/www.organisator.ch\/#organization"},"image":{"@id":"https:\/\/www.organisator.ch\/de\/allgemein\/2018-07-17\/neustarter-stiftung-kompetenzen-statt-alter\/#primaryimage"},"thumbnailUrl":"https:\/\/www.organisator.ch\/wp-content\/uploads\/2018\/07\/Neustarter-Stiftung-org-organisator.jpg","keywords":["50+","Berufswahl","Neuausrichtung","Stiftung"],"articleSection":["Allgemein"],"inLanguage":"en-US"},{"@type":"WebPage","@id":"https:\/\/www.organisator.ch\/de\/allgemein\/2018-07-17\/neustarter-stiftung-kompetenzen-statt-alter\/","url":"https:\/\/www.organisator.ch\/de\/allgemein\/2018-07-17\/neustarter-stiftung-kompetenzen-statt-alter\/","name":"Neustarter Foundation: Competencies instead of age - Organizer","isPartOf":{"@id":"https:\/\/www.organisator.ch\/#website"},"primaryImageOfPage":{"@id":"https:\/\/www.organisator.ch\/de\/allgemein\/2018-07-17\/neustarter-stiftung-kompetenzen-statt-alter\/#primaryimage"},"image":{"@id":"https:\/\/www.organisator.ch\/de\/allgemein\/2018-07-17\/neustarter-stiftung-kompetenzen-statt-alter\/#primaryimage"},"thumbnailUrl":"https:\/\/www.organisator.ch\/wp-content\/uploads\/2018\/07\/Neustarter-Stiftung-org-organisator.jpg","datePublished":"2018-07-17T07:12:54+00:00","description":"The Neustarter Foundation takes stock after a year of refocusing on the career restarts of Swiss men and women aged 49+.","breadcrumb":{"@id":"https:\/\/www.organisator.ch\/de\/allgemein\/2018-07-17\/neustarter-stiftung-kompetenzen-statt-alter\/#breadcrumb"},"inLanguage":"en-US","potentialAction":[{"@type":"ReadAction","target":["https:\/\/www.organisator.ch\/de\/allgemein\/2018-07-17\/neustarter-stiftung-kompetenzen-statt-alter\/"]}]},{"@type":"ImageObject","inLanguage":"en-US","@id":"https:\/\/www.organisator.ch\/de\/allgemein\/2018-07-17\/neustarter-stiftung-kompetenzen-statt-alter\/#primaryimage","url":"https:\/\/www.organisator.ch\/wp-content\/uploads\/2018\/07\/Neustarter-Stiftung-org-organisator.jpg","contentUrl":"https:\/\/www.organisator.ch\/wp-content\/uploads\/2018\/07\/Neustarter-Stiftung-org-organisator.jpg","width":1215,"height":1822,"caption":"Insgesamt konnte Neustarter in den vergangenen 12 Monaten fast 500 Teilnehmende begr\u00fcssen. (Bild: zVg)"},{"@type":"BreadcrumbList","@id":"https:\/\/www.organisator.ch\/de\/allgemein\/2018-07-17\/neustarter-stiftung-kompetenzen-statt-alter\/#breadcrumb","itemListElement":[{"@type":"ListItem","position":1,"name":"Home","item":"https:\/\/www.organisator.ch\/"},{"@type":"ListItem","position":2,"name":"Neustarter-Stiftung: Kompetenzen statt Alter"}]},{"@type":"WebSite","@id":"https:\/\/www.organisator.ch\/#website","url":"https:\/\/www.organisator.ch\/","name":"Organizer","description":"Competent. Practical. In 10 issues per year, ORGANISATOR presents the essential topics for managers of SMEs.","publisher":{"@id":"https:\/\/www.organisator.ch\/#organization"},"potentialAction":[{"@type":"SearchAction","target":{"@type":"EntryPoint","urlTemplate":"https:\/\/www.organisator.ch\/?s={search_term_string}"},"query-input":{"@type":"PropertyValueSpecification","valueRequired":true,"valueName":"search_term_string"}}],"inLanguage":"en-US"},{"@type":"Organization","@id":"https:\/\/www.organisator.ch\/#organization","name":"Organizer","url":"https:\/\/www.organisator.ch\/","logo":{"@type":"ImageObject","inLanguage":"en-US","@id":"https:\/\/www.organisator.ch\/#\/schema\/logo\/image\/","url":"https:\/\/www.organisator.ch\/wp-content\/uploads\/2022\/01\/Logo_Organisator_Website.png","contentUrl":"https:\/\/www.organisator.ch\/wp-content\/uploads\/2022\/01\/Logo_Organisator_Website.png","width":800,"height":77,"caption":"Organisator"},"image":{"@id":"https:\/\/www.organisator.ch\/#\/schema\/logo\/image\/"},"sameAs":["https:\/\/www.facebook.com\/OrganisatorFachmagazin","https:\/\/www.linkedin.com\/showcase\/organisator-das-magazin-fr-kmu","https:\/\/www.xing.com\/news\/pages\/organisator-ch-695","https:\/\/www.youtube.com\/channel\/UCGP2Sq0iWaZwT3BdIAQFYpw"]},{"@type":"Person","@id":"https:\/\/www.organisator.ch\/#\/schema\/person\/134708ca9321c57b0362cceb7948ffbd","name":"michael.merz","image":{"@type":"ImageObject","inLanguage":"en-US","@id":"https:\/\/secure.gravatar.com\/avatar\/?s=96&d=mm&r=g","url":"https:\/\/secure.gravatar.com\/avatar\/?s=96&d=mm&r=g","contentUrl":"https:\/\/secure.gravatar.com\/avatar\/?s=96&d=mm&r=g","caption":"michael.merz"},"url":"https:\/\/www.organisator.ch\/en\/author\/michael-merz\/"}]}},"_links":{"self":[{"href":"https:\/\/www.organisator.ch\/en\/wp-json\/wp\/v2\/posts\/3944","targetHints":{"allow":["GET"]}}],"collection":[{"href":"https:\/\/www.organisator.ch\/en\/wp-json\/wp\/v2\/posts"}],"about":[{"href":"https:\/\/www.organisator.ch\/en\/wp-json\/wp\/v2\/types\/post"}],"author":[{"embeddable":true,"href":"https:\/\/www.organisator.ch\/en\/wp-json\/wp\/v2\/users\/5"}],"replies":[{"embeddable":true,"href":"https:\/\/www.organisator.ch\/en\/wp-json\/wp\/v2\/comments?post=3944"}],"version-history":[{"count":0,"href":"https:\/\/www.organisator.ch\/en\/wp-json\/wp\/v2\/posts\/3944\/revisions"}],"wp:featuredmedia":[{"embeddable":true,"href":"https:\/\/www.organisator.ch\/en\/wp-json\/wp\/v2\/media\/3945"}],"wp:attachment":[{"href":"https:\/\/www.organisator.ch\/en\/wp-json\/wp\/v2\/media?parent=3944"}],"wp:term":[{"taxonomy":"category","embeddable":true,"href":"https:\/\/www.organisator.ch\/en\/wp-json\/wp\/v2\/categories?post=3944"},{"taxonomy":"post_tag","embeddable":true,"href":"https:\/\/www.organisator.ch\/en\/wp-json\/wp\/v2\/tags?post=3944"}],"curies":[{"name":"wp","href":"https:\/\/api.w.org\/{rel}","templated":true}]}}