{"id":39464,"date":"2025-07-03T21:00:06","date_gmt":"2025-07-03T19:00:06","guid":{"rendered":"https:\/\/www.markt-kom.com\/?p=237050"},"modified":"2025-07-04T08:29:25","modified_gmt":"2025-07-04T06:29:25","slug":"die-nominierten-fuer-den-award-cmo-of-the-year-2025-sind-gewaehlt","status":"publish","type":"post","link":"https:\/\/www.organisator.ch\/en\/marketing\/2025-07-03\/die-nominierten-fuer-den-award-cmo-of-the-year-2025-sind-gewaehlt\/","title":{"rendered":"The nominees for the \"CMO of the Year 2025\" award have been chosen"},"content":{"rendered":"<figure id=\"attachment_237053\" class=\"wp-caption alignnone\" style=\"width: 1024px;\" aria-describedby=\"caption-attachment-237053\"><a href=\"https:\/\/www.markt-kom.com\/wp-content\/uploads\/2025\/07\/CMO-of-The-Year-die-Nominierten-2025.png\"><img class=\"size-full wp-image-237053\" src=\"https:\/\/www.markt-kom.com\/wp-content\/uploads\/2025\/07\/CMO-of-The-Year-die-Nominierten-2025.png\" sizes=\"(max-width: 1024px) 100vw, 1024px\" srcset=\"https:\/\/www.markt-kom.com\/wp-content\/uploads\/2025\/07\/CMO-of-The-Year-die-Nominierten-2025.png 1024w, https:\/\/www.markt-kom.com\/wp-content\/uploads\/2025\/07\/CMO-of-The-Year-die-Nominierten-2025-600x450.png 600w, https:\/\/www.markt-kom.com\/wp-content\/uploads\/2025\/07\/CMO-of-The-Year-die-Nominierten-2025-768x576.png 768w, https:\/\/www.markt-kom.com\/wp-content\/uploads\/2025\/07\/CMO-of-The-Year-die-Nominierten-2025-16x12.png 16w, https:\/\/www.markt-kom.com\/wp-content\/uploads\/2025\/07\/CMO-of-The-Year-die-Nominierten-2025-233x175.png 233w, https:\/\/www.markt-kom.com\/wp-content\/uploads\/2025\/07\/CMO-of-The-Year-die-Nominierten-2025-467x350.png 467w, https:\/\/www.markt-kom.com\/wp-content\/uploads\/2025\/07\/CMO-of-The-Year-die-Nominierten-2025-1000x750.png 1000w\" alt=\"\" width=\"1024\" height=\"768\" \/><\/a>\r\n<figcaption id=\"caption-attachment-237053\" class=\"wp-caption-text\">Nominated for the title \"CMO of the Year 2025\": Martin Walthert, Digitec Galaxus AG, Sonia Milici, Yuh, Marco Greco, Ochsner Sport, Gregor Eicher, Bank Cler and, for the first time as a double nomination, Sara Jermann and Angelika Leemann, Rivella (from top left to bottom right). (Pictures: zVg.)<\/figcaption>\r\n<\/figure>\r\n<p>Each jury member nominated two candidates in advance. From these, the Institute for Marketing and Customer Insights at the University of St. Gallen made a pre-selection and also created a profile of the candidates who made it into this initial selection, which served as the basis for the jury to assess their performance. The jury members then met at Admeira's premises to select the nominees. After discussions and voting, six favorites emerged.<\/p>\r\n<h3>Announcement of the winner(s)<\/h3>\r\n<p>On August 21, 2025, the winner will be announced and celebrated during the exclusive Award Night with invited guests at the Papiersaal in Zurich. More detailed information on the nominees, the jury and the voting process can be found on the website: <a href=\"https:\/\/www.cmo-of-the-year.com\/de\/cmo-of-the-year-ch.html\" rel=\"noopener\">cmo-of-the-year.ch<\/a> to find.<\/p>\r\n<p>The Serviceplan Group Switzerland, the entire sponsorship and the jurors warmly congratulate the nominees and are very much looking forward to the evening of the award ceremony.<\/p>","protected":false},"excerpt":{"rendered":"<p>The jury has met to select the nominees for the fourth CMO of the Year. As last year, the performance of the candidates was assessed according to the criteria \"personality\", \"success\", \"innovation\", \"customer focus\" and \"sustainability (including diversity and meaningfulness)\".<\/p>","protected":false},"author":8,"featured_media":0,"comment_status":"closed","ping_status":"closed","sticky":false,"template":"","format":"standard","meta":{"_acf_changed":false,"_yoast_wpseo_focuskw":"CMO of the Year","_yoast_wpseo_metadesc":"Die Jury hat sich getroffen, um die Nominierten f\u00fcr den vierten CMO of the Year zu w\u00e4hlen. Die Finalisten sind nun bekannt.","articlekey":"","footnotes":""},"categories":[29],"tags":[66,3733],"class_list":["post-39464","post","type-post","status-publish","format-standard","hentry","category-marketing","tag-awards","tag-cmo-of-the-year"],"acf":[],"yoast_head":"<!-- This site is optimized with the Yoast SEO plugin v27.5 - https:\/\/yoast.com\/product\/yoast-seo-wordpress\/ -->\n<title>Die Nominierten f\u00fcr den Award \u00abCMO of the Year 2025\u00bb sind gew\u00e4hlt - Organisator<\/title>\n<meta name=\"description\" content=\"Die Jury hat sich getroffen, um die Nominierten f\u00fcr den vierten CMO of the Year zu w\u00e4hlen. Die Finalisten sind nun bekannt.\" \/>\n<meta name=\"robots\" content=\"index, follow, max-snippet:-1, max-image-preview:large, max-video-preview:-1\" \/>\n<link rel=\"canonical\" href=\"https:\/\/www.organisator.ch\/en\/marketing\/2025-07-03\/die-nominierten-fuer-den-award-cmo-of-the-year-2025-sind-gewaehlt\/\" \/>\n<meta property=\"og:locale\" content=\"en_US\" \/>\n<meta property=\"og:type\" content=\"article\" \/>\n<meta property=\"og:title\" content=\"Die Nominierten f\u00fcr den Award \u00abCMO of the Year 2025\u00bb sind gew\u00e4hlt - Organisator\" \/>\n<meta property=\"og:description\" content=\"Die Jury hat sich getroffen, um die Nominierten f\u00fcr den vierten CMO of the Year zu w\u00e4hlen. Die Finalisten sind nun bekannt.\" \/>\n<meta property=\"og:url\" content=\"https:\/\/www.organisator.ch\/en\/marketing\/2025-07-03\/die-nominierten-fuer-den-award-cmo-of-the-year-2025-sind-gewaehlt\/\" \/>\n<meta property=\"og:site_name\" content=\"Organisator\" \/>\n<meta property=\"article:publisher\" content=\"https:\/\/www.facebook.com\/OrganisatorFachmagazin\" \/>\n<meta property=\"article:published_time\" content=\"2025-07-03T19:00:06+00:00\" \/>\n<meta property=\"article:modified_time\" content=\"2025-07-04T06:29:25+00:00\" \/>\n<meta name=\"author\" content=\"galledia\" \/>\n<meta name=\"twitter:card\" content=\"summary_large_image\" \/>\n<meta name=\"twitter:creator\" content=\"@admin\" \/>\n<script type=\"application\/ld+json\" class=\"yoast-schema-graph\">{\"@context\":\"https:\\\/\\\/schema.org\",\"@graph\":[{\"@type\":\"Article\",\"@id\":\"https:\\\/\\\/www.organisator.ch\\\/marketing\\\/2025-07-03\\\/die-nominierten-fuer-den-award-cmo-of-the-year-2025-sind-gewaehlt\\\/#article\",\"isPartOf\":{\"@id\":\"https:\\\/\\\/www.organisator.ch\\\/marketing\\\/2025-07-03\\\/die-nominierten-fuer-den-award-cmo-of-the-year-2025-sind-gewaehlt\\\/\"},\"author\":{\"name\":\"galledia\",\"@id\":\"https:\\\/\\\/www.organisator.ch\\\/#\\\/schema\\\/person\\\/4e51799071cd2dd1232ac003643ef5f0\"},\"headline\":\"Die Nominierten f\u00fcr den Award \u00abCMO of the Year 2025\u00bb sind gew\u00e4hlt\",\"datePublished\":\"2025-07-03T19:00:06+00:00\",\"dateModified\":\"2025-07-04T06:29:25+00:00\",\"mainEntityOfPage\":{\"@id\":\"https:\\\/\\\/www.organisator.ch\\\/marketing\\\/2025-07-03\\\/die-nominierten-fuer-den-award-cmo-of-the-year-2025-sind-gewaehlt\\\/\"},\"wordCount\":215,\"publisher\":{\"@id\":\"https:\\\/\\\/www.organisator.ch\\\/#organization\"},\"image\":{\"@id\":\"https:\\\/\\\/www.organisator.ch\\\/marketing\\\/2025-07-03\\\/die-nominierten-fuer-den-award-cmo-of-the-year-2025-sind-gewaehlt\\\/#primaryimage\"},\"thumbnailUrl\":\"https:\\\/\\\/www.markt-kom.com\\\/wp-content\\\/uploads\\\/2025\\\/07\\\/CMO-of-The-Year-die-Nominierten-2025.png\",\"keywords\":[\"Awards\",\"CMO of the year\"],\"articleSection\":[\"MARKETING\"],\"inLanguage\":\"en-US\"},{\"@type\":\"WebPage\",\"@id\":\"https:\\\/\\\/www.organisator.ch\\\/marketing\\\/2025-07-03\\\/die-nominierten-fuer-den-award-cmo-of-the-year-2025-sind-gewaehlt\\\/\",\"url\":\"https:\\\/\\\/www.organisator.ch\\\/marketing\\\/2025-07-03\\\/die-nominierten-fuer-den-award-cmo-of-the-year-2025-sind-gewaehlt\\\/\",\"name\":\"Die Nominierten f\u00fcr den Award \u00abCMO of the Year 2025\u00bb sind gew\u00e4hlt - Organisator\",\"isPartOf\":{\"@id\":\"https:\\\/\\\/www.organisator.ch\\\/#website\"},\"primaryImageOfPage\":{\"@id\":\"https:\\\/\\\/www.organisator.ch\\\/marketing\\\/2025-07-03\\\/die-nominierten-fuer-den-award-cmo-of-the-year-2025-sind-gewaehlt\\\/#primaryimage\"},\"image\":{\"@id\":\"https:\\\/\\\/www.organisator.ch\\\/marketing\\\/2025-07-03\\\/die-nominierten-fuer-den-award-cmo-of-the-year-2025-sind-gewaehlt\\\/#primaryimage\"},\"thumbnailUrl\":\"https:\\\/\\\/www.markt-kom.com\\\/wp-content\\\/uploads\\\/2025\\\/07\\\/CMO-of-The-Year-die-Nominierten-2025.png\",\"datePublished\":\"2025-07-03T19:00:06+00:00\",\"dateModified\":\"2025-07-04T06:29:25+00:00\",\"description\":\"Die Jury hat sich getroffen, um die Nominierten f\u00fcr den vierten CMO of the Year zu w\u00e4hlen. Die Finalisten sind nun bekannt.\",\"breadcrumb\":{\"@id\":\"https:\\\/\\\/www.organisator.ch\\\/marketing\\\/2025-07-03\\\/die-nominierten-fuer-den-award-cmo-of-the-year-2025-sind-gewaehlt\\\/#breadcrumb\"},\"inLanguage\":\"en-US\",\"potentialAction\":[{\"@type\":\"ReadAction\",\"target\":[\"https:\\\/\\\/www.organisator.ch\\\/marketing\\\/2025-07-03\\\/die-nominierten-fuer-den-award-cmo-of-the-year-2025-sind-gewaehlt\\\/\"]}]},{\"@type\":\"ImageObject\",\"inLanguage\":\"en-US\",\"@id\":\"https:\\\/\\\/www.organisator.ch\\\/marketing\\\/2025-07-03\\\/die-nominierten-fuer-den-award-cmo-of-the-year-2025-sind-gewaehlt\\\/#primaryimage\",\"url\":\"https:\\\/\\\/www.markt-kom.com\\\/wp-content\\\/uploads\\\/2025\\\/07\\\/CMO-of-The-Year-die-Nominierten-2025.png\",\"contentUrl\":\"https:\\\/\\\/www.markt-kom.com\\\/wp-content\\\/uploads\\\/2025\\\/07\\\/CMO-of-The-Year-die-Nominierten-2025.png\"},{\"@type\":\"BreadcrumbList\",\"@id\":\"https:\\\/\\\/www.organisator.ch\\\/marketing\\\/2025-07-03\\\/die-nominierten-fuer-den-award-cmo-of-the-year-2025-sind-gewaehlt\\\/#breadcrumb\",\"itemListElement\":[{\"@type\":\"ListItem\",\"position\":1,\"name\":\"Home\",\"item\":\"https:\\\/\\\/www.organisator.ch\\\/\"},{\"@type\":\"ListItem\",\"position\":2,\"name\":\"Die Nominierten f\u00fcr den Award \u00abCMO of the Year 2025\u00bb sind gew\u00e4hlt\"}]},{\"@type\":\"WebSite\",\"@id\":\"https:\\\/\\\/www.organisator.ch\\\/#website\",\"url\":\"https:\\\/\\\/www.organisator.ch\\\/\",\"name\":\"Organisator\",\"description\":\"Kompetent. Praxisnah. Der ORGANISATOR bereitet in 10 Ausgaben pro Jahr die wesentlichen Themen f\u00fcr F\u00fchrungskr\u00e4fte von KMU auf.\",\"publisher\":{\"@id\":\"https:\\\/\\\/www.organisator.ch\\\/#organization\"},\"potentialAction\":[{\"@type\":\"SearchAction\",\"target\":{\"@type\":\"EntryPoint\",\"urlTemplate\":\"https:\\\/\\\/www.organisator.ch\\\/?s={search_term_string}\"},\"query-input\":{\"@type\":\"PropertyValueSpecification\",\"valueRequired\":true,\"valueName\":\"search_term_string\"}}],\"inLanguage\":\"en-US\"},{\"@type\":\"Organization\",\"@id\":\"https:\\\/\\\/www.organisator.ch\\\/#organization\",\"name\":\"Organisator\",\"url\":\"https:\\\/\\\/www.organisator.ch\\\/\",\"logo\":{\"@type\":\"ImageObject\",\"inLanguage\":\"en-US\",\"@id\":\"https:\\\/\\\/www.organisator.ch\\\/#\\\/schema\\\/logo\\\/image\\\/\",\"url\":\"https:\\\/\\\/www.organisator.ch\\\/wp-content\\\/uploads\\\/2022\\\/01\\\/Logo_Organisator_Website.png\",\"contentUrl\":\"https:\\\/\\\/www.organisator.ch\\\/wp-content\\\/uploads\\\/2022\\\/01\\\/Logo_Organisator_Website.png\",\"width\":800,\"height\":77,\"caption\":\"Organisator\"},\"image\":{\"@id\":\"https:\\\/\\\/www.organisator.ch\\\/#\\\/schema\\\/logo\\\/image\\\/\"},\"sameAs\":[\"https:\\\/\\\/www.facebook.com\\\/OrganisatorFachmagazin\",\"https:\\\/\\\/www.linkedin.com\\\/showcase\\\/organisator-das-magazin-fr-kmu\",\"https:\\\/\\\/www.xing.com\\\/news\\\/pages\\\/organisator-ch-695\",\"https:\\\/\\\/www.youtube.com\\\/channel\\\/UCGP2Sq0iWaZwT3BdIAQFYpw\"]},{\"@type\":\"Person\",\"@id\":\"https:\\\/\\\/www.organisator.ch\\\/#\\\/schema\\\/person\\\/4e51799071cd2dd1232ac003643ef5f0\",\"name\":\"galledia\",\"image\":{\"@type\":\"ImageObject\",\"inLanguage\":\"en-US\",\"@id\":\"https:\\\/\\\/secure.gravatar.com\\\/avatar\\\/78a7f90c01fc2bfc875782a0d4922b37cde2cf184ce347b91316d23cd7f69a36?s=96&d=mm&r=g\",\"url\":\"https:\\\/\\\/secure.gravatar.com\\\/avatar\\\/78a7f90c01fc2bfc875782a0d4922b37cde2cf184ce347b91316d23cd7f69a36?s=96&d=mm&r=g\",\"contentUrl\":\"https:\\\/\\\/secure.gravatar.com\\\/avatar\\\/78a7f90c01fc2bfc875782a0d4922b37cde2cf184ce347b91316d23cd7f69a36?s=96&d=mm&r=g\",\"caption\":\"galledia\"},\"sameAs\":[\"https:\\\/\\\/x.com\\\/admin\"],\"url\":\"https:\\\/\\\/www.organisator.ch\\\/en\\\/author\\\/galledia\\\/\"}]}<\/script>\n<!-- \/ Yoast SEO plugin. -->","yoast_head_json":{"title":"The nominees for the \"CMO of the Year 2025\" award have been selected - organizer","description":"The jury has met to select the nominees for the fourth CMO of the Year. The finalists are now known.","robots":{"index":"index","follow":"follow","max-snippet":"max-snippet:-1","max-image-preview":"max-image-preview:large","max-video-preview":"max-video-preview:-1"},"canonical":"https:\/\/www.organisator.ch\/en\/marketing\/2025-07-03\/die-nominierten-fuer-den-award-cmo-of-the-year-2025-sind-gewaehlt\/","og_locale":"en_US","og_type":"article","og_title":"Die Nominierten f\u00fcr den Award \u00abCMO of the Year 2025\u00bb sind gew\u00e4hlt - Organisator","og_description":"Die Jury hat sich getroffen, um die Nominierten f\u00fcr den vierten CMO of the Year zu w\u00e4hlen. Die Finalisten sind nun bekannt.","og_url":"https:\/\/www.organisator.ch\/en\/marketing\/2025-07-03\/die-nominierten-fuer-den-award-cmo-of-the-year-2025-sind-gewaehlt\/","og_site_name":"Organisator","article_publisher":"https:\/\/www.facebook.com\/OrganisatorFachmagazin","article_published_time":"2025-07-03T19:00:06+00:00","article_modified_time":"2025-07-04T06:29:25+00:00","author":"galledia","twitter_card":"summary_large_image","twitter_creator":"@admin","schema":{"@context":"https:\/\/schema.org","@graph":[{"@type":"Article","@id":"https:\/\/www.organisator.ch\/marketing\/2025-07-03\/die-nominierten-fuer-den-award-cmo-of-the-year-2025-sind-gewaehlt\/#article","isPartOf":{"@id":"https:\/\/www.organisator.ch\/marketing\/2025-07-03\/die-nominierten-fuer-den-award-cmo-of-the-year-2025-sind-gewaehlt\/"},"author":{"name":"galledia","@id":"https:\/\/www.organisator.ch\/#\/schema\/person\/4e51799071cd2dd1232ac003643ef5f0"},"headline":"Die Nominierten f\u00fcr den Award \u00abCMO of the Year 2025\u00bb sind gew\u00e4hlt","datePublished":"2025-07-03T19:00:06+00:00","dateModified":"2025-07-04T06:29:25+00:00","mainEntityOfPage":{"@id":"https:\/\/www.organisator.ch\/marketing\/2025-07-03\/die-nominierten-fuer-den-award-cmo-of-the-year-2025-sind-gewaehlt\/"},"wordCount":215,"publisher":{"@id":"https:\/\/www.organisator.ch\/#organization"},"image":{"@id":"https:\/\/www.organisator.ch\/marketing\/2025-07-03\/die-nominierten-fuer-den-award-cmo-of-the-year-2025-sind-gewaehlt\/#primaryimage"},"thumbnailUrl":"https:\/\/www.markt-kom.com\/wp-content\/uploads\/2025\/07\/CMO-of-The-Year-die-Nominierten-2025.png","keywords":["Awards","CMO of the year"],"articleSection":["MARKETING"],"inLanguage":"en-US"},{"@type":"WebPage","@id":"https:\/\/www.organisator.ch\/marketing\/2025-07-03\/die-nominierten-fuer-den-award-cmo-of-the-year-2025-sind-gewaehlt\/","url":"https:\/\/www.organisator.ch\/marketing\/2025-07-03\/die-nominierten-fuer-den-award-cmo-of-the-year-2025-sind-gewaehlt\/","name":"The nominees for the \"CMO of the Year 2025\" award have been selected - organizer","isPartOf":{"@id":"https:\/\/www.organisator.ch\/#website"},"primaryImageOfPage":{"@id":"https:\/\/www.organisator.ch\/marketing\/2025-07-03\/die-nominierten-fuer-den-award-cmo-of-the-year-2025-sind-gewaehlt\/#primaryimage"},"image":{"@id":"https:\/\/www.organisator.ch\/marketing\/2025-07-03\/die-nominierten-fuer-den-award-cmo-of-the-year-2025-sind-gewaehlt\/#primaryimage"},"thumbnailUrl":"https:\/\/www.markt-kom.com\/wp-content\/uploads\/2025\/07\/CMO-of-The-Year-die-Nominierten-2025.png","datePublished":"2025-07-03T19:00:06+00:00","dateModified":"2025-07-04T06:29:25+00:00","description":"The jury has met to select the nominees for the fourth CMO of the Year. The finalists are now known.","breadcrumb":{"@id":"https:\/\/www.organisator.ch\/marketing\/2025-07-03\/die-nominierten-fuer-den-award-cmo-of-the-year-2025-sind-gewaehlt\/#breadcrumb"},"inLanguage":"en-US","potentialAction":[{"@type":"ReadAction","target":["https:\/\/www.organisator.ch\/marketing\/2025-07-03\/die-nominierten-fuer-den-award-cmo-of-the-year-2025-sind-gewaehlt\/"]}]},{"@type":"ImageObject","inLanguage":"en-US","@id":"https:\/\/www.organisator.ch\/marketing\/2025-07-03\/die-nominierten-fuer-den-award-cmo-of-the-year-2025-sind-gewaehlt\/#primaryimage","url":"https:\/\/www.markt-kom.com\/wp-content\/uploads\/2025\/07\/CMO-of-The-Year-die-Nominierten-2025.png","contentUrl":"https:\/\/www.markt-kom.com\/wp-content\/uploads\/2025\/07\/CMO-of-The-Year-die-Nominierten-2025.png"},{"@type":"BreadcrumbList","@id":"https:\/\/www.organisator.ch\/marketing\/2025-07-03\/die-nominierten-fuer-den-award-cmo-of-the-year-2025-sind-gewaehlt\/#breadcrumb","itemListElement":[{"@type":"ListItem","position":1,"name":"Home","item":"https:\/\/www.organisator.ch\/"},{"@type":"ListItem","position":2,"name":"Die Nominierten f\u00fcr den Award \u00abCMO of the Year 2025\u00bb sind gew\u00e4hlt"}]},{"@type":"WebSite","@id":"https:\/\/www.organisator.ch\/#website","url":"https:\/\/www.organisator.ch\/","name":"Organizer","description":"Competent. Practical. In 10 issues per year, ORGANISATOR presents the essential topics for managers of SMEs.","publisher":{"@id":"https:\/\/www.organisator.ch\/#organization"},"potentialAction":[{"@type":"SearchAction","target":{"@type":"EntryPoint","urlTemplate":"https:\/\/www.organisator.ch\/?s={search_term_string}"},"query-input":{"@type":"PropertyValueSpecification","valueRequired":true,"valueName":"search_term_string"}}],"inLanguage":"en-US"},{"@type":"Organization","@id":"https:\/\/www.organisator.ch\/#organization","name":"Organizer","url":"https:\/\/www.organisator.ch\/","logo":{"@type":"ImageObject","inLanguage":"en-US","@id":"https:\/\/www.organisator.ch\/#\/schema\/logo\/image\/","url":"https:\/\/www.organisator.ch\/wp-content\/uploads\/2022\/01\/Logo_Organisator_Website.png","contentUrl":"https:\/\/www.organisator.ch\/wp-content\/uploads\/2022\/01\/Logo_Organisator_Website.png","width":800,"height":77,"caption":"Organisator"},"image":{"@id":"https:\/\/www.organisator.ch\/#\/schema\/logo\/image\/"},"sameAs":["https:\/\/www.facebook.com\/OrganisatorFachmagazin","https:\/\/www.linkedin.com\/showcase\/organisator-das-magazin-fr-kmu","https:\/\/www.xing.com\/news\/pages\/organisator-ch-695","https:\/\/www.youtube.com\/channel\/UCGP2Sq0iWaZwT3BdIAQFYpw"]},{"@type":"Person","@id":"https:\/\/www.organisator.ch\/#\/schema\/person\/4e51799071cd2dd1232ac003643ef5f0","name":"galledia","image":{"@type":"ImageObject","inLanguage":"en-US","@id":"https:\/\/secure.gravatar.com\/avatar\/78a7f90c01fc2bfc875782a0d4922b37cde2cf184ce347b91316d23cd7f69a36?s=96&d=mm&r=g","url":"https:\/\/secure.gravatar.com\/avatar\/78a7f90c01fc2bfc875782a0d4922b37cde2cf184ce347b91316d23cd7f69a36?s=96&d=mm&r=g","contentUrl":"https:\/\/secure.gravatar.com\/avatar\/78a7f90c01fc2bfc875782a0d4922b37cde2cf184ce347b91316d23cd7f69a36?s=96&d=mm&r=g","caption":"galledia"},"sameAs":["https:\/\/x.com\/admin"],"url":"https:\/\/www.organisator.ch\/en\/author\/galledia\/"}]}},"_links":{"self":[{"href":"https:\/\/www.organisator.ch\/en\/wp-json\/wp\/v2\/posts\/39464","targetHints":{"allow":["GET"]}}],"collection":[{"href":"https:\/\/www.organisator.ch\/en\/wp-json\/wp\/v2\/posts"}],"about":[{"href":"https:\/\/www.organisator.ch\/en\/wp-json\/wp\/v2\/types\/post"}],"author":[{"embeddable":true,"href":"https:\/\/www.organisator.ch\/en\/wp-json\/wp\/v2\/users\/8"}],"replies":[{"embeddable":true,"href":"https:\/\/www.organisator.ch\/en\/wp-json\/wp\/v2\/comments?post=39464"}],"version-history":[{"count":6,"href":"https:\/\/www.organisator.ch\/en\/wp-json\/wp\/v2\/posts\/39464\/revisions"}],"predecessor-version":[{"id":39475,"href":"https:\/\/www.organisator.ch\/en\/wp-json\/wp\/v2\/posts\/39464\/revisions\/39475"}],"wp:attachment":[{"href":"https:\/\/www.organisator.ch\/en\/wp-json\/wp\/v2\/media?parent=39464"}],"wp:term":[{"taxonomy":"category","embeddable":true,"href":"https:\/\/www.organisator.ch\/en\/wp-json\/wp\/v2\/categories?post=39464"},{"taxonomy":"post_tag","embeddable":true,"href":"https:\/\/www.organisator.ch\/en\/wp-json\/wp\/v2\/tags?post=39464"}],"curies":[{"name":"wp","href":"https:\/\/api.w.org\/{rel}","templated":true}]}}