{"id":39481,"date":"2025-07-07T06:37:59","date_gmt":"2025-07-07T04:37:59","guid":{"rendered":"https:\/\/www.m-q.ch\/?p=21671"},"modified":"2025-07-04T15:39:12","modified_gmt":"2025-07-04T13:39:12","slug":"77-prozent-der-schweizer-unternehmen-setzen-ki-zur-cyberabwehr-ein","status":"publish","type":"post","link":"https:\/\/www.organisator.ch\/en\/operational-excellence\/2025-07-07\/77-prozent-der-schweizer-unternehmen-setzen-ki-zur-cyberabwehr-ein\/","title":{"rendered":"77 percent of Swiss companies use AI for cyber defense"},"content":{"rendered":"<figure id=\"attachment_21672\" class=\"wp-caption alignnone\" style=\"width: 680px;\" aria-describedby=\"caption-attachment-21672\"><img class=\"size-full wp-image-21672\" src=\"https:\/\/www.m-q.ch\/wp-content\/uploads\/2025\/07\/77-Prozent-der-Schweizer-Unternehmen-setzen-KI-zur-Cyberabwehr-ein_MQ.jpg\" sizes=\"(max-width: 680px) 100vw, 680px\" srcset=\"https:\/\/www.m-q.ch\/wp-content\/uploads\/2025\/07\/77-Prozent-der-Schweizer-Unternehmen-setzen-KI-zur-Cyberabwehr-ein_MQ.jpg 680w, https:\/\/www.m-q.ch\/wp-content\/uploads\/2025\/07\/77-Prozent-der-Schweizer-Unternehmen-setzen-KI-zur-Cyberabwehr-ein_MQ-18x10.jpg 18w, https:\/\/www.m-q.ch\/wp-content\/uploads\/2025\/07\/77-Prozent-der-Schweizer-Unternehmen-setzen-KI-zur-Cyberabwehr-ein_MQ-375x211.jpg 375w, https:\/\/www.m-q.ch\/wp-content\/uploads\/2025\/07\/77-Prozent-der-Schweizer-Unternehmen-setzen-KI-zur-Cyberabwehr-ein_MQ-621x350.jpg 621w\" alt=\"\" width=\"680\" height=\"383\" \/>\r\n<figcaption id=\"caption-attachment-21672\" class=\"wp-caption-text\">The flood of cyber threats overwhelms human capabilities. AI can provide good services for cyber defense - but it can also pose dangers. (Image: Pixabay.com)<\/figcaption>\r\n<\/figure>\r\n<p>Trend Micro, one of the world's leading providers of cyber security solutions, has published new study results. These show that Companies are increasingly relying on artificial intelligence (AI) to strengthen their cyber defenses, but are also increasingly expressing concern about the potential of this technology to increase their attack surface and create new risks.<\/p>\r\n<h3>AI in use for cyber defense<\/h3>\r\n<p>According to the study, 77% of Swiss companies (81% worldwide) are already using AI-based tools as part of their cybersecurity strategy, while a further 17% (16% worldwide) are actively considering their implementation. Almost all respondents (96% in Switzerland, 97% worldwide) are open to the use of AI in some form. 65% of Swiss respondents (52% worldwide) are already using it for important security processes such as automated asset discovery, risk prioritization and anomaly detection. Many managers are also hoping that AI will help them to improve their cyber security: For 42% of the companies surveyed in Switzerland and worldwide, AI and automation are the top priority for improving cyber security.<\/p>\r\n<h3>AI is also a risk: concerns are growing<\/h3>\r\n<p>However, the increasing spread of AI solutions also harbors considerable risks. An overwhelming 94 percent of Swiss companies (and 94 percent worldwide) believe that AI will have a negative impact on their cyber risks in the next three to five years. Two thirds (67% in Switzerland compared to only 53% globally) expect an increase in the scale and complexity of AI-driven attacks, which will force them to rethink and reorganize their existing cyber security strategies. The biggest concerns of Swiss companies regarding the use of AI include<\/p>\r\n<ul>\r\n\t<li>the risk of disclosing sensitive data (44 percent in Switzerland, 42 percent worldwide)<\/li>\r\n\t<li>the possibility of protected data being exploited by untrustworthy models (41 percent in Switzerland, 36 percent worldwide)<\/li>\r\n\t<li>Uncertainty about how data is processed and stored by AI systems (41 percent in Switzerland, 38 percent worldwide)<\/li>\r\n\t<li>the monitoring challenges posed by the increase in new endpoints and APIs (31 percent in Switzerland, 31 percent worldwide)<\/li>\r\n\t<li>the emergence of blind spots due to the spread of shadow IT (30 percent in Switzerland, 31 percent worldwide)<\/li>\r\n\t<li>Increased compliance pressure (30 percent in Switzerland, 33 percent worldwide)<\/li>\r\n<\/ul>\r\n<p>\"AI holds tremendous potential for strengthening cyber defenses, from faster anomaly detection to automating time-consuming tasks,\" said Rachel Jin, Chief Enterprise Platform Officer at Trend Micro. \"But attackers are just as eager to use AI for their own purposes, and this is creating a rapidly changing threat landscape. Our research and real-world testing make it clear that cybersecurity must be built into AI systems from the start. There is simply too much at stake.\"<\/p>\r\n<p><em>Source: <a href=\"https:\/\/www.trendmicro.com\/de_de\/business.html\">Trend Micro<\/a><\/em><\/p>\n<p class=\"syndicated-attribution\">This article originally appeared on m-q.ch - <a href=\"https:\/\/www.m-q.ch\/de\/77-prozent-der-schweizer-unternehmen-setzen-ki-zur-cyberabwehr-ein\/\" target=\"_blank\">https:\/\/www.m-q.ch\/de\/77-prozent-der-schweizer-unternehmen-setzen-ki-zur-cyberabwehr-ein\/<\/a><\/p>","protected":false},"excerpt":{"rendered":"<p>A study by Trend Micro shows the growing importance of AI for cybersecurity strategies. At the same time, concerns about cyber risks are increasing.<\/p>","protected":false},"author":8,"featured_media":0,"comment_status":"closed","ping_status":"closed","sticky":false,"template":"","format":"standard","meta":{"_acf_changed":false,"_yoast_wpseo_focuskw":"Cyberabwehr","_yoast_wpseo_metadesc":"Eine Studie von des IT-Sicherheitsdienstleisters Trend Micro zeigt die wachsende Bedeutung von KI f\u00fcr Cybersecurity-Strategien.","articlekey":"","footnotes":""},"categories":[582],"tags":[608,319,418,459],"class_list":["post-39481","post","type-post","status-publish","format-standard","hentry","category-operational-excellence","tag-cybersicherheit","tag-kuenstliche-intelligenz","tag-risikomanagement","tag-studie"],"acf":[],"yoast_head":"<!-- This site is optimized with the Yoast SEO plugin v27.5 - https:\/\/yoast.com\/product\/yoast-seo-wordpress\/ -->\n<title>77 Prozent der Schweizer Unternehmen setzen KI zur Cyberabwehr ein - Organisator<\/title>\n<meta name=\"description\" content=\"Eine Studie von des IT-Sicherheitsdienstleisters Trend Micro zeigt die wachsende Bedeutung von KI f\u00fcr Cybersecurity-Strategien.\" \/>\n<meta name=\"robots\" content=\"index, follow, max-snippet:-1, max-image-preview:large, max-video-preview:-1\" \/>\n<link rel=\"canonical\" href=\"https:\/\/www.organisator.ch\/en\/operational-excellence\/2025-07-07\/77-prozent-der-schweizer-unternehmen-setzen-ki-zur-cyberabwehr-ein\/\" \/>\n<meta property=\"og:locale\" content=\"en_US\" \/>\n<meta property=\"og:type\" content=\"article\" \/>\n<meta property=\"og:title\" content=\"77 Prozent der Schweizer Unternehmen setzen KI zur Cyberabwehr ein - Organisator\" \/>\n<meta property=\"og:description\" content=\"Eine Studie von des IT-Sicherheitsdienstleisters Trend Micro zeigt die wachsende Bedeutung von KI f\u00fcr Cybersecurity-Strategien.\" \/>\n<meta property=\"og:url\" content=\"https:\/\/www.organisator.ch\/en\/operational-excellence\/2025-07-07\/77-prozent-der-schweizer-unternehmen-setzen-ki-zur-cyberabwehr-ein\/\" \/>\n<meta property=\"og:site_name\" content=\"Organisator\" \/>\n<meta property=\"article:publisher\" content=\"https:\/\/www.facebook.com\/OrganisatorFachmagazin\" \/>\n<meta property=\"article:published_time\" content=\"2025-07-07T04:37:59+00:00\" \/>\n<meta name=\"author\" content=\"galledia\" \/>\n<meta name=\"twitter:card\" content=\"summary_large_image\" \/>\n<meta name=\"twitter:creator\" content=\"@admin\" \/>\n<script type=\"application\/ld+json\" class=\"yoast-schema-graph\">{\"@context\":\"https:\\\/\\\/schema.org\",\"@graph\":[{\"@type\":\"Article\",\"@id\":\"https:\\\/\\\/www.organisator.ch\\\/operational-excellence\\\/2025-07-07\\\/77-prozent-der-schweizer-unternehmen-setzen-ki-zur-cyberabwehr-ein\\\/#article\",\"isPartOf\":{\"@id\":\"https:\\\/\\\/www.organisator.ch\\\/operational-excellence\\\/2025-07-07\\\/77-prozent-der-schweizer-unternehmen-setzen-ki-zur-cyberabwehr-ein\\\/\"},\"author\":{\"name\":\"galledia\",\"@id\":\"https:\\\/\\\/www.organisator.ch\\\/#\\\/schema\\\/person\\\/4e51799071cd2dd1232ac003643ef5f0\"},\"headline\":\"77 Prozent der Schweizer Unternehmen setzen KI zur Cyberabwehr ein\",\"datePublished\":\"2025-07-07T04:37:59+00:00\",\"mainEntityOfPage\":{\"@id\":\"https:\\\/\\\/www.organisator.ch\\\/operational-excellence\\\/2025-07-07\\\/77-prozent-der-schweizer-unternehmen-setzen-ki-zur-cyberabwehr-ein\\\/\"},\"wordCount\":475,\"publisher\":{\"@id\":\"https:\\\/\\\/www.organisator.ch\\\/#organization\"},\"image\":{\"@id\":\"https:\\\/\\\/www.organisator.ch\\\/operational-excellence\\\/2025-07-07\\\/77-prozent-der-schweizer-unternehmen-setzen-ki-zur-cyberabwehr-ein\\\/#primaryimage\"},\"thumbnailUrl\":\"https:\\\/\\\/www.m-q.ch\\\/wp-content\\\/uploads\\\/2025\\\/07\\\/77-Prozent-der-Schweizer-Unternehmen-setzen-KI-zur-Cyberabwehr-ein_MQ.jpg\",\"keywords\":[\"Cybersicherheit\",\"K\u00fcnstliche Intelligenz\",\"Risikomanagement\",\"Studie\"],\"articleSection\":[\"OPERATIONAL EXCELLENCE\"],\"inLanguage\":\"en-US\"},{\"@type\":\"WebPage\",\"@id\":\"https:\\\/\\\/www.organisator.ch\\\/operational-excellence\\\/2025-07-07\\\/77-prozent-der-schweizer-unternehmen-setzen-ki-zur-cyberabwehr-ein\\\/\",\"url\":\"https:\\\/\\\/www.organisator.ch\\\/operational-excellence\\\/2025-07-07\\\/77-prozent-der-schweizer-unternehmen-setzen-ki-zur-cyberabwehr-ein\\\/\",\"name\":\"77 Prozent der Schweizer Unternehmen setzen KI zur Cyberabwehr ein - Organisator\",\"isPartOf\":{\"@id\":\"https:\\\/\\\/www.organisator.ch\\\/#website\"},\"primaryImageOfPage\":{\"@id\":\"https:\\\/\\\/www.organisator.ch\\\/operational-excellence\\\/2025-07-07\\\/77-prozent-der-schweizer-unternehmen-setzen-ki-zur-cyberabwehr-ein\\\/#primaryimage\"},\"image\":{\"@id\":\"https:\\\/\\\/www.organisator.ch\\\/operational-excellence\\\/2025-07-07\\\/77-prozent-der-schweizer-unternehmen-setzen-ki-zur-cyberabwehr-ein\\\/#primaryimage\"},\"thumbnailUrl\":\"https:\\\/\\\/www.m-q.ch\\\/wp-content\\\/uploads\\\/2025\\\/07\\\/77-Prozent-der-Schweizer-Unternehmen-setzen-KI-zur-Cyberabwehr-ein_MQ.jpg\",\"datePublished\":\"2025-07-07T04:37:59+00:00\",\"description\":\"Eine Studie von des IT-Sicherheitsdienstleisters Trend Micro zeigt die wachsende Bedeutung von KI f\u00fcr Cybersecurity-Strategien.\",\"breadcrumb\":{\"@id\":\"https:\\\/\\\/www.organisator.ch\\\/operational-excellence\\\/2025-07-07\\\/77-prozent-der-schweizer-unternehmen-setzen-ki-zur-cyberabwehr-ein\\\/#breadcrumb\"},\"inLanguage\":\"en-US\",\"potentialAction\":[{\"@type\":\"ReadAction\",\"target\":[\"https:\\\/\\\/www.organisator.ch\\\/operational-excellence\\\/2025-07-07\\\/77-prozent-der-schweizer-unternehmen-setzen-ki-zur-cyberabwehr-ein\\\/\"]}]},{\"@type\":\"ImageObject\",\"inLanguage\":\"en-US\",\"@id\":\"https:\\\/\\\/www.organisator.ch\\\/operational-excellence\\\/2025-07-07\\\/77-prozent-der-schweizer-unternehmen-setzen-ki-zur-cyberabwehr-ein\\\/#primaryimage\",\"url\":\"https:\\\/\\\/www.m-q.ch\\\/wp-content\\\/uploads\\\/2025\\\/07\\\/77-Prozent-der-Schweizer-Unternehmen-setzen-KI-zur-Cyberabwehr-ein_MQ.jpg\",\"contentUrl\":\"https:\\\/\\\/www.m-q.ch\\\/wp-content\\\/uploads\\\/2025\\\/07\\\/77-Prozent-der-Schweizer-Unternehmen-setzen-KI-zur-Cyberabwehr-ein_MQ.jpg\"},{\"@type\":\"BreadcrumbList\",\"@id\":\"https:\\\/\\\/www.organisator.ch\\\/operational-excellence\\\/2025-07-07\\\/77-prozent-der-schweizer-unternehmen-setzen-ki-zur-cyberabwehr-ein\\\/#breadcrumb\",\"itemListElement\":[{\"@type\":\"ListItem\",\"position\":1,\"name\":\"Home\",\"item\":\"https:\\\/\\\/www.organisator.ch\\\/\"},{\"@type\":\"ListItem\",\"position\":2,\"name\":\"77 Prozent der Schweizer Unternehmen setzen KI zur Cyberabwehr ein\"}]},{\"@type\":\"WebSite\",\"@id\":\"https:\\\/\\\/www.organisator.ch\\\/#website\",\"url\":\"https:\\\/\\\/www.organisator.ch\\\/\",\"name\":\"Organisator\",\"description\":\"Kompetent. Praxisnah. Der ORGANISATOR bereitet in 10 Ausgaben pro Jahr die wesentlichen Themen f\u00fcr F\u00fchrungskr\u00e4fte von KMU auf.\",\"publisher\":{\"@id\":\"https:\\\/\\\/www.organisator.ch\\\/#organization\"},\"potentialAction\":[{\"@type\":\"SearchAction\",\"target\":{\"@type\":\"EntryPoint\",\"urlTemplate\":\"https:\\\/\\\/www.organisator.ch\\\/?s={search_term_string}\"},\"query-input\":{\"@type\":\"PropertyValueSpecification\",\"valueRequired\":true,\"valueName\":\"search_term_string\"}}],\"inLanguage\":\"en-US\"},{\"@type\":\"Organization\",\"@id\":\"https:\\\/\\\/www.organisator.ch\\\/#organization\",\"name\":\"Organisator\",\"url\":\"https:\\\/\\\/www.organisator.ch\\\/\",\"logo\":{\"@type\":\"ImageObject\",\"inLanguage\":\"en-US\",\"@id\":\"https:\\\/\\\/www.organisator.ch\\\/#\\\/schema\\\/logo\\\/image\\\/\",\"url\":\"https:\\\/\\\/www.organisator.ch\\\/wp-content\\\/uploads\\\/2022\\\/01\\\/Logo_Organisator_Website.png\",\"contentUrl\":\"https:\\\/\\\/www.organisator.ch\\\/wp-content\\\/uploads\\\/2022\\\/01\\\/Logo_Organisator_Website.png\",\"width\":800,\"height\":77,\"caption\":\"Organisator\"},\"image\":{\"@id\":\"https:\\\/\\\/www.organisator.ch\\\/#\\\/schema\\\/logo\\\/image\\\/\"},\"sameAs\":[\"https:\\\/\\\/www.facebook.com\\\/OrganisatorFachmagazin\",\"https:\\\/\\\/www.linkedin.com\\\/showcase\\\/organisator-das-magazin-fr-kmu\",\"https:\\\/\\\/www.xing.com\\\/news\\\/pages\\\/organisator-ch-695\",\"https:\\\/\\\/www.youtube.com\\\/channel\\\/UCGP2Sq0iWaZwT3BdIAQFYpw\"]},{\"@type\":\"Person\",\"@id\":\"https:\\\/\\\/www.organisator.ch\\\/#\\\/schema\\\/person\\\/4e51799071cd2dd1232ac003643ef5f0\",\"name\":\"galledia\",\"image\":{\"@type\":\"ImageObject\",\"inLanguage\":\"en-US\",\"@id\":\"https:\\\/\\\/secure.gravatar.com\\\/avatar\\\/78a7f90c01fc2bfc875782a0d4922b37cde2cf184ce347b91316d23cd7f69a36?s=96&d=mm&r=g\",\"url\":\"https:\\\/\\\/secure.gravatar.com\\\/avatar\\\/78a7f90c01fc2bfc875782a0d4922b37cde2cf184ce347b91316d23cd7f69a36?s=96&d=mm&r=g\",\"contentUrl\":\"https:\\\/\\\/secure.gravatar.com\\\/avatar\\\/78a7f90c01fc2bfc875782a0d4922b37cde2cf184ce347b91316d23cd7f69a36?s=96&d=mm&r=g\",\"caption\":\"galledia\"},\"sameAs\":[\"https:\\\/\\\/x.com\\\/admin\"],\"url\":\"https:\\\/\\\/www.organisator.ch\\\/en\\\/author\\\/galledia\\\/\"}]}<\/script>\n<!-- \/ Yoast SEO plugin. -->","yoast_head_json":{"title":"77 percent of Swiss companies use AI for cyber defence - Organizer","description":"A study by IT security service provider Trend Micro shows the growing importance of AI for cybersecurity strategies.","robots":{"index":"index","follow":"follow","max-snippet":"max-snippet:-1","max-image-preview":"max-image-preview:large","max-video-preview":"max-video-preview:-1"},"canonical":"https:\/\/www.organisator.ch\/en\/operational-excellence\/2025-07-07\/77-prozent-der-schweizer-unternehmen-setzen-ki-zur-cyberabwehr-ein\/","og_locale":"en_US","og_type":"article","og_title":"77 Prozent der Schweizer Unternehmen setzen KI zur Cyberabwehr ein - Organisator","og_description":"Eine Studie von des IT-Sicherheitsdienstleisters Trend Micro zeigt die wachsende Bedeutung von KI f\u00fcr Cybersecurity-Strategien.","og_url":"https:\/\/www.organisator.ch\/en\/operational-excellence\/2025-07-07\/77-prozent-der-schweizer-unternehmen-setzen-ki-zur-cyberabwehr-ein\/","og_site_name":"Organisator","article_publisher":"https:\/\/www.facebook.com\/OrganisatorFachmagazin","article_published_time":"2025-07-07T04:37:59+00:00","author":"galledia","twitter_card":"summary_large_image","twitter_creator":"@admin","schema":{"@context":"https:\/\/schema.org","@graph":[{"@type":"Article","@id":"https:\/\/www.organisator.ch\/operational-excellence\/2025-07-07\/77-prozent-der-schweizer-unternehmen-setzen-ki-zur-cyberabwehr-ein\/#article","isPartOf":{"@id":"https:\/\/www.organisator.ch\/operational-excellence\/2025-07-07\/77-prozent-der-schweizer-unternehmen-setzen-ki-zur-cyberabwehr-ein\/"},"author":{"name":"galledia","@id":"https:\/\/www.organisator.ch\/#\/schema\/person\/4e51799071cd2dd1232ac003643ef5f0"},"headline":"77 Prozent der Schweizer Unternehmen setzen KI zur Cyberabwehr ein","datePublished":"2025-07-07T04:37:59+00:00","mainEntityOfPage":{"@id":"https:\/\/www.organisator.ch\/operational-excellence\/2025-07-07\/77-prozent-der-schweizer-unternehmen-setzen-ki-zur-cyberabwehr-ein\/"},"wordCount":475,"publisher":{"@id":"https:\/\/www.organisator.ch\/#organization"},"image":{"@id":"https:\/\/www.organisator.ch\/operational-excellence\/2025-07-07\/77-prozent-der-schweizer-unternehmen-setzen-ki-zur-cyberabwehr-ein\/#primaryimage"},"thumbnailUrl":"https:\/\/www.m-q.ch\/wp-content\/uploads\/2025\/07\/77-Prozent-der-Schweizer-Unternehmen-setzen-KI-zur-Cyberabwehr-ein_MQ.jpg","keywords":["Cybersicherheit","K\u00fcnstliche Intelligenz","Risikomanagement","Studie"],"articleSection":["OPERATIONAL EXCELLENCE"],"inLanguage":"en-US"},{"@type":"WebPage","@id":"https:\/\/www.organisator.ch\/operational-excellence\/2025-07-07\/77-prozent-der-schweizer-unternehmen-setzen-ki-zur-cyberabwehr-ein\/","url":"https:\/\/www.organisator.ch\/operational-excellence\/2025-07-07\/77-prozent-der-schweizer-unternehmen-setzen-ki-zur-cyberabwehr-ein\/","name":"77 percent of Swiss companies use AI for cyber defence - Organizer","isPartOf":{"@id":"https:\/\/www.organisator.ch\/#website"},"primaryImageOfPage":{"@id":"https:\/\/www.organisator.ch\/operational-excellence\/2025-07-07\/77-prozent-der-schweizer-unternehmen-setzen-ki-zur-cyberabwehr-ein\/#primaryimage"},"image":{"@id":"https:\/\/www.organisator.ch\/operational-excellence\/2025-07-07\/77-prozent-der-schweizer-unternehmen-setzen-ki-zur-cyberabwehr-ein\/#primaryimage"},"thumbnailUrl":"https:\/\/www.m-q.ch\/wp-content\/uploads\/2025\/07\/77-Prozent-der-Schweizer-Unternehmen-setzen-KI-zur-Cyberabwehr-ein_MQ.jpg","datePublished":"2025-07-07T04:37:59+00:00","description":"A study by IT security service provider Trend Micro shows the growing importance of AI for cybersecurity strategies.","breadcrumb":{"@id":"https:\/\/www.organisator.ch\/operational-excellence\/2025-07-07\/77-prozent-der-schweizer-unternehmen-setzen-ki-zur-cyberabwehr-ein\/#breadcrumb"},"inLanguage":"en-US","potentialAction":[{"@type":"ReadAction","target":["https:\/\/www.organisator.ch\/operational-excellence\/2025-07-07\/77-prozent-der-schweizer-unternehmen-setzen-ki-zur-cyberabwehr-ein\/"]}]},{"@type":"ImageObject","inLanguage":"en-US","@id":"https:\/\/www.organisator.ch\/operational-excellence\/2025-07-07\/77-prozent-der-schweizer-unternehmen-setzen-ki-zur-cyberabwehr-ein\/#primaryimage","url":"https:\/\/www.m-q.ch\/wp-content\/uploads\/2025\/07\/77-Prozent-der-Schweizer-Unternehmen-setzen-KI-zur-Cyberabwehr-ein_MQ.jpg","contentUrl":"https:\/\/www.m-q.ch\/wp-content\/uploads\/2025\/07\/77-Prozent-der-Schweizer-Unternehmen-setzen-KI-zur-Cyberabwehr-ein_MQ.jpg"},{"@type":"BreadcrumbList","@id":"https:\/\/www.organisator.ch\/operational-excellence\/2025-07-07\/77-prozent-der-schweizer-unternehmen-setzen-ki-zur-cyberabwehr-ein\/#breadcrumb","itemListElement":[{"@type":"ListItem","position":1,"name":"Home","item":"https:\/\/www.organisator.ch\/"},{"@type":"ListItem","position":2,"name":"77 Prozent der Schweizer Unternehmen setzen KI zur Cyberabwehr ein"}]},{"@type":"WebSite","@id":"https:\/\/www.organisator.ch\/#website","url":"https:\/\/www.organisator.ch\/","name":"Organizer","description":"Competent. Practical. In 10 issues per year, ORGANISATOR presents the essential topics for managers of SMEs.","publisher":{"@id":"https:\/\/www.organisator.ch\/#organization"},"potentialAction":[{"@type":"SearchAction","target":{"@type":"EntryPoint","urlTemplate":"https:\/\/www.organisator.ch\/?s={search_term_string}"},"query-input":{"@type":"PropertyValueSpecification","valueRequired":true,"valueName":"search_term_string"}}],"inLanguage":"en-US"},{"@type":"Organization","@id":"https:\/\/www.organisator.ch\/#organization","name":"Organizer","url":"https:\/\/www.organisator.ch\/","logo":{"@type":"ImageObject","inLanguage":"en-US","@id":"https:\/\/www.organisator.ch\/#\/schema\/logo\/image\/","url":"https:\/\/www.organisator.ch\/wp-content\/uploads\/2022\/01\/Logo_Organisator_Website.png","contentUrl":"https:\/\/www.organisator.ch\/wp-content\/uploads\/2022\/01\/Logo_Organisator_Website.png","width":800,"height":77,"caption":"Organisator"},"image":{"@id":"https:\/\/www.organisator.ch\/#\/schema\/logo\/image\/"},"sameAs":["https:\/\/www.facebook.com\/OrganisatorFachmagazin","https:\/\/www.linkedin.com\/showcase\/organisator-das-magazin-fr-kmu","https:\/\/www.xing.com\/news\/pages\/organisator-ch-695","https:\/\/www.youtube.com\/channel\/UCGP2Sq0iWaZwT3BdIAQFYpw"]},{"@type":"Person","@id":"https:\/\/www.organisator.ch\/#\/schema\/person\/4e51799071cd2dd1232ac003643ef5f0","name":"galledia","image":{"@type":"ImageObject","inLanguage":"en-US","@id":"https:\/\/secure.gravatar.com\/avatar\/78a7f90c01fc2bfc875782a0d4922b37cde2cf184ce347b91316d23cd7f69a36?s=96&d=mm&r=g","url":"https:\/\/secure.gravatar.com\/avatar\/78a7f90c01fc2bfc875782a0d4922b37cde2cf184ce347b91316d23cd7f69a36?s=96&d=mm&r=g","contentUrl":"https:\/\/secure.gravatar.com\/avatar\/78a7f90c01fc2bfc875782a0d4922b37cde2cf184ce347b91316d23cd7f69a36?s=96&d=mm&r=g","caption":"galledia"},"sameAs":["https:\/\/x.com\/admin"],"url":"https:\/\/www.organisator.ch\/en\/author\/galledia\/"}]}},"_links":{"self":[{"href":"https:\/\/www.organisator.ch\/en\/wp-json\/wp\/v2\/posts\/39481","targetHints":{"allow":["GET"]}}],"collection":[{"href":"https:\/\/www.organisator.ch\/en\/wp-json\/wp\/v2\/posts"}],"about":[{"href":"https:\/\/www.organisator.ch\/en\/wp-json\/wp\/v2\/types\/post"}],"author":[{"embeddable":true,"href":"https:\/\/www.organisator.ch\/en\/wp-json\/wp\/v2\/users\/8"}],"replies":[{"embeddable":true,"href":"https:\/\/www.organisator.ch\/en\/wp-json\/wp\/v2\/comments?post=39481"}],"version-history":[{"count":5,"href":"https:\/\/www.organisator.ch\/en\/wp-json\/wp\/v2\/posts\/39481\/revisions"}],"predecessor-version":[{"id":39499,"href":"https:\/\/www.organisator.ch\/en\/wp-json\/wp\/v2\/posts\/39481\/revisions\/39499"}],"wp:attachment":[{"href":"https:\/\/www.organisator.ch\/en\/wp-json\/wp\/v2\/media?parent=39481"}],"wp:term":[{"taxonomy":"category","embeddable":true,"href":"https:\/\/www.organisator.ch\/en\/wp-json\/wp\/v2\/categories?post=39481"},{"taxonomy":"post_tag","embeddable":true,"href":"https:\/\/www.organisator.ch\/en\/wp-json\/wp\/v2\/tags?post=39481"}],"curies":[{"name":"wp","href":"https:\/\/api.w.org\/{rel}","templated":true}]}}