{"id":39507,"date":"2025-07-07T13:18:00","date_gmt":"2025-07-07T11:18:00","guid":{"rendered":"https:\/\/www.m-q.ch\/?p=21675"},"modified":"2025-07-07T14:17:16","modified_gmt":"2025-07-07T12:17:16","slug":"neues-netzwerk-sds-souveraene-digitale-schweiz-gegruendet","status":"publish","type":"post","link":"https:\/\/www.organisator.ch\/en\/operational-excellence\/2025-07-07\/neues-netzwerk-sds-souveraene-digitale-schweiz-gegruendet\/","title":{"rendered":"New \"Network SDS - Sovereign Digital Switzerland\" founded"},"content":{"rendered":"<p><img class=\"alignnone size-full wp-image-21676\" src=\"https:\/\/www.m-q.ch\/wp-content\/uploads\/2025\/07\/Neues-Netzwerk-SDS-%E2%80%93-Souveraene-Digitale-Schweiz-gegruendet_MQ.jpg\" sizes=\"(max-width: 680px) 100vw, 680px\" srcset=\"https:\/\/www.m-q.ch\/wp-content\/uploads\/2025\/07\/Neues-Netzwerk-SDS-\u2013-Souveraene-Digitale-Schweiz-gegruendet_MQ.jpg 680w, https:\/\/www.m-q.ch\/wp-content\/uploads\/2025\/07\/Neues-Netzwerk-SDS-\u2013-Souveraene-Digitale-Schweiz-gegruendet_MQ-18x8.jpg 18w, https:\/\/www.m-q.ch\/wp-content\/uploads\/2025\/07\/Neues-Netzwerk-SDS-\u2013-Souveraene-Digitale-Schweiz-gegruendet_MQ-375x165.jpg 375w\" alt=\"\" width=\"680\" height=\"300\" \/><\/p>\r\n<p>The Institute for Public Sector Transformation (IPST) at Bern University of Applied Sciences (BFH) has founded the \"Network SDS - Sovereign Digital Switzerland\" together with the Federal Department of Justice and Police (FDJP), the Organization and Information Technology (OIZ) of the City of Zurich and Swiss Post. Other Swiss organizations are invited to join the network. The \"Network SDS\" promotes the professional networking of Swiss stakeholders on digital sovereignty. Skills, knowledge and experience are exchanged through events, analyses and other activities. These include the reduction of vendor dependencies, the use and development of open source technologies and the sovereign operation of IT infrastructures. There is also an exchange with foreign authorities, companies and other organizations. A cooperation with the German Center for Digital Sovereignty in Public Administration (ZenDiS) is already being planned in order to establish an official openDesk offering in Switzerland.<\/p>\r\n<h3>Initiative is welcomed<\/h3>\r\n<p>The advisory board of the \"Network SDS\" is currently made up of Dominika Blonski (Data Protection Officer of the Canton of Zurich), Danielle Kaufmann (Data Protection Officer of the Canton of Basel-Stadt), Werner Kipfer (Head of the Workplace Department at the Organization and IT of the City of Zurich) and Matthias Schmutz (Head of Architecture, Security and Project Management at the FDJP). The \"SDS Network\" is also supported by key players in the administration. Peppino Giarritta, Federal and Cantonal Commissioner for Digital Administration Switzerland (DVS), welcomes the initiative: \"A network like this helps to strengthen professional exchange and build expertise in the area of digital sovereignty.\" Daniel Markwalder, Delegate of the \"Digital Transformation and ICT Steering\" (DTI) division of the Federal Chancellery, would also like to draw on the network's expertise: \"We will be happy to discuss specific issues with the SDS network.\"<\/p>\r\n<h3>Open to other organizations<\/h3>\r\n<p>Swiss authorities and other actors in the public sector as well as companies, associations and other organizations headquartered in Switzerland can participate in the \"SDS Network\". The operational activities of the network are carried out by the IPST of the BFH. A newsletter and the website (<a href=\"http:\/\/www.netzwerksds.ch\/\">www.netzwerksds.ch<\/a>) provide information about the upcoming activities of the \"Network SDS\".<\/p>\n<p class=\"syndicated-attribution\">This article originally appeared on m-q.ch - <a href=\"https:\/\/www.m-q.ch\/de\/neues-netzwerk-sds-souveraene-digitale-schweiz-gegruendet\/\" target=\"_blank\">https:\/\/www.m-q.ch\/de\/neues-netzwerk-sds-souveraene-digitale-schweiz-gegruendet\/<\/a><\/p>","protected":false},"excerpt":{"rendered":"<p>Stakeholders from the public sector have founded a network for professional exchange on digital sovereignty, in which skills and experiences on greater technological independence are exchanged. Other Swiss authorities, companies and other organizations are invited to join the network.<\/p>","protected":false},"author":8,"featured_media":0,"comment_status":"closed","ping_status":"closed","sticky":false,"template":"","format":"standard","meta":{"_acf_changed":false,"_yoast_wpseo_focuskw":"Netzwerk SDS","_yoast_wpseo_metadesc":"Akteure aus dem \u00f6ffentlichen Sektor haben das Netzwerk SDS zum fachlichen Austausch zu digitaler Souver\u00e4nit\u00e4t gegr\u00fcndet.","articlekey":"","footnotes":""},"categories":[582],"tags":[586,156,603],"class_list":["post-39507","post","type-post","status-publish","format-standard","hentry","category-operational-excellence","tag-allgemein","tag-digitalisierung","tag-vereine-verbaende-institutionen"],"acf":[],"yoast_head":"<!-- This site is optimized with the Yoast SEO plugin v27.5 - https:\/\/yoast.com\/product\/yoast-seo-wordpress\/ -->\n<title>Neues \u00abNetzwerk SDS \u2013 Souver\u00e4ne Digitale Schweiz\u00bb gegr\u00fcndet - Organisator<\/title>\n<meta name=\"description\" content=\"Akteure aus dem \u00f6ffentlichen Sektor haben das Netzwerk SDS zum fachlichen Austausch zu digitaler Souver\u00e4nit\u00e4t gegr\u00fcndet.\" \/>\n<meta name=\"robots\" content=\"index, follow, max-snippet:-1, max-image-preview:large, max-video-preview:-1\" \/>\n<link rel=\"canonical\" href=\"https:\/\/www.organisator.ch\/en\/operational-excellence\/2025-07-07\/neues-netzwerk-sds-souveraene-digitale-schweiz-gegruendet\/\" \/>\n<meta property=\"og:locale\" content=\"en_US\" \/>\n<meta property=\"og:type\" content=\"article\" \/>\n<meta property=\"og:title\" content=\"Neues \u00abNetzwerk SDS \u2013 Souver\u00e4ne Digitale Schweiz\u00bb gegr\u00fcndet - Organisator\" \/>\n<meta property=\"og:description\" content=\"Akteure aus dem \u00f6ffentlichen Sektor haben das Netzwerk SDS zum fachlichen Austausch zu digitaler Souver\u00e4nit\u00e4t gegr\u00fcndet.\" \/>\n<meta property=\"og:url\" content=\"https:\/\/www.organisator.ch\/en\/operational-excellence\/2025-07-07\/neues-netzwerk-sds-souveraene-digitale-schweiz-gegruendet\/\" \/>\n<meta property=\"og:site_name\" content=\"Organisator\" \/>\n<meta property=\"article:publisher\" content=\"https:\/\/www.facebook.com\/OrganisatorFachmagazin\" \/>\n<meta property=\"article:published_time\" content=\"2025-07-07T11:18:00+00:00\" \/>\n<meta property=\"article:modified_time\" content=\"2025-07-07T12:17:16+00:00\" \/>\n<meta name=\"author\" content=\"galledia\" \/>\n<meta name=\"twitter:card\" content=\"summary_large_image\" \/>\n<meta name=\"twitter:creator\" content=\"@admin\" \/>\n<script type=\"application\/ld+json\" class=\"yoast-schema-graph\">{\"@context\":\"https:\\\/\\\/schema.org\",\"@graph\":[{\"@type\":\"Article\",\"@id\":\"https:\\\/\\\/www.organisator.ch\\\/operational-excellence\\\/2025-07-07\\\/neues-netzwerk-sds-souveraene-digitale-schweiz-gegruendet\\\/#article\",\"isPartOf\":{\"@id\":\"https:\\\/\\\/www.organisator.ch\\\/operational-excellence\\\/2025-07-07\\\/neues-netzwerk-sds-souveraene-digitale-schweiz-gegruendet\\\/\"},\"author\":{\"name\":\"galledia\",\"@id\":\"https:\\\/\\\/www.organisator.ch\\\/#\\\/schema\\\/person\\\/4e51799071cd2dd1232ac003643ef5f0\"},\"headline\":\"Neues \u00abNetzwerk SDS \u2013 Souver\u00e4ne Digitale Schweiz\u00bb gegr\u00fcndet\",\"datePublished\":\"2025-07-07T11:18:00+00:00\",\"dateModified\":\"2025-07-07T12:17:16+00:00\",\"mainEntityOfPage\":{\"@id\":\"https:\\\/\\\/www.organisator.ch\\\/operational-excellence\\\/2025-07-07\\\/neues-netzwerk-sds-souveraene-digitale-schweiz-gegruendet\\\/\"},\"wordCount\":354,\"publisher\":{\"@id\":\"https:\\\/\\\/www.organisator.ch\\\/#organization\"},\"image\":{\"@id\":\"https:\\\/\\\/www.organisator.ch\\\/operational-excellence\\\/2025-07-07\\\/neues-netzwerk-sds-souveraene-digitale-schweiz-gegruendet\\\/#primaryimage\"},\"thumbnailUrl\":\"https:\\\/\\\/www.m-q.ch\\\/wp-content\\\/uploads\\\/2025\\\/07\\\/Neues-Netzwerk-SDS-%E2%80%93-Souveraene-Digitale-Schweiz-gegruendet_MQ.jpg\",\"keywords\":[\"Allgemein\",\"Digitalisierung\",\"Vereine\\\/Verb\u00e4nde\\\/Institutionen\"],\"articleSection\":[\"OPERATIONAL EXCELLENCE\"],\"inLanguage\":\"en-US\"},{\"@type\":\"WebPage\",\"@id\":\"https:\\\/\\\/www.organisator.ch\\\/operational-excellence\\\/2025-07-07\\\/neues-netzwerk-sds-souveraene-digitale-schweiz-gegruendet\\\/\",\"url\":\"https:\\\/\\\/www.organisator.ch\\\/operational-excellence\\\/2025-07-07\\\/neues-netzwerk-sds-souveraene-digitale-schweiz-gegruendet\\\/\",\"name\":\"Neues \u00abNetzwerk SDS \u2013 Souver\u00e4ne Digitale Schweiz\u00bb gegr\u00fcndet - Organisator\",\"isPartOf\":{\"@id\":\"https:\\\/\\\/www.organisator.ch\\\/#website\"},\"primaryImageOfPage\":{\"@id\":\"https:\\\/\\\/www.organisator.ch\\\/operational-excellence\\\/2025-07-07\\\/neues-netzwerk-sds-souveraene-digitale-schweiz-gegruendet\\\/#primaryimage\"},\"image\":{\"@id\":\"https:\\\/\\\/www.organisator.ch\\\/operational-excellence\\\/2025-07-07\\\/neues-netzwerk-sds-souveraene-digitale-schweiz-gegruendet\\\/#primaryimage\"},\"thumbnailUrl\":\"https:\\\/\\\/www.m-q.ch\\\/wp-content\\\/uploads\\\/2025\\\/07\\\/Neues-Netzwerk-SDS-%E2%80%93-Souveraene-Digitale-Schweiz-gegruendet_MQ.jpg\",\"datePublished\":\"2025-07-07T11:18:00+00:00\",\"dateModified\":\"2025-07-07T12:17:16+00:00\",\"description\":\"Akteure aus dem \u00f6ffentlichen Sektor haben das Netzwerk SDS zum fachlichen Austausch zu digitaler Souver\u00e4nit\u00e4t gegr\u00fcndet.\",\"breadcrumb\":{\"@id\":\"https:\\\/\\\/www.organisator.ch\\\/operational-excellence\\\/2025-07-07\\\/neues-netzwerk-sds-souveraene-digitale-schweiz-gegruendet\\\/#breadcrumb\"},\"inLanguage\":\"en-US\",\"potentialAction\":[{\"@type\":\"ReadAction\",\"target\":[\"https:\\\/\\\/www.organisator.ch\\\/operational-excellence\\\/2025-07-07\\\/neues-netzwerk-sds-souveraene-digitale-schweiz-gegruendet\\\/\"]}]},{\"@type\":\"ImageObject\",\"inLanguage\":\"en-US\",\"@id\":\"https:\\\/\\\/www.organisator.ch\\\/operational-excellence\\\/2025-07-07\\\/neues-netzwerk-sds-souveraene-digitale-schweiz-gegruendet\\\/#primaryimage\",\"url\":\"https:\\\/\\\/www.m-q.ch\\\/wp-content\\\/uploads\\\/2025\\\/07\\\/Neues-Netzwerk-SDS-%E2%80%93-Souveraene-Digitale-Schweiz-gegruendet_MQ.jpg\",\"contentUrl\":\"https:\\\/\\\/www.m-q.ch\\\/wp-content\\\/uploads\\\/2025\\\/07\\\/Neues-Netzwerk-SDS-%E2%80%93-Souveraene-Digitale-Schweiz-gegruendet_MQ.jpg\"},{\"@type\":\"BreadcrumbList\",\"@id\":\"https:\\\/\\\/www.organisator.ch\\\/operational-excellence\\\/2025-07-07\\\/neues-netzwerk-sds-souveraene-digitale-schweiz-gegruendet\\\/#breadcrumb\",\"itemListElement\":[{\"@type\":\"ListItem\",\"position\":1,\"name\":\"Home\",\"item\":\"https:\\\/\\\/www.organisator.ch\\\/\"},{\"@type\":\"ListItem\",\"position\":2,\"name\":\"Neues \u00abNetzwerk SDS \u2013 Souver\u00e4ne Digitale Schweiz\u00bb gegr\u00fcndet\"}]},{\"@type\":\"WebSite\",\"@id\":\"https:\\\/\\\/www.organisator.ch\\\/#website\",\"url\":\"https:\\\/\\\/www.organisator.ch\\\/\",\"name\":\"Organisator\",\"description\":\"Kompetent. Praxisnah. Der ORGANISATOR bereitet in 10 Ausgaben pro Jahr die wesentlichen Themen f\u00fcr F\u00fchrungskr\u00e4fte von KMU auf.\",\"publisher\":{\"@id\":\"https:\\\/\\\/www.organisator.ch\\\/#organization\"},\"potentialAction\":[{\"@type\":\"SearchAction\",\"target\":{\"@type\":\"EntryPoint\",\"urlTemplate\":\"https:\\\/\\\/www.organisator.ch\\\/?s={search_term_string}\"},\"query-input\":{\"@type\":\"PropertyValueSpecification\",\"valueRequired\":true,\"valueName\":\"search_term_string\"}}],\"inLanguage\":\"en-US\"},{\"@type\":\"Organization\",\"@id\":\"https:\\\/\\\/www.organisator.ch\\\/#organization\",\"name\":\"Organisator\",\"url\":\"https:\\\/\\\/www.organisator.ch\\\/\",\"logo\":{\"@type\":\"ImageObject\",\"inLanguage\":\"en-US\",\"@id\":\"https:\\\/\\\/www.organisator.ch\\\/#\\\/schema\\\/logo\\\/image\\\/\",\"url\":\"https:\\\/\\\/www.organisator.ch\\\/wp-content\\\/uploads\\\/2022\\\/01\\\/Logo_Organisator_Website.png\",\"contentUrl\":\"https:\\\/\\\/www.organisator.ch\\\/wp-content\\\/uploads\\\/2022\\\/01\\\/Logo_Organisator_Website.png\",\"width\":800,\"height\":77,\"caption\":\"Organisator\"},\"image\":{\"@id\":\"https:\\\/\\\/www.organisator.ch\\\/#\\\/schema\\\/logo\\\/image\\\/\"},\"sameAs\":[\"https:\\\/\\\/www.facebook.com\\\/OrganisatorFachmagazin\",\"https:\\\/\\\/www.linkedin.com\\\/showcase\\\/organisator-das-magazin-fr-kmu\",\"https:\\\/\\\/www.xing.com\\\/news\\\/pages\\\/organisator-ch-695\",\"https:\\\/\\\/www.youtube.com\\\/channel\\\/UCGP2Sq0iWaZwT3BdIAQFYpw\"]},{\"@type\":\"Person\",\"@id\":\"https:\\\/\\\/www.organisator.ch\\\/#\\\/schema\\\/person\\\/4e51799071cd2dd1232ac003643ef5f0\",\"name\":\"galledia\",\"image\":{\"@type\":\"ImageObject\",\"inLanguage\":\"en-US\",\"@id\":\"https:\\\/\\\/secure.gravatar.com\\\/avatar\\\/78a7f90c01fc2bfc875782a0d4922b37cde2cf184ce347b91316d23cd7f69a36?s=96&d=mm&r=g\",\"url\":\"https:\\\/\\\/secure.gravatar.com\\\/avatar\\\/78a7f90c01fc2bfc875782a0d4922b37cde2cf184ce347b91316d23cd7f69a36?s=96&d=mm&r=g\",\"contentUrl\":\"https:\\\/\\\/secure.gravatar.com\\\/avatar\\\/78a7f90c01fc2bfc875782a0d4922b37cde2cf184ce347b91316d23cd7f69a36?s=96&d=mm&r=g\",\"caption\":\"galledia\"},\"sameAs\":[\"https:\\\/\\\/x.com\\\/admin\"],\"url\":\"https:\\\/\\\/www.organisator.ch\\\/en\\\/author\\\/galledia\\\/\"}]}<\/script>\n<!-- \/ Yoast SEO plugin. -->","yoast_head_json":{"title":"New \"Network SDS - Sovereign Digital Switzerland\" founded - Organizer","description":"Stakeholders from the public sector have founded the SDS network for professional exchange on digital sovereignty.","robots":{"index":"index","follow":"follow","max-snippet":"max-snippet:-1","max-image-preview":"max-image-preview:large","max-video-preview":"max-video-preview:-1"},"canonical":"https:\/\/www.organisator.ch\/en\/operational-excellence\/2025-07-07\/neues-netzwerk-sds-souveraene-digitale-schweiz-gegruendet\/","og_locale":"en_US","og_type":"article","og_title":"Neues \u00abNetzwerk SDS \u2013 Souver\u00e4ne Digitale Schweiz\u00bb gegr\u00fcndet - Organisator","og_description":"Akteure aus dem \u00f6ffentlichen Sektor haben das Netzwerk SDS zum fachlichen Austausch zu digitaler Souver\u00e4nit\u00e4t gegr\u00fcndet.","og_url":"https:\/\/www.organisator.ch\/en\/operational-excellence\/2025-07-07\/neues-netzwerk-sds-souveraene-digitale-schweiz-gegruendet\/","og_site_name":"Organisator","article_publisher":"https:\/\/www.facebook.com\/OrganisatorFachmagazin","article_published_time":"2025-07-07T11:18:00+00:00","article_modified_time":"2025-07-07T12:17:16+00:00","author":"galledia","twitter_card":"summary_large_image","twitter_creator":"@admin","schema":{"@context":"https:\/\/schema.org","@graph":[{"@type":"Article","@id":"https:\/\/www.organisator.ch\/operational-excellence\/2025-07-07\/neues-netzwerk-sds-souveraene-digitale-schweiz-gegruendet\/#article","isPartOf":{"@id":"https:\/\/www.organisator.ch\/operational-excellence\/2025-07-07\/neues-netzwerk-sds-souveraene-digitale-schweiz-gegruendet\/"},"author":{"name":"galledia","@id":"https:\/\/www.organisator.ch\/#\/schema\/person\/4e51799071cd2dd1232ac003643ef5f0"},"headline":"Neues \u00abNetzwerk SDS \u2013 Souver\u00e4ne Digitale Schweiz\u00bb gegr\u00fcndet","datePublished":"2025-07-07T11:18:00+00:00","dateModified":"2025-07-07T12:17:16+00:00","mainEntityOfPage":{"@id":"https:\/\/www.organisator.ch\/operational-excellence\/2025-07-07\/neues-netzwerk-sds-souveraene-digitale-schweiz-gegruendet\/"},"wordCount":354,"publisher":{"@id":"https:\/\/www.organisator.ch\/#organization"},"image":{"@id":"https:\/\/www.organisator.ch\/operational-excellence\/2025-07-07\/neues-netzwerk-sds-souveraene-digitale-schweiz-gegruendet\/#primaryimage"},"thumbnailUrl":"https:\/\/www.m-q.ch\/wp-content\/uploads\/2025\/07\/Neues-Netzwerk-SDS-%E2%80%93-Souveraene-Digitale-Schweiz-gegruendet_MQ.jpg","keywords":["Allgemein","Digitalisierung","Vereine\/Verb\u00e4nde\/Institutionen"],"articleSection":["OPERATIONAL EXCELLENCE"],"inLanguage":"en-US"},{"@type":"WebPage","@id":"https:\/\/www.organisator.ch\/operational-excellence\/2025-07-07\/neues-netzwerk-sds-souveraene-digitale-schweiz-gegruendet\/","url":"https:\/\/www.organisator.ch\/operational-excellence\/2025-07-07\/neues-netzwerk-sds-souveraene-digitale-schweiz-gegruendet\/","name":"New \"Network SDS - Sovereign Digital Switzerland\" founded - Organizer","isPartOf":{"@id":"https:\/\/www.organisator.ch\/#website"},"primaryImageOfPage":{"@id":"https:\/\/www.organisator.ch\/operational-excellence\/2025-07-07\/neues-netzwerk-sds-souveraene-digitale-schweiz-gegruendet\/#primaryimage"},"image":{"@id":"https:\/\/www.organisator.ch\/operational-excellence\/2025-07-07\/neues-netzwerk-sds-souveraene-digitale-schweiz-gegruendet\/#primaryimage"},"thumbnailUrl":"https:\/\/www.m-q.ch\/wp-content\/uploads\/2025\/07\/Neues-Netzwerk-SDS-%E2%80%93-Souveraene-Digitale-Schweiz-gegruendet_MQ.jpg","datePublished":"2025-07-07T11:18:00+00:00","dateModified":"2025-07-07T12:17:16+00:00","description":"Stakeholders from the public sector have founded the SDS network for professional exchange on digital sovereignty.","breadcrumb":{"@id":"https:\/\/www.organisator.ch\/operational-excellence\/2025-07-07\/neues-netzwerk-sds-souveraene-digitale-schweiz-gegruendet\/#breadcrumb"},"inLanguage":"en-US","potentialAction":[{"@type":"ReadAction","target":["https:\/\/www.organisator.ch\/operational-excellence\/2025-07-07\/neues-netzwerk-sds-souveraene-digitale-schweiz-gegruendet\/"]}]},{"@type":"ImageObject","inLanguage":"en-US","@id":"https:\/\/www.organisator.ch\/operational-excellence\/2025-07-07\/neues-netzwerk-sds-souveraene-digitale-schweiz-gegruendet\/#primaryimage","url":"https:\/\/www.m-q.ch\/wp-content\/uploads\/2025\/07\/Neues-Netzwerk-SDS-%E2%80%93-Souveraene-Digitale-Schweiz-gegruendet_MQ.jpg","contentUrl":"https:\/\/www.m-q.ch\/wp-content\/uploads\/2025\/07\/Neues-Netzwerk-SDS-%E2%80%93-Souveraene-Digitale-Schweiz-gegruendet_MQ.jpg"},{"@type":"BreadcrumbList","@id":"https:\/\/www.organisator.ch\/operational-excellence\/2025-07-07\/neues-netzwerk-sds-souveraene-digitale-schweiz-gegruendet\/#breadcrumb","itemListElement":[{"@type":"ListItem","position":1,"name":"Home","item":"https:\/\/www.organisator.ch\/"},{"@type":"ListItem","position":2,"name":"Neues \u00abNetzwerk SDS \u2013 Souver\u00e4ne Digitale Schweiz\u00bb gegr\u00fcndet"}]},{"@type":"WebSite","@id":"https:\/\/www.organisator.ch\/#website","url":"https:\/\/www.organisator.ch\/","name":"Organizer","description":"Competent. Practical. In 10 issues per year, ORGANISATOR presents the essential topics for managers of SMEs.","publisher":{"@id":"https:\/\/www.organisator.ch\/#organization"},"potentialAction":[{"@type":"SearchAction","target":{"@type":"EntryPoint","urlTemplate":"https:\/\/www.organisator.ch\/?s={search_term_string}"},"query-input":{"@type":"PropertyValueSpecification","valueRequired":true,"valueName":"search_term_string"}}],"inLanguage":"en-US"},{"@type":"Organization","@id":"https:\/\/www.organisator.ch\/#organization","name":"Organizer","url":"https:\/\/www.organisator.ch\/","logo":{"@type":"ImageObject","inLanguage":"en-US","@id":"https:\/\/www.organisator.ch\/#\/schema\/logo\/image\/","url":"https:\/\/www.organisator.ch\/wp-content\/uploads\/2022\/01\/Logo_Organisator_Website.png","contentUrl":"https:\/\/www.organisator.ch\/wp-content\/uploads\/2022\/01\/Logo_Organisator_Website.png","width":800,"height":77,"caption":"Organisator"},"image":{"@id":"https:\/\/www.organisator.ch\/#\/schema\/logo\/image\/"},"sameAs":["https:\/\/www.facebook.com\/OrganisatorFachmagazin","https:\/\/www.linkedin.com\/showcase\/organisator-das-magazin-fr-kmu","https:\/\/www.xing.com\/news\/pages\/organisator-ch-695","https:\/\/www.youtube.com\/channel\/UCGP2Sq0iWaZwT3BdIAQFYpw"]},{"@type":"Person","@id":"https:\/\/www.organisator.ch\/#\/schema\/person\/4e51799071cd2dd1232ac003643ef5f0","name":"galledia","image":{"@type":"ImageObject","inLanguage":"en-US","@id":"https:\/\/secure.gravatar.com\/avatar\/78a7f90c01fc2bfc875782a0d4922b37cde2cf184ce347b91316d23cd7f69a36?s=96&d=mm&r=g","url":"https:\/\/secure.gravatar.com\/avatar\/78a7f90c01fc2bfc875782a0d4922b37cde2cf184ce347b91316d23cd7f69a36?s=96&d=mm&r=g","contentUrl":"https:\/\/secure.gravatar.com\/avatar\/78a7f90c01fc2bfc875782a0d4922b37cde2cf184ce347b91316d23cd7f69a36?s=96&d=mm&r=g","caption":"galledia"},"sameAs":["https:\/\/x.com\/admin"],"url":"https:\/\/www.organisator.ch\/en\/author\/galledia\/"}]}},"_links":{"self":[{"href":"https:\/\/www.organisator.ch\/en\/wp-json\/wp\/v2\/posts\/39507","targetHints":{"allow":["GET"]}}],"collection":[{"href":"https:\/\/www.organisator.ch\/en\/wp-json\/wp\/v2\/posts"}],"about":[{"href":"https:\/\/www.organisator.ch\/en\/wp-json\/wp\/v2\/types\/post"}],"author":[{"embeddable":true,"href":"https:\/\/www.organisator.ch\/en\/wp-json\/wp\/v2\/users\/8"}],"replies":[{"embeddable":true,"href":"https:\/\/www.organisator.ch\/en\/wp-json\/wp\/v2\/comments?post=39507"}],"version-history":[{"count":6,"href":"https:\/\/www.organisator.ch\/en\/wp-json\/wp\/v2\/posts\/39507\/revisions"}],"predecessor-version":[{"id":39511,"href":"https:\/\/www.organisator.ch\/en\/wp-json\/wp\/v2\/posts\/39507\/revisions\/39511"}],"wp:attachment":[{"href":"https:\/\/www.organisator.ch\/en\/wp-json\/wp\/v2\/media?parent=39507"}],"wp:term":[{"taxonomy":"category","embeddable":true,"href":"https:\/\/www.organisator.ch\/en\/wp-json\/wp\/v2\/categories?post=39507"},{"taxonomy":"post_tag","embeddable":true,"href":"https:\/\/www.organisator.ch\/en\/wp-json\/wp\/v2\/tags?post=39507"}],"curies":[{"name":"wp","href":"https:\/\/api.w.org\/{rel}","templated":true}]}}