{"id":39564,"date":"2025-07-18T08:01:27","date_gmt":"2025-07-18T06:01:27","guid":{"rendered":"https:\/\/www.organisator.ch\/?p=39564"},"modified":"2025-09-09T08:34:40","modified_gmt":"2025-09-09T06:34:40","slug":"so-bringen-sie-ihre-karriere-im-sommer-voran","status":"publish","type":"post","link":"https:\/\/www.organisator.ch\/en\/human-resources\/2025-07-18\/so-bringen-sie-ihre-karriere-im-sommer-voran\/","title":{"rendered":"How to advance your career in summer"},"content":{"rendered":"<figure id=\"attachment_39565\" aria-describedby=\"caption-attachment-39565\" style=\"width: 680px\" class=\"wp-caption alignnone\"><img loading=\"lazy\" decoding=\"async\" class=\"size-full wp-image-39565\" src=\"https:\/\/www.organisator.ch\/wp-content\/uploads\/2025\/07\/So-bringen-Sie-Ihre-Karriere-im-Sommer-voran_Organisator.jpg\" alt=\"\" width=\"680\" height=\"419\" srcset=\"https:\/\/www.organisator.ch\/wp-content\/uploads\/2025\/07\/So-bringen-Sie-Ihre-Karriere-im-Sommer-voran_Organisator.jpg 680w, https:\/\/www.organisator.ch\/wp-content\/uploads\/2025\/07\/So-bringen-Sie-Ihre-Karriere-im-Sommer-voran_Organisator-18x12.jpg 18w, https:\/\/www.organisator.ch\/wp-content\/uploads\/2025\/07\/So-bringen-Sie-Ihre-Karriere-im-Sommer-voran_Organisator-375x231.jpg 375w, https:\/\/www.organisator.ch\/wp-content\/uploads\/2025\/07\/So-bringen-Sie-Ihre-Karriere-im-Sommer-voran_Organisator-568x350.jpg 568w\" sizes=\"auto, (max-width: 680px) 100vw, 680px\" \/><figcaption id=\"caption-attachment-39565\" class=\"wp-caption-text\">What's next for your career? Summer is a good time to think about this. (Image: Gerd Altmann \/ Pixabay.com)<\/figcaption><\/figure>\n<p>The quiet summer months offer just the right opportunity to develop your career - without it feeling like work. HR service provider Robert Walters reveals eight smart strategies on how you can give your career a well-deserved summer boost.\u00a0<\/p>\n<h3><strong>1. networking with sunglasses\u00a0<\/strong><\/h3>\n<p>Summer parties, after-work drinks, street parties or sporting events - these are all casual opportunities to make new professional contacts. Prepare a brief introduction of yourself and update your LinkedIn profile. It could well be that someone is looking for you after the interview.<\/p>\n<h3><strong>2. get involved as a volunteer\u00a0<\/strong><\/h3>\n<p>Volunteering in the summer can not only be fulfilling, but can also help you develop new skills, gain practical experience and expand your network - especially if you choose projects that fit in with your career goals.<\/p>\n<h3><strong>3. take a summer course\u00a0<\/strong><\/h3>\n<p>Whether online or on-site, compact or intensive: summer courses are ideal for continuing your education at your own pace. Digital communication, project management, data analysis or a new language - such skills will significantly enhance your CV.<\/p>\n<h3><strong>4. work on your personal brand\u00a0<\/strong><\/h3>\n<p>Use the summer to revamp your online presence. A new professional profile, an updated LinkedIn profile or even your own blog or small website? Everything contributes to how you are perceived professionally. Tip: Check your privacy settings on social networks too. Vacation photos from the beach are great for friends, but perhaps not ideal for future employers.<\/p>\n<h3><strong>5. reflect on your professional goals\u00a0<\/strong><\/h3>\n<p>Where are you in your career - and where do you want to go? Summer offers space to pause, reflect and take a fresh look at your long-term goals.<\/p>\n<h3><strong>6. allow yourself conscious breaks\u00a0<\/strong><\/h3>\n<p>Rest is not a luxury, but a necessity. Taking time out can boost your creativity and ensure that you return with new energy and fresh ideas - ready for the next step in your career.<\/p>\n<h3><strong>7. find a mentor (or become one yourself)\u00a0<\/strong><\/h3>\n<p>The quieter summer time is ideal for thinking about mentoring. A mentor can inspire and support you. Or take on this role yourself - this strengthens your leadership skills and helps others to develop at the same time.<\/p>\n<h3><strong>8. plan ahead - fall is coming sooner than expected\u00a0<\/strong><\/h3>\n<p>Whether it's further training, new projects or specialist events: Those who use the summer to plan their next steps will start the fall with a clear head start.\u00a0<\/p>\n<p><strong>Conclusion<\/strong>Summer doesn't have to be a career-free period - on the contrary. If you use the warm season wisely, you will not only come back from the summer break refreshed, but also professionally stronger.\u00a0<\/p>\n<p><em>Source: <a href=\"https:\/\/www.robertwalters.ch\/\">Robert Walters<\/a><\/em><\/p>","protected":false},"excerpt":{"rendered":"<p>Sun, vacation - and a career boost? If you think summer is just for relaxing, you're not quite right, according to the Swiss HR consultancy Robert Walters. Because there are ways to give your career a boost, especially in summer. <\/p>","protected":false},"author":4,"featured_media":39565,"comment_status":"closed","ping_status":"closed","sticky":false,"template":"","format":"standard","meta":{"_acf_changed":false,"_yoast_wpseo_focuskw":"im Sommer","_yoast_wpseo_metadesc":"Im Urlaub soll man sich erholen. Doch man kann ihn auch nutzen, um gerade im Sommer der eigenen Karriere neuen Schub zu geben.","articlekey":"","footnotes":""},"categories":[579],"tags":[62,115,254,295],"class_list":["post-39564","post","type-post","status-publish","format-standard","has-post-thumbnail","hentry","category-human-resources","tag-aus-weiterbildung","tag-checklisten","tag-hrm","tag-karriere-tipps"],"acf":[],"yoast_head":"<!-- This site is optimized with the Yoast SEO plugin v27.5 - https:\/\/yoast.com\/product\/yoast-seo-wordpress\/ -->\n<title>So bringen Sie Ihre Karriere im Sommer voran - Organisator<\/title>\n<meta name=\"description\" content=\"Im Urlaub soll man sich erholen. Doch man kann ihn auch nutzen, um gerade im Sommer der eigenen Karriere neuen Schub zu geben.\" \/>\n<meta name=\"robots\" content=\"index, follow, max-snippet:-1, max-image-preview:large, max-video-preview:-1\" \/>\n<link rel=\"canonical\" href=\"https:\/\/www.organisator.ch\/en\/human-resources\/2025-07-18\/so-bringen-sie-ihre-karriere-im-sommer-voran\/\" \/>\n<meta property=\"og:locale\" content=\"en_US\" \/>\n<meta property=\"og:type\" content=\"article\" \/>\n<meta property=\"og:title\" content=\"So bringen Sie Ihre Karriere im Sommer voran - Organisator\" \/>\n<meta property=\"og:description\" content=\"Im Urlaub soll man sich erholen. Doch man kann ihn auch nutzen, um gerade im Sommer der eigenen Karriere neuen Schub zu geben.\" \/>\n<meta property=\"og:url\" content=\"https:\/\/www.organisator.ch\/en\/human-resources\/2025-07-18\/so-bringen-sie-ihre-karriere-im-sommer-voran\/\" \/>\n<meta property=\"og:site_name\" content=\"Organisator\" \/>\n<meta property=\"article:publisher\" content=\"https:\/\/www.facebook.com\/OrganisatorFachmagazin\" \/>\n<meta property=\"article:published_time\" content=\"2025-07-18T06:01:27+00:00\" \/>\n<meta property=\"article:modified_time\" content=\"2025-09-09T06:34:40+00:00\" \/>\n<meta property=\"og:image\" content=\"https:\/\/www.organisator.ch\/wp-content\/uploads\/2025\/07\/So-bringen-Sie-Ihre-Karriere-im-Sommer-voran_Organisator.jpg\" \/>\n\t<meta property=\"og:image:width\" content=\"680\" \/>\n\t<meta property=\"og:image:height\" content=\"419\" \/>\n\t<meta property=\"og:image:type\" content=\"image\/jpeg\" \/>\n<meta name=\"author\" content=\"thomas.berner\" \/>\n<meta name=\"twitter:card\" content=\"summary_large_image\" \/>\n<script type=\"application\/ld+json\" class=\"yoast-schema-graph\">{\"@context\":\"https:\\\/\\\/schema.org\",\"@graph\":[{\"@type\":\"Article\",\"@id\":\"https:\\\/\\\/www.organisator.ch\\\/human-resources\\\/2025-07-18\\\/so-bringen-sie-ihre-karriere-im-sommer-voran\\\/#article\",\"isPartOf\":{\"@id\":\"https:\\\/\\\/www.organisator.ch\\\/human-resources\\\/2025-07-18\\\/so-bringen-sie-ihre-karriere-im-sommer-voran\\\/\"},\"author\":{\"name\":\"thomas.berner\",\"@id\":\"https:\\\/\\\/www.organisator.ch\\\/#\\\/schema\\\/person\\\/6f650f90b2842cd4c0cc334b4e36f67e\"},\"headline\":\"So bringen Sie Ihre Karriere im Sommer voran\",\"datePublished\":\"2025-07-18T06:01:27+00:00\",\"dateModified\":\"2025-09-09T06:34:40+00:00\",\"mainEntityOfPage\":{\"@id\":\"https:\\\/\\\/www.organisator.ch\\\/human-resources\\\/2025-07-18\\\/so-bringen-sie-ihre-karriere-im-sommer-voran\\\/\"},\"wordCount\":468,\"publisher\":{\"@id\":\"https:\\\/\\\/www.organisator.ch\\\/#organization\"},\"image\":{\"@id\":\"https:\\\/\\\/www.organisator.ch\\\/human-resources\\\/2025-07-18\\\/so-bringen-sie-ihre-karriere-im-sommer-voran\\\/#primaryimage\"},\"thumbnailUrl\":\"https:\\\/\\\/www.organisator.ch\\\/wp-content\\\/uploads\\\/2025\\\/07\\\/So-bringen-Sie-Ihre-Karriere-im-Sommer-voran_Organisator.jpg\",\"keywords\":[\"Aus-\\\/Weiterbildung\",\"Checklisten\",\"HRM\",\"Karriere Tipps\"],\"articleSection\":[\"HUMAN RESOURCES\"],\"inLanguage\":\"en-US\"},{\"@type\":\"WebPage\",\"@id\":\"https:\\\/\\\/www.organisator.ch\\\/human-resources\\\/2025-07-18\\\/so-bringen-sie-ihre-karriere-im-sommer-voran\\\/\",\"url\":\"https:\\\/\\\/www.organisator.ch\\\/human-resources\\\/2025-07-18\\\/so-bringen-sie-ihre-karriere-im-sommer-voran\\\/\",\"name\":\"So bringen Sie Ihre Karriere im Sommer voran - Organisator\",\"isPartOf\":{\"@id\":\"https:\\\/\\\/www.organisator.ch\\\/#website\"},\"primaryImageOfPage\":{\"@id\":\"https:\\\/\\\/www.organisator.ch\\\/human-resources\\\/2025-07-18\\\/so-bringen-sie-ihre-karriere-im-sommer-voran\\\/#primaryimage\"},\"image\":{\"@id\":\"https:\\\/\\\/www.organisator.ch\\\/human-resources\\\/2025-07-18\\\/so-bringen-sie-ihre-karriere-im-sommer-voran\\\/#primaryimage\"},\"thumbnailUrl\":\"https:\\\/\\\/www.organisator.ch\\\/wp-content\\\/uploads\\\/2025\\\/07\\\/So-bringen-Sie-Ihre-Karriere-im-Sommer-voran_Organisator.jpg\",\"datePublished\":\"2025-07-18T06:01:27+00:00\",\"dateModified\":\"2025-09-09T06:34:40+00:00\",\"description\":\"Im Urlaub soll man sich erholen. Doch man kann ihn auch nutzen, um gerade im Sommer der eigenen Karriere neuen Schub zu geben.\",\"breadcrumb\":{\"@id\":\"https:\\\/\\\/www.organisator.ch\\\/human-resources\\\/2025-07-18\\\/so-bringen-sie-ihre-karriere-im-sommer-voran\\\/#breadcrumb\"},\"inLanguage\":\"en-US\",\"potentialAction\":[{\"@type\":\"ReadAction\",\"target\":[\"https:\\\/\\\/www.organisator.ch\\\/human-resources\\\/2025-07-18\\\/so-bringen-sie-ihre-karriere-im-sommer-voran\\\/\"]}]},{\"@type\":\"ImageObject\",\"inLanguage\":\"en-US\",\"@id\":\"https:\\\/\\\/www.organisator.ch\\\/human-resources\\\/2025-07-18\\\/so-bringen-sie-ihre-karriere-im-sommer-voran\\\/#primaryimage\",\"url\":\"https:\\\/\\\/www.organisator.ch\\\/wp-content\\\/uploads\\\/2025\\\/07\\\/So-bringen-Sie-Ihre-Karriere-im-Sommer-voran_Organisator.jpg\",\"contentUrl\":\"https:\\\/\\\/www.organisator.ch\\\/wp-content\\\/uploads\\\/2025\\\/07\\\/So-bringen-Sie-Ihre-Karriere-im-Sommer-voran_Organisator.jpg\",\"width\":680,\"height\":419,\"caption\":\"Wie weiter mit der Karriere? Gerade im Sommer kann man sich gut Gedanken dar\u00fcber machen. (Bild: Gerd Altmann \\\/ Pixabay.com)\"},{\"@type\":\"BreadcrumbList\",\"@id\":\"https:\\\/\\\/www.organisator.ch\\\/human-resources\\\/2025-07-18\\\/so-bringen-sie-ihre-karriere-im-sommer-voran\\\/#breadcrumb\",\"itemListElement\":[{\"@type\":\"ListItem\",\"position\":1,\"name\":\"Home\",\"item\":\"https:\\\/\\\/www.organisator.ch\\\/\"},{\"@type\":\"ListItem\",\"position\":2,\"name\":\"So bringen Sie Ihre Karriere im Sommer voran\"}]},{\"@type\":\"WebSite\",\"@id\":\"https:\\\/\\\/www.organisator.ch\\\/#website\",\"url\":\"https:\\\/\\\/www.organisator.ch\\\/\",\"name\":\"Organisator\",\"description\":\"Kompetent. Praxisnah. Der ORGANISATOR bereitet in 10 Ausgaben pro Jahr die wesentlichen Themen f\u00fcr F\u00fchrungskr\u00e4fte von KMU auf.\",\"publisher\":{\"@id\":\"https:\\\/\\\/www.organisator.ch\\\/#organization\"},\"potentialAction\":[{\"@type\":\"SearchAction\",\"target\":{\"@type\":\"EntryPoint\",\"urlTemplate\":\"https:\\\/\\\/www.organisator.ch\\\/?s={search_term_string}\"},\"query-input\":{\"@type\":\"PropertyValueSpecification\",\"valueRequired\":true,\"valueName\":\"search_term_string\"}}],\"inLanguage\":\"en-US\"},{\"@type\":\"Organization\",\"@id\":\"https:\\\/\\\/www.organisator.ch\\\/#organization\",\"name\":\"Organisator\",\"url\":\"https:\\\/\\\/www.organisator.ch\\\/\",\"logo\":{\"@type\":\"ImageObject\",\"inLanguage\":\"en-US\",\"@id\":\"https:\\\/\\\/www.organisator.ch\\\/#\\\/schema\\\/logo\\\/image\\\/\",\"url\":\"https:\\\/\\\/www.organisator.ch\\\/wp-content\\\/uploads\\\/2022\\\/01\\\/Logo_Organisator_Website.png\",\"contentUrl\":\"https:\\\/\\\/www.organisator.ch\\\/wp-content\\\/uploads\\\/2022\\\/01\\\/Logo_Organisator_Website.png\",\"width\":800,\"height\":77,\"caption\":\"Organisator\"},\"image\":{\"@id\":\"https:\\\/\\\/www.organisator.ch\\\/#\\\/schema\\\/logo\\\/image\\\/\"},\"sameAs\":[\"https:\\\/\\\/www.facebook.com\\\/OrganisatorFachmagazin\",\"https:\\\/\\\/www.linkedin.com\\\/showcase\\\/organisator-das-magazin-fr-kmu\",\"https:\\\/\\\/www.xing.com\\\/news\\\/pages\\\/organisator-ch-695\",\"https:\\\/\\\/www.youtube.com\\\/channel\\\/UCGP2Sq0iWaZwT3BdIAQFYpw\"]},{\"@type\":\"Person\",\"@id\":\"https:\\\/\\\/www.organisator.ch\\\/#\\\/schema\\\/person\\\/6f650f90b2842cd4c0cc334b4e36f67e\",\"name\":\"thomas.berner\",\"image\":{\"@type\":\"ImageObject\",\"inLanguage\":\"en-US\",\"@id\":\"https:\\\/\\\/secure.gravatar.com\\\/avatar\\\/ac5001d2a36cb6c6cd3e50789007ffca834b477b74a2144564522e944eabff61?s=96&d=mm&r=g\",\"url\":\"https:\\\/\\\/secure.gravatar.com\\\/avatar\\\/ac5001d2a36cb6c6cd3e50789007ffca834b477b74a2144564522e944eabff61?s=96&d=mm&r=g\",\"contentUrl\":\"https:\\\/\\\/secure.gravatar.com\\\/avatar\\\/ac5001d2a36cb6c6cd3e50789007ffca834b477b74a2144564522e944eabff61?s=96&d=mm&r=g\",\"caption\":\"thomas.berner\"},\"url\":\"https:\\\/\\\/www.organisator.ch\\\/en\\\/author\\\/thomas-berner\\\/\"}]}<\/script>\n<!-- \/ Yoast SEO plugin. -->","yoast_head_json":{"title":"How to advance your career in the summer - Organizer","description":"A vacation is supposed to be a time to relax. But you can also use it to give your career a boost, especially in the summer.","robots":{"index":"index","follow":"follow","max-snippet":"max-snippet:-1","max-image-preview":"max-image-preview:large","max-video-preview":"max-video-preview:-1"},"canonical":"https:\/\/www.organisator.ch\/en\/human-resources\/2025-07-18\/so-bringen-sie-ihre-karriere-im-sommer-voran\/","og_locale":"en_US","og_type":"article","og_title":"So bringen Sie Ihre Karriere im Sommer voran - Organisator","og_description":"Im Urlaub soll man sich erholen. Doch man kann ihn auch nutzen, um gerade im Sommer der eigenen Karriere neuen Schub zu geben.","og_url":"https:\/\/www.organisator.ch\/en\/human-resources\/2025-07-18\/so-bringen-sie-ihre-karriere-im-sommer-voran\/","og_site_name":"Organisator","article_publisher":"https:\/\/www.facebook.com\/OrganisatorFachmagazin","article_published_time":"2025-07-18T06:01:27+00:00","article_modified_time":"2025-09-09T06:34:40+00:00","og_image":[{"width":680,"height":419,"url":"https:\/\/www.organisator.ch\/wp-content\/uploads\/2025\/07\/So-bringen-Sie-Ihre-Karriere-im-Sommer-voran_Organisator.jpg","type":"image\/jpeg"}],"author":"thomas.berner","twitter_card":"summary_large_image","schema":{"@context":"https:\/\/schema.org","@graph":[{"@type":"Article","@id":"https:\/\/www.organisator.ch\/human-resources\/2025-07-18\/so-bringen-sie-ihre-karriere-im-sommer-voran\/#article","isPartOf":{"@id":"https:\/\/www.organisator.ch\/human-resources\/2025-07-18\/so-bringen-sie-ihre-karriere-im-sommer-voran\/"},"author":{"name":"thomas.berner","@id":"https:\/\/www.organisator.ch\/#\/schema\/person\/6f650f90b2842cd4c0cc334b4e36f67e"},"headline":"So bringen Sie Ihre Karriere im Sommer voran","datePublished":"2025-07-18T06:01:27+00:00","dateModified":"2025-09-09T06:34:40+00:00","mainEntityOfPage":{"@id":"https:\/\/www.organisator.ch\/human-resources\/2025-07-18\/so-bringen-sie-ihre-karriere-im-sommer-voran\/"},"wordCount":468,"publisher":{"@id":"https:\/\/www.organisator.ch\/#organization"},"image":{"@id":"https:\/\/www.organisator.ch\/human-resources\/2025-07-18\/so-bringen-sie-ihre-karriere-im-sommer-voran\/#primaryimage"},"thumbnailUrl":"https:\/\/www.organisator.ch\/wp-content\/uploads\/2025\/07\/So-bringen-Sie-Ihre-Karriere-im-Sommer-voran_Organisator.jpg","keywords":["Aus-\/Weiterbildung","Checklisten","HRM","Karriere Tipps"],"articleSection":["HUMAN RESOURCES"],"inLanguage":"en-US"},{"@type":"WebPage","@id":"https:\/\/www.organisator.ch\/human-resources\/2025-07-18\/so-bringen-sie-ihre-karriere-im-sommer-voran\/","url":"https:\/\/www.organisator.ch\/human-resources\/2025-07-18\/so-bringen-sie-ihre-karriere-im-sommer-voran\/","name":"How to advance your career in the summer - Organizer","isPartOf":{"@id":"https:\/\/www.organisator.ch\/#website"},"primaryImageOfPage":{"@id":"https:\/\/www.organisator.ch\/human-resources\/2025-07-18\/so-bringen-sie-ihre-karriere-im-sommer-voran\/#primaryimage"},"image":{"@id":"https:\/\/www.organisator.ch\/human-resources\/2025-07-18\/so-bringen-sie-ihre-karriere-im-sommer-voran\/#primaryimage"},"thumbnailUrl":"https:\/\/www.organisator.ch\/wp-content\/uploads\/2025\/07\/So-bringen-Sie-Ihre-Karriere-im-Sommer-voran_Organisator.jpg","datePublished":"2025-07-18T06:01:27+00:00","dateModified":"2025-09-09T06:34:40+00:00","description":"A vacation is supposed to be a time to relax. But you can also use it to give your career a boost, especially in the summer.","breadcrumb":{"@id":"https:\/\/www.organisator.ch\/human-resources\/2025-07-18\/so-bringen-sie-ihre-karriere-im-sommer-voran\/#breadcrumb"},"inLanguage":"en-US","potentialAction":[{"@type":"ReadAction","target":["https:\/\/www.organisator.ch\/human-resources\/2025-07-18\/so-bringen-sie-ihre-karriere-im-sommer-voran\/"]}]},{"@type":"ImageObject","inLanguage":"en-US","@id":"https:\/\/www.organisator.ch\/human-resources\/2025-07-18\/so-bringen-sie-ihre-karriere-im-sommer-voran\/#primaryimage","url":"https:\/\/www.organisator.ch\/wp-content\/uploads\/2025\/07\/So-bringen-Sie-Ihre-Karriere-im-Sommer-voran_Organisator.jpg","contentUrl":"https:\/\/www.organisator.ch\/wp-content\/uploads\/2025\/07\/So-bringen-Sie-Ihre-Karriere-im-Sommer-voran_Organisator.jpg","width":680,"height":419,"caption":"Wie weiter mit der Karriere? Gerade im Sommer kann man sich gut Gedanken dar\u00fcber machen. (Bild: Gerd Altmann \/ Pixabay.com)"},{"@type":"BreadcrumbList","@id":"https:\/\/www.organisator.ch\/human-resources\/2025-07-18\/so-bringen-sie-ihre-karriere-im-sommer-voran\/#breadcrumb","itemListElement":[{"@type":"ListItem","position":1,"name":"Home","item":"https:\/\/www.organisator.ch\/"},{"@type":"ListItem","position":2,"name":"So bringen Sie Ihre Karriere im Sommer voran"}]},{"@type":"WebSite","@id":"https:\/\/www.organisator.ch\/#website","url":"https:\/\/www.organisator.ch\/","name":"Organizer","description":"Competent. Practical. In 10 issues per year, ORGANISATOR presents the essential topics for managers of SMEs.","publisher":{"@id":"https:\/\/www.organisator.ch\/#organization"},"potentialAction":[{"@type":"SearchAction","target":{"@type":"EntryPoint","urlTemplate":"https:\/\/www.organisator.ch\/?s={search_term_string}"},"query-input":{"@type":"PropertyValueSpecification","valueRequired":true,"valueName":"search_term_string"}}],"inLanguage":"en-US"},{"@type":"Organization","@id":"https:\/\/www.organisator.ch\/#organization","name":"Organizer","url":"https:\/\/www.organisator.ch\/","logo":{"@type":"ImageObject","inLanguage":"en-US","@id":"https:\/\/www.organisator.ch\/#\/schema\/logo\/image\/","url":"https:\/\/www.organisator.ch\/wp-content\/uploads\/2022\/01\/Logo_Organisator_Website.png","contentUrl":"https:\/\/www.organisator.ch\/wp-content\/uploads\/2022\/01\/Logo_Organisator_Website.png","width":800,"height":77,"caption":"Organisator"},"image":{"@id":"https:\/\/www.organisator.ch\/#\/schema\/logo\/image\/"},"sameAs":["https:\/\/www.facebook.com\/OrganisatorFachmagazin","https:\/\/www.linkedin.com\/showcase\/organisator-das-magazin-fr-kmu","https:\/\/www.xing.com\/news\/pages\/organisator-ch-695","https:\/\/www.youtube.com\/channel\/UCGP2Sq0iWaZwT3BdIAQFYpw"]},{"@type":"Person","@id":"https:\/\/www.organisator.ch\/#\/schema\/person\/6f650f90b2842cd4c0cc334b4e36f67e","name":"thomas.berner","image":{"@type":"ImageObject","inLanguage":"en-US","@id":"https:\/\/secure.gravatar.com\/avatar\/ac5001d2a36cb6c6cd3e50789007ffca834b477b74a2144564522e944eabff61?s=96&d=mm&r=g","url":"https:\/\/secure.gravatar.com\/avatar\/ac5001d2a36cb6c6cd3e50789007ffca834b477b74a2144564522e944eabff61?s=96&d=mm&r=g","contentUrl":"https:\/\/secure.gravatar.com\/avatar\/ac5001d2a36cb6c6cd3e50789007ffca834b477b74a2144564522e944eabff61?s=96&d=mm&r=g","caption":"thomas.berner"},"url":"https:\/\/www.organisator.ch\/en\/author\/thomas-berner\/"}]}},"_links":{"self":[{"href":"https:\/\/www.organisator.ch\/en\/wp-json\/wp\/v2\/posts\/39564","targetHints":{"allow":["GET"]}}],"collection":[{"href":"https:\/\/www.organisator.ch\/en\/wp-json\/wp\/v2\/posts"}],"about":[{"href":"https:\/\/www.organisator.ch\/en\/wp-json\/wp\/v2\/types\/post"}],"author":[{"embeddable":true,"href":"https:\/\/www.organisator.ch\/en\/wp-json\/wp\/v2\/users\/4"}],"replies":[{"embeddable":true,"href":"https:\/\/www.organisator.ch\/en\/wp-json\/wp\/v2\/comments?post=39564"}],"version-history":[{"count":5,"href":"https:\/\/www.organisator.ch\/en\/wp-json\/wp\/v2\/posts\/39564\/revisions"}],"predecessor-version":[{"id":40468,"href":"https:\/\/www.organisator.ch\/en\/wp-json\/wp\/v2\/posts\/39564\/revisions\/40468"}],"wp:featuredmedia":[{"embeddable":true,"href":"https:\/\/www.organisator.ch\/en\/wp-json\/wp\/v2\/media\/39565"}],"wp:attachment":[{"href":"https:\/\/www.organisator.ch\/en\/wp-json\/wp\/v2\/media?parent=39564"}],"wp:term":[{"taxonomy":"category","embeddable":true,"href":"https:\/\/www.organisator.ch\/en\/wp-json\/wp\/v2\/categories?post=39564"},{"taxonomy":"post_tag","embeddable":true,"href":"https:\/\/www.organisator.ch\/en\/wp-json\/wp\/v2\/tags?post=39564"}],"curies":[{"name":"wp","href":"https:\/\/api.w.org\/{rel}","templated":true}]}}