{"id":39567,"date":"2025-07-21T03:32:05","date_gmt":"2025-07-21T01:32:05","guid":{"rendered":"https:\/\/www.organisator.ch\/?p=39567"},"modified":"2025-07-11T13:50:04","modified_gmt":"2025-07-11T11:50:04","slug":"fuehrungswechsel-am-departement-informatik-der-hochschule-luzern","status":"publish","type":"post","link":"https:\/\/www.organisator.ch\/en\/weiterbildung\/2025-07-21\/fuehrungswechsel-am-departement-informatik-der-hochschule-luzern\/","title":{"rendered":"Change of leadership at the Department of Computer Science at Lucerne University of Applied Sciences and Arts"},"content":{"rendered":"<figure id=\"attachment_39568\" aria-describedby=\"caption-attachment-39568\" style=\"width: 680px\" class=\"wp-caption alignnone\"><img loading=\"lazy\" decoding=\"async\" class=\"size-full wp-image-39568\" src=\"https:\/\/www.organisator.ch\/wp-content\/uploads\/2025\/07\/Fuehrungswechsel-am-Departement-Informatik-der-Hochschule-Luzern_Organisator.jpg\" alt=\"\" width=\"680\" height=\"502\" srcset=\"https:\/\/www.organisator.ch\/wp-content\/uploads\/2025\/07\/Fuehrungswechsel-am-Departement-Informatik-der-Hochschule-Luzern_Organisator.jpg 680w, https:\/\/www.organisator.ch\/wp-content\/uploads\/2025\/07\/Fuehrungswechsel-am-Departement-Informatik-der-Hochschule-Luzern_Organisator-16x12.jpg 16w, https:\/\/www.organisator.ch\/wp-content\/uploads\/2025\/07\/Fuehrungswechsel-am-Departement-Informatik-der-Hochschule-Luzern_Organisator-375x277.jpg 375w, https:\/\/www.organisator.ch\/wp-content\/uploads\/2025\/07\/Fuehrungswechsel-am-Departement-Informatik-der-Hochschule-Luzern_Organisator-474x350.jpg 474w\" sizes=\"auto, (max-width: 680px) 100vw, 680px\" \/><figcaption id=\"caption-attachment-39568\" class=\"wp-caption-text\">From September 1, 2025, Sarah Hauser will take over as Head of the Department of Computer Science at HSLU. (Image: zVg \/ HSLU)<\/figcaption><\/figure>\n<p>Following a multi-stage process, the University of Applied Sciences and Arts Council has appointed Sarah Hauser as the future Director of the Department of Computer Science at Lucerne University of Applied Sciences and Arts (HSLU). Sarah Hauser combines extensive management experience in the higher education sector with many years of teaching and research activities at various universities of applied sciences. As the current Vice Director and Head of Education at the Department of Computer Science at HSLU, Sarah Hauser is very familiar with the organization and has already been actively involved in important innovations and developments in recent years. As Ren\u00e9 H\u00fcsler's deputy, she has already managed the department on an interim basis on several occasions and served as a member of the Executive Board. She will take over the reins on September 1, 2025.<\/p>\n<p>Sarah Hauser's professional career began in 2001 at ETH Zurich, where she completed her Master of Science in Computer Science, specializing in Information Security and Software Engineering. She also attended courses at the University of the Arts in Berlin - a station that was formative for her multi-perspective approach and her great interest in interdisciplinary issues. Sarah Hauser gained practical experience as a computer scientist as a software developer at Skybow AG in K\u00fcsnacht and at EB Zurich and as an IT consultant at ERNI Consulting AG in Zurich.<\/p>\n<h3>Hauser and H\u00fcsler: launching new degree programs as a tandem<\/h3>\n<p>Under the leadership of Ren\u00e9 H\u00fcsler, the Department of Computer Science has grown considerably: the number of students has almost tripled since its foundation (from 521 to over 1300), the range of continuing education courses has expanded from 42 to 90, and the proportion of research funding has risen from 3.2 million to 8.6 million francs. Today, 330 employees work for the Department of Computer Science and around 200 graduates graduate every year.<\/p>\n<p>Ren\u00e9 H\u00fcsler and his management team, which also included Sarah Hauser, developed and established innovative degree programs such as Digital Ideation, Artificial Intelligence &amp; Machine Learning, Information &amp; Cyber Security and Immersive Technologies. Some of these courses are unique in Switzerland and address or even anticipate the needs of companies. With the introduction of several English-language degree courses, the department management took account of an internationalized job market in the globally networked industry. Another milestone was the \"Blockchain Zug - Joint Research Initiative\", a cooperation between HSLU and the University of Lucerne, which the Canton of Zug is funding with almost CHF 40 million in order to become a leading global center for blockchain research.<\/p>\n<h3>New task: expertise for digital transformation<\/h3>\n<p>Ren\u00e9 H\u00fcsler is taking on a new challenge and will contribute his expertise to HSLU as Head of Digital Developments &amp; Services. \"We have recognized that digital transformation is a key prerequisite for the medium and long-term success of our university,\" says HSLU President Barbara Bader. In Ren\u00e9 H\u00fcsler, the perfect person has been found. \"As Director of the Department of Computer Science, he has had his finger on the pulse in recent years and knows which technological developments are really relevant and how to recognize potential at an early stage and use it strategically.\"<\/p>\n<p><em>Source: <a href=\"http:\/\/www.hslu.ch\">Lucerne University<\/a><\/em><\/p>","protected":false},"excerpt":{"rendered":"<p>Ren\u00e9 H\u00fcsler is taking on a new role within the HSLU after 11 years of developing and managing the Department of Computer Science. The Board of the Lucerne University of Applied Sciences and Arts has elected Sarah Hauser as his successor.<\/p>","protected":false},"author":4,"featured_media":39568,"comment_status":"closed","ping_status":"closed","sticky":false,"template":"","format":"standard","meta":{"_acf_changed":false,"_yoast_wpseo_focuskw":"Departement Informatik","_yoast_wpseo_metadesc":"Sarah Hauser \u00fcbernimmt das Departement Informatik der HSLU. Ihr Vorg\u00e4nger Ren\u00e9 H\u00fcsler \u00fcbernimmt an der Hochschule eine neue Funktion.","articlekey":"","footnotes":""},"categories":[30],"tags":[192,5060,4310,381],"class_list":["post-39567","post","type-post","status-publish","format-standard","has-post-thumbnail","hentry","category-weiterbildung","tag-fachhochschulen","tag-fuehrungswechsel","tag-informatik","tag-personalia"],"acf":[],"yoast_head":"<!-- This site is optimized with the Yoast SEO plugin v27.4 - https:\/\/yoast.com\/product\/yoast-seo-wordpress\/ -->\n<title>F\u00fchrungswechsel am Departement Informatik der Hochschule Luzern - Organisator<\/title>\n<meta name=\"description\" content=\"Sarah Hauser \u00fcbernimmt das Departement Informatik der HSLU. Ihr Vorg\u00e4nger Ren\u00e9 H\u00fcsler \u00fcbernimmt an der Hochschule eine neue Funktion.\" \/>\n<meta name=\"robots\" content=\"index, follow, max-snippet:-1, max-image-preview:large, max-video-preview:-1\" \/>\n<link rel=\"canonical\" href=\"https:\/\/www.organisator.ch\/en\/further-education\/2025-07-21\/fuehrungswechsel-am-departement-informatik-der-hochschule-luzern\/\" \/>\n<meta property=\"og:locale\" content=\"en_US\" \/>\n<meta property=\"og:type\" content=\"article\" \/>\n<meta property=\"og:title\" content=\"F\u00fchrungswechsel am Departement Informatik der Hochschule Luzern\" \/>\n<meta property=\"og:description\" content=\"Sarah Hauser \u00fcbernimmt das Departement Informatik der HSLU. Ihr Vorg\u00e4nger Ren\u00e9 H\u00fcsler \u00fcbernimmt an der Hochschule eine neue Funktion.\" \/>\n<meta property=\"og:url\" content=\"https:\/\/www.organisator.ch\/en\/further-education\/2025-07-21\/fuehrungswechsel-am-departement-informatik-der-hochschule-luzern\/\" \/>\n<meta property=\"og:site_name\" content=\"Organisator\" \/>\n<meta property=\"article:publisher\" content=\"https:\/\/www.facebook.com\/OrganisatorFachmagazin\" \/>\n<meta property=\"article:published_time\" content=\"2025-07-21T01:32:05+00:00\" \/>\n<meta property=\"og:image\" content=\"https:\/\/www.organisator.ch\/wp-content\/uploads\/2025\/07\/Fuehrungswechsel-am-Departement-Informatik-der-Hochschule-Luzern_Organisator.jpg\" \/>\n\t<meta property=\"og:image:width\" content=\"680\" \/>\n\t<meta property=\"og:image:height\" content=\"502\" \/>\n\t<meta property=\"og:image:type\" content=\"image\/jpeg\" \/>\n<meta name=\"author\" content=\"thomas.berner\" \/>\n<meta name=\"twitter:card\" content=\"summary_large_image\" \/>\n<meta name=\"twitter:title\" content=\"#F\u00fchrungswechsel am Departement #Informatik der Hochschule Luzern\" \/>\n<meta name=\"twitter:description\" content=\"Sarah Hauser \u00fcbernimmt das Departement #Informatik der #HSLU. Ihr Vorg\u00e4nger Ren\u00e9 H\u00fcsler \u00fcbernimmt an der Hochschule eine neue Funktion.\" \/>\n<meta name=\"twitter:image\" content=\"https:\/\/www.organisator.ch\/wp-content\/uploads\/2025\/07\/Fuehrungswechsel-am-Departement-Informatik-der-Hochschule-Luzern_Organisator.jpg\" \/>\n<script type=\"application\/ld+json\" class=\"yoast-schema-graph\">{\"@context\":\"https:\\\/\\\/schema.org\",\"@graph\":[{\"@type\":\"Article\",\"@id\":\"https:\\\/\\\/www.organisator.ch\\\/weiterbildung\\\/2025-07-21\\\/fuehrungswechsel-am-departement-informatik-der-hochschule-luzern\\\/#article\",\"isPartOf\":{\"@id\":\"https:\\\/\\\/www.organisator.ch\\\/weiterbildung\\\/2025-07-21\\\/fuehrungswechsel-am-departement-informatik-der-hochschule-luzern\\\/\"},\"author\":{\"name\":\"thomas.berner\",\"@id\":\"https:\\\/\\\/www.organisator.ch\\\/#\\\/schema\\\/person\\\/6f650f90b2842cd4c0cc334b4e36f67e\"},\"headline\":\"F\u00fchrungswechsel am Departement Informatik der Hochschule Luzern\",\"datePublished\":\"2025-07-21T01:32:05+00:00\",\"mainEntityOfPage\":{\"@id\":\"https:\\\/\\\/www.organisator.ch\\\/weiterbildung\\\/2025-07-21\\\/fuehrungswechsel-am-departement-informatik-der-hochschule-luzern\\\/\"},\"wordCount\":521,\"publisher\":{\"@id\":\"https:\\\/\\\/www.organisator.ch\\\/#organization\"},\"image\":{\"@id\":\"https:\\\/\\\/www.organisator.ch\\\/weiterbildung\\\/2025-07-21\\\/fuehrungswechsel-am-departement-informatik-der-hochschule-luzern\\\/#primaryimage\"},\"thumbnailUrl\":\"https:\\\/\\\/www.organisator.ch\\\/wp-content\\\/uploads\\\/2025\\\/07\\\/Fuehrungswechsel-am-Departement-Informatik-der-Hochschule-Luzern_Organisator.jpg\",\"keywords\":[\"Fachhochschulen\",\"F\u00fchrungswechsel\",\"Informatik\",\"Personalia\"],\"articleSection\":[\"WEITERBILDUNG\"],\"inLanguage\":\"en-US\"},{\"@type\":\"WebPage\",\"@id\":\"https:\\\/\\\/www.organisator.ch\\\/weiterbildung\\\/2025-07-21\\\/fuehrungswechsel-am-departement-informatik-der-hochschule-luzern\\\/\",\"url\":\"https:\\\/\\\/www.organisator.ch\\\/weiterbildung\\\/2025-07-21\\\/fuehrungswechsel-am-departement-informatik-der-hochschule-luzern\\\/\",\"name\":\"F\u00fchrungswechsel am Departement Informatik der Hochschule Luzern - Organisator\",\"isPartOf\":{\"@id\":\"https:\\\/\\\/www.organisator.ch\\\/#website\"},\"primaryImageOfPage\":{\"@id\":\"https:\\\/\\\/www.organisator.ch\\\/weiterbildung\\\/2025-07-21\\\/fuehrungswechsel-am-departement-informatik-der-hochschule-luzern\\\/#primaryimage\"},\"image\":{\"@id\":\"https:\\\/\\\/www.organisator.ch\\\/weiterbildung\\\/2025-07-21\\\/fuehrungswechsel-am-departement-informatik-der-hochschule-luzern\\\/#primaryimage\"},\"thumbnailUrl\":\"https:\\\/\\\/www.organisator.ch\\\/wp-content\\\/uploads\\\/2025\\\/07\\\/Fuehrungswechsel-am-Departement-Informatik-der-Hochschule-Luzern_Organisator.jpg\",\"datePublished\":\"2025-07-21T01:32:05+00:00\",\"description\":\"Sarah Hauser \u00fcbernimmt das Departement Informatik der HSLU. Ihr Vorg\u00e4nger Ren\u00e9 H\u00fcsler \u00fcbernimmt an der Hochschule eine neue Funktion.\",\"breadcrumb\":{\"@id\":\"https:\\\/\\\/www.organisator.ch\\\/weiterbildung\\\/2025-07-21\\\/fuehrungswechsel-am-departement-informatik-der-hochschule-luzern\\\/#breadcrumb\"},\"inLanguage\":\"en-US\",\"potentialAction\":[{\"@type\":\"ReadAction\",\"target\":[\"https:\\\/\\\/www.organisator.ch\\\/weiterbildung\\\/2025-07-21\\\/fuehrungswechsel-am-departement-informatik-der-hochschule-luzern\\\/\"]}]},{\"@type\":\"ImageObject\",\"inLanguage\":\"en-US\",\"@id\":\"https:\\\/\\\/www.organisator.ch\\\/weiterbildung\\\/2025-07-21\\\/fuehrungswechsel-am-departement-informatik-der-hochschule-luzern\\\/#primaryimage\",\"url\":\"https:\\\/\\\/www.organisator.ch\\\/wp-content\\\/uploads\\\/2025\\\/07\\\/Fuehrungswechsel-am-Departement-Informatik-der-Hochschule-Luzern_Organisator.jpg\",\"contentUrl\":\"https:\\\/\\\/www.organisator.ch\\\/wp-content\\\/uploads\\\/2025\\\/07\\\/Fuehrungswechsel-am-Departement-Informatik-der-Hochschule-Luzern_Organisator.jpg\",\"width\":680,\"height\":502,\"caption\":\"Ab 1. September 2025 \u00fcbernimmt Sarah Hauser die Leitung im Departement Informatik der HSLU. (Bild: zVg \\\/ HSLU)\"},{\"@type\":\"BreadcrumbList\",\"@id\":\"https:\\\/\\\/www.organisator.ch\\\/weiterbildung\\\/2025-07-21\\\/fuehrungswechsel-am-departement-informatik-der-hochschule-luzern\\\/#breadcrumb\",\"itemListElement\":[{\"@type\":\"ListItem\",\"position\":1,\"name\":\"Home\",\"item\":\"https:\\\/\\\/www.organisator.ch\\\/\"},{\"@type\":\"ListItem\",\"position\":2,\"name\":\"F\u00fchrungswechsel am Departement Informatik der Hochschule Luzern\"}]},{\"@type\":\"WebSite\",\"@id\":\"https:\\\/\\\/www.organisator.ch\\\/#website\",\"url\":\"https:\\\/\\\/www.organisator.ch\\\/\",\"name\":\"Organisator\",\"description\":\"Kompetent. Praxisnah. Der ORGANISATOR bereitet in 10 Ausgaben pro Jahr die wesentlichen Themen f\u00fcr F\u00fchrungskr\u00e4fte von KMU auf.\",\"publisher\":{\"@id\":\"https:\\\/\\\/www.organisator.ch\\\/#organization\"},\"potentialAction\":[{\"@type\":\"SearchAction\",\"target\":{\"@type\":\"EntryPoint\",\"urlTemplate\":\"https:\\\/\\\/www.organisator.ch\\\/?s={search_term_string}\"},\"query-input\":{\"@type\":\"PropertyValueSpecification\",\"valueRequired\":true,\"valueName\":\"search_term_string\"}}],\"inLanguage\":\"en-US\"},{\"@type\":\"Organization\",\"@id\":\"https:\\\/\\\/www.organisator.ch\\\/#organization\",\"name\":\"Organisator\",\"url\":\"https:\\\/\\\/www.organisator.ch\\\/\",\"logo\":{\"@type\":\"ImageObject\",\"inLanguage\":\"en-US\",\"@id\":\"https:\\\/\\\/www.organisator.ch\\\/#\\\/schema\\\/logo\\\/image\\\/\",\"url\":\"https:\\\/\\\/www.organisator.ch\\\/wp-content\\\/uploads\\\/2022\\\/01\\\/Logo_Organisator_Website.png\",\"contentUrl\":\"https:\\\/\\\/www.organisator.ch\\\/wp-content\\\/uploads\\\/2022\\\/01\\\/Logo_Organisator_Website.png\",\"width\":800,\"height\":77,\"caption\":\"Organisator\"},\"image\":{\"@id\":\"https:\\\/\\\/www.organisator.ch\\\/#\\\/schema\\\/logo\\\/image\\\/\"},\"sameAs\":[\"https:\\\/\\\/www.facebook.com\\\/OrganisatorFachmagazin\",\"https:\\\/\\\/www.linkedin.com\\\/showcase\\\/organisator-das-magazin-fr-kmu\",\"https:\\\/\\\/www.xing.com\\\/news\\\/pages\\\/organisator-ch-695\",\"https:\\\/\\\/www.youtube.com\\\/channel\\\/UCGP2Sq0iWaZwT3BdIAQFYpw\"]},{\"@type\":\"Person\",\"@id\":\"https:\\\/\\\/www.organisator.ch\\\/#\\\/schema\\\/person\\\/6f650f90b2842cd4c0cc334b4e36f67e\",\"name\":\"thomas.berner\",\"image\":{\"@type\":\"ImageObject\",\"inLanguage\":\"en-US\",\"@id\":\"https:\\\/\\\/secure.gravatar.com\\\/avatar\\\/ac5001d2a36cb6c6cd3e50789007ffca834b477b74a2144564522e944eabff61?s=96&d=mm&r=g\",\"url\":\"https:\\\/\\\/secure.gravatar.com\\\/avatar\\\/ac5001d2a36cb6c6cd3e50789007ffca834b477b74a2144564522e944eabff61?s=96&d=mm&r=g\",\"contentUrl\":\"https:\\\/\\\/secure.gravatar.com\\\/avatar\\\/ac5001d2a36cb6c6cd3e50789007ffca834b477b74a2144564522e944eabff61?s=96&d=mm&r=g\",\"caption\":\"thomas.berner\"},\"url\":\"https:\\\/\\\/www.organisator.ch\\\/en\\\/author\\\/thomas-berner\\\/\"}]}<\/script>\n<!-- \/ Yoast SEO plugin. -->","yoast_head_json":{"title":"Change of leadership at the Department of Computer Science at Lucerne University of Applied Sciences and Arts - Organizer","description":"Sarah Hauser takes over the Department of Computer Science at HSLU. Her predecessor Ren\u00e9 H\u00fcsler is taking on a new role at the university.","robots":{"index":"index","follow":"follow","max-snippet":"max-snippet:-1","max-image-preview":"max-image-preview:large","max-video-preview":"max-video-preview:-1"},"canonical":"https:\/\/www.organisator.ch\/en\/further-education\/2025-07-21\/fuehrungswechsel-am-departement-informatik-der-hochschule-luzern\/","og_locale":"en_US","og_type":"article","og_title":"F\u00fchrungswechsel am Departement Informatik der Hochschule Luzern","og_description":"Sarah Hauser \u00fcbernimmt das Departement Informatik der HSLU. Ihr Vorg\u00e4nger Ren\u00e9 H\u00fcsler \u00fcbernimmt an der Hochschule eine neue Funktion.","og_url":"https:\/\/www.organisator.ch\/en\/further-education\/2025-07-21\/fuehrungswechsel-am-departement-informatik-der-hochschule-luzern\/","og_site_name":"Organisator","article_publisher":"https:\/\/www.facebook.com\/OrganisatorFachmagazin","article_published_time":"2025-07-21T01:32:05+00:00","og_image":[{"width":680,"height":502,"url":"https:\/\/www.organisator.ch\/wp-content\/uploads\/2025\/07\/Fuehrungswechsel-am-Departement-Informatik-der-Hochschule-Luzern_Organisator.jpg","type":"image\/jpeg"}],"author":"thomas.berner","twitter_card":"summary_large_image","twitter_title":"#F\u00fchrungswechsel am Departement #Informatik der Hochschule Luzern","twitter_description":"Sarah Hauser \u00fcbernimmt das Departement #Informatik der #HSLU. Ihr Vorg\u00e4nger Ren\u00e9 H\u00fcsler \u00fcbernimmt an der Hochschule eine neue Funktion.","twitter_image":"https:\/\/www.organisator.ch\/wp-content\/uploads\/2025\/07\/Fuehrungswechsel-am-Departement-Informatik-der-Hochschule-Luzern_Organisator.jpg","schema":{"@context":"https:\/\/schema.org","@graph":[{"@type":"Article","@id":"https:\/\/www.organisator.ch\/weiterbildung\/2025-07-21\/fuehrungswechsel-am-departement-informatik-der-hochschule-luzern\/#article","isPartOf":{"@id":"https:\/\/www.organisator.ch\/weiterbildung\/2025-07-21\/fuehrungswechsel-am-departement-informatik-der-hochschule-luzern\/"},"author":{"name":"thomas.berner","@id":"https:\/\/www.organisator.ch\/#\/schema\/person\/6f650f90b2842cd4c0cc334b4e36f67e"},"headline":"F\u00fchrungswechsel am Departement Informatik der Hochschule Luzern","datePublished":"2025-07-21T01:32:05+00:00","mainEntityOfPage":{"@id":"https:\/\/www.organisator.ch\/weiterbildung\/2025-07-21\/fuehrungswechsel-am-departement-informatik-der-hochschule-luzern\/"},"wordCount":521,"publisher":{"@id":"https:\/\/www.organisator.ch\/#organization"},"image":{"@id":"https:\/\/www.organisator.ch\/weiterbildung\/2025-07-21\/fuehrungswechsel-am-departement-informatik-der-hochschule-luzern\/#primaryimage"},"thumbnailUrl":"https:\/\/www.organisator.ch\/wp-content\/uploads\/2025\/07\/Fuehrungswechsel-am-Departement-Informatik-der-Hochschule-Luzern_Organisator.jpg","keywords":["Fachhochschulen","F\u00fchrungswechsel","Informatik","Personalia"],"articleSection":["WEITERBILDUNG"],"inLanguage":"en-US"},{"@type":"WebPage","@id":"https:\/\/www.organisator.ch\/weiterbildung\/2025-07-21\/fuehrungswechsel-am-departement-informatik-der-hochschule-luzern\/","url":"https:\/\/www.organisator.ch\/weiterbildung\/2025-07-21\/fuehrungswechsel-am-departement-informatik-der-hochschule-luzern\/","name":"Change of leadership at the Department of Computer Science at Lucerne University of Applied Sciences and Arts - Organizer","isPartOf":{"@id":"https:\/\/www.organisator.ch\/#website"},"primaryImageOfPage":{"@id":"https:\/\/www.organisator.ch\/weiterbildung\/2025-07-21\/fuehrungswechsel-am-departement-informatik-der-hochschule-luzern\/#primaryimage"},"image":{"@id":"https:\/\/www.organisator.ch\/weiterbildung\/2025-07-21\/fuehrungswechsel-am-departement-informatik-der-hochschule-luzern\/#primaryimage"},"thumbnailUrl":"https:\/\/www.organisator.ch\/wp-content\/uploads\/2025\/07\/Fuehrungswechsel-am-Departement-Informatik-der-Hochschule-Luzern_Organisator.jpg","datePublished":"2025-07-21T01:32:05+00:00","description":"Sarah Hauser takes over the Department of Computer Science at HSLU. Her predecessor Ren\u00e9 H\u00fcsler is taking on a new role at the university.","breadcrumb":{"@id":"https:\/\/www.organisator.ch\/weiterbildung\/2025-07-21\/fuehrungswechsel-am-departement-informatik-der-hochschule-luzern\/#breadcrumb"},"inLanguage":"en-US","potentialAction":[{"@type":"ReadAction","target":["https:\/\/www.organisator.ch\/weiterbildung\/2025-07-21\/fuehrungswechsel-am-departement-informatik-der-hochschule-luzern\/"]}]},{"@type":"ImageObject","inLanguage":"en-US","@id":"https:\/\/www.organisator.ch\/weiterbildung\/2025-07-21\/fuehrungswechsel-am-departement-informatik-der-hochschule-luzern\/#primaryimage","url":"https:\/\/www.organisator.ch\/wp-content\/uploads\/2025\/07\/Fuehrungswechsel-am-Departement-Informatik-der-Hochschule-Luzern_Organisator.jpg","contentUrl":"https:\/\/www.organisator.ch\/wp-content\/uploads\/2025\/07\/Fuehrungswechsel-am-Departement-Informatik-der-Hochschule-Luzern_Organisator.jpg","width":680,"height":502,"caption":"Ab 1. September 2025 \u00fcbernimmt Sarah Hauser die Leitung im Departement Informatik der HSLU. (Bild: zVg \/ HSLU)"},{"@type":"BreadcrumbList","@id":"https:\/\/www.organisator.ch\/weiterbildung\/2025-07-21\/fuehrungswechsel-am-departement-informatik-der-hochschule-luzern\/#breadcrumb","itemListElement":[{"@type":"ListItem","position":1,"name":"Home","item":"https:\/\/www.organisator.ch\/"},{"@type":"ListItem","position":2,"name":"F\u00fchrungswechsel am Departement Informatik der Hochschule Luzern"}]},{"@type":"WebSite","@id":"https:\/\/www.organisator.ch\/#website","url":"https:\/\/www.organisator.ch\/","name":"Organizer","description":"Competent. Practical. In 10 issues per year, ORGANISATOR presents the essential topics for managers of SMEs.","publisher":{"@id":"https:\/\/www.organisator.ch\/#organization"},"potentialAction":[{"@type":"SearchAction","target":{"@type":"EntryPoint","urlTemplate":"https:\/\/www.organisator.ch\/?s={search_term_string}"},"query-input":{"@type":"PropertyValueSpecification","valueRequired":true,"valueName":"search_term_string"}}],"inLanguage":"en-US"},{"@type":"Organization","@id":"https:\/\/www.organisator.ch\/#organization","name":"Organizer","url":"https:\/\/www.organisator.ch\/","logo":{"@type":"ImageObject","inLanguage":"en-US","@id":"https:\/\/www.organisator.ch\/#\/schema\/logo\/image\/","url":"https:\/\/www.organisator.ch\/wp-content\/uploads\/2022\/01\/Logo_Organisator_Website.png","contentUrl":"https:\/\/www.organisator.ch\/wp-content\/uploads\/2022\/01\/Logo_Organisator_Website.png","width":800,"height":77,"caption":"Organisator"},"image":{"@id":"https:\/\/www.organisator.ch\/#\/schema\/logo\/image\/"},"sameAs":["https:\/\/www.facebook.com\/OrganisatorFachmagazin","https:\/\/www.linkedin.com\/showcase\/organisator-das-magazin-fr-kmu","https:\/\/www.xing.com\/news\/pages\/organisator-ch-695","https:\/\/www.youtube.com\/channel\/UCGP2Sq0iWaZwT3BdIAQFYpw"]},{"@type":"Person","@id":"https:\/\/www.organisator.ch\/#\/schema\/person\/6f650f90b2842cd4c0cc334b4e36f67e","name":"thomas.berner","image":{"@type":"ImageObject","inLanguage":"en-US","@id":"https:\/\/secure.gravatar.com\/avatar\/ac5001d2a36cb6c6cd3e50789007ffca834b477b74a2144564522e944eabff61?s=96&d=mm&r=g","url":"https:\/\/secure.gravatar.com\/avatar\/ac5001d2a36cb6c6cd3e50789007ffca834b477b74a2144564522e944eabff61?s=96&d=mm&r=g","contentUrl":"https:\/\/secure.gravatar.com\/avatar\/ac5001d2a36cb6c6cd3e50789007ffca834b477b74a2144564522e944eabff61?s=96&d=mm&r=g","caption":"thomas.berner"},"url":"https:\/\/www.organisator.ch\/en\/author\/thomas-berner\/"}]}},"_links":{"self":[{"href":"https:\/\/www.organisator.ch\/en\/wp-json\/wp\/v2\/posts\/39567","targetHints":{"allow":["GET"]}}],"collection":[{"href":"https:\/\/www.organisator.ch\/en\/wp-json\/wp\/v2\/posts"}],"about":[{"href":"https:\/\/www.organisator.ch\/en\/wp-json\/wp\/v2\/types\/post"}],"author":[{"embeddable":true,"href":"https:\/\/www.organisator.ch\/en\/wp-json\/wp\/v2\/users\/4"}],"replies":[{"embeddable":true,"href":"https:\/\/www.organisator.ch\/en\/wp-json\/wp\/v2\/comments?post=39567"}],"version-history":[{"count":5,"href":"https:\/\/www.organisator.ch\/en\/wp-json\/wp\/v2\/posts\/39567\/revisions"}],"predecessor-version":[{"id":39659,"href":"https:\/\/www.organisator.ch\/en\/wp-json\/wp\/v2\/posts\/39567\/revisions\/39659"}],"wp:featuredmedia":[{"embeddable":true,"href":"https:\/\/www.organisator.ch\/en\/wp-json\/wp\/v2\/media\/39568"}],"wp:attachment":[{"href":"https:\/\/www.organisator.ch\/en\/wp-json\/wp\/v2\/media?parent=39567"}],"wp:term":[{"taxonomy":"category","embeddable":true,"href":"https:\/\/www.organisator.ch\/en\/wp-json\/wp\/v2\/categories?post=39567"},{"taxonomy":"post_tag","embeddable":true,"href":"https:\/\/www.organisator.ch\/en\/wp-json\/wp\/v2\/tags?post=39567"}],"curies":[{"name":"wp","href":"https:\/\/api.w.org\/{rel}","templated":true}]}}