{"id":39611,"date":"2025-07-17T10:00:17","date_gmt":"2025-07-17T08:00:17","guid":{"rendered":"https:\/\/www.organisator.ch\/?p=39611"},"modified":"2025-07-17T10:00:17","modified_gmt":"2025-07-17T08:00:17","slug":"marktlink-bringt-frischen-wind-in-die-nachfolgeplanung-von-schweizer-kmu","status":"publish","type":"post","link":"https:\/\/www.organisator.ch\/en\/management\/2025-07-17\/marktlink-bringt-frischen-wind-in-die-nachfolgeplanung-von-schweizer-kmu\/","title":{"rendered":"Marktlink brings a breath of fresh air to succession planning for Swiss SMEs"},"content":{"rendered":"<figure id=\"attachment_39613\" aria-describedby=\"caption-attachment-39613\" style=\"width: 680px\" class=\"wp-caption alignnone\"><img loading=\"lazy\" decoding=\"async\" class=\"size-full wp-image-39613\" src=\"https:\/\/www.organisator.ch\/wp-content\/uploads\/2025\/07\/Marktlink_Bild1_ps.jpg\" alt=\"\" width=\"680\" height=\"454\" srcset=\"https:\/\/www.organisator.ch\/wp-content\/uploads\/2025\/07\/Marktlink_Bild1_ps.jpg 680w, https:\/\/www.organisator.ch\/wp-content\/uploads\/2025\/07\/Marktlink_Bild1_ps-18x12.jpg 18w, https:\/\/www.organisator.ch\/wp-content\/uploads\/2025\/07\/Marktlink_Bild1_ps-375x250.jpg 375w, https:\/\/www.organisator.ch\/wp-content\/uploads\/2025\/07\/Marktlink_Bild1_ps-524x350.jpg 524w\" sizes=\"auto, (max-width: 680px) 100vw, 680px\" \/><figcaption id=\"caption-attachment-39613\" class=\"wp-caption-text\">Since the launch of Marktlink in Zurich, Marc has already successfully supported several Swiss entrepreneurs in their succession planning. (Image: www.marktlink.com)<\/figcaption><\/figure>\n<p>After a successful start with several mandates, successful company sales and positive media coverage, the company is now looking to the future: with a focus on owner-managed SMEs, an international network of buyers and Marc Reinhardt as an experienced M&amp;A partner, the company is bringing a new approach to succession planning in Switzerland.<\/p>\n<h3><strong>More relevant than ever: company succession in uncertain times<\/strong><\/h3>\n<p>In an increasingly unstable economic environment, characterized by geopolitical tensions, trade conflicts and the latest interest rate cuts by the Swiss National Bank in response to declining inflation, strategic company succession is becoming a decisive factor for stability. For many entrepreneurs, the question is no longer whether, but when and how they will hand over their company in a future-proof manner. Marktlink Switzerland is therefore positioning itself as a reliable M&amp;A advisor for SMEs, with local expertise and international reach - to support entrepreneurs and companies in strategic handovers and succession processes. \"Succession is no longer a luxury project - it is business-critical. If you wait too long, you not only risk losing the value of the company, but possibly also your life's work,\" says Marc Reinhardt, Managing Partner of Marktlink Switzerland.<\/p>\n<h3><strong>Successful transactions underline strategic focus<\/strong><\/h3>\n<p>Two recently completed M&amp;A transactions in Switzerland underline this positioning: last year, Marktlink assisted the shareholders of Zurich-based IT service provider Aspectra AG in its sale to the German Convotis Group. In June 2025, Marktlink also supported Rohr Geb\u00e4udetechnik AG - a heating, ventilation and air conditioning (HVAC) company - in its sale to the Danish InstallerGroup, which specializes in electrical, plumbing, fibre optic, ventilation and cooling systems. With the acquisition of Rohr Geb\u00e4udetechnik AG and W. Rokitzky AG, InstallerGroup has successfully entered the Swiss market for air conditioning technology, installations and building automation. The two acquired Swiss companies together employ over 130 people and generate combined sales of around CHF 60 million.<\/p>\n<p>By supporting the transaction, Marktlink has demonstrated its ability to connect local companies with international buyers and achieve tangible results for both sides. Marktlink Switzerland focuses primarily on SMEs with more than 20 employees and an annual turnover of at least CHF 5 million, particularly in the areas of industry, construction, ICT, healthcare and business-related services.<\/p>\n<h3><strong>The pressure increases <\/strong><\/h3>\n<p>According to studies by SECO and KMU Next, up to 50,000 Swiss SMEs will face the challenge of company succession by 2030 due to demographic changes and ageing ownership structures. At the same time, the buyer market is becoming more selective, expectations are rising and the ideal time frame for handovers is becoming shorter.<\/p>\n<p>Marktlink Switzerland therefore supports entrepreneurs between the ages of 40 and 65 in mastering this complexity with vision and clarity. With a local presence in Zurich and a strong cross-border network of investors, the company brings speed, empathy and pragmatism to every transaction. The entrepreneur-centered, solution-oriented advice is designed to shape succession processes with strategic vision and personal sensitivity. \"Succession is not the end, it is the beginning of a new chapter. For the company and for the entrepreneur,\" emphasizes Marc Reinhardt.<\/p>\n<p><em>Source: <a href=\"http:\/\/www.marktlink.com\">www.marktlink.com<\/a><\/em><\/p>","protected":false},"excerpt":{"rendered":"<p>With Marc Reinhardt at the helm and a clear focus on small and medium-sized enterprises (SMEs), Marktlink Switzerland is entering the next phase. <\/p>","protected":false},"author":58,"featured_media":39613,"comment_status":"closed","ping_status":"closed","sticky":false,"template":"","format":"standard","meta":{"_acf_changed":false,"_yoast_wpseo_focuskw":"Nachfolgeplanung","_yoast_wpseo_metadesc":"Mit Marc Reinhardt an der Spitze und einem klaren Fokus auf kleine und mittlere Unternehmen geht Marktlink Schweiz in die n\u00e4chste Phase.","articlekey":"","footnotes":""},"categories":[28],"tags":[301,334,4269,424,492],"class_list":["post-39611","post","type-post","status-publish","format-standard","has-post-thumbnail","hentry","category-management","tag-kmu","tag-management","tag-nachfolge","tag-schweiz","tag-unternehmen"],"acf":[],"yoast_head":"<!-- This site is optimized with the Yoast SEO plugin v27.4 - https:\/\/yoast.com\/product\/yoast-seo-wordpress\/ -->\n<title>Marktlink bringt frischen Wind in die Nachfolgeplanung von Schweizer KMU - Organisator<\/title>\n<meta name=\"description\" content=\"Mit Marc Reinhardt an der Spitze und einem klaren Fokus auf kleine und mittlere Unternehmen geht Marktlink Schweiz in die n\u00e4chste Phase.\" \/>\n<meta name=\"robots\" content=\"index, follow, max-snippet:-1, max-image-preview:large, max-video-preview:-1\" \/>\n<link rel=\"canonical\" href=\"https:\/\/www.organisator.ch\/en\/management\/2025-07-17\/marktlink-bringt-frischen-wind-in-die-nachfolgeplanung-von-schweizer-kmu\/\" \/>\n<meta property=\"og:locale\" content=\"en_US\" \/>\n<meta property=\"og:type\" content=\"article\" \/>\n<meta property=\"og:title\" content=\"Marktlink bringt frischen Wind in die Nachfolgeplanung von Schweizer KMU\" \/>\n<meta property=\"og:description\" content=\"Mit Marc Reinhardt an der Spitze und einem klaren Fokus auf kleine und mittlere Unternehmen geht Marktlink Schweiz in die n\u00e4chste Phase.\" \/>\n<meta property=\"og:url\" content=\"https:\/\/www.organisator.ch\/en\/management\/2025-07-17\/marktlink-bringt-frischen-wind-in-die-nachfolgeplanung-von-schweizer-kmu\/\" \/>\n<meta property=\"og:site_name\" content=\"Organisator\" \/>\n<meta property=\"article:publisher\" content=\"https:\/\/www.facebook.com\/OrganisatorFachmagazin\" \/>\n<meta property=\"article:published_time\" content=\"2025-07-17T08:00:17+00:00\" \/>\n<meta property=\"og:image\" content=\"https:\/\/www.organisator.ch\/wp-content\/uploads\/2025\/07\/Marktlink_Bild1_ps.jpg\" \/>\n\t<meta property=\"og:image:width\" content=\"680\" \/>\n\t<meta property=\"og:image:height\" content=\"454\" \/>\n\t<meta property=\"og:image:type\" content=\"image\/jpeg\" \/>\n<meta name=\"author\" content=\"Adelisa Kalajdzini\" \/>\n<meta name=\"twitter:card\" content=\"summary_large_image\" \/>\n<meta name=\"twitter:title\" content=\"Marktlink bringt frischen Wind in die Nachfolgeplanung von Schweizer KMU\" \/>\n<meta name=\"twitter:description\" content=\"Mit #Marc #Reinhardt an der Spitze und einem klaren #Fokus auf #kleine und #mittlere #Unternehmen geht #Marktlink Schweiz in die n\u00e4chste Phase.\" \/>\n<meta name=\"twitter:image\" content=\"https:\/\/www.organisator.ch\/wp-content\/uploads\/2025\/07\/Marktlink_Bild1_ps.jpg\" \/>\n<script type=\"application\/ld+json\" class=\"yoast-schema-graph\">{\"@context\":\"https:\\\/\\\/schema.org\",\"@graph\":[{\"@type\":\"Article\",\"@id\":\"https:\\\/\\\/www.organisator.ch\\\/management\\\/2025-07-17\\\/marktlink-bringt-frischen-wind-in-die-nachfolgeplanung-von-schweizer-kmu\\\/#article\",\"isPartOf\":{\"@id\":\"https:\\\/\\\/www.organisator.ch\\\/management\\\/2025-07-17\\\/marktlink-bringt-frischen-wind-in-die-nachfolgeplanung-von-schweizer-kmu\\\/\"},\"author\":{\"name\":\"Adelisa Kalajdzini\",\"@id\":\"https:\\\/\\\/www.organisator.ch\\\/#\\\/schema\\\/person\\\/2e1314a2172123f874db408d8911d3f3\"},\"headline\":\"Marktlink bringt frischen Wind in die Nachfolgeplanung von Schweizer KMU\",\"datePublished\":\"2025-07-17T08:00:17+00:00\",\"mainEntityOfPage\":{\"@id\":\"https:\\\/\\\/www.organisator.ch\\\/management\\\/2025-07-17\\\/marktlink-bringt-frischen-wind-in-die-nachfolgeplanung-von-schweizer-kmu\\\/\"},\"wordCount\":548,\"publisher\":{\"@id\":\"https:\\\/\\\/www.organisator.ch\\\/#organization\"},\"image\":{\"@id\":\"https:\\\/\\\/www.organisator.ch\\\/management\\\/2025-07-17\\\/marktlink-bringt-frischen-wind-in-die-nachfolgeplanung-von-schweizer-kmu\\\/#primaryimage\"},\"thumbnailUrl\":\"https:\\\/\\\/www.organisator.ch\\\/wp-content\\\/uploads\\\/2025\\\/07\\\/Marktlink_Bild1_ps.jpg\",\"keywords\":[\"KMU\",\"Management\",\"Nachfolge\",\"Schweiz\",\"Unternehmen\"],\"articleSection\":[\"MANAGEMENT\"],\"inLanguage\":\"en-US\"},{\"@type\":\"WebPage\",\"@id\":\"https:\\\/\\\/www.organisator.ch\\\/management\\\/2025-07-17\\\/marktlink-bringt-frischen-wind-in-die-nachfolgeplanung-von-schweizer-kmu\\\/\",\"url\":\"https:\\\/\\\/www.organisator.ch\\\/management\\\/2025-07-17\\\/marktlink-bringt-frischen-wind-in-die-nachfolgeplanung-von-schweizer-kmu\\\/\",\"name\":\"Marktlink bringt frischen Wind in die Nachfolgeplanung von Schweizer KMU - Organisator\",\"isPartOf\":{\"@id\":\"https:\\\/\\\/www.organisator.ch\\\/#website\"},\"primaryImageOfPage\":{\"@id\":\"https:\\\/\\\/www.organisator.ch\\\/management\\\/2025-07-17\\\/marktlink-bringt-frischen-wind-in-die-nachfolgeplanung-von-schweizer-kmu\\\/#primaryimage\"},\"image\":{\"@id\":\"https:\\\/\\\/www.organisator.ch\\\/management\\\/2025-07-17\\\/marktlink-bringt-frischen-wind-in-die-nachfolgeplanung-von-schweizer-kmu\\\/#primaryimage\"},\"thumbnailUrl\":\"https:\\\/\\\/www.organisator.ch\\\/wp-content\\\/uploads\\\/2025\\\/07\\\/Marktlink_Bild1_ps.jpg\",\"datePublished\":\"2025-07-17T08:00:17+00:00\",\"description\":\"Mit Marc Reinhardt an der Spitze und einem klaren Fokus auf kleine und mittlere Unternehmen geht Marktlink Schweiz in die n\u00e4chste Phase.\",\"breadcrumb\":{\"@id\":\"https:\\\/\\\/www.organisator.ch\\\/management\\\/2025-07-17\\\/marktlink-bringt-frischen-wind-in-die-nachfolgeplanung-von-schweizer-kmu\\\/#breadcrumb\"},\"inLanguage\":\"en-US\",\"potentialAction\":[{\"@type\":\"ReadAction\",\"target\":[\"https:\\\/\\\/www.organisator.ch\\\/management\\\/2025-07-17\\\/marktlink-bringt-frischen-wind-in-die-nachfolgeplanung-von-schweizer-kmu\\\/\"]}]},{\"@type\":\"ImageObject\",\"inLanguage\":\"en-US\",\"@id\":\"https:\\\/\\\/www.organisator.ch\\\/management\\\/2025-07-17\\\/marktlink-bringt-frischen-wind-in-die-nachfolgeplanung-von-schweizer-kmu\\\/#primaryimage\",\"url\":\"https:\\\/\\\/www.organisator.ch\\\/wp-content\\\/uploads\\\/2025\\\/07\\\/Marktlink_Bild1_ps.jpg\",\"contentUrl\":\"https:\\\/\\\/www.organisator.ch\\\/wp-content\\\/uploads\\\/2025\\\/07\\\/Marktlink_Bild1_ps.jpg\",\"width\":680,\"height\":454,\"caption\":\"Seit dem Start von Marktlink in Z\u00fcrich hat Marc bereits mehrere Schweizer Unternehmer erfolgreich in ihrer Nachfolgeplanung begleitet. (Bild: www.marktlink.com)\"},{\"@type\":\"BreadcrumbList\",\"@id\":\"https:\\\/\\\/www.organisator.ch\\\/management\\\/2025-07-17\\\/marktlink-bringt-frischen-wind-in-die-nachfolgeplanung-von-schweizer-kmu\\\/#breadcrumb\",\"itemListElement\":[{\"@type\":\"ListItem\",\"position\":1,\"name\":\"Home\",\"item\":\"https:\\\/\\\/www.organisator.ch\\\/\"},{\"@type\":\"ListItem\",\"position\":2,\"name\":\"Marktlink bringt frischen Wind in die Nachfolgeplanung von Schweizer KMU\"}]},{\"@type\":\"WebSite\",\"@id\":\"https:\\\/\\\/www.organisator.ch\\\/#website\",\"url\":\"https:\\\/\\\/www.organisator.ch\\\/\",\"name\":\"Organisator\",\"description\":\"Kompetent. Praxisnah. Der ORGANISATOR bereitet in 10 Ausgaben pro Jahr die wesentlichen Themen f\u00fcr F\u00fchrungskr\u00e4fte von KMU auf.\",\"publisher\":{\"@id\":\"https:\\\/\\\/www.organisator.ch\\\/#organization\"},\"potentialAction\":[{\"@type\":\"SearchAction\",\"target\":{\"@type\":\"EntryPoint\",\"urlTemplate\":\"https:\\\/\\\/www.organisator.ch\\\/?s={search_term_string}\"},\"query-input\":{\"@type\":\"PropertyValueSpecification\",\"valueRequired\":true,\"valueName\":\"search_term_string\"}}],\"inLanguage\":\"en-US\"},{\"@type\":\"Organization\",\"@id\":\"https:\\\/\\\/www.organisator.ch\\\/#organization\",\"name\":\"Organisator\",\"url\":\"https:\\\/\\\/www.organisator.ch\\\/\",\"logo\":{\"@type\":\"ImageObject\",\"inLanguage\":\"en-US\",\"@id\":\"https:\\\/\\\/www.organisator.ch\\\/#\\\/schema\\\/logo\\\/image\\\/\",\"url\":\"https:\\\/\\\/www.organisator.ch\\\/wp-content\\\/uploads\\\/2022\\\/01\\\/Logo_Organisator_Website.png\",\"contentUrl\":\"https:\\\/\\\/www.organisator.ch\\\/wp-content\\\/uploads\\\/2022\\\/01\\\/Logo_Organisator_Website.png\",\"width\":800,\"height\":77,\"caption\":\"Organisator\"},\"image\":{\"@id\":\"https:\\\/\\\/www.organisator.ch\\\/#\\\/schema\\\/logo\\\/image\\\/\"},\"sameAs\":[\"https:\\\/\\\/www.facebook.com\\\/OrganisatorFachmagazin\",\"https:\\\/\\\/www.linkedin.com\\\/showcase\\\/organisator-das-magazin-fr-kmu\",\"https:\\\/\\\/www.xing.com\\\/news\\\/pages\\\/organisator-ch-695\",\"https:\\\/\\\/www.youtube.com\\\/channel\\\/UCGP2Sq0iWaZwT3BdIAQFYpw\"]},{\"@type\":\"Person\",\"@id\":\"https:\\\/\\\/www.organisator.ch\\\/#\\\/schema\\\/person\\\/2e1314a2172123f874db408d8911d3f3\",\"name\":\"Adelisa Kalajdzini\",\"image\":{\"@type\":\"ImageObject\",\"inLanguage\":\"en-US\",\"@id\":\"https:\\\/\\\/secure.gravatar.com\\\/avatar\\\/09a397c22ac58cad6f160ee8306348599df9df58a8ede73696226897b9fa4b24?s=96&d=mm&r=g\",\"url\":\"https:\\\/\\\/secure.gravatar.com\\\/avatar\\\/09a397c22ac58cad6f160ee8306348599df9df58a8ede73696226897b9fa4b24?s=96&d=mm&r=g\",\"contentUrl\":\"https:\\\/\\\/secure.gravatar.com\\\/avatar\\\/09a397c22ac58cad6f160ee8306348599df9df58a8ede73696226897b9fa4b24?s=96&d=mm&r=g\",\"caption\":\"Adelisa Kalajdzini\"},\"url\":\"https:\\\/\\\/www.organisator.ch\\\/en\\\/author\\\/adelisa-kalajdzini\\\/\"}]}<\/script>\n<!-- \/ Yoast SEO plugin. -->","yoast_head_json":{"title":"Marktlink brings a breath of fresh air to succession planning for Swiss SMEs - Organizer","description":"With Marc Reinhardt at the helm and a clear focus on small and medium-sized enterprises, Marktlink Switzerland is entering the next phase.","robots":{"index":"index","follow":"follow","max-snippet":"max-snippet:-1","max-image-preview":"max-image-preview:large","max-video-preview":"max-video-preview:-1"},"canonical":"https:\/\/www.organisator.ch\/en\/management\/2025-07-17\/marktlink-bringt-frischen-wind-in-die-nachfolgeplanung-von-schweizer-kmu\/","og_locale":"en_US","og_type":"article","og_title":"Marktlink bringt frischen Wind in die Nachfolgeplanung von Schweizer KMU","og_description":"Mit Marc Reinhardt an der Spitze und einem klaren Fokus auf kleine und mittlere Unternehmen geht Marktlink Schweiz in die n\u00e4chste Phase.","og_url":"https:\/\/www.organisator.ch\/en\/management\/2025-07-17\/marktlink-bringt-frischen-wind-in-die-nachfolgeplanung-von-schweizer-kmu\/","og_site_name":"Organisator","article_publisher":"https:\/\/www.facebook.com\/OrganisatorFachmagazin","article_published_time":"2025-07-17T08:00:17+00:00","og_image":[{"width":680,"height":454,"url":"https:\/\/www.organisator.ch\/wp-content\/uploads\/2025\/07\/Marktlink_Bild1_ps.jpg","type":"image\/jpeg"}],"author":"Adelisa Kalajdzini","twitter_card":"summary_large_image","twitter_title":"Marktlink bringt frischen Wind in die Nachfolgeplanung von Schweizer KMU","twitter_description":"Mit #Marc #Reinhardt an der Spitze und einem klaren #Fokus auf #kleine und #mittlere #Unternehmen geht #Marktlink Schweiz in die n\u00e4chste Phase.","twitter_image":"https:\/\/www.organisator.ch\/wp-content\/uploads\/2025\/07\/Marktlink_Bild1_ps.jpg","schema":{"@context":"https:\/\/schema.org","@graph":[{"@type":"Article","@id":"https:\/\/www.organisator.ch\/management\/2025-07-17\/marktlink-bringt-frischen-wind-in-die-nachfolgeplanung-von-schweizer-kmu\/#article","isPartOf":{"@id":"https:\/\/www.organisator.ch\/management\/2025-07-17\/marktlink-bringt-frischen-wind-in-die-nachfolgeplanung-von-schweizer-kmu\/"},"author":{"name":"Adelisa Kalajdzini","@id":"https:\/\/www.organisator.ch\/#\/schema\/person\/2e1314a2172123f874db408d8911d3f3"},"headline":"Marktlink bringt frischen Wind in die Nachfolgeplanung von Schweizer KMU","datePublished":"2025-07-17T08:00:17+00:00","mainEntityOfPage":{"@id":"https:\/\/www.organisator.ch\/management\/2025-07-17\/marktlink-bringt-frischen-wind-in-die-nachfolgeplanung-von-schweizer-kmu\/"},"wordCount":548,"publisher":{"@id":"https:\/\/www.organisator.ch\/#organization"},"image":{"@id":"https:\/\/www.organisator.ch\/management\/2025-07-17\/marktlink-bringt-frischen-wind-in-die-nachfolgeplanung-von-schweizer-kmu\/#primaryimage"},"thumbnailUrl":"https:\/\/www.organisator.ch\/wp-content\/uploads\/2025\/07\/Marktlink_Bild1_ps.jpg","keywords":["KMU","Management","Nachfolge","Schweiz","Unternehmen"],"articleSection":["MANAGEMENT"],"inLanguage":"en-US"},{"@type":"WebPage","@id":"https:\/\/www.organisator.ch\/management\/2025-07-17\/marktlink-bringt-frischen-wind-in-die-nachfolgeplanung-von-schweizer-kmu\/","url":"https:\/\/www.organisator.ch\/management\/2025-07-17\/marktlink-bringt-frischen-wind-in-die-nachfolgeplanung-von-schweizer-kmu\/","name":"Marktlink brings a breath of fresh air to succession planning for Swiss SMEs - Organizer","isPartOf":{"@id":"https:\/\/www.organisator.ch\/#website"},"primaryImageOfPage":{"@id":"https:\/\/www.organisator.ch\/management\/2025-07-17\/marktlink-bringt-frischen-wind-in-die-nachfolgeplanung-von-schweizer-kmu\/#primaryimage"},"image":{"@id":"https:\/\/www.organisator.ch\/management\/2025-07-17\/marktlink-bringt-frischen-wind-in-die-nachfolgeplanung-von-schweizer-kmu\/#primaryimage"},"thumbnailUrl":"https:\/\/www.organisator.ch\/wp-content\/uploads\/2025\/07\/Marktlink_Bild1_ps.jpg","datePublished":"2025-07-17T08:00:17+00:00","description":"With Marc Reinhardt at the helm and a clear focus on small and medium-sized enterprises, Marktlink Switzerland is entering the next phase.","breadcrumb":{"@id":"https:\/\/www.organisator.ch\/management\/2025-07-17\/marktlink-bringt-frischen-wind-in-die-nachfolgeplanung-von-schweizer-kmu\/#breadcrumb"},"inLanguage":"en-US","potentialAction":[{"@type":"ReadAction","target":["https:\/\/www.organisator.ch\/management\/2025-07-17\/marktlink-bringt-frischen-wind-in-die-nachfolgeplanung-von-schweizer-kmu\/"]}]},{"@type":"ImageObject","inLanguage":"en-US","@id":"https:\/\/www.organisator.ch\/management\/2025-07-17\/marktlink-bringt-frischen-wind-in-die-nachfolgeplanung-von-schweizer-kmu\/#primaryimage","url":"https:\/\/www.organisator.ch\/wp-content\/uploads\/2025\/07\/Marktlink_Bild1_ps.jpg","contentUrl":"https:\/\/www.organisator.ch\/wp-content\/uploads\/2025\/07\/Marktlink_Bild1_ps.jpg","width":680,"height":454,"caption":"Seit dem Start von Marktlink in Z\u00fcrich hat Marc bereits mehrere Schweizer Unternehmer erfolgreich in ihrer Nachfolgeplanung begleitet. (Bild: www.marktlink.com)"},{"@type":"BreadcrumbList","@id":"https:\/\/www.organisator.ch\/management\/2025-07-17\/marktlink-bringt-frischen-wind-in-die-nachfolgeplanung-von-schweizer-kmu\/#breadcrumb","itemListElement":[{"@type":"ListItem","position":1,"name":"Home","item":"https:\/\/www.organisator.ch\/"},{"@type":"ListItem","position":2,"name":"Marktlink bringt frischen Wind in die Nachfolgeplanung von Schweizer KMU"}]},{"@type":"WebSite","@id":"https:\/\/www.organisator.ch\/#website","url":"https:\/\/www.organisator.ch\/","name":"Organizer","description":"Competent. Practical. In 10 issues per year, ORGANISATOR presents the essential topics for managers of SMEs.","publisher":{"@id":"https:\/\/www.organisator.ch\/#organization"},"potentialAction":[{"@type":"SearchAction","target":{"@type":"EntryPoint","urlTemplate":"https:\/\/www.organisator.ch\/?s={search_term_string}"},"query-input":{"@type":"PropertyValueSpecification","valueRequired":true,"valueName":"search_term_string"}}],"inLanguage":"en-US"},{"@type":"Organization","@id":"https:\/\/www.organisator.ch\/#organization","name":"Organizer","url":"https:\/\/www.organisator.ch\/","logo":{"@type":"ImageObject","inLanguage":"en-US","@id":"https:\/\/www.organisator.ch\/#\/schema\/logo\/image\/","url":"https:\/\/www.organisator.ch\/wp-content\/uploads\/2022\/01\/Logo_Organisator_Website.png","contentUrl":"https:\/\/www.organisator.ch\/wp-content\/uploads\/2022\/01\/Logo_Organisator_Website.png","width":800,"height":77,"caption":"Organisator"},"image":{"@id":"https:\/\/www.organisator.ch\/#\/schema\/logo\/image\/"},"sameAs":["https:\/\/www.facebook.com\/OrganisatorFachmagazin","https:\/\/www.linkedin.com\/showcase\/organisator-das-magazin-fr-kmu","https:\/\/www.xing.com\/news\/pages\/organisator-ch-695","https:\/\/www.youtube.com\/channel\/UCGP2Sq0iWaZwT3BdIAQFYpw"]},{"@type":"Person","@id":"https:\/\/www.organisator.ch\/#\/schema\/person\/2e1314a2172123f874db408d8911d3f3","name":"Adelisa Kalajdzini","image":{"@type":"ImageObject","inLanguage":"en-US","@id":"https:\/\/secure.gravatar.com\/avatar\/09a397c22ac58cad6f160ee8306348599df9df58a8ede73696226897b9fa4b24?s=96&d=mm&r=g","url":"https:\/\/secure.gravatar.com\/avatar\/09a397c22ac58cad6f160ee8306348599df9df58a8ede73696226897b9fa4b24?s=96&d=mm&r=g","contentUrl":"https:\/\/secure.gravatar.com\/avatar\/09a397c22ac58cad6f160ee8306348599df9df58a8ede73696226897b9fa4b24?s=96&d=mm&r=g","caption":"Adelisa Kalajdzini"},"url":"https:\/\/www.organisator.ch\/en\/author\/adelisa-kalajdzini\/"}]}},"_links":{"self":[{"href":"https:\/\/www.organisator.ch\/en\/wp-json\/wp\/v2\/posts\/39611","targetHints":{"allow":["GET"]}}],"collection":[{"href":"https:\/\/www.organisator.ch\/en\/wp-json\/wp\/v2\/posts"}],"about":[{"href":"https:\/\/www.organisator.ch\/en\/wp-json\/wp\/v2\/types\/post"}],"author":[{"embeddable":true,"href":"https:\/\/www.organisator.ch\/en\/wp-json\/wp\/v2\/users\/58"}],"replies":[{"embeddable":true,"href":"https:\/\/www.organisator.ch\/en\/wp-json\/wp\/v2\/comments?post=39611"}],"version-history":[{"count":5,"href":"https:\/\/www.organisator.ch\/en\/wp-json\/wp\/v2\/posts\/39611\/revisions"}],"predecessor-version":[{"id":39652,"href":"https:\/\/www.organisator.ch\/en\/wp-json\/wp\/v2\/posts\/39611\/revisions\/39652"}],"wp:featuredmedia":[{"embeddable":true,"href":"https:\/\/www.organisator.ch\/en\/wp-json\/wp\/v2\/media\/39613"}],"wp:attachment":[{"href":"https:\/\/www.organisator.ch\/en\/wp-json\/wp\/v2\/media?parent=39611"}],"wp:term":[{"taxonomy":"category","embeddable":true,"href":"https:\/\/www.organisator.ch\/en\/wp-json\/wp\/v2\/categories?post=39611"},{"taxonomy":"post_tag","embeddable":true,"href":"https:\/\/www.organisator.ch\/en\/wp-json\/wp\/v2\/tags?post=39611"}],"curies":[{"name":"wp","href":"https:\/\/api.w.org\/{rel}","templated":true}]}}