{"id":39699,"date":"2025-07-29T13:29:41","date_gmt":"2025-07-29T11:29:41","guid":{"rendered":"https:\/\/www.organisator.ch\/?p=39699"},"modified":"2025-07-29T13:29:41","modified_gmt":"2025-07-29T11:29:41","slug":"personaldienstleister-im-dritten-jahr-im-minus","status":"publish","type":"post","link":"https:\/\/www.organisator.ch\/en\/human-resources\/2025-07-29\/personaldienstleister-im-dritten-jahr-im-minus\/","title":{"rendered":"Personnel service provider in the red for the third year"},"content":{"rendered":"<figure id=\"attachment_39700\" aria-describedby=\"caption-attachment-39700\" style=\"width: 680px\" class=\"wp-caption alignnone\"><img loading=\"lazy\" decoding=\"async\" class=\"size-full wp-image-39700\" src=\"https:\/\/www.organisator.ch\/wp-content\/uploads\/2025\/07\/Personaldienstleister-im-dritten-Jahr-im-Minus_Organisator.jpg\" alt=\"\" width=\"680\" height=\"437\" srcset=\"https:\/\/www.organisator.ch\/wp-content\/uploads\/2025\/07\/Personaldienstleister-im-dritten-Jahr-im-Minus_Organisator.jpg 680w, https:\/\/www.organisator.ch\/wp-content\/uploads\/2025\/07\/Personaldienstleister-im-dritten-Jahr-im-Minus_Organisator-18x12.jpg 18w, https:\/\/www.organisator.ch\/wp-content\/uploads\/2025\/07\/Personaldienstleister-im-dritten-Jahr-im-Minus_Organisator-375x241.jpg 375w, https:\/\/www.organisator.ch\/wp-content\/uploads\/2025\/07\/Personaldienstleister-im-dritten-Jahr-im-Minus_Organisator-545x350.jpg 545w\" sizes=\"auto, (max-width: 680px) 100vw, 680px\" \/><figcaption id=\"caption-attachment-39700\" class=\"wp-caption-text\">According to the latest Swiss Staffingindex, personnel service providers are in the red for the third year in a row. (Image: swissstaffing - Association of Personnel Service Providers in Switzerland)<\/figcaption><\/figure>\n<p>For the third year in a row, personnel service providers closed the first half of the year in the red. The number of hours worked by temporary staff fell by 8.8% in the first half of the year. The permanent placement market slumped by 22.8 percent compared to the previous year. Compared to previous years, the downward trend has accelerated in both submarkets. This is shown by the current Swiss Staffingindex.<\/p>\n<h3>Strongest consolidation phase in decades<\/h3>\n<p>The Swiss economy is growing more slowly than the long-term average. The export industry is particularly affected. US President Donald Trump's tariff policy is clouding growth prospects. As a result, export-oriented companies are holding back on investments and new hires. With a market share of around 28%, the temporary staffing industry is heavily dependent on the development of this sector. Oliver Rechsteiner, CEO of Universal-Job AG, states: \"The temporary and permanent staffing market is in the strongest consolidation phase for decades. Employment agencies are becoming increasingly cautious and selective. In many cases, you can only convince them with top profiles.\" The Global Economic Policy Uncertainty Index from Stanford and Northwestern University measures policy-related economic uncertainty based on media coverage and confirms the uncertainty observed by Rechsteiner: in the second quarter of 2025, the index reached a historic high since measurements began in 1997.<\/p>\n<h3><b>Innovation in response to market downturns<\/b><\/h3>\n<p>The difficult market phase requires recruitment agencies to innovate. The use of artificial intelligence, the streamlining of processes and new approaches to recruitment and sales are helping personnel service providers to survive in a shrinking market. Rechsteiner: \"With artificial intelligence, personnel service providers can completely rethink processes. This leads to speed and quality advantages.\" The focus on innovation is not only key in terms of competition with other personnel service providers. The internal HR departments of many companies are also modernizing. Temporary staffing companies must continue to deepen their specialization in order to maintain a competitive edge over their customers. The combination of necessary investments and the simultaneous decline in the market presents personnel service providers with a difficult challenge. At the same time, new technologies offer a good basis for successfully introducing innovations.<\/p>\n<h3><b>Outlook for the financial year<\/b><\/h3>\n<p>The outlook for the future remains cautious. The growth prospects for the current and coming year were recently revised downwards by the State Secretariat for Economic Affairs. This means that the cooling trend is likely to continue. One ray of hope is the domestic economy. Rising demand for housing and the latest interest rate cut by the Swiss National Bank suggest that construction activity will increase. With a market share of 21%, the construction sector is the second most important sales market for the temporary staffing industry. Positive impetus from this sector is unlikely to turn the market trend positive in the current year, but it will slow down the downturn.<\/p>\n<p><em>Source: <a class=\"uri-ext outbound\" href=\"https:\/\/www.swissstaffing.ch\/\" target=\"_blank\" rel=\"noopener\">www.swissstaffing.ch<\/a><\/em><\/p>","protected":false},"excerpt":{"rendered":"<p>The economic slowdown is weighing on the temporary and permanent staffing market. The majority of personnel service providers are therefore drawing a negative balance for the first half of the year. The increased economic uncertainty in particular is weighing on investments and the labor market.<\/p>","protected":false},"author":4,"featured_media":39700,"comment_status":"closed","ping_status":"closed","sticky":false,"template":"","format":"standard","meta":{"_acf_changed":false,"_yoast_wpseo_focuskw":"Personaldienstleister","_yoast_wpseo_metadesc":"Der Grossteil der Personaldienstleister zieht einmal mehr eine negative Halbjahresbilanz. Dies zeigt der aktuelle Swiss Staffingindex.","articlekey":"","footnotes":""},"categories":[579],"tags":[254,3544,5334,3745],"class_list":["post-39699","post","type-post","status-publish","format-standard","has-post-thumbnail","hentry","category-human-resources","tag-hrm","tag-personaldienstleistungen","tag-swissstaffing","tag-temporaerarbeit"],"acf":[],"yoast_head":"<!-- This site is optimized with the Yoast SEO plugin v27.5 - https:\/\/yoast.com\/product\/yoast-seo-wordpress\/ -->\n<title>Personaldienstleister im dritten Jahr im Minus - Organisator<\/title>\n<meta name=\"description\" content=\"Der Grossteil der Personaldienstleister zieht einmal mehr eine negative Halbjahresbilanz. Dies zeigt der aktuelle Swiss Staffingindex.\" \/>\n<meta name=\"robots\" content=\"index, follow, max-snippet:-1, max-image-preview:large, max-video-preview:-1\" \/>\n<link rel=\"canonical\" href=\"https:\/\/www.organisator.ch\/en\/human-resources\/2025-07-29\/personaldienstleister-im-dritten-jahr-im-minus\/\" \/>\n<meta property=\"og:locale\" content=\"en_US\" \/>\n<meta property=\"og:type\" content=\"article\" \/>\n<meta property=\"og:title\" content=\"Personaldienstleister im dritten Jahr im Minus\" \/>\n<meta property=\"og:description\" content=\"Der Grossteil der Personaldienstleister zieht einmal mehr eine negative Halbjahresbilanz. Dies zeigt der aktuelle Swiss Staffingindex.\" \/>\n<meta property=\"og:url\" content=\"https:\/\/www.organisator.ch\/en\/human-resources\/2025-07-29\/personaldienstleister-im-dritten-jahr-im-minus\/\" \/>\n<meta property=\"og:site_name\" content=\"Organisator\" \/>\n<meta property=\"article:publisher\" content=\"https:\/\/www.facebook.com\/OrganisatorFachmagazin\" \/>\n<meta property=\"article:published_time\" content=\"2025-07-29T11:29:41+00:00\" \/>\n<meta property=\"og:image\" content=\"https:\/\/www.organisator.ch\/wp-content\/uploads\/2025\/07\/Personaldienstleister-im-dritten-Jahr-im-Minus_Organisator.jpg\" \/>\n\t<meta property=\"og:image:width\" content=\"680\" \/>\n\t<meta property=\"og:image:height\" content=\"437\" \/>\n\t<meta property=\"og:image:type\" content=\"image\/jpeg\" \/>\n<meta name=\"author\" content=\"thomas.berner\" \/>\n<meta name=\"twitter:card\" content=\"summary_large_image\" \/>\n<meta name=\"twitter:title\" content=\"#Personaldienstleister im dritten Jahr im #Minus\" \/>\n<meta name=\"twitter:description\" content=\"Der Grossteil der #Personaldienstleister zieht einmal mehr eine negative #Halbjahresbilanz. Dies zeigt der aktuelle Swiss #Staffingindex.\" \/>\n<meta name=\"twitter:image\" content=\"https:\/\/www.organisator.ch\/wp-content\/uploads\/2025\/07\/Personaldienstleister-im-dritten-Jahr-im-Minus_Organisator.jpg\" \/>\n<script type=\"application\/ld+json\" class=\"yoast-schema-graph\">{\"@context\":\"https:\\\/\\\/schema.org\",\"@graph\":[{\"@type\":\"Article\",\"@id\":\"https:\\\/\\\/www.organisator.ch\\\/human-resources\\\/2025-07-29\\\/personaldienstleister-im-dritten-jahr-im-minus\\\/#article\",\"isPartOf\":{\"@id\":\"https:\\\/\\\/www.organisator.ch\\\/human-resources\\\/2025-07-29\\\/personaldienstleister-im-dritten-jahr-im-minus\\\/\"},\"author\":{\"name\":\"thomas.berner\",\"@id\":\"https:\\\/\\\/www.organisator.ch\\\/#\\\/schema\\\/person\\\/6f650f90b2842cd4c0cc334b4e36f67e\"},\"headline\":\"Personaldienstleister im dritten Jahr im Minus\",\"datePublished\":\"2025-07-29T11:29:41+00:00\",\"mainEntityOfPage\":{\"@id\":\"https:\\\/\\\/www.organisator.ch\\\/human-resources\\\/2025-07-29\\\/personaldienstleister-im-dritten-jahr-im-minus\\\/\"},\"wordCount\":473,\"publisher\":{\"@id\":\"https:\\\/\\\/www.organisator.ch\\\/#organization\"},\"image\":{\"@id\":\"https:\\\/\\\/www.organisator.ch\\\/human-resources\\\/2025-07-29\\\/personaldienstleister-im-dritten-jahr-im-minus\\\/#primaryimage\"},\"thumbnailUrl\":\"https:\\\/\\\/www.organisator.ch\\\/wp-content\\\/uploads\\\/2025\\\/07\\\/Personaldienstleister-im-dritten-Jahr-im-Minus_Organisator.jpg\",\"keywords\":[\"HRM\",\"Personaldienstleistungen\",\"Swissstaffing\",\"Tempor\u00e4rarbeit\"],\"articleSection\":[\"HUMAN RESOURCES\"],\"inLanguage\":\"en-US\"},{\"@type\":\"WebPage\",\"@id\":\"https:\\\/\\\/www.organisator.ch\\\/human-resources\\\/2025-07-29\\\/personaldienstleister-im-dritten-jahr-im-minus\\\/\",\"url\":\"https:\\\/\\\/www.organisator.ch\\\/human-resources\\\/2025-07-29\\\/personaldienstleister-im-dritten-jahr-im-minus\\\/\",\"name\":\"Personaldienstleister im dritten Jahr im Minus - Organisator\",\"isPartOf\":{\"@id\":\"https:\\\/\\\/www.organisator.ch\\\/#website\"},\"primaryImageOfPage\":{\"@id\":\"https:\\\/\\\/www.organisator.ch\\\/human-resources\\\/2025-07-29\\\/personaldienstleister-im-dritten-jahr-im-minus\\\/#primaryimage\"},\"image\":{\"@id\":\"https:\\\/\\\/www.organisator.ch\\\/human-resources\\\/2025-07-29\\\/personaldienstleister-im-dritten-jahr-im-minus\\\/#primaryimage\"},\"thumbnailUrl\":\"https:\\\/\\\/www.organisator.ch\\\/wp-content\\\/uploads\\\/2025\\\/07\\\/Personaldienstleister-im-dritten-Jahr-im-Minus_Organisator.jpg\",\"datePublished\":\"2025-07-29T11:29:41+00:00\",\"description\":\"Der Grossteil der Personaldienstleister zieht einmal mehr eine negative Halbjahresbilanz. Dies zeigt der aktuelle Swiss Staffingindex.\",\"breadcrumb\":{\"@id\":\"https:\\\/\\\/www.organisator.ch\\\/human-resources\\\/2025-07-29\\\/personaldienstleister-im-dritten-jahr-im-minus\\\/#breadcrumb\"},\"inLanguage\":\"en-US\",\"potentialAction\":[{\"@type\":\"ReadAction\",\"target\":[\"https:\\\/\\\/www.organisator.ch\\\/human-resources\\\/2025-07-29\\\/personaldienstleister-im-dritten-jahr-im-minus\\\/\"]}]},{\"@type\":\"ImageObject\",\"inLanguage\":\"en-US\",\"@id\":\"https:\\\/\\\/www.organisator.ch\\\/human-resources\\\/2025-07-29\\\/personaldienstleister-im-dritten-jahr-im-minus\\\/#primaryimage\",\"url\":\"https:\\\/\\\/www.organisator.ch\\\/wp-content\\\/uploads\\\/2025\\\/07\\\/Personaldienstleister-im-dritten-Jahr-im-Minus_Organisator.jpg\",\"contentUrl\":\"https:\\\/\\\/www.organisator.ch\\\/wp-content\\\/uploads\\\/2025\\\/07\\\/Personaldienstleister-im-dritten-Jahr-im-Minus_Organisator.jpg\",\"width\":680,\"height\":437,\"caption\":\"Gem\u00e4ss aktuellem Swiss Staffingindex befinden sich Personaldienstleister im dritten Jahr im Minus. (Bild: swissstaffing - Verband der Personaldienstleister der Schweiz)\"},{\"@type\":\"BreadcrumbList\",\"@id\":\"https:\\\/\\\/www.organisator.ch\\\/human-resources\\\/2025-07-29\\\/personaldienstleister-im-dritten-jahr-im-minus\\\/#breadcrumb\",\"itemListElement\":[{\"@type\":\"ListItem\",\"position\":1,\"name\":\"Home\",\"item\":\"https:\\\/\\\/www.organisator.ch\\\/\"},{\"@type\":\"ListItem\",\"position\":2,\"name\":\"Personaldienstleister im dritten Jahr im Minus\"}]},{\"@type\":\"WebSite\",\"@id\":\"https:\\\/\\\/www.organisator.ch\\\/#website\",\"url\":\"https:\\\/\\\/www.organisator.ch\\\/\",\"name\":\"Organisator\",\"description\":\"Kompetent. Praxisnah. Der ORGANISATOR bereitet in 10 Ausgaben pro Jahr die wesentlichen Themen f\u00fcr F\u00fchrungskr\u00e4fte von KMU auf.\",\"publisher\":{\"@id\":\"https:\\\/\\\/www.organisator.ch\\\/#organization\"},\"potentialAction\":[{\"@type\":\"SearchAction\",\"target\":{\"@type\":\"EntryPoint\",\"urlTemplate\":\"https:\\\/\\\/www.organisator.ch\\\/?s={search_term_string}\"},\"query-input\":{\"@type\":\"PropertyValueSpecification\",\"valueRequired\":true,\"valueName\":\"search_term_string\"}}],\"inLanguage\":\"en-US\"},{\"@type\":\"Organization\",\"@id\":\"https:\\\/\\\/www.organisator.ch\\\/#organization\",\"name\":\"Organisator\",\"url\":\"https:\\\/\\\/www.organisator.ch\\\/\",\"logo\":{\"@type\":\"ImageObject\",\"inLanguage\":\"en-US\",\"@id\":\"https:\\\/\\\/www.organisator.ch\\\/#\\\/schema\\\/logo\\\/image\\\/\",\"url\":\"https:\\\/\\\/www.organisator.ch\\\/wp-content\\\/uploads\\\/2022\\\/01\\\/Logo_Organisator_Website.png\",\"contentUrl\":\"https:\\\/\\\/www.organisator.ch\\\/wp-content\\\/uploads\\\/2022\\\/01\\\/Logo_Organisator_Website.png\",\"width\":800,\"height\":77,\"caption\":\"Organisator\"},\"image\":{\"@id\":\"https:\\\/\\\/www.organisator.ch\\\/#\\\/schema\\\/logo\\\/image\\\/\"},\"sameAs\":[\"https:\\\/\\\/www.facebook.com\\\/OrganisatorFachmagazin\",\"https:\\\/\\\/www.linkedin.com\\\/showcase\\\/organisator-das-magazin-fr-kmu\",\"https:\\\/\\\/www.xing.com\\\/news\\\/pages\\\/organisator-ch-695\",\"https:\\\/\\\/www.youtube.com\\\/channel\\\/UCGP2Sq0iWaZwT3BdIAQFYpw\"]},{\"@type\":\"Person\",\"@id\":\"https:\\\/\\\/www.organisator.ch\\\/#\\\/schema\\\/person\\\/6f650f90b2842cd4c0cc334b4e36f67e\",\"name\":\"thomas.berner\",\"image\":{\"@type\":\"ImageObject\",\"inLanguage\":\"en-US\",\"@id\":\"https:\\\/\\\/secure.gravatar.com\\\/avatar\\\/ac5001d2a36cb6c6cd3e50789007ffca834b477b74a2144564522e944eabff61?s=96&d=mm&r=g\",\"url\":\"https:\\\/\\\/secure.gravatar.com\\\/avatar\\\/ac5001d2a36cb6c6cd3e50789007ffca834b477b74a2144564522e944eabff61?s=96&d=mm&r=g\",\"contentUrl\":\"https:\\\/\\\/secure.gravatar.com\\\/avatar\\\/ac5001d2a36cb6c6cd3e50789007ffca834b477b74a2144564522e944eabff61?s=96&d=mm&r=g\",\"caption\":\"thomas.berner\"},\"url\":\"https:\\\/\\\/www.organisator.ch\\\/en\\\/author\\\/thomas-berner\\\/\"}]}<\/script>\n<!-- \/ Yoast SEO plugin. -->","yoast_head_json":{"title":"Personnel service provider in the red for the third year - Organizer","description":"The majority of personnel service providers are once again reporting negative half-year results. This is shown by the latest Swiss Staffingindex.","robots":{"index":"index","follow":"follow","max-snippet":"max-snippet:-1","max-image-preview":"max-image-preview:large","max-video-preview":"max-video-preview:-1"},"canonical":"https:\/\/www.organisator.ch\/en\/human-resources\/2025-07-29\/personaldienstleister-im-dritten-jahr-im-minus\/","og_locale":"en_US","og_type":"article","og_title":"Personaldienstleister im dritten Jahr im Minus","og_description":"Der Grossteil der Personaldienstleister zieht einmal mehr eine negative Halbjahresbilanz. Dies zeigt der aktuelle Swiss Staffingindex.","og_url":"https:\/\/www.organisator.ch\/en\/human-resources\/2025-07-29\/personaldienstleister-im-dritten-jahr-im-minus\/","og_site_name":"Organisator","article_publisher":"https:\/\/www.facebook.com\/OrganisatorFachmagazin","article_published_time":"2025-07-29T11:29:41+00:00","og_image":[{"width":680,"height":437,"url":"https:\/\/www.organisator.ch\/wp-content\/uploads\/2025\/07\/Personaldienstleister-im-dritten-Jahr-im-Minus_Organisator.jpg","type":"image\/jpeg"}],"author":"thomas.berner","twitter_card":"summary_large_image","twitter_title":"#Personaldienstleister im dritten Jahr im #Minus","twitter_description":"Der Grossteil der #Personaldienstleister zieht einmal mehr eine negative #Halbjahresbilanz. Dies zeigt der aktuelle Swiss #Staffingindex.","twitter_image":"https:\/\/www.organisator.ch\/wp-content\/uploads\/2025\/07\/Personaldienstleister-im-dritten-Jahr-im-Minus_Organisator.jpg","schema":{"@context":"https:\/\/schema.org","@graph":[{"@type":"Article","@id":"https:\/\/www.organisator.ch\/human-resources\/2025-07-29\/personaldienstleister-im-dritten-jahr-im-minus\/#article","isPartOf":{"@id":"https:\/\/www.organisator.ch\/human-resources\/2025-07-29\/personaldienstleister-im-dritten-jahr-im-minus\/"},"author":{"name":"thomas.berner","@id":"https:\/\/www.organisator.ch\/#\/schema\/person\/6f650f90b2842cd4c0cc334b4e36f67e"},"headline":"Personaldienstleister im dritten Jahr im Minus","datePublished":"2025-07-29T11:29:41+00:00","mainEntityOfPage":{"@id":"https:\/\/www.organisator.ch\/human-resources\/2025-07-29\/personaldienstleister-im-dritten-jahr-im-minus\/"},"wordCount":473,"publisher":{"@id":"https:\/\/www.organisator.ch\/#organization"},"image":{"@id":"https:\/\/www.organisator.ch\/human-resources\/2025-07-29\/personaldienstleister-im-dritten-jahr-im-minus\/#primaryimage"},"thumbnailUrl":"https:\/\/www.organisator.ch\/wp-content\/uploads\/2025\/07\/Personaldienstleister-im-dritten-Jahr-im-Minus_Organisator.jpg","keywords":["HRM","Personaldienstleistungen","Swissstaffing","Tempor\u00e4rarbeit"],"articleSection":["HUMAN RESOURCES"],"inLanguage":"en-US"},{"@type":"WebPage","@id":"https:\/\/www.organisator.ch\/human-resources\/2025-07-29\/personaldienstleister-im-dritten-jahr-im-minus\/","url":"https:\/\/www.organisator.ch\/human-resources\/2025-07-29\/personaldienstleister-im-dritten-jahr-im-minus\/","name":"Personnel service provider in the red for the third year - Organizer","isPartOf":{"@id":"https:\/\/www.organisator.ch\/#website"},"primaryImageOfPage":{"@id":"https:\/\/www.organisator.ch\/human-resources\/2025-07-29\/personaldienstleister-im-dritten-jahr-im-minus\/#primaryimage"},"image":{"@id":"https:\/\/www.organisator.ch\/human-resources\/2025-07-29\/personaldienstleister-im-dritten-jahr-im-minus\/#primaryimage"},"thumbnailUrl":"https:\/\/www.organisator.ch\/wp-content\/uploads\/2025\/07\/Personaldienstleister-im-dritten-Jahr-im-Minus_Organisator.jpg","datePublished":"2025-07-29T11:29:41+00:00","description":"The majority of personnel service providers are once again reporting negative half-year results. This is shown by the latest Swiss Staffingindex.","breadcrumb":{"@id":"https:\/\/www.organisator.ch\/human-resources\/2025-07-29\/personaldienstleister-im-dritten-jahr-im-minus\/#breadcrumb"},"inLanguage":"en-US","potentialAction":[{"@type":"ReadAction","target":["https:\/\/www.organisator.ch\/human-resources\/2025-07-29\/personaldienstleister-im-dritten-jahr-im-minus\/"]}]},{"@type":"ImageObject","inLanguage":"en-US","@id":"https:\/\/www.organisator.ch\/human-resources\/2025-07-29\/personaldienstleister-im-dritten-jahr-im-minus\/#primaryimage","url":"https:\/\/www.organisator.ch\/wp-content\/uploads\/2025\/07\/Personaldienstleister-im-dritten-Jahr-im-Minus_Organisator.jpg","contentUrl":"https:\/\/www.organisator.ch\/wp-content\/uploads\/2025\/07\/Personaldienstleister-im-dritten-Jahr-im-Minus_Organisator.jpg","width":680,"height":437,"caption":"Gem\u00e4ss aktuellem Swiss Staffingindex befinden sich Personaldienstleister im dritten Jahr im Minus. (Bild: swissstaffing - Verband der Personaldienstleister der Schweiz)"},{"@type":"BreadcrumbList","@id":"https:\/\/www.organisator.ch\/human-resources\/2025-07-29\/personaldienstleister-im-dritten-jahr-im-minus\/#breadcrumb","itemListElement":[{"@type":"ListItem","position":1,"name":"Home","item":"https:\/\/www.organisator.ch\/"},{"@type":"ListItem","position":2,"name":"Personaldienstleister im dritten Jahr im Minus"}]},{"@type":"WebSite","@id":"https:\/\/www.organisator.ch\/#website","url":"https:\/\/www.organisator.ch\/","name":"Organizer","description":"Competent. Practical. In 10 issues per year, ORGANISATOR presents the essential topics for managers of SMEs.","publisher":{"@id":"https:\/\/www.organisator.ch\/#organization"},"potentialAction":[{"@type":"SearchAction","target":{"@type":"EntryPoint","urlTemplate":"https:\/\/www.organisator.ch\/?s={search_term_string}"},"query-input":{"@type":"PropertyValueSpecification","valueRequired":true,"valueName":"search_term_string"}}],"inLanguage":"en-US"},{"@type":"Organization","@id":"https:\/\/www.organisator.ch\/#organization","name":"Organizer","url":"https:\/\/www.organisator.ch\/","logo":{"@type":"ImageObject","inLanguage":"en-US","@id":"https:\/\/www.organisator.ch\/#\/schema\/logo\/image\/","url":"https:\/\/www.organisator.ch\/wp-content\/uploads\/2022\/01\/Logo_Organisator_Website.png","contentUrl":"https:\/\/www.organisator.ch\/wp-content\/uploads\/2022\/01\/Logo_Organisator_Website.png","width":800,"height":77,"caption":"Organisator"},"image":{"@id":"https:\/\/www.organisator.ch\/#\/schema\/logo\/image\/"},"sameAs":["https:\/\/www.facebook.com\/OrganisatorFachmagazin","https:\/\/www.linkedin.com\/showcase\/organisator-das-magazin-fr-kmu","https:\/\/www.xing.com\/news\/pages\/organisator-ch-695","https:\/\/www.youtube.com\/channel\/UCGP2Sq0iWaZwT3BdIAQFYpw"]},{"@type":"Person","@id":"https:\/\/www.organisator.ch\/#\/schema\/person\/6f650f90b2842cd4c0cc334b4e36f67e","name":"thomas.berner","image":{"@type":"ImageObject","inLanguage":"en-US","@id":"https:\/\/secure.gravatar.com\/avatar\/ac5001d2a36cb6c6cd3e50789007ffca834b477b74a2144564522e944eabff61?s=96&d=mm&r=g","url":"https:\/\/secure.gravatar.com\/avatar\/ac5001d2a36cb6c6cd3e50789007ffca834b477b74a2144564522e944eabff61?s=96&d=mm&r=g","contentUrl":"https:\/\/secure.gravatar.com\/avatar\/ac5001d2a36cb6c6cd3e50789007ffca834b477b74a2144564522e944eabff61?s=96&d=mm&r=g","caption":"thomas.berner"},"url":"https:\/\/www.organisator.ch\/en\/author\/thomas-berner\/"}]}},"_links":{"self":[{"href":"https:\/\/www.organisator.ch\/en\/wp-json\/wp\/v2\/posts\/39699","targetHints":{"allow":["GET"]}}],"collection":[{"href":"https:\/\/www.organisator.ch\/en\/wp-json\/wp\/v2\/posts"}],"about":[{"href":"https:\/\/www.organisator.ch\/en\/wp-json\/wp\/v2\/types\/post"}],"author":[{"embeddable":true,"href":"https:\/\/www.organisator.ch\/en\/wp-json\/wp\/v2\/users\/4"}],"replies":[{"embeddable":true,"href":"https:\/\/www.organisator.ch\/en\/wp-json\/wp\/v2\/comments?post=39699"}],"version-history":[{"count":3,"href":"https:\/\/www.organisator.ch\/en\/wp-json\/wp\/v2\/posts\/39699\/revisions"}],"predecessor-version":[{"id":39737,"href":"https:\/\/www.organisator.ch\/en\/wp-json\/wp\/v2\/posts\/39699\/revisions\/39737"}],"wp:featuredmedia":[{"embeddable":true,"href":"https:\/\/www.organisator.ch\/en\/wp-json\/wp\/v2\/media\/39700"}],"wp:attachment":[{"href":"https:\/\/www.organisator.ch\/en\/wp-json\/wp\/v2\/media?parent=39699"}],"wp:term":[{"taxonomy":"category","embeddable":true,"href":"https:\/\/www.organisator.ch\/en\/wp-json\/wp\/v2\/categories?post=39699"},{"taxonomy":"post_tag","embeddable":true,"href":"https:\/\/www.organisator.ch\/en\/wp-json\/wp\/v2\/tags?post=39699"}],"curies":[{"name":"wp","href":"https:\/\/api.w.org\/{rel}","templated":true}]}}